{"id":3620,"date":"2015-06-07T20:00:00","date_gmt":"2015-06-07T18:00:00","guid":{"rendered":"https:\/\/www.srovnator.cz\/clanky\/ostatni\/behame-nejen-pro-radost-ale-i-pro-dobrou-vec\/"},"modified":"2024-06-24T08:07:29","modified_gmt":"2024-06-24T06:07:29","slug":"behame-nejen-pro-radost-ale-i-pro-dobrou-vec","status":"publish","type":"post","link":"https:\/\/www.srovnator.cz\/clanky\/behame-pro-radost-i-pro-dobro\/","title":{"rendered":"B\u011bh\u00e1me nejen pro radost, ale i pro dobrou v\u011bc"},"content":{"rendered":"<p><strong>Jednu kr\u00e1snou ned\u011bli se p\u00e1r na\u0161ich zdatn\u00fdch zam\u011bstnanc\u016f z\u00fa\u010dastnilo charitativn\u00edho b\u011bhu pro Nadaci Olgy Havlov\u00e9. Akci na Libereck\u00e9 p\u0159ehrad\u011b po\u0159\u00e1dala organizace ESN Liberec, kter\u00e9 pat\u0159\u00ed velk\u00e9 d\u00edky za skv\u011blou atmosf\u00e9ru a z\u00e1bavu.<\/strong><\/p>\n<img decoding=\"async\" width=\"770\" height=\"289\" src=\"https:\/\/storage.googleapis.com\/wp-resources\/srovnator.cz\/ng\/2022\/06\/b3790a17-behame-pro-radost-i-pro-dobro-770x289.jpg\" class=\" wp-post-image wp-stateless-item\" alt=\"B\u011bh\u00e1me nejen pro radost, ale i pro dobrou v\u011bc\" title=\"B\u011bh\u00e1me nejen pro radost, ale i pro dobrou v\u011bc\" srcset=\"https:\/\/storage.googleapis.com\/wp-resources\/srovnator.cz\/ng\/2022\/06\/b3790a17-behame-pro-radost-i-pro-dobro-770x289.jpg 770w, https:\/\/storage.googleapis.com\/wp-resources\/srovnator.cz\/ng\/2022\/06\/b3790a17-behame-pro-radost-i-pro-dobro.jpg 800w\" sizes=\"(max-width: 770px) 100vw, 770px\" data-image-size=\"medium\" data-stateless-media-bucket=\"wp-resources\" data-stateless-media-name=\"srovnator.cz\/ng\/2022\/06\/b3790a17-behame-pro-radost-i-pro-dobro.jpg\" \/>\n<p>V\u00a0r\u00e1mci 2. ro\u010dn\u00edku charitativn\u00edho b\u011bhu pro Nadaci Olgy Havlov\u00e9 \u201eB\u011b\u017e\u00edm, co m\u016f\u017eu \u2013 pom\u016f\u017eu!\u201c jsme podpo\u0159ili Ondru Vesel\u00e9ho z Liberce, kter\u00fd pot\u0159ebuje invalidn\u00ed voz\u00edk. D\u00edky t\u00e9to akci se vybralo kr\u00e1sn\u00fdch 27.149 korun.<\/p>\n<h2>Dojmy na\u0161ich b\u011b\u017ec\u016f \u2013 v\u00edce takov\u00fdch akc\u00ed<\/h2>\n<p><em>\u201eBylo to p\u0159\u00edjemn\u011b str\u00e1ven\u00e9 odpoledne. Je fajn d\u011blat n\u011bco, co m\u011b bav\u00ed a je\u0161t\u011b u toho n\u011bkomu pom\u00e1hat.\u201c<\/em><\/p>\n<p style=\"text-align: right;\">Bar\u010da Bukvicov\u00e1, mana\u017eerka pro komunikaci se z\u00e1kazn\u00edkem<\/p>\n<p><em>\u201eI p\u0159es men\u0161\u00ed nachlazen\u00ed jsem si nemohla nechat tuto akci uj\u00edt. B\u011bh\u00e1m r\u00e1da a je\u0161t\u011b rad\u011bji b\u011bh\u00e1m, kdy\u017e to m\u00e1 hlub\u0161\u00ed smysl. V\u00edce takov\u00fdch akc\u00ed.\u201c<\/em><\/p>\n<p style=\"text-align: right;\">Kam\u010da Bittnerov\u00e1, copywriter<\/p>\n<p><em>\u201eCel\u00e9 odpoledne i b\u011bh jsem si skv\u011ble u\u017eil. P\u0159\u00edjemn\u011b jsem se prob\u011bhl, tro\u0161ku zaz\u00e1vodil, potkal se s mil\u00fdmi lidmi a podpo\u0159il dobrou v\u011bc.\u201c<\/em><\/p>\n<p style=\"text-align: right;\">Anton\u00edn J\u00edlek, jednatel<\/p>\n<h2>Diskuse k \u010dl\u00e1nku. V\u00e1\u0161 n\u00e1zor n\u00e1s zaj\u00edm\u00e1!<\/h2>\n","protected":false},"excerpt":{"rendered":"<p>Jednu kr\u00e1snou ned\u011bli se p\u00e1r na\u0161ich zdatn\u00fdch zam\u011bstnanc\u016f z\u00fa\u010dastnilo charitativn\u00edho b\u011bhu pro Nadaci Olgy Havlov\u00e9. Akci na Libereck\u00e9 p\u0159ehrad\u011b po\u0159\u00e1dala organizace ESN Liberec, kter\u00e9 pat\u0159\u00ed velk\u00e9 d\u00edky za skv\u011blou atmosf\u00e9ru a z\u00e1bavu.<\/p>\n","protected":false},"author":7,"featured_media":3621,"comment_status":"closed","ping_status":"closed","sticky":false,"template":"","format":"standard","meta":{"_acf_changed":false,"footnotes":""},"categories":[1],"tags":[376,559,560],"class_list":["post-3620","post","type-post","status-publish","format-standard","has-post-thumbnail","hentry","category-ostatni","tag-akce","tag-liberec","tag-nadace"],"acf":{"znacka":"","model":"","objem":"","vyrobeno":"","vykon":"","velikost_1":"","velikost_2":"","velikost_3":"","velikost_4":"","roky":"","roky_velikost_1":"","roky_velikost_2":"","roky_velikost_3":"","roky_velikost_4":"","pocet_kalkulaci":0,"page_post_meta_bread":"B\u011bh\u00e1me nejen pro radost, ale i pro dobrou v\u011bc","page_post_meta_bread_child":"","page_post_meta_script_head":"","page_post_meta_leaving_screen":"cat"},"yoast_head":"<!-- This site is optimized with the Yoast SEO plugin v25.5 - https:\/\/yoast.com\/wordpress\/plugins\/seo\/ -->\n<title>B\u011bh\u00e1me nejen pro radost, ale i pro dobrou v\u011bc - Srovn\u00e1tor.cz<\/title>\n<meta name=\"description\" content=\"Jednu kr\u00e1snou ned\u011bli se p\u00e1r na\u0161ich zdatn\u00fdch zam\u011bstnanc\u016f z\u00fa\u010dastnilo charitativn\u00edho b\u011bhu pro Nadaci Olgy Havlov\u00e9.\" \/>\n<meta name=\"robots\" content=\"index, follow, max-snippet:-1, max-image-preview:large, max-video-preview:-1\" \/>\n<link rel=\"canonical\" href=\"https:\/\/www.srovnator.cz\/clanky\/behame-pro-radost-i-pro-dobro\/\" \/>\n<meta property=\"og:locale\" content=\"cs_CZ\" \/>\n<meta property=\"og:type\" content=\"article\" \/>\n<meta property=\"og:title\" content=\"B\u011bh\u00e1me nejen pro radost, ale i pro dobrou v\u011bc - Srovn\u00e1tor.cz\" \/>\n<meta property=\"og:description\" content=\"Jednu kr\u00e1snou ned\u011bli se p\u00e1r na\u0161ich zdatn\u00fdch zam\u011bstnanc\u016f z\u00fa\u010dastnilo charitativn\u00edho b\u011bhu pro Nadaci Olgy Havlov\u00e9.\" \/>\n<meta property=\"og:url\" content=\"https:\/\/www.srovnator.cz\/clanky\/behame-pro-radost-i-pro-dobro\/\" \/>\n<meta property=\"og:site_name\" content=\"Srovn\u00e1tor.cz\" \/>\n<meta property=\"article:publisher\" content=\"https:\/\/www.facebook.com\/srovnator\/\" \/>\n<meta property=\"article:published_time\" content=\"2015-06-07T18:00:00+00:00\" \/>\n<meta property=\"article:modified_time\" content=\"2024-06-24T06:07:29+00:00\" \/>\n<meta property=\"og:image\" content=\"https:\/\/storage.googleapis.com\/wp-resources\/srovnator.cz\/ng\/2022\/06\/b3790a17-behame-pro-radost-i-pro-dobro.jpg\" \/>\n\t<meta property=\"og:image:width\" content=\"800\" \/>\n\t<meta property=\"og:image:height\" content=\"300\" \/>\n\t<meta property=\"og:image:type\" content=\"image\/jpeg\" \/>\n<meta name=\"author\" content=\"Martin Straka\" \/>\n<meta name=\"twitter:card\" content=\"summary_large_image\" \/>\n<meta name=\"twitter:creator\" content=\"@Srovnator_czech\" \/>\n<meta name=\"twitter:site\" content=\"@Srovnator_czech\" \/>\n<meta name=\"twitter:label1\" content=\"Written by\" \/>\n\t<meta name=\"twitter:data1\" content=\"Martin Straka\" \/>\n\t<meta name=\"twitter:label2\" content=\"Est. reading time\" \/>\n\t<meta name=\"twitter:data2\" content=\"1 minute\" \/>\n<script type=\"application\/ld+json\" class=\"yoast-schema-graph\">{\"@context\":\"https:\/\/schema.org\",\"@graph\":[{\"@type\":\"WebPage\",\"@id\":\"https:\/\/www.srovnator.cz\/clanky\/behame-pro-radost-i-pro-dobro\/\",\"url\":\"https:\/\/www.srovnator.cz\/clanky\/behame-pro-radost-i-pro-dobro\/\",\"name\":\"B\u011bh\u00e1me nejen pro radost, ale i pro dobrou v\u011bc - Srovn\u00e1tor.cz\",\"isPartOf\":{\"@id\":\"https:\/\/www.srovnator.cz\/#website\"},\"primaryImageOfPage\":{\"@id\":\"https:\/\/www.srovnator.cz\/clanky\/behame-pro-radost-i-pro-dobro\/#primaryimage\"},\"image\":{\"@id\":\"https:\/\/www.srovnator.cz\/clanky\/behame-pro-radost-i-pro-dobro\/#primaryimage\"},\"thumbnailUrl\":\"https:\/\/storage.googleapis.com\/wp-resources\/srovnator.cz\/ng\/2022\/06\/b3790a17-behame-pro-radost-i-pro-dobro.jpg\",\"datePublished\":\"2015-06-07T18:00:00+00:00\",\"dateModified\":\"2024-06-24T06:07:29+00:00\",\"author\":{\"@id\":\"https:\/\/www.srovnator.cz\/#\/schema\/person\/f2be3ec81eda7dd06cf658cc9aa974ff\"},\"description\":\"Jednu kr\u00e1snou ned\u011bli se p\u00e1r na\u0161ich zdatn\u00fdch zam\u011bstnanc\u016f z\u00fa\u010dastnilo charitativn\u00edho b\u011bhu pro Nadaci Olgy Havlov\u00e9.\",\"inLanguage\":\"cs-CZ\",\"potentialAction\":[{\"@type\":\"ReadAction\",\"target\":[\"https:\/\/www.srovnator.cz\/clanky\/behame-pro-radost-i-pro-dobro\/\"]}]},{\"@type\":\"ImageObject\",\"inLanguage\":\"cs-CZ\",\"@id\":\"https:\/\/www.srovnator.cz\/clanky\/behame-pro-radost-i-pro-dobro\/#primaryimage\",\"url\":\"https:\/\/storage.googleapis.com\/wp-resources\/srovnator.cz\/ng\/2022\/06\/b3790a17-behame-pro-radost-i-pro-dobro.jpg\",\"contentUrl\":\"https:\/\/storage.googleapis.com\/wp-resources\/srovnator.cz\/ng\/2022\/06\/b3790a17-behame-pro-radost-i-pro-dobro.jpg\",\"width\":800,\"height\":300,\"caption\":\"B\u011bh\u00e1me nejen pro radost, ale i pro dobrou v\u011bc\"},{\"@type\":\"WebSite\",\"@id\":\"https:\/\/www.srovnator.cz\/#website\",\"url\":\"https:\/\/www.srovnator.cz\/\",\"name\":\"Srovn\u00e1tor.cz\",\"description\":\"\",\"potentialAction\":[{\"@type\":\"SearchAction\",\"target\":{\"@type\":\"EntryPoint\",\"urlTemplate\":\"https:\/\/www.srovnator.cz\/?s={search_term_string}\"},\"query-input\":{\"@type\":\"PropertyValueSpecification\",\"valueRequired\":true,\"valueName\":\"search_term_string\"}}],\"inLanguage\":\"cs-CZ\"},{\"@type\":\"Person\",\"@id\":\"https:\/\/www.srovnator.cz\/#\/schema\/person\/f2be3ec81eda7dd06cf658cc9aa974ff\",\"name\":\"Martin Straka\",\"image\":{\"@type\":\"ImageObject\",\"inLanguage\":\"cs-CZ\",\"@id\":\"https:\/\/www.srovnator.cz\/#\/schema\/person\/image\/\",\"url\":\"https:\/\/secure.gravatar.com\/avatar\/e91ecfaa01852a8f16b9f65e2ab5c2102d2bb71b2b029fd130ff6c5d21492f36?s=96&d=mm&r=g\",\"contentUrl\":\"https:\/\/secure.gravatar.com\/avatar\/e91ecfaa01852a8f16b9f65e2ab5c2102d2bb71b2b029fd130ff6c5d21492f36?s=96&d=mm&r=g\",\"caption\":\"Martin Straka\"},\"description\":\"Martin Straka je \u0159editelem klientsk\u00e9ho centra a p\u00e9\u010de o z\u00e1kazn\u00edky. Se sv\u00fdm t\u00fdmem poskytuje z\u00e1kazn\u00edk\u016fm Srovn\u00e1tor.cz \u0161pi\u010dkov\u00fd servis a dohl\u00ed\u017e\u00ed na to, aby na\u0161e procesy byly efektivn\u00ed a z\u00e1kazn\u00edci byli spokojen\u00ed nejen p\u0159i sjedn\u00e1n\u00ed nov\u00e9ho produktu, ale i kdykoliv pot\u0159ebuj\u00ed s n\u011b\u010d\u00edm pomoci. Jeho \u010dl\u00e1nky informuj\u00ed nejen o nejnov\u011bj\u0161\u00edch trendech a aktu\u00e1ln\u00edch t\u00e9matech, ale p\u0159in\u00e1\u0161\u00ed i praktick\u00e9 a zaj\u00edmav\u00e9 tipy z r\u016fzn\u00fdch oblast\u00ed b\u011b\u017en\u00e9ho \u017eivota.\",\"url\":\"https:\/\/www.srovnator.cz\/autori\/martin-straka\/\"}]}<\/script>\n<!-- \/ Yoast SEO plugin. -->","yoast_head_json":{"title":"B\u011bh\u00e1me nejen pro radost, ale i pro dobrou v\u011bc - Srovn\u00e1tor.cz","description":"Jednu kr\u00e1snou ned\u011bli se p\u00e1r na\u0161ich zdatn\u00fdch zam\u011bstnanc\u016f z\u00fa\u010dastnilo charitativn\u00edho b\u011bhu pro Nadaci Olgy Havlov\u00e9.","robots":{"index":"index","follow":"follow","max-snippet":"max-snippet:-1","max-image-preview":"max-image-preview:large","max-video-preview":"max-video-preview:-1"},"canonical":"https:\/\/www.srovnator.cz\/clanky\/behame-pro-radost-i-pro-dobro\/","og_locale":"cs_CZ","og_type":"article","og_title":"B\u011bh\u00e1me nejen pro radost, ale i pro dobrou v\u011bc - Srovn\u00e1tor.cz","og_description":"Jednu kr\u00e1snou ned\u011bli se p\u00e1r na\u0161ich zdatn\u00fdch zam\u011bstnanc\u016f z\u00fa\u010dastnilo charitativn\u00edho b\u011bhu pro Nadaci Olgy Havlov\u00e9.","og_url":"https:\/\/www.srovnator.cz\/clanky\/behame-pro-radost-i-pro-dobro\/","og_site_name":"Srovn\u00e1tor.cz","article_publisher":"https:\/\/www.facebook.com\/srovnator\/","article_published_time":"2015-06-07T18:00:00+00:00","article_modified_time":"2024-06-24T06:07:29+00:00","og_image":[{"width":800,"height":300,"url":"https:\/\/storage.googleapis.com\/wp-resources\/srovnator.cz\/ng\/2022\/06\/b3790a17-behame-pro-radost-i-pro-dobro.jpg","type":"image\/jpeg"}],"author":"Martin Straka","twitter_card":"summary_large_image","twitter_creator":"@Srovnator_czech","twitter_site":"@Srovnator_czech","twitter_misc":{"Written by":"Martin Straka","Est. reading time":"1 minute"},"schema":{"@context":"https:\/\/schema.org","@graph":[{"@type":"WebPage","@id":"https:\/\/www.srovnator.cz\/clanky\/behame-pro-radost-i-pro-dobro\/","url":"https:\/\/www.srovnator.cz\/clanky\/behame-pro-radost-i-pro-dobro\/","name":"B\u011bh\u00e1me nejen pro radost, ale i pro dobrou v\u011bc - Srovn\u00e1tor.cz","isPartOf":{"@id":"https:\/\/www.srovnator.cz\/#website"},"primaryImageOfPage":{"@id":"https:\/\/www.srovnator.cz\/clanky\/behame-pro-radost-i-pro-dobro\/#primaryimage"},"image":{"@id":"https:\/\/www.srovnator.cz\/clanky\/behame-pro-radost-i-pro-dobro\/#primaryimage"},"thumbnailUrl":"https:\/\/storage.googleapis.com\/wp-resources\/srovnator.cz\/ng\/2022\/06\/b3790a17-behame-pro-radost-i-pro-dobro.jpg","datePublished":"2015-06-07T18:00:00+00:00","dateModified":"2024-06-24T06:07:29+00:00","author":{"@id":"https:\/\/www.srovnator.cz\/#\/schema\/person\/f2be3ec81eda7dd06cf658cc9aa974ff"},"description":"Jednu kr\u00e1snou ned\u011bli se p\u00e1r na\u0161ich zdatn\u00fdch zam\u011bstnanc\u016f z\u00fa\u010dastnilo charitativn\u00edho b\u011bhu pro Nadaci Olgy Havlov\u00e9.","inLanguage":"cs-CZ","potentialAction":[{"@type":"ReadAction","target":["https:\/\/www.srovnator.cz\/clanky\/behame-pro-radost-i-pro-dobro\/"]}]},{"@type":"ImageObject","inLanguage":"cs-CZ","@id":"https:\/\/www.srovnator.cz\/clanky\/behame-pro-radost-i-pro-dobro\/#primaryimage","url":"https:\/\/storage.googleapis.com\/wp-resources\/srovnator.cz\/ng\/2022\/06\/b3790a17-behame-pro-radost-i-pro-dobro.jpg","contentUrl":"https:\/\/storage.googleapis.com\/wp-resources\/srovnator.cz\/ng\/2022\/06\/b3790a17-behame-pro-radost-i-pro-dobro.jpg","width":800,"height":300,"caption":"B\u011bh\u00e1me nejen pro radost, ale i pro dobrou v\u011bc"},{"@type":"WebSite","@id":"https:\/\/www.srovnator.cz\/#website","url":"https:\/\/www.srovnator.cz\/","name":"Srovn\u00e1tor.cz","description":"","potentialAction":[{"@type":"SearchAction","target":{"@type":"EntryPoint","urlTemplate":"https:\/\/www.srovnator.cz\/?s={search_term_string}"},"query-input":{"@type":"PropertyValueSpecification","valueRequired":true,"valueName":"search_term_string"}}],"inLanguage":"cs-CZ"},{"@type":"Person","@id":"https:\/\/www.srovnator.cz\/#\/schema\/person\/f2be3ec81eda7dd06cf658cc9aa974ff","name":"Martin Straka","image":{"@type":"ImageObject","inLanguage":"cs-CZ","@id":"https:\/\/www.srovnator.cz\/#\/schema\/person\/image\/","url":"https:\/\/secure.gravatar.com\/avatar\/e91ecfaa01852a8f16b9f65e2ab5c2102d2bb71b2b029fd130ff6c5d21492f36?s=96&d=mm&r=g","contentUrl":"https:\/\/secure.gravatar.com\/avatar\/e91ecfaa01852a8f16b9f65e2ab5c2102d2bb71b2b029fd130ff6c5d21492f36?s=96&d=mm&r=g","caption":"Martin Straka"},"description":"Martin Straka je \u0159editelem klientsk\u00e9ho centra a p\u00e9\u010de o z\u00e1kazn\u00edky. Se sv\u00fdm t\u00fdmem poskytuje z\u00e1kazn\u00edk\u016fm Srovn\u00e1tor.cz \u0161pi\u010dkov\u00fd servis a dohl\u00ed\u017e\u00ed na to, aby na\u0161e procesy byly efektivn\u00ed a z\u00e1kazn\u00edci byli spokojen\u00ed nejen p\u0159i sjedn\u00e1n\u00ed nov\u00e9ho produktu, ale i kdykoliv pot\u0159ebuj\u00ed s n\u011b\u010d\u00edm pomoci. Jeho \u010dl\u00e1nky informuj\u00ed nejen o nejnov\u011bj\u0161\u00edch trendech a aktu\u00e1ln\u00edch t\u00e9matech, ale p\u0159in\u00e1\u0161\u00ed i praktick\u00e9 a zaj\u00edmav\u00e9 tipy z r\u016fzn\u00fdch oblast\u00ed b\u011b\u017en\u00e9ho \u017eivota.","url":"https:\/\/www.srovnator.cz\/autori\/martin-straka\/"}]}},"amp_enabled":true,"_links":{"self":[{"href":"https:\/\/www.srovnator.cz\/rest_api\/wp\/v2\/posts\/3620","targetHints":{"allow":["GET"]}}],"collection":[{"href":"https:\/\/www.srovnator.cz\/rest_api\/wp\/v2\/posts"}],"about":[{"href":"https:\/\/www.srovnator.cz\/rest_api\/wp\/v2\/types\/post"}],"author":[{"embeddable":true,"href":"https:\/\/www.srovnator.cz\/rest_api\/wp\/v2\/users\/7"}],"replies":[{"embeddable":true,"href":"https:\/\/www.srovnator.cz\/rest_api\/wp\/v2\/comments?post=3620"}],"version-history":[{"count":1,"href":"https:\/\/www.srovnator.cz\/rest_api\/wp\/v2\/posts\/3620\/revisions"}],"predecessor-version":[{"id":10383,"href":"https:\/\/www.srovnator.cz\/rest_api\/wp\/v2\/posts\/3620\/revisions\/10383"}],"wp:featuredmedia":[{"embeddable":true,"href":"https:\/\/www.srovnator.cz\/rest_api\/wp\/v2\/media\/3621"}],"wp:attachment":[{"href":"https:\/\/www.srovnator.cz\/rest_api\/wp\/v2\/media?parent=3620"}],"wp:term":[{"taxonomy":"category","embeddable":true,"href":"https:\/\/www.srovnator.cz\/rest_api\/wp\/v2\/categories?post=3620"},{"taxonomy":"post_tag","embeddable":true,"href":"https:\/\/www.srovnator.cz\/rest_api\/wp\/v2\/tags?post=3620"}],"curies":[{"name":"wp","href":"https:\/\/api.w.org\/{rel}","templated":true}]}}