{"id":3764,"date":"2017-04-05T20:00:00","date_gmt":"2017-04-05T18:00:00","guid":{"rendered":"https:\/\/www.srovnator.cz\/clanky\/ostatni\/graffiti-a-jiny-vandalismus-na-nemovitostech\/"},"modified":"2024-06-24T07:51:55","modified_gmt":"2024-06-24T05:51:55","slug":"graffiti-a-jiny-vandalismus-na-nemovitostech","status":"publish","type":"post","link":"https:\/\/www.srovnator.cz\/clanky\/graffiti-a-jiny-vandalismus-na-nemovitostech\/","title":{"rendered":"Graffiti a jin\u00fd vandalismus na nemovitostech"},"content":{"rendered":"<p>Nov\u00e1 fas\u00e1da, nat\u0159en\u00fd plot nebo opraven\u00e9 dve\u0159e od gar\u00e1\u017ee dok\u00e1\u017e\u00ed n\u00e1s i na\u0161i nemovitost rozz\u00e1\u0159it. Opak pak nast\u00e1v\u00e1 ve chv\u00edli, kdy r\u00e1no \u010di po n\u00e1vratu z dovolen\u00e9 zjist\u00edme, \u017ee se n\u00e1\u0161 opraven\u00fd d\u016fm stal \u00fato\u010di\u0161t\u011bm vandal\u016f \u010di sprejer\u016f.<\/p>\n<img decoding=\"async\" width=\"672\" height=\"448\" src=\"https:\/\/storage.googleapis.com\/wp-resources\/srovnator.cz\/ng\/2022\/06\/dc7f12ef-graffiti-a-jiny-vandalismus-na-nemovitostech.jpg\" class=\" wp-post-image wp-stateless-item\" alt=\"Graffiti a jin\u00fd vandalismus na nemovitostech\" title=\"Graffiti a jin\u00fd vandalismus na nemovitostech\" data-image-size=\"full\" data-stateless-media-bucket=\"wp-resources\" data-stateless-media-name=\"srovnator.cz\/ng\/2022\/06\/dc7f12ef-graffiti-a-jiny-vandalismus-na-nemovitostech.jpg\" \/>\n<h2>Z\u00e1kladem je poji\u0161t\u011bn\u00ed<\/h2>\n<p>V p\u0159\u00edpad\u011b, \u017ee jste majitelem domu, chalupy nebo nap\u0159\u00edklad gar\u00e1\u017ee, je dobr\u00e9 zajistit si poji\u0161t\u011bn\u00ed nemovitosti. To toti\u017e pokr\u00fdv\u00e1 \u0161kody, kter\u00e9 vzniknou pr\u00e1v\u011b na stavb\u011b nebo jej\u00edch sou\u010d\u00e1stech. Poji\u0161t\u011bn\u00ed nemovitosti se tak vztahuje nejen na \u017eivel, ale pr\u00e1v\u011b i na p\u0159\u00edpadn\u00fd vandalismus.<\/p>\n<h2>Poji\u0161t\u011bn\u00ed nemovitosti vs. poji\u0161t\u011bn\u00ed dom\u00e1cnosti<\/h2>\n<p>Mo\u017en\u00e1 jste si sjedn\u00e1vali poji\u0161t\u011bn\u00ed t\u00fdkaj\u00edc\u00ed se va\u0161eho domova a tak chod\u00edte sp\u00e1t s v\u011bdom\u00edm, \u017ee je chr\u00e1n\u011bn i v\u00e1\u0161 d\u016fm. Nesm\u00edte si ov\u0161em pl\u00e9st <a href=\"\/pojisteni-domacnosti\/\">poji\u0161t\u011bn\u00ed dom\u00e1cnosti<\/a> a <a href=\"\/pojisteni-nemovitosti-kalkulacka\/\">poji\u0161t\u011bn\u00ed nemovitosti<\/a>. Zjednodu\u0161en\u011b lze \u0159\u00edci, \u017ee poji\u0161t\u011bn\u00ed dom\u00e1cnosti kryje \u0161kody vznikl\u00e9 na vybaven\u00ed dom\u00e1cnosti &#8211; n\u00e1bytek, elektronika, ceniny a chr\u00e1n\u00ed n\u00e1s tak v p\u0159\u00edpad\u011b vykraden\u00ed bytu nebo v p\u0159\u00edpad\u011b vytopen\u00ed \u010di vyho\u0159en\u00ed dom\u00e1cnosti. Nevztahuje se v\u0161ak na stavbu jako takovou &#8211; fas\u00e1da, gar\u00e1\u017e, plot \u010di st\u0159echa.<\/p>\n<div class=\"table-responsive\">\n<table class=\"table table-striped table-borderless\">\n<thead>\n<tr>\n<th><\/th>\n<th>Poji\u0161t\u011bn\u00ed nemovitosti<\/th>\n<th>Poji\u0161t\u011bn\u00ed dom\u00e1cnosti<\/th>\n<\/tr>\n<\/thead>\n<tbody>\n<tr>\n<td>St\u0159echa<\/td>\n<td>ano<\/td>\n<td>ne<\/td>\n<\/tr>\n<tr>\n<td>Fas\u00e1da domu<\/td>\n<td>ano<\/td>\n<td>ne<\/td>\n<\/tr>\n<tr>\n<td>Stavebn\u00ed materi\u00e1l<\/td>\n<td>ano<\/td>\n<td>ne<\/td>\n<\/tr>\n<tr>\n<td>Radi\u00e1tor<\/td>\n<td>ano<\/td>\n<td>ne<\/td>\n<\/tr>\n<tr>\n<td>Televize<\/td>\n<td>ne<\/td>\n<td>ano<\/td>\n<\/tr>\n<tr>\n<td>Spot\u0159ebi\u010de<\/td>\n<td>ne<\/td>\n<td>ano<\/td>\n<\/tr>\n<tr>\n<td>Sportovn\u00ed vybaven\u00ed<\/td>\n<td>ne<\/td>\n<td>ano<\/td>\n<\/tr>\n<\/tbody>\n<\/table>\n<\/div>\n<h2>Obnova smluv<\/h2>\n<p>Nezapom\u00ednejte jednou za \u010das svou pojistnou smlouvu zkontrolovat a aktualizovat. Zat\u00edmco va\u0161e nemovitost pravd\u011bpodobn\u011b roste na cen\u011b, pojistka se uzav\u00edr\u00e1 na \u010d\u00e1stku, kter\u00e1 je aktu\u00e1ln\u00ed hodnotou v dob\u011b sjedn\u00e1n\u00ed. Pokud je va\u0161e smlouva star\u00e1 i n\u011bkolik let, m\u016f\u017eete tak v p\u0159\u00edpad\u011b pojistn\u00e9 ud\u00e1losti p\u0159ij\u00edt o statis\u00edce\u2026<\/p>\n<p>Spo\u010d\u00edtejte si poji\u0161t\u011bn\u00ed jednodu\u0161e <a href=\"\/pojisteni-nemovitosti-kalkulacka\/\">online<\/a> nebo se obra\u0165te na na\u0161e <a href=\"\/#kontaktovat=1\">zku\u0161en\u00e9 makl\u00e9\u0159e<\/a>, kte\u0159\u00ed v\u00e1m r\u00e1di pomohou nastavit podm\u00ednky p\u0159\u00edmo pro v\u00e1s.<\/p>\n","protected":false},"excerpt":{"rendered":"<p>Nov\u00e1 fas\u00e1da, nat\u0159en\u00fd plot nebo opraven\u00e9 dve\u0159e od gar\u00e1\u017ee dok\u00e1\u017e\u00ed n\u00e1s i na\u0161i nemovitost rozz\u00e1\u0159it. Opak pak nast\u00e1v\u00e1 ve chv\u00edli, kdy r\u00e1no \u010di po n\u00e1vratu z dovolen\u00e9 zjist\u00edme, \u017ee se n\u00e1\u0161 opraven\u00fd d\u016fm stal \u00fato\u010di\u0161t\u011bm vandal\u016f \u010di sprejer\u016f.<\/p>\n","protected":false},"author":6,"featured_media":3765,"comment_status":"closed","ping_status":"closed","sticky":false,"template":"","format":"standard","meta":{"_acf_changed":false,"footnotes":""},"categories":[5],"tags":[640,641,642,420,550,551],"class_list":["post-3764","post","type-post","status-publish","format-standard","has-post-thumbnail","hentry","category-pojisteni-majetku","tag-chata","tag-garaz","tag-nemovitost","tag-pojisteni-nemovitosti","tag-vandalismus","tag-zivelna-pohroma"],"acf":{"znacka":"","model":"","objem":"","vyrobeno":"","vykon":"","velikost_1":"","velikost_2":"","velikost_3":"","velikost_4":"","roky":"","roky_velikost_1":"","roky_velikost_2":"","roky_velikost_3":"","roky_velikost_4":"","pocet_kalkulaci":0,"page_post_meta_bread":"Graffiti a jin\u00fd vandalismus na nemovitostech","page_post_meta_bread_child":"","page_post_meta_script_head":"","page_post_meta_leaving_screen":"cat"},"yoast_head":"<!-- This site is optimized with the Yoast SEO plugin v25.5 - https:\/\/yoast.com\/wordpress\/plugins\/seo\/ -->\n<title>Graffiti a jin\u00fd vandalismus na nemovitostech - Srovn\u00e1tor.cz<\/title>\n<meta name=\"description\" content=\"Nov\u00e1 fas\u00e1da, nat\u0159en\u00fd plot nebo opraven\u00e9 dve\u0159e od gar\u00e1\u017ee dok\u00e1\u017e\u00ed n\u00e1s i na\u0161i nemovitost rozz\u00e1\u0159it. Opak pak nast\u00e1v\u00e1 ve chv\u00edli, kdy r\u00e1no \u010di po n\u00e1vratu z dovolen\u00e9 zjist\u00edme, \u017ee se n\u00e1\u0161 opraven\u00fd d\u016fm stal \u00fato\u010di\u0161t\u011bm vandal\u016f \u010di sprejer\u016f.\" \/>\n<meta name=\"robots\" content=\"index, follow, max-snippet:-1, max-image-preview:large, max-video-preview:-1\" \/>\n<link rel=\"canonical\" href=\"https:\/\/www.srovnator.cz\/clanky\/graffiti-a-jiny-vandalismus-na-nemovitostech\/\" \/>\n<meta property=\"og:locale\" content=\"cs_CZ\" \/>\n<meta property=\"og:type\" content=\"article\" \/>\n<meta property=\"og:title\" content=\"Graffiti a jin\u00fd vandalismus na nemovitostech - Srovn\u00e1tor.cz\" \/>\n<meta property=\"og:description\" content=\"Nov\u00e1 fas\u00e1da, nat\u0159en\u00fd plot nebo opraven\u00e9 dve\u0159e od gar\u00e1\u017ee dok\u00e1\u017e\u00ed n\u00e1s i na\u0161i nemovitost rozz\u00e1\u0159it. Opak pak nast\u00e1v\u00e1 ve chv\u00edli, kdy r\u00e1no \u010di po n\u00e1vratu z dovolen\u00e9 zjist\u00edme, \u017ee se n\u00e1\u0161 opraven\u00fd d\u016fm stal \u00fato\u010di\u0161t\u011bm vandal\u016f \u010di sprejer\u016f.\" \/>\n<meta property=\"og:url\" content=\"https:\/\/www.srovnator.cz\/clanky\/graffiti-a-jiny-vandalismus-na-nemovitostech\/\" \/>\n<meta property=\"og:site_name\" content=\"Srovn\u00e1tor.cz\" \/>\n<meta property=\"article:publisher\" content=\"https:\/\/www.facebook.com\/srovnator\/\" \/>\n<meta property=\"article:published_time\" content=\"2017-04-05T18:00:00+00:00\" \/>\n<meta property=\"article:modified_time\" content=\"2024-06-24T05:51:55+00:00\" \/>\n<meta property=\"og:image\" content=\"https:\/\/storage.googleapis.com\/wp-resources\/srovnator.cz\/ng\/2022\/06\/dc7f12ef-graffiti-a-jiny-vandalismus-na-nemovitostech.jpg\" \/>\n\t<meta property=\"og:image:width\" content=\"672\" \/>\n\t<meta property=\"og:image:height\" content=\"448\" \/>\n\t<meta property=\"og:image:type\" content=\"image\/jpeg\" \/>\n<meta name=\"author\" content=\"Tom\u00e1\u0161 Mina\u0159\u00edk\" \/>\n<meta name=\"twitter:card\" content=\"summary_large_image\" \/>\n<meta name=\"twitter:creator\" content=\"@Srovnator_czech\" \/>\n<meta name=\"twitter:site\" content=\"@Srovnator_czech\" \/>\n<meta name=\"twitter:label1\" content=\"Written by\" \/>\n\t<meta name=\"twitter:data1\" content=\"Tom\u00e1\u0161 Mina\u0159\u00edk\" \/>\n\t<meta name=\"twitter:label2\" content=\"Est. reading time\" \/>\n\t<meta name=\"twitter:data2\" content=\"2 minutes\" \/>\n<script type=\"application\/ld+json\" class=\"yoast-schema-graph\">{\"@context\":\"https:\/\/schema.org\",\"@graph\":[{\"@type\":\"WebPage\",\"@id\":\"https:\/\/www.srovnator.cz\/clanky\/graffiti-a-jiny-vandalismus-na-nemovitostech\/\",\"url\":\"https:\/\/www.srovnator.cz\/clanky\/graffiti-a-jiny-vandalismus-na-nemovitostech\/\",\"name\":\"Graffiti a jin\u00fd vandalismus na nemovitostech - Srovn\u00e1tor.cz\",\"isPartOf\":{\"@id\":\"https:\/\/www.srovnator.cz\/#website\"},\"primaryImageOfPage\":{\"@id\":\"https:\/\/www.srovnator.cz\/clanky\/graffiti-a-jiny-vandalismus-na-nemovitostech\/#primaryimage\"},\"image\":{\"@id\":\"https:\/\/www.srovnator.cz\/clanky\/graffiti-a-jiny-vandalismus-na-nemovitostech\/#primaryimage\"},\"thumbnailUrl\":\"https:\/\/storage.googleapis.com\/wp-resources\/srovnator.cz\/ng\/2022\/06\/dc7f12ef-graffiti-a-jiny-vandalismus-na-nemovitostech.jpg\",\"datePublished\":\"2017-04-05T18:00:00+00:00\",\"dateModified\":\"2024-06-24T05:51:55+00:00\",\"author\":{\"@id\":\"https:\/\/www.srovnator.cz\/#\/schema\/person\/9edfe86141eba69ff5b2149b530db68d\"},\"description\":\"Nov\u00e1 fas\u00e1da, nat\u0159en\u00fd plot nebo opraven\u00e9 dve\u0159e od gar\u00e1\u017ee dok\u00e1\u017e\u00ed n\u00e1s i na\u0161i nemovitost rozz\u00e1\u0159it. Opak pak nast\u00e1v\u00e1 ve chv\u00edli, kdy r\u00e1no \u010di po n\u00e1vratu z dovolen\u00e9 zjist\u00edme, \u017ee se n\u00e1\u0161 opraven\u00fd d\u016fm stal \u00fato\u010di\u0161t\u011bm vandal\u016f \u010di sprejer\u016f.\",\"inLanguage\":\"cs-CZ\",\"potentialAction\":[{\"@type\":\"ReadAction\",\"target\":[\"https:\/\/www.srovnator.cz\/clanky\/graffiti-a-jiny-vandalismus-na-nemovitostech\/\"]}]},{\"@type\":\"ImageObject\",\"inLanguage\":\"cs-CZ\",\"@id\":\"https:\/\/www.srovnator.cz\/clanky\/graffiti-a-jiny-vandalismus-na-nemovitostech\/#primaryimage\",\"url\":\"https:\/\/storage.googleapis.com\/wp-resources\/srovnator.cz\/ng\/2022\/06\/dc7f12ef-graffiti-a-jiny-vandalismus-na-nemovitostech.jpg\",\"contentUrl\":\"https:\/\/storage.googleapis.com\/wp-resources\/srovnator.cz\/ng\/2022\/06\/dc7f12ef-graffiti-a-jiny-vandalismus-na-nemovitostech.jpg\",\"width\":672,\"height\":448,\"caption\":\"Graffiti a jin\u00fd vandalismus na nemovitostech\"},{\"@type\":\"WebSite\",\"@id\":\"https:\/\/www.srovnator.cz\/#website\",\"url\":\"https:\/\/www.srovnator.cz\/\",\"name\":\"Srovn\u00e1tor.cz\",\"description\":\"\",\"potentialAction\":[{\"@type\":\"SearchAction\",\"target\":{\"@type\":\"EntryPoint\",\"urlTemplate\":\"https:\/\/www.srovnator.cz\/?s={search_term_string}\"},\"query-input\":{\"@type\":\"PropertyValueSpecification\",\"valueRequired\":true,\"valueName\":\"search_term_string\"}}],\"inLanguage\":\"cs-CZ\"},{\"@type\":\"Person\",\"@id\":\"https:\/\/www.srovnator.cz\/#\/schema\/person\/9edfe86141eba69ff5b2149b530db68d\",\"name\":\"Tom\u00e1\u0161 Mina\u0159\u00edk\",\"image\":{\"@type\":\"ImageObject\",\"inLanguage\":\"cs-CZ\",\"@id\":\"https:\/\/www.srovnator.cz\/#\/schema\/person\/image\/\",\"url\":\"https:\/\/secure.gravatar.com\/avatar\/067ce16f231ff92a14a4863e4057901a91bb1113ab404100733de550ecf1aafe?s=96&d=mm&r=g\",\"contentUrl\":\"https:\/\/secure.gravatar.com\/avatar\/067ce16f231ff92a14a4863e4057901a91bb1113ab404100733de550ecf1aafe?s=96&d=mm&r=g\",\"caption\":\"Tom\u00e1\u0161 Mina\u0159\u00edk\"},\"description\":\"Tom\u00e1\u0161 je odborn\u00edk, kter\u00fd se v\u011bnuje ochran\u011b va\u0161eho domova, auta a cennost\u00ed. S osobn\u00edm p\u0159\u00edstupem a odborn\u00fdmi znalostmi v\u00e1s provede sv\u011btem poji\u0161t\u011bn\u00ed ob\u010dansk\u00e9ho majetku, aby va\u0161e cenn\u00e9 v\u011bci byly v\u017edy v bezpe\u010d\u00ed. Jeho expert\u00edza a z\u00e1vazek k detailu zaji\u0161\u0165uj\u00ed, \u017ee najdete poji\u0161t\u011bn\u00ed, kter\u00e9 p\u0159esn\u011b odpov\u00edd\u00e1 va\u0161im pot\u0159eb\u00e1m.\",\"url\":\"https:\/\/www.srovnator.cz\/autori\/tomas-minarik\/\"}]}<\/script>\n<!-- \/ Yoast SEO plugin. -->","yoast_head_json":{"title":"Graffiti a jin\u00fd vandalismus na nemovitostech - Srovn\u00e1tor.cz","description":"Nov\u00e1 fas\u00e1da, nat\u0159en\u00fd plot nebo opraven\u00e9 dve\u0159e od gar\u00e1\u017ee dok\u00e1\u017e\u00ed n\u00e1s i na\u0161i nemovitost rozz\u00e1\u0159it. Opak pak nast\u00e1v\u00e1 ve chv\u00edli, kdy r\u00e1no \u010di po n\u00e1vratu z dovolen\u00e9 zjist\u00edme, \u017ee se n\u00e1\u0161 opraven\u00fd d\u016fm stal \u00fato\u010di\u0161t\u011bm vandal\u016f \u010di sprejer\u016f.","robots":{"index":"index","follow":"follow","max-snippet":"max-snippet:-1","max-image-preview":"max-image-preview:large","max-video-preview":"max-video-preview:-1"},"canonical":"https:\/\/www.srovnator.cz\/clanky\/graffiti-a-jiny-vandalismus-na-nemovitostech\/","og_locale":"cs_CZ","og_type":"article","og_title":"Graffiti a jin\u00fd vandalismus na nemovitostech - Srovn\u00e1tor.cz","og_description":"Nov\u00e1 fas\u00e1da, nat\u0159en\u00fd plot nebo opraven\u00e9 dve\u0159e od gar\u00e1\u017ee dok\u00e1\u017e\u00ed n\u00e1s i na\u0161i nemovitost rozz\u00e1\u0159it. Opak pak nast\u00e1v\u00e1 ve chv\u00edli, kdy r\u00e1no \u010di po n\u00e1vratu z dovolen\u00e9 zjist\u00edme, \u017ee se n\u00e1\u0161 opraven\u00fd d\u016fm stal \u00fato\u010di\u0161t\u011bm vandal\u016f \u010di sprejer\u016f.","og_url":"https:\/\/www.srovnator.cz\/clanky\/graffiti-a-jiny-vandalismus-na-nemovitostech\/","og_site_name":"Srovn\u00e1tor.cz","article_publisher":"https:\/\/www.facebook.com\/srovnator\/","article_published_time":"2017-04-05T18:00:00+00:00","article_modified_time":"2024-06-24T05:51:55+00:00","og_image":[{"width":672,"height":448,"url":"https:\/\/storage.googleapis.com\/wp-resources\/srovnator.cz\/ng\/2022\/06\/dc7f12ef-graffiti-a-jiny-vandalismus-na-nemovitostech.jpg","type":"image\/jpeg"}],"author":"Tom\u00e1\u0161 Mina\u0159\u00edk","twitter_card":"summary_large_image","twitter_creator":"@Srovnator_czech","twitter_site":"@Srovnator_czech","twitter_misc":{"Written by":"Tom\u00e1\u0161 Mina\u0159\u00edk","Est. reading time":"2 minutes"},"schema":{"@context":"https:\/\/schema.org","@graph":[{"@type":"WebPage","@id":"https:\/\/www.srovnator.cz\/clanky\/graffiti-a-jiny-vandalismus-na-nemovitostech\/","url":"https:\/\/www.srovnator.cz\/clanky\/graffiti-a-jiny-vandalismus-na-nemovitostech\/","name":"Graffiti a jin\u00fd vandalismus na nemovitostech - Srovn\u00e1tor.cz","isPartOf":{"@id":"https:\/\/www.srovnator.cz\/#website"},"primaryImageOfPage":{"@id":"https:\/\/www.srovnator.cz\/clanky\/graffiti-a-jiny-vandalismus-na-nemovitostech\/#primaryimage"},"image":{"@id":"https:\/\/www.srovnator.cz\/clanky\/graffiti-a-jiny-vandalismus-na-nemovitostech\/#primaryimage"},"thumbnailUrl":"https:\/\/storage.googleapis.com\/wp-resources\/srovnator.cz\/ng\/2022\/06\/dc7f12ef-graffiti-a-jiny-vandalismus-na-nemovitostech.jpg","datePublished":"2017-04-05T18:00:00+00:00","dateModified":"2024-06-24T05:51:55+00:00","author":{"@id":"https:\/\/www.srovnator.cz\/#\/schema\/person\/9edfe86141eba69ff5b2149b530db68d"},"description":"Nov\u00e1 fas\u00e1da, nat\u0159en\u00fd plot nebo opraven\u00e9 dve\u0159e od gar\u00e1\u017ee dok\u00e1\u017e\u00ed n\u00e1s i na\u0161i nemovitost rozz\u00e1\u0159it. Opak pak nast\u00e1v\u00e1 ve chv\u00edli, kdy r\u00e1no \u010di po n\u00e1vratu z dovolen\u00e9 zjist\u00edme, \u017ee se n\u00e1\u0161 opraven\u00fd d\u016fm stal \u00fato\u010di\u0161t\u011bm vandal\u016f \u010di sprejer\u016f.","inLanguage":"cs-CZ","potentialAction":[{"@type":"ReadAction","target":["https:\/\/www.srovnator.cz\/clanky\/graffiti-a-jiny-vandalismus-na-nemovitostech\/"]}]},{"@type":"ImageObject","inLanguage":"cs-CZ","@id":"https:\/\/www.srovnator.cz\/clanky\/graffiti-a-jiny-vandalismus-na-nemovitostech\/#primaryimage","url":"https:\/\/storage.googleapis.com\/wp-resources\/srovnator.cz\/ng\/2022\/06\/dc7f12ef-graffiti-a-jiny-vandalismus-na-nemovitostech.jpg","contentUrl":"https:\/\/storage.googleapis.com\/wp-resources\/srovnator.cz\/ng\/2022\/06\/dc7f12ef-graffiti-a-jiny-vandalismus-na-nemovitostech.jpg","width":672,"height":448,"caption":"Graffiti a jin\u00fd vandalismus na nemovitostech"},{"@type":"WebSite","@id":"https:\/\/www.srovnator.cz\/#website","url":"https:\/\/www.srovnator.cz\/","name":"Srovn\u00e1tor.cz","description":"","potentialAction":[{"@type":"SearchAction","target":{"@type":"EntryPoint","urlTemplate":"https:\/\/www.srovnator.cz\/?s={search_term_string}"},"query-input":{"@type":"PropertyValueSpecification","valueRequired":true,"valueName":"search_term_string"}}],"inLanguage":"cs-CZ"},{"@type":"Person","@id":"https:\/\/www.srovnator.cz\/#\/schema\/person\/9edfe86141eba69ff5b2149b530db68d","name":"Tom\u00e1\u0161 Mina\u0159\u00edk","image":{"@type":"ImageObject","inLanguage":"cs-CZ","@id":"https:\/\/www.srovnator.cz\/#\/schema\/person\/image\/","url":"https:\/\/secure.gravatar.com\/avatar\/067ce16f231ff92a14a4863e4057901a91bb1113ab404100733de550ecf1aafe?s=96&d=mm&r=g","contentUrl":"https:\/\/secure.gravatar.com\/avatar\/067ce16f231ff92a14a4863e4057901a91bb1113ab404100733de550ecf1aafe?s=96&d=mm&r=g","caption":"Tom\u00e1\u0161 Mina\u0159\u00edk"},"description":"Tom\u00e1\u0161 je odborn\u00edk, kter\u00fd se v\u011bnuje ochran\u011b va\u0161eho domova, auta a cennost\u00ed. S osobn\u00edm p\u0159\u00edstupem a odborn\u00fdmi znalostmi v\u00e1s provede sv\u011btem poji\u0161t\u011bn\u00ed ob\u010dansk\u00e9ho majetku, aby va\u0161e cenn\u00e9 v\u011bci byly v\u017edy v bezpe\u010d\u00ed. Jeho expert\u00edza a z\u00e1vazek k detailu zaji\u0161\u0165uj\u00ed, \u017ee najdete poji\u0161t\u011bn\u00ed, kter\u00e9 p\u0159esn\u011b odpov\u00edd\u00e1 va\u0161im pot\u0159eb\u00e1m.","url":"https:\/\/www.srovnator.cz\/autori\/tomas-minarik\/"}]}},"amp_enabled":true,"_links":{"self":[{"href":"https:\/\/www.srovnator.cz\/rest_api\/wp\/v2\/posts\/3764","targetHints":{"allow":["GET"]}}],"collection":[{"href":"https:\/\/www.srovnator.cz\/rest_api\/wp\/v2\/posts"}],"about":[{"href":"https:\/\/www.srovnator.cz\/rest_api\/wp\/v2\/types\/post"}],"author":[{"embeddable":true,"href":"https:\/\/www.srovnator.cz\/rest_api\/wp\/v2\/users\/6"}],"replies":[{"embeddable":true,"href":"https:\/\/www.srovnator.cz\/rest_api\/wp\/v2\/comments?post=3764"}],"version-history":[{"count":1,"href":"https:\/\/www.srovnator.cz\/rest_api\/wp\/v2\/posts\/3764\/revisions"}],"predecessor-version":[{"id":9964,"href":"https:\/\/www.srovnator.cz\/rest_api\/wp\/v2\/posts\/3764\/revisions\/9964"}],"wp:featuredmedia":[{"embeddable":true,"href":"https:\/\/www.srovnator.cz\/rest_api\/wp\/v2\/media\/3765"}],"wp:attachment":[{"href":"https:\/\/www.srovnator.cz\/rest_api\/wp\/v2\/media?parent=3764"}],"wp:term":[{"taxonomy":"category","embeddable":true,"href":"https:\/\/www.srovnator.cz\/rest_api\/wp\/v2\/categories?post=3764"},{"taxonomy":"post_tag","embeddable":true,"href":"https:\/\/www.srovnator.cz\/rest_api\/wp\/v2\/tags?post=3764"}],"curies":[{"name":"wp","href":"https:\/\/api.w.org\/{rel}","templated":true}]}}