{"id":3804,"date":"2017-05-28T20:00:00","date_gmt":"2017-05-28T18:00:00","guid":{"rendered":"https:\/\/www.srovnator.cz\/clanky\/ostatni\/videt-a-byt-viden\/"},"modified":"2024-06-24T08:07:26","modified_gmt":"2024-06-24T06:07:26","slug":"videt-a-byt-viden","status":"publish","type":"post","link":"https:\/\/www.srovnator.cz\/clanky\/videt-a-byt-viden\/","title":{"rendered":"Vid\u011bt a b\u00fdt vid\u011bn"},"content":{"rendered":"<p><strong>Pro vozidla v silni\u010dn\u00ed doprav\u011b je naprostou samoz\u0159ejmost\u00ed, \u017ee jsou osv\u011btlen\u00e1, tak\u00e9 cyklist\u00e9 za sn\u00ed\u017een\u00e9 viditelnosti rozsv\u011bcuj\u00ed na sv\u00fdch kolech sv\u00edtilny. Pro\u010d stejn\u00e9 ned\u011blaj\u00ed se za\u017eitou samoz\u0159ejmost\u00ed chodci? \u201cJ\u00e1 p\u0159ece na tu cestu vid\u00edm, nen\u00ed \u00fapln\u00e1 tma!\u201d Ano, vy vid\u00edte, ale opravdu v\u00e1s bezpe\u010dn\u011b vid\u00ed i \u0159idi\u010di kolem jedouc\u00edch automobil\u016f?<\/strong><\/p>\n<img decoding=\"async\" width=\"645\" height=\"430\" src=\"https:\/\/storage.googleapis.com\/wp-resources\/srovnator.cz\/ng\/2022\/06\/248e23f4-chodec-na-silnici.jpg\" class=\" wp-post-image wp-stateless-item\" alt=\"Vid\u011bt a b\u00fdt vid\u011bn\" title=\"Vid\u011bt a b\u00fdt vid\u011bn\" data-image-size=\"full\" data-stateless-media-bucket=\"wp-resources\" data-stateless-media-name=\"srovnator.cz\/ng\/2022\/06\/248e23f4-chodec-na-silnici.jpg\" \/>\n<h2>1. Reflexn\u00ed prvky<\/h2>\n<p>Pokud se za \u0161era vyd\u00e1v\u00e1te na neosv\u011btlenou cestu, zva\u017ete jak\u00fd zvol\u00edte od\u011bv. D\u016fvodem k obav\u00e1m nen\u00ed to, \u017ee by v\u00e1s zastavila m\u00f3dn\u00ed policie, pokutovat v\u00e1s od 20. \u00fanora 2016 m\u016f\u017ee policie dopravn\u00ed a to na z\u00e1klad\u011b z\u00e1kona \u010d. 361\/2000 Sb., o silni\u010dn\u00edm provozu.<\/p>\n<ul>\n<li>V \u00a7 53, odst. 9 tohoto z\u00e1kona je uvedeno: \u201c<em>Pohybuje-li se chodec mimo obec za sn\u00ed\u017een\u00e9 viditelnosti po krajnici nebo po okraji vozovky v m\u00edst\u011b, kter\u00e9 nen\u00ed osv\u011btleno ve\u0159ejn\u00fdm osv\u011btlen\u00edm, je povinen m\u00edt na sob\u011b prvky z retroreflexn\u00edho materi\u00e1lu um\u00edst\u011bn\u00e9 tak, aby byly viditeln\u00e9 pro ostatn\u00ed \u00fa\u010dastn\u00edky provozu na pozemn\u00edch komunikac\u00edch.<\/em>\u201d<\/li>\n<li>P\u0159i nedodr\u017een\u00ed t\u00e9to povinnosti hroz\u00ed chodci pokuta a\u017e 2000 K\u010d v blokov\u00e9m \u0159\u00edzen\u00ed a 1500 a\u017e 2500 K\u010d ve spr\u00e1vn\u00edm \u0159\u00edzen\u00ed.<\/li>\n<li>Pro\u010d jsou reflexn\u00ed prvky tak d\u016fle\u017eit\u00e9? Proto\u017ee reflexn\u00ed materi\u00e1l je v noci vid\u011bt na v\u00edce ne\u017e 10x v\u011bt\u0161\u00ed vzd\u00e1lenost ne\u017e nap\u0159\u00edklad modr\u00e9 oble\u010den\u00ed. Viditelnost jednotliv\u00fdch barev od\u011bvu zn\u00e1zor\u0148uje n\u00e1sleduj\u00edc\u00ed graf.<img decoding=\"async\" src=\"https:\/\/storage.googleapis.com\/wp-resources\/srovnator.cz\/2021\/10\/viditelnost-chodce-podle-barvy-jeho-obleceni.png\" alt=\"Viditelnost chodce podle barvy jeho oble\u010den\u00ed\" title=\"Viditelnost chodce podle barvy jeho oble\u010den\u00ed\" width=\"100%\" \/><\/li>\n<li>Reflexn\u00ed prvky mus\u00ed odr\u00e1\u017eet sv\u011btlo, to je jejich hlavn\u00ed funkce, baterka ani mobiln\u00ed telefon tedy nejsou reflexn\u00edm prvkem a rozhodn\u011b nesta\u010d\u00ed.<\/li>\n<li>Reflexn\u00ed prvky mohou b\u00fdt n\u00e1sleduj\u00edc\u00ed:\n<ul>\n<li><strong>Reflexn\u00ed n\u00e1\u0161ivky<\/strong>, kter\u00e9 jsou sou\u010d\u00e1st\u00ed oble\u010den\u00ed (\u010dast\u00e9 zejm\u00e9na na d\u011btsk\u00e9m od\u011bvu, \u010di \u0161koln\u00edch bra\u0161n\u00e1ch).<\/li>\n<li><strong>Reflexn\u00ed p\u00e1sky<\/strong>, kter\u00e9 je doporu\u010deno umis\u0165ovat na konce ruk\u00e1v\u016f a bl\u00edzko ke kolen\u016fm, d\u00e1le tak\u00e9 na d\u011btsk\u00e9 ko\u010d\u00e1rky.<\/li>\n<li><strong>Reflexn\u00ed n\u00e1lepky<\/strong>, mo\u017en\u00e9 nalepit na batoh \u010di jin\u00e9 p\u0159\u00edru\u010dn\u00ed zavazadlo, u cyklist\u016f tak\u00e9 na p\u0159ilbu.<\/li>\n<li><strong>Reflexn\u00ed p\u0159\u00edv\u011b\u0161ky<\/strong>, mo\u017en\u00e9 pov\u011bsit na batoh \u010di jin\u00e9 p\u0159\u00edru\u010dn\u00ed zavazadlo.<\/li>\n<\/ul>\n<\/li>\n<\/ul>\n<h2>2. Chodci v ohro\u017een\u00ed<\/h2>\n<p>Statistiky ukazuj\u00ed, \u017ee nejv\u00edce ohro\u017een\u00fdmi skupinami chodc\u016f jsou:<\/p>\n<ul>\n<li>Senio\u0159i<\/li>\n<li>Sportovn\u011b zalo\u017een\u00ed lid\u00e9 (nap\u0159. b\u011b\u017eci, cyklist\u00e9)<\/li>\n<li>Teenage\u0159i<\/li>\n<li>Lid\u00e9 z men\u0161\u00edch m\u011bst a obc\u00ed<\/li>\n<li>\u0160kol\u00e1ci<\/li>\n<\/ul>\n<p>P\u0159esto\u017ee je ch\u016fze oproti j\u00edzd\u011b motorov\u00fdm vozidlem prosp\u011b\u0161n\u00e1 pro zdrav\u00ed i pro \u017eivotn\u00ed prost\u0159ed\u00ed, chodci jsou velmi zraniteln\u00ed a proto mus\u00ed respektovat ur\u010dit\u00e1 pravidla:<\/p>\n<ul>\n<li>Je-li to mo\u017en\u00e9, vyu\u017e\u00edvat k ch\u016fzi chodn\u00edk, nebo p\u00e1s zelen\u011b.<\/li>\n<li>P\u0159i ch\u016fzi po silnici chodit:\n<ul>\n<li>na kraji<\/li>\n<li>v z\u00e1stupu<\/li>\n<li>v protism\u011bru<\/li>\n<\/ul>\n<\/li>\n<li>B\u00ddT VID\u011aT &#8211; vyu\u017e\u00edvat reflexn\u00ed prvky!<\/li>\n<\/ul>\n<p>Obzvl\u00e1\u0161\u0165 p\u0159i <strong>zhor\u0161en\u00e9 viditelnosti<\/strong>, kterou nen\u00ed jen <strong>tma<\/strong> a <strong>\u0161ero<\/strong>, ale i <strong>mlha<\/strong>, <strong>d\u00e9\u0161\u0165<\/strong>, <strong>sn\u011b\u017een\u00ed<\/strong>, \u010di <strong>osln\u011bn\u00ed proti jedouc\u00edm vozidlem<\/strong>, maj\u00ed \u0159idi\u010di zhor\u0161en\u00fd p\u0159ehled o tom, kdo se pohybuje po krajnici. A p\u0159esto\u017ee existuje povinnost p\u0159izp\u016fsobit j\u00edzdu pov\u011btrnostn\u00edm podm\u00ednk\u00e1m, jedn\u00e1 se o \u017eivot a zdrav\u00ed chodc\u016f, kter\u00e9 jsou v ohro\u017een\u00ed! Chodec auto nejen vid\u00ed, ale na rozd\u00edl od \u0159idi\u010de i sly\u0161\u00ed, m\u00e1 tedy v\u011bt\u0161\u00ed p\u0159ehled a m\u016f\u017ee jedouc\u00edmu vozidlu ustoupit. Bu\u010fme vid\u011bt a chra\u0148me sv\u00e9 \u017eivoty!<\/p>\n<h2>3. Nehody mezi vozidlem a chodcem<\/h2>\n<p>V roce 2016 zem\u0159elo na pozemn\u00edch komunikac\u00edch 111 chodc\u016f a 595 jich bylo t\u011b\u017ece zran\u011bno. V podzimn\u00edch m\u011bs\u00edc\u00edch, kdy se za\u010d\u00edn\u00e1 brzo stm\u00edvat a lid\u00e9 i d\u011bti chod\u00ed \u010dasto z pr\u00e1ce \u010di ze \u0161kol za tmy, zahynulo na silnici a\u017e 3x v\u00edce lid\u00ed oproti letn\u00edm m\u011bs\u00edc\u016fm, kdy je sv\u011btlo a\u017e do pozdn\u00edch ve\u010dern\u00edch hodin. Dokl\u00e1d\u00e1 to n\u00e1sleduj\u00edc\u00ed graf:<\/p>\n<p><img decoding=\"async\" src=\"https:\/\/storage.googleapis.com\/wp-resources\/srovnator.cz\/2021\/10\/pocet-usmrcenych-chodcu-2016.png\" alt=\"Po\u010det usmrcen\u00fdch chodc\u016f 2016\" title=\"Po\u010det usmrcen\u00fdch chodc\u016f 2016\" width=\"100%\" \/><\/p>\n<h2>4. Obez\u0159etnost \u0159idi\u010d\u016f<\/h2>\n<p>Sv\u00edtit za j\u00edzdy je povinn\u00e9. Je t\u0159eba pravideln\u011b <strong>kontrolovat funk\u010dnost sv\u011btlomet\u016f<\/strong>, vozit s sebou <strong>n\u00e1hradn\u00ed \u017e\u00e1rovky<\/strong> a udr\u017eovat nejen <strong>\u010dist\u00e9 p\u0159edn\u00ed sklo<\/strong>, ale i sv\u011btla. V neosv\u011btlen\u00fdch oblastech vyu\u017e\u00edvat <strong>d\u00e1lkov\u00e1 sv\u011btla<\/strong> a p\u0159i jejich vypnut\u00ed z d\u016fvodu j\u00edzdy proti jedouc\u00edho vozidla <strong>sn\u00ed\u017eit rychlost<\/strong>.<\/p>\n<p>Pokud kupujete <a href=\"\/havarijni-pojisteni\/\">nov\u00fd automobil<\/a>, m\u016f\u017eete p\u0159i v\u00fdb\u011bru zohlednit i modern\u00ed funkce, kter\u00e9 chr\u00e1n\u00ed pr\u00e1v\u011b chodce. A\u0165 u\u017e je to <strong>syst\u00e9m detekce chodc\u016f a cyklist\u016f<\/strong> s funkc\u00ed automatick\u00e9ho brzd\u011bn\u00ed, nebo nap\u0159\u00edklad <strong>aktivn\u00ed kapota<\/strong>, kter\u00e1 se p\u0159i kolizi s chodcem nadzvedne a sn\u00ed\u017e\u00ed se t\u00edm riziko zran\u011bn\u00ed chodce, proto\u017ee vznikne ur\u010dit\u00e1 \u201cochrann\u00e1 z\u00f3na\u201d mezi kapotou a tvrd\u00fdmi \u010d\u00e1stmi motoru.<\/p>\n","protected":false},"excerpt":{"rendered":"<p>Reflexn\u00ed prvky zachra\u0148uj\u00ed \u017eivoty chodc\u016f. Z\u00e1kon \u010d. 361\/2000 Sb., o silni\u010dn\u00edm provozu stanovuje jejich pou\u017eit\u00ed mimo obec za sn\u00ed\u017een\u00e9 viditelnosti jako povinnost.<\/p>\n","protected":false},"author":7,"featured_media":3805,"comment_status":"closed","ping_status":"closed","sticky":false,"template":"","format":"standard","meta":{"_acf_changed":false,"footnotes":""},"categories":[1],"tags":[394,657,372,605,620,504],"class_list":["post-3804","post","type-post","status-publish","format-standard","has-post-thumbnail","hentry","category-ostatni","tag-bezpecna-jizda","tag-mlha","tag-pokuta","tag-reflexni-prvky","tag-riziko","tag-viditelnost"],"acf":{"znacka":"","model":"","objem":"","vyrobeno":"","vykon":"","velikost_1":"","velikost_2":"","velikost_3":"","velikost_4":"","roky":"","roky_velikost_1":"","roky_velikost_2":"","roky_velikost_3":"","roky_velikost_4":"","pocet_kalkulaci":0,"page_post_meta_bread":"Vid\u011bt a b\u00fdt vid\u011bn","page_post_meta_bread_child":"","page_post_meta_script_head":"","page_post_meta_leaving_screen":"cat"},"yoast_head":"<!-- This site is optimized with the Yoast SEO plugin v25.5 - https:\/\/yoast.com\/wordpress\/plugins\/seo\/ -->\n<title>Reflexn\u00ed prvky - Srovn\u00e1tor.cz<\/title>\n<meta name=\"description\" content=\"Reflexn\u00ed prvky zachra\u0148uj\u00ed \u017eivoty chodc\u016f. Z\u00e1kon \u010d. 361\/2000 Sb., o silni\u010dn\u00edm provozu stanovuje jejich pou\u017eit\u00ed mimo obec za sn\u00ed\u017een\u00e9 viditelnosti jako povinnost.\" \/>\n<meta name=\"robots\" content=\"index, follow, max-snippet:-1, max-image-preview:large, max-video-preview:-1\" \/>\n<link rel=\"canonical\" href=\"https:\/\/www.srovnator.cz\/clanky\/videt-a-byt-viden\/\" \/>\n<meta property=\"og:locale\" content=\"cs_CZ\" \/>\n<meta property=\"og:type\" content=\"article\" \/>\n<meta property=\"og:title\" content=\"Reflexn\u00ed prvky - Srovn\u00e1tor.cz\" \/>\n<meta property=\"og:description\" content=\"Reflexn\u00ed prvky zachra\u0148uj\u00ed \u017eivoty chodc\u016f. Z\u00e1kon \u010d. 361\/2000 Sb., o silni\u010dn\u00edm provozu stanovuje jejich pou\u017eit\u00ed mimo obec za sn\u00ed\u017een\u00e9 viditelnosti jako povinnost.\" \/>\n<meta property=\"og:url\" content=\"https:\/\/www.srovnator.cz\/clanky\/videt-a-byt-viden\/\" \/>\n<meta property=\"og:site_name\" content=\"Srovn\u00e1tor.cz\" \/>\n<meta property=\"article:publisher\" content=\"https:\/\/www.facebook.com\/srovnator\/\" \/>\n<meta property=\"article:published_time\" content=\"2017-05-28T18:00:00+00:00\" \/>\n<meta property=\"article:modified_time\" content=\"2024-06-24T06:07:26+00:00\" \/>\n<meta property=\"og:image\" content=\"https:\/\/storage.googleapis.com\/wp-resources\/srovnator.cz\/ng\/2022\/06\/248e23f4-chodec-na-silnici.jpg\" \/>\n\t<meta property=\"og:image:width\" content=\"645\" \/>\n\t<meta property=\"og:image:height\" content=\"430\" \/>\n\t<meta property=\"og:image:type\" content=\"image\/jpeg\" \/>\n<meta name=\"author\" content=\"Martin Straka\" \/>\n<meta name=\"twitter:card\" content=\"summary_large_image\" \/>\n<meta name=\"twitter:creator\" content=\"@Srovnator_czech\" \/>\n<meta name=\"twitter:site\" content=\"@Srovnator_czech\" \/>\n<meta name=\"twitter:label1\" content=\"Written by\" \/>\n\t<meta name=\"twitter:data1\" content=\"Martin Straka\" \/>\n\t<meta name=\"twitter:label2\" content=\"Est. reading time\" \/>\n\t<meta name=\"twitter:data2\" content=\"4 minutes\" \/>\n<script type=\"application\/ld+json\" class=\"yoast-schema-graph\">{\"@context\":\"https:\/\/schema.org\",\"@graph\":[{\"@type\":\"WebPage\",\"@id\":\"https:\/\/www.srovnator.cz\/clanky\/videt-a-byt-viden\/\",\"url\":\"https:\/\/www.srovnator.cz\/clanky\/videt-a-byt-viden\/\",\"name\":\"Reflexn\u00ed prvky - Srovn\u00e1tor.cz\",\"isPartOf\":{\"@id\":\"https:\/\/www.srovnator.cz\/#website\"},\"primaryImageOfPage\":{\"@id\":\"https:\/\/www.srovnator.cz\/clanky\/videt-a-byt-viden\/#primaryimage\"},\"image\":{\"@id\":\"https:\/\/www.srovnator.cz\/clanky\/videt-a-byt-viden\/#primaryimage\"},\"thumbnailUrl\":\"https:\/\/storage.googleapis.com\/wp-resources\/srovnator.cz\/ng\/2022\/06\/248e23f4-chodec-na-silnici.jpg\",\"datePublished\":\"2017-05-28T18:00:00+00:00\",\"dateModified\":\"2024-06-24T06:07:26+00:00\",\"author\":{\"@id\":\"https:\/\/www.srovnator.cz\/#\/schema\/person\/f2be3ec81eda7dd06cf658cc9aa974ff\"},\"description\":\"Reflexn\u00ed prvky zachra\u0148uj\u00ed \u017eivoty chodc\u016f. Z\u00e1kon \u010d. 361\/2000 Sb., o silni\u010dn\u00edm provozu stanovuje jejich pou\u017eit\u00ed mimo obec za sn\u00ed\u017een\u00e9 viditelnosti jako povinnost.\",\"inLanguage\":\"cs-CZ\",\"potentialAction\":[{\"@type\":\"ReadAction\",\"target\":[\"https:\/\/www.srovnator.cz\/clanky\/videt-a-byt-viden\/\"]}]},{\"@type\":\"ImageObject\",\"inLanguage\":\"cs-CZ\",\"@id\":\"https:\/\/www.srovnator.cz\/clanky\/videt-a-byt-viden\/#primaryimage\",\"url\":\"https:\/\/storage.googleapis.com\/wp-resources\/srovnator.cz\/ng\/2022\/06\/248e23f4-chodec-na-silnici.jpg\",\"contentUrl\":\"https:\/\/storage.googleapis.com\/wp-resources\/srovnator.cz\/ng\/2022\/06\/248e23f4-chodec-na-silnici.jpg\",\"width\":645,\"height\":430,\"caption\":\"Vid\u011bt a b\u00fdt vid\u011bn\"},{\"@type\":\"WebSite\",\"@id\":\"https:\/\/www.srovnator.cz\/#website\",\"url\":\"https:\/\/www.srovnator.cz\/\",\"name\":\"Srovn\u00e1tor.cz\",\"description\":\"\",\"potentialAction\":[{\"@type\":\"SearchAction\",\"target\":{\"@type\":\"EntryPoint\",\"urlTemplate\":\"https:\/\/www.srovnator.cz\/?s={search_term_string}\"},\"query-input\":{\"@type\":\"PropertyValueSpecification\",\"valueRequired\":true,\"valueName\":\"search_term_string\"}}],\"inLanguage\":\"cs-CZ\"},{\"@type\":\"Person\",\"@id\":\"https:\/\/www.srovnator.cz\/#\/schema\/person\/f2be3ec81eda7dd06cf658cc9aa974ff\",\"name\":\"Martin Straka\",\"image\":{\"@type\":\"ImageObject\",\"inLanguage\":\"cs-CZ\",\"@id\":\"https:\/\/www.srovnator.cz\/#\/schema\/person\/image\/\",\"url\":\"https:\/\/secure.gravatar.com\/avatar\/e91ecfaa01852a8f16b9f65e2ab5c2102d2bb71b2b029fd130ff6c5d21492f36?s=96&d=mm&r=g\",\"contentUrl\":\"https:\/\/secure.gravatar.com\/avatar\/e91ecfaa01852a8f16b9f65e2ab5c2102d2bb71b2b029fd130ff6c5d21492f36?s=96&d=mm&r=g\",\"caption\":\"Martin Straka\"},\"description\":\"Martin Straka je \u0159editelem klientsk\u00e9ho centra a p\u00e9\u010de o z\u00e1kazn\u00edky. Se sv\u00fdm t\u00fdmem poskytuje z\u00e1kazn\u00edk\u016fm Srovn\u00e1tor.cz \u0161pi\u010dkov\u00fd servis a dohl\u00ed\u017e\u00ed na to, aby na\u0161e procesy byly efektivn\u00ed a z\u00e1kazn\u00edci byli spokojen\u00ed nejen p\u0159i sjedn\u00e1n\u00ed nov\u00e9ho produktu, ale i kdykoliv pot\u0159ebuj\u00ed s n\u011b\u010d\u00edm pomoci. Jeho \u010dl\u00e1nky informuj\u00ed nejen o nejnov\u011bj\u0161\u00edch trendech a aktu\u00e1ln\u00edch t\u00e9matech, ale p\u0159in\u00e1\u0161\u00ed i praktick\u00e9 a zaj\u00edmav\u00e9 tipy z r\u016fzn\u00fdch oblast\u00ed b\u011b\u017en\u00e9ho \u017eivota.\",\"url\":\"https:\/\/www.srovnator.cz\/autori\/martin-straka\/\"}]}<\/script>\n<!-- \/ Yoast SEO plugin. -->","yoast_head_json":{"title":"Reflexn\u00ed prvky - Srovn\u00e1tor.cz","description":"Reflexn\u00ed prvky zachra\u0148uj\u00ed \u017eivoty chodc\u016f. Z\u00e1kon \u010d. 361\/2000 Sb., o silni\u010dn\u00edm provozu stanovuje jejich pou\u017eit\u00ed mimo obec za sn\u00ed\u017een\u00e9 viditelnosti jako povinnost.","robots":{"index":"index","follow":"follow","max-snippet":"max-snippet:-1","max-image-preview":"max-image-preview:large","max-video-preview":"max-video-preview:-1"},"canonical":"https:\/\/www.srovnator.cz\/clanky\/videt-a-byt-viden\/","og_locale":"cs_CZ","og_type":"article","og_title":"Reflexn\u00ed prvky - Srovn\u00e1tor.cz","og_description":"Reflexn\u00ed prvky zachra\u0148uj\u00ed \u017eivoty chodc\u016f. Z\u00e1kon \u010d. 361\/2000 Sb., o silni\u010dn\u00edm provozu stanovuje jejich pou\u017eit\u00ed mimo obec za sn\u00ed\u017een\u00e9 viditelnosti jako povinnost.","og_url":"https:\/\/www.srovnator.cz\/clanky\/videt-a-byt-viden\/","og_site_name":"Srovn\u00e1tor.cz","article_publisher":"https:\/\/www.facebook.com\/srovnator\/","article_published_time":"2017-05-28T18:00:00+00:00","article_modified_time":"2024-06-24T06:07:26+00:00","og_image":[{"width":645,"height":430,"url":"https:\/\/storage.googleapis.com\/wp-resources\/srovnator.cz\/ng\/2022\/06\/248e23f4-chodec-na-silnici.jpg","type":"image\/jpeg"}],"author":"Martin Straka","twitter_card":"summary_large_image","twitter_creator":"@Srovnator_czech","twitter_site":"@Srovnator_czech","twitter_misc":{"Written by":"Martin Straka","Est. reading time":"4 minutes"},"schema":{"@context":"https:\/\/schema.org","@graph":[{"@type":"WebPage","@id":"https:\/\/www.srovnator.cz\/clanky\/videt-a-byt-viden\/","url":"https:\/\/www.srovnator.cz\/clanky\/videt-a-byt-viden\/","name":"Reflexn\u00ed prvky - Srovn\u00e1tor.cz","isPartOf":{"@id":"https:\/\/www.srovnator.cz\/#website"},"primaryImageOfPage":{"@id":"https:\/\/www.srovnator.cz\/clanky\/videt-a-byt-viden\/#primaryimage"},"image":{"@id":"https:\/\/www.srovnator.cz\/clanky\/videt-a-byt-viden\/#primaryimage"},"thumbnailUrl":"https:\/\/storage.googleapis.com\/wp-resources\/srovnator.cz\/ng\/2022\/06\/248e23f4-chodec-na-silnici.jpg","datePublished":"2017-05-28T18:00:00+00:00","dateModified":"2024-06-24T06:07:26+00:00","author":{"@id":"https:\/\/www.srovnator.cz\/#\/schema\/person\/f2be3ec81eda7dd06cf658cc9aa974ff"},"description":"Reflexn\u00ed prvky zachra\u0148uj\u00ed \u017eivoty chodc\u016f. Z\u00e1kon \u010d. 361\/2000 Sb., o silni\u010dn\u00edm provozu stanovuje jejich pou\u017eit\u00ed mimo obec za sn\u00ed\u017een\u00e9 viditelnosti jako povinnost.","inLanguage":"cs-CZ","potentialAction":[{"@type":"ReadAction","target":["https:\/\/www.srovnator.cz\/clanky\/videt-a-byt-viden\/"]}]},{"@type":"ImageObject","inLanguage":"cs-CZ","@id":"https:\/\/www.srovnator.cz\/clanky\/videt-a-byt-viden\/#primaryimage","url":"https:\/\/storage.googleapis.com\/wp-resources\/srovnator.cz\/ng\/2022\/06\/248e23f4-chodec-na-silnici.jpg","contentUrl":"https:\/\/storage.googleapis.com\/wp-resources\/srovnator.cz\/ng\/2022\/06\/248e23f4-chodec-na-silnici.jpg","width":645,"height":430,"caption":"Vid\u011bt a b\u00fdt vid\u011bn"},{"@type":"WebSite","@id":"https:\/\/www.srovnator.cz\/#website","url":"https:\/\/www.srovnator.cz\/","name":"Srovn\u00e1tor.cz","description":"","potentialAction":[{"@type":"SearchAction","target":{"@type":"EntryPoint","urlTemplate":"https:\/\/www.srovnator.cz\/?s={search_term_string}"},"query-input":{"@type":"PropertyValueSpecification","valueRequired":true,"valueName":"search_term_string"}}],"inLanguage":"cs-CZ"},{"@type":"Person","@id":"https:\/\/www.srovnator.cz\/#\/schema\/person\/f2be3ec81eda7dd06cf658cc9aa974ff","name":"Martin Straka","image":{"@type":"ImageObject","inLanguage":"cs-CZ","@id":"https:\/\/www.srovnator.cz\/#\/schema\/person\/image\/","url":"https:\/\/secure.gravatar.com\/avatar\/e91ecfaa01852a8f16b9f65e2ab5c2102d2bb71b2b029fd130ff6c5d21492f36?s=96&d=mm&r=g","contentUrl":"https:\/\/secure.gravatar.com\/avatar\/e91ecfaa01852a8f16b9f65e2ab5c2102d2bb71b2b029fd130ff6c5d21492f36?s=96&d=mm&r=g","caption":"Martin Straka"},"description":"Martin Straka je \u0159editelem klientsk\u00e9ho centra a p\u00e9\u010de o z\u00e1kazn\u00edky. Se sv\u00fdm t\u00fdmem poskytuje z\u00e1kazn\u00edk\u016fm Srovn\u00e1tor.cz \u0161pi\u010dkov\u00fd servis a dohl\u00ed\u017e\u00ed na to, aby na\u0161e procesy byly efektivn\u00ed a z\u00e1kazn\u00edci byli spokojen\u00ed nejen p\u0159i sjedn\u00e1n\u00ed nov\u00e9ho produktu, ale i kdykoliv pot\u0159ebuj\u00ed s n\u011b\u010d\u00edm pomoci. Jeho \u010dl\u00e1nky informuj\u00ed nejen o nejnov\u011bj\u0161\u00edch trendech a aktu\u00e1ln\u00edch t\u00e9matech, ale p\u0159in\u00e1\u0161\u00ed i praktick\u00e9 a zaj\u00edmav\u00e9 tipy z r\u016fzn\u00fdch oblast\u00ed b\u011b\u017en\u00e9ho \u017eivota.","url":"https:\/\/www.srovnator.cz\/autori\/martin-straka\/"}]}},"amp_enabled":true,"_links":{"self":[{"href":"https:\/\/www.srovnator.cz\/rest_api\/wp\/v2\/posts\/3804","targetHints":{"allow":["GET"]}}],"collection":[{"href":"https:\/\/www.srovnator.cz\/rest_api\/wp\/v2\/posts"}],"about":[{"href":"https:\/\/www.srovnator.cz\/rest_api\/wp\/v2\/types\/post"}],"author":[{"embeddable":true,"href":"https:\/\/www.srovnator.cz\/rest_api\/wp\/v2\/users\/7"}],"replies":[{"embeddable":true,"href":"https:\/\/www.srovnator.cz\/rest_api\/wp\/v2\/comments?post=3804"}],"version-history":[{"count":1,"href":"https:\/\/www.srovnator.cz\/rest_api\/wp\/v2\/posts\/3804\/revisions"}],"predecessor-version":[{"id":10365,"href":"https:\/\/www.srovnator.cz\/rest_api\/wp\/v2\/posts\/3804\/revisions\/10365"}],"wp:featuredmedia":[{"embeddable":true,"href":"https:\/\/www.srovnator.cz\/rest_api\/wp\/v2\/media\/3805"}],"wp:attachment":[{"href":"https:\/\/www.srovnator.cz\/rest_api\/wp\/v2\/media?parent=3804"}],"wp:term":[{"taxonomy":"category","embeddable":true,"href":"https:\/\/www.srovnator.cz\/rest_api\/wp\/v2\/categories?post=3804"},{"taxonomy":"post_tag","embeddable":true,"href":"https:\/\/www.srovnator.cz\/rest_api\/wp\/v2\/tags?post=3804"}],"curies":[{"name":"wp","href":"https:\/\/api.w.org\/{rel}","templated":true}]}}