{"id":4056,"date":"2018-01-09T22:00:00","date_gmt":"2018-01-09T21:00:00","guid":{"rendered":"https:\/\/www.srovnator.cz\/clanky\/ostatni\/cesti-a-ceskoslovensti-prezidenti-a-jejich-vozovy-park\/"},"modified":"2024-06-24T08:07:24","modified_gmt":"2024-06-24T06:07:24","slug":"cesti-a-ceskoslovensti-prezidenti-a-jejich-vozovy-park","status":"publish","type":"post","link":"https:\/\/www.srovnator.cz\/clanky\/cesti-prezidenti-a-jejich-vozovy-park\/","title":{"rendered":"\u010ce\u0161t\u00ed a \u010ceskosloven\u0161t\u00ed prezidenti a jejich vozov\u00fd park"},"content":{"rendered":"<p><strong>Nejvy\u0161\u0161\u00ed vl\u00e1dn\u00ed p\u0159edstavitel\u00e9 \u010dasto vyu\u017e\u00edvaj\u00ed vlastn\u00edch zdroj\u016f, proto i p\u0159i v\u00fdb\u011bru automobilu hraje n\u00e1rodn\u00ed hrdost a heslo: \u201cCo je doma, to se po\u010d\u00edt\u00e1\u201d v\u00fdznamnou roli.<\/strong><\/p>\n<h2>Tom\u00e1\u0161 Garrigue Masaryk (1918 &#8211; 1935)<\/h2>\n<ul>\n<li><strong>Laurin &#038; Klement S 200<\/strong><br \/>Laurin &#038; Klement t\u0159\u00eddy S byl osobn\u00ed automobil stejnojmenn\u00e9 automobilky, vyr\u00e1b\u011bn\u00fd v letech 1911 &#8211; 1924. Jednalo se o \u0159adov\u00fd \u010dty\u0159v\u00e1lec s ulo\u017een\u00edm vp\u0159edu a pohonem zadn\u00edch kol.<\/li>\n<li><strong>Praga Grand<\/strong><br \/>Luxusn\u00ed automobil libe\u0148sk\u00e9 automobilky pat\u0159il se sv\u00fdmi technick\u00fdmi parametry, v\u00fdbavou a cenou mezi \u0161pi\u010dkov\u00e9 vozy. Vozy byly vyr\u00e1b\u011bny se \u010dty\u0159 a osmiv\u00e1lcov\u00fdm motorem v proveden\u00edch \u0161estim\u00edstn\u00e9 limuz\u00edny a faeton (kabriolet s pl\u00e1t\u011bnou st\u0159echou).<\/li>\n<\/ul>\n<img decoding=\"async\" width=\"645\" height=\"484\" src=\"https:\/\/storage.googleapis.com\/wp-resources\/srovnator.cz\/ng\/2022\/06\/a9b3060b-10-1-2018-cesti-prezidenti-a-jejich-vozovy-park-1.jpg\" class=\" wp-post-image wp-stateless-item\" alt=\"\u010ce\u0161t\u00ed a \u010ceskosloven\u0161t\u00ed prezidenti a jejich vozov\u00fd park\" title=\"\u010ce\u0161t\u00ed a \u010ceskosloven\u0161t\u00ed prezidenti a jejich vozov\u00fd park\" data-image-size=\"full\" data-stateless-media-bucket=\"wp-resources\" data-stateless-media-name=\"srovnator.cz\/ng\/2022\/06\/a9b3060b-10-1-2018-cesti-prezidenti-a-jejich-vozovy-park-1.jpg\" \/>\n<ul>\n<li><strong>Hispano-Suiza 25\/100 HP<\/strong><br \/>Prvn\u00ed v\u016fz vyroben\u00fd v Plzni v roce 1926 zakoupila Kancel\u00e1\u0159 prezidenta republiky za 280 000 K\u010d. Tento pro \u010cechy krkolomn\u00fd n\u00e1zev m\u011bl z\u00e1rodek v p\u016fvodn\u00ed \u0161pan\u011blsko-francouzsk\u00e9 spole\u010dnosti Hispano- Suiza, kter\u00e1 s\u00eddlila v Barcelon\u011b a jej\u00ed\u017e licenci \u0160koda z\u00edskala. Automobil disponoval \u0159adov\u00fdm \u0161estiv\u00e1lcem a mechanick\u00fdm posilova\u010dem brzd. Tento v\u016fz vlastnili kr\u00e1lov\u00e9, \u0161lechtici, bank\u00e9\u0159i a dal\u0161\u00ed v\u00fdznamn\u00e9 osoby, pro kter\u00e9 byl zna\u010dkou luxusu.<\/li>\n<li><strong>Tatra 80 Landaulet<\/strong><br \/>Nejv\u011bt\u0161\u00ed a nejdra\u017e\u0161\u00ed luxusn\u00ed automobil firmy Tatra Kop\u0159ivnice byl ve\u0159ejnosti p\u0159edstaven v roce 1930. Prezident vlastnil v\u016fz s karoseri\u00ed landaulet &#8211; limuz\u00ednu se skl\u00e1p\u011bc\u00ed st\u0159echou. Masaryk vlastnil v\u016fz s pozn\u00e1vac\u00ed zna\u010dkou P-24 284 a\u017e do sv\u00e9 smrti roku 1937.<\/li>\n<\/ul>\n<p><img decoding=\"async\" src=\"https:\/\/storage.googleapis.com\/wp-resources\/srovnator.cz\/2021\/10\/10-1-2018-cesti-prezidenti-a-jejich-vozovy-park-2.jpg\" alt=\"2. \u010ce\u0161t\u00ed prezidenti a jejich vozov\u00fd park: Tatra 80 Landaulet\" title=\"2. \u010ce\u0161t\u00ed prezidenti a jejich vozov\u00fd park: Tatra 80 Landaulet\" width=\"100%\" \/><\/p>\n<h2>Edvard Bene\u0161 ( 1935 &#8211; 1938, 1945 &#8211; 1948)<\/h2>\n<p>Prezident Edvard Bene\u0161 si b\u011bhem sv\u00e9ho \u00fa\u0159adu za\u017eil 2 abdikace: po uzav\u0159en\u00ed Mnichovsk\u00e9 smlouvy v roce 1938 a po p\u0159evzet\u00ed vl\u00e1dy Komunistickou stranou v roce 1948. P\u0159esto ale st\u00e1le p\u016fsobil jako politik a pozd\u011bji jako prezident v exilu ve Velk\u00e9 Brit\u00e1nii. I p\u0159es slo\u017eitou politickou situaci to byl jen mu\u017e, kter\u00fd si r\u00e1d u\u017e\u00edval luxusn\u00edch aut:<\/p>\n<ul>\n<li><strong>Tatra 80<\/strong><\/li>\n<li><strong>Aero 50<\/strong><br \/>Tento v\u016fz, karosovan\u00fd ve Vysok\u00e9m M\u00fdt\u011b vyu\u017e\u00edvala sp\u00ed\u0161e Hana Bene\u0161ov\u00e1 &#8211; man\u017eelka prezidenta Edvarda Bene\u0161e a to p\u0159ev\u00e1\u017en\u011b na \u00fazem\u00ed Velk\u00e9 Brit\u00e1nie, kam byl podle dostupn\u00fdch informac\u00ed p\u0159evezen v rozebran\u00e9m stavu.<\/li>\n<li><strong>Tatra 70a<\/strong><br \/>Luxusn\u00ed limuz\u00edna kop\u0159ivnick\u00e9 firmy odvezla prezidenta na leti\u0161t\u011b Ruzyn\u011b v roce 1938, ze kter\u00e9ho odlet\u011bl do exilu.<\/li>\n<li><strong>Daimler<\/strong><br \/>Dva modely Daimler si Bene\u0161 obl\u00edbil v exilu tak, \u017ee si je p\u0159ivezl i s sebou do \u010ceskoslovenska. Daimler Motor Company byla nejstar\u0161\u00ed britsk\u00e1 automobilka, zalo\u017een\u00e1 koncem 19. stolet\u00ed, kter\u00e1 vyr\u00e1b\u011bla luxusn\u00ed automobily jako ofici\u00e1ln\u00ed vozy pro \u010dleny britsk\u00e9 rodiny.<\/li>\n<\/ul>\n<h2>Emil H\u00e1cha (1938 &#8211; 1945)<\/h2>\n<ul>\n<li><strong>Tatra 70A<\/strong><\/li>\n<li><strong>Praga Golden<\/strong><\/li>\n<li><strong>Mercedes Benz 770<\/strong><br \/>Po tom, co protektor\u00e1tn\u00ed prezident podlehl nacistick\u00e9mu n\u00e1tlaku a ve\u0159ejn\u011b odsoudil atent\u00e1t na Heydricha a po vyp\u00e1len\u00ed obc\u00ed Lidice a Le\u017e\u00e1ky roku 1942, obdr\u017eel H\u00e1cha od Hitlera osobn\u00ed dar &#8211; velk\u00fd luxusn\u00ed automobil s osmi v\u00e1lci, ve kter\u00e9m se vozil i samotn\u00fd Hitler, Heydrich, Himmler i G\u00f6ring.<\/li>\n<\/ul>\n<p><img decoding=\"async\" src=\"https:\/\/storage.googleapis.com\/wp-resources\/srovnator.cz\/2021\/10\/10-1-2018-cesti-prezidenti-a-jejich-vozovy-park-3.jpg\" alt=\"3. \u010ce\u0161t\u00ed prezidenti a jejich vozov\u00fd park: Mercedes Benz 770\" title=\"3. \u010ce\u0161t\u00ed prezidenti a jejich vozov\u00fd park: Mercedes Benz 770\" width=\"100%\" \/><\/p>\n<h2>Klement Gottwald (1948 &#8211; 1953)<\/h2>\n<ul>\n<li><strong>Daimler<\/strong><\/li>\n<li><strong>ZIS 110<\/strong><br \/>Tyto rusk\u00e9 limuz\u00edny p\u0159edstaven\u00e9 v roce 1946 byly \u010dasto vyu\u017e\u00edvan\u00e9 jako dar Stalinovi diktatury komunistick\u00fdm vl\u00e1d\u00e1m po cel\u00e9m sv\u011bt\u011b. Prvn\u00ed sov\u011btsk\u00fd p\u0159ehl\u00eddkov\u00fd v\u016fz v proveden\u00ed kabriolet vlastnil i Klement Gottwald.<\/li>\n<li><strong>\u0160koda VOS<\/strong><br \/>Panc\u00e9\u0159ovan\u00fd speci\u00e1l se zkratkou VOS &#8211; vl\u00e1dn\u00ed osobn\u00ed speci\u00e1l byl vyr\u00e1b\u011bn automobilkou \u0160koda ve spolupr\u00e1ci s Karosou. Tento t\u00e9m\u011b\u0159 \u0161estimetrov\u00fd v\u016fz v\u00e1\u017eil kolem 4 tun a byl mimo jin\u00e9 vybaven bezpe\u010dnostn\u00edmi nepr\u016fst\u0159eln\u00fdmi skly, r\u00e1diem a vys\u00edla\u010dkou.<\/li>\n<\/ul>\n<p><img decoding=\"async\" src=\"https:\/\/storage.googleapis.com\/wp-resources\/srovnator.cz\/2021\/10\/10-1-2018-cesti-prezidenti-a-jejich-vozovy-park-4.jpg\" alt=\"4. \u010ce\u0161t\u00ed prezidenti a jejich vozov\u00fd park: \u0160koda VOS\" title=\"4. \u010ce\u0161t\u00ed prezidenti a jejich vozov\u00fd park: \u0160koda VOS\" width=\"100%\" \/><\/p>\n<h2>Anton\u00edn Z\u00e1potock\u00fd (1953 &#8211; 1957)<\/h2>\n<ul>\n<li><strong>\u0160koda VOS<\/strong><\/li>\n<li><strong>GAZ 12-ZIM<\/strong><br \/>T\u00e9m\u011b\u0159 \u0161estimetrov\u00e1 dvoutunov\u00e1 limuz\u00edna sov\u011btsk\u00e9ho p\u016fvodu byla vyu\u017e\u00edv\u00e1na p\u0159edev\u0161\u00edm sov\u011btskou tajnou polici\u00ed (NKVD) a st\u00e1tn\u00ed bezpe\u010dnost\u00ed v NDR k zat\u00fdk\u00e1n\u00ed nepohodln\u00fdch osob. V NDR si vyslou\u017eil p\u0159ezd\u00edvku \u201c\u010cern\u00fd havran\u201d (Schwarzer Rabe). N\u00e1zev automobilu vych\u00e1z\u00ed z m\u00edsta produkce tov\u00e1rny ZIM (Zavod Imeni Molotova) ve m\u011bst\u011b Gorkij, kter\u00e1 byla fin\u00e1ln\u011b p\u0159ejmenov\u00e1na na GAZ (Gorkovskij AvtoZavod).<\/li>\n<li><strong>ZIL 111<\/strong><br \/>Luxusn\u00ed limuz\u00edna rusk\u00e9 automobilky se s\u00eddlem v Moskv\u011b (Zavod Imeni Licha\u010deva) byla vybavena ventilac\u00ed, topen\u00edm, r\u00e1diem ovladateln\u00fdm i ze zadn\u00edch sedadel, elektrick\u00fdmi okny atd. Jej\u00ed interi\u00e9r byl pota\u017een k\u016f\u017e\u00ed \u0161pi\u010dkov\u00e9 kvality, detaily dekorov\u00e1ny le\u0161t\u011bn\u00fdm d\u0159evem a podlahu zdobil tlust\u00fd ply\u0161ov\u00fd koberec.<\/li>\n<\/ul>\n<p><img decoding=\"async\" src=\"https:\/\/storage.googleapis.com\/wp-resources\/srovnator.cz\/2021\/10\/10-1-2018-cesti-prezidenti-a-jejich-vozovy-park-5.jpg\" alt=\"5. \u010ce\u0161t\u00ed prezidenti a jejich vozov\u00fd park: ZIL 111\" title=\"5. \u010ce\u0161t\u00ed prezidenti a jejich vozov\u00fd park: ZIL 111\" width=\"100%\" \/><\/p>\n<h2>Anton\u00edn Novotn\u00fd (1957 &#8211; 1968)<\/h2>\n<ul>\n<li><strong>GAZ 12-ZIM<\/strong><\/li>\n<li><strong>ZIL 111<\/strong><\/li>\n<\/ul>\n<h2>Ludv\u00edk Svoboda (1968 &#8211; 1975)<\/h2>\n<ul>\n<li><strong>GAZ M-13<\/strong><br \/>Tento rusk\u00fd automobil byl zn\u00e1m pod n\u00e1zvem \u010cajka (\u201cracek\u201d).<\/li>\n<\/ul>\n<h2>Gustav Hus\u00e1k (1975 &#8211; 1989)<\/h2>\n<ul>\n<li><strong>ZIL 114<\/strong><br \/>V\u016fz byl vylep\u0161en\u00edm p\u016fvodn\u00edho ZIL 111. V\u00fdkon motoru se zv\u00fd\u0161il o 30 procent a maxim\u00e1ln\u00ed rychlost dosahovala 170 &#8211; 200 km\/h.<\/li>\n<li><strong>ZIL 115<\/strong><br \/>Rusk\u00fd panc\u00e9\u0159ovan\u00fd v\u016fz byl vybaven podlahou, kter\u00e1 odolala i n\u00e1\u0161lapn\u00fdm min\u00e1m.<\/li>\n<li><strong>Tatra 603 a 613<\/strong><br \/>N\u00e1vrat k \u010desk\u00e9 produkci zapo\u010dal u kop\u0159ivnick\u00e9 automobilky.<\/li>\n<\/ul>\n<p><img decoding=\"async\" src=\"https:\/\/storage.googleapis.com\/wp-resources\/srovnator.cz\/2021\/10\/10-1-2018-cesti-prezidenti-a-jejich-vozovy-park-6.jpg\" alt=\"6. \u010ce\u0161t\u00ed prezidenti a jejich vozov\u00fd park: ZIL 111\" title=\"6. \u010ce\u0161t\u00ed prezidenti a jejich vozov\u00fd park: ZIL 111\" width=\"100%\" \/><\/p>\n<h2>V\u00e1clav Havel (1990 &#8211; 2003)<\/h2>\n<p>V\u00e1clav Havel jako \u010dlov\u011bk za sv\u016fj \u017eivot vyst\u0159\u00eddal mnoho voz\u016f, byl toti\u017e v\u00e1\u0161niv\u00fdm \u0159idi\u010dem, kter\u00fd se aktivn\u011b zaj\u00edmal i o \u010deskou \u0160kodu. V roce 1994 vyzkou\u0161el novou Felicii, o 5 let pozd\u011bji Fabii a nakonec i <a href=\"\/clanky\/amortizace-vozu\/\">Octavii<\/a> a Superb.<\/p>\n<ul>\n<li><strong>Renault 21<\/strong><br \/>Renault byl prvn\u00edm vozem, kter\u00fd \u0159\u00eddil ofici\u00e1ln\u011b jako prezident. Byl to dar od portugalsk\u00e9ho prezidenta Maria Soareze.<\/li>\n<li><strong>BMW 735i a 750i<\/strong><br \/>BMW \u0159ady 7, se kter\u00fdm se prezident Havel sezn\u00e1mil tv\u00e1\u0159\u00ed v tv\u00e1\u0159 a rukami na volantu po\u010d\u00e1tkem roku 1990, z\u016fstalo ve slu\u017eb\u011b do roku 1992.<\/li>\n<li><strong>Mercedes Benz 600SE<\/strong><br \/>Mercedesy obsadily Pra\u017esk\u00fd hrad a\u017e do roku 2003, prezident jim ale z\u016fstal v\u011brn\u00fd i po opu\u0161t\u011bn\u00ed jeho \u00fa\u0159adu.<\/li>\n<\/ul>\n<p><img decoding=\"async\" src=\"https:\/\/storage.googleapis.com\/wp-resources\/srovnator.cz\/2021\/10\/10-1-2018-cesti-prezidenti-a-jejich-vozovy-park-7.jpg\" alt=\"7. \u010ce\u0161t\u00ed prezidenti a jejich vozov\u00fd park: Mercedes Benz 600S \" title=\"7. \u010ce\u0161t\u00ed prezidenti a jejich vozov\u00fd park: Mercedes Benz 600S \" width=\"100%\" \/><\/p>\n<h2>V\u00e1clav Klaus (2003 &#8211; 2013)<\/h2>\n<ul>\n<li><strong>\u0160koda Superb V6 2.8<\/strong><br \/>\u010ceskou zna\u010dku si prezident vybral z\u00e1m\u011brn\u011b, aby reprezentovala n\u00e1rodn\u00ed hrdost. Nicm\u00e9n\u011b si post\u011b\u017eoval, \u017ee p\u0159eci jen \u201cdrnc\u00e1\u201d.<\/li>\n<li><strong>Audi A8<\/strong><br \/><a href=\"\/clanky\/nejcastejsi-zavady-v-cr-oblibenych-automobilu\/\">Audi<\/a> v prodlou\u017een\u00e9 verzi bylo vybaveno vzduchov\u00fdm odpru\u017een\u00edm. Motor s osmistup\u0148ovou p\u0159evodovkou zrychl\u00ed z rychlosti 0 na 100 za 5,7 sekund, ale spot\u0159eba benz\u00ednu p\u0159i takov\u00e9m \u010dinu by se ekolog\u016fm pravd\u011bpodobn\u011b p\u0159\u00edli\u0161 nezamlouvala.<\/li>\n<\/ul>\n<p><img decoding=\"async\" src=\"https:\/\/storage.googleapis.com\/wp-resources\/srovnator.cz\/2021\/10\/10-1-2018-cesti-prezidenti-a-jejich-vozovy-park-8.jpg\" alt=\"8. \u010ce\u0161t\u00ed prezidenti a jejich vozov\u00fd park: Audi A8 L\" title=\"8. \u010ce\u0161t\u00ed prezidenti a jejich vozov\u00fd park: Audi A8 L\" width=\"100%\" \/><\/p>\n<h2>Milo\u0161 Zeman (2013 &#8211; sou\u010dasnost)<\/h2>\n<ul>\n<li><strong>\u0160koda Superb<\/strong><br \/>\u010cesk\u00fd patriot, minim\u00e1ln\u011b, co se zna\u010dky voz\u016f t\u00fdk\u00e1, m\u00e1 na Pra\u017esk\u00e9m hrad\u011b k dispozici limuz\u00ednu ji\u017e t\u0159et\u00ed generace Superb v nejvy\u0161\u0161\u00ed v\u00fdbav\u011b. Ta m\u00e1 hlavn\u00ed slovo p\u0159i ofici\u00e1ln\u00edch cest\u00e1ch.<\/li>\n<\/ul>\n<p><img decoding=\"async\" src=\"https:\/\/storage.googleapis.com\/wp-resources\/srovnator.cz\/2021\/10\/10-1-2018-cesti-prezidenti-a-jejich-vozovy-park-9.jpg\" alt=\"9. \u010ce\u0161t\u00ed prezidenti a jejich vozov\u00fd park: \u0160koda Superb\" title=\"9. \u010ce\u0161t\u00ed prezidenti a jejich vozov\u00fd park: \u0160koda Superb\" width=\"100%\" \/><\/p>\n<ul>\n<li><strong>\u0160koda Kodiaq<\/strong><br \/>Kam se nedostane Superb, poslou\u017e\u00ed Kodiaq. Pro prezidenta je tato nov\u00e1 z\u00e1p\u016fj\u010dka automobilky \u0160koda v\u00edtanou zm\u011bnou, do SUV se toti\u017e nastupuje komfortn\u011bji.<\/li>\n<\/ul>\n<p>Zdroj pou\u017eit\u00fdch fotografi\u00ed:<\/p>\n<ol>\n<li>Praga Grand (foto: Norbert Schnitzler)<\/li>\n<li>Tatra 80 Landaulet (foto: Stanislav Jelen)<\/li>\n<li>Mercedes Benz 770 (foto: addvisor &#8211; wikimedia commons)<\/li>\n<li>\u0160koda VOS (foto: Ralf Roletschek \/ <a href=\"http:\/\/www.roletschek.at\" rel=\"nofollow noopener noreferrer\" target=\"_blank\">roletschek.at<\/a>)<\/li>\n<li>ZIL 111 (foto: Max Schwalbe)<\/li>\n<li>ZIL 111 (foto: Asterion)<\/li>\n<li>Mercedes Benz 600S (foto: stephenhanafin)<\/li>\n<li>Audi A8 L (foto: Navigator84)<\/li>\n<li>\u0160koda Superb (foto: Cimmerian praetor)<\/li>\n<\/ol>\n","protected":false},"excerpt":{"rendered":"<p>Volba prezidenta se ne\u00faprosn\u011b bl\u00ed\u017e\u00ed. Jak\u00e9 byly volby na\u0161ich prezident\u016f p\u0159i v\u00fdb\u011bru reprezentativn\u00edch vzork\u016f do vozov\u00e9ho parku?<\/p>\n","protected":false},"author":7,"featured_media":4057,"comment_status":"closed","ping_status":"closed","sticky":false,"template":"","format":"standard","meta":{"_acf_changed":false,"footnotes":""},"categories":[1],"tags":[402,807,808,809,694,810,488],"class_list":["post-4056","post","type-post","status-publish","format-standard","has-post-thumbnail","hentry","category-ostatni","tag-auto","tag-automobilka","tag-limuzina","tag-luxus","tag-motor","tag-politicky-exponovana-osoba","tag-vozidlo"],"acf":{"znacka":"","model":"","objem":"","vyrobeno":"","vykon":"","velikost_1":"","velikost_2":"","velikost_3":"","velikost_4":"","roky":"","roky_velikost_1":"","roky_velikost_2":"","roky_velikost_3":"","roky_velikost_4":"","pocet_kalkulaci":0,"page_post_meta_bread":"\u010ce\u0161t\u00ed a \u010ceskosloven\u0161t\u00ed prezidenti a jejich vozov\u00fd park","page_post_meta_bread_child":"","page_post_meta_script_head":"","page_post_meta_leaving_screen":"cat"},"yoast_head":"<!-- This site is optimized with the Yoast SEO plugin v25.5 - https:\/\/yoast.com\/wordpress\/plugins\/seo\/ -->\n<title>Jak\u00e9 byly automobily \u010desk\u00fdch a \u010deskoslovensk\u00fdch prezident\u016f - Srovn\u00e1tor.cz<\/title>\n<meta name=\"description\" content=\"Volba prezidenta se ne\u00faprosn\u011b bl\u00ed\u017e\u00ed. Jak\u00e9 byly volby na\u0161ich prezident\u016f p\u0159i v\u00fdb\u011bru reprezentativn\u00edch vzork\u016f do vozov\u00e9ho parku?\" \/>\n<meta name=\"robots\" content=\"index, follow, max-snippet:-1, max-image-preview:large, max-video-preview:-1\" \/>\n<link rel=\"canonical\" href=\"https:\/\/www.srovnator.cz\/clanky\/cesti-prezidenti-a-jejich-vozovy-park\/\" \/>\n<meta property=\"og:locale\" content=\"cs_CZ\" \/>\n<meta property=\"og:type\" content=\"article\" \/>\n<meta property=\"og:title\" content=\"Jak\u00e9 byly automobily \u010desk\u00fdch a \u010deskoslovensk\u00fdch prezident\u016f - Srovn\u00e1tor.cz\" \/>\n<meta property=\"og:description\" content=\"Volba prezidenta se ne\u00faprosn\u011b bl\u00ed\u017e\u00ed. Jak\u00e9 byly volby na\u0161ich prezident\u016f p\u0159i v\u00fdb\u011bru reprezentativn\u00edch vzork\u016f do vozov\u00e9ho parku?\" \/>\n<meta property=\"og:url\" content=\"https:\/\/www.srovnator.cz\/clanky\/cesti-prezidenti-a-jejich-vozovy-park\/\" \/>\n<meta property=\"og:site_name\" content=\"Srovn\u00e1tor.cz\" \/>\n<meta property=\"article:publisher\" content=\"https:\/\/www.facebook.com\/srovnator\/\" \/>\n<meta property=\"article:published_time\" content=\"2018-01-09T21:00:00+00:00\" \/>\n<meta property=\"article:modified_time\" content=\"2024-06-24T06:07:24+00:00\" \/>\n<meta property=\"og:image\" content=\"https:\/\/storage.googleapis.com\/wp-resources\/srovnator.cz\/ng\/2022\/06\/a9b3060b-10-1-2018-cesti-prezidenti-a-jejich-vozovy-park-1.jpg\" \/>\n\t<meta property=\"og:image:width\" content=\"645\" \/>\n\t<meta property=\"og:image:height\" content=\"484\" \/>\n\t<meta property=\"og:image:type\" content=\"image\/jpeg\" \/>\n<meta name=\"author\" content=\"Martin Straka\" \/>\n<meta name=\"twitter:card\" content=\"summary_large_image\" \/>\n<meta name=\"twitter:creator\" content=\"@Srovnator_czech\" \/>\n<meta name=\"twitter:site\" content=\"@Srovnator_czech\" \/>\n<meta name=\"twitter:label1\" content=\"Written by\" \/>\n\t<meta name=\"twitter:data1\" content=\"Martin Straka\" \/>\n\t<meta name=\"twitter:label2\" content=\"Est. reading time\" \/>\n\t<meta name=\"twitter:data2\" content=\"6 minutes\" \/>\n<script type=\"application\/ld+json\" class=\"yoast-schema-graph\">{\"@context\":\"https:\/\/schema.org\",\"@graph\":[{\"@type\":\"WebPage\",\"@id\":\"https:\/\/www.srovnator.cz\/clanky\/cesti-prezidenti-a-jejich-vozovy-park\/\",\"url\":\"https:\/\/www.srovnator.cz\/clanky\/cesti-prezidenti-a-jejich-vozovy-park\/\",\"name\":\"Jak\u00e9 byly automobily \u010desk\u00fdch a \u010deskoslovensk\u00fdch prezident\u016f - Srovn\u00e1tor.cz\",\"isPartOf\":{\"@id\":\"https:\/\/www.srovnator.cz\/#website\"},\"primaryImageOfPage\":{\"@id\":\"https:\/\/www.srovnator.cz\/clanky\/cesti-prezidenti-a-jejich-vozovy-park\/#primaryimage\"},\"image\":{\"@id\":\"https:\/\/www.srovnator.cz\/clanky\/cesti-prezidenti-a-jejich-vozovy-park\/#primaryimage\"},\"thumbnailUrl\":\"https:\/\/storage.googleapis.com\/wp-resources\/srovnator.cz\/ng\/2022\/06\/a9b3060b-10-1-2018-cesti-prezidenti-a-jejich-vozovy-park-1.jpg\",\"datePublished\":\"2018-01-09T21:00:00+00:00\",\"dateModified\":\"2024-06-24T06:07:24+00:00\",\"author\":{\"@id\":\"https:\/\/www.srovnator.cz\/#\/schema\/person\/f2be3ec81eda7dd06cf658cc9aa974ff\"},\"description\":\"Volba prezidenta se ne\u00faprosn\u011b bl\u00ed\u017e\u00ed. Jak\u00e9 byly volby na\u0161ich prezident\u016f p\u0159i v\u00fdb\u011bru reprezentativn\u00edch vzork\u016f do vozov\u00e9ho parku?\",\"inLanguage\":\"cs-CZ\",\"potentialAction\":[{\"@type\":\"ReadAction\",\"target\":[\"https:\/\/www.srovnator.cz\/clanky\/cesti-prezidenti-a-jejich-vozovy-park\/\"]}]},{\"@type\":\"ImageObject\",\"inLanguage\":\"cs-CZ\",\"@id\":\"https:\/\/www.srovnator.cz\/clanky\/cesti-prezidenti-a-jejich-vozovy-park\/#primaryimage\",\"url\":\"https:\/\/storage.googleapis.com\/wp-resources\/srovnator.cz\/ng\/2022\/06\/a9b3060b-10-1-2018-cesti-prezidenti-a-jejich-vozovy-park-1.jpg\",\"contentUrl\":\"https:\/\/storage.googleapis.com\/wp-resources\/srovnator.cz\/ng\/2022\/06\/a9b3060b-10-1-2018-cesti-prezidenti-a-jejich-vozovy-park-1.jpg\",\"width\":645,\"height\":484},{\"@type\":\"WebSite\",\"@id\":\"https:\/\/www.srovnator.cz\/#website\",\"url\":\"https:\/\/www.srovnator.cz\/\",\"name\":\"Srovn\u00e1tor.cz\",\"description\":\"\",\"potentialAction\":[{\"@type\":\"SearchAction\",\"target\":{\"@type\":\"EntryPoint\",\"urlTemplate\":\"https:\/\/www.srovnator.cz\/?s={search_term_string}\"},\"query-input\":{\"@type\":\"PropertyValueSpecification\",\"valueRequired\":true,\"valueName\":\"search_term_string\"}}],\"inLanguage\":\"cs-CZ\"},{\"@type\":\"Person\",\"@id\":\"https:\/\/www.srovnator.cz\/#\/schema\/person\/f2be3ec81eda7dd06cf658cc9aa974ff\",\"name\":\"Martin Straka\",\"image\":{\"@type\":\"ImageObject\",\"inLanguage\":\"cs-CZ\",\"@id\":\"https:\/\/www.srovnator.cz\/#\/schema\/person\/image\/\",\"url\":\"https:\/\/secure.gravatar.com\/avatar\/e91ecfaa01852a8f16b9f65e2ab5c2102d2bb71b2b029fd130ff6c5d21492f36?s=96&d=mm&r=g\",\"contentUrl\":\"https:\/\/secure.gravatar.com\/avatar\/e91ecfaa01852a8f16b9f65e2ab5c2102d2bb71b2b029fd130ff6c5d21492f36?s=96&d=mm&r=g\",\"caption\":\"Martin Straka\"},\"description\":\"Martin Straka je \u0159editelem klientsk\u00e9ho centra a p\u00e9\u010de o z\u00e1kazn\u00edky. Se sv\u00fdm t\u00fdmem poskytuje z\u00e1kazn\u00edk\u016fm Srovn\u00e1tor.cz \u0161pi\u010dkov\u00fd servis a dohl\u00ed\u017e\u00ed na to, aby na\u0161e procesy byly efektivn\u00ed a z\u00e1kazn\u00edci byli spokojen\u00ed nejen p\u0159i sjedn\u00e1n\u00ed nov\u00e9ho produktu, ale i kdykoliv pot\u0159ebuj\u00ed s n\u011b\u010d\u00edm pomoci. Jeho \u010dl\u00e1nky informuj\u00ed nejen o nejnov\u011bj\u0161\u00edch trendech a aktu\u00e1ln\u00edch t\u00e9matech, ale p\u0159in\u00e1\u0161\u00ed i praktick\u00e9 a zaj\u00edmav\u00e9 tipy z r\u016fzn\u00fdch oblast\u00ed b\u011b\u017en\u00e9ho \u017eivota.\",\"url\":\"https:\/\/www.srovnator.cz\/autori\/martin-straka\/\"}]}<\/script>\n<!-- \/ Yoast SEO plugin. -->","yoast_head_json":{"title":"Jak\u00e9 byly automobily \u010desk\u00fdch a \u010deskoslovensk\u00fdch prezident\u016f - Srovn\u00e1tor.cz","description":"Volba prezidenta se ne\u00faprosn\u011b bl\u00ed\u017e\u00ed. Jak\u00e9 byly volby na\u0161ich prezident\u016f p\u0159i v\u00fdb\u011bru reprezentativn\u00edch vzork\u016f do vozov\u00e9ho parku?","robots":{"index":"index","follow":"follow","max-snippet":"max-snippet:-1","max-image-preview":"max-image-preview:large","max-video-preview":"max-video-preview:-1"},"canonical":"https:\/\/www.srovnator.cz\/clanky\/cesti-prezidenti-a-jejich-vozovy-park\/","og_locale":"cs_CZ","og_type":"article","og_title":"Jak\u00e9 byly automobily \u010desk\u00fdch a \u010deskoslovensk\u00fdch prezident\u016f - Srovn\u00e1tor.cz","og_description":"Volba prezidenta se ne\u00faprosn\u011b bl\u00ed\u017e\u00ed. Jak\u00e9 byly volby na\u0161ich prezident\u016f p\u0159i v\u00fdb\u011bru reprezentativn\u00edch vzork\u016f do vozov\u00e9ho parku?","og_url":"https:\/\/www.srovnator.cz\/clanky\/cesti-prezidenti-a-jejich-vozovy-park\/","og_site_name":"Srovn\u00e1tor.cz","article_publisher":"https:\/\/www.facebook.com\/srovnator\/","article_published_time":"2018-01-09T21:00:00+00:00","article_modified_time":"2024-06-24T06:07:24+00:00","og_image":[{"width":645,"height":484,"url":"https:\/\/storage.googleapis.com\/wp-resources\/srovnator.cz\/ng\/2022\/06\/a9b3060b-10-1-2018-cesti-prezidenti-a-jejich-vozovy-park-1.jpg","type":"image\/jpeg"}],"author":"Martin Straka","twitter_card":"summary_large_image","twitter_creator":"@Srovnator_czech","twitter_site":"@Srovnator_czech","twitter_misc":{"Written by":"Martin Straka","Est. reading time":"6 minutes"},"schema":{"@context":"https:\/\/schema.org","@graph":[{"@type":"WebPage","@id":"https:\/\/www.srovnator.cz\/clanky\/cesti-prezidenti-a-jejich-vozovy-park\/","url":"https:\/\/www.srovnator.cz\/clanky\/cesti-prezidenti-a-jejich-vozovy-park\/","name":"Jak\u00e9 byly automobily \u010desk\u00fdch a \u010deskoslovensk\u00fdch prezident\u016f - Srovn\u00e1tor.cz","isPartOf":{"@id":"https:\/\/www.srovnator.cz\/#website"},"primaryImageOfPage":{"@id":"https:\/\/www.srovnator.cz\/clanky\/cesti-prezidenti-a-jejich-vozovy-park\/#primaryimage"},"image":{"@id":"https:\/\/www.srovnator.cz\/clanky\/cesti-prezidenti-a-jejich-vozovy-park\/#primaryimage"},"thumbnailUrl":"https:\/\/storage.googleapis.com\/wp-resources\/srovnator.cz\/ng\/2022\/06\/a9b3060b-10-1-2018-cesti-prezidenti-a-jejich-vozovy-park-1.jpg","datePublished":"2018-01-09T21:00:00+00:00","dateModified":"2024-06-24T06:07:24+00:00","author":{"@id":"https:\/\/www.srovnator.cz\/#\/schema\/person\/f2be3ec81eda7dd06cf658cc9aa974ff"},"description":"Volba prezidenta se ne\u00faprosn\u011b bl\u00ed\u017e\u00ed. Jak\u00e9 byly volby na\u0161ich prezident\u016f p\u0159i v\u00fdb\u011bru reprezentativn\u00edch vzork\u016f do vozov\u00e9ho parku?","inLanguage":"cs-CZ","potentialAction":[{"@type":"ReadAction","target":["https:\/\/www.srovnator.cz\/clanky\/cesti-prezidenti-a-jejich-vozovy-park\/"]}]},{"@type":"ImageObject","inLanguage":"cs-CZ","@id":"https:\/\/www.srovnator.cz\/clanky\/cesti-prezidenti-a-jejich-vozovy-park\/#primaryimage","url":"https:\/\/storage.googleapis.com\/wp-resources\/srovnator.cz\/ng\/2022\/06\/a9b3060b-10-1-2018-cesti-prezidenti-a-jejich-vozovy-park-1.jpg","contentUrl":"https:\/\/storage.googleapis.com\/wp-resources\/srovnator.cz\/ng\/2022\/06\/a9b3060b-10-1-2018-cesti-prezidenti-a-jejich-vozovy-park-1.jpg","width":645,"height":484},{"@type":"WebSite","@id":"https:\/\/www.srovnator.cz\/#website","url":"https:\/\/www.srovnator.cz\/","name":"Srovn\u00e1tor.cz","description":"","potentialAction":[{"@type":"SearchAction","target":{"@type":"EntryPoint","urlTemplate":"https:\/\/www.srovnator.cz\/?s={search_term_string}"},"query-input":{"@type":"PropertyValueSpecification","valueRequired":true,"valueName":"search_term_string"}}],"inLanguage":"cs-CZ"},{"@type":"Person","@id":"https:\/\/www.srovnator.cz\/#\/schema\/person\/f2be3ec81eda7dd06cf658cc9aa974ff","name":"Martin Straka","image":{"@type":"ImageObject","inLanguage":"cs-CZ","@id":"https:\/\/www.srovnator.cz\/#\/schema\/person\/image\/","url":"https:\/\/secure.gravatar.com\/avatar\/e91ecfaa01852a8f16b9f65e2ab5c2102d2bb71b2b029fd130ff6c5d21492f36?s=96&d=mm&r=g","contentUrl":"https:\/\/secure.gravatar.com\/avatar\/e91ecfaa01852a8f16b9f65e2ab5c2102d2bb71b2b029fd130ff6c5d21492f36?s=96&d=mm&r=g","caption":"Martin Straka"},"description":"Martin Straka je \u0159editelem klientsk\u00e9ho centra a p\u00e9\u010de o z\u00e1kazn\u00edky. Se sv\u00fdm t\u00fdmem poskytuje z\u00e1kazn\u00edk\u016fm Srovn\u00e1tor.cz \u0161pi\u010dkov\u00fd servis a dohl\u00ed\u017e\u00ed na to, aby na\u0161e procesy byly efektivn\u00ed a z\u00e1kazn\u00edci byli spokojen\u00ed nejen p\u0159i sjedn\u00e1n\u00ed nov\u00e9ho produktu, ale i kdykoliv pot\u0159ebuj\u00ed s n\u011b\u010d\u00edm pomoci. Jeho \u010dl\u00e1nky informuj\u00ed nejen o nejnov\u011bj\u0161\u00edch trendech a aktu\u00e1ln\u00edch t\u00e9matech, ale p\u0159in\u00e1\u0161\u00ed i praktick\u00e9 a zaj\u00edmav\u00e9 tipy z r\u016fzn\u00fdch oblast\u00ed b\u011b\u017en\u00e9ho \u017eivota.","url":"https:\/\/www.srovnator.cz\/autori\/martin-straka\/"}]}},"amp_enabled":true,"_links":{"self":[{"href":"https:\/\/www.srovnator.cz\/rest_api\/wp\/v2\/posts\/4056","targetHints":{"allow":["GET"]}}],"collection":[{"href":"https:\/\/www.srovnator.cz\/rest_api\/wp\/v2\/posts"}],"about":[{"href":"https:\/\/www.srovnator.cz\/rest_api\/wp\/v2\/types\/post"}],"author":[{"embeddable":true,"href":"https:\/\/www.srovnator.cz\/rest_api\/wp\/v2\/users\/7"}],"replies":[{"embeddable":true,"href":"https:\/\/www.srovnator.cz\/rest_api\/wp\/v2\/comments?post=4056"}],"version-history":[{"count":1,"href":"https:\/\/www.srovnator.cz\/rest_api\/wp\/v2\/posts\/4056\/revisions"}],"predecessor-version":[{"id":10346,"href":"https:\/\/www.srovnator.cz\/rest_api\/wp\/v2\/posts\/4056\/revisions\/10346"}],"wp:featuredmedia":[{"embeddable":true,"href":"https:\/\/www.srovnator.cz\/rest_api\/wp\/v2\/media\/4057"}],"wp:attachment":[{"href":"https:\/\/www.srovnator.cz\/rest_api\/wp\/v2\/media?parent=4056"}],"wp:term":[{"taxonomy":"category","embeddable":true,"href":"https:\/\/www.srovnator.cz\/rest_api\/wp\/v2\/categories?post=4056"},{"taxonomy":"post_tag","embeddable":true,"href":"https:\/\/www.srovnator.cz\/rest_api\/wp\/v2\/tags?post=4056"}],"curies":[{"name":"wp","href":"https:\/\/api.w.org\/{rel}","templated":true}]}}