{"id":4168,"date":"2018-04-23T13:07:25","date_gmt":"2018-04-23T11:07:25","guid":{"rendered":"https:\/\/www.srovnator.cz\/clanky\/ostatni\/nejzajimavejsi-ceske-vypravy-poslednich-let\/"},"modified":"2024-06-24T08:05:35","modified_gmt":"2024-06-24T06:05:35","slug":"nejzajimavejsi-ceske-vypravy-poslednich-let","status":"publish","type":"post","link":"https:\/\/www.srovnator.cz\/clanky\/nejzajimavejsi-ceske-vypravy-poslednich-let\/","title":{"rendered":"Nejatraktivn\u011bj\u0161\u00ed expedice \u010cech\u016f v posledn\u00ed dob\u011b"},"content":{"rendered":"<p><strong>Ka\u017ed\u00e1 zem\u011b m\u00e1 sv\u00e9 nejzn\u00e1m\u011bj\u0161\u00ed cestovatele, kte\u0159\u00ed zdokumentovali z\u00e1\u017eitky pr\u016fb\u011bhu cesty tak p\u0159ita\u017eliv\u011b, \u017ee dok\u00e1zali zaujmout spoustu pozorovatel\u016f a n\u011bkter\u00e9 z nich dokonce i podpo\u0159it k odvaze podniknout <a href=\"\/cestovni-pojisteni\/\">cestu<\/a> do zahrani\u010d\u00ed a neb\u00e1t se riskovat cestu bez cestovn\u00ed kancel\u00e1\u0159e, kter\u00e1 sice zaru\u010duje jistotu, ale nezaru\u010d\u00ed splynut\u00ed s okol\u00edm a nezapomenuteln\u00e9 z\u00e1\u017eitky konfrontace s \u0159e\u0161en\u00edm ka\u017edodenn\u00edch v\u00fdzev s m\u00edstn\u00edmi obyvateli a okol\u00edm.<\/strong><\/p>\n<p>Doby, kdy Miroslav Zimund a Ji\u0159\u00ed Hanzelka procestovali autem Afriku a zaznamenali i v\u00fdbuch sopky v Kongu jsou u\u017e d\u00e1vno pry\u010d. Vd\u011b\u010d\u00edme jim za spoustu cestopis\u016f a film\u016f, ale jejich cestovatelsk\u00e1 l\u00e9ta u\u017e jsou za nimi a na sc\u00e9nu tak p\u0159ich\u00e1zej\u00ed nov\u00ed dobrodruzi.<\/p>\n<img decoding=\"async\" width=\"770\" height=\"513\" src=\"https:\/\/storage.googleapis.com\/wp-resources\/srovnator.cz\/ng\/2022\/06\/ddf73966-trabant-770x513.jpg\" class=\" wp-post-image wp-stateless-item\" alt=\"Nejatraktivn\u011bj\u0161\u00ed expedice \u010cech\u016f v posledn\u00ed dob\u011b\" title=\"Nejatraktivn\u011bj\u0161\u00ed expedice \u010cech\u016f v posledn\u00ed dob\u011b\" srcset=\"https:\/\/storage.googleapis.com\/wp-resources\/srovnator.cz\/ng\/2022\/06\/ddf73966-trabant-770x513.jpg 770w, https:\/\/storage.googleapis.com\/wp-resources\/srovnator.cz\/ng\/2022\/06\/ddf73966-trabant.jpg 1280w\" sizes=\"(max-width: 770px) 100vw, 770px\" data-image-size=\"medium\" data-stateless-media-bucket=\"wp-resources\" data-stateless-media-name=\"srovnator.cz\/ng\/2022\/06\/ddf73966-trabant.jpg\" \/>\n<h2>1. Dan P\u0159ib\u00e1\u0148 a trabant v hlavn\u00ed roli<\/h2>\n<p>Dan P\u0159ib\u00e1\u0148 je \u010desk\u00fd novin\u00e1\u0159, re\u017eis\u00e9r a v posledn\u00ed dob\u011b hlavn\u011b organiz\u00e1tor jedn\u00e9 z nejpopul\u00e1rn\u011bj\u0161\u00ed cestovatelsk\u00e9 expedice Transtrabant, kde hlavn\u00ed roli hraje trabant&nbsp;601&nbsp;kombi z&nbsp;roku&nbsp;1986, kter\u00e9ho cestovatel\u00e9 pojmenovali Egu.<\/p>\n<ul>\n<li><strong>Trabantem Hedv\u00e1bnou stezkou<\/strong> &#8211; prvn\u00ed expedice se konala v roce&nbsp;2007&nbsp;a b\u011bhem \u0161esti t\u00fddn\u016f a&nbsp;15&nbsp;422&nbsp;km projeli \u010dlenov\u00e9 expedice ve st\u00edsn\u011bn\u00e9m prostoru trabantu st\u0159edn\u00ed Evropu, Balk\u00e1n, Turecko, Ir\u00e1n, Turkmenist\u00e1n, Uzbekist\u00e1n, Kazachst\u00e1n, Rusko a Ukrajinu.<\/li>\n<li><strong>Trabanty nap\u0159\u00ed\u010d Afrikou<\/strong> &#8211; v roce&nbsp;2009 se expedice vydala na cestu z Prahy do Kapsk\u00e9ho m\u011bsta a c\u00edlem bylo projet 11 africk\u00fdch st\u00e1t\u016f. Za&nbsp;84&nbsp;dn\u00ed a t\u00e9m\u011b\u0159 20&nbsp;000&nbsp;km se jim p\u0159es probl\u00e9my s auty i s tamn\u00ed byrokraci\u00ed poda\u0159ilo projet Tunisko, Libyi, Egypt, S\u00fad\u00e1n, Etiopii, Ke\u0148u, Tanzanii, Zambii, Botswanu, Namibii a JAR.<\/li>\n<li><strong>Trabantem Ji\u017en\u00ed Amerikou<\/strong> &#8211; v roce&nbsp;2014 se v\u00fdprava roz\u0161\u00ed\u0159en\u00e1 na 2&nbsp;trabanty, polsk\u00fd Fiat a motorku&nbsp;Jawu&nbsp;250 vydala na \u010dty\u0159m\u011bs\u00ed\u010dn\u00ed cestu dlouhou 21&nbsp;124&nbsp;km. V\u00fdprava projela \u201cd\u00e1lnici duch\u016f\u201d BR319 uprost\u0159ed de\u0161tn\u00e9ho pralesa v Amazonii, v And\u00e1ch se vy\u0161plhali do nadmo\u0159sk\u00e9 v\u00fd\u0161ky 4&nbsp;868&nbsp;m, projeli se po pacifick\u00e9 pl\u00e1\u017ei a nejv\u011bt\u0161\u00ed soln\u00e9 pl\u00e1ni na sv\u011bt\u011b: Salar de Uyuni (10&nbsp;582&nbsp;km2) na jihu Bol\u00edvie, kter\u00e1 kdysi b\u00fdvala jezerem.<\/li>\n<li><strong>Trabantem Tichomo\u0159\u00edm<\/strong> &#8211; v roce&nbsp;2016 se tentokr\u00e1t dev\u00edti\u010dlen\u00e1 sestava ve 2&nbsp;trabantech, jednom Fi\u00e1tku a na 2&nbsp;motork\u00e1ch (Jawa&nbsp;250 a&nbsp;\u010cZ&nbsp;175) vyd\u00e1v\u00e1 na cestu z Perthu po Austr\u00e1lii, p\u0159es V\u00fdchodn\u00ed Timor, Indon\u00e9sii, Malajsii, Thajsko, Laos a Kambod\u017eu a\u017e do Bangkoku.<\/li>\n<li>Chystan\u00e1 expedice \u201c<strong>Velk\u00e1 cesta dom\u016f<\/strong>\u201d z Indie m\u00e1 b\u00fdt v leto\u0161n\u00edm roce&nbsp;2018 podle slov n\u00e1\u010deln\u00edka expedice Dana P\u0159ib\u00e1n\u011b posledn\u00ed expedic\u00ed t\u00e9to v\u00fdpravy v\u016fbec. \u010clenov\u00e9 v\u00fdpravy se vydaj\u00ed z ji\u017en\u00ed \u010d\u00e1sti Indie p\u0159es Nep\u00e1l, P\u00e1kist\u00e1n, \u010c\u00ednu, T\u00e1d\u017eikist\u00e1n, Kyrgyzst\u00e1n a\u017e do Uzbekist\u00e1nu, kde se jejich cesta sto\u010d\u00ed p\u0159es Rusko, Ukrajinu a Slovensko zp\u00e1tky do \u010cech.<\/li>\n<\/ul>\n<h2>2. Moto cestou necestou<\/h2>\n<p>Producent t\u00e9to v\u00fdpravy Egon Kulh\u00e1nek dal dohromady \u010desk\u00e9 celebrity na dvou kolech a vyrazilo se na cestu necestu.<\/p>\n<ul>\n<li>Prvn\u00ed v\u00fdprava se konala v <strong>Maroku<\/strong> v roce&nbsp;2010 v obsazen\u00ed: Martin Zounar, V\u00e1clav Noid B\u00e1rta, Lou Fan\u00e1nek Hagen. Najeli 3&nbsp;000 km a plni z\u00e1\u017eitk\u016f a p\u00edsku v\u0161ude kolem se \u00fasp\u011b\u0161n\u011b vr\u00e1tili dom\u016f.<\/li>\n<li>V&nbsp;roce&nbsp;2012 se konala dal\u0161\u00ed v\u00fdprava, tentokr\u00e1t 5&nbsp;500 km <strong>Tureckem<\/strong> ve slo\u017een\u00ed: Filip Bla\u017eek, Pavel Li\u0161ka, Egon Kulh\u00e1nek.<\/li>\n<li>V&nbsp;roce&nbsp;2013 se konala expedice na <strong>Kavkaz<\/strong>, tedy do Gruzie a Arm\u00e9nie. V sestav\u011b op\u011bt nechyb\u011bl Pavel Li\u0161ka a Egon Kulh\u00e1nek a p\u0159ipojil se k nim i Jan R\u00e9vai.<\/li>\n<li>Zat\u00edm posledn\u00ed v\u00fdprava slavn\u00fdch \u010desk\u00fdch motork\u00e1\u0159\u016f vedla skrz <strong>Ji\u017en\u00ed Ameriku<\/strong>. V roce 2015 byla sestava toto\u017en\u00e1 s p\u0159edchoz\u00ed v\u00fdpravou, tedy: Pavel Li\u0161ka, Egon Kulh\u00e1nek, Jan R\u00e9vai a p\u0159ibyla k nim i zku\u0161en\u00e1 motork\u00e1\u0159ka Hana Pt\u00e1\u010dkov\u00e1.<\/li>\n<\/ul>\n<h2>3. Alexandr B\u00edlek a unescoclub<\/h2>\n<p>Cestovatel a hoteli\u00e9r Alexandr B\u00edlek je zakladatelem klubu nez\u00e1visl\u00fdch <a href=\"\/cestovni-pojisteni\/kalkulacka\/#kalkulacka\">cestovatel\u016f<\/a> unescoclub. Jeho \u017eivotn\u00edm c\u00edlem je n\u00e1v\u0161t\u011bva v\u0161ech m\u00edst, zapsan\u00fdch na seznamu p\u0159\u00edrodn\u00edho a kulturn\u00edho d\u011bdictv\u00ed UNESCO. Procestoval 102 zem\u00ed a nav\u0161t\u00edvil 282 m\u00edst ze seznamu UNESCO (z celkov\u00fdch 196&nbsp;st\u00e1t\u016f a&nbsp;1017&nbsp;m\u00edst). Jeho nejzn\u00e1m\u011bj\u0161\u00edmi expedicemi jsou ka\u017edoro\u010dn\u00ed <strong>ALL AFRICA<\/strong> 2012&nbsp;&#8211;&nbsp;2017. Za tu dobu procestoval 38&nbsp;zem\u00ed (ze&nbsp;49) s na tachometru slu\u0161n\u00fdmi 155&nbsp;000&nbsp;km. Tento rok ho \u010dek\u00e1 dal\u0161\u00ed expedice do Afriky.<\/p>\n<p><img decoding=\"async\" src=\"https:\/\/storage.googleapis.com\/wp-resources\/srovnator.cz\/2021\/10\/anapurna-770x513.jpg\" alt=\"Annapurna, Nep\u00e1l\" title=\"Annapurna, Nep\u00e1l\" max-width=\"100%\" \/><\/p>\n<h2>4. Radek Jaro\u0161 a jeho Cesta vzh\u016fru (dokument o zdol\u00e1n\u00ed vrcholu,&nbsp;2015)<\/h2>\n<p>Nejzn\u00e1m\u011bj\u0161\u00ed \u010desk\u00fd horolezec se stal prvn\u00edm \u010cechem, kter\u00fd zdolal v\u0161ech 14&nbsp;osmitis\u00edcovek bez pou\u017eit\u00ed kysl\u00edku. Ve sv\u00fdch 41 letech zdolal 6 osmitis\u00edcovek a jeho rozhodnut\u00ed zdolat i zbyl\u00fdch&nbsp;8&nbsp;se stalo skute\u010dnost\u00ed o&nbsp;8&nbsp;let pozd\u011bji, v roce&nbsp;2014. P\u0159i v\u00fdstupu na Annapurnu v roce&nbsp;2012 p\u0159i\u0161el n\u00e1sledkem omrzlin o v\u0161echny prsty na lev\u00e9 noze a&nbsp;o&nbsp;2&nbsp;prsty na prav\u00e9 noze. Kompletn\u00ed seznam zakon\u010dil v\u00fdstupem na nejt\u011b\u017e\u0161\u00ed K2, kter\u00e1 mu v p\u0159edchoz\u00edch letech odol\u00e1vala.<\/p>\n<p><small>Zdroj obr\u00e1zk\u016f: \u017dlut\u00fd trabant Egu: Wikimedia Commons, Autor: Ji\u0159\u00ed Sedl\u00e1\u010dek<\/small><\/p>\n","protected":false},"excerpt":{"rendered":"<p>Cestovatel\u00e9 na vlastn\u00ed p\u011bst si nedok\u00e1\u017e\u00ed p\u0159edstavit dobrodru\u017estv\u00ed cesty bez \u00faskal\u00ed, kter\u00e9 p\u0159in\u00e1\u0161\u00ed s\u00e1m \u017eivot, bez nev\u011bdom\u00ed, co je \u010dek\u00e1 za dal\u0161\u00edm rohem.<\/p>\n","protected":false},"author":7,"featured_media":4169,"comment_status":"closed","ping_status":"closed","sticky":false,"template":"","format":"standard","meta":{"_acf_changed":false,"footnotes":""},"categories":[1],"tags":[888,539,631,477],"class_list":["post-4168","post","type-post","status-publish","format-standard","has-post-thumbnail","hentry","category-ostatni","tag-afrika","tag-cestovani","tag-hory","tag-motocykl"],"acf":{"znacka":"","model":"","objem":"","vyrobeno":"","vykon":"","velikost_1":"","velikost_2":"","velikost_3":"","velikost_4":"","roky":"","roky_velikost_1":"","roky_velikost_2":"","roky_velikost_3":"","roky_velikost_4":"","pocet_kalkulaci":0,"page_post_meta_bread":"Nejzaj\u00edmav\u011bj\u0161\u00ed \u010desk\u00e9 v\u00fdpravy posledn\u00edch let","page_post_meta_bread_child":"","page_post_meta_script_head":"","page_post_meta_leaving_screen":"cat"},"yoast_head":"<!-- This site is optimized with the Yoast SEO plugin v25.5 - https:\/\/yoast.com\/wordpress\/plugins\/seo\/ -->\n<title>Nejzaj\u00edmav\u011bj\u0161\u00ed \u010desk\u00e9 v\u00fdpravy posledn\u00edch let - Srovn\u00e1tor.cz<\/title>\n<meta name=\"description\" content=\"Cestovatel\u00e9 na vlastn\u00ed p\u011bst si nedok\u00e1\u017e\u00ed p\u0159edstavit dobrodru\u017estv\u00ed cesty bez \u00faskal\u00ed, kter\u00e9 p\u0159in\u00e1\u0161\u00ed s\u00e1m \u017eivot, bez nev\u011bdom\u00ed, co je \u010dek\u00e1 za dal\u0161\u00edm rohem.\" \/>\n<meta name=\"robots\" content=\"index, follow, max-snippet:-1, max-image-preview:large, max-video-preview:-1\" \/>\n<link rel=\"canonical\" href=\"https:\/\/www.srovnator.cz\/clanky\/nejzajimavejsi-ceske-vypravy-poslednich-let\/\" \/>\n<meta property=\"og:locale\" content=\"cs_CZ\" \/>\n<meta property=\"og:type\" content=\"article\" \/>\n<meta property=\"og:title\" content=\"Nejzaj\u00edmav\u011bj\u0161\u00ed \u010desk\u00e9 v\u00fdpravy posledn\u00edch let - Srovn\u00e1tor.cz\" \/>\n<meta property=\"og:description\" content=\"Cestovatel\u00e9 na vlastn\u00ed p\u011bst si nedok\u00e1\u017e\u00ed p\u0159edstavit dobrodru\u017estv\u00ed cesty bez \u00faskal\u00ed, kter\u00e9 p\u0159in\u00e1\u0161\u00ed s\u00e1m \u017eivot, bez nev\u011bdom\u00ed, co je \u010dek\u00e1 za dal\u0161\u00edm rohem.\" \/>\n<meta property=\"og:url\" content=\"https:\/\/www.srovnator.cz\/clanky\/nejzajimavejsi-ceske-vypravy-poslednich-let\/\" \/>\n<meta property=\"og:site_name\" content=\"Srovn\u00e1tor.cz\" \/>\n<meta property=\"article:publisher\" content=\"https:\/\/www.facebook.com\/srovnator\/\" \/>\n<meta property=\"article:published_time\" content=\"2018-04-23T11:07:25+00:00\" \/>\n<meta property=\"article:modified_time\" content=\"2024-06-24T06:05:35+00:00\" \/>\n<meta property=\"og:image\" content=\"https:\/\/storage.googleapis.com\/wp-resources\/srovnator.cz\/ng\/2022\/06\/ddf73966-trabant.jpg\" \/>\n\t<meta property=\"og:image:width\" content=\"1280\" \/>\n\t<meta property=\"og:image:height\" content=\"853\" \/>\n\t<meta property=\"og:image:type\" content=\"image\/jpeg\" \/>\n<meta name=\"author\" content=\"Martin Straka\" \/>\n<meta name=\"twitter:card\" content=\"summary_large_image\" \/>\n<meta name=\"twitter:creator\" content=\"@Srovnator_czech\" \/>\n<meta name=\"twitter:site\" content=\"@Srovnator_czech\" \/>\n<meta name=\"twitter:label1\" content=\"Written by\" \/>\n\t<meta name=\"twitter:data1\" content=\"Martin Straka\" \/>\n\t<meta name=\"twitter:label2\" content=\"Est. reading time\" \/>\n\t<meta name=\"twitter:data2\" content=\"5 minutes\" \/>\n<script type=\"application\/ld+json\" class=\"yoast-schema-graph\">{\"@context\":\"https:\/\/schema.org\",\"@graph\":[{\"@type\":\"WebPage\",\"@id\":\"https:\/\/www.srovnator.cz\/clanky\/nejzajimavejsi-ceske-vypravy-poslednich-let\/\",\"url\":\"https:\/\/www.srovnator.cz\/clanky\/nejzajimavejsi-ceske-vypravy-poslednich-let\/\",\"name\":\"Nejzaj\u00edmav\u011bj\u0161\u00ed \u010desk\u00e9 v\u00fdpravy posledn\u00edch let - Srovn\u00e1tor.cz\",\"isPartOf\":{\"@id\":\"https:\/\/www.srovnator.cz\/#website\"},\"primaryImageOfPage\":{\"@id\":\"https:\/\/www.srovnator.cz\/clanky\/nejzajimavejsi-ceske-vypravy-poslednich-let\/#primaryimage\"},\"image\":{\"@id\":\"https:\/\/www.srovnator.cz\/clanky\/nejzajimavejsi-ceske-vypravy-poslednich-let\/#primaryimage\"},\"thumbnailUrl\":\"https:\/\/storage.googleapis.com\/wp-resources\/srovnator.cz\/ng\/2022\/06\/ddf73966-trabant.jpg\",\"datePublished\":\"2018-04-23T11:07:25+00:00\",\"dateModified\":\"2024-06-24T06:05:35+00:00\",\"author\":{\"@id\":\"https:\/\/www.srovnator.cz\/#\/schema\/person\/f2be3ec81eda7dd06cf658cc9aa974ff\"},\"description\":\"Cestovatel\u00e9 na vlastn\u00ed p\u011bst si nedok\u00e1\u017e\u00ed p\u0159edstavit dobrodru\u017estv\u00ed cesty bez \u00faskal\u00ed, kter\u00e9 p\u0159in\u00e1\u0161\u00ed s\u00e1m \u017eivot, bez nev\u011bdom\u00ed, co je \u010dek\u00e1 za dal\u0161\u00edm rohem.\",\"inLanguage\":\"cs-CZ\",\"potentialAction\":[{\"@type\":\"ReadAction\",\"target\":[\"https:\/\/www.srovnator.cz\/clanky\/nejzajimavejsi-ceske-vypravy-poslednich-let\/\"]}]},{\"@type\":\"ImageObject\",\"inLanguage\":\"cs-CZ\",\"@id\":\"https:\/\/www.srovnator.cz\/clanky\/nejzajimavejsi-ceske-vypravy-poslednich-let\/#primaryimage\",\"url\":\"https:\/\/storage.googleapis.com\/wp-resources\/srovnator.cz\/ng\/2022\/06\/ddf73966-trabant.jpg\",\"contentUrl\":\"https:\/\/storage.googleapis.com\/wp-resources\/srovnator.cz\/ng\/2022\/06\/ddf73966-trabant.jpg\",\"width\":1280,\"height\":853,\"caption\":\"\u017dlut\u00fd trabant Egu\"},{\"@type\":\"WebSite\",\"@id\":\"https:\/\/www.srovnator.cz\/#website\",\"url\":\"https:\/\/www.srovnator.cz\/\",\"name\":\"Srovn\u00e1tor.cz\",\"description\":\"\",\"potentialAction\":[{\"@type\":\"SearchAction\",\"target\":{\"@type\":\"EntryPoint\",\"urlTemplate\":\"https:\/\/www.srovnator.cz\/?s={search_term_string}\"},\"query-input\":{\"@type\":\"PropertyValueSpecification\",\"valueRequired\":true,\"valueName\":\"search_term_string\"}}],\"inLanguage\":\"cs-CZ\"},{\"@type\":\"Person\",\"@id\":\"https:\/\/www.srovnator.cz\/#\/schema\/person\/f2be3ec81eda7dd06cf658cc9aa974ff\",\"name\":\"Martin Straka\",\"image\":{\"@type\":\"ImageObject\",\"inLanguage\":\"cs-CZ\",\"@id\":\"https:\/\/www.srovnator.cz\/#\/schema\/person\/image\/\",\"url\":\"https:\/\/secure.gravatar.com\/avatar\/e91ecfaa01852a8f16b9f65e2ab5c2102d2bb71b2b029fd130ff6c5d21492f36?s=96&d=mm&r=g\",\"contentUrl\":\"https:\/\/secure.gravatar.com\/avatar\/e91ecfaa01852a8f16b9f65e2ab5c2102d2bb71b2b029fd130ff6c5d21492f36?s=96&d=mm&r=g\",\"caption\":\"Martin Straka\"},\"description\":\"Martin Straka je \u0159editelem klientsk\u00e9ho centra a p\u00e9\u010de o z\u00e1kazn\u00edky. Se sv\u00fdm t\u00fdmem poskytuje z\u00e1kazn\u00edk\u016fm Srovn\u00e1tor.cz \u0161pi\u010dkov\u00fd servis a dohl\u00ed\u017e\u00ed na to, aby na\u0161e procesy byly efektivn\u00ed a z\u00e1kazn\u00edci byli spokojen\u00ed nejen p\u0159i sjedn\u00e1n\u00ed nov\u00e9ho produktu, ale i kdykoliv pot\u0159ebuj\u00ed s n\u011b\u010d\u00edm pomoci. Jeho \u010dl\u00e1nky informuj\u00ed nejen o nejnov\u011bj\u0161\u00edch trendech a aktu\u00e1ln\u00edch t\u00e9matech, ale p\u0159in\u00e1\u0161\u00ed i praktick\u00e9 a zaj\u00edmav\u00e9 tipy z r\u016fzn\u00fdch oblast\u00ed b\u011b\u017en\u00e9ho \u017eivota.\",\"url\":\"https:\/\/www.srovnator.cz\/autori\/martin-straka\/\"}]}<\/script>\n<!-- \/ Yoast SEO plugin. -->","yoast_head_json":{"title":"Nejzaj\u00edmav\u011bj\u0161\u00ed \u010desk\u00e9 v\u00fdpravy posledn\u00edch let - Srovn\u00e1tor.cz","description":"Cestovatel\u00e9 na vlastn\u00ed p\u011bst si nedok\u00e1\u017e\u00ed p\u0159edstavit dobrodru\u017estv\u00ed cesty bez \u00faskal\u00ed, kter\u00e9 p\u0159in\u00e1\u0161\u00ed s\u00e1m \u017eivot, bez nev\u011bdom\u00ed, co je \u010dek\u00e1 za dal\u0161\u00edm rohem.","robots":{"index":"index","follow":"follow","max-snippet":"max-snippet:-1","max-image-preview":"max-image-preview:large","max-video-preview":"max-video-preview:-1"},"canonical":"https:\/\/www.srovnator.cz\/clanky\/nejzajimavejsi-ceske-vypravy-poslednich-let\/","og_locale":"cs_CZ","og_type":"article","og_title":"Nejzaj\u00edmav\u011bj\u0161\u00ed \u010desk\u00e9 v\u00fdpravy posledn\u00edch let - Srovn\u00e1tor.cz","og_description":"Cestovatel\u00e9 na vlastn\u00ed p\u011bst si nedok\u00e1\u017e\u00ed p\u0159edstavit dobrodru\u017estv\u00ed cesty bez \u00faskal\u00ed, kter\u00e9 p\u0159in\u00e1\u0161\u00ed s\u00e1m \u017eivot, bez nev\u011bdom\u00ed, co je \u010dek\u00e1 za dal\u0161\u00edm rohem.","og_url":"https:\/\/www.srovnator.cz\/clanky\/nejzajimavejsi-ceske-vypravy-poslednich-let\/","og_site_name":"Srovn\u00e1tor.cz","article_publisher":"https:\/\/www.facebook.com\/srovnator\/","article_published_time":"2018-04-23T11:07:25+00:00","article_modified_time":"2024-06-24T06:05:35+00:00","og_image":[{"width":1280,"height":853,"url":"https:\/\/storage.googleapis.com\/wp-resources\/srovnator.cz\/ng\/2022\/06\/ddf73966-trabant.jpg","type":"image\/jpeg"}],"author":"Martin Straka","twitter_card":"summary_large_image","twitter_creator":"@Srovnator_czech","twitter_site":"@Srovnator_czech","twitter_misc":{"Written by":"Martin Straka","Est. reading time":"5 minutes"},"schema":{"@context":"https:\/\/schema.org","@graph":[{"@type":"WebPage","@id":"https:\/\/www.srovnator.cz\/clanky\/nejzajimavejsi-ceske-vypravy-poslednich-let\/","url":"https:\/\/www.srovnator.cz\/clanky\/nejzajimavejsi-ceske-vypravy-poslednich-let\/","name":"Nejzaj\u00edmav\u011bj\u0161\u00ed \u010desk\u00e9 v\u00fdpravy posledn\u00edch let - Srovn\u00e1tor.cz","isPartOf":{"@id":"https:\/\/www.srovnator.cz\/#website"},"primaryImageOfPage":{"@id":"https:\/\/www.srovnator.cz\/clanky\/nejzajimavejsi-ceske-vypravy-poslednich-let\/#primaryimage"},"image":{"@id":"https:\/\/www.srovnator.cz\/clanky\/nejzajimavejsi-ceske-vypravy-poslednich-let\/#primaryimage"},"thumbnailUrl":"https:\/\/storage.googleapis.com\/wp-resources\/srovnator.cz\/ng\/2022\/06\/ddf73966-trabant.jpg","datePublished":"2018-04-23T11:07:25+00:00","dateModified":"2024-06-24T06:05:35+00:00","author":{"@id":"https:\/\/www.srovnator.cz\/#\/schema\/person\/f2be3ec81eda7dd06cf658cc9aa974ff"},"description":"Cestovatel\u00e9 na vlastn\u00ed p\u011bst si nedok\u00e1\u017e\u00ed p\u0159edstavit dobrodru\u017estv\u00ed cesty bez \u00faskal\u00ed, kter\u00e9 p\u0159in\u00e1\u0161\u00ed s\u00e1m \u017eivot, bez nev\u011bdom\u00ed, co je \u010dek\u00e1 za dal\u0161\u00edm rohem.","inLanguage":"cs-CZ","potentialAction":[{"@type":"ReadAction","target":["https:\/\/www.srovnator.cz\/clanky\/nejzajimavejsi-ceske-vypravy-poslednich-let\/"]}]},{"@type":"ImageObject","inLanguage":"cs-CZ","@id":"https:\/\/www.srovnator.cz\/clanky\/nejzajimavejsi-ceske-vypravy-poslednich-let\/#primaryimage","url":"https:\/\/storage.googleapis.com\/wp-resources\/srovnator.cz\/ng\/2022\/06\/ddf73966-trabant.jpg","contentUrl":"https:\/\/storage.googleapis.com\/wp-resources\/srovnator.cz\/ng\/2022\/06\/ddf73966-trabant.jpg","width":1280,"height":853,"caption":"\u017dlut\u00fd trabant Egu"},{"@type":"WebSite","@id":"https:\/\/www.srovnator.cz\/#website","url":"https:\/\/www.srovnator.cz\/","name":"Srovn\u00e1tor.cz","description":"","potentialAction":[{"@type":"SearchAction","target":{"@type":"EntryPoint","urlTemplate":"https:\/\/www.srovnator.cz\/?s={search_term_string}"},"query-input":{"@type":"PropertyValueSpecification","valueRequired":true,"valueName":"search_term_string"}}],"inLanguage":"cs-CZ"},{"@type":"Person","@id":"https:\/\/www.srovnator.cz\/#\/schema\/person\/f2be3ec81eda7dd06cf658cc9aa974ff","name":"Martin Straka","image":{"@type":"ImageObject","inLanguage":"cs-CZ","@id":"https:\/\/www.srovnator.cz\/#\/schema\/person\/image\/","url":"https:\/\/secure.gravatar.com\/avatar\/e91ecfaa01852a8f16b9f65e2ab5c2102d2bb71b2b029fd130ff6c5d21492f36?s=96&d=mm&r=g","contentUrl":"https:\/\/secure.gravatar.com\/avatar\/e91ecfaa01852a8f16b9f65e2ab5c2102d2bb71b2b029fd130ff6c5d21492f36?s=96&d=mm&r=g","caption":"Martin Straka"},"description":"Martin Straka je \u0159editelem klientsk\u00e9ho centra a p\u00e9\u010de o z\u00e1kazn\u00edky. Se sv\u00fdm t\u00fdmem poskytuje z\u00e1kazn\u00edk\u016fm Srovn\u00e1tor.cz \u0161pi\u010dkov\u00fd servis a dohl\u00ed\u017e\u00ed na to, aby na\u0161e procesy byly efektivn\u00ed a z\u00e1kazn\u00edci byli spokojen\u00ed nejen p\u0159i sjedn\u00e1n\u00ed nov\u00e9ho produktu, ale i kdykoliv pot\u0159ebuj\u00ed s n\u011b\u010d\u00edm pomoci. Jeho \u010dl\u00e1nky informuj\u00ed nejen o nejnov\u011bj\u0161\u00edch trendech a aktu\u00e1ln\u00edch t\u00e9matech, ale p\u0159in\u00e1\u0161\u00ed i praktick\u00e9 a zaj\u00edmav\u00e9 tipy z r\u016fzn\u00fdch oblast\u00ed b\u011b\u017en\u00e9ho \u017eivota.","url":"https:\/\/www.srovnator.cz\/autori\/martin-straka\/"}]}},"amp_enabled":true,"_links":{"self":[{"href":"https:\/\/www.srovnator.cz\/rest_api\/wp\/v2\/posts\/4168","targetHints":{"allow":["GET"]}}],"collection":[{"href":"https:\/\/www.srovnator.cz\/rest_api\/wp\/v2\/posts"}],"about":[{"href":"https:\/\/www.srovnator.cz\/rest_api\/wp\/v2\/types\/post"}],"author":[{"embeddable":true,"href":"https:\/\/www.srovnator.cz\/rest_api\/wp\/v2\/users\/7"}],"replies":[{"embeddable":true,"href":"https:\/\/www.srovnator.cz\/rest_api\/wp\/v2\/comments?post=4168"}],"version-history":[{"count":1,"href":"https:\/\/www.srovnator.cz\/rest_api\/wp\/v2\/posts\/4168\/revisions"}],"predecessor-version":[{"id":10328,"href":"https:\/\/www.srovnator.cz\/rest_api\/wp\/v2\/posts\/4168\/revisions\/10328"}],"wp:featuredmedia":[{"embeddable":true,"href":"https:\/\/www.srovnator.cz\/rest_api\/wp\/v2\/media\/4169"}],"wp:attachment":[{"href":"https:\/\/www.srovnator.cz\/rest_api\/wp\/v2\/media?parent=4168"}],"wp:term":[{"taxonomy":"category","embeddable":true,"href":"https:\/\/www.srovnator.cz\/rest_api\/wp\/v2\/categories?post=4168"},{"taxonomy":"post_tag","embeddable":true,"href":"https:\/\/www.srovnator.cz\/rest_api\/wp\/v2\/tags?post=4168"}],"curies":[{"name":"wp","href":"https:\/\/api.w.org\/{rel}","templated":true}]}}