{"id":4174,"date":"2018-04-25T11:23:49","date_gmt":"2018-04-25T09:23:49","guid":{"rendered":"https:\/\/www.srovnator.cz\/clanky\/ostatni\/dovolena-na-kole\/"},"modified":"2024-06-24T08:05:35","modified_gmt":"2024-06-24T06:05:35","slug":"dovolena-na-kole","status":"publish","type":"post","link":"https:\/\/www.srovnator.cz\/clanky\/dovolena-na-kole\/","title":{"rendered":"Dovolen\u00e1 na kole"},"content":{"rendered":"<p><strong>Pomalu se bl\u00ed\u017e\u00ed \u010das dovolen\u00fdch a nav\u00edc n\u00e1m za\u010dala cyklistick\u00e1 sez\u00f3na, co takhle oboje spojit a u\u017e\u00edt si dovolenou na kole? Nev\u00edte kam vyrazit? M\u00e1me pro v\u00e1s p\u00e1r tip\u016f na kr\u00e1sn\u00e9 trasy u n\u00e1s i v zahrani\u010d\u00ed.<\/strong><\/p>\n<img decoding=\"async\" width=\"770\" height=\"513\" src=\"https:\/\/storage.googleapis.com\/wp-resources\/srovnator.cz\/ng\/2022\/06\/3c0b8266-biker-770x513.jpg\" class=\" wp-post-image wp-stateless-item\" alt=\"Dovolen\u00e1 na kole\" title=\"Dovolen\u00e1 na kole\" srcset=\"https:\/\/storage.googleapis.com\/wp-resources\/srovnator.cz\/ng\/2022\/06\/3c0b8266-biker-770x513.jpg 770w, https:\/\/storage.googleapis.com\/wp-resources\/srovnator.cz\/ng\/2022\/06\/3c0b8266-biker.jpg 1280w\" sizes=\"(max-width: 770px) 100vw, 770px\" data-image-size=\"medium\" data-stateless-media-bucket=\"wp-resources\" data-stateless-media-name=\"srovnator.cz\/ng\/2022\/06\/3c0b8266-biker.jpg\" \/>\n<h2>P\u0159\u00edprava kola<\/h2>\n<p>Ne jen p\u0159ed pl\u00e1novanou dovolenou na kolech, je pot\u0159eba prov\u00e9st malou p\u0159\u00edpravu na sez\u00f3nu. U\u017e jste si mo\u017en\u00e1 v\u0161imli, \u017ee te\u010f na ja\u0159e jsou cykloservisy p\u0159epln\u011bn\u00e9. Co na kole sami kontrolovat?<\/p>\n<ul>\n<li>Brzdy, u brzd n\u00e1s zaj\u00edm\u00e1, jestli funguj\u00ed a jsou spr\u00e1vn\u011b se\u0159\u00edzen\u00e9. Brzda by m\u011bla zab\u00edrat u\u017e v prvn\u00ed t\u0159etin\u011b po zm\u00e1\u010dknut\u00ed. U r\u00e1fkov\u00fdch brzd je pot\u0159eba prohl\u00e9dnout \u0161palky, jestli nejsou moc opot\u0159eben\u00e9, mus\u00edme na nich vid\u011bt dr\u00e1\u017eky mezi jednotliv\u00fdmi v\u00fdstupky, jestli tam nejsou, rad\u011bji je nechejte vym\u011bnit.<\/li>\n<li>Pneumatiky, tak jako u aut je d\u016fle\u017eit\u00e9 m\u00edt v pneumatik\u00e1ch spr\u00e1vn\u00fd tlak, kola nem\u011bjte podhu\u0161t\u011bn\u00e1 nebo naopak p\u0159ehu\u0161t\u011bn\u00e1, jednak je to <a href=\"\/cestovni-pojisteni\/\">nebezpe\u010dn\u00e9<\/a> a celkem se p\u0159i j\u00edzd\u011b nad\u0159ete. D\u00e1le koukn\u011bte na stav pl\u00e1\u0161t\u011b, zda nen\u00ed p\u0159\u00edli\u0161 sjet\u00fd nebo v n\u011bm nejsou trhlinky.<\/li>\n<li>\u0158et\u011bz, ten je dobr\u00e9 promazat a hlavn\u011b o\u010distit od ne\u010distot. St\u00e1v\u00e1 se, \u017ee se \u0159et\u011bz v uplynul\u00e9 sezon\u011b vyt\u00e1hl, pro takov\u00e9 p\u0159\u00edpady se d\u00e1 koupit v cyklistick\u00fdch pot\u0159eb\u00e1ch m\u011brka, kter\u00e1 v\u00e1m jednodu\u0161e odhal\u00ed, jestli pot\u0159ebujete nov\u00fd \u0159et\u011bz.<\/li>\n<li>Tlumi\u010de a vidlice \u0159\u00e1dn\u011b o\u010dist\u011bte a nama\u017ete t\u0159eba silikonov\u00fdm olejem<\/li>\n<\/ul>\n<p>Tak fajn, kolo je p\u0159ipraven\u00e9, kam vyrazit?<\/p>\n<h2>Tuzemsko<\/h2>\n<p>\u010cesk\u00e1 republika je pro\u0161pikov\u00e1na cyklostezkami, podle posledn\u00edch dat je u n\u00e1s 1593\u00a0km cyklostezek, 310\u00a0km\u00a0komunikac\u00ed vhodn\u00fdch pro cyklisty a kolem 37.000\u00a0km cyklotras.<br \/>\nVybrali jsme jen p\u00e1r m\u00edst, kter\u00e9 m\u00e1me ov\u011b\u0159en\u00e9, ale jak vid\u00edte na v\u00fdb\u011br je toho spousta a v\u011bt\u0161ina tras je vedena atraktivn\u00ed krajinou, kde je co k vid\u011bn\u00ed.<\/p>\n<p>Jedn\u00edm z m\u00edst, kde str\u00e1vit svou aktivn\u00ed dovolenou nebo t\u0159eba jen v\u00edkend m\u016f\u017eeme doporu\u010dit je \u010cesk\u00fd r\u00e1j.<\/p>\n<h3>Okruh Hruboskalskem<\/h3>\n<p>Zvol\u00edte-li tento okruh, za\u010dnete v Turnov\u011b, pod\u00edv\u00e1te se do p\u016fvodn\u00edch vodol\u00e9\u010debn\u00fdch a klimatick\u00fdch l\u00e1zn\u00ed Sedmihorky, uvid\u00edte z\u0159\u00edceninu hradu Trosky, cel\u00fd okruh m\u00e1 31\u00a0km a kon\u010d\u00ed op\u011bt v Turnov\u011b.<\/p>\n<a href=\"#\" class=\"d-block mb-3\" data-toggle=\"modal\" data-target=\"#mod-49\"><img decoding=\"async\" title=\"Okruh Hruboskalskem\" src=\"https:\/\/storage.googleapis.com\/wp-resources\/srovnator.cz\/2021\/10\/hruboralsko-770x433.jpg\" alt=\"Okruh Hruboskalskem\" width=\"100%\" \/><\/a><\/a>\n            <div id=\"mod-49\" class=\"modal fade\" tabindex=\"-1\" role=\"dialog\" aria-labelledby=\"myModalLabel\" aria-hidden=\"true\">\n                <div class=\"modal-dialog modal-xl modal-dialog-centered\">\n                    <div class=\"modal-content\">\n                        <div class=\"modal-header\">\n                            <button type=\"button\" class=\"close\" data-dismiss=\"modal\" aria-label=\"Close\">\n                                <span aria-hidden=\"true\" class=\"sro-problem icon\"><\/span>\n                            <\/button>\n                        <\/div>\n                        <div class=\"modal-body\">\n                            <img decoding=\"async\" src=\"\/wp-content\/uploads\/hruboralsko.jpg\" class=\"img-responsive\" alt=\"\/wp-content\/uploads\/hruboralsko.jpg\">\n                        <\/div>\n                    <\/div>\n                <\/div>\n            <\/div>\n<p>Hrub\u00e1 sk\u00e1la je dal\u0161\u00ed mo\u017enost\u00ed kam se d\u00e1 v t\u00e9to lokalit\u011b projet na kole. Na z\u00e1mku Hrub\u00e1 sk\u00e1la neberte s\u00edly v m\u00edstn\u00ed restauraci, odm\u011bnou za stoup\u00e1n\u00ed bude n\u00e1dhern\u00fd v\u00fdhled. Cestou to vezm\u011bte p\u0159es Hruboskalsko, co\u017e je p\u0159\u00edrodn\u00ed rezervace se skaln\u00edm m\u011bstem, potk\u00e1te vysok\u00e9 v\u011b\u017ee a\u017e 55m a hromady vyhl\u00eddek.<br \/>\nA pro koho hrad\u016f a z\u00e1mk\u016f nen\u00ed dost, zvol\u00ed je\u0161t\u011b trasu na Vald\u0161tejn, co\u017e je hrad a pokud v\u00e1m cestou bude horko, m\u016f\u017eete se vykoupat ve V\u011b\u017eick\u00e9m rybn\u00edku, na jeho\u017e rozlehl\u00e9 vodn\u00ed hladin\u011b (6\u00a0ha) se zrcadl\u00ed \u00fa\u017easn\u00e9 scen\u00e9rie skal.<\/p>\n<h3>Rychlebsk\u00e9 stezky<\/h3>\n<a href=\"#\" class=\"d-block mb-3\" data-toggle=\"modal\" data-target=\"#mod-306\"><img decoding=\"async\"   title=\"pl\u00e1nek Rychlebsk\u00fdch stezek - panorama\" src=\"https:\/\/storage.googleapis.com\/wp-resources\/srovnator.cz\/2021\/10\/rychlebske-stezky-770x405.jpg\" alt=\"pl\u00e1nek Rychlebsk\u00fdch stezek - panorama\" width=\"100%\" \/><\/a>\n            <div id=\"mod-306\" class=\"modal fade\" tabindex=\"-1\" role=\"dialog\" aria-labelledby=\"myModalLabel\" aria-hidden=\"true\">\n                <div class=\"modal-dialog modal-xl modal-dialog-centered\">\n                    <div class=\"modal-content\">\n                        <div class=\"modal-header\">\n                            <button type=\"button\" class=\"close\" data-dismiss=\"modal\" aria-label=\"Close\">\n                                <span aria-hidden=\"true\" class=\"sro-problem icon\"><\/span>\n                            <\/button>\n                        <\/div>\n                        <div class=\"modal-body\">\n                            <img decoding=\"async\" src=\"\/wp-content\/uploads\/rychlebske-stezky.jpg\" class=\"img-responsive\" alt=\"\/wp-content\/uploads\/rychlebske-stezky.jpg\">\n                        <\/div>\n                    <\/div>\n                <\/div>\n            <\/div>\n<p>Pro ty, kte\u0159\u00ed vyhled\u00e1vaj\u00ed sp\u00ed\u0161e adrenalin a holduj\u00ed horsk\u00fdm kol\u016fm jsou pr\u00e1v\u011b tyto stezky. Rychleby se nach\u00e1zej\u00ed nedaleko m\u011bsta Jesen\u00edk. Najdete tam s\u00ed\u0165 stezek neboli trail\u016f, kter\u00e1 je vedena malebnou p\u0159\u00edrodou, krom\u011b modern\u00edch flow trail\u016f se projedete i po star\u00fdch kamenn\u00fdch stezk\u00e1ch. Stezky v\u017edy za\u010d\u00ednaj\u00ed a kon\u010d\u00ed u obce \u010cern\u00e1 Voda, kde maj\u00ed Z\u00e1kladnu s informa\u010dn\u00edm centrem, v n\u011bm z\u00edsk\u00e1te informace o tras\u00e1ch, m\u016f\u017eete si p\u016fj\u010dit celoodpru\u017een\u00e9 kolo, nebo se pustit do studia j\u00edzdy na MTB s instruktorem, krom\u011b toho se tu d\u00e1 p\u0159\u00edjemn\u011b ob\u010derstvit, ubytovat a um\u00fdt si kolo.<\/p>\n<h3>Velk\u00e9 dobrodru\u017estv\u00ed<\/h3>\n<p>\u010dek\u00e1 na turisty na kolech na tzv. EuroVelo tras\u00e1ch. Jde celkem o\u00a014\u00a0d\u00e1lkov\u00fdch cyklotras, kter\u00e9 vedou evropsk\u00fdmi st\u00e1ty, pojedete po cest\u00e1ch, kter\u00e9 vedou kolem p\u0159\u00edrodn\u00edch a historick\u00fdch pam\u00e1tek v\u0161eho druhu.<br \/>\n\u010ceskou republikou proch\u00e1z\u00ed\u00a04\u00a0z t\u011bchto tras, dv\u011b z nich pop\u00ed\u0161eme.<br \/>\nEuroVelo\u00a04 je trasa spojuj\u00edc\u00ed z\u00e1pad a v\u00fdchod Evropy. Za\u010d\u00edn\u00e1 se v malebn\u00e9m francouzsk\u00e9m p\u0159\u00edstavn\u00edm m\u011bste\u010dku Roscoff, d\u00e1le m\u016f\u017eete projet Belgi\u00ed, N\u011bmeckem do \u010cR.V budoucnu bude trasa pokra\u010dovat Polskem na Ukrajinu. \u010cesk\u00e1 \u010d\u00e1st trasy vede z Chebu do Brna, m\u00e1 d\u00e9lku zhruba 900\u00a0km.<br \/>\nEuroVelo\u00a07 se tak\u00e9 \u0159\u00edk\u00e1 Slune\u010dn\u00ed trasa a proch\u00e1z\u00ed \u0160v\u00e9dskem, D\u00e1nskem, N\u011bmeckem, \u010ceskou republikou, Rakouskem, It\u00e1lii a kon\u010d\u00ed na Malt\u011b. Do \u010ceska trasa p\u0159ich\u00e1z\u00ed p\u0159es D\u011b\u010d\u00edn nedaleko N\u00e1rodn\u00edho parku \u010cesk\u00e9 \u0160v\u00fdcarsko, na\u0161i zemi trasa opust\u00ed v \u010cesk\u00e9m Krumlov\u011b, kde se jede d\u00e1le na Linz.<\/p>\n<h2>Zahrani\u010d\u00ed<\/h2>\n<p>Cyklo dovolenou jde klidn\u011b spojit s trochou relaxu u mo\u0159e. Takov\u00e9 podm\u00ednky m\u00e1 nap\u0159\u00edklad Slovinsko, zem\u011b, kter\u00e1 m\u00e1 kopce, n\u00ed\u017einy, hory, mo\u0159e a kr\u00e1sn\u00e9 pr\u016fzra\u010dn\u00e9 \u0159eky. Milovn\u00edci v\u00edna v\u00edtaj\u00ed mo\u017enost projet francouzsk\u00fd kraj Provence.<br \/>\nKololo\u010f je spojen\u00ed plavby a j\u00edzdy na kole, zjednodu\u0161en\u011b \u0159e\u010deno se poplav\u00edte po Jadranu, z lod\u011b vyraz\u00edte na v\u00fdlety za kr\u00e1sami Chorvatska. Kombinaci horsk\u00fdch sjezd\u016f i rovin pod\u00e9l pob\u0159e\u017e\u00ed najdete v It\u00e1lii.<\/p>\n<p><img decoding=\"async\"   title=\"\u017eena jedouc\u00ed po pl\u00e1\u017ei na kole\" src=\"https:\/\/storage.googleapis.com\/wp-resources\/srovnator.cz\/2021\/10\/zena-na-kole-770x512.jpg\" alt=\"\u017eena jedouc\u00ed po pl\u00e1\u017ei na kole\" width=\"100%\" \/><\/p>\n<h2>Zavazadla<\/h2>\n<p>V\u011bt\u0161ina cykloz\u00e1jezd\u016f je koncipov\u00e1na, tak, \u017ee v\u00e1s doprov\u00e1z\u00ed autobus nebo jin\u00e9 vozidlo, ve kter\u00e9m m\u00e1te v\u011bci. R\u00e1no si vyberete jakou trasou pojedete a ve\u010der v c\u00edli v\u00e1s budou \u010dekat va\u0161e zavazadla. Je-li to za\u0159\u00edzen\u00e9 takto, sta\u010d\u00ed v\u00e1m vz\u00edt sebou na kolo jen v\u011bci na den, \u010dili dr\u017e\u00e1k na fla\u0161ku, troj\u00faheln\u00edkov\u00e1 bra\u0161na do r\u00e1mu na drobnosti a bra\u0161na pod sedadlo, do t\u00e9 se pohodln\u011b vejde sada na lepen\u00ed, sva\u010dinka a l\u00e9k\u00e1rni\u010dka. Pro expedi\u010dn\u00ed bikery nebo ty co vyr\u00e1\u017e\u00ed po vlastn\u00ed ose, je v nab\u00eddce nespo\u010det bra\u0161en, ko\u0161\u00edk\u016f a nosi\u010d\u016f zavazadel. Hlavn\u00ed pravidlo je rozlo\u017eit v\u00e1hu co nejrovnom\u011brn\u011bji na strany kola a i jeho p\u0159edn\u00ed a zadn\u00ed \u010d\u00e1st, tak aby bylo st\u00e1le dob\u0159e ovladateln\u00e9 a net\u00e1hlo nap\u0159\u00edklad do strany.<\/p>\n<h2>Na co si d\u00e1t pozor<\/h2>\n<p>Rozhodli jste se str\u00e1vit sv\u016fj voln\u00fd \u010das pr\u00e1v\u011b na kole? V\u011bnujte pozornost <a href=\"\/cestovni-pojisteni\/\">poji\u0161t\u011bn\u00ed<\/a>, bez kter\u00e9ho se na cest\u00e1ch neobejdete. B\u011b\u017enou cykloturistiku obvykle pokryje b\u011b\u017en\u00e9 poji\u0161t\u011bn\u00ed, ale sjezdy na horsk\u00fdch kolech jsou obvykle klasifikov\u00e1ny jako rizikov\u00e9 sporty.<br \/>\nJ\u00edzda na kole je sportovn\u00ed aktivita a hroz\u00ed p\u0159i n\u00ed b\u011b\u017en\u00e1 nebezpe\u010d\u00ed, b\u011bhem p\u00e1r sekund se m\u016f\u017ee st\u00e1t nehoda, p\u00e1d nebo prost\u011b zabloud\u00edte, bu\u010fte na tyto nenad\u00e1le situace p\u0159ipraven\u00ed, a\u0165 si nepokaz\u00edte dovolenou.<\/p>\n","protected":false},"excerpt":{"rendered":"<p>Bl\u00ed\u017e\u00ed se \u010das dovolen\u00fdch, co tak vyrazit na kole a u\u017e\u00edt si aktivn\u00ed pohyb spolu s malebn\u00fdm prost\u0159ed\u00edm ve spojen\u00ed s p\u0159\u00edrodou? M\u00e1me p\u00e1r tip\u016f, kam vyrazit.<\/p>\n","protected":false},"author":7,"featured_media":4175,"comment_status":"closed","ping_status":"closed","sticky":false,"template":"","format":"standard","meta":{"_acf_changed":false,"footnotes":""},"categories":[1],"tags":[539,547,381],"class_list":["post-4174","post","type-post","status-publish","format-standard","has-post-thumbnail","hentry","category-ostatni","tag-cestovani","tag-cyklistika","tag-dovolena"],"acf":{"znacka":"","model":"","objem":"","vyrobeno":"","vykon":"","velikost_1":"","velikost_2":"","velikost_3":"","velikost_4":"","roky":"","roky_velikost_1":"","roky_velikost_2":"","roky_velikost_3":"","roky_velikost_4":"","pocet_kalkulaci":0,"page_post_meta_bread":"Dovolen\u00e1 na kole","page_post_meta_bread_child":"","page_post_meta_script_head":"","page_post_meta_leaving_screen":"cat"},"yoast_head":"<!-- This site is optimized with the Yoast SEO plugin v25.5 - https:\/\/yoast.com\/wordpress\/plugins\/seo\/ -->\n<title>Dovolen\u00e1 na kole - Srovn\u00e1tor.cz<\/title>\n<meta name=\"description\" content=\"Bl\u00ed\u017e\u00ed se \u010das dovolen\u00fdch, co tak vyrazit na kole a u\u017e\u00edt si aktivn\u00ed pohyb spolu s malebn\u00fdm prost\u0159ed\u00edm ve spojen\u00ed s p\u0159\u00edrodou? M\u00e1me p\u00e1r tip\u016f, kam vyrazit.\" \/>\n<meta name=\"robots\" content=\"index, follow, max-snippet:-1, max-image-preview:large, max-video-preview:-1\" \/>\n<link rel=\"canonical\" href=\"https:\/\/www.srovnator.cz\/clanky\/dovolena-na-kole\/\" \/>\n<meta property=\"og:locale\" content=\"cs_CZ\" \/>\n<meta property=\"og:type\" content=\"article\" \/>\n<meta property=\"og:title\" content=\"Dovolen\u00e1 na kole - Srovn\u00e1tor.cz\" \/>\n<meta property=\"og:description\" content=\"Bl\u00ed\u017e\u00ed se \u010das dovolen\u00fdch, co tak vyrazit na kole a u\u017e\u00edt si aktivn\u00ed pohyb spolu s malebn\u00fdm prost\u0159ed\u00edm ve spojen\u00ed s p\u0159\u00edrodou? M\u00e1me p\u00e1r tip\u016f, kam vyrazit.\" \/>\n<meta property=\"og:url\" content=\"https:\/\/www.srovnator.cz\/clanky\/dovolena-na-kole\/\" \/>\n<meta property=\"og:site_name\" content=\"Srovn\u00e1tor.cz\" \/>\n<meta property=\"article:publisher\" content=\"https:\/\/www.facebook.com\/srovnator\/\" \/>\n<meta property=\"article:published_time\" content=\"2018-04-25T09:23:49+00:00\" \/>\n<meta property=\"article:modified_time\" content=\"2024-06-24T06:05:35+00:00\" \/>\n<meta property=\"og:image\" content=\"https:\/\/storage.googleapis.com\/wp-resources\/srovnator.cz\/ng\/2022\/06\/3c0b8266-biker.jpg\" \/>\n\t<meta property=\"og:image:width\" content=\"1280\" \/>\n\t<meta property=\"og:image:height\" content=\"852\" \/>\n\t<meta property=\"og:image:type\" content=\"image\/jpeg\" \/>\n<meta name=\"author\" content=\"Martin Straka\" \/>\n<meta name=\"twitter:card\" content=\"summary_large_image\" \/>\n<meta name=\"twitter:creator\" content=\"@Srovnator_czech\" \/>\n<meta name=\"twitter:site\" content=\"@Srovnator_czech\" \/>\n<meta name=\"twitter:label1\" content=\"Written by\" \/>\n\t<meta name=\"twitter:data1\" content=\"Martin Straka\" \/>\n\t<meta name=\"twitter:label2\" content=\"Est. reading time\" \/>\n\t<meta name=\"twitter:data2\" content=\"6 minutes\" \/>\n<script type=\"application\/ld+json\" class=\"yoast-schema-graph\">{\"@context\":\"https:\/\/schema.org\",\"@graph\":[{\"@type\":\"WebPage\",\"@id\":\"https:\/\/www.srovnator.cz\/clanky\/dovolena-na-kole\/\",\"url\":\"https:\/\/www.srovnator.cz\/clanky\/dovolena-na-kole\/\",\"name\":\"Dovolen\u00e1 na kole - Srovn\u00e1tor.cz\",\"isPartOf\":{\"@id\":\"https:\/\/www.srovnator.cz\/#website\"},\"primaryImageOfPage\":{\"@id\":\"https:\/\/www.srovnator.cz\/clanky\/dovolena-na-kole\/#primaryimage\"},\"image\":{\"@id\":\"https:\/\/www.srovnator.cz\/clanky\/dovolena-na-kole\/#primaryimage\"},\"thumbnailUrl\":\"https:\/\/storage.googleapis.com\/wp-resources\/srovnator.cz\/ng\/2022\/06\/3c0b8266-biker.jpg\",\"datePublished\":\"2018-04-25T09:23:49+00:00\",\"dateModified\":\"2024-06-24T06:05:35+00:00\",\"author\":{\"@id\":\"https:\/\/www.srovnator.cz\/#\/schema\/person\/f2be3ec81eda7dd06cf658cc9aa974ff\"},\"description\":\"Bl\u00ed\u017e\u00ed se \u010das dovolen\u00fdch, co tak vyrazit na kole a u\u017e\u00edt si aktivn\u00ed pohyb spolu s malebn\u00fdm prost\u0159ed\u00edm ve spojen\u00ed s p\u0159\u00edrodou? M\u00e1me p\u00e1r tip\u016f, kam vyrazit.\",\"inLanguage\":\"cs-CZ\",\"potentialAction\":[{\"@type\":\"ReadAction\",\"target\":[\"https:\/\/www.srovnator.cz\/clanky\/dovolena-na-kole\/\"]}]},{\"@type\":\"ImageObject\",\"inLanguage\":\"cs-CZ\",\"@id\":\"https:\/\/www.srovnator.cz\/clanky\/dovolena-na-kole\/#primaryimage\",\"url\":\"https:\/\/storage.googleapis.com\/wp-resources\/srovnator.cz\/ng\/2022\/06\/3c0b8266-biker.jpg\",\"contentUrl\":\"https:\/\/storage.googleapis.com\/wp-resources\/srovnator.cz\/ng\/2022\/06\/3c0b8266-biker.jpg\",\"width\":1280,\"height\":852,\"caption\":\"biker sleduj\u00edc\u00ed v\u00fdhled\"},{\"@type\":\"WebSite\",\"@id\":\"https:\/\/www.srovnator.cz\/#website\",\"url\":\"https:\/\/www.srovnator.cz\/\",\"name\":\"Srovn\u00e1tor.cz\",\"description\":\"\",\"potentialAction\":[{\"@type\":\"SearchAction\",\"target\":{\"@type\":\"EntryPoint\",\"urlTemplate\":\"https:\/\/www.srovnator.cz\/?s={search_term_string}\"},\"query-input\":{\"@type\":\"PropertyValueSpecification\",\"valueRequired\":true,\"valueName\":\"search_term_string\"}}],\"inLanguage\":\"cs-CZ\"},{\"@type\":\"Person\",\"@id\":\"https:\/\/www.srovnator.cz\/#\/schema\/person\/f2be3ec81eda7dd06cf658cc9aa974ff\",\"name\":\"Martin Straka\",\"image\":{\"@type\":\"ImageObject\",\"inLanguage\":\"cs-CZ\",\"@id\":\"https:\/\/www.srovnator.cz\/#\/schema\/person\/image\/\",\"url\":\"https:\/\/secure.gravatar.com\/avatar\/e91ecfaa01852a8f16b9f65e2ab5c2102d2bb71b2b029fd130ff6c5d21492f36?s=96&d=mm&r=g\",\"contentUrl\":\"https:\/\/secure.gravatar.com\/avatar\/e91ecfaa01852a8f16b9f65e2ab5c2102d2bb71b2b029fd130ff6c5d21492f36?s=96&d=mm&r=g\",\"caption\":\"Martin Straka\"},\"description\":\"Martin Straka je \u0159editelem klientsk\u00e9ho centra a p\u00e9\u010de o z\u00e1kazn\u00edky. Se sv\u00fdm t\u00fdmem poskytuje z\u00e1kazn\u00edk\u016fm Srovn\u00e1tor.cz \u0161pi\u010dkov\u00fd servis a dohl\u00ed\u017e\u00ed na to, aby na\u0161e procesy byly efektivn\u00ed a z\u00e1kazn\u00edci byli spokojen\u00ed nejen p\u0159i sjedn\u00e1n\u00ed nov\u00e9ho produktu, ale i kdykoliv pot\u0159ebuj\u00ed s n\u011b\u010d\u00edm pomoci. Jeho \u010dl\u00e1nky informuj\u00ed nejen o nejnov\u011bj\u0161\u00edch trendech a aktu\u00e1ln\u00edch t\u00e9matech, ale p\u0159in\u00e1\u0161\u00ed i praktick\u00e9 a zaj\u00edmav\u00e9 tipy z r\u016fzn\u00fdch oblast\u00ed b\u011b\u017en\u00e9ho \u017eivota.\",\"url\":\"https:\/\/www.srovnator.cz\/autori\/martin-straka\/\"}]}<\/script>\n<!-- \/ Yoast SEO plugin. -->","yoast_head_json":{"title":"Dovolen\u00e1 na kole - Srovn\u00e1tor.cz","description":"Bl\u00ed\u017e\u00ed se \u010das dovolen\u00fdch, co tak vyrazit na kole a u\u017e\u00edt si aktivn\u00ed pohyb spolu s malebn\u00fdm prost\u0159ed\u00edm ve spojen\u00ed s p\u0159\u00edrodou? M\u00e1me p\u00e1r tip\u016f, kam vyrazit.","robots":{"index":"index","follow":"follow","max-snippet":"max-snippet:-1","max-image-preview":"max-image-preview:large","max-video-preview":"max-video-preview:-1"},"canonical":"https:\/\/www.srovnator.cz\/clanky\/dovolena-na-kole\/","og_locale":"cs_CZ","og_type":"article","og_title":"Dovolen\u00e1 na kole - Srovn\u00e1tor.cz","og_description":"Bl\u00ed\u017e\u00ed se \u010das dovolen\u00fdch, co tak vyrazit na kole a u\u017e\u00edt si aktivn\u00ed pohyb spolu s malebn\u00fdm prost\u0159ed\u00edm ve spojen\u00ed s p\u0159\u00edrodou? M\u00e1me p\u00e1r tip\u016f, kam vyrazit.","og_url":"https:\/\/www.srovnator.cz\/clanky\/dovolena-na-kole\/","og_site_name":"Srovn\u00e1tor.cz","article_publisher":"https:\/\/www.facebook.com\/srovnator\/","article_published_time":"2018-04-25T09:23:49+00:00","article_modified_time":"2024-06-24T06:05:35+00:00","og_image":[{"width":1280,"height":852,"url":"https:\/\/storage.googleapis.com\/wp-resources\/srovnator.cz\/ng\/2022\/06\/3c0b8266-biker.jpg","type":"image\/jpeg"}],"author":"Martin Straka","twitter_card":"summary_large_image","twitter_creator":"@Srovnator_czech","twitter_site":"@Srovnator_czech","twitter_misc":{"Written by":"Martin Straka","Est. reading time":"6 minutes"},"schema":{"@context":"https:\/\/schema.org","@graph":[{"@type":"WebPage","@id":"https:\/\/www.srovnator.cz\/clanky\/dovolena-na-kole\/","url":"https:\/\/www.srovnator.cz\/clanky\/dovolena-na-kole\/","name":"Dovolen\u00e1 na kole - Srovn\u00e1tor.cz","isPartOf":{"@id":"https:\/\/www.srovnator.cz\/#website"},"primaryImageOfPage":{"@id":"https:\/\/www.srovnator.cz\/clanky\/dovolena-na-kole\/#primaryimage"},"image":{"@id":"https:\/\/www.srovnator.cz\/clanky\/dovolena-na-kole\/#primaryimage"},"thumbnailUrl":"https:\/\/storage.googleapis.com\/wp-resources\/srovnator.cz\/ng\/2022\/06\/3c0b8266-biker.jpg","datePublished":"2018-04-25T09:23:49+00:00","dateModified":"2024-06-24T06:05:35+00:00","author":{"@id":"https:\/\/www.srovnator.cz\/#\/schema\/person\/f2be3ec81eda7dd06cf658cc9aa974ff"},"description":"Bl\u00ed\u017e\u00ed se \u010das dovolen\u00fdch, co tak vyrazit na kole a u\u017e\u00edt si aktivn\u00ed pohyb spolu s malebn\u00fdm prost\u0159ed\u00edm ve spojen\u00ed s p\u0159\u00edrodou? M\u00e1me p\u00e1r tip\u016f, kam vyrazit.","inLanguage":"cs-CZ","potentialAction":[{"@type":"ReadAction","target":["https:\/\/www.srovnator.cz\/clanky\/dovolena-na-kole\/"]}]},{"@type":"ImageObject","inLanguage":"cs-CZ","@id":"https:\/\/www.srovnator.cz\/clanky\/dovolena-na-kole\/#primaryimage","url":"https:\/\/storage.googleapis.com\/wp-resources\/srovnator.cz\/ng\/2022\/06\/3c0b8266-biker.jpg","contentUrl":"https:\/\/storage.googleapis.com\/wp-resources\/srovnator.cz\/ng\/2022\/06\/3c0b8266-biker.jpg","width":1280,"height":852,"caption":"biker sleduj\u00edc\u00ed v\u00fdhled"},{"@type":"WebSite","@id":"https:\/\/www.srovnator.cz\/#website","url":"https:\/\/www.srovnator.cz\/","name":"Srovn\u00e1tor.cz","description":"","potentialAction":[{"@type":"SearchAction","target":{"@type":"EntryPoint","urlTemplate":"https:\/\/www.srovnator.cz\/?s={search_term_string}"},"query-input":{"@type":"PropertyValueSpecification","valueRequired":true,"valueName":"search_term_string"}}],"inLanguage":"cs-CZ"},{"@type":"Person","@id":"https:\/\/www.srovnator.cz\/#\/schema\/person\/f2be3ec81eda7dd06cf658cc9aa974ff","name":"Martin Straka","image":{"@type":"ImageObject","inLanguage":"cs-CZ","@id":"https:\/\/www.srovnator.cz\/#\/schema\/person\/image\/","url":"https:\/\/secure.gravatar.com\/avatar\/e91ecfaa01852a8f16b9f65e2ab5c2102d2bb71b2b029fd130ff6c5d21492f36?s=96&d=mm&r=g","contentUrl":"https:\/\/secure.gravatar.com\/avatar\/e91ecfaa01852a8f16b9f65e2ab5c2102d2bb71b2b029fd130ff6c5d21492f36?s=96&d=mm&r=g","caption":"Martin Straka"},"description":"Martin Straka je \u0159editelem klientsk\u00e9ho centra a p\u00e9\u010de o z\u00e1kazn\u00edky. Se sv\u00fdm t\u00fdmem poskytuje z\u00e1kazn\u00edk\u016fm Srovn\u00e1tor.cz \u0161pi\u010dkov\u00fd servis a dohl\u00ed\u017e\u00ed na to, aby na\u0161e procesy byly efektivn\u00ed a z\u00e1kazn\u00edci byli spokojen\u00ed nejen p\u0159i sjedn\u00e1n\u00ed nov\u00e9ho produktu, ale i kdykoliv pot\u0159ebuj\u00ed s n\u011b\u010d\u00edm pomoci. Jeho \u010dl\u00e1nky informuj\u00ed nejen o nejnov\u011bj\u0161\u00edch trendech a aktu\u00e1ln\u00edch t\u00e9matech, ale p\u0159in\u00e1\u0161\u00ed i praktick\u00e9 a zaj\u00edmav\u00e9 tipy z r\u016fzn\u00fdch oblast\u00ed b\u011b\u017en\u00e9ho \u017eivota.","url":"https:\/\/www.srovnator.cz\/autori\/martin-straka\/"}]}},"amp_enabled":true,"_links":{"self":[{"href":"https:\/\/www.srovnator.cz\/rest_api\/wp\/v2\/posts\/4174","targetHints":{"allow":["GET"]}}],"collection":[{"href":"https:\/\/www.srovnator.cz\/rest_api\/wp\/v2\/posts"}],"about":[{"href":"https:\/\/www.srovnator.cz\/rest_api\/wp\/v2\/types\/post"}],"author":[{"embeddable":true,"href":"https:\/\/www.srovnator.cz\/rest_api\/wp\/v2\/users\/7"}],"replies":[{"embeddable":true,"href":"https:\/\/www.srovnator.cz\/rest_api\/wp\/v2\/comments?post=4174"}],"version-history":[{"count":1,"href":"https:\/\/www.srovnator.cz\/rest_api\/wp\/v2\/posts\/4174\/revisions"}],"predecessor-version":[{"id":10326,"href":"https:\/\/www.srovnator.cz\/rest_api\/wp\/v2\/posts\/4174\/revisions\/10326"}],"wp:featuredmedia":[{"embeddable":true,"href":"https:\/\/www.srovnator.cz\/rest_api\/wp\/v2\/media\/4175"}],"wp:attachment":[{"href":"https:\/\/www.srovnator.cz\/rest_api\/wp\/v2\/media?parent=4174"}],"wp:term":[{"taxonomy":"category","embeddable":true,"href":"https:\/\/www.srovnator.cz\/rest_api\/wp\/v2\/categories?post=4174"},{"taxonomy":"post_tag","embeddable":true,"href":"https:\/\/www.srovnator.cz\/rest_api\/wp\/v2\/tags?post=4174"}],"curies":[{"name":"wp","href":"https:\/\/api.w.org\/{rel}","templated":true}]}}