{"id":4270,"date":"2018-08-09T13:52:35","date_gmt":"2018-08-09T11:52:35","guid":{"rendered":"https:\/\/www.srovnator.cz\/clanky\/ostatni\/co-sbalit-s-sebou-na-plaz\/"},"modified":"2024-06-24T07:46:25","modified_gmt":"2024-06-24T05:46:25","slug":"co-sbalit-s-sebou-na-plaz","status":"publish","type":"post","link":"https:\/\/www.srovnator.cz\/clanky\/co-sbalit-s-sebou-na-plaz\/","title":{"rendered":"Vybaven\u00ed na pl\u00e1\u017e \u2013 na co nezapomenout?"},"content":{"rendered":"<p><strong>Letn\u00ed dny vyb\u00edz\u00ed k pobytu na pl\u00e1\u017ei \u2013 a\u0165 u\u017e u mo\u0159e, jezera, rybn\u00edku nebo na koupali\u0161ti. Sbalit si na pl\u00e1\u017e se zd\u00e1 jednoduch\u00e9, sta\u010d\u00ed p\u0159ece plavky a ru\u010dn\u00edk. Vlastn\u011b se bude hodit je\u0161t\u011b pit\u00ed, kr\u00e9m na opalov\u00e1n\u00ed, kn\u00ed\u017eka\u2026 A najednou se z v\u011bc\u00ed pot\u0159ebn\u00fdch pro celodenn\u00ed pobyt na pl\u00e1\u017ei m\u016f\u017ee st\u00e1t celkem dlouh\u00fd seznam. Co by na takov\u00e9m seznamu nem\u011blo chyb\u011bt, abyste si den na pl\u00e1\u017ei naplno u\u017eili a vyhnuli se nep\u0159\u00edjemnostem?<\/strong><\/p>\n<img decoding=\"async\" width=\"770\" height=\"513\" src=\"https:\/\/storage.googleapis.com\/wp-resources\/srovnator.cz\/ng\/2022\/06\/7b81a40f-vybaveni-na-plaz-770x513.jpg\" class=\" wp-post-image wp-stateless-item\" alt=\"Vybaven\u00ed na pl\u00e1\u017e \u2013 na co nezapomenout?\" title=\"Vybaven\u00ed na pl\u00e1\u017e \u2013 na co nezapomenout?\" srcset=\"https:\/\/storage.googleapis.com\/wp-resources\/srovnator.cz\/ng\/2022\/06\/7b81a40f-vybaveni-na-plaz-770x513.jpg 770w, https:\/\/storage.googleapis.com\/wp-resources\/srovnator.cz\/ng\/2022\/06\/7b81a40f-vybaveni-na-plaz.jpg 1280w\" sizes=\"(max-width: 770px) 100vw, 770px\" data-image-size=\"medium\" data-stateless-media-bucket=\"wp-resources\" data-stateless-media-name=\"srovnator.cz\/ng\/2022\/06\/7b81a40f-vybaveni-na-plaz.jpg\" \/>\n<h2>Pl\u00e1\u017eov\u00e1 ta\u0161ka<\/h2>\n<p>Jako prvn\u00ed pot\u0159ebujete n\u011bco, do \u010deho v\u0161echny v\u011bci sbal\u00edte. Ide\u00e1ln\u00ed je velk\u00e1 pl\u00e1\u017eov\u00e1 ta\u0161ka, a to nejl\u00e9pe omyvateln\u00e1 a se zap\u00edn\u00e1n\u00edm na zip. K dost\u00e1n\u00ed jsou pl\u00e1\u017eov\u00e9 ta\u0161ky r\u016fzn\u00fdch barev a vzor\u016f, proto zakl\u00e1d\u00e1te-li si na sv\u00e9m zevn\u011bj\u0161ku, m\u016f\u017eete ji sladit s plavkami, osu\u0161kou nebo jin\u00fdmi dopl\u0148ky. Pl\u00e1\u017eovou ta\u0161ku m\u016f\u017ee nahradit i batoh nebo jin\u00e1 vhodn\u00e1 ta\u0161ka.<\/p>\n<h2>Osu\u0161ka, ru\u010dn\u00edk, deka, podlo\u017eka<\/h2>\n<p>Pokud na pl\u00e1\u017ei nejsou k dispozici leh\u00e1tka nebo pokud nechcete platit za jejich pron\u00e1jem, vezm\u011bte si s sebou podlo\u017eku, deku nebo osu\u0161ku, na kter\u00e9 se v\u00e1m bude pohodln\u011b le\u017eet. Nezapome\u0148te si tak\u00e9 ru\u010dn\u00edk, do kter\u00e9ho se po koup\u00e1n\u00ed ut\u0159ete.<\/p>\n<h2>Slune\u010dn\u00edk nebo pl\u00e1\u017eov\u00fd stan<\/h2>\n<p>Na n\u011bkter\u00fdch <a href=\"\/clanky\/nejlepsi-evropske-plaze\/\">pl\u00e1\u017e\u00edch<\/a> je probl\u00e9m naj\u00edt kousek stinn\u00e9ho m\u00edsta. Bud\u00b4 jsou takov\u00e1 m\u00edsta obsazen\u00e1, nebo na pl\u00e1\u017ei chyb\u00ed stromy, kter\u00e9 by st\u00edn vytvo\u0159ily. Hlavn\u011b kolem poledne ale nepochybn\u011b st\u00edn uv\u00edt\u00e1te. Proto se vyplat\u00ed vybavit se slune\u010dn\u00edkem nebo pl\u00e1\u017eov\u00fdm stanem \u2013 takov\u00fdm, kter\u00fd jednodu\u0161e rozlo\u017e\u00edte b\u011bhem okam\u017eiku. Pl\u00e1\u017eov\u00fd stan ocen\u00ed hlavn\u011b rodiny s d\u011btmi.<\/p>\n<h2>Plavky a dal\u0161\u00ed oble\u010den\u00ed<\/h2>\n<p>Na plavky se ned\u00e1 zapomenout. Z dal\u0161\u00edho oble\u010den\u00ed se v\u00e1m bude hodit lehk\u00fd od\u011bv na cestu na pl\u00e1\u017e, k baru, do restaurace nebo na proch\u00e1zku po pl\u00e1\u017ei. \u017den\u00e1m budou slu\u0161et lehk\u00e9 <b>letn\u00ed \u0161aty, tunika nebo \u0161\u00e1tek<\/b>, p\u00e1nov\u00e9 si mohou vz\u00edt <b>tri\u010dko a kra\u0165asy<\/b>. D\u016fle\u017eit\u00e9 jsou tak\u00e9 <b>slune\u010dn\u00ed br\u00fdle<\/b> a <b>pokr\u00fdvka hlavy<\/b>, kter\u00e1 v\u00e1s ochr\u00e1n\u00ed p\u0159ed \u00fapalem. Nejobl\u00edben\u011bj\u0161\u00ed jsou m\u00f3dn\u00ed slam\u00e1ky.<\/p>\n<p>Jako obuv se na pl\u00e1\u017e nejv\u00edce hod\u00ed <strong>\u017eabky<\/strong>, kter\u00e9 d\u00edky \u0161irok\u00e9mu v\u00fdb\u011bru m\u016f\u017eete sladit nap\u0159\u00edklad s plavkami. Pokud v\u00e1m nen\u00ed p\u0159\u00edjemn\u00e9 pohybovat se v mo\u0159i naboso nebo pokud <a href=\"\/cestovni-pojisteni\/\">hroz\u00ed<\/a>, \u017ee bude dno pln\u00e9 kamen\u016f a je\u017ek\u016f, p\u0159ibalte si je\u0161t\u011b <strong>boty do vody<\/strong>.<\/p>\n<p>Po posledn\u00edm koup\u00e1n\u00ed je vhodn\u00e9 se p\u0159evl\u00e9ct do <b>\u010dist\u00e9ho spodn\u00edho pr\u00e1dla<\/b>. Na mokr\u00e9 plavky si s sebou vezm\u011bte igelitovou <b>ta\u0161ku<\/b> nebo nepromokav\u00fd l\u00e1tkov\u00fd <b>s\u00e1\u010dek na zip<\/b>.<\/p>\n<h2>Opalovac\u00ed kosmetika<\/h2>\n<p>Aby p\u0159i pobytu na slunci netrp\u011bla va\u0161e poko\u017eka, p\u0159ibalte si <b>opalovac\u00ed kr\u00e9m<\/b>, ml\u00e9ko nebo olej s ochrann\u00fdm faktorem a pravideln\u011b s n\u00edm sv\u00e9 t\u011blo i obli\u010dej ma\u017ete. Na slunci trp\u00ed i va\u0161e rty, kter\u00e9 p\u0159ed vysu\u0161en\u00edm a poprask\u00e1n\u00edm ochr\u00e1n\u00ed <b>balz\u00e1m na rty<\/b> s ochrann\u00fdm faktorem.<\/p>\n<p>Zdrav\u00e9 a kr\u00e1sn\u00e9 vlasy si zachov\u00e1te, kdy\u017e budete pou\u017e\u00edvat speci\u00e1ln\u00ed <b>ochrann\u00fd sprej na vlasy<\/b>. Ten vlasy ochr\u00e1n\u00ed p\u0159ed slune\u010dn\u00edmi paprsky, chlorovanou vodou i sol\u00ed z mo\u0159e. Pokud jste zvykl\u00ed po koup\u00e1n\u00ed mokr\u00e9 vlasy pro\u010desat, nezapome\u0148te si p\u0159ibalit tak\u00e9 h\u0159eben.<\/p>\n<h2>Tekutiny<\/h2>\n<p>Na n\u011bkter\u00fdch pl\u00e1\u017e\u00edch je sice k dispozici pl\u00e1\u017eov\u00fd bar s nab\u00eddkou r\u016fzn\u00fdch letn\u00edch drink\u016f, na dodr\u017eov\u00e1n\u00ed pitn\u00e9ho re\u017eimu je v\u0161ak nejlep\u0161\u00ed oby\u010dejn\u00e1 voda. Vezm\u011bte si j\u00ed tedy dostatek. Lahev s vodou um\u00edst\u011bte nejl\u00e9pe do termoobalu, v n\u011bm\u017e v\u00e1m voda vydr\u017e\u00ed d\u00e9le studen\u00e1.<\/p>\n<h2>Z\u00e1bava<\/h2>\n<p>Ne ka\u017ed\u00fd vydr\u017e\u00ed na pl\u00e1\u017ei jen le\u017eet, proto je dobr\u00e9 p\u0159ibalit do pl\u00e1\u017eov\u00e9 ta\u0161ky n\u011bco, co v\u00e1m ukr\u00e1t\u00ed dlouhou chv\u00edli. Mohou to b\u00fdt karty, kn\u00ed\u017eka, \u010dasopis, k\u0159\u00ed\u017eovky, frisbee, tablet, pl\u00e1\u017eov\u00fd tenis nebo nafukovac\u00ed matrace. D\u011btem s sebou vezm\u011bte hra\u010dky na p\u00edsek nebo vodn\u00ed pistoli.<\/p>\n<h2>Pen\u00edze<\/h2>\n<p>Pen\u00edze budete pot\u0159ebovat na zakoupen\u00ed zmrzliny nebo jin\u00e9ho ob\u010derstven\u00ed, na pron\u00e1jem leh\u00e1tka, na zaplacen\u00ed mas\u00e1\u017ee nebo obl\u00edben\u00e9 vodn\u00ed atrakce. Dop\u0159edu si promyslete, co asi budete kupovat, a vezm\u011bte si s sebou rad\u011bji jen tolik pen\u011bz, kolik skute\u010dn\u011b utrat\u00edte.<\/p>\n","protected":false},"excerpt":{"rendered":"<p>Plavky, osu\u0161ka, opalovac\u00ed kr\u00e9m. Jak\u00e9 dal\u0161\u00ed nezbytnosti by m\u011bla obsahovat va\u0161e pl\u00e1\u017eov\u00e1 ta\u0161ka, aby byl v\u00e1\u0161 den na pl\u00e1\u017ei dokonal\u00fd a bez starost\u00ed?<\/p>\n","protected":false},"author":5,"featured_media":4271,"comment_status":"closed","ping_status":"closed","sticky":false,"template":"","format":"standard","meta":{"_acf_changed":false,"footnotes":""},"categories":[8],"tags":[672,386],"class_list":["post-4270","post","type-post","status-publish","format-standard","has-post-thumbnail","hentry","category-cestovni-pojisteni","tag-leto","tag-zavazadlo"],"acf":{"znacka":"","model":"","objem":"","vyrobeno":"","vykon":"","velikost_1":"","velikost_2":"","velikost_3":"","velikost_4":"","roky":"","roky_velikost_1":"","roky_velikost_2":"","roky_velikost_3":"","roky_velikost_4":"","pocet_kalkulaci":0,"page_post_meta_bread":"Co sbalit s sebou na pl\u00e1\u017e?","page_post_meta_bread_child":"","page_post_meta_script_head":"","page_post_meta_leaving_screen":"cat"},"yoast_head":"<!-- This site is optimized with the Yoast SEO plugin v25.5 - https:\/\/yoast.com\/wordpress\/plugins\/seo\/ -->\n<title>Co sbalit s sebou na pl\u00e1\u017e? - Srovn\u00e1tor.cz<\/title>\n<meta name=\"description\" content=\"Plavky, osu\u0161ka, opalovac\u00ed kr\u00e9m. Jak\u00e9 dal\u0161\u00ed nezbytnosti by m\u011bla obsahovat va\u0161e pl\u00e1\u017eov\u00e1 ta\u0161ka, aby byl v\u00e1\u0161 den na pl\u00e1\u017ei dokonal\u00fd a bez starost\u00ed?\" \/>\n<meta name=\"robots\" content=\"index, follow, max-snippet:-1, max-image-preview:large, max-video-preview:-1\" \/>\n<link rel=\"canonical\" href=\"https:\/\/www.srovnator.cz\/clanky\/co-sbalit-s-sebou-na-plaz\/\" \/>\n<meta property=\"og:locale\" content=\"cs_CZ\" \/>\n<meta property=\"og:type\" content=\"article\" \/>\n<meta property=\"og:title\" content=\"Co sbalit s sebou na pl\u00e1\u017e? - Srovn\u00e1tor.cz\" \/>\n<meta property=\"og:description\" content=\"Plavky, osu\u0161ka, opalovac\u00ed kr\u00e9m. Jak\u00e9 dal\u0161\u00ed nezbytnosti by m\u011bla obsahovat va\u0161e pl\u00e1\u017eov\u00e1 ta\u0161ka, aby byl v\u00e1\u0161 den na pl\u00e1\u017ei dokonal\u00fd a bez starost\u00ed?\" \/>\n<meta property=\"og:url\" content=\"https:\/\/www.srovnator.cz\/clanky\/co-sbalit-s-sebou-na-plaz\/\" \/>\n<meta property=\"og:site_name\" content=\"Srovn\u00e1tor.cz\" \/>\n<meta property=\"article:publisher\" content=\"https:\/\/www.facebook.com\/srovnator\/\" \/>\n<meta property=\"article:published_time\" content=\"2018-08-09T11:52:35+00:00\" \/>\n<meta property=\"article:modified_time\" content=\"2024-06-24T05:46:25+00:00\" \/>\n<meta property=\"og:image\" content=\"https:\/\/storage.googleapis.com\/wp-resources\/srovnator.cz\/ng\/2022\/06\/7b81a40f-vybaveni-na-plaz.jpg\" \/>\n\t<meta property=\"og:image:width\" content=\"1280\" \/>\n\t<meta property=\"og:image:height\" content=\"853\" \/>\n\t<meta property=\"og:image:type\" content=\"image\/jpeg\" \/>\n<meta name=\"author\" content=\"Martin Dane\u0161\" \/>\n<meta name=\"twitter:card\" content=\"summary_large_image\" \/>\n<meta name=\"twitter:creator\" content=\"@Srovnator_czech\" \/>\n<meta name=\"twitter:site\" content=\"@Srovnator_czech\" \/>\n<meta name=\"twitter:label1\" content=\"Written by\" \/>\n\t<meta name=\"twitter:data1\" content=\"Martin Dane\u0161\" \/>\n\t<meta name=\"twitter:label2\" content=\"Est. reading time\" \/>\n\t<meta name=\"twitter:data2\" content=\"4 minutes\" \/>\n<script type=\"application\/ld+json\" class=\"yoast-schema-graph\">{\"@context\":\"https:\/\/schema.org\",\"@graph\":[{\"@type\":\"WebPage\",\"@id\":\"https:\/\/www.srovnator.cz\/clanky\/co-sbalit-s-sebou-na-plaz\/\",\"url\":\"https:\/\/www.srovnator.cz\/clanky\/co-sbalit-s-sebou-na-plaz\/\",\"name\":\"Co sbalit s sebou na pl\u00e1\u017e? - Srovn\u00e1tor.cz\",\"isPartOf\":{\"@id\":\"https:\/\/www.srovnator.cz\/#website\"},\"primaryImageOfPage\":{\"@id\":\"https:\/\/www.srovnator.cz\/clanky\/co-sbalit-s-sebou-na-plaz\/#primaryimage\"},\"image\":{\"@id\":\"https:\/\/www.srovnator.cz\/clanky\/co-sbalit-s-sebou-na-plaz\/#primaryimage\"},\"thumbnailUrl\":\"https:\/\/storage.googleapis.com\/wp-resources\/srovnator.cz\/ng\/2022\/06\/7b81a40f-vybaveni-na-plaz.jpg\",\"datePublished\":\"2018-08-09T11:52:35+00:00\",\"dateModified\":\"2024-06-24T05:46:25+00:00\",\"author\":{\"@id\":\"https:\/\/www.srovnator.cz\/#\/schema\/person\/46d10e971bff43faa91c35835126aa3b\"},\"description\":\"Plavky, osu\u0161ka, opalovac\u00ed kr\u00e9m. Jak\u00e9 dal\u0161\u00ed nezbytnosti by m\u011bla obsahovat va\u0161e pl\u00e1\u017eov\u00e1 ta\u0161ka, aby byl v\u00e1\u0161 den na pl\u00e1\u017ei dokonal\u00fd a bez starost\u00ed?\",\"inLanguage\":\"cs-CZ\",\"potentialAction\":[{\"@type\":\"ReadAction\",\"target\":[\"https:\/\/www.srovnator.cz\/clanky\/co-sbalit-s-sebou-na-plaz\/\"]}]},{\"@type\":\"ImageObject\",\"inLanguage\":\"cs-CZ\",\"@id\":\"https:\/\/www.srovnator.cz\/clanky\/co-sbalit-s-sebou-na-plaz\/#primaryimage\",\"url\":\"https:\/\/storage.googleapis.com\/wp-resources\/srovnator.cz\/ng\/2022\/06\/7b81a40f-vybaveni-na-plaz.jpg\",\"contentUrl\":\"https:\/\/storage.googleapis.com\/wp-resources\/srovnator.cz\/ng\/2022\/06\/7b81a40f-vybaveni-na-plaz.jpg\",\"width\":1280,\"height\":853},{\"@type\":\"WebSite\",\"@id\":\"https:\/\/www.srovnator.cz\/#website\",\"url\":\"https:\/\/www.srovnator.cz\/\",\"name\":\"Srovn\u00e1tor.cz\",\"description\":\"\",\"potentialAction\":[{\"@type\":\"SearchAction\",\"target\":{\"@type\":\"EntryPoint\",\"urlTemplate\":\"https:\/\/www.srovnator.cz\/?s={search_term_string}\"},\"query-input\":{\"@type\":\"PropertyValueSpecification\",\"valueRequired\":true,\"valueName\":\"search_term_string\"}}],\"inLanguage\":\"cs-CZ\"},{\"@type\":\"Person\",\"@id\":\"https:\/\/www.srovnator.cz\/#\/schema\/person\/46d10e971bff43faa91c35835126aa3b\",\"name\":\"Martin Dane\u0161\",\"image\":{\"@type\":\"ImageObject\",\"inLanguage\":\"cs-CZ\",\"@id\":\"https:\/\/www.srovnator.cz\/#\/schema\/person\/image\/\",\"url\":\"https:\/\/secure.gravatar.com\/avatar\/5cac60568def8a68791e2b771a3394888cf55828e445636dfc99f7ccd1e1d1b8?s=96&d=mm&r=g\",\"contentUrl\":\"https:\/\/secure.gravatar.com\/avatar\/5cac60568def8a68791e2b771a3394888cf55828e445636dfc99f7ccd1e1d1b8?s=96&d=mm&r=g\",\"caption\":\"Martin Dane\u0161\"},\"description\":\"Jsem Martin Dane\u0161, obchodn\u00ed \u0159editel Srovn\u00e1tor.cz. Na\u0161\u00edm c\u00edlem je naj\u00edt pro v\u00e1s v\u017edy to nejvhodn\u011bj\u0161\u00ed poji\u0161t\u011bn\u00ed dle va\u0161ich pot\u0159eb. D\u00edky \u0161irok\u00e9mu portfoliu produkt\u016f od v\u0161ech v\u00fdznamn\u00fdch poji\u0161\u0165oven v\u00e1m dok\u00e1\u017eeme poskytnout \u0159e\u0161en\u00ed odpov\u00eddaj\u00edc\u00ed va\u0161im p\u0159edstav\u00e1m. Kdy\u017e budete m\u00edt jak\u00fdkoliv produktov\u00fd dotaz, nev\u00e1hejte se na n\u00e1s obr\u00e1tit na info@srovnator.cz\",\"url\":\"https:\/\/www.srovnator.cz\/autori\/martin-danes\/\"}]}<\/script>\n<!-- \/ Yoast SEO plugin. -->","yoast_head_json":{"title":"Co sbalit s sebou na pl\u00e1\u017e? - Srovn\u00e1tor.cz","description":"Plavky, osu\u0161ka, opalovac\u00ed kr\u00e9m. Jak\u00e9 dal\u0161\u00ed nezbytnosti by m\u011bla obsahovat va\u0161e pl\u00e1\u017eov\u00e1 ta\u0161ka, aby byl v\u00e1\u0161 den na pl\u00e1\u017ei dokonal\u00fd a bez starost\u00ed?","robots":{"index":"index","follow":"follow","max-snippet":"max-snippet:-1","max-image-preview":"max-image-preview:large","max-video-preview":"max-video-preview:-1"},"canonical":"https:\/\/www.srovnator.cz\/clanky\/co-sbalit-s-sebou-na-plaz\/","og_locale":"cs_CZ","og_type":"article","og_title":"Co sbalit s sebou na pl\u00e1\u017e? - Srovn\u00e1tor.cz","og_description":"Plavky, osu\u0161ka, opalovac\u00ed kr\u00e9m. Jak\u00e9 dal\u0161\u00ed nezbytnosti by m\u011bla obsahovat va\u0161e pl\u00e1\u017eov\u00e1 ta\u0161ka, aby byl v\u00e1\u0161 den na pl\u00e1\u017ei dokonal\u00fd a bez starost\u00ed?","og_url":"https:\/\/www.srovnator.cz\/clanky\/co-sbalit-s-sebou-na-plaz\/","og_site_name":"Srovn\u00e1tor.cz","article_publisher":"https:\/\/www.facebook.com\/srovnator\/","article_published_time":"2018-08-09T11:52:35+00:00","article_modified_time":"2024-06-24T05:46:25+00:00","og_image":[{"width":1280,"height":853,"url":"https:\/\/storage.googleapis.com\/wp-resources\/srovnator.cz\/ng\/2022\/06\/7b81a40f-vybaveni-na-plaz.jpg","type":"image\/jpeg"}],"author":"Martin Dane\u0161","twitter_card":"summary_large_image","twitter_creator":"@Srovnator_czech","twitter_site":"@Srovnator_czech","twitter_misc":{"Written by":"Martin Dane\u0161","Est. reading time":"4 minutes"},"schema":{"@context":"https:\/\/schema.org","@graph":[{"@type":"WebPage","@id":"https:\/\/www.srovnator.cz\/clanky\/co-sbalit-s-sebou-na-plaz\/","url":"https:\/\/www.srovnator.cz\/clanky\/co-sbalit-s-sebou-na-plaz\/","name":"Co sbalit s sebou na pl\u00e1\u017e? - Srovn\u00e1tor.cz","isPartOf":{"@id":"https:\/\/www.srovnator.cz\/#website"},"primaryImageOfPage":{"@id":"https:\/\/www.srovnator.cz\/clanky\/co-sbalit-s-sebou-na-plaz\/#primaryimage"},"image":{"@id":"https:\/\/www.srovnator.cz\/clanky\/co-sbalit-s-sebou-na-plaz\/#primaryimage"},"thumbnailUrl":"https:\/\/storage.googleapis.com\/wp-resources\/srovnator.cz\/ng\/2022\/06\/7b81a40f-vybaveni-na-plaz.jpg","datePublished":"2018-08-09T11:52:35+00:00","dateModified":"2024-06-24T05:46:25+00:00","author":{"@id":"https:\/\/www.srovnator.cz\/#\/schema\/person\/46d10e971bff43faa91c35835126aa3b"},"description":"Plavky, osu\u0161ka, opalovac\u00ed kr\u00e9m. Jak\u00e9 dal\u0161\u00ed nezbytnosti by m\u011bla obsahovat va\u0161e pl\u00e1\u017eov\u00e1 ta\u0161ka, aby byl v\u00e1\u0161 den na pl\u00e1\u017ei dokonal\u00fd a bez starost\u00ed?","inLanguage":"cs-CZ","potentialAction":[{"@type":"ReadAction","target":["https:\/\/www.srovnator.cz\/clanky\/co-sbalit-s-sebou-na-plaz\/"]}]},{"@type":"ImageObject","inLanguage":"cs-CZ","@id":"https:\/\/www.srovnator.cz\/clanky\/co-sbalit-s-sebou-na-plaz\/#primaryimage","url":"https:\/\/storage.googleapis.com\/wp-resources\/srovnator.cz\/ng\/2022\/06\/7b81a40f-vybaveni-na-plaz.jpg","contentUrl":"https:\/\/storage.googleapis.com\/wp-resources\/srovnator.cz\/ng\/2022\/06\/7b81a40f-vybaveni-na-plaz.jpg","width":1280,"height":853},{"@type":"WebSite","@id":"https:\/\/www.srovnator.cz\/#website","url":"https:\/\/www.srovnator.cz\/","name":"Srovn\u00e1tor.cz","description":"","potentialAction":[{"@type":"SearchAction","target":{"@type":"EntryPoint","urlTemplate":"https:\/\/www.srovnator.cz\/?s={search_term_string}"},"query-input":{"@type":"PropertyValueSpecification","valueRequired":true,"valueName":"search_term_string"}}],"inLanguage":"cs-CZ"},{"@type":"Person","@id":"https:\/\/www.srovnator.cz\/#\/schema\/person\/46d10e971bff43faa91c35835126aa3b","name":"Martin Dane\u0161","image":{"@type":"ImageObject","inLanguage":"cs-CZ","@id":"https:\/\/www.srovnator.cz\/#\/schema\/person\/image\/","url":"https:\/\/secure.gravatar.com\/avatar\/5cac60568def8a68791e2b771a3394888cf55828e445636dfc99f7ccd1e1d1b8?s=96&d=mm&r=g","contentUrl":"https:\/\/secure.gravatar.com\/avatar\/5cac60568def8a68791e2b771a3394888cf55828e445636dfc99f7ccd1e1d1b8?s=96&d=mm&r=g","caption":"Martin Dane\u0161"},"description":"Jsem Martin Dane\u0161, obchodn\u00ed \u0159editel Srovn\u00e1tor.cz. Na\u0161\u00edm c\u00edlem je naj\u00edt pro v\u00e1s v\u017edy to nejvhodn\u011bj\u0161\u00ed poji\u0161t\u011bn\u00ed dle va\u0161ich pot\u0159eb. D\u00edky \u0161irok\u00e9mu portfoliu produkt\u016f od v\u0161ech v\u00fdznamn\u00fdch poji\u0161\u0165oven v\u00e1m dok\u00e1\u017eeme poskytnout \u0159e\u0161en\u00ed odpov\u00eddaj\u00edc\u00ed va\u0161im p\u0159edstav\u00e1m. Kdy\u017e budete m\u00edt jak\u00fdkoliv produktov\u00fd dotaz, nev\u00e1hejte se na n\u00e1s obr\u00e1tit na info@srovnator.cz","url":"https:\/\/www.srovnator.cz\/autori\/martin-danes\/"}]}},"amp_enabled":true,"_links":{"self":[{"href":"https:\/\/www.srovnator.cz\/rest_api\/wp\/v2\/posts\/4270","targetHints":{"allow":["GET"]}}],"collection":[{"href":"https:\/\/www.srovnator.cz\/rest_api\/wp\/v2\/posts"}],"about":[{"href":"https:\/\/www.srovnator.cz\/rest_api\/wp\/v2\/types\/post"}],"author":[{"embeddable":true,"href":"https:\/\/www.srovnator.cz\/rest_api\/wp\/v2\/users\/5"}],"replies":[{"embeddable":true,"href":"https:\/\/www.srovnator.cz\/rest_api\/wp\/v2\/comments?post=4270"}],"version-history":[{"count":1,"href":"https:\/\/www.srovnator.cz\/rest_api\/wp\/v2\/posts\/4270\/revisions"}],"predecessor-version":[{"id":9622,"href":"https:\/\/www.srovnator.cz\/rest_api\/wp\/v2\/posts\/4270\/revisions\/9622"}],"wp:featuredmedia":[{"embeddable":true,"href":"https:\/\/www.srovnator.cz\/rest_api\/wp\/v2\/media\/4271"}],"wp:attachment":[{"href":"https:\/\/www.srovnator.cz\/rest_api\/wp\/v2\/media?parent=4270"}],"wp:term":[{"taxonomy":"category","embeddable":true,"href":"https:\/\/www.srovnator.cz\/rest_api\/wp\/v2\/categories?post=4270"},{"taxonomy":"post_tag","embeddable":true,"href":"https:\/\/www.srovnator.cz\/rest_api\/wp\/v2\/tags?post=4270"}],"curies":[{"name":"wp","href":"https:\/\/api.w.org\/{rel}","templated":true}]}}