{"id":4332,"date":"2018-10-03T16:53:40","date_gmt":"2018-10-03T14:53:40","guid":{"rendered":"https:\/\/www.srovnator.cz\/clanky\/ostatni\/na-co-nezapomenout-pred-topnou-sezonou\/"},"modified":"2024-06-24T08:03:00","modified_gmt":"2024-06-24T06:03:00","slug":"na-co-nezapomenout-pred-topnou-sezonou","status":"publish","type":"post","link":"https:\/\/www.srovnator.cz\/clanky\/na-co-nezapomenout-pred-topnou-sezonou\/","title":{"rendered":"\u00dadr\u017eba domu a bytu p\u0159ed topnou sez\u00f3nou"},"content":{"rendered":"<p><strong>N\u00e1stup chladn\u00fdch dn\u016f znamen\u00e1 pomal\u00fd start topn\u00e9 sez\u00f3ny. Ta&nbsp;za\u010d\u00edn\u00e1 v&nbsp;z\u00e1\u0159\u00ed a&nbsp;kon\u010d\u00ed v&nbsp;kv\u011btnu, v&nbsp;z\u00e1vislosti na&nbsp;dan\u00e9m regionu a&nbsp;teplot\u00e1ch. Podle vyhl\u00e1\u0161ky tepl\u00e1rny odstartuj\u00ed dod\u00e1vky tepla v&nbsp;moment\u011b, kdy&nbsp;dva dny po&nbsp;sob\u011b je&nbsp;teplota venkovn\u00edho vzduchu ni\u017e\u0161\u00ed ne\u017e 13 stup\u0148\u016f a&nbsp;meteorologov\u00e9 neo\u010dek\u00e1vaj\u00ed oteplen\u00ed. O&nbsp;tom, kolik za&nbsp;vyt\u00e1p\u011bn\u00ed zaplat\u00edte, rozhoduj\u00ed nejen ceny energi\u00ed, ale i&nbsp;p\u0159\u00edprava otopn\u00e9 soustavy.<\/strong><\/p>\n<img decoding=\"async\" width=\"770\" height=\"550\" src=\"https:\/\/storage.googleapis.com\/wp-resources\/srovnator.cz\/ng\/2022\/06\/68dde959-topna-sezona-770x550.png\" class=\" wp-post-image wp-stateless-item\" alt=\"\u00dadr\u017eba domu a bytu p\u0159ed topnou sez\u00f3nou\" title=\"\u00dadr\u017eba domu a bytu p\u0159ed topnou sez\u00f3nou\" srcset=\"https:\/\/storage.googleapis.com\/wp-resources\/srovnator.cz\/ng\/2022\/06\/68dde959-topna-sezona-770x550.png 770w, https:\/\/storage.googleapis.com\/wp-resources\/srovnator.cz\/ng\/2022\/06\/68dde959-topna-sezona-1680x1200.png 1680w, https:\/\/storage.googleapis.com\/wp-resources\/srovnator.cz\/ng\/2022\/06\/68dde959-topna-sezona.png 1820w\" sizes=\"(max-width: 770px) 100vw, 770px\" data-image-size=\"medium\" data-stateless-media-bucket=\"wp-resources\" data-stateless-media-name=\"srovnator.cz\/ng\/2022\/06\/68dde959-topna-sezona.png\" \/>\n<p>Leto\u0161n\u00ed topn\u00e1 sez\u00f3na se&nbsp;oproti minul\u00e9mu roku o&nbsp;n\u011bco opozdila, zato ale v\u011bt\u0161ina tepl\u00e1ren za\u010dala dod\u00e1vat teplo b\u011bhem jednoho t\u00fddne. Jako prvn\u00ed si mohli zatopit obyvatel\u00e9 z\u00e1padn\u00edch \u010cech, Vyso\u010diny a&nbsp;v\u00fd\u0161e polo\u017een\u00fdch oblast\u00ed.<\/p>\n<p>Doba p\u0159ed&nbsp;zapo\u010det\u00edm topn\u00e9 sez\u00f3ny je&nbsp;posledn\u00ed p\u0159\u00edle\u017eitost\u00ed pro&nbsp;\u00fadr\u017ebu syst\u00e9mu vyt\u00e1p\u011bn\u00ed.<br \/>\nS funguj\u00edc\u00ed soustavou toti\u017e m\u016f\u017eete b\u011bhem zimn\u00edho obdob\u00ed na&nbsp;energi\u00edch u\u0161et\u0159it nemalou \u010d\u00e1stku. \u010c\u00edm za\u010d\u00edt a&nbsp;\u010demu v\u011bnovat pozornost?<\/p>\n<ul>\n<li><strong>zkontrolujte stav plynov\u00e9ho kotle<\/strong> &#8211; kontrola kotle odborn\u00edkem by&nbsp;m\u011bla b\u00fdt samoz\u0159ejmost\u00ed, a\u0165 u\u017e top\u00edte plynem \u010di&nbsp;tuh\u00fdmi palivy. Nechte zkontrolovat nejen samotn\u00fd kotel, ale i&nbsp;odvod spalin. Ka\u017edoro\u010dn\u011b by&nbsp;m\u011bla b\u00fdt provedena u&nbsp;plynov\u00e9ho kotle i&nbsp;revize, p\u0159i&nbsp;kter\u00e9&nbsp;technik prov\u011b\u0159\u00ed stav ho\u0159\u00e1ku, v\u00fdm\u011bn\u00edku, d\u00e1le \u010distotu a&nbsp;t\u011bsnost spalovac\u00ed komory a&nbsp;odvodu spalin. Rovn\u011b\u017e se\u0159\u00edd\u00ed kotel podle po\u017eadavk\u016f v\u00fdrobce. Odbornou kontrolou nejen prodlou\u017e\u00edte \u017eivotnost kotle, ale budete m\u00edt i&nbsp;jistotu, \u017ee&nbsp;kotel bude fungovat spr\u00e1vn\u011b, \u00fasporn\u011b a&nbsp;bezpe\u010dn\u011b po&nbsp;celou topnou sez\u00f3nu.<\/li>\n<li><strong>pozor na&nbsp;kom\u00edn<\/strong> &#8211; velkou pozornost byste m\u011bli v\u011bnovat tak\u00e9 kom\u00ednu, a&nbsp;to&nbsp;hlavn\u011b v&nbsp;p\u0159\u00edpad\u011b, \u017ee&nbsp;top\u00edte tuh\u00fdmi palivy. Zanesen\u00fd kom\u00edn toti\u017e m\u016f\u017ee m\u00edt za&nbsp;n\u00e1sledek i&nbsp;po\u017e\u00e1r, kdy&nbsp;se&nbsp;v&nbsp;n\u011bm vzn\u00edt\u00ed n\u00e1nos tuh\u00fdch zbytk\u016f spalin. Samoz\u0159ejmost\u00ed by&nbsp;proto m\u011bla b\u00fdt jeho kontrola kvalifikovan\u00fdm komin\u00edkem, kter\u00fd&nbsp;kom\u00edn vy\u010dist\u00ed a&nbsp;p\u0159\u00edpadn\u011b doporu\u010d\u00ed opravy.<\/li>\n<li><strong>prohl\u00e9dn\u011bte radi\u00e1tory<\/strong> &#8211; zat\u00edmco kotl\u016fm v\u011bnuj\u00ed lid\u00e9 dostate\u010dnou pozornost, na&nbsp;kontrolu radi\u00e1tor\u016f se&nbsp;\u010dasto zapom\u00edn\u00e1. P\u0159i&nbsp;jejich \u00fadr\u017eb\u011b otestujte \u010dinnost ventil\u016f a&nbsp;p\u0159\u00edpadn\u00e9 vadn\u00e9 kusy vym\u011b\u0148te. Jsou-li na&nbsp;radi\u00e1torech m\u00edsta s&nbsp;koroz\u00ed, o\u0161et\u0159ete je, koroze jsou hlavn\u00ed p\u0159\u00ed\u010dinou vadn\u00e9ho chodu tepeln\u00fdch za\u0159\u00edzen\u00ed. Jejich vzniku napom\u00e1h\u00e1 i&nbsp;t\u0159eba su\u0161en\u00ed pr\u00e1dla p\u0159\u00edmo na&nbsp;topen\u00ed. T\u011bsn\u011b p\u0159ed&nbsp;za\u010d\u00e1tkem topn\u00e9 sez\u00f3ny pak radi\u00e1tory odvzdu\u0161n\u011bte.<\/li>\n<\/ul>\n<p>M\u00e1te-li pocit, \u017ee&nbsp;za&nbsp;vyt\u00e1p\u011bn\u00ed plat\u00edte p\u0159eci jen&nbsp;hodn\u011b, zkuste dodr\u017eet p\u00e1r z\u00e1sad <a href=\"https:\/\/www.srovnator.cz\/pojisteni-domacnosti-kalkulacka\/\">\u00fasporn\u00e9ho vyt\u00e1p\u011bn\u00ed<\/a>:<\/p>\n<ul>\n<li>vym\u011b\u0148te star\u00e9 radi\u00e1tory za&nbsp;nov\u00e9, kter\u00e9&nbsp;pracuj\u00ed s&nbsp;ni\u017e\u0161\u00ed teplotou otopn\u00e9 vody<\/li>\n<li>na st\u011bnu za&nbsp;radi\u00e1tor um\u00edst\u011bte reflexn\u00ed f\u00f3lii, kter\u00e1&nbsp;bude odr\u00e1\u017eet teplo l\u00e9pe do&nbsp;m\u00edstnosti<\/li>\n<li>topte jen&nbsp;tam, kde&nbsp;je&nbsp;to&nbsp;nutn\u00e9<\/li>\n<li>b\u011bhem nep\u0159\u00edtomnosti nebo sp\u00e1nku nenech\u00e1vejte obydl\u00ed \u00fapln\u011b vychladnout, udr\u017eujte jen&nbsp;ni\u017e\u0161\u00ed teplotu<\/li>\n<li>b\u011bhem zimy v\u011btrejte kr\u00e1tce, ale intenzivn\u011b<\/li>\n<li>sn\u00ed\u017een\u00edm teploty v&nbsp;pokoji jen&nbsp;o&nbsp;jeden stupe\u0148 m\u016f\u017eete u\u0161et\u0159it a\u017e n\u011bkolik tis\u00edc korun za&nbsp;rok<\/li>\n<li>\u00faspory v\u00e1m p\u0159inese i&nbsp;kvalitn\u00ed regulace otopn\u00e9ho syst\u00e9mu, kter\u00e1&nbsp;v\u00e1m umo\u017en\u00ed nastavit si pohodlnou denn\u00ed i&nbsp;no\u010dn\u00ed teplotu<\/li>\n<\/ul>\n<p>\u00dadr\u017eba a&nbsp;\u0159\u00e1dn\u00e9 odvzdu\u0161n\u011bn\u00ed radi\u00e1tor\u016f je&nbsp;kl\u00ed\u010d k&nbsp;ni\u017e\u0161\u00edm n\u00e1klad\u016fm za&nbsp;tepelnou energii. Zbytek pak z\u00e1vis\u00ed na&nbsp;po\u017eadovan\u00e9 vnit\u0159n\u00ed teplot\u011b v&nbsp;byt\u011b \u010di&nbsp;<a href=\"https:\/\/www.srovnator.cz\/pojisteni-domacnosti\/\">dom\u011b<\/a>. Ka\u017ed\u00fd dal\u0161\u00ed stupe\u0148 nad&nbsp;21 stup\u0148\u016f Celsia m\u016f\u017ee p\u0159edstavovat jejich n\u00e1r\u016fst a\u017e o&nbsp;\u0161est procent.<\/p>\n","protected":false},"excerpt":{"rendered":"<p>Kontrolu topen\u00ed se nevyplat\u00ed podcenit. Co mus\u00edte ud\u011blat, aby v\u00e1s na za\u010d\u00e1tku topn\u00e9 sez\u00f3ny nepotkalo nep\u0159\u00edjemn\u00e9 p\u0159ekvapen\u00ed?<\/p>\n","protected":false},"author":7,"featured_media":4333,"comment_status":"closed","ping_status":"closed","sticky":false,"template":"","format":"standard","meta":{"_acf_changed":false,"footnotes":""},"categories":[1],"tags":[401,866,438],"class_list":["post-4332","post","type-post","status-publish","format-standard","has-post-thumbnail","hentry","category-ostatni","tag-energie","tag-topeni","tag-uspora"],"acf":{"znacka":"","model":"","objem":"","vyrobeno":"","vykon":"","velikost_1":"","velikost_2":"","velikost_3":"","velikost_4":"","roky":"","roky_velikost_1":"","roky_velikost_2":"","roky_velikost_3":"","roky_velikost_4":"","pocet_kalkulaci":0,"page_post_meta_bread":"Na co nezapomenout p\u0159ed topnou sez\u00f3nou","page_post_meta_bread_child":"","page_post_meta_script_head":"","page_post_meta_leaving_screen":"cat"},"yoast_head":"<!-- This site is optimized with the Yoast SEO plugin v25.5 - https:\/\/yoast.com\/wordpress\/plugins\/seo\/ -->\n<title>Na co nezapomenout p\u0159ed topnou sez\u00f3nou - Srovn\u00e1tor.cz<\/title>\n<meta name=\"description\" content=\"Kontrolu topen\u00ed se nevyplat\u00ed podcenit. Co mus\u00edte ud\u011blat, aby v\u00e1s na za\u010d\u00e1tku topn\u00e9 sez\u00f3ny nepotkalo nep\u0159\u00edjemn\u00e9 p\u0159ekvapen\u00ed?\" \/>\n<meta name=\"robots\" content=\"index, follow, max-snippet:-1, max-image-preview:large, max-video-preview:-1\" \/>\n<link rel=\"canonical\" href=\"https:\/\/www.srovnator.cz\/clanky\/na-co-nezapomenout-pred-topnou-sezonou\/\" \/>\n<meta property=\"og:locale\" content=\"cs_CZ\" \/>\n<meta property=\"og:type\" content=\"article\" \/>\n<meta property=\"og:title\" content=\"Na co nezapomenout p\u0159ed topnou sez\u00f3nou - Srovn\u00e1tor.cz\" \/>\n<meta property=\"og:description\" content=\"Kontrolu topen\u00ed se nevyplat\u00ed podcenit. Co mus\u00edte ud\u011blat, aby v\u00e1s na za\u010d\u00e1tku topn\u00e9 sez\u00f3ny nepotkalo nep\u0159\u00edjemn\u00e9 p\u0159ekvapen\u00ed?\" \/>\n<meta property=\"og:url\" content=\"https:\/\/www.srovnator.cz\/clanky\/na-co-nezapomenout-pred-topnou-sezonou\/\" \/>\n<meta property=\"og:site_name\" content=\"Srovn\u00e1tor.cz\" \/>\n<meta property=\"article:publisher\" content=\"https:\/\/www.facebook.com\/srovnator\/\" \/>\n<meta property=\"article:published_time\" content=\"2018-10-03T14:53:40+00:00\" \/>\n<meta property=\"article:modified_time\" content=\"2024-06-24T06:03:00+00:00\" \/>\n<meta property=\"og:image\" content=\"https:\/\/storage.googleapis.com\/wp-resources\/srovnator.cz\/ng\/2022\/06\/68dde959-topna-sezona.png\" \/>\n\t<meta property=\"og:image:width\" content=\"1820\" \/>\n\t<meta property=\"og:image:height\" content=\"1300\" \/>\n\t<meta property=\"og:image:type\" content=\"image\/png\" \/>\n<meta name=\"author\" content=\"Martin Straka\" \/>\n<meta name=\"twitter:card\" content=\"summary_large_image\" \/>\n<meta name=\"twitter:creator\" content=\"@Srovnator_czech\" \/>\n<meta name=\"twitter:site\" content=\"@Srovnator_czech\" \/>\n<meta name=\"twitter:label1\" content=\"Written by\" \/>\n\t<meta name=\"twitter:data1\" content=\"Martin Straka\" \/>\n\t<meta name=\"twitter:label2\" content=\"Est. reading time\" \/>\n\t<meta name=\"twitter:data2\" content=\"4 minutes\" \/>\n<script type=\"application\/ld+json\" class=\"yoast-schema-graph\">{\"@context\":\"https:\/\/schema.org\",\"@graph\":[{\"@type\":\"WebPage\",\"@id\":\"https:\/\/www.srovnator.cz\/clanky\/na-co-nezapomenout-pred-topnou-sezonou\/\",\"url\":\"https:\/\/www.srovnator.cz\/clanky\/na-co-nezapomenout-pred-topnou-sezonou\/\",\"name\":\"Na co nezapomenout p\u0159ed topnou sez\u00f3nou - Srovn\u00e1tor.cz\",\"isPartOf\":{\"@id\":\"https:\/\/www.srovnator.cz\/#website\"},\"primaryImageOfPage\":{\"@id\":\"https:\/\/www.srovnator.cz\/clanky\/na-co-nezapomenout-pred-topnou-sezonou\/#primaryimage\"},\"image\":{\"@id\":\"https:\/\/www.srovnator.cz\/clanky\/na-co-nezapomenout-pred-topnou-sezonou\/#primaryimage\"},\"thumbnailUrl\":\"https:\/\/storage.googleapis.com\/wp-resources\/srovnator.cz\/ng\/2022\/06\/68dde959-topna-sezona.png\",\"datePublished\":\"2018-10-03T14:53:40+00:00\",\"dateModified\":\"2024-06-24T06:03:00+00:00\",\"author\":{\"@id\":\"https:\/\/www.srovnator.cz\/#\/schema\/person\/f2be3ec81eda7dd06cf658cc9aa974ff\"},\"description\":\"Kontrolu topen\u00ed se nevyplat\u00ed podcenit. Co mus\u00edte ud\u011blat, aby v\u00e1s na za\u010d\u00e1tku topn\u00e9 sez\u00f3ny nepotkalo nep\u0159\u00edjemn\u00e9 p\u0159ekvapen\u00ed?\",\"inLanguage\":\"cs-CZ\",\"potentialAction\":[{\"@type\":\"ReadAction\",\"target\":[\"https:\/\/www.srovnator.cz\/clanky\/na-co-nezapomenout-pred-topnou-sezonou\/\"]}]},{\"@type\":\"ImageObject\",\"inLanguage\":\"cs-CZ\",\"@id\":\"https:\/\/www.srovnator.cz\/clanky\/na-co-nezapomenout-pred-topnou-sezonou\/#primaryimage\",\"url\":\"https:\/\/storage.googleapis.com\/wp-resources\/srovnator.cz\/ng\/2022\/06\/68dde959-topna-sezona.png\",\"contentUrl\":\"https:\/\/storage.googleapis.com\/wp-resources\/srovnator.cz\/ng\/2022\/06\/68dde959-topna-sezona.png\",\"width\":1820,\"height\":1300,\"caption\":\"Topn\u00e1 sez\u00f3na\"},{\"@type\":\"WebSite\",\"@id\":\"https:\/\/www.srovnator.cz\/#website\",\"url\":\"https:\/\/www.srovnator.cz\/\",\"name\":\"Srovn\u00e1tor.cz\",\"description\":\"\",\"potentialAction\":[{\"@type\":\"SearchAction\",\"target\":{\"@type\":\"EntryPoint\",\"urlTemplate\":\"https:\/\/www.srovnator.cz\/?s={search_term_string}\"},\"query-input\":{\"@type\":\"PropertyValueSpecification\",\"valueRequired\":true,\"valueName\":\"search_term_string\"}}],\"inLanguage\":\"cs-CZ\"},{\"@type\":\"Person\",\"@id\":\"https:\/\/www.srovnator.cz\/#\/schema\/person\/f2be3ec81eda7dd06cf658cc9aa974ff\",\"name\":\"Martin Straka\",\"image\":{\"@type\":\"ImageObject\",\"inLanguage\":\"cs-CZ\",\"@id\":\"https:\/\/www.srovnator.cz\/#\/schema\/person\/image\/\",\"url\":\"https:\/\/secure.gravatar.com\/avatar\/e91ecfaa01852a8f16b9f65e2ab5c2102d2bb71b2b029fd130ff6c5d21492f36?s=96&d=mm&r=g\",\"contentUrl\":\"https:\/\/secure.gravatar.com\/avatar\/e91ecfaa01852a8f16b9f65e2ab5c2102d2bb71b2b029fd130ff6c5d21492f36?s=96&d=mm&r=g\",\"caption\":\"Martin Straka\"},\"description\":\"Martin Straka je \u0159editelem klientsk\u00e9ho centra a p\u00e9\u010de o z\u00e1kazn\u00edky. Se sv\u00fdm t\u00fdmem poskytuje z\u00e1kazn\u00edk\u016fm Srovn\u00e1tor.cz \u0161pi\u010dkov\u00fd servis a dohl\u00ed\u017e\u00ed na to, aby na\u0161e procesy byly efektivn\u00ed a z\u00e1kazn\u00edci byli spokojen\u00ed nejen p\u0159i sjedn\u00e1n\u00ed nov\u00e9ho produktu, ale i kdykoliv pot\u0159ebuj\u00ed s n\u011b\u010d\u00edm pomoci. Jeho \u010dl\u00e1nky informuj\u00ed nejen o nejnov\u011bj\u0161\u00edch trendech a aktu\u00e1ln\u00edch t\u00e9matech, ale p\u0159in\u00e1\u0161\u00ed i praktick\u00e9 a zaj\u00edmav\u00e9 tipy z r\u016fzn\u00fdch oblast\u00ed b\u011b\u017en\u00e9ho \u017eivota.\",\"url\":\"https:\/\/www.srovnator.cz\/autori\/martin-straka\/\"}]}<\/script>\n<!-- \/ Yoast SEO plugin. -->","yoast_head_json":{"title":"Na co nezapomenout p\u0159ed topnou sez\u00f3nou - Srovn\u00e1tor.cz","description":"Kontrolu topen\u00ed se nevyplat\u00ed podcenit. Co mus\u00edte ud\u011blat, aby v\u00e1s na za\u010d\u00e1tku topn\u00e9 sez\u00f3ny nepotkalo nep\u0159\u00edjemn\u00e9 p\u0159ekvapen\u00ed?","robots":{"index":"index","follow":"follow","max-snippet":"max-snippet:-1","max-image-preview":"max-image-preview:large","max-video-preview":"max-video-preview:-1"},"canonical":"https:\/\/www.srovnator.cz\/clanky\/na-co-nezapomenout-pred-topnou-sezonou\/","og_locale":"cs_CZ","og_type":"article","og_title":"Na co nezapomenout p\u0159ed topnou sez\u00f3nou - Srovn\u00e1tor.cz","og_description":"Kontrolu topen\u00ed se nevyplat\u00ed podcenit. Co mus\u00edte ud\u011blat, aby v\u00e1s na za\u010d\u00e1tku topn\u00e9 sez\u00f3ny nepotkalo nep\u0159\u00edjemn\u00e9 p\u0159ekvapen\u00ed?","og_url":"https:\/\/www.srovnator.cz\/clanky\/na-co-nezapomenout-pred-topnou-sezonou\/","og_site_name":"Srovn\u00e1tor.cz","article_publisher":"https:\/\/www.facebook.com\/srovnator\/","article_published_time":"2018-10-03T14:53:40+00:00","article_modified_time":"2024-06-24T06:03:00+00:00","og_image":[{"width":1820,"height":1300,"url":"https:\/\/storage.googleapis.com\/wp-resources\/srovnator.cz\/ng\/2022\/06\/68dde959-topna-sezona.png","type":"image\/png"}],"author":"Martin Straka","twitter_card":"summary_large_image","twitter_creator":"@Srovnator_czech","twitter_site":"@Srovnator_czech","twitter_misc":{"Written by":"Martin Straka","Est. reading time":"4 minutes"},"schema":{"@context":"https:\/\/schema.org","@graph":[{"@type":"WebPage","@id":"https:\/\/www.srovnator.cz\/clanky\/na-co-nezapomenout-pred-topnou-sezonou\/","url":"https:\/\/www.srovnator.cz\/clanky\/na-co-nezapomenout-pred-topnou-sezonou\/","name":"Na co nezapomenout p\u0159ed topnou sez\u00f3nou - Srovn\u00e1tor.cz","isPartOf":{"@id":"https:\/\/www.srovnator.cz\/#website"},"primaryImageOfPage":{"@id":"https:\/\/www.srovnator.cz\/clanky\/na-co-nezapomenout-pred-topnou-sezonou\/#primaryimage"},"image":{"@id":"https:\/\/www.srovnator.cz\/clanky\/na-co-nezapomenout-pred-topnou-sezonou\/#primaryimage"},"thumbnailUrl":"https:\/\/storage.googleapis.com\/wp-resources\/srovnator.cz\/ng\/2022\/06\/68dde959-topna-sezona.png","datePublished":"2018-10-03T14:53:40+00:00","dateModified":"2024-06-24T06:03:00+00:00","author":{"@id":"https:\/\/www.srovnator.cz\/#\/schema\/person\/f2be3ec81eda7dd06cf658cc9aa974ff"},"description":"Kontrolu topen\u00ed se nevyplat\u00ed podcenit. Co mus\u00edte ud\u011blat, aby v\u00e1s na za\u010d\u00e1tku topn\u00e9 sez\u00f3ny nepotkalo nep\u0159\u00edjemn\u00e9 p\u0159ekvapen\u00ed?","inLanguage":"cs-CZ","potentialAction":[{"@type":"ReadAction","target":["https:\/\/www.srovnator.cz\/clanky\/na-co-nezapomenout-pred-topnou-sezonou\/"]}]},{"@type":"ImageObject","inLanguage":"cs-CZ","@id":"https:\/\/www.srovnator.cz\/clanky\/na-co-nezapomenout-pred-topnou-sezonou\/#primaryimage","url":"https:\/\/storage.googleapis.com\/wp-resources\/srovnator.cz\/ng\/2022\/06\/68dde959-topna-sezona.png","contentUrl":"https:\/\/storage.googleapis.com\/wp-resources\/srovnator.cz\/ng\/2022\/06\/68dde959-topna-sezona.png","width":1820,"height":1300,"caption":"Topn\u00e1 sez\u00f3na"},{"@type":"WebSite","@id":"https:\/\/www.srovnator.cz\/#website","url":"https:\/\/www.srovnator.cz\/","name":"Srovn\u00e1tor.cz","description":"","potentialAction":[{"@type":"SearchAction","target":{"@type":"EntryPoint","urlTemplate":"https:\/\/www.srovnator.cz\/?s={search_term_string}"},"query-input":{"@type":"PropertyValueSpecification","valueRequired":true,"valueName":"search_term_string"}}],"inLanguage":"cs-CZ"},{"@type":"Person","@id":"https:\/\/www.srovnator.cz\/#\/schema\/person\/f2be3ec81eda7dd06cf658cc9aa974ff","name":"Martin Straka","image":{"@type":"ImageObject","inLanguage":"cs-CZ","@id":"https:\/\/www.srovnator.cz\/#\/schema\/person\/image\/","url":"https:\/\/secure.gravatar.com\/avatar\/e91ecfaa01852a8f16b9f65e2ab5c2102d2bb71b2b029fd130ff6c5d21492f36?s=96&d=mm&r=g","contentUrl":"https:\/\/secure.gravatar.com\/avatar\/e91ecfaa01852a8f16b9f65e2ab5c2102d2bb71b2b029fd130ff6c5d21492f36?s=96&d=mm&r=g","caption":"Martin Straka"},"description":"Martin Straka je \u0159editelem klientsk\u00e9ho centra a p\u00e9\u010de o z\u00e1kazn\u00edky. Se sv\u00fdm t\u00fdmem poskytuje z\u00e1kazn\u00edk\u016fm Srovn\u00e1tor.cz \u0161pi\u010dkov\u00fd servis a dohl\u00ed\u017e\u00ed na to, aby na\u0161e procesy byly efektivn\u00ed a z\u00e1kazn\u00edci byli spokojen\u00ed nejen p\u0159i sjedn\u00e1n\u00ed nov\u00e9ho produktu, ale i kdykoliv pot\u0159ebuj\u00ed s n\u011b\u010d\u00edm pomoci. Jeho \u010dl\u00e1nky informuj\u00ed nejen o nejnov\u011bj\u0161\u00edch trendech a aktu\u00e1ln\u00edch t\u00e9matech, ale p\u0159in\u00e1\u0161\u00ed i praktick\u00e9 a zaj\u00edmav\u00e9 tipy z r\u016fzn\u00fdch oblast\u00ed b\u011b\u017en\u00e9ho \u017eivota.","url":"https:\/\/www.srovnator.cz\/autori\/martin-straka\/"}]}},"amp_enabled":true,"_links":{"self":[{"href":"https:\/\/www.srovnator.cz\/rest_api\/wp\/v2\/posts\/4332","targetHints":{"allow":["GET"]}}],"collection":[{"href":"https:\/\/www.srovnator.cz\/rest_api\/wp\/v2\/posts"}],"about":[{"href":"https:\/\/www.srovnator.cz\/rest_api\/wp\/v2\/types\/post"}],"author":[{"embeddable":true,"href":"https:\/\/www.srovnator.cz\/rest_api\/wp\/v2\/users\/7"}],"replies":[{"embeddable":true,"href":"https:\/\/www.srovnator.cz\/rest_api\/wp\/v2\/comments?post=4332"}],"version-history":[{"count":1,"href":"https:\/\/www.srovnator.cz\/rest_api\/wp\/v2\/posts\/4332\/revisions"}],"predecessor-version":[{"id":10275,"href":"https:\/\/www.srovnator.cz\/rest_api\/wp\/v2\/posts\/4332\/revisions\/10275"}],"wp:featuredmedia":[{"embeddable":true,"href":"https:\/\/www.srovnator.cz\/rest_api\/wp\/v2\/media\/4333"}],"wp:attachment":[{"href":"https:\/\/www.srovnator.cz\/rest_api\/wp\/v2\/media?parent=4332"}],"wp:term":[{"taxonomy":"category","embeddable":true,"href":"https:\/\/www.srovnator.cz\/rest_api\/wp\/v2\/categories?post=4332"},{"taxonomy":"post_tag","embeddable":true,"href":"https:\/\/www.srovnator.cz\/rest_api\/wp\/v2\/tags?post=4332"}],"curies":[{"name":"wp","href":"https:\/\/api.w.org\/{rel}","templated":true}]}}