{"id":4346,"date":"2018-10-19T07:51:43","date_gmt":"2018-10-19T05:51:43","guid":{"rendered":"https:\/\/www.srovnator.cz\/clanky\/ostatni\/nej-mosty-na-svete\/"},"modified":"2024-06-24T07:46:24","modified_gmt":"2024-06-24T05:46:24","slug":"nej-mosty-na-svete","status":"publish","type":"post","link":"https:\/\/www.srovnator.cz\/clanky\/nej-mosty-na-svete\/","title":{"rendered":"Nejzaj\u00edmav\u011bj\u0161\u00ed mosty ve sv\u011bt\u011b"},"content":{"rendered":"<p><strong>Obdivuhodn\u00fdch most\u016f se&nbsp;po&nbsp;cel\u00e9m sv\u011bt\u011b nach\u00e1z\u00ed cel\u00e1 \u0159ada. N\u011bkter\u00e9 z&nbsp;nich jsou v\u00fdzna\u010dn\u00e9 u\u017e jen&nbsp;sv\u00fdmi proporcemi, jin\u00e9 maj\u00ed zaj\u00edmavou historii. Najdeme mezi nimi i&nbsp;mosty \u017eivotu nebezpe\u010dn\u00e9, dal\u0161\u00ed pak tvo\u0159\u00ed ned\u00edlnou sou\u010d\u00e1st m\u011bst, ve&nbsp;kter\u00fdch se&nbsp;nach\u00e1zej\u00ed. Pod\u00edvejte se&nbsp;na&nbsp;ty nejpozoruhodn\u011bj\u0161\u00ed z&nbsp;nich.<\/strong><\/p>\n<img decoding=\"async\" width=\"770\" height=\"434\" src=\"https:\/\/storage.googleapis.com\/wp-resources\/srovnator.cz\/ng\/2022\/06\/910b8d92-nejdelsi-most-770x434.png\" class=\" wp-post-image wp-stateless-item\" alt=\"Nejzaj\u00edmav\u011bj\u0161\u00ed mosty ve sv\u011bt\u011b\" title=\"Nejzaj\u00edmav\u011bj\u0161\u00ed mosty ve sv\u011bt\u011b\" srcset=\"https:\/\/storage.googleapis.com\/wp-resources\/srovnator.cz\/ng\/2022\/06\/910b8d92-nejdelsi-most-770x434.png 770w, https:\/\/storage.googleapis.com\/wp-resources\/srovnator.cz\/ng\/2022\/06\/910b8d92-nejdelsi-most-1700x959.png 1700w, https:\/\/storage.googleapis.com\/wp-resources\/srovnator.cz\/ng\/2022\/06\/910b8d92-nejdelsi-most.png 1880w\" sizes=\"(max-width: 770px) 100vw, 770px\" data-image-size=\"medium\" data-stateless-media-bucket=\"wp-resources\" data-stateless-media-name=\"srovnator.cz\/ng\/2022\/06\/910b8d92-nejdelsi-most.png\" \/>\n<h2>Evropsk\u00e1 prvenstv\u00ed<\/h2>\n<p>Pot\u0159eba spojit Pa\u0159\u00ed\u017e s&nbsp;ji\u017en\u00ed \u010d\u00e1st\u00ed Francie vedla francouzskou vl\u00e1du ke&nbsp;schv\u00e1len\u00ed projektu na&nbsp;v\u00fdstavbu mostu vedouc\u00edho p\u0159es \u00fadol\u00ed \u0159eky Tarn u&nbsp;m\u011bsta Millau ji\u017e v&nbsp;roce 1989.<br \/>\nUva\u017eujeme-li v\u00fd\u0161ku mostn\u00ed konstrukce, pak je&nbsp;<strong>viadukt Millau<\/strong> nejvy\u0161\u0161\u00edm mostem ve&nbsp;sv\u011bt\u011b<br \/>\ni v&nbsp;Evrop\u011b. Jeho nejvy\u0161\u0161\u00ed pil\u00ed\u0159 \u010dn\u00ed do&nbsp;v\u00fd\u0161ky 343 metr\u016f nad&nbsp;mo\u0159em, vozovka se&nbsp;pak ty\u010d\u00ed ve&nbsp;v\u00fd\u0161ce a\u017e 246 metr\u016f nad&nbsp;zem\u00ed. Francouzi za&nbsp;jeho v\u00fdstavbu zaplatili v&nbsp;p\u0159epo\u010dtu 11 miliard korun a&nbsp;\u0159idi\u010di se&nbsp;po&nbsp;n\u011bm poprv\u00e9 projeli v&nbsp;prosinci 2004.<\/p>\n<p><img decoding=\"async\" src=\"https:\/\/storage.googleapis.com\/wp-resources\/srovnator.cz\/2021\/10\/milau-770x439.png\" alt=\"Viadukt Millau\" width=\"100%\" \/><\/p>\n<p>Nejdel\u0161\u00edm evropsk\u00fdm mostem se&nbsp;pak mohou chlubit Portugalci. Jejich <strong>most Vasco da Gamma<\/strong>, pojmenovan\u00fd po&nbsp;portugalsk\u00e9m mo\u0159eplavci a&nbsp;objeviteli, je&nbsp;17 kilometr\u016f dlouh\u00fd, 30 metr\u016f \u0161irok\u00fd a&nbsp;denn\u011b ho vyu\u017eije p\u0159es 50 tis\u00edc automobil\u016f. Most byl&nbsp;konstruov\u00e1n tak, aby&nbsp;odolal men\u0161\u00edm seismick\u00fdm ot\u0159es\u016fm. Stoj\u00ed na&nbsp;820 pil\u00ed\u0159\u00edch a&nbsp;jeho \u017eivotnost se&nbsp;odhaduje na&nbsp;120 let. Pro&nbsp;Portugalce je&nbsp;stavbou stolet\u00ed, v\u00fdznamn\u011b toti\u017e p\u0159isp\u011bl k&nbsp;propojen\u00ed pob\u0159e\u017e\u00ed<br \/>\ns vnitrozem\u00edm a&nbsp;umo\u017enil tak&nbsp;lep\u0161\u00ed p\u0159\u00edstup k&nbsp;evropsk\u00e9 silni\u010dn\u00ed s\u00edti.<\/p>\n<p><img decoding=\"async\" src=\"https:\/\/storage.googleapis.com\/wp-resources\/srovnator.cz\/2021\/10\/vasco-de-gamma-770x461.png\" alt=\"Most Vasco da Gamma\" width=\"100%\" \/><\/p>\n<h2>Sv\u011btov\u00e1 nej<\/h2>\n<p>V\u016fbec nejdel\u0161\u00edm mostem ve&nbsp;v\u0161ech kategori\u00ed je&nbsp;<strong>\u017eelezni\u010dn\u00ed most mezi \u0160anghaj\u00ed a&nbsp;Pekingem<\/strong> m\u011b\u0159\u00edc\u00ed necel\u00fdch 165 kilometr\u016f. Vlakov\u00e9 soupravy tudy fr\u010d\u00ed rychlost\u00ed a\u017e 300 kilometr\u016f v&nbsp;hodin\u011b, ale pravd\u011bpodobn\u011b samotn\u00e1 cesta moc dobrodru\u017en\u00e1 nebude. Tra\u0165 toti\u017e vede p\u0159ev\u00e1\u017en\u011b kolem r\u00fd\u017eov\u00fdch pol\u00ed. Jeho v\u00fdstavba vy\u0161la \u010c\u00ednu na&nbsp;astronomick\u00fdch 165 miliard korun a&nbsp;\u00fadajn\u011b se&nbsp;tak&nbsp;jedn\u00e1 o&nbsp;nejp\u0159edra\u017een\u011bj\u0161\u00ed most na&nbsp;sv\u011bt\u011b, n\u011bkolik lid\u00ed bylo dokonce popraveno za&nbsp;korupci spojenou se&nbsp;stavbou mostu.<\/p>\n<p><img decoding=\"async\" src=\"https:\/\/storage.googleapis.com\/wp-resources\/srovnator.cz\/2021\/10\/danyang-770x406.png\" alt=\"Most Danyang-Kunshan\" width=\"100%\" \/><\/p>\n<p>Za&nbsp;nejvy\u0161\u0161\u00edm mostem sv\u011bta, m\u011b\u0159eno od&nbsp;zem\u011b po&nbsp;vozovku, mus\u00edme op\u011bt do&nbsp;\u010c\u00edny. Zde byl&nbsp;v&nbsp;roce 2016 otev\u0159en <strong>most Beipanjiang<\/strong> vis\u00edc\u00ed 565 metr\u016f nad&nbsp;\u0159ekou Nizhu. Krom\u011b jeho v\u00fd\u0161ky je&nbsp;fascinuj\u00edc\u00ed i&nbsp;rychlost jeho v\u00fdstavby, kter\u00e1&nbsp;trvala pouh\u00e9 t\u0159i roky. Je\u0161t\u011b v&nbsp;roce 2013 nest\u00e1lo na&nbsp;m\u00edst\u011b v\u016fbec nic, o&nbsp;t\u0159i roky pozd\u011bji u\u017e byl&nbsp;most zkompletovan\u00fd a&nbsp;p\u0159ipraven na&nbsp;prvn\u00ed automobily. Vybudov\u00e1n\u00ed mostu vy\u0161lo \u010c\u00ednu na&nbsp;2 miliardy korun.<\/p>\n<p><img decoding=\"async\" src=\"https:\/\/storage.googleapis.com\/wp-resources\/srovnator.cz\/2021\/10\/beipanjiang-770x394.png\" alt=\"Most Beipanjiang\" width=\"100%\" \/><\/p>\n<h2>Nejkrat\u0161\u00ed, nejd\u011bsiv\u011bj\u0161\u00ed, vytvo\u0159eno p\u0159\u00edrodou<\/h2>\n<p>Vedle nejdel\u0161\u00edch a&nbsp;nejvy\u0161\u0161\u00edch most\u016f existuj\u00ed i&nbsp;takov\u00e9, kter\u00e9&nbsp;co&nbsp;do&nbsp;d\u00e9lky a&nbsp;v\u00fd\u0161ky pat\u0159\u00ed mezi trpasl\u00edky, ale svoji sl\u00e1vu si vydobily jinak.<\/p>\n<p><strong>Kram\u00e1\u0159sk\u00fd most<\/strong> je&nbsp;nejdel\u0161\u00edm pr\u016fchodn\u00fdm mostem, kter\u00fd&nbsp;je&nbsp;z\u00e1rove\u0148 obyvateln\u00fd. Po&nbsp;120 metr\u016f dlouh\u00e9m kamenn\u00e9m most\u011b p\u0159es \u0159eku Geru se&nbsp;m\u016f\u017eete proj\u00edt v&nbsp;n\u011bmeck\u00e9m Erfurtu a&nbsp;poch\u00e1z\u00ed pravd\u011bpodobn\u011b z&nbsp;roku 1117. Sv\u00e9 jm\u00e9no dostal po&nbsp;kram\u00e1\u0159sk\u00fdch kr\u00e1mc\u00edch postaven\u00fdch pod\u00e9l jeho d\u00e9lky. Kdysi jich bylo 60, dnes se&nbsp;po\u010det domk\u016f ust\u00e1lil na&nbsp;\u010d\u00edsle 32. Nicm\u00e9n\u011b pr\u00e1v\u011b kv\u016fli jeho z\u00e1stavb\u011b si turist\u00e9 kolikr\u00e1t ani nev\u0161imnou, \u017ee&nbsp;se&nbsp;pr\u00e1v\u011b ocitli na&nbsp;most\u011b.<\/p>\n<p><img decoding=\"async\" src=\"https:\/\/storage.googleapis.com\/wp-resources\/srovnator.cz\/2021\/10\/kramarsky-most-770x451.png\" alt=\"Kram\u00e1\u0159sk\u00fd most\" width=\"100%\" \/><\/p>\n<p>V Evrop\u011b najdeme i&nbsp;nejdel\u0161\u00ed mezin\u00e1rodn\u00ed most, tedy most, kter\u00fd&nbsp;spojuje dva st\u00e1ty. Jedn\u00e1 se&nbsp;o&nbsp;<strong>most p\u0159es pr\u016fliv \u00d6resund<\/strong>, jen\u017e spojuje d\u00e1nskou Koda\u0148 a&nbsp;\u0161v\u00e9dsk\u00e9 Malm\u00f6 a&nbsp;cestu mezi t\u011bmito dv\u011bma m\u011bsty zkr\u00e1til na&nbsp;35 minut. M\u011b\u0159\u00ed 7,8 kilometr\u016f a&nbsp;denn\u011b ho vyu\u017e\u00edv\u00e1 10 tis\u00edc automobil\u016f a&nbsp;20 tis\u00edc cestuj\u00edc\u00edch ve&nbsp;vlac\u00edch. Most je&nbsp;v\u00fdznamn\u00fd i&nbsp;proto, \u017ee&nbsp;se&nbsp;jeho v\u00fdstavbou poprv\u00e9 od&nbsp;doby ledov\u00e9 spojil Skandin\u00e1vsk\u00fd poloostrov s&nbsp;pevninskou Evropou.<\/p>\n<p><img decoding=\"async\" src=\"https:\/\/storage.googleapis.com\/wp-resources\/srovnator.cz\/2021\/10\/oresund-770x508.png\" alt=\"Most p\u0159es z\u00e1liv \u00d6resund\" width=\"100%\" \/><\/p>\n<p>Naopak nejkrat\u0161\u00edm mostem v&nbsp;t\u00e9to kategorii je&nbsp;<strong>most na&nbsp;\u0159ece Sv.&nbsp;Vav\u0159ince<\/strong> spojuj\u00edc\u00ed americkou a&nbsp;kanadskou \u010d\u00e1st ostr\u016fvku Zavikon.&nbsp;Je&nbsp;to&nbsp;most jen&nbsp;pro&nbsp;p\u011b\u0161\u00ed a&nbsp;m\u011b\u0159\u00ed pouhopouh\u00fdch 10 metr\u016f. Ostr\u016fvek je&nbsp;sou\u010d\u00e1st\u00ed oblasti nazvan\u00e9 jako Tis\u00edc ostrov\u016f, kde&nbsp;maj\u00ed na&nbsp;mal\u00fdch ostrovech postavena sv\u00e1 letn\u00ed s\u00eddla nejbohat\u0161\u00ed obyvatel\u00e9 USA.<\/p>\n<p><img decoding=\"async\" src=\"https:\/\/storage.googleapis.com\/wp-resources\/srovnator.cz\/2021\/10\/zavikon-770x426.png\" alt=\"Most u&nbsp;ostrova Zavikon\" width=\"100%\" \/><\/p>\n<p>Jste-li milovn\u00edci adrenalinu, pak byste se&nbsp;m\u011bli proj\u00edt po&nbsp;460 metr\u016f dlouh\u00e9m most\u011b <strong>Taman Negara Canopy Walkway<\/strong>. Py\u0161n\u00ed se&nbsp;titulem nejdel\u0161\u00ed provazov\u00fd most na&nbsp;sv\u011bt\u011b. Najdete ho v&nbsp;Malajsii, asi 150 kilometr\u016f severov\u00fdchodn\u011b od&nbsp;Kuala Lumpur. Ve&nbsp;v\u00fd\u0161ce 49 metr\u016f nab\u00edz\u00ed dechberouc\u00ed v\u00fdhledy do&nbsp;nitra tam\u011bj\u0161\u00ed d\u017eungle.<\/p>\n<p><img decoding=\"async\" src=\"https:\/\/storage.googleapis.com\/wp-resources\/srovnator.cz\/2021\/10\/walkay-770x460.png\" alt=\"Canopy Walkway\" width=\"100%\" \/><\/p>\n<p>Mosty nevytv\u00e1\u0159ej\u00ed jen&nbsp;lid\u00e9, dok\u00e1\u017ee to&nbsp;i&nbsp;sama p\u0159\u00edroda. D\u016fkazem budi\u017e <strong>V\u00edl\u00ed most (Fairy bridge)<\/strong> v&nbsp;provincii Kuang-si v&nbsp;\u010c\u00edn\u011b. Mostn\u00ed oblouk dlouh\u00fd 120 metr\u016f z&nbsp;n\u011bj \u010din\u00ed nejdel\u0161\u00ed p\u0159\u00edrodn\u00ed most na&nbsp;sv\u011bt\u011b.<br \/>\nV Evrop\u011b pak toto prvenstv\u00ed dr\u017e\u00ed oblouk <strong>Pont d\u00b4Arc<\/strong> v&nbsp;ji\u017en\u00ed Francii. Jeho rozp\u011bt\u00ed \u010din\u00ed 58 metr\u016f, \u0161irok\u00fd je&nbsp;60 metr\u016f a&nbsp;nav\u0161t\u011bvovan\u00fd je&nbsp;hlavn\u011b po&nbsp;vod\u011b, kanoisty a&nbsp;kajak\u00e1\u0159i. Jedn\u00e1 se&nbsp;o&nbsp;jeden z&nbsp;nejzn\u00e1m\u011bj\u0161\u00edch symbol\u016f zdej\u0161\u00ed p\u0159\u00edrodn\u00ed rezervace. V&nbsp;jeho t\u011bsn\u00e9 bl\u00edzkosti se&nbsp;rovn\u011b\u017e nach\u00e1z\u00ed jeskyn\u011b Chauvet, zn\u00e1m\u00e1 sv\u00fdmi 30 tis\u00edc let star\u00fdmi jeskynn\u00edmi malbami.<\/p>\n<p><img decoding=\"async\" src=\"https:\/\/storage.googleapis.com\/wp-resources\/srovnator.cz\/2021\/10\/pont-darc-770x433.png\" alt=\"Pont d\u00b4Arc\" width=\"100%\" \/><\/p>\n<p>Za&nbsp;<a href=\"\/clanky\/nejnebezpecnejsi-silnice-na-svete\/\">nejd\u011bsiv\u011bj\u0161\u00ed<\/a>, alespo\u0148 pro&nbsp;ty, kdo trp\u00ed z\u00e1vrat\u011bmi, lze pova\u017eovat <strong>sklen\u011bn\u00fd most<\/strong> otev\u0159en\u00fd&nbsp;v&nbsp;roce 2017 jak jinak ne\u017e \u010c\u00edn\u011b. Most se&nbsp;nach\u00e1z\u00ed v&nbsp;provincii Hebei, je&nbsp;1600 metr\u016f dlouh\u00fd a&nbsp;p\u0159eklenuje ka\u0148on ve&nbsp;v\u00fd\u0161ce 230 metr\u016f. Aby&nbsp;byla zaji\u0161t\u011bna bezpe\u010dnost, m\u016f\u017ee b\u00fdt na&nbsp;n\u011bm v&nbsp;jednu chv\u00edli jen&nbsp;600 lid\u00ed a&nbsp;jako bonus ho konstrukt\u00e9\u0159i navrhli tak, aby&nbsp;se&nbsp;pod&nbsp;chod\u00edc\u00edmi turisty malinko houpal.<\/p>\n<p><img decoding=\"async\" src=\"https:\/\/storage.googleapis.com\/wp-resources\/srovnator.cz\/2021\/10\/hebei-770x457.png\" alt=\"Sklen\u011bn\u00fd most v&nbsp;provincii Hebei\" width=\"100%\" \/><\/p>\n<h2>Nej mosty v&nbsp;\u010cesku<\/h2>\n<p>Pokud v\u00e1s mosty fascinuj\u00ed, ale nechcete za&nbsp;nimi <a href=\"\/clanky\/nejzajimavejsi-mosty-cr\/\">cestovat<\/a> daleko, nav\u0161tivte&nbsp;ty nejkr\u00e1sn\u011bj\u0161\u00ed&nbsp;z&nbsp;nich v&nbsp;\u010cech\u00e1ch a&nbsp;na&nbsp;Morav\u011b.<\/p>\n<p>Povinnost\u00ed je&nbsp;ur\u010dit\u011b <strong>Kamenn\u00fd most v&nbsp;P\u00edsku<\/strong>, nejstar\u0161\u00ed most na&nbsp;na\u0161em \u00fazem\u00ed. Postaven byl&nbsp;ve&nbsp;2.&nbsp;polovin\u011b 13.&nbsp;stolet\u00ed, m\u011b\u0159\u00ed 111&nbsp;metr\u016f a&nbsp;nach\u00e1z\u00ed se&nbsp;na&nbsp;n\u011bm n\u011bkolik barokn\u00edch soch. N\u011bkolikr\u00e1t byl&nbsp;po\u0161kozen velkou vodou, v\u017edy byl&nbsp;ale opraven. Dnes slou\u017e\u00ed u\u017e jen&nbsp;pro&nbsp;p\u011b\u0161\u00ed.<\/p>\n<p>Jeden z&nbsp;nejstar\u0161\u00edch most\u016f na&nbsp;Morav\u011b je&nbsp;<strong>barokn\u00ed most v&nbsp;N\u00e1m\u011b\u0161ti nad&nbsp;Oslavou<\/strong>, n\u011bkdy naz\u00fdv\u00e1n jako \u201cmal\u00fd moravsk\u00fd Karl\u016fv\u201d. Po&nbsp;Karlov\u011b most\u011b je&nbsp;to&nbsp;toti\u017e nejv\u011bt\u0161\u00ed most v&nbsp;\u010cesku s&nbsp;nejbohat\u0161\u00ed socha\u0159skou v\u00fdzdobou.<\/p>\n<p>Dal\u0161\u00edm mostem, kter\u00fd&nbsp;si zaslou\u017e\u00ed pozornost, je&nbsp;mali\u010dk\u00fd barokn\u00ed <strong>most v&nbsp;B\u011bl\u00e9 nad&nbsp;Radbuzou<\/strong>. Most postaven\u00fd z&nbsp;masivn\u00edch kamenn\u00fdch kv\u00e1dr\u016f p\u0159eklenuje \u0159eku Radbuzu ji\u017e od&nbsp;roku 1723.<\/p>\n<p>Jedn\u00edm z&nbsp;nejmodern\u011bj\u0161\u00edch most\u016f je&nbsp;<strong>Mari\u00e1nsk\u00fd most<\/strong> v&nbsp;\u00dast\u00ed nad&nbsp;Labem. Postaven byl&nbsp;v&nbsp;90. letech minul\u00e9ho stolet\u00ed jako dominanta m\u011bsta. V&nbsp;jeho st\u0159edu se&nbsp;nach\u00e1z\u00ed spole\u010dn\u00e1 komunikace pro&nbsp;chodce, cyklisty i&nbsp;vozidla.<\/p>\n<p>Z technick\u00e9 hlediska je&nbsp;<strong>Vojslamick\u00fd dvojmost<\/strong> p\u0159es \u0159eku \u017delivku unik\u00e1tem. Komunikace ve&nbsp;spodn\u00edm pat\u0159e spojuje obce P\u00ed\u0161\u0165 a&nbsp;Vojslavice a&nbsp;dnes slou\u017e\u00ed u\u017e jen&nbsp;m\u00edstn\u00ed doprav\u011b. Horn\u00edm patrem vede d\u00e1lnice D1 mezi Prahou a&nbsp;Brnem.<\/p>\n<p><small>Obr\u00e1zky p\u0159evzaty z&nbsp;www.commons.wikimedia.org.<\/small><\/p>\n","protected":false},"excerpt":{"rendered":"<p>Za dobu sv\u00e9 existence stvo\u0159ilo lidstvo znamenit\u00e9 stavby, mezi kter\u00fdmi vynikaj\u00ed mimo jin\u00e9 i mosty. Kter\u00e9 z nich pat\u0159\u00ed mezi ty nej?<\/p>\n","protected":false},"author":5,"featured_media":4347,"comment_status":"closed","ping_status":"closed","sticky":false,"template":"","format":"standard","meta":{"_acf_changed":false,"footnotes":""},"categories":[8],"tags":[853,423,563,816,855,645,880],"class_list":["post-4346","post","type-post","status-publish","format-standard","has-post-thumbnail","hentry","category-cestovni-pojisteni","tag-ceska-republika","tag-doprava","tag-eu","tag-evropa","tag-svet","tag-tipy","tag-zajimavosti"],"acf":{"znacka":"","model":"","objem":"","vyrobeno":"","vykon":"","velikost_1":"","velikost_2":"","velikost_3":"","velikost_4":"","roky":"","roky_velikost_1":"","roky_velikost_2":"","roky_velikost_3":"","roky_velikost_4":"","pocet_kalkulaci":0,"page_post_meta_bread":"Nej mosty na sv\u011bt\u011b","page_post_meta_bread_child":"","page_post_meta_script_head":"","page_post_meta_leaving_screen":"cat"},"yoast_head":"<!-- This site is optimized with the Yoast SEO plugin v25.5 - https:\/\/yoast.com\/wordpress\/plugins\/seo\/ -->\n<title>Nej mosty na sv\u011bt\u011b - Srovn\u00e1tor.cz<\/title>\n<meta name=\"description\" content=\"Za dobu sv\u00e9 existence stvo\u0159ilo lidstvo znamenit\u00e9 stavby, mezi kter\u00fdmi vynikaj\u00ed mimo jin\u00e9 i mosty. Kter\u00e9 z nich pat\u0159\u00ed mezi ty nej?\" \/>\n<meta name=\"robots\" content=\"index, follow, max-snippet:-1, max-image-preview:large, max-video-preview:-1\" \/>\n<link rel=\"canonical\" href=\"https:\/\/www.srovnator.cz\/clanky\/nej-mosty-na-svete\/\" \/>\n<meta property=\"og:locale\" content=\"cs_CZ\" \/>\n<meta property=\"og:type\" content=\"article\" \/>\n<meta property=\"og:title\" content=\"Nej mosty na sv\u011bt\u011b - Srovn\u00e1tor.cz\" \/>\n<meta property=\"og:description\" content=\"Za dobu sv\u00e9 existence stvo\u0159ilo lidstvo znamenit\u00e9 stavby, mezi kter\u00fdmi vynikaj\u00ed mimo jin\u00e9 i mosty. Kter\u00e9 z nich pat\u0159\u00ed mezi ty nej?\" \/>\n<meta property=\"og:url\" content=\"https:\/\/www.srovnator.cz\/clanky\/nej-mosty-na-svete\/\" \/>\n<meta property=\"og:site_name\" content=\"Srovn\u00e1tor.cz\" \/>\n<meta property=\"article:publisher\" content=\"https:\/\/www.facebook.com\/srovnator\/\" \/>\n<meta property=\"article:published_time\" content=\"2018-10-19T05:51:43+00:00\" \/>\n<meta property=\"article:modified_time\" content=\"2024-06-24T05:46:24+00:00\" \/>\n<meta property=\"og:image\" content=\"https:\/\/storage.googleapis.com\/wp-resources\/srovnator.cz\/ng\/2022\/06\/910b8d92-nejdelsi-most-1700x959.png\" \/>\n\t<meta property=\"og:image:width\" content=\"1700\" \/>\n\t<meta property=\"og:image:height\" content=\"959\" \/>\n\t<meta property=\"og:image:type\" content=\"image\/png\" \/>\n<meta name=\"author\" content=\"Martin Dane\u0161\" \/>\n<meta name=\"twitter:card\" content=\"summary_large_image\" \/>\n<meta name=\"twitter:creator\" content=\"@Srovnator_czech\" \/>\n<meta name=\"twitter:site\" content=\"@Srovnator_czech\" \/>\n<meta name=\"twitter:label1\" content=\"Written by\" \/>\n\t<meta name=\"twitter:data1\" content=\"Martin Dane\u0161\" \/>\n\t<meta name=\"twitter:label2\" content=\"Est. reading time\" \/>\n\t<meta name=\"twitter:data2\" content=\"7 minutes\" \/>\n<script type=\"application\/ld+json\" class=\"yoast-schema-graph\">{\"@context\":\"https:\/\/schema.org\",\"@graph\":[{\"@type\":\"WebPage\",\"@id\":\"https:\/\/www.srovnator.cz\/clanky\/nej-mosty-na-svete\/\",\"url\":\"https:\/\/www.srovnator.cz\/clanky\/nej-mosty-na-svete\/\",\"name\":\"Nej mosty na sv\u011bt\u011b - Srovn\u00e1tor.cz\",\"isPartOf\":{\"@id\":\"https:\/\/www.srovnator.cz\/#website\"},\"primaryImageOfPage\":{\"@id\":\"https:\/\/www.srovnator.cz\/clanky\/nej-mosty-na-svete\/#primaryimage\"},\"image\":{\"@id\":\"https:\/\/www.srovnator.cz\/clanky\/nej-mosty-na-svete\/#primaryimage\"},\"thumbnailUrl\":\"https:\/\/storage.googleapis.com\/wp-resources\/srovnator.cz\/ng\/2022\/06\/910b8d92-nejdelsi-most.png\",\"datePublished\":\"2018-10-19T05:51:43+00:00\",\"dateModified\":\"2024-06-24T05:46:24+00:00\",\"author\":{\"@id\":\"https:\/\/www.srovnator.cz\/#\/schema\/person\/46d10e971bff43faa91c35835126aa3b\"},\"description\":\"Za dobu sv\u00e9 existence stvo\u0159ilo lidstvo znamenit\u00e9 stavby, mezi kter\u00fdmi vynikaj\u00ed mimo jin\u00e9 i mosty. Kter\u00e9 z nich pat\u0159\u00ed mezi ty nej?\",\"inLanguage\":\"cs-CZ\",\"potentialAction\":[{\"@type\":\"ReadAction\",\"target\":[\"https:\/\/www.srovnator.cz\/clanky\/nej-mosty-na-svete\/\"]}]},{\"@type\":\"ImageObject\",\"inLanguage\":\"cs-CZ\",\"@id\":\"https:\/\/www.srovnator.cz\/clanky\/nej-mosty-na-svete\/#primaryimage\",\"url\":\"https:\/\/storage.googleapis.com\/wp-resources\/srovnator.cz\/ng\/2022\/06\/910b8d92-nejdelsi-most.png\",\"contentUrl\":\"https:\/\/storage.googleapis.com\/wp-resources\/srovnator.cz\/ng\/2022\/06\/910b8d92-nejdelsi-most.png\",\"width\":1880,\"height\":1060,\"caption\":\"Nejdel\u0161\u00ed most na sv\u011bt\u011b\"},{\"@type\":\"WebSite\",\"@id\":\"https:\/\/www.srovnator.cz\/#website\",\"url\":\"https:\/\/www.srovnator.cz\/\",\"name\":\"Srovn\u00e1tor.cz\",\"description\":\"\",\"potentialAction\":[{\"@type\":\"SearchAction\",\"target\":{\"@type\":\"EntryPoint\",\"urlTemplate\":\"https:\/\/www.srovnator.cz\/?s={search_term_string}\"},\"query-input\":{\"@type\":\"PropertyValueSpecification\",\"valueRequired\":true,\"valueName\":\"search_term_string\"}}],\"inLanguage\":\"cs-CZ\"},{\"@type\":\"Person\",\"@id\":\"https:\/\/www.srovnator.cz\/#\/schema\/person\/46d10e971bff43faa91c35835126aa3b\",\"name\":\"Martin Dane\u0161\",\"image\":{\"@type\":\"ImageObject\",\"inLanguage\":\"cs-CZ\",\"@id\":\"https:\/\/www.srovnator.cz\/#\/schema\/person\/image\/\",\"url\":\"https:\/\/secure.gravatar.com\/avatar\/5cac60568def8a68791e2b771a3394888cf55828e445636dfc99f7ccd1e1d1b8?s=96&d=mm&r=g\",\"contentUrl\":\"https:\/\/secure.gravatar.com\/avatar\/5cac60568def8a68791e2b771a3394888cf55828e445636dfc99f7ccd1e1d1b8?s=96&d=mm&r=g\",\"caption\":\"Martin Dane\u0161\"},\"description\":\"Jsem Martin Dane\u0161, obchodn\u00ed \u0159editel Srovn\u00e1tor.cz. Na\u0161\u00edm c\u00edlem je naj\u00edt pro v\u00e1s v\u017edy to nejvhodn\u011bj\u0161\u00ed poji\u0161t\u011bn\u00ed dle va\u0161ich pot\u0159eb. D\u00edky \u0161irok\u00e9mu portfoliu produkt\u016f od v\u0161ech v\u00fdznamn\u00fdch poji\u0161\u0165oven v\u00e1m dok\u00e1\u017eeme poskytnout \u0159e\u0161en\u00ed odpov\u00eddaj\u00edc\u00ed va\u0161im p\u0159edstav\u00e1m. Kdy\u017e budete m\u00edt jak\u00fdkoliv produktov\u00fd dotaz, nev\u00e1hejte se na n\u00e1s obr\u00e1tit na info@srovnator.cz\",\"url\":\"https:\/\/www.srovnator.cz\/autori\/martin-danes\/\"}]}<\/script>\n<!-- \/ Yoast SEO plugin. -->","yoast_head_json":{"title":"Nej mosty na sv\u011bt\u011b - Srovn\u00e1tor.cz","description":"Za dobu sv\u00e9 existence stvo\u0159ilo lidstvo znamenit\u00e9 stavby, mezi kter\u00fdmi vynikaj\u00ed mimo jin\u00e9 i mosty. Kter\u00e9 z nich pat\u0159\u00ed mezi ty nej?","robots":{"index":"index","follow":"follow","max-snippet":"max-snippet:-1","max-image-preview":"max-image-preview:large","max-video-preview":"max-video-preview:-1"},"canonical":"https:\/\/www.srovnator.cz\/clanky\/nej-mosty-na-svete\/","og_locale":"cs_CZ","og_type":"article","og_title":"Nej mosty na sv\u011bt\u011b - Srovn\u00e1tor.cz","og_description":"Za dobu sv\u00e9 existence stvo\u0159ilo lidstvo znamenit\u00e9 stavby, mezi kter\u00fdmi vynikaj\u00ed mimo jin\u00e9 i mosty. Kter\u00e9 z nich pat\u0159\u00ed mezi ty nej?","og_url":"https:\/\/www.srovnator.cz\/clanky\/nej-mosty-na-svete\/","og_site_name":"Srovn\u00e1tor.cz","article_publisher":"https:\/\/www.facebook.com\/srovnator\/","article_published_time":"2018-10-19T05:51:43+00:00","article_modified_time":"2024-06-24T05:46:24+00:00","og_image":[{"width":1700,"height":959,"url":"https:\/\/storage.googleapis.com\/wp-resources\/srovnator.cz\/ng\/2022\/06\/910b8d92-nejdelsi-most-1700x959.png","type":"image\/png"}],"author":"Martin Dane\u0161","twitter_card":"summary_large_image","twitter_creator":"@Srovnator_czech","twitter_site":"@Srovnator_czech","twitter_misc":{"Written by":"Martin Dane\u0161","Est. reading time":"7 minutes"},"schema":{"@context":"https:\/\/schema.org","@graph":[{"@type":"WebPage","@id":"https:\/\/www.srovnator.cz\/clanky\/nej-mosty-na-svete\/","url":"https:\/\/www.srovnator.cz\/clanky\/nej-mosty-na-svete\/","name":"Nej mosty na sv\u011bt\u011b - Srovn\u00e1tor.cz","isPartOf":{"@id":"https:\/\/www.srovnator.cz\/#website"},"primaryImageOfPage":{"@id":"https:\/\/www.srovnator.cz\/clanky\/nej-mosty-na-svete\/#primaryimage"},"image":{"@id":"https:\/\/www.srovnator.cz\/clanky\/nej-mosty-na-svete\/#primaryimage"},"thumbnailUrl":"https:\/\/storage.googleapis.com\/wp-resources\/srovnator.cz\/ng\/2022\/06\/910b8d92-nejdelsi-most.png","datePublished":"2018-10-19T05:51:43+00:00","dateModified":"2024-06-24T05:46:24+00:00","author":{"@id":"https:\/\/www.srovnator.cz\/#\/schema\/person\/46d10e971bff43faa91c35835126aa3b"},"description":"Za dobu sv\u00e9 existence stvo\u0159ilo lidstvo znamenit\u00e9 stavby, mezi kter\u00fdmi vynikaj\u00ed mimo jin\u00e9 i mosty. Kter\u00e9 z nich pat\u0159\u00ed mezi ty nej?","inLanguage":"cs-CZ","potentialAction":[{"@type":"ReadAction","target":["https:\/\/www.srovnator.cz\/clanky\/nej-mosty-na-svete\/"]}]},{"@type":"ImageObject","inLanguage":"cs-CZ","@id":"https:\/\/www.srovnator.cz\/clanky\/nej-mosty-na-svete\/#primaryimage","url":"https:\/\/storage.googleapis.com\/wp-resources\/srovnator.cz\/ng\/2022\/06\/910b8d92-nejdelsi-most.png","contentUrl":"https:\/\/storage.googleapis.com\/wp-resources\/srovnator.cz\/ng\/2022\/06\/910b8d92-nejdelsi-most.png","width":1880,"height":1060,"caption":"Nejdel\u0161\u00ed most na sv\u011bt\u011b"},{"@type":"WebSite","@id":"https:\/\/www.srovnator.cz\/#website","url":"https:\/\/www.srovnator.cz\/","name":"Srovn\u00e1tor.cz","description":"","potentialAction":[{"@type":"SearchAction","target":{"@type":"EntryPoint","urlTemplate":"https:\/\/www.srovnator.cz\/?s={search_term_string}"},"query-input":{"@type":"PropertyValueSpecification","valueRequired":true,"valueName":"search_term_string"}}],"inLanguage":"cs-CZ"},{"@type":"Person","@id":"https:\/\/www.srovnator.cz\/#\/schema\/person\/46d10e971bff43faa91c35835126aa3b","name":"Martin Dane\u0161","image":{"@type":"ImageObject","inLanguage":"cs-CZ","@id":"https:\/\/www.srovnator.cz\/#\/schema\/person\/image\/","url":"https:\/\/secure.gravatar.com\/avatar\/5cac60568def8a68791e2b771a3394888cf55828e445636dfc99f7ccd1e1d1b8?s=96&d=mm&r=g","contentUrl":"https:\/\/secure.gravatar.com\/avatar\/5cac60568def8a68791e2b771a3394888cf55828e445636dfc99f7ccd1e1d1b8?s=96&d=mm&r=g","caption":"Martin Dane\u0161"},"description":"Jsem Martin Dane\u0161, obchodn\u00ed \u0159editel Srovn\u00e1tor.cz. Na\u0161\u00edm c\u00edlem je naj\u00edt pro v\u00e1s v\u017edy to nejvhodn\u011bj\u0161\u00ed poji\u0161t\u011bn\u00ed dle va\u0161ich pot\u0159eb. D\u00edky \u0161irok\u00e9mu portfoliu produkt\u016f od v\u0161ech v\u00fdznamn\u00fdch poji\u0161\u0165oven v\u00e1m dok\u00e1\u017eeme poskytnout \u0159e\u0161en\u00ed odpov\u00eddaj\u00edc\u00ed va\u0161im p\u0159edstav\u00e1m. Kdy\u017e budete m\u00edt jak\u00fdkoliv produktov\u00fd dotaz, nev\u00e1hejte se na n\u00e1s obr\u00e1tit na info@srovnator.cz","url":"https:\/\/www.srovnator.cz\/autori\/martin-danes\/"}]}},"amp_enabled":true,"_links":{"self":[{"href":"https:\/\/www.srovnator.cz\/rest_api\/wp\/v2\/posts\/4346","targetHints":{"allow":["GET"]}}],"collection":[{"href":"https:\/\/www.srovnator.cz\/rest_api\/wp\/v2\/posts"}],"about":[{"href":"https:\/\/www.srovnator.cz\/rest_api\/wp\/v2\/types\/post"}],"author":[{"embeddable":true,"href":"https:\/\/www.srovnator.cz\/rest_api\/wp\/v2\/users\/5"}],"replies":[{"embeddable":true,"href":"https:\/\/www.srovnator.cz\/rest_api\/wp\/v2\/comments?post=4346"}],"version-history":[{"count":1,"href":"https:\/\/www.srovnator.cz\/rest_api\/wp\/v2\/posts\/4346\/revisions"}],"predecessor-version":[{"id":9615,"href":"https:\/\/www.srovnator.cz\/rest_api\/wp\/v2\/posts\/4346\/revisions\/9615"}],"wp:featuredmedia":[{"embeddable":true,"href":"https:\/\/www.srovnator.cz\/rest_api\/wp\/v2\/media\/4347"}],"wp:attachment":[{"href":"https:\/\/www.srovnator.cz\/rest_api\/wp\/v2\/media?parent=4346"}],"wp:term":[{"taxonomy":"category","embeddable":true,"href":"https:\/\/www.srovnator.cz\/rest_api\/wp\/v2\/categories?post=4346"},{"taxonomy":"post_tag","embeddable":true,"href":"https:\/\/www.srovnator.cz\/rest_api\/wp\/v2\/tags?post=4346"}],"curies":[{"name":"wp","href":"https:\/\/api.w.org\/{rel}","templated":true}]}}