{"id":4400,"date":"2018-12-03T07:04:28","date_gmt":"2018-12-03T06:04:28","guid":{"rendered":"https:\/\/www.srovnator.cz\/clanky\/ostatni\/jak-se-obleknout-do-zimy\/"},"modified":"2024-06-24T07:45:51","modified_gmt":"2024-06-24T05:45:51","slug":"jak-se-obleknout-do-zimy","status":"publish","type":"post","link":"https:\/\/www.srovnator.cz\/clanky\/jak-se-obleknout-do-zimy\/","title":{"rendered":"Oble\u010den\u00ed, kter\u00e9 zah\u0159eje"},"content":{"rendered":"<p><strong>By\u0165 se&nbsp;zima zat\u00edm nijak v\u00fdrazn\u011b neprojevila, u\u017e te\u010f je&nbsp;pot\u0159eba db\u00e1t na&nbsp;to, abychom tr\u00e1vili \u010das venku v&nbsp;tepl\u00e9m oble\u010den\u00ed a&nbsp;p\u0159ede\u0161li tak&nbsp;nep\u0159\u00edjemn\u00e9mu nachlazen\u00ed. \u0158\u00edk\u00e1 se, \u017ee&nbsp;neexistuje \u0161patn\u00e9 po\u010das\u00ed, jen&nbsp;\u0161patn\u00e9 oble\u010den\u00ed. Jak se&nbsp;spr\u00e1vn\u011b obl\u00e9ci a&nbsp;co&nbsp;je&nbsp;nejd\u016fle\u017eit\u011bj\u0161\u00ed, abychom se&nbsp;z&nbsp;venku nevr\u00e1tili promrzl\u00ed na&nbsp;kost?<\/strong><\/p>\n<img decoding=\"async\" width=\"770\" height=\"513\" src=\"https:\/\/storage.googleapis.com\/wp-resources\/srovnator.cz\/ng\/2022\/06\/ffde4a5b-obleceni-na-zimu-770x513.png\" class=\" wp-post-image wp-stateless-item\" alt=\"Oble\u010den\u00ed, kter\u00e9 zah\u0159eje\" title=\"Oble\u010den\u00ed, kter\u00e9 zah\u0159eje\" srcset=\"https:\/\/storage.googleapis.com\/wp-resources\/srovnator.cz\/ng\/2022\/06\/ffde4a5b-obleceni-na-zimu-770x513.png 770w, https:\/\/storage.googleapis.com\/wp-resources\/srovnator.cz\/ng\/2022\/06\/ffde4a5b-obleceni-na-zimu-1700x1133.png 1700w, https:\/\/storage.googleapis.com\/wp-resources\/srovnator.cz\/ng\/2022\/06\/ffde4a5b-obleceni-na-zimu.png 1880w\" sizes=\"(max-width: 770px) 100vw, 770px\" data-image-size=\"medium\" data-stateless-media-bucket=\"wp-resources\" data-stateless-media-name=\"srovnator.cz\/ng\/2022\/06\/ffde4a5b-obleceni-na-zimu.png\" \/>\n<p>By\u0165 m\u00e1 lidsk\u00e9 t\u011blo funguj\u00edc\u00ed termoregula\u010dn\u00ed syst\u00e9m, v&nbsp;extr\u00e9mn\u00edch podm\u00ednk\u00e1ch je&nbsp;pot\u0159eba&nbsp;mu trochu pomoci, aby&nbsp;nedo\u0161lo k&nbsp;podchlazen\u00ed, nebo naopak k&nbsp;p\u0159eh\u0159\u00e1t\u00ed. Nejroz\u0161\u00ed\u0159en\u011bj\u0161\u00edm zp\u016fsobem obl\u00e9k\u00e1n\u00ed do&nbsp;zimy a&nbsp;mrazu je&nbsp;obl\u00e9k\u00e1n\u00ed na&nbsp;principu cibule. Z\u00e1kladem je&nbsp;vrstven\u00ed od\u011bv\u016f, mezi kter\u00fdmi tak&nbsp;m\u016f\u017ee doch\u00e1zet k&nbsp;cirkulaci vzduchu. Pr\u016fm\u011brn\u011b vysta\u010d\u00edme se&nbsp;t\u0159emi vrstvami oble\u010den\u00ed na&nbsp;horn\u00ed \u010d\u00e1sti t\u011bla,&nbsp;ty by&nbsp;n\u00e1m m\u011bly zajistit dostate\u010dn\u00fd tepeln\u00fd komfort.<\/p>\n<h2>Termopr\u00e1dlo<\/h2>\n<p>Kvalitn\u00ed funk\u010dn\u00ed pr\u00e1dlo m\u016f\u017ee hr\u00e1t v&nbsp;chladn\u00fdch podm\u00ednk\u00e1ch mnohem v\u011bt\u0161\u00ed roli ne\u017e n\u011bkolik mikin. Je-li spr\u00e1vn\u011b zvolen\u00e9, udr\u017e\u00ed v\u00e1s v&nbsp;teple i&nbsp;p\u0159i&nbsp;promo\u010den\u00e9 bund\u011b. Jeho \u00fakolem je&nbsp;odv\u00e1d\u011bt pot z&nbsp;poko\u017eky p\u0159es dal\u0161\u00ed vrstvy oble\u010den\u00ed, kde&nbsp;se&nbsp;odpa\u0159\u00ed nebo unikne ven. T\u00edm zabr\u00e1n\u00ed prochladnut\u00ed. Dnes je&nbsp;na&nbsp;trhu nep\u0159ebern\u00e9 mno\u017estv\u00ed <a href=\"\/cestovni-pojisteni\/kalkulacka\/#kalkulacka\">funk\u010dn\u00edho oble\u010den\u00ed<\/a>.&nbsp;Je&nbsp;vyroben\u00e9 z&nbsp;um\u011bl\u00fdch tkanin, kter\u00e9&nbsp;nevsakuj\u00ed vlhkost. Dne\u0161n\u00ed syntetick\u00e9 tkaniny jsou velice jemn\u00e9 a&nbsp;mnohdy je&nbsp;od&nbsp;klasick\u00e9 bavlny ani nerozezn\u00e1te. M\u00e1te-li probl\u00e9m se&nbsp;syntetikou, pak vyzkou\u0161ejte p\u0159\u00edrodn\u00ed vl\u00e1kna, nap\u0159. Merino vlnu nebo bambus.<\/p>\n<h2>Izola\u010dn\u00ed vrstva<\/h2>\n<p>Druh\u00e1 vrstva oble\u010den\u00ed pokra\u010duje d\u00e1le v&nbsp;odv\u00e1d\u011bn\u00ed vlhkosti ven, z\u00e1rove\u0148 pak pln\u00ed roli zateplovac\u00ed, kdy&nbsp;br\u00e1n\u00ed ztr\u00e1t\u011b t\u011blesn\u00e9 teploty. Neobl\u00e9kejte si ale tlust\u00fd svetr nebo objemnou mikinu. Sice v\u00e1m bude teplo, o&nbsp;volnosti pohybu a&nbsp;prody\u0161nosti ale nem\u016f\u017ee b\u00fdt \u0159e\u010d. V\u011bt\u0161inou se&nbsp;pou\u017e\u00edvaj\u00ed lehk\u00e9 fleecov\u00e9 mikiny, kter\u00e9&nbsp;ale nejsou nepromokav\u00e9 ani v\u011btruvzdorn\u00e9. Do&nbsp;opravdu <a href=\"\/cestovni-pojisteni\/kalkulacka\/#kalkulacka\">n\u00edzk\u00fdch teplot<\/a> je&nbsp;dobr\u00e9 pou\u017e\u00edt mikiny s&nbsp;dvojitou vrstvu fleecu a&nbsp;ve&nbsp;vysok\u00e9 gram\u00e1\u017ei.<\/p>\n<h2>Ochrann\u00e1 vrstva<\/h2>\n<p>Nejsvrchn\u011bj\u0161\u00ed \u010d\u00e1st oble\u010den\u00ed n\u00e1s potom chr\u00e1n\u00ed p\u0159ed&nbsp;rozmary po\u010das\u00ed. Hod\u00ed se&nbsp;jak\u00e1koliv zateplen\u00e1, nepromokav\u00e1 bunda. Zabr\u00e1n\u00ed \u00faniku tepla a&nbsp;z\u00e1rove\u0148 nepust\u00ed dovnit\u0159 zimu a&nbsp;vlhkost. \u010cek\u00e1-li v\u00e1s t\u00fara v&nbsp;de\u0161ti a&nbsp;v\u011btru, pak pop\u0159em\u00fd\u0161lejte o&nbsp;tzv. membr\u00e1nov\u00e9m oble\u010den\u00ed. To&nbsp;toti\u017e spl\u0148uje t\u0159i z\u00e1kladn\u00ed po\u017eadavky &#8211; nepromokavost, v\u011btruodolnost a&nbsp;prody\u0161nost.<\/p>\n<p><img decoding=\"async\" src=\"https:\/\/storage.googleapis.com\/wp-resources\/srovnator.cz\/2021\/10\/zimni-obleceni-770x433.png\" alt=\"Termopr\u00e1dlo\" width=\"100%\" \/><\/p>\n<p>Na&nbsp;spodn\u00ed \u010d\u00e1st t\u011bla v&nbsp;podstat\u011b m\u016f\u017eeme aplikovat to&nbsp;sam\u00e9, nicm\u00e9n\u011b v&nbsp;b\u011b\u017en\u00fdch podm\u00ednk\u00e1ch, kdy&nbsp;se&nbsp;teplota pohybuje kolem nuly, se&nbsp;obejdeme bez st\u0159edn\u00ed vrstvy. P\u0159i&nbsp;del\u0161\u00edm v\u00fd\u0161lapu by&nbsp;n\u00e1m pravd\u011bpodobn\u011b bylo horko. Posta\u010d\u00ed tedy jen&nbsp;termospodky a&nbsp;membr\u00e1nov\u00e9 kalhoty.<\/p>\n<p>V\u0161e v\u00fd\u0161e uveden\u00e9 v\u00e1m bude k&nbsp;ni\u010demu, pokud zapomenete na&nbsp;\u010depici. Prost\u0159ednictv\u00edm hlavy toti\u017e unik\u00e1 nejv\u011bt\u0161\u00ed mno\u017estv\u00ed t\u011blesn\u00e9 teploty. I&nbsp;zde plat\u00ed vrstven\u00ed v&nbsp;z\u00e1vislosti na&nbsp;aktivit\u011b, \u010depice slou\u017e\u00ed jako vrstva izola\u010dn\u00ed, kapuce pln\u00ed roli ochrannou. Do&nbsp;<a href=\"\/cestovni-pojisteni\/kalkulacka\/#kalkulacka\">extr\u00e9mn\u00edch podm\u00ednek<\/a> volte kuklu, kter\u00e1&nbsp;z\u00e1rove\u0148 ochr\u00e1n\u00ed i&nbsp;krk.<br \/>\nNezapome\u0148te ani na&nbsp;kon\u010detiny, na&nbsp;ruce pat\u0159\u00ed nepromokav\u00e9 rukavice s&nbsp;tepelnou pod\u0161\u00edvkou. Pohodl\u00ed v\u00e1m zajist\u00ed pono\u017eky vyroben\u00e9 z&nbsp;Merino vlny a&nbsp;hlavn\u011b kvalitn\u00ed boty.<\/p>\n","protected":false},"excerpt":{"rendered":"<p>Vybrat spr\u00e1vn\u00e9 oble\u010den\u00ed do zimy, ve kter\u00e9m nebude zima, ale ani horko, nen\u00ed tak jednoduch\u00e9, jak by se na prvn\u00ed pohled mohlo zd\u00e1t. D\u016fle\u017eit\u00e9 je vrstven\u00ed.<\/p>\n","protected":false},"author":5,"featured_media":4401,"comment_status":"closed","ping_status":"closed","sticky":false,"template":"","format":"standard","meta":{"_acf_changed":false,"footnotes":""},"categories":[8],"tags":[388,539,479,413,482],"class_list":["post-4400","post","type-post","status-publish","format-standard","has-post-thumbnail","hentry","category-cestovni-pojisteni","tag-bezpecnost","tag-cestovani","tag-snih","tag-turistika","tag-zima"],"acf":{"znacka":"","model":"","objem":"","vyrobeno":"","vykon":"","velikost_1":"","velikost_2":"","velikost_3":"","velikost_4":"","roky":"","roky_velikost_1":"","roky_velikost_2":"","roky_velikost_3":"","roky_velikost_4":"","pocet_kalkulaci":0,"page_post_meta_bread":"Jak se obl\u00e9knout do zimy","page_post_meta_bread_child":"","page_post_meta_script_head":"","page_post_meta_leaving_screen":"cat"},"yoast_head":"<!-- This site is optimized with the Yoast SEO plugin v25.5 - https:\/\/yoast.com\/wordpress\/plugins\/seo\/ -->\n<title>Jak se obl\u00e9knout do zimy - Srovn\u00e1tor.cz<\/title>\n<meta name=\"description\" content=\"Vybrat spr\u00e1vn\u00e9 oble\u010den\u00ed do zimy, ve kter\u00e9m nebude zima, ale ani horko, nen\u00ed tak jednoduch\u00e9, jak by se na prvn\u00ed pohled mohlo zd\u00e1t. D\u016fle\u017eit\u00e9 je vrstven\u00ed.\" \/>\n<meta name=\"robots\" content=\"index, follow, max-snippet:-1, max-image-preview:large, max-video-preview:-1\" \/>\n<link rel=\"canonical\" href=\"https:\/\/www.srovnator.cz\/clanky\/jak-se-obleknout-do-zimy\/\" \/>\n<meta property=\"og:locale\" content=\"cs_CZ\" \/>\n<meta property=\"og:type\" content=\"article\" \/>\n<meta property=\"og:title\" content=\"Jak se obl\u00e9knout do zimy - Srovn\u00e1tor.cz\" \/>\n<meta property=\"og:description\" content=\"Vybrat spr\u00e1vn\u00e9 oble\u010den\u00ed do zimy, ve kter\u00e9m nebude zima, ale ani horko, nen\u00ed tak jednoduch\u00e9, jak by se na prvn\u00ed pohled mohlo zd\u00e1t. D\u016fle\u017eit\u00e9 je vrstven\u00ed.\" \/>\n<meta property=\"og:url\" content=\"https:\/\/www.srovnator.cz\/clanky\/jak-se-obleknout-do-zimy\/\" \/>\n<meta property=\"og:site_name\" content=\"Srovn\u00e1tor.cz\" \/>\n<meta property=\"article:publisher\" content=\"https:\/\/www.facebook.com\/srovnator\/\" \/>\n<meta property=\"article:published_time\" content=\"2018-12-03T06:04:28+00:00\" \/>\n<meta property=\"article:modified_time\" content=\"2024-06-24T05:45:51+00:00\" \/>\n<meta property=\"og:image\" content=\"https:\/\/storage.googleapis.com\/wp-resources\/srovnator.cz\/ng\/2022\/06\/ffde4a5b-obleceni-na-zimu.png\" \/>\n\t<meta property=\"og:image:width\" content=\"1880\" \/>\n\t<meta property=\"og:image:height\" content=\"1253\" \/>\n\t<meta property=\"og:image:type\" content=\"image\/png\" \/>\n<meta name=\"author\" content=\"Martin Dane\u0161\" \/>\n<meta name=\"twitter:card\" content=\"summary_large_image\" \/>\n<meta name=\"twitter:creator\" content=\"@Srovnator_czech\" \/>\n<meta name=\"twitter:site\" content=\"@Srovnator_czech\" \/>\n<meta name=\"twitter:label1\" content=\"Written by\" \/>\n\t<meta name=\"twitter:data1\" content=\"Martin Dane\u0161\" \/>\n\t<meta name=\"twitter:label2\" content=\"Est. reading time\" \/>\n\t<meta name=\"twitter:data2\" content=\"4 minutes\" \/>\n<script type=\"application\/ld+json\" class=\"yoast-schema-graph\">{\"@context\":\"https:\/\/schema.org\",\"@graph\":[{\"@type\":\"WebPage\",\"@id\":\"https:\/\/www.srovnator.cz\/clanky\/jak-se-obleknout-do-zimy\/\",\"url\":\"https:\/\/www.srovnator.cz\/clanky\/jak-se-obleknout-do-zimy\/\",\"name\":\"Jak se obl\u00e9knout do zimy - Srovn\u00e1tor.cz\",\"isPartOf\":{\"@id\":\"https:\/\/www.srovnator.cz\/#website\"},\"primaryImageOfPage\":{\"@id\":\"https:\/\/www.srovnator.cz\/clanky\/jak-se-obleknout-do-zimy\/#primaryimage\"},\"image\":{\"@id\":\"https:\/\/www.srovnator.cz\/clanky\/jak-se-obleknout-do-zimy\/#primaryimage\"},\"thumbnailUrl\":\"https:\/\/storage.googleapis.com\/wp-resources\/srovnator.cz\/ng\/2022\/06\/ffde4a5b-obleceni-na-zimu.png\",\"datePublished\":\"2018-12-03T06:04:28+00:00\",\"dateModified\":\"2024-06-24T05:45:51+00:00\",\"author\":{\"@id\":\"https:\/\/www.srovnator.cz\/#\/schema\/person\/46d10e971bff43faa91c35835126aa3b\"},\"description\":\"Vybrat spr\u00e1vn\u00e9 oble\u010den\u00ed do zimy, ve kter\u00e9m nebude zima, ale ani horko, nen\u00ed tak jednoduch\u00e9, jak by se na prvn\u00ed pohled mohlo zd\u00e1t. D\u016fle\u017eit\u00e9 je vrstven\u00ed.\",\"inLanguage\":\"cs-CZ\",\"potentialAction\":[{\"@type\":\"ReadAction\",\"target\":[\"https:\/\/www.srovnator.cz\/clanky\/jak-se-obleknout-do-zimy\/\"]}]},{\"@type\":\"ImageObject\",\"inLanguage\":\"cs-CZ\",\"@id\":\"https:\/\/www.srovnator.cz\/clanky\/jak-se-obleknout-do-zimy\/#primaryimage\",\"url\":\"https:\/\/storage.googleapis.com\/wp-resources\/srovnator.cz\/ng\/2022\/06\/ffde4a5b-obleceni-na-zimu.png\",\"contentUrl\":\"https:\/\/storage.googleapis.com\/wp-resources\/srovnator.cz\/ng\/2022\/06\/ffde4a5b-obleceni-na-zimu.png\",\"width\":1880,\"height\":1253,\"caption\":\"Jak vrstvit oble\u010den\u00ed v zim\u011b\"},{\"@type\":\"WebSite\",\"@id\":\"https:\/\/www.srovnator.cz\/#website\",\"url\":\"https:\/\/www.srovnator.cz\/\",\"name\":\"Srovn\u00e1tor.cz\",\"description\":\"\",\"potentialAction\":[{\"@type\":\"SearchAction\",\"target\":{\"@type\":\"EntryPoint\",\"urlTemplate\":\"https:\/\/www.srovnator.cz\/?s={search_term_string}\"},\"query-input\":{\"@type\":\"PropertyValueSpecification\",\"valueRequired\":true,\"valueName\":\"search_term_string\"}}],\"inLanguage\":\"cs-CZ\"},{\"@type\":\"Person\",\"@id\":\"https:\/\/www.srovnator.cz\/#\/schema\/person\/46d10e971bff43faa91c35835126aa3b\",\"name\":\"Martin Dane\u0161\",\"image\":{\"@type\":\"ImageObject\",\"inLanguage\":\"cs-CZ\",\"@id\":\"https:\/\/www.srovnator.cz\/#\/schema\/person\/image\/\",\"url\":\"https:\/\/secure.gravatar.com\/avatar\/5cac60568def8a68791e2b771a3394888cf55828e445636dfc99f7ccd1e1d1b8?s=96&d=mm&r=g\",\"contentUrl\":\"https:\/\/secure.gravatar.com\/avatar\/5cac60568def8a68791e2b771a3394888cf55828e445636dfc99f7ccd1e1d1b8?s=96&d=mm&r=g\",\"caption\":\"Martin Dane\u0161\"},\"description\":\"Jsem Martin Dane\u0161, obchodn\u00ed \u0159editel Srovn\u00e1tor.cz. Na\u0161\u00edm c\u00edlem je naj\u00edt pro v\u00e1s v\u017edy to nejvhodn\u011bj\u0161\u00ed poji\u0161t\u011bn\u00ed dle va\u0161ich pot\u0159eb. D\u00edky \u0161irok\u00e9mu portfoliu produkt\u016f od v\u0161ech v\u00fdznamn\u00fdch poji\u0161\u0165oven v\u00e1m dok\u00e1\u017eeme poskytnout \u0159e\u0161en\u00ed odpov\u00eddaj\u00edc\u00ed va\u0161im p\u0159edstav\u00e1m. Kdy\u017e budete m\u00edt jak\u00fdkoliv produktov\u00fd dotaz, nev\u00e1hejte se na n\u00e1s obr\u00e1tit na info@srovnator.cz\",\"url\":\"https:\/\/www.srovnator.cz\/autori\/martin-danes\/\"}]}<\/script>\n<!-- \/ Yoast SEO plugin. -->","yoast_head_json":{"title":"Jak se obl\u00e9knout do zimy - Srovn\u00e1tor.cz","description":"Vybrat spr\u00e1vn\u00e9 oble\u010den\u00ed do zimy, ve kter\u00e9m nebude zima, ale ani horko, nen\u00ed tak jednoduch\u00e9, jak by se na prvn\u00ed pohled mohlo zd\u00e1t. D\u016fle\u017eit\u00e9 je vrstven\u00ed.","robots":{"index":"index","follow":"follow","max-snippet":"max-snippet:-1","max-image-preview":"max-image-preview:large","max-video-preview":"max-video-preview:-1"},"canonical":"https:\/\/www.srovnator.cz\/clanky\/jak-se-obleknout-do-zimy\/","og_locale":"cs_CZ","og_type":"article","og_title":"Jak se obl\u00e9knout do zimy - Srovn\u00e1tor.cz","og_description":"Vybrat spr\u00e1vn\u00e9 oble\u010den\u00ed do zimy, ve kter\u00e9m nebude zima, ale ani horko, nen\u00ed tak jednoduch\u00e9, jak by se na prvn\u00ed pohled mohlo zd\u00e1t. D\u016fle\u017eit\u00e9 je vrstven\u00ed.","og_url":"https:\/\/www.srovnator.cz\/clanky\/jak-se-obleknout-do-zimy\/","og_site_name":"Srovn\u00e1tor.cz","article_publisher":"https:\/\/www.facebook.com\/srovnator\/","article_published_time":"2018-12-03T06:04:28+00:00","article_modified_time":"2024-06-24T05:45:51+00:00","og_image":[{"width":1880,"height":1253,"url":"https:\/\/storage.googleapis.com\/wp-resources\/srovnator.cz\/ng\/2022\/06\/ffde4a5b-obleceni-na-zimu.png","type":"image\/png"}],"author":"Martin Dane\u0161","twitter_card":"summary_large_image","twitter_creator":"@Srovnator_czech","twitter_site":"@Srovnator_czech","twitter_misc":{"Written by":"Martin Dane\u0161","Est. reading time":"4 minutes"},"schema":{"@context":"https:\/\/schema.org","@graph":[{"@type":"WebPage","@id":"https:\/\/www.srovnator.cz\/clanky\/jak-se-obleknout-do-zimy\/","url":"https:\/\/www.srovnator.cz\/clanky\/jak-se-obleknout-do-zimy\/","name":"Jak se obl\u00e9knout do zimy - Srovn\u00e1tor.cz","isPartOf":{"@id":"https:\/\/www.srovnator.cz\/#website"},"primaryImageOfPage":{"@id":"https:\/\/www.srovnator.cz\/clanky\/jak-se-obleknout-do-zimy\/#primaryimage"},"image":{"@id":"https:\/\/www.srovnator.cz\/clanky\/jak-se-obleknout-do-zimy\/#primaryimage"},"thumbnailUrl":"https:\/\/storage.googleapis.com\/wp-resources\/srovnator.cz\/ng\/2022\/06\/ffde4a5b-obleceni-na-zimu.png","datePublished":"2018-12-03T06:04:28+00:00","dateModified":"2024-06-24T05:45:51+00:00","author":{"@id":"https:\/\/www.srovnator.cz\/#\/schema\/person\/46d10e971bff43faa91c35835126aa3b"},"description":"Vybrat spr\u00e1vn\u00e9 oble\u010den\u00ed do zimy, ve kter\u00e9m nebude zima, ale ani horko, nen\u00ed tak jednoduch\u00e9, jak by se na prvn\u00ed pohled mohlo zd\u00e1t. D\u016fle\u017eit\u00e9 je vrstven\u00ed.","inLanguage":"cs-CZ","potentialAction":[{"@type":"ReadAction","target":["https:\/\/www.srovnator.cz\/clanky\/jak-se-obleknout-do-zimy\/"]}]},{"@type":"ImageObject","inLanguage":"cs-CZ","@id":"https:\/\/www.srovnator.cz\/clanky\/jak-se-obleknout-do-zimy\/#primaryimage","url":"https:\/\/storage.googleapis.com\/wp-resources\/srovnator.cz\/ng\/2022\/06\/ffde4a5b-obleceni-na-zimu.png","contentUrl":"https:\/\/storage.googleapis.com\/wp-resources\/srovnator.cz\/ng\/2022\/06\/ffde4a5b-obleceni-na-zimu.png","width":1880,"height":1253,"caption":"Jak vrstvit oble\u010den\u00ed v zim\u011b"},{"@type":"WebSite","@id":"https:\/\/www.srovnator.cz\/#website","url":"https:\/\/www.srovnator.cz\/","name":"Srovn\u00e1tor.cz","description":"","potentialAction":[{"@type":"SearchAction","target":{"@type":"EntryPoint","urlTemplate":"https:\/\/www.srovnator.cz\/?s={search_term_string}"},"query-input":{"@type":"PropertyValueSpecification","valueRequired":true,"valueName":"search_term_string"}}],"inLanguage":"cs-CZ"},{"@type":"Person","@id":"https:\/\/www.srovnator.cz\/#\/schema\/person\/46d10e971bff43faa91c35835126aa3b","name":"Martin Dane\u0161","image":{"@type":"ImageObject","inLanguage":"cs-CZ","@id":"https:\/\/www.srovnator.cz\/#\/schema\/person\/image\/","url":"https:\/\/secure.gravatar.com\/avatar\/5cac60568def8a68791e2b771a3394888cf55828e445636dfc99f7ccd1e1d1b8?s=96&d=mm&r=g","contentUrl":"https:\/\/secure.gravatar.com\/avatar\/5cac60568def8a68791e2b771a3394888cf55828e445636dfc99f7ccd1e1d1b8?s=96&d=mm&r=g","caption":"Martin Dane\u0161"},"description":"Jsem Martin Dane\u0161, obchodn\u00ed \u0159editel Srovn\u00e1tor.cz. Na\u0161\u00edm c\u00edlem je naj\u00edt pro v\u00e1s v\u017edy to nejvhodn\u011bj\u0161\u00ed poji\u0161t\u011bn\u00ed dle va\u0161ich pot\u0159eb. D\u00edky \u0161irok\u00e9mu portfoliu produkt\u016f od v\u0161ech v\u00fdznamn\u00fdch poji\u0161\u0165oven v\u00e1m dok\u00e1\u017eeme poskytnout \u0159e\u0161en\u00ed odpov\u00eddaj\u00edc\u00ed va\u0161im p\u0159edstav\u00e1m. Kdy\u017e budete m\u00edt jak\u00fdkoliv produktov\u00fd dotaz, nev\u00e1hejte se na n\u00e1s obr\u00e1tit na info@srovnator.cz","url":"https:\/\/www.srovnator.cz\/autori\/martin-danes\/"}]}},"amp_enabled":true,"_links":{"self":[{"href":"https:\/\/www.srovnator.cz\/rest_api\/wp\/v2\/posts\/4400","targetHints":{"allow":["GET"]}}],"collection":[{"href":"https:\/\/www.srovnator.cz\/rest_api\/wp\/v2\/posts"}],"about":[{"href":"https:\/\/www.srovnator.cz\/rest_api\/wp\/v2\/types\/post"}],"author":[{"embeddable":true,"href":"https:\/\/www.srovnator.cz\/rest_api\/wp\/v2\/users\/5"}],"replies":[{"embeddable":true,"href":"https:\/\/www.srovnator.cz\/rest_api\/wp\/v2\/comments?post=4400"}],"version-history":[{"count":1,"href":"https:\/\/www.srovnator.cz\/rest_api\/wp\/v2\/posts\/4400\/revisions"}],"predecessor-version":[{"id":9609,"href":"https:\/\/www.srovnator.cz\/rest_api\/wp\/v2\/posts\/4400\/revisions\/9609"}],"wp:featuredmedia":[{"embeddable":true,"href":"https:\/\/www.srovnator.cz\/rest_api\/wp\/v2\/media\/4401"}],"wp:attachment":[{"href":"https:\/\/www.srovnator.cz\/rest_api\/wp\/v2\/media?parent=4400"}],"wp:term":[{"taxonomy":"category","embeddable":true,"href":"https:\/\/www.srovnator.cz\/rest_api\/wp\/v2\/categories?post=4400"},{"taxonomy":"post_tag","embeddable":true,"href":"https:\/\/www.srovnator.cz\/rest_api\/wp\/v2\/tags?post=4400"}],"curies":[{"name":"wp","href":"https:\/\/api.w.org\/{rel}","templated":true}]}}