{"id":4412,"date":"2018-12-17T11:16:27","date_gmt":"2018-12-17T10:16:27","guid":{"rendered":"https:\/\/www.srovnator.cz\/clanky\/ostatni\/kde-v-zahranici-oslavit-konec-roku\/"},"modified":"2024-06-24T07:45:51","modified_gmt":"2024-06-24T05:45:51","slug":"kde-v-zahranici-oslavit-konec-roku","status":"publish","type":"post","link":"https:\/\/www.srovnator.cz\/clanky\/kde-v-zahranici-oslavit-konec-roku\/","title":{"rendered":"Tipy, kde str\u00e1vit konec roku"},"content":{"rendered":"<p><strong>Je\u0161t\u011b p\u0159ed p\u00e1r lety byly sv\u00e1tky str\u00e1ven\u00e9 v zahrani\u010d\u00ed pro v\u011bt\u0161inu lid\u00ed nemysliteln\u00e9, dnes u\u017e jsou cesty za exotikou nebo do sv\u011btov\u00fdch metropol\u00ed ke konci roku celkem b\u011b\u017enou z\u00e1le\u017eitost\u00ed. Zvy\u0161uj\u00edc\u00ed se \u017eivotn\u00ed \u00farove\u0148 a chu\u0165 oslavit p\u0159\u00edchod nov\u00e9ho roku jinak ne\u017e s p\u0159\u00e1teli v restauraci &#8211; nejen to stoj\u00ed za rostouc\u00edm z\u00e1jmem \u010cech\u016f o netradi\u010dn\u00ed destinace na p\u0159elomu roku. Sta\u010d\u00ed si jen vybrat, mo\u017enost\u00ed je mnoho.<\/strong><\/p>\n<img decoding=\"async\" width=\"770\" height=\"462\" src=\"https:\/\/storage.googleapis.com\/wp-resources\/srovnator.cz\/ng\/2022\/06\/83004453-silvestr-770x462.png\" class=\" wp-post-image wp-stateless-item\" alt=\"Tipy, kde str\u00e1vit konec roku\" title=\"Tipy, kde str\u00e1vit konec roku\" srcset=\"https:\/\/storage.googleapis.com\/wp-resources\/srovnator.cz\/ng\/2022\/06\/83004453-silvestr-770x462.png 770w, https:\/\/storage.googleapis.com\/wp-resources\/srovnator.cz\/ng\/2022\/06\/83004453-silvestr-1700x1021.png 1700w, https:\/\/storage.googleapis.com\/wp-resources\/srovnator.cz\/ng\/2022\/06\/83004453-silvestr.png 1880w\" sizes=\"(max-width: 770px) 100vw, 770px\" data-image-size=\"medium\" data-stateless-media-bucket=\"wp-resources\" data-stateless-media-name=\"srovnator.cz\/ng\/2022\/06\/83004453-silvestr.png\" \/>\n<h2>Na silvestra za teplem<\/h2>\n<p>M\u00edsto sn\u011bhu b\u00edl\u00fd p\u00edsek a m\u00edsto v\u00e1no\u010dn\u00edho strome\u010dku palmy. Podle odhad\u016f vyjede na dovolenou za teplem p\u0159es sv\u00e1tky zhruba 300 tis\u00edc \u010cech\u016f. Kter\u00e9 destinace se mezi nimi t\u011b\u0161\u00ed nejv\u011bt\u0161\u00ed oblib\u011b?<\/p>\n<ul>\n<li><strong>Spojen\u00e9 arabsk\u00e9 emir\u00e1ty, Om\u00e1n, Egypt<\/strong> &#8211; zem\u011b s p\u0159\u00edjemn\u00fdm po\u010das\u00edm a relativn\u011b kr\u00e1tkou doletovou vzd\u00e1lenost\u00ed. Vedle koup\u00e1n\u00ed v tepl\u00e9m mo\u0159i nab\u00edzej\u00ed tyto zem\u011b i historick\u00e9 pam\u00e1tky nebo architektonick\u00e9 skvosty. Samoz\u0159ejmost\u00ed jsou slu\u017eby na vysok\u00e9 \u00farovni a kr\u00e1sn\u00e9 pl\u00e1\u017ee.<\/li>\n<li><strong>Ke\u0148a, Zanzibar<\/strong> &#8211; prosinec je v t\u011bchto africk\u00fdch zem\u00edch velice hork\u00fd, denn\u00ed teploty zde v tuto dobu \u0161plhaj\u00ed a\u017e k dvaat\u0159iceti stup\u0148\u016fm ve st\u00ednu. V\u00fdhodou je, \u017ee pokud v\u00e1s v\u00e1len\u00ed se na kr\u00e1sn\u00fdch pl\u00e1\u017e\u00edch s b\u00edl\u00fdm p\u00edskem omrz\u00ed, m\u016f\u017eete se vydat na safari &#8211; Ke\u0148a je safarim proslul\u00e1, v p\u0159\u00edpad\u011b Zanzibaru podniknete cestu do Serengeti v Tanzanii, nejslavn\u011bj\u0161\u00edho a nejrozs\u00e1hlej\u0161\u00edho chr\u00e1n\u011bn\u00e9ho \u00fazem\u00ed Afriky.<\/li>\n<li><strong>Kuba, Dominik\u00e1nsk\u00e1 republika<\/strong> &#8211; Dominik\u00e1na se py\u0161n\u00ed kr\u00e1sn\u00fdmi pl\u00e1\u017eemi, Kuba m\u00e1 zase Varadero, jeden z nejv\u011bt\u0161\u00edch resort\u016f v cel\u00e9m Karibiku. V t\u011bchto zem\u00edch potk\u00e1te jen naprosto klidn\u00e9 a pohodov\u00e9 obyvatelstvo, pro kter\u00e9 je \u010das jen pr\u00e1zdn\u00fd pojem, na druhou stranu je to mo\u017en\u00e1 pr\u00e1v\u011b to, co od dovolen\u00e9 \u010dek\u00e1te &#8211; vypnout a zapomenout na \u010das.<\/li>\n<\/ul>\n<p><img decoding=\"async\" src=\"https:\/\/storage.googleapis.com\/wp-resources\/srovnator.cz\/2021\/10\/afrika-770x513.png\" alt=\"Silvestr na safari\" width=\"100%\" \/><\/p>\n<h2>Oslavy v evropsk\u00fdch m\u011bstech<\/h2>\n<p>Nejste-li fanou\u0161ky exotick\u00fdch dovolen\u00fdch a preferujete rad\u011bji zimu, pak se zaje\u010fte pod\u00edvat, jak slav\u00ed konec roku obyvatel\u00e9 <a href=\"\/cestovni-pojisteni\/kalkulacka\/#kalkulacka\">evropsk\u00fdch m\u011bst<\/a>. V\u00fdhodou je kr\u00e1tk\u00e1 vzd\u00e1lenost a i nyn\u00ed se d\u00e1 sehnat dobr\u00e9 ubytov\u00e1n\u00ed.<\/p>\n<ul>\n<li><strong>Berl\u00edn, N\u011bmecko<\/strong> &#8211; dva kilometry dlouh\u00e1 promen\u00e1da kon\u010d\u00edc\u00ed p\u0159ed Braniborskou br\u00e1nou p\u0159il\u00e1k\u00e1 ka\u017ed\u00fd rok do n\u011bmeck\u00e9 metropole n\u011bkolik stovek tis\u00edc n\u00e1v\u0161t\u011bvn\u00edk\u016f. Sou\u010d\u00e1st\u00ed oslav jsou sv\u011bteln\u00e9 a laserov\u00e9 show a koncerty, naj\u00edst se m\u016f\u017eete v mnoha st\u00e1nc\u00edch s ob\u010derstven\u00edm.<br \/>\n<strong><\/strong><\/li>\n<li><strong>Porto, Portugalsko<\/strong> &#8211; m\u011bsto le\u017e\u00edc\u00ed na severu zem\u011b je zn\u00e1m\u00e9 p\u0159edev\u0161\u00edm pro svoji romantickou atmosf\u00e9ru, silvestrovsk\u00e1 noc ale nab\u00edz\u00ed v\u0161e, co od bujar\u00fdch oslav o\u010dek\u00e1v\u00e1te &#8211; j\u00eddlo, pit\u00ed, hudbu a oh\u0148ostroj.<br \/>\n<strong><\/strong><\/li>\n<li><strong>Edinburgh, Skotsko<\/strong> &#8211; skotsk\u00e9 m\u011bsto je kr\u00e1sn\u00e9 hlavn\u011b kolem V\u00e1noc d\u00edky sv\u00e9 v\u00fdzdob\u011b, mnohem zaj\u00edmav\u011bj\u0161\u00ed je ale oslava \u201cHogmanay\u201d, jak se zde naz\u00fdv\u00e1 posledn\u00ed den v roce. A\u017e t\u0159i dny trvaj\u00edc\u00ed oslavy v ulic\u00edch se neobejdou bez tradi\u010dn\u00ed whisky a velkolep\u00fdch oh\u0148ostroj\u016f.<br \/>\n<strong><\/strong><\/li>\n<li><strong>Reykjav\u00edk, Island<\/strong> &#8211; pokud v\u00e1s nel\u00e1k\u00e1 ohromn\u00e1 sl\u00e1va s dal\u0161\u00edm milionem lid\u00ed, vycestuje na Island. Ofici\u00e1ln\u00ed oslavy m\u011bsto nepo\u0159\u00e1d\u00e1, tud\u00ed\u017e naraz\u00edte jen na skromn\u011bj\u0161\u00ed akce a noc m\u016f\u017eete str\u00e1vit t\u0159eba v dom\u00e1ck\u00e9 islandsk\u00e9 hosp\u016fdce.<\/li>\n<\/ul>\n<p><img decoding=\"async\" src=\"https:\/\/storage.googleapis.com\/wp-resources\/srovnator.cz\/2021\/10\/island-770x514.png\" alt=\"Netradi\u010dn\u00ed silvestr na Islandu\" width=\"100%\"   \/><\/p>\n<h2>N\u011bco pro dobrodruhy<\/h2>\n<p>Pokud v\u00e1s nel\u00e1kaj\u00ed oslavy v p\u0159epln\u011bn\u00fdch m\u011bstech nebo p\u0159edra\u017een\u00fdch hotelech a horsk\u00fdch st\u0159edisc\u00edch, vyzkou\u0161ejte n\u011bco opravdu netradi\u010dn\u00edho s n\u00e1dechem <a href=\"\/cestovni-pojisteni\/kalkulacka\/#kalkulacka\">adrenalinu<\/a>.<\/p>\n<ul>\n<li><strong>sj\u00ed\u017ed\u011bn\u00ed \u0159eky Zambezi<\/strong> &#8211; p\u0159i zdol\u00e1v\u00e1n\u00ed jedn\u00e9 z nejdivo\u010dej\u0161\u00edch \u0159ek budete moci z bezpe\u010d\u00ed raftu pozorovat krokod\u00fdly, hrochy, mohutn\u00e9 baobaby a budete-li m\u00edt \u0161t\u011bst\u00ed, pak i slony. Je-li v\u00e1m to m\u00e1lo, vydejte se i na prohl\u00eddku Viktoriin\u00fdch vodop\u00e1d\u016f.<\/li>\n<li><strong>po Filip\u00edn\u00e1ch na kole<\/strong> &#8211; trochu netypick\u00e1 cyklistika tropick\u00fdmi Filip\u00ednami. Na sv\u00fdch cest\u00e1ch m\u016f\u017eete ochutnat m\u00edstn\u00ed kuchyni, hlavn\u011b ryby, krevety, chobotnice a spoustu \u010derstv\u00e9 zeleniny a ovoce. P\u0159i <a href=\"\/cestovni-pojisteni\/kalkulacka\/#kalkulacka\">\u0161norchlov\u00e1n\u00ed<\/a> v mo\u0159i mo\u017en\u00e1 potk\u00e1te i delf\u00edny, obdivovat budete kor\u00e1lov\u00e9 \u00fatesy.<\/li>\n<li><strong>dovolen\u00e1 v JAR<\/strong> &#8211; opom\u00edjen\u00e9 m\u00edsto pro dovolen\u00e9, by\u0165 cesta letadlem sem trv\u00e1 stejn\u011b jako do Thajska. Turisty odrazuje pravd\u011bpodobn\u011b vysok\u00e1 kriminalita, ta se v\u0161ak soust\u0159ed\u00ed jen v ur\u010dit\u00fdch oblastech, kter\u00fdm je mo\u017en\u00e9 se vyhnout. Pro odpo\u010dinek a koup\u00e1n\u00ed je vhodn\u011bj\u0161\u00ed sp\u00ed\u0161e jihov\u00fdchod, s centrem okolo m\u011bsta Durban. V prosinci a lednu zde teplota mo\u0159e dosahuje a\u017e 26 stup\u0148\u016f.<\/li>\n<\/ul>\n<p><img decoding=\"async\" src=\"https:\/\/storage.googleapis.com\/wp-resources\/srovnator.cz\/2021\/10\/filipiny-770x513.png\" alt=\"Silvestr na Filip\u00edn\u00e1ch\" width=\"100%\"   \/><\/p>\n<p>Pat\u0159\u00edte-li mezi sout\u011b\u017eiv\u00e9 typy lid\u00ed, pak by v\u00e1s p\u0159i v\u00fdb\u011bru destinace mohlo zaj\u00edmat, kdo na sv\u011bt\u011b slav\u00ed p\u0159\u00edchod nov\u00e9ho roku mezi prvn\u00edmi. Jako \u00fapln\u011b prvn\u00ed v\u00edtaj\u00ed nov\u00fd rok obyvatel\u00e9 atolu <strong>Kiritimati<\/strong>, je\u017e je sou\u010d\u00e1st\u00ed republiky <strong>Kiribati<\/strong> v Tich\u00e9m oce\u00e1nu. U n\u00e1s je v tu dobu teprve 11 hodin dopoledne. O hodinu pozd\u011bji se p\u0159id\u00e1vaj\u00ed <strong>Novoz\u00e9lan\u010fan\u00e9<\/strong>, v jednu hodinu po poledni na\u0161eho \u010dasu propuk\u00e1 vesel\u00ed v <strong>Sydney<\/strong>.<br \/>\nZ asijsk\u00fdch zem\u00ed se jako prvn\u00ed raduj\u00ed <strong>Japonci<\/strong>, v Evrop\u011b pak Turci \u017eij\u00edc\u00ed v evropsk\u00e9 \u010d\u00e1sti <strong>Turecka<\/strong>. O dv\u011b hodiny pozd\u011bji se za\u010d\u00ednaj\u00ed radovat \u010ce\u0161i, o dal\u0161\u00ed hodinu pozd\u011bji slav\u00ed u\u017e i <strong>Lond\u00fd\u0148an\u00e9<\/strong>. A naopak, kdy\u017e jdeme my v \u0161est hodin r\u00e1no sp\u00e1t po bujar\u00fdch oslav\u00e1ch, lid\u00e9 na Times Square v <strong>New Yorku<\/strong> teprve odpo\u010d\u00edt\u00e1vaj\u00ed posledn\u00ed vte\u0159iny roku star\u00e9ho. \u00daderem p\u016flnoci na <strong>Havaji<\/strong> se kruh uzav\u00edr\u00e1 a cel\u00fd sv\u011bt datuje nov\u00fd rok.<\/p>\n","protected":false},"excerpt":{"rendered":"<p>St\u00e1le v\u00edce \u010cech\u016f tr\u00e1v\u00ed v\u00e1no\u010dn\u00ed sv\u00e1tky a silvestra v teple u mo\u0159e nebo na ly\u017e\u00edch v Alp\u00e1ch. P\u0159ek\u00e1\u017ekou nejsou ani dra\u017e\u0161\u00ed ceny z\u00e1jezd\u016f.<\/p>\n","protected":false},"author":5,"featured_media":4413,"comment_status":"closed","ping_status":"closed","sticky":false,"template":"","format":"standard","meta":{"_acf_changed":false,"footnotes":""},"categories":[8],"tags":[539,381,816,598,599,855,523,448],"class_list":["post-4412","post","type-post","status-publish","format-standard","has-post-thumbnail","hentry","category-cestovni-pojisteni","tag-cestovani","tag-dovolena","tag-evropa","tag-novy-rok","tag-silvestr","tag-svet","tag-vanoce","tag-zahranici"],"acf":{"znacka":"","model":"","objem":"","vyrobeno":"","vykon":"","velikost_1":"","velikost_2":"","velikost_3":"","velikost_4":"","roky":"","roky_velikost_1":"","roky_velikost_2":"","roky_velikost_3":"","roky_velikost_4":"","pocet_kalkulaci":0,"page_post_meta_bread":"Kde v zahrani\u010d\u00ed oslavit konec roku","page_post_meta_bread_child":"","page_post_meta_script_head":"","page_post_meta_leaving_screen":"cat"},"yoast_head":"<!-- This site is optimized with the Yoast SEO plugin v25.5 - https:\/\/yoast.com\/wordpress\/plugins\/seo\/ -->\n<title>Kde v zahrani\u010d\u00ed oslavit konec roku - Srovn\u00e1tor.cz<\/title>\n<meta name=\"description\" content=\"St\u00e1le v\u00edce \u010cech\u016f tr\u00e1v\u00ed v\u00e1no\u010dn\u00ed sv\u00e1tky a silvestra v teple u mo\u0159e nebo na ly\u017e\u00edch v Alp\u00e1ch. P\u0159ek\u00e1\u017ekou nejsou ani dra\u017e\u0161\u00ed ceny z\u00e1jezd\u016f.\" \/>\n<meta name=\"robots\" content=\"index, follow, max-snippet:-1, max-image-preview:large, max-video-preview:-1\" \/>\n<link rel=\"canonical\" href=\"https:\/\/www.srovnator.cz\/clanky\/kde-v-zahranici-oslavit-konec-roku\/\" \/>\n<meta property=\"og:locale\" content=\"cs_CZ\" \/>\n<meta property=\"og:type\" content=\"article\" \/>\n<meta property=\"og:title\" content=\"Kde v zahrani\u010d\u00ed oslavit konec roku - Srovn\u00e1tor.cz\" \/>\n<meta property=\"og:description\" content=\"St\u00e1le v\u00edce \u010cech\u016f tr\u00e1v\u00ed v\u00e1no\u010dn\u00ed sv\u00e1tky a silvestra v teple u mo\u0159e nebo na ly\u017e\u00edch v Alp\u00e1ch. P\u0159ek\u00e1\u017ekou nejsou ani dra\u017e\u0161\u00ed ceny z\u00e1jezd\u016f.\" \/>\n<meta property=\"og:url\" content=\"https:\/\/www.srovnator.cz\/clanky\/kde-v-zahranici-oslavit-konec-roku\/\" \/>\n<meta property=\"og:site_name\" content=\"Srovn\u00e1tor.cz\" \/>\n<meta property=\"article:publisher\" content=\"https:\/\/www.facebook.com\/srovnator\/\" \/>\n<meta property=\"article:published_time\" content=\"2018-12-17T10:16:27+00:00\" \/>\n<meta property=\"article:modified_time\" content=\"2024-06-24T05:45:51+00:00\" \/>\n<meta property=\"og:image\" content=\"https:\/\/storage.googleapis.com\/wp-resources\/srovnator.cz\/ng\/2022\/06\/83004453-silvestr-1700x1021.png\" \/>\n\t<meta property=\"og:image:width\" content=\"1700\" \/>\n\t<meta property=\"og:image:height\" content=\"1021\" \/>\n\t<meta property=\"og:image:type\" content=\"image\/png\" \/>\n<meta name=\"author\" content=\"Martin Dane\u0161\" \/>\n<meta name=\"twitter:card\" content=\"summary_large_image\" \/>\n<meta name=\"twitter:creator\" content=\"@Srovnator_czech\" \/>\n<meta name=\"twitter:site\" content=\"@Srovnator_czech\" \/>\n<meta name=\"twitter:label1\" content=\"Written by\" \/>\n\t<meta name=\"twitter:data1\" content=\"Martin Dane\u0161\" \/>\n\t<meta name=\"twitter:label2\" content=\"Est. reading time\" \/>\n\t<meta name=\"twitter:data2\" content=\"5 minutes\" \/>\n<script type=\"application\/ld+json\" class=\"yoast-schema-graph\">{\"@context\":\"https:\/\/schema.org\",\"@graph\":[{\"@type\":\"WebPage\",\"@id\":\"https:\/\/www.srovnator.cz\/clanky\/kde-v-zahranici-oslavit-konec-roku\/\",\"url\":\"https:\/\/www.srovnator.cz\/clanky\/kde-v-zahranici-oslavit-konec-roku\/\",\"name\":\"Kde v zahrani\u010d\u00ed oslavit konec roku - Srovn\u00e1tor.cz\",\"isPartOf\":{\"@id\":\"https:\/\/www.srovnator.cz\/#website\"},\"primaryImageOfPage\":{\"@id\":\"https:\/\/www.srovnator.cz\/clanky\/kde-v-zahranici-oslavit-konec-roku\/#primaryimage\"},\"image\":{\"@id\":\"https:\/\/www.srovnator.cz\/clanky\/kde-v-zahranici-oslavit-konec-roku\/#primaryimage\"},\"thumbnailUrl\":\"https:\/\/storage.googleapis.com\/wp-resources\/srovnator.cz\/ng\/2022\/06\/83004453-silvestr.png\",\"datePublished\":\"2018-12-17T10:16:27+00:00\",\"dateModified\":\"2024-06-24T05:45:51+00:00\",\"author\":{\"@id\":\"https:\/\/www.srovnator.cz\/#\/schema\/person\/46d10e971bff43faa91c35835126aa3b\"},\"description\":\"St\u00e1le v\u00edce \u010cech\u016f tr\u00e1v\u00ed v\u00e1no\u010dn\u00ed sv\u00e1tky a silvestra v teple u mo\u0159e nebo na ly\u017e\u00edch v Alp\u00e1ch. P\u0159ek\u00e1\u017ekou nejsou ani dra\u017e\u0161\u00ed ceny z\u00e1jezd\u016f.\",\"inLanguage\":\"cs-CZ\",\"potentialAction\":[{\"@type\":\"ReadAction\",\"target\":[\"https:\/\/www.srovnator.cz\/clanky\/kde-v-zahranici-oslavit-konec-roku\/\"]}]},{\"@type\":\"ImageObject\",\"inLanguage\":\"cs-CZ\",\"@id\":\"https:\/\/www.srovnator.cz\/clanky\/kde-v-zahranici-oslavit-konec-roku\/#primaryimage\",\"url\":\"https:\/\/storage.googleapis.com\/wp-resources\/srovnator.cz\/ng\/2022\/06\/83004453-silvestr.png\",\"contentUrl\":\"https:\/\/storage.googleapis.com\/wp-resources\/srovnator.cz\/ng\/2022\/06\/83004453-silvestr.png\",\"width\":1880,\"height\":1129,\"caption\":\"Kde oslavit silvestra\"},{\"@type\":\"WebSite\",\"@id\":\"https:\/\/www.srovnator.cz\/#website\",\"url\":\"https:\/\/www.srovnator.cz\/\",\"name\":\"Srovn\u00e1tor.cz\",\"description\":\"\",\"potentialAction\":[{\"@type\":\"SearchAction\",\"target\":{\"@type\":\"EntryPoint\",\"urlTemplate\":\"https:\/\/www.srovnator.cz\/?s={search_term_string}\"},\"query-input\":{\"@type\":\"PropertyValueSpecification\",\"valueRequired\":true,\"valueName\":\"search_term_string\"}}],\"inLanguage\":\"cs-CZ\"},{\"@type\":\"Person\",\"@id\":\"https:\/\/www.srovnator.cz\/#\/schema\/person\/46d10e971bff43faa91c35835126aa3b\",\"name\":\"Martin Dane\u0161\",\"image\":{\"@type\":\"ImageObject\",\"inLanguage\":\"cs-CZ\",\"@id\":\"https:\/\/www.srovnator.cz\/#\/schema\/person\/image\/\",\"url\":\"https:\/\/secure.gravatar.com\/avatar\/5cac60568def8a68791e2b771a3394888cf55828e445636dfc99f7ccd1e1d1b8?s=96&d=mm&r=g\",\"contentUrl\":\"https:\/\/secure.gravatar.com\/avatar\/5cac60568def8a68791e2b771a3394888cf55828e445636dfc99f7ccd1e1d1b8?s=96&d=mm&r=g\",\"caption\":\"Martin Dane\u0161\"},\"description\":\"Jsem Martin Dane\u0161, obchodn\u00ed \u0159editel Srovn\u00e1tor.cz. Na\u0161\u00edm c\u00edlem je naj\u00edt pro v\u00e1s v\u017edy to nejvhodn\u011bj\u0161\u00ed poji\u0161t\u011bn\u00ed dle va\u0161ich pot\u0159eb. D\u00edky \u0161irok\u00e9mu portfoliu produkt\u016f od v\u0161ech v\u00fdznamn\u00fdch poji\u0161\u0165oven v\u00e1m dok\u00e1\u017eeme poskytnout \u0159e\u0161en\u00ed odpov\u00eddaj\u00edc\u00ed va\u0161im p\u0159edstav\u00e1m. Kdy\u017e budete m\u00edt jak\u00fdkoliv produktov\u00fd dotaz, nev\u00e1hejte se na n\u00e1s obr\u00e1tit na info@srovnator.cz\",\"url\":\"https:\/\/www.srovnator.cz\/autori\/martin-danes\/\"}]}<\/script>\n<!-- \/ Yoast SEO plugin. -->","yoast_head_json":{"title":"Kde v zahrani\u010d\u00ed oslavit konec roku - Srovn\u00e1tor.cz","description":"St\u00e1le v\u00edce \u010cech\u016f tr\u00e1v\u00ed v\u00e1no\u010dn\u00ed sv\u00e1tky a silvestra v teple u mo\u0159e nebo na ly\u017e\u00edch v Alp\u00e1ch. P\u0159ek\u00e1\u017ekou nejsou ani dra\u017e\u0161\u00ed ceny z\u00e1jezd\u016f.","robots":{"index":"index","follow":"follow","max-snippet":"max-snippet:-1","max-image-preview":"max-image-preview:large","max-video-preview":"max-video-preview:-1"},"canonical":"https:\/\/www.srovnator.cz\/clanky\/kde-v-zahranici-oslavit-konec-roku\/","og_locale":"cs_CZ","og_type":"article","og_title":"Kde v zahrani\u010d\u00ed oslavit konec roku - Srovn\u00e1tor.cz","og_description":"St\u00e1le v\u00edce \u010cech\u016f tr\u00e1v\u00ed v\u00e1no\u010dn\u00ed sv\u00e1tky a silvestra v teple u mo\u0159e nebo na ly\u017e\u00edch v Alp\u00e1ch. P\u0159ek\u00e1\u017ekou nejsou ani dra\u017e\u0161\u00ed ceny z\u00e1jezd\u016f.","og_url":"https:\/\/www.srovnator.cz\/clanky\/kde-v-zahranici-oslavit-konec-roku\/","og_site_name":"Srovn\u00e1tor.cz","article_publisher":"https:\/\/www.facebook.com\/srovnator\/","article_published_time":"2018-12-17T10:16:27+00:00","article_modified_time":"2024-06-24T05:45:51+00:00","og_image":[{"width":1700,"height":1021,"url":"https:\/\/storage.googleapis.com\/wp-resources\/srovnator.cz\/ng\/2022\/06\/83004453-silvestr-1700x1021.png","type":"image\/png"}],"author":"Martin Dane\u0161","twitter_card":"summary_large_image","twitter_creator":"@Srovnator_czech","twitter_site":"@Srovnator_czech","twitter_misc":{"Written by":"Martin Dane\u0161","Est. reading time":"5 minutes"},"schema":{"@context":"https:\/\/schema.org","@graph":[{"@type":"WebPage","@id":"https:\/\/www.srovnator.cz\/clanky\/kde-v-zahranici-oslavit-konec-roku\/","url":"https:\/\/www.srovnator.cz\/clanky\/kde-v-zahranici-oslavit-konec-roku\/","name":"Kde v zahrani\u010d\u00ed oslavit konec roku - Srovn\u00e1tor.cz","isPartOf":{"@id":"https:\/\/www.srovnator.cz\/#website"},"primaryImageOfPage":{"@id":"https:\/\/www.srovnator.cz\/clanky\/kde-v-zahranici-oslavit-konec-roku\/#primaryimage"},"image":{"@id":"https:\/\/www.srovnator.cz\/clanky\/kde-v-zahranici-oslavit-konec-roku\/#primaryimage"},"thumbnailUrl":"https:\/\/storage.googleapis.com\/wp-resources\/srovnator.cz\/ng\/2022\/06\/83004453-silvestr.png","datePublished":"2018-12-17T10:16:27+00:00","dateModified":"2024-06-24T05:45:51+00:00","author":{"@id":"https:\/\/www.srovnator.cz\/#\/schema\/person\/46d10e971bff43faa91c35835126aa3b"},"description":"St\u00e1le v\u00edce \u010cech\u016f tr\u00e1v\u00ed v\u00e1no\u010dn\u00ed sv\u00e1tky a silvestra v teple u mo\u0159e nebo na ly\u017e\u00edch v Alp\u00e1ch. P\u0159ek\u00e1\u017ekou nejsou ani dra\u017e\u0161\u00ed ceny z\u00e1jezd\u016f.","inLanguage":"cs-CZ","potentialAction":[{"@type":"ReadAction","target":["https:\/\/www.srovnator.cz\/clanky\/kde-v-zahranici-oslavit-konec-roku\/"]}]},{"@type":"ImageObject","inLanguage":"cs-CZ","@id":"https:\/\/www.srovnator.cz\/clanky\/kde-v-zahranici-oslavit-konec-roku\/#primaryimage","url":"https:\/\/storage.googleapis.com\/wp-resources\/srovnator.cz\/ng\/2022\/06\/83004453-silvestr.png","contentUrl":"https:\/\/storage.googleapis.com\/wp-resources\/srovnator.cz\/ng\/2022\/06\/83004453-silvestr.png","width":1880,"height":1129,"caption":"Kde oslavit silvestra"},{"@type":"WebSite","@id":"https:\/\/www.srovnator.cz\/#website","url":"https:\/\/www.srovnator.cz\/","name":"Srovn\u00e1tor.cz","description":"","potentialAction":[{"@type":"SearchAction","target":{"@type":"EntryPoint","urlTemplate":"https:\/\/www.srovnator.cz\/?s={search_term_string}"},"query-input":{"@type":"PropertyValueSpecification","valueRequired":true,"valueName":"search_term_string"}}],"inLanguage":"cs-CZ"},{"@type":"Person","@id":"https:\/\/www.srovnator.cz\/#\/schema\/person\/46d10e971bff43faa91c35835126aa3b","name":"Martin Dane\u0161","image":{"@type":"ImageObject","inLanguage":"cs-CZ","@id":"https:\/\/www.srovnator.cz\/#\/schema\/person\/image\/","url":"https:\/\/secure.gravatar.com\/avatar\/5cac60568def8a68791e2b771a3394888cf55828e445636dfc99f7ccd1e1d1b8?s=96&d=mm&r=g","contentUrl":"https:\/\/secure.gravatar.com\/avatar\/5cac60568def8a68791e2b771a3394888cf55828e445636dfc99f7ccd1e1d1b8?s=96&d=mm&r=g","caption":"Martin Dane\u0161"},"description":"Jsem Martin Dane\u0161, obchodn\u00ed \u0159editel Srovn\u00e1tor.cz. Na\u0161\u00edm c\u00edlem je naj\u00edt pro v\u00e1s v\u017edy to nejvhodn\u011bj\u0161\u00ed poji\u0161t\u011bn\u00ed dle va\u0161ich pot\u0159eb. D\u00edky \u0161irok\u00e9mu portfoliu produkt\u016f od v\u0161ech v\u00fdznamn\u00fdch poji\u0161\u0165oven v\u00e1m dok\u00e1\u017eeme poskytnout \u0159e\u0161en\u00ed odpov\u00eddaj\u00edc\u00ed va\u0161im p\u0159edstav\u00e1m. Kdy\u017e budete m\u00edt jak\u00fdkoliv produktov\u00fd dotaz, nev\u00e1hejte se na n\u00e1s obr\u00e1tit na info@srovnator.cz","url":"https:\/\/www.srovnator.cz\/autori\/martin-danes\/"}]}},"amp_enabled":true,"_links":{"self":[{"href":"https:\/\/www.srovnator.cz\/rest_api\/wp\/v2\/posts\/4412","targetHints":{"allow":["GET"]}}],"collection":[{"href":"https:\/\/www.srovnator.cz\/rest_api\/wp\/v2\/posts"}],"about":[{"href":"https:\/\/www.srovnator.cz\/rest_api\/wp\/v2\/types\/post"}],"author":[{"embeddable":true,"href":"https:\/\/www.srovnator.cz\/rest_api\/wp\/v2\/users\/5"}],"replies":[{"embeddable":true,"href":"https:\/\/www.srovnator.cz\/rest_api\/wp\/v2\/comments?post=4412"}],"version-history":[{"count":1,"href":"https:\/\/www.srovnator.cz\/rest_api\/wp\/v2\/posts\/4412\/revisions"}],"predecessor-version":[{"id":9608,"href":"https:\/\/www.srovnator.cz\/rest_api\/wp\/v2\/posts\/4412\/revisions\/9608"}],"wp:featuredmedia":[{"embeddable":true,"href":"https:\/\/www.srovnator.cz\/rest_api\/wp\/v2\/media\/4413"}],"wp:attachment":[{"href":"https:\/\/www.srovnator.cz\/rest_api\/wp\/v2\/media?parent=4412"}],"wp:term":[{"taxonomy":"category","embeddable":true,"href":"https:\/\/www.srovnator.cz\/rest_api\/wp\/v2\/categories?post=4412"},{"taxonomy":"post_tag","embeddable":true,"href":"https:\/\/www.srovnator.cz\/rest_api\/wp\/v2\/tags?post=4412"}],"curies":[{"name":"wp","href":"https:\/\/api.w.org\/{rel}","templated":true}]}}