{"id":4470,"date":"2019-03-01T07:58:20","date_gmt":"2019-03-01T06:58:20","guid":{"rendered":"https:\/\/www.srovnator.cz\/clanky\/ostatni\/zimni-dovolena-v-rakousku\/"},"modified":"2024-06-24T07:45:50","modified_gmt":"2024-06-24T05:45:50","slug":"zimni-dovolena-v-rakousku","status":"publish","type":"post","link":"https:\/\/www.srovnator.cz\/clanky\/zimni-dovolena-v-rakousku\/","title":{"rendered":"Na kolik vyjde rodinn\u00e1 ly\u017eova\u010dka v Rakousku"},"content":{"rendered":"<p><strong>Rakousko je&nbsp;kol\u00e9bkou alpsk\u00e9ho ly\u017eov\u00e1n\u00ed. Pro&nbsp;jeho obyvatele je&nbsp;ly\u017eov\u00e1n\u00ed \u017eivotn\u00edm stylem, proto zde najdeme tak\u00e9 ta&nbsp;nejlep\u0161\u00ed st\u0159ediska s&nbsp;optim\u00e1ln\u00edmi podm\u00ednkami. Pro&nbsp;\u010cechy m\u00e1 tato alpsk\u00e1 zem\u011b hned n\u011bkolik v\u00fdhod. Krom\u011b dostatku are\u00e1l\u016f s&nbsp;velmi dobr\u00fdm pom\u011brem cena v\u00fdkon a&nbsp;jistoty sn\u011bhu a&nbsp;hezk\u00e9ho po\u010das\u00ed je&nbsp;to&nbsp;bezesporu skv\u011bl\u00e1 dostupnost. V\u017edy\u0165 z&nbsp;Prahy v\u00e1m cesta do&nbsp;rakousk\u00fdch Alp potrv\u00e1 zhruba osm hodin.<\/strong><\/p>\n<img decoding=\"async\" width=\"770\" height=\"513\" src=\"https:\/\/storage.googleapis.com\/wp-resources\/srovnator.cz\/ng\/2022\/06\/af60b9fa-zimni-dovolena-v-rakousku2-770x513.jpg\" class=\" wp-post-image wp-stateless-item\" alt=\"Na kolik vyjde rodinn\u00e1 ly\u017eova\u010dka v Rakousku\" title=\"Na kolik vyjde rodinn\u00e1 ly\u017eova\u010dka v Rakousku\" srcset=\"https:\/\/storage.googleapis.com\/wp-resources\/srovnator.cz\/ng\/2022\/06\/af60b9fa-zimni-dovolena-v-rakousku2-770x513.jpg 770w, https:\/\/storage.googleapis.com\/wp-resources\/srovnator.cz\/ng\/2022\/06\/af60b9fa-zimni-dovolena-v-rakousku2-1700x1133.jpg 1700w, https:\/\/storage.googleapis.com\/wp-resources\/srovnator.cz\/ng\/2022\/06\/af60b9fa-zimni-dovolena-v-rakousku2.jpg 1880w\" sizes=\"(max-width: 770px) 100vw, 770px\" data-image-size=\"medium\" data-stateless-media-bucket=\"wp-resources\" data-stateless-media-name=\"srovnator.cz\/ng\/2022\/06\/af60b9fa-zimni-dovolena-v-rakousku2.jpg\" \/>\n<p>Pro&nbsp;rodinu chystaj\u00edc\u00ed se&nbsp;na&nbsp;ly\u017ee do&nbsp;Rakouska bude p\u0159i&nbsp;v\u00fdb\u011bru vhodn\u00e9ho st\u0159ediska hr\u00e1t roli i&nbsp;jeho vst\u0159\u00edcnost k&nbsp;d\u011btem. Rozhoduj\u00edc\u00ed m\u016f\u017ee b\u00fdt kr\u00e1tk\u00e1 vzd\u00e1lenost, existence ly\u017ea\u0159sk\u00fdch \u0161kol, m\u00edrn\u00fd ter\u00e9n vhodn\u00fd pro&nbsp;d\u011bti nebo mo\u017enost ubytov\u00e1n\u00ed bl\u00edzko sjezdovky. Pr\u00e1v\u011b fakt, \u017ee&nbsp;je&nbsp;Rakousko relativn\u011b bl\u00edzko, vyu\u017e\u00edvaj\u00ed mnoz\u00ed \u010ce\u0161i k&nbsp;pobyt\u016fm i&nbsp;krat\u0161\u00edm ne\u017e jen&nbsp;jeden t\u00fdden.<\/p>\n<p>Mezi tradi\u010dn\u011b obl\u00edben\u00e1 st\u0159ediska mezi rodinami s&nbsp;d\u011btmi pat\u0159\u00ed oblast <strong>Zell am See<\/strong>, ledovec <strong>Stubai<\/strong>, <strong>SkiWelt Wilder Kaiser &#8211; Brixental<\/strong>, <strong>Flachau<\/strong>, <strong>Saalbach Hinterglemm<\/strong> nebo <strong>Dachstein West<\/strong>. Ceny celodenn\u00edch skipas\u016f po&nbsp;dobu hlavn\u00ed sezony v&nbsp;t\u011bchto st\u0159edisc\u00edch jsou velmi podobn\u00e9, are\u00e1ly nav\u00edc poskytuj\u00ed slevu d\u011btem a&nbsp;mladistv\u00fdm.<\/p>\n<div class='table-responsive'>\n<table class=\"table\">\n<caption style=\"text-align: center;\">Pr\u016fm\u011brn\u00e9 ceny celodenn\u00edch skipas\u016f v&nbsp;hlavn\u00ed sezon\u011b<\/caption>\n<thead class=\"thead-light\">\n<tr>\n<th>Dosp\u011bl\u00ed<\/b><\/th>\n<th>Mladistv\u00ed<\/b><\/th>\n<th>D\u011bti<\/b><\/th>\n<\/tr>\n<\/thead>\n<tbody>\n<tr>\n<td><b>47,50 &#8211; 55,00 \u20ac<\/b><\/p>\n<p>(1235 &#8211; 1430 K\u010d)<\/td>\n<td><b>31,20 &#8211; 41,50 \u20ac<\/b><\/p>\n<p>(811 &#8211; 1079 K\u010d)<\/td>\n<td><b>24,00 &#8211; 27,50 \u20ac<\/b><\/p>\n<p>(624 &#8211; 715 K\u010d)<\/td>\n<\/tr>\n<\/tbody>\n<\/table>\n<p><img decoding=\"async\" src=\"https:\/\/storage.googleapis.com\/wp-resources\/srovnator.cz\/2021\/10\/zimni-dovolena-v-rakousku1-770x513.jpg\" alt=\"Celodenn\u00ed skipas v&nbsp;Rakousku\" width=\"100%\"   \/><\/p>\n<h2>Ubytov\u00e1n\u00ed a&nbsp;stravov\u00e1n\u00ed<\/h2>\n<p>Jedete-li sami na&nbsp;sebe, je&nbsp;ide\u00e1ln\u00ed sehnat a&nbsp;rezervovat ubytov\u00e1n\u00ed p\u0159es internet. Na&nbsp;v\u00fdb\u011br m\u00e1te hned n\u011bkolik webov\u00fdch str\u00e1nek, kter\u00e9&nbsp;v\u00e1m poskytnou ve\u0161ker\u00e9 info o&nbsp;ubytov\u00e1n\u00ed. Z\u00e1le\u017e\u00ed pak u\u017e jen&nbsp;na&nbsp;v\u00e1s a&nbsp;na&nbsp;tom, jak moc jste n\u00e1ro\u010dn\u00ed. N\u011bkdo d\u00e1 p\u0159ednost ubytov\u00e1n\u00ed v&nbsp;hotelu s&nbsp;polopenz\u00ed a&nbsp;v&nbsp;bl\u00edzkosti vleku, ale za&nbsp;dra\u017e\u0161\u00ed pen\u00edze, jin\u00e1 rodina bude spokojen\u011bj\u0161\u00ed v&nbsp;apartm\u00e1nu s&nbsp;vlastn\u00ed kuchy\u0148kou kousek od&nbsp;zast\u00e1vky skibusu. Z\u00e1le\u017e\u00ed rovn\u011b\u017e na&nbsp;tom, zda se&nbsp;ubytujete p\u0159\u00edmo ve&nbsp;st\u0159edisku, nebo budete doj\u00ed\u017ed\u011bt z&nbsp;n\u011bkter\u00e9 z&nbsp;okoln\u00edch vesnic. Ceny tak&nbsp;za\u010d\u00ednaj\u00ed na&nbsp;900 K\u010d za&nbsp;noc na&nbsp;osobu, ale mohou se&nbsp;vy\u0161plhat a\u017e na&nbsp;\u00farove\u0148 n\u011bkolika tis\u00edc.<\/p>\n<p>Za&nbsp;sn\u00eddani v&nbsp;restauraci zaplat\u00edte <strong>5-8 euro<\/strong>, ve\u010de\u0159e v\u00e1s vyjde na&nbsp;<strong>15-20 euro<\/strong>. Na&nbsp;<a href=\"https:\/\/www.srovnator.cz\/cestovni-pojisteni\/kalkulacka\/#kalkulacka\">sjezdovce<\/a> po\u0159\u00edd\u00edte poledn\u00ed menu za&nbsp;<strong>7-15 euro<\/strong>. Levn\u011bji v\u00e1s jist\u011b vyjde vlastn\u00ed stravov\u00e1n\u00ed, kdy&nbsp;si potraviny koup\u00edte v&nbsp;rakousk\u00fdch obchodech, ceny jsou ale o&nbsp;n\u011bco vy\u0161\u0161\u00ed ne\u017e v&nbsp;\u010cesku, nap\u0159\u00edklad:<\/p>\n<ul>\n<li>chl\u00e9b &#8211; 1,5 euro<\/li>\n<li>houska &#8211; 0,35 euro<\/li>\n<li>m\u00e1slo &#8211; 1,6 euro<\/li>\n<li>s\u00fdr (100&nbsp;g) &#8211; 1,60 euro<\/li>\n<li>sal\u00e1m (100&nbsp;g) &#8211; 1,00 euro<\/li>\n<li>jogurt &#8211; 0,4 euro<\/li>\n<li>ml\u00e9ko (1&nbsp;l) &#8211; 1,00 euro<\/li>\n<li>d\u017eus (1&nbsp;l) &#8211; 1,10 euro<\/li>\n<li>ban\u00e1ny (1&nbsp;kg) &#8211; 1,80 euro<\/li>\n<li>pivo (0,5&nbsp;l) &#8211; 2,00 euro<\/li>\n<li>balen\u00e1 voda (1,5&nbsp;l) &#8211; 0,45 euro<\/li>\n<li>ku\u0159ec\u00ed maso (1&nbsp;kg) &#8211; 6,00 euro<\/li>\n<\/ul>\n<h2>Cesta tam a&nbsp;zase zp\u00e1tky<\/h2>\n<p>Do&nbsp;rakousk\u00fdch Alp vedou v\u0161ehov\u0161udy dv\u011b hlavn\u00ed trasy. Prvn\u00ed vede p\u0159es Plze\u0148, d\u00e1le na&nbsp;hrani\u010dn\u00ed p\u0159echod Rozvadov a&nbsp;pak ji\u017e fr\u010d\u00edte <a href=\"https:\/\/www.srovnator.cz\/cestovni-pojisteni\/kalkulacka\/#kalkulacka\">N\u011bmeckem<\/a> na&nbsp;Mnichov a&nbsp;Rosenheim sm\u011brem Innsbruck. Druh\u00e1 trasa pak vede p\u0159es \u010cesk\u00e9 Bud\u011bjovice, hrani\u010dn\u00ed p\u0159echod Doln\u00ed Dvo\u0159i\u0161t\u011b a&nbsp;d\u00e1le sm\u011brem na&nbsp;Linc a&nbsp;Salcburk. Ob\u011b trasy jsou zhruba stejn\u011b dlouh\u00e9. V&nbsp;obou p\u0159\u00edpadech budete pot\u0159ebovat \u010deskou d\u00e1lni\u010dn\u00ed zn\u00e1mku a&nbsp;rakouskou desetidenn\u00ed d\u00e1lni\u010dn\u00ed zn\u00e1mku, kter\u00e1&nbsp;vyjde na&nbsp;<strong>9,2 euro<\/strong>. V&nbsp;N\u011bmecku zat\u00edm d\u00e1lni\u010dn\u00ed zn\u00e1mku nepot\u0159ebujete, od&nbsp;roku 2020 je&nbsp;v\u0161ak rozhodnuto o&nbsp;jej\u00edm zaveden\u00ed i&nbsp;pro&nbsp;osobn\u00ed automobily, cena bude odvisl\u00e1 od&nbsp;objemu motoru a&nbsp;emisn\u00ed t\u0159\u00edd\u011b vozidla.<\/p>\n<p>Nezanedbateln\u00e9 nejsou p\u0159i&nbsp;cest\u011b do&nbsp;Rakouska ani n\u00e1klady na&nbsp;pohonn\u00e9 hmoty. Ty jsou v&nbsp;sou\u010dasnosti na&nbsp;stejn\u00e9 \u00farovni jako u&nbsp;n\u00e1s, rovn\u011b\u017e plat\u00ed, \u017ee&nbsp;mimo d\u00e1lnice a&nbsp;hlavn\u00ed tahy jsou potom o&nbsp;n\u011bco levn\u011bj\u0161\u00ed:<\/p>\n<ul>\n<li><strong>cesta tam i&nbsp;zp\u011bt<\/strong> &#8211; cca <strong>1100 kilometr\u016f<\/strong>, p\u0159i&nbsp;cen\u011b 31 K\u010d\/l a&nbsp;pr\u016fm\u011brn\u00e9 spot\u0159eb\u011b 6,5 l\/100&nbsp;km vych\u00e1z\u00ed doprava na&nbsp;<strong>2300 korun<\/strong>.<\/li>\n<\/ul>\n<p>P\u0159i&nbsp;v\u00fdb\u011bru term\u00ednu dovolen\u00e9 a&nbsp;ubytov\u00e1n\u00ed bu\u010fte ostra\u017eit\u00ed. N\u011bkter\u00e1 st\u0159ediska nab\u00edzej\u00ed mimo hlavn\u00ed sezonu velk\u00e9 slevy na&nbsp;skipasy a&nbsp;i&nbsp;bydlen\u00ed v\u00e1s m\u016f\u017ee vyj\u00edt mnohem lacin\u011bji. A&nbsp;pozor, vedlej\u0161\u00ed sezona a&nbsp;v\u00fdrazn\u011b ni\u017e\u0161\u00ed ceny b\u00fdvaj\u00ed v&nbsp;n\u011bkter\u00fdch st\u0159edisc\u00edch i&nbsp;v&nbsp;lednu v&nbsp;obdob\u00ed mezi Nov\u00fdm rokem a&nbsp;pr\u00e1zdninami. Vyb\u00edrejte ta&nbsp;st\u0159ediska, kde&nbsp;d\u011bti mohou ly\u017eovat zadarmo a&nbsp;zva\u017ete, zda opravdu pot\u0159ebujete dra\u017e\u0161\u00ed skipas do&nbsp;v\u00edce st\u0159edisek, kde&nbsp;je&nbsp;dal\u0161\u00edch sto kilometr\u016f sjezdovek, nebo zda si vysta\u010d\u00edte s&nbsp;ly\u017eov\u00e1n\u00edm na&nbsp;men\u0161\u00edm prostoru, zvl\u00e1\u0161t\u011b s&nbsp;d\u011btmi.<\/p>\n","protected":false},"excerpt":{"rendered":"<p>Rakousk\u00e1 st\u0159ediska pat\u0159\u00ed spolu s t\u011bmi italsk\u00fdmi a francouzsk\u00fdmi mezi nejv\u00edce vyhled\u00e1van\u00e9 c\u00edle pro zimn\u00ed dovolenou. Na kolik v\u00e1s ly\u017eova\u010dka v Rakousku vyjde?<\/p>\n","protected":false},"author":5,"featured_media":4471,"comment_status":"closed","ping_status":"closed","sticky":false,"template":"","format":"standard","meta":{"_acf_changed":false,"footnotes":""},"categories":[8],"tags":[853,539,801,381,377,700,479,482],"class_list":["post-4470","post","type-post","status-publish","format-standard","has-post-thumbnail","hentry","category-cestovni-pojisteni","tag-ceska-republika","tag-cestovani","tag-dalnicni-znamka","tag-dovolena","tag-pohonne-hmoty","tag-rakousko","tag-snih","tag-zima"],"acf":{"znacka":"","model":"","objem":"","vyrobeno":"","vykon":"","velikost_1":"","velikost_2":"","velikost_3":"","velikost_4":"","roky":"","roky_velikost_1":"","roky_velikost_2":"","roky_velikost_3":"","roky_velikost_4":"","pocet_kalkulaci":0,"page_post_meta_bread":"Zimn\u00ed dovolen\u00e1 v Rakousku","page_post_meta_bread_child":"","page_post_meta_script_head":"","page_post_meta_leaving_screen":"cat"},"yoast_head":"<!-- This site is optimized with the Yoast SEO plugin v25.5 - https:\/\/yoast.com\/wordpress\/plugins\/seo\/ -->\n<title>Zimn\u00ed dovolen\u00e1 v Rakousku - Srovn\u00e1tor.cz<\/title>\n<meta name=\"description\" content=\"Rakousk\u00e1 st\u0159ediska pat\u0159\u00ed spolu s t\u011bmi italsk\u00fdmi a francouzsk\u00fdmi mezi nejv\u00edce vyhled\u00e1van\u00e9 c\u00edle pro zimn\u00ed dovolenou. Na kolik v\u00e1s ly\u017eova\u010dka v Rakousku vyjde?\" \/>\n<meta name=\"robots\" content=\"index, follow, max-snippet:-1, max-image-preview:large, max-video-preview:-1\" \/>\n<link rel=\"canonical\" href=\"https:\/\/www.srovnator.cz\/clanky\/zimni-dovolena-v-rakousku\/\" \/>\n<meta property=\"og:locale\" content=\"cs_CZ\" \/>\n<meta property=\"og:type\" content=\"article\" \/>\n<meta property=\"og:title\" content=\"Zimn\u00ed dovolen\u00e1 v Rakousku - Srovn\u00e1tor.cz\" \/>\n<meta property=\"og:description\" content=\"Rakousk\u00e1 st\u0159ediska pat\u0159\u00ed spolu s t\u011bmi italsk\u00fdmi a francouzsk\u00fdmi mezi nejv\u00edce vyhled\u00e1van\u00e9 c\u00edle pro zimn\u00ed dovolenou. Na kolik v\u00e1s ly\u017eova\u010dka v Rakousku vyjde?\" \/>\n<meta property=\"og:url\" content=\"https:\/\/www.srovnator.cz\/clanky\/zimni-dovolena-v-rakousku\/\" \/>\n<meta property=\"og:site_name\" content=\"Srovn\u00e1tor.cz\" \/>\n<meta property=\"article:publisher\" content=\"https:\/\/www.facebook.com\/srovnator\/\" \/>\n<meta property=\"article:published_time\" content=\"2019-03-01T06:58:20+00:00\" \/>\n<meta property=\"article:modified_time\" content=\"2024-06-24T05:45:50+00:00\" \/>\n<meta property=\"og:image\" content=\"https:\/\/storage.googleapis.com\/wp-resources\/srovnator.cz\/ng\/2022\/06\/af60b9fa-zimni-dovolena-v-rakousku2.jpg\" \/>\n\t<meta property=\"og:image:width\" content=\"1880\" \/>\n\t<meta property=\"og:image:height\" content=\"1253\" \/>\n\t<meta property=\"og:image:type\" content=\"image\/jpeg\" \/>\n<meta name=\"author\" content=\"Martin Dane\u0161\" \/>\n<meta name=\"twitter:card\" content=\"summary_large_image\" \/>\n<meta name=\"twitter:creator\" content=\"@Srovnator_czech\" \/>\n<meta name=\"twitter:site\" content=\"@Srovnator_czech\" \/>\n<meta name=\"twitter:label1\" content=\"Written by\" \/>\n\t<meta name=\"twitter:data1\" content=\"Martin Dane\u0161\" \/>\n\t<meta name=\"twitter:label2\" content=\"Est. reading time\" \/>\n\t<meta name=\"twitter:data2\" content=\"5 minutes\" \/>\n<script type=\"application\/ld+json\" class=\"yoast-schema-graph\">{\"@context\":\"https:\/\/schema.org\",\"@graph\":[{\"@type\":\"WebPage\",\"@id\":\"https:\/\/www.srovnator.cz\/clanky\/zimni-dovolena-v-rakousku\/\",\"url\":\"https:\/\/www.srovnator.cz\/clanky\/zimni-dovolena-v-rakousku\/\",\"name\":\"Zimn\u00ed dovolen\u00e1 v Rakousku - Srovn\u00e1tor.cz\",\"isPartOf\":{\"@id\":\"https:\/\/www.srovnator.cz\/#website\"},\"primaryImageOfPage\":{\"@id\":\"https:\/\/www.srovnator.cz\/clanky\/zimni-dovolena-v-rakousku\/#primaryimage\"},\"image\":{\"@id\":\"https:\/\/www.srovnator.cz\/clanky\/zimni-dovolena-v-rakousku\/#primaryimage\"},\"thumbnailUrl\":\"https:\/\/storage.googleapis.com\/wp-resources\/srovnator.cz\/ng\/2022\/06\/af60b9fa-zimni-dovolena-v-rakousku2.jpg\",\"datePublished\":\"2019-03-01T06:58:20+00:00\",\"dateModified\":\"2024-06-24T05:45:50+00:00\",\"author\":{\"@id\":\"https:\/\/www.srovnator.cz\/#\/schema\/person\/46d10e971bff43faa91c35835126aa3b\"},\"description\":\"Rakousk\u00e1 st\u0159ediska pat\u0159\u00ed spolu s t\u011bmi italsk\u00fdmi a francouzsk\u00fdmi mezi nejv\u00edce vyhled\u00e1van\u00e9 c\u00edle pro zimn\u00ed dovolenou. Na kolik v\u00e1s ly\u017eova\u010dka v Rakousku vyjde?\",\"inLanguage\":\"cs-CZ\",\"potentialAction\":[{\"@type\":\"ReadAction\",\"target\":[\"https:\/\/www.srovnator.cz\/clanky\/zimni-dovolena-v-rakousku\/\"]}]},{\"@type\":\"ImageObject\",\"inLanguage\":\"cs-CZ\",\"@id\":\"https:\/\/www.srovnator.cz\/clanky\/zimni-dovolena-v-rakousku\/#primaryimage\",\"url\":\"https:\/\/storage.googleapis.com\/wp-resources\/srovnator.cz\/ng\/2022\/06\/af60b9fa-zimni-dovolena-v-rakousku2.jpg\",\"contentUrl\":\"https:\/\/storage.googleapis.com\/wp-resources\/srovnator.cz\/ng\/2022\/06\/af60b9fa-zimni-dovolena-v-rakousku2.jpg\",\"width\":1880,\"height\":1253,\"caption\":\"Ly\u017eov\u00e1n\u00ed v Rakousku\"},{\"@type\":\"WebSite\",\"@id\":\"https:\/\/www.srovnator.cz\/#website\",\"url\":\"https:\/\/www.srovnator.cz\/\",\"name\":\"Srovn\u00e1tor.cz\",\"description\":\"\",\"potentialAction\":[{\"@type\":\"SearchAction\",\"target\":{\"@type\":\"EntryPoint\",\"urlTemplate\":\"https:\/\/www.srovnator.cz\/?s={search_term_string}\"},\"query-input\":{\"@type\":\"PropertyValueSpecification\",\"valueRequired\":true,\"valueName\":\"search_term_string\"}}],\"inLanguage\":\"cs-CZ\"},{\"@type\":\"Person\",\"@id\":\"https:\/\/www.srovnator.cz\/#\/schema\/person\/46d10e971bff43faa91c35835126aa3b\",\"name\":\"Martin Dane\u0161\",\"image\":{\"@type\":\"ImageObject\",\"inLanguage\":\"cs-CZ\",\"@id\":\"https:\/\/www.srovnator.cz\/#\/schema\/person\/image\/\",\"url\":\"https:\/\/secure.gravatar.com\/avatar\/5cac60568def8a68791e2b771a3394888cf55828e445636dfc99f7ccd1e1d1b8?s=96&d=mm&r=g\",\"contentUrl\":\"https:\/\/secure.gravatar.com\/avatar\/5cac60568def8a68791e2b771a3394888cf55828e445636dfc99f7ccd1e1d1b8?s=96&d=mm&r=g\",\"caption\":\"Martin Dane\u0161\"},\"description\":\"Jsem Martin Dane\u0161, obchodn\u00ed \u0159editel Srovn\u00e1tor.cz. Na\u0161\u00edm c\u00edlem je naj\u00edt pro v\u00e1s v\u017edy to nejvhodn\u011bj\u0161\u00ed poji\u0161t\u011bn\u00ed dle va\u0161ich pot\u0159eb. D\u00edky \u0161irok\u00e9mu portfoliu produkt\u016f od v\u0161ech v\u00fdznamn\u00fdch poji\u0161\u0165oven v\u00e1m dok\u00e1\u017eeme poskytnout \u0159e\u0161en\u00ed odpov\u00eddaj\u00edc\u00ed va\u0161im p\u0159edstav\u00e1m. Kdy\u017e budete m\u00edt jak\u00fdkoliv produktov\u00fd dotaz, nev\u00e1hejte se na n\u00e1s obr\u00e1tit na info@srovnator.cz\",\"url\":\"https:\/\/www.srovnator.cz\/autori\/martin-danes\/\"}]}<\/script>\n<!-- \/ Yoast SEO plugin. -->","yoast_head_json":{"title":"Zimn\u00ed dovolen\u00e1 v Rakousku - Srovn\u00e1tor.cz","description":"Rakousk\u00e1 st\u0159ediska pat\u0159\u00ed spolu s t\u011bmi italsk\u00fdmi a francouzsk\u00fdmi mezi nejv\u00edce vyhled\u00e1van\u00e9 c\u00edle pro zimn\u00ed dovolenou. Na kolik v\u00e1s ly\u017eova\u010dka v Rakousku vyjde?","robots":{"index":"index","follow":"follow","max-snippet":"max-snippet:-1","max-image-preview":"max-image-preview:large","max-video-preview":"max-video-preview:-1"},"canonical":"https:\/\/www.srovnator.cz\/clanky\/zimni-dovolena-v-rakousku\/","og_locale":"cs_CZ","og_type":"article","og_title":"Zimn\u00ed dovolen\u00e1 v Rakousku - Srovn\u00e1tor.cz","og_description":"Rakousk\u00e1 st\u0159ediska pat\u0159\u00ed spolu s t\u011bmi italsk\u00fdmi a francouzsk\u00fdmi mezi nejv\u00edce vyhled\u00e1van\u00e9 c\u00edle pro zimn\u00ed dovolenou. Na kolik v\u00e1s ly\u017eova\u010dka v Rakousku vyjde?","og_url":"https:\/\/www.srovnator.cz\/clanky\/zimni-dovolena-v-rakousku\/","og_site_name":"Srovn\u00e1tor.cz","article_publisher":"https:\/\/www.facebook.com\/srovnator\/","article_published_time":"2019-03-01T06:58:20+00:00","article_modified_time":"2024-06-24T05:45:50+00:00","og_image":[{"width":1880,"height":1253,"url":"https:\/\/storage.googleapis.com\/wp-resources\/srovnator.cz\/ng\/2022\/06\/af60b9fa-zimni-dovolena-v-rakousku2.jpg","type":"image\/jpeg"}],"author":"Martin Dane\u0161","twitter_card":"summary_large_image","twitter_creator":"@Srovnator_czech","twitter_site":"@Srovnator_czech","twitter_misc":{"Written by":"Martin Dane\u0161","Est. reading time":"5 minutes"},"schema":{"@context":"https:\/\/schema.org","@graph":[{"@type":"WebPage","@id":"https:\/\/www.srovnator.cz\/clanky\/zimni-dovolena-v-rakousku\/","url":"https:\/\/www.srovnator.cz\/clanky\/zimni-dovolena-v-rakousku\/","name":"Zimn\u00ed dovolen\u00e1 v Rakousku - Srovn\u00e1tor.cz","isPartOf":{"@id":"https:\/\/www.srovnator.cz\/#website"},"primaryImageOfPage":{"@id":"https:\/\/www.srovnator.cz\/clanky\/zimni-dovolena-v-rakousku\/#primaryimage"},"image":{"@id":"https:\/\/www.srovnator.cz\/clanky\/zimni-dovolena-v-rakousku\/#primaryimage"},"thumbnailUrl":"https:\/\/storage.googleapis.com\/wp-resources\/srovnator.cz\/ng\/2022\/06\/af60b9fa-zimni-dovolena-v-rakousku2.jpg","datePublished":"2019-03-01T06:58:20+00:00","dateModified":"2024-06-24T05:45:50+00:00","author":{"@id":"https:\/\/www.srovnator.cz\/#\/schema\/person\/46d10e971bff43faa91c35835126aa3b"},"description":"Rakousk\u00e1 st\u0159ediska pat\u0159\u00ed spolu s t\u011bmi italsk\u00fdmi a francouzsk\u00fdmi mezi nejv\u00edce vyhled\u00e1van\u00e9 c\u00edle pro zimn\u00ed dovolenou. Na kolik v\u00e1s ly\u017eova\u010dka v Rakousku vyjde?","inLanguage":"cs-CZ","potentialAction":[{"@type":"ReadAction","target":["https:\/\/www.srovnator.cz\/clanky\/zimni-dovolena-v-rakousku\/"]}]},{"@type":"ImageObject","inLanguage":"cs-CZ","@id":"https:\/\/www.srovnator.cz\/clanky\/zimni-dovolena-v-rakousku\/#primaryimage","url":"https:\/\/storage.googleapis.com\/wp-resources\/srovnator.cz\/ng\/2022\/06\/af60b9fa-zimni-dovolena-v-rakousku2.jpg","contentUrl":"https:\/\/storage.googleapis.com\/wp-resources\/srovnator.cz\/ng\/2022\/06\/af60b9fa-zimni-dovolena-v-rakousku2.jpg","width":1880,"height":1253,"caption":"Ly\u017eov\u00e1n\u00ed v Rakousku"},{"@type":"WebSite","@id":"https:\/\/www.srovnator.cz\/#website","url":"https:\/\/www.srovnator.cz\/","name":"Srovn\u00e1tor.cz","description":"","potentialAction":[{"@type":"SearchAction","target":{"@type":"EntryPoint","urlTemplate":"https:\/\/www.srovnator.cz\/?s={search_term_string}"},"query-input":{"@type":"PropertyValueSpecification","valueRequired":true,"valueName":"search_term_string"}}],"inLanguage":"cs-CZ"},{"@type":"Person","@id":"https:\/\/www.srovnator.cz\/#\/schema\/person\/46d10e971bff43faa91c35835126aa3b","name":"Martin Dane\u0161","image":{"@type":"ImageObject","inLanguage":"cs-CZ","@id":"https:\/\/www.srovnator.cz\/#\/schema\/person\/image\/","url":"https:\/\/secure.gravatar.com\/avatar\/5cac60568def8a68791e2b771a3394888cf55828e445636dfc99f7ccd1e1d1b8?s=96&d=mm&r=g","contentUrl":"https:\/\/secure.gravatar.com\/avatar\/5cac60568def8a68791e2b771a3394888cf55828e445636dfc99f7ccd1e1d1b8?s=96&d=mm&r=g","caption":"Martin Dane\u0161"},"description":"Jsem Martin Dane\u0161, obchodn\u00ed \u0159editel Srovn\u00e1tor.cz. Na\u0161\u00edm c\u00edlem je naj\u00edt pro v\u00e1s v\u017edy to nejvhodn\u011bj\u0161\u00ed poji\u0161t\u011bn\u00ed dle va\u0161ich pot\u0159eb. D\u00edky \u0161irok\u00e9mu portfoliu produkt\u016f od v\u0161ech v\u00fdznamn\u00fdch poji\u0161\u0165oven v\u00e1m dok\u00e1\u017eeme poskytnout \u0159e\u0161en\u00ed odpov\u00eddaj\u00edc\u00ed va\u0161im p\u0159edstav\u00e1m. Kdy\u017e budete m\u00edt jak\u00fdkoliv produktov\u00fd dotaz, nev\u00e1hejte se na n\u00e1s obr\u00e1tit na info@srovnator.cz","url":"https:\/\/www.srovnator.cz\/autori\/martin-danes\/"}]}},"amp_enabled":true,"_links":{"self":[{"href":"https:\/\/www.srovnator.cz\/rest_api\/wp\/v2\/posts\/4470","targetHints":{"allow":["GET"]}}],"collection":[{"href":"https:\/\/www.srovnator.cz\/rest_api\/wp\/v2\/posts"}],"about":[{"href":"https:\/\/www.srovnator.cz\/rest_api\/wp\/v2\/types\/post"}],"author":[{"embeddable":true,"href":"https:\/\/www.srovnator.cz\/rest_api\/wp\/v2\/users\/5"}],"replies":[{"embeddable":true,"href":"https:\/\/www.srovnator.cz\/rest_api\/wp\/v2\/comments?post=4470"}],"version-history":[{"count":1,"href":"https:\/\/www.srovnator.cz\/rest_api\/wp\/v2\/posts\/4470\/revisions"}],"predecessor-version":[{"id":9600,"href":"https:\/\/www.srovnator.cz\/rest_api\/wp\/v2\/posts\/4470\/revisions\/9600"}],"wp:featuredmedia":[{"embeddable":true,"href":"https:\/\/www.srovnator.cz\/rest_api\/wp\/v2\/media\/4471"}],"wp:attachment":[{"href":"https:\/\/www.srovnator.cz\/rest_api\/wp\/v2\/media?parent=4470"}],"wp:term":[{"taxonomy":"category","embeddable":true,"href":"https:\/\/www.srovnator.cz\/rest_api\/wp\/v2\/categories?post=4470"},{"taxonomy":"post_tag","embeddable":true,"href":"https:\/\/www.srovnator.cz\/rest_api\/wp\/v2\/tags?post=4470"}],"curies":[{"name":"wp","href":"https:\/\/api.w.org\/{rel}","templated":true}]}}