{"id":4494,"date":"2019-04-01T05:07:11","date_gmt":"2019-04-01T03:07:11","guid":{"rendered":"https:\/\/www.srovnator.cz\/clanky\/ostatni\/pripravte-balkon-na-jaro\/"},"modified":"2024-06-24T07:51:32","modified_gmt":"2024-06-24T05:51:32","slug":"pripravte-balkon-na-jaro","status":"publish","type":"post","link":"https:\/\/www.srovnator.cz\/clanky\/pripravte-balkon-na-jaro\/","title":{"rendered":"P\u0159ipravte sv\u016fj balkon na sez\u00f3nu"},"content":{"rendered":"<p><strong>Jaro o&nbsp;sob\u011b d\u00e1v\u00e1 v\u011bd\u011bt, p\u0159\u00edroda se&nbsp;pomalu probouz\u00ed a&nbsp;slune\u010dn\u00e9 po\u010das\u00ed l\u00e1k\u00e1 ven. Do&nbsp;parku, na&nbsp;zahradu nebo alespo\u0148 na&nbsp;balkon. Jen\u017ee i&nbsp;takov\u00fd balkon, lod\u017eii nebo terasu je&nbsp;pot\u0159eba po&nbsp;zim\u011b p\u0159ipravit, do&nbsp;detailu vybavit a&nbsp;n\u00e1le\u017eit\u011b zkr\u00e1\u0161lit, aby&nbsp;se&nbsp;stal p\u0159\u00edjemn\u00fdm m\u00edstem pro&nbsp;relaxaci.<\/strong><\/p>\n<img decoding=\"async\" width=\"770\" height=\"513\" src=\"https:\/\/storage.googleapis.com\/wp-resources\/srovnator.cz\/ng\/2022\/06\/b839e939-pripravte-balkon-na-jaro-770x513.jpg\" class=\" wp-post-image wp-stateless-item\" alt=\"P\u0159ipravte sv\u016fj balkon na sez\u00f3nu\" title=\"P\u0159ipravte sv\u016fj balkon na sez\u00f3nu\" srcset=\"https:\/\/storage.googleapis.com\/wp-resources\/srovnator.cz\/ng\/2022\/06\/b839e939-pripravte-balkon-na-jaro-770x513.jpg 770w, https:\/\/storage.googleapis.com\/wp-resources\/srovnator.cz\/ng\/2022\/06\/b839e939-pripravte-balkon-na-jaro.jpg 1280w\" sizes=\"(max-width: 770px) 100vw, 770px\" data-image-size=\"medium\" data-stateless-media-bucket=\"wp-resources\" data-stateless-media-name=\"srovnator.cz\/ng\/2022\/06\/b839e939-pripravte-balkon-na-jaro.jpg\" \/>\n<h2>Za\u010dn\u011bte gener\u00e1ln\u00edm \u00faklidem<\/h2>\n<p>Ne\u017e si dop\u0159ejete neru\u0161en\u00e9 posezen\u00ed na&nbsp;balkon\u011b, vezm\u011bte do&nbsp;ruky ko\u0161t\u011b, hadr a&nbsp;\u010distic\u00ed prost\u0159edky. V\u00e1\u0161 balkon pot\u0159ebuje po&nbsp;mraziv\u00e9m a&nbsp;de\u0161tiv\u00e9m po\u010das\u00ed znovu rozz\u00e1\u0159it. Podlaha je&nbsp;\u0161pinav\u00e1, n\u00e1t\u011bry na&nbsp;z\u00e1bradl\u00ed a&nbsp;na&nbsp;st\u011bn\u00e1ch opr\u00fdskan\u00e9 nebo <a href=\"https:\/\/www.srovnator.cz\/pojisteni-domacnosti\/\">popraskan\u00e9<\/a>.<\/p>\n<p>V pr\u016fb\u011bhu zimy se&nbsp;mo\u017en\u00e1 z&nbsp;va\u0161eho balkonu stalo skladi\u0161t\u011b, proto v&nbsp;r\u00e1mci gener\u00e1ln\u00edho \u00faklidu vy\u010dist\u011bte balkon tak\u00e9 od&nbsp;odlo\u017een\u00e9ho haramp\u00e1d\u00ed.<\/p>\n<h2>Pohodln\u00fd n\u00e1bytek do&nbsp;ka\u017ed\u00e9ho prostoru<\/h2>\n<p>Nyn\u00ed je&nbsp;na\u010dase vr\u00e1tit na&nbsp;balkon venkovn\u00ed n\u00e1bytek, nebo jej vybavit n\u00e1bytkem nov\u00fdm. Nemus\u00ed se&nbsp;jednat jen&nbsp;o&nbsp;st\u016fl se&nbsp;dv\u011bma \u017eidlemi &#8211; m\u00e1te-li dostatek m\u00edsta, m\u016f\u017eete si dop\u0159\u00e1t z\u00e1v\u011bsn\u00e9 k\u0159eslo, houpac\u00ed s\u00ed\u0165 nebo rozkl\u00e1dac\u00ed leh\u00e1tko. I&nbsp;mal\u00fd prostor ov\u0161em m\u016f\u017eete vybavit pohodln\u00fdm n\u00e1bytkem &#8211; existuj\u00ed skl\u00e1dac\u00ed a&nbsp;skladn\u011bj\u0161\u00ed kousky v\u010detn\u011b z\u00e1v\u011bsn\u00fdch stol\u016f na&nbsp;z\u00e1bradl\u00ed. Na&nbsp;z\u00e1bradl\u00ed si m\u016f\u017eete zav\u011bsit dokonce i&nbsp;gril!<\/p>\n<p>D\u0159ev\u011bn\u00fd n\u00e1bytek nezapome\u0148te p\u0159ed&nbsp;sez\u00f3nou o\u0161et\u0159it. Kdy\u017e&nbsp;ho p\u0159elakujete a&nbsp;namo\u0159\u00edte, odol\u00e1 p\u016fsoben\u00ed vlhkosti i&nbsp;z\u00e1\u0159en\u00ed slune\u010dn\u00edch paprsk\u016f.<\/p>\n<h2>Nechte balkon rozkv\u00e9st<\/h2>\n<p>Nemus\u00edte b\u00fdt zrovna nad\u0161en\u00fdmi p\u011bstiteli mnoha druh\u016f zeleniny, ovoce a&nbsp;bylinek, ale ka\u017ed\u00e9mu balkonu \u010di&nbsp;terase slu\u0161\u00ed truhl\u00edky pln\u00e9 barevn\u00fdch kv\u011bt\u016f. Na&nbsp;typick\u00e9 balkonov\u00e9 kv\u011btiny je&nbsp;te\u010f na&nbsp;ja\u0159e je\u0161t\u011b \u010das, proto vsa\u010fte na&nbsp;odoln\u00e9 jarn\u00ed rostliny, kter\u00fdm nebude vadit ob\u010dasn\u00fd mraz\u00edk. Kv\u00e9st v\u00e1m budou zhruba do&nbsp;konce kv\u011btna.<\/p>\n<p>Klasikou jsou primule a&nbsp;mace\u0161ky, kter\u00e9&nbsp;jsou k&nbsp;dost\u00e1n\u00ed v&nbsp;\u0161irok\u00e9 \u0161k\u00e1le barev. Popul\u00e1rn\u00ed a&nbsp;p\u016fsobiv\u00e9 jsou i&nbsp;jarn\u00ed cibuloviny &#8211; tulip\u00e1ny, narcisy, hyacinty, mod\u0159ence nebo krokusy. Rostliny m\u016f\u017eete r\u016fzn\u011b kombinovat a&nbsp;vytvo\u0159it tak&nbsp;pestr\u00e9 kombinace.<\/p>\n<p>Jarn\u00ed rostliny lze s\u00e1zet bl\u00edzko sebe, proto\u017ee se&nbsp;p\u0159\u00edli\u0161 nerozr\u016fstaj\u00ed. A&nbsp;nemus\u00edte z\u016fstat u&nbsp;klasick\u00fdch kv\u011btin\u00e1\u010d\u016f a&nbsp;truhl\u00edk\u016f. Stejn\u011b dob\u0159e poslou\u017e\u00ed i&nbsp;jak\u00e1koli jin\u00e1 n\u00e1doba, kterou doma najdete a&nbsp;pro&nbsp;kterou nem\u00e1te vyu\u017eit\u00ed &#8211; konev, plechovka, prout\u011bn\u00fd ko\u0161\u00edk, cedn\u00edk, plechov\u00fd lavor nebo pol\u00e9vkov\u00e1 m\u00edsa. M\u00edsto u\u0161et\u0159\u00edte zav\u011b\u0161en\u00edm truhl\u00edk\u016f na&nbsp;z\u00e1bradl\u00ed nebo pou\u017eit\u00edm speci\u00e1ln\u00edch vykrojen\u00fdch kv\u011btin\u00e1\u010d\u016f, kter\u00e9&nbsp;se&nbsp;daj\u00ed um\u00edstit na&nbsp;v\u011bt\u0161inu z\u00e1bradl\u00ed. Nezapome\u0148te, \u017ee&nbsp;lze vyu\u017e\u00edt prostoru i&nbsp;do&nbsp;v\u00fd\u0161ky &#8211; jednoduch\u00fd vertik\u00e1ln\u00ed z\u00e1hon si snadno vyrob\u00edte t\u0159eba z&nbsp;palety.<\/p>\n","protected":false},"excerpt":{"rendered":"<p>Balkon, lod\u017eie nebo terasa b\u00fdv\u00e1 malou o\u00e1zou klidu a zelen\u011b uprost\u0159ed m\u011bsta. Jaro je vhodn\u00e9 k \u00faklidu balkonu, jeho zveleben\u00ed a osazen\u00ed jarn\u00edmi kv\u011btinami.<\/p>\n","protected":false},"author":6,"featured_media":4495,"comment_status":"closed","ping_status":"closed","sticky":false,"template":"","format":"standard","meta":{"_acf_changed":false,"footnotes":""},"categories":[5],"tags":[399,777,478,645,898],"class_list":["post-4494","post","type-post","status-publish","format-standard","has-post-thumbnail","hentry","category-pojisteni-majetku","tag-domacnost","tag-dum","tag-sezona","tag-tipy","tag-uklid"],"acf":{"znacka":"","model":"","objem":"","vyrobeno":"","vykon":"","velikost_1":"","velikost_2":"","velikost_3":"","velikost_4":"","roky":"","roky_velikost_1":"","roky_velikost_2":"","roky_velikost_3":"","roky_velikost_4":"","pocet_kalkulaci":0,"page_post_meta_bread":"P\u0159ipravte balkon na jaro","page_post_meta_bread_child":"","page_post_meta_script_head":"","page_post_meta_leaving_screen":"cat"},"yoast_head":"<!-- This site is optimized with the Yoast SEO plugin v25.5 - https:\/\/yoast.com\/wordpress\/plugins\/seo\/ -->\n<title>P\u0159ipravte balkon na jaro - Srovn\u00e1tor.cz<\/title>\n<meta name=\"description\" content=\"Balkon, lod\u017eie nebo terasa b\u00fdv\u00e1 malou o\u00e1zou klidu a zelen\u011b uprost\u0159ed m\u011bsta. Jaro je vhodn\u00e9 k \u00faklidu balkonu, jeho zveleben\u00ed a osazen\u00ed jarn\u00edmi kv\u011btinami.\" \/>\n<meta name=\"robots\" content=\"index, follow, max-snippet:-1, max-image-preview:large, max-video-preview:-1\" \/>\n<link rel=\"canonical\" href=\"https:\/\/www.srovnator.cz\/clanky\/pripravte-balkon-na-jaro\/\" \/>\n<meta property=\"og:locale\" content=\"cs_CZ\" \/>\n<meta property=\"og:type\" content=\"article\" \/>\n<meta property=\"og:title\" content=\"P\u0159ipravte balkon na jaro - Srovn\u00e1tor.cz\" \/>\n<meta property=\"og:description\" content=\"Balkon, lod\u017eie nebo terasa b\u00fdv\u00e1 malou o\u00e1zou klidu a zelen\u011b uprost\u0159ed m\u011bsta. Jaro je vhodn\u00e9 k \u00faklidu balkonu, jeho zveleben\u00ed a osazen\u00ed jarn\u00edmi kv\u011btinami.\" \/>\n<meta property=\"og:url\" content=\"https:\/\/www.srovnator.cz\/clanky\/pripravte-balkon-na-jaro\/\" \/>\n<meta property=\"og:site_name\" content=\"Srovn\u00e1tor.cz\" \/>\n<meta property=\"article:publisher\" content=\"https:\/\/www.facebook.com\/srovnator\/\" \/>\n<meta property=\"article:published_time\" content=\"2019-04-01T03:07:11+00:00\" \/>\n<meta property=\"article:modified_time\" content=\"2024-06-24T05:51:32+00:00\" \/>\n<meta property=\"og:image\" content=\"https:\/\/storage.googleapis.com\/wp-resources\/srovnator.cz\/ng\/2022\/06\/b839e939-pripravte-balkon-na-jaro.jpg\" \/>\n\t<meta property=\"og:image:width\" content=\"1280\" \/>\n\t<meta property=\"og:image:height\" content=\"853\" \/>\n\t<meta property=\"og:image:type\" content=\"image\/jpeg\" \/>\n<meta name=\"author\" content=\"Tom\u00e1\u0161 Mina\u0159\u00edk\" \/>\n<meta name=\"twitter:card\" content=\"summary_large_image\" \/>\n<meta name=\"twitter:creator\" content=\"@Srovnator_czech\" \/>\n<meta name=\"twitter:site\" content=\"@Srovnator_czech\" \/>\n<meta name=\"twitter:label1\" content=\"Written by\" \/>\n\t<meta name=\"twitter:data1\" content=\"Tom\u00e1\u0161 Mina\u0159\u00edk\" \/>\n\t<meta name=\"twitter:label2\" content=\"Est. reading time\" \/>\n\t<meta name=\"twitter:data2\" content=\"3 minutes\" \/>\n<script type=\"application\/ld+json\" class=\"yoast-schema-graph\">{\"@context\":\"https:\/\/schema.org\",\"@graph\":[{\"@type\":\"WebPage\",\"@id\":\"https:\/\/www.srovnator.cz\/clanky\/pripravte-balkon-na-jaro\/\",\"url\":\"https:\/\/www.srovnator.cz\/clanky\/pripravte-balkon-na-jaro\/\",\"name\":\"P\u0159ipravte balkon na jaro - Srovn\u00e1tor.cz\",\"isPartOf\":{\"@id\":\"https:\/\/www.srovnator.cz\/#website\"},\"primaryImageOfPage\":{\"@id\":\"https:\/\/www.srovnator.cz\/clanky\/pripravte-balkon-na-jaro\/#primaryimage\"},\"image\":{\"@id\":\"https:\/\/www.srovnator.cz\/clanky\/pripravte-balkon-na-jaro\/#primaryimage\"},\"thumbnailUrl\":\"https:\/\/storage.googleapis.com\/wp-resources\/srovnator.cz\/ng\/2022\/06\/b839e939-pripravte-balkon-na-jaro.jpg\",\"datePublished\":\"2019-04-01T03:07:11+00:00\",\"dateModified\":\"2024-06-24T05:51:32+00:00\",\"author\":{\"@id\":\"https:\/\/www.srovnator.cz\/#\/schema\/person\/9edfe86141eba69ff5b2149b530db68d\"},\"description\":\"Balkon, lod\u017eie nebo terasa b\u00fdv\u00e1 malou o\u00e1zou klidu a zelen\u011b uprost\u0159ed m\u011bsta. Jaro je vhodn\u00e9 k \u00faklidu balkonu, jeho zveleben\u00ed a osazen\u00ed jarn\u00edmi kv\u011btinami.\",\"inLanguage\":\"cs-CZ\",\"potentialAction\":[{\"@type\":\"ReadAction\",\"target\":[\"https:\/\/www.srovnator.cz\/clanky\/pripravte-balkon-na-jaro\/\"]}]},{\"@type\":\"ImageObject\",\"inLanguage\":\"cs-CZ\",\"@id\":\"https:\/\/www.srovnator.cz\/clanky\/pripravte-balkon-na-jaro\/#primaryimage\",\"url\":\"https:\/\/storage.googleapis.com\/wp-resources\/srovnator.cz\/ng\/2022\/06\/b839e939-pripravte-balkon-na-jaro.jpg\",\"contentUrl\":\"https:\/\/storage.googleapis.com\/wp-resources\/srovnator.cz\/ng\/2022\/06\/b839e939-pripravte-balkon-na-jaro.jpg\",\"width\":1280,\"height\":853,\"caption\":\"Balkon s truhl\u00edky\"},{\"@type\":\"WebSite\",\"@id\":\"https:\/\/www.srovnator.cz\/#website\",\"url\":\"https:\/\/www.srovnator.cz\/\",\"name\":\"Srovn\u00e1tor.cz\",\"description\":\"\",\"potentialAction\":[{\"@type\":\"SearchAction\",\"target\":{\"@type\":\"EntryPoint\",\"urlTemplate\":\"https:\/\/www.srovnator.cz\/?s={search_term_string}\"},\"query-input\":{\"@type\":\"PropertyValueSpecification\",\"valueRequired\":true,\"valueName\":\"search_term_string\"}}],\"inLanguage\":\"cs-CZ\"},{\"@type\":\"Person\",\"@id\":\"https:\/\/www.srovnator.cz\/#\/schema\/person\/9edfe86141eba69ff5b2149b530db68d\",\"name\":\"Tom\u00e1\u0161 Mina\u0159\u00edk\",\"image\":{\"@type\":\"ImageObject\",\"inLanguage\":\"cs-CZ\",\"@id\":\"https:\/\/www.srovnator.cz\/#\/schema\/person\/image\/\",\"url\":\"https:\/\/secure.gravatar.com\/avatar\/067ce16f231ff92a14a4863e4057901a91bb1113ab404100733de550ecf1aafe?s=96&d=mm&r=g\",\"contentUrl\":\"https:\/\/secure.gravatar.com\/avatar\/067ce16f231ff92a14a4863e4057901a91bb1113ab404100733de550ecf1aafe?s=96&d=mm&r=g\",\"caption\":\"Tom\u00e1\u0161 Mina\u0159\u00edk\"},\"description\":\"Tom\u00e1\u0161 je odborn\u00edk, kter\u00fd se v\u011bnuje ochran\u011b va\u0161eho domova, auta a cennost\u00ed. S osobn\u00edm p\u0159\u00edstupem a odborn\u00fdmi znalostmi v\u00e1s provede sv\u011btem poji\u0161t\u011bn\u00ed ob\u010dansk\u00e9ho majetku, aby va\u0161e cenn\u00e9 v\u011bci byly v\u017edy v bezpe\u010d\u00ed. Jeho expert\u00edza a z\u00e1vazek k detailu zaji\u0161\u0165uj\u00ed, \u017ee najdete poji\u0161t\u011bn\u00ed, kter\u00e9 p\u0159esn\u011b odpov\u00edd\u00e1 va\u0161im pot\u0159eb\u00e1m.\",\"url\":\"https:\/\/www.srovnator.cz\/autori\/tomas-minarik\/\"}]}<\/script>\n<!-- \/ Yoast SEO plugin. -->","yoast_head_json":{"title":"P\u0159ipravte balkon na jaro - Srovn\u00e1tor.cz","description":"Balkon, lod\u017eie nebo terasa b\u00fdv\u00e1 malou o\u00e1zou klidu a zelen\u011b uprost\u0159ed m\u011bsta. Jaro je vhodn\u00e9 k \u00faklidu balkonu, jeho zveleben\u00ed a osazen\u00ed jarn\u00edmi kv\u011btinami.","robots":{"index":"index","follow":"follow","max-snippet":"max-snippet:-1","max-image-preview":"max-image-preview:large","max-video-preview":"max-video-preview:-1"},"canonical":"https:\/\/www.srovnator.cz\/clanky\/pripravte-balkon-na-jaro\/","og_locale":"cs_CZ","og_type":"article","og_title":"P\u0159ipravte balkon na jaro - Srovn\u00e1tor.cz","og_description":"Balkon, lod\u017eie nebo terasa b\u00fdv\u00e1 malou o\u00e1zou klidu a zelen\u011b uprost\u0159ed m\u011bsta. Jaro je vhodn\u00e9 k \u00faklidu balkonu, jeho zveleben\u00ed a osazen\u00ed jarn\u00edmi kv\u011btinami.","og_url":"https:\/\/www.srovnator.cz\/clanky\/pripravte-balkon-na-jaro\/","og_site_name":"Srovn\u00e1tor.cz","article_publisher":"https:\/\/www.facebook.com\/srovnator\/","article_published_time":"2019-04-01T03:07:11+00:00","article_modified_time":"2024-06-24T05:51:32+00:00","og_image":[{"width":1280,"height":853,"url":"https:\/\/storage.googleapis.com\/wp-resources\/srovnator.cz\/ng\/2022\/06\/b839e939-pripravte-balkon-na-jaro.jpg","type":"image\/jpeg"}],"author":"Tom\u00e1\u0161 Mina\u0159\u00edk","twitter_card":"summary_large_image","twitter_creator":"@Srovnator_czech","twitter_site":"@Srovnator_czech","twitter_misc":{"Written by":"Tom\u00e1\u0161 Mina\u0159\u00edk","Est. reading time":"3 minutes"},"schema":{"@context":"https:\/\/schema.org","@graph":[{"@type":"WebPage","@id":"https:\/\/www.srovnator.cz\/clanky\/pripravte-balkon-na-jaro\/","url":"https:\/\/www.srovnator.cz\/clanky\/pripravte-balkon-na-jaro\/","name":"P\u0159ipravte balkon na jaro - Srovn\u00e1tor.cz","isPartOf":{"@id":"https:\/\/www.srovnator.cz\/#website"},"primaryImageOfPage":{"@id":"https:\/\/www.srovnator.cz\/clanky\/pripravte-balkon-na-jaro\/#primaryimage"},"image":{"@id":"https:\/\/www.srovnator.cz\/clanky\/pripravte-balkon-na-jaro\/#primaryimage"},"thumbnailUrl":"https:\/\/storage.googleapis.com\/wp-resources\/srovnator.cz\/ng\/2022\/06\/b839e939-pripravte-balkon-na-jaro.jpg","datePublished":"2019-04-01T03:07:11+00:00","dateModified":"2024-06-24T05:51:32+00:00","author":{"@id":"https:\/\/www.srovnator.cz\/#\/schema\/person\/9edfe86141eba69ff5b2149b530db68d"},"description":"Balkon, lod\u017eie nebo terasa b\u00fdv\u00e1 malou o\u00e1zou klidu a zelen\u011b uprost\u0159ed m\u011bsta. Jaro je vhodn\u00e9 k \u00faklidu balkonu, jeho zveleben\u00ed a osazen\u00ed jarn\u00edmi kv\u011btinami.","inLanguage":"cs-CZ","potentialAction":[{"@type":"ReadAction","target":["https:\/\/www.srovnator.cz\/clanky\/pripravte-balkon-na-jaro\/"]}]},{"@type":"ImageObject","inLanguage":"cs-CZ","@id":"https:\/\/www.srovnator.cz\/clanky\/pripravte-balkon-na-jaro\/#primaryimage","url":"https:\/\/storage.googleapis.com\/wp-resources\/srovnator.cz\/ng\/2022\/06\/b839e939-pripravte-balkon-na-jaro.jpg","contentUrl":"https:\/\/storage.googleapis.com\/wp-resources\/srovnator.cz\/ng\/2022\/06\/b839e939-pripravte-balkon-na-jaro.jpg","width":1280,"height":853,"caption":"Balkon s truhl\u00edky"},{"@type":"WebSite","@id":"https:\/\/www.srovnator.cz\/#website","url":"https:\/\/www.srovnator.cz\/","name":"Srovn\u00e1tor.cz","description":"","potentialAction":[{"@type":"SearchAction","target":{"@type":"EntryPoint","urlTemplate":"https:\/\/www.srovnator.cz\/?s={search_term_string}"},"query-input":{"@type":"PropertyValueSpecification","valueRequired":true,"valueName":"search_term_string"}}],"inLanguage":"cs-CZ"},{"@type":"Person","@id":"https:\/\/www.srovnator.cz\/#\/schema\/person\/9edfe86141eba69ff5b2149b530db68d","name":"Tom\u00e1\u0161 Mina\u0159\u00edk","image":{"@type":"ImageObject","inLanguage":"cs-CZ","@id":"https:\/\/www.srovnator.cz\/#\/schema\/person\/image\/","url":"https:\/\/secure.gravatar.com\/avatar\/067ce16f231ff92a14a4863e4057901a91bb1113ab404100733de550ecf1aafe?s=96&d=mm&r=g","contentUrl":"https:\/\/secure.gravatar.com\/avatar\/067ce16f231ff92a14a4863e4057901a91bb1113ab404100733de550ecf1aafe?s=96&d=mm&r=g","caption":"Tom\u00e1\u0161 Mina\u0159\u00edk"},"description":"Tom\u00e1\u0161 je odborn\u00edk, kter\u00fd se v\u011bnuje ochran\u011b va\u0161eho domova, auta a cennost\u00ed. S osobn\u00edm p\u0159\u00edstupem a odborn\u00fdmi znalostmi v\u00e1s provede sv\u011btem poji\u0161t\u011bn\u00ed ob\u010dansk\u00e9ho majetku, aby va\u0161e cenn\u00e9 v\u011bci byly v\u017edy v bezpe\u010d\u00ed. Jeho expert\u00edza a z\u00e1vazek k detailu zaji\u0161\u0165uj\u00ed, \u017ee najdete poji\u0161t\u011bn\u00ed, kter\u00e9 p\u0159esn\u011b odpov\u00edd\u00e1 va\u0161im pot\u0159eb\u00e1m.","url":"https:\/\/www.srovnator.cz\/autori\/tomas-minarik\/"}]}},"amp_enabled":true,"_links":{"self":[{"href":"https:\/\/www.srovnator.cz\/rest_api\/wp\/v2\/posts\/4494","targetHints":{"allow":["GET"]}}],"collection":[{"href":"https:\/\/www.srovnator.cz\/rest_api\/wp\/v2\/posts"}],"about":[{"href":"https:\/\/www.srovnator.cz\/rest_api\/wp\/v2\/types\/post"}],"author":[{"embeddable":true,"href":"https:\/\/www.srovnator.cz\/rest_api\/wp\/v2\/users\/6"}],"replies":[{"embeddable":true,"href":"https:\/\/www.srovnator.cz\/rest_api\/wp\/v2\/comments?post=4494"}],"version-history":[{"count":1,"href":"https:\/\/www.srovnator.cz\/rest_api\/wp\/v2\/posts\/4494\/revisions"}],"predecessor-version":[{"id":9929,"href":"https:\/\/www.srovnator.cz\/rest_api\/wp\/v2\/posts\/4494\/revisions\/9929"}],"wp:featuredmedia":[{"embeddable":true,"href":"https:\/\/www.srovnator.cz\/rest_api\/wp\/v2\/media\/4495"}],"wp:attachment":[{"href":"https:\/\/www.srovnator.cz\/rest_api\/wp\/v2\/media?parent=4494"}],"wp:term":[{"taxonomy":"category","embeddable":true,"href":"https:\/\/www.srovnator.cz\/rest_api\/wp\/v2\/categories?post=4494"},{"taxonomy":"post_tag","embeddable":true,"href":"https:\/\/www.srovnator.cz\/rest_api\/wp\/v2\/tags?post=4494"}],"curies":[{"name":"wp","href":"https:\/\/api.w.org\/{rel}","templated":true}]}}