{"id":4546,"date":"2019-05-30T05:57:34","date_gmt":"2019-05-30T03:57:34","guid":{"rendered":"https:\/\/www.srovnator.cz\/clanky\/ostatni\/profesionalni-uklid-domacnosti\/"},"modified":"2024-06-24T07:51:31","modified_gmt":"2024-06-24T05:51:31","slug":"profesionalni-uklid-domacnosti","status":"publish","type":"post","link":"https:\/\/www.srovnator.cz\/clanky\/profesionalni-uklid-domacnosti\/","title":{"rendered":"Profesion\u00e1ln\u00ed \u00faklid dom\u00e1cnosti"},"content":{"rendered":"<p><strong>Jarn\u00ed \u00faklid u&nbsp;n\u011bkoho u\u017e d\u00e1vno prob\u011bhl, jin\u00ed st\u00e1le vy\u010dk\u00e1vaj\u00ed na&nbsp;volnou chv\u00edli, kter\u00fdch je&nbsp;v&nbsp;t\u00e9to hektick\u00e9 dob\u011b \u010d\u00edm d\u00e1l t\u00edm v\u011bt\u0161\u00ed nedostatek. N\u011bkter\u00e9 <a href=\"\/pojisteni-domacnosti\/\">dom\u00e1cnosti<\/a> se&nbsp;jarn\u00edho \u00faklidu nedo\u010dkaj\u00ed ani do&nbsp;za\u010d\u00e1tku l\u00e9ta, kter\u00fd&nbsp;se&nbsp;kvapem bl\u00ed\u017e\u00ed. Spr\u00e1vn\u00e1 hospody\u0148ka nebo hospod\u00e1\u0159 si ale um\u00ed poradit. Jste-li \u010dasov\u011b vyt\u00ed\u017een\u00ed, pracovn\u00ed tempo je&nbsp;vysok\u00e9 a&nbsp;nechcete tr\u00e1vit voln\u00fd \u010das, kter\u00fd&nbsp;by&nbsp;mohl b\u00fdt v\u011bnov\u00e1n rodin\u011b, \u00faklidem dom\u00e1cnosti, je&nbsp;na\u010dase se&nbsp;poohl\u00e9dnout po&nbsp;profesion\u00e1ln\u00ed asistenci.<\/strong><\/p>\n<img decoding=\"async\" width=\"770\" height=\"513\" src=\"https:\/\/storage.googleapis.com\/wp-resources\/srovnator.cz\/ng\/2022\/06\/49fc713f-profesionalni-uklid-domacnosti-770x513.jpg\" class=\" wp-post-image wp-stateless-item\" alt=\"Profesion\u00e1ln\u00ed \u00faklid dom\u00e1cnosti\" title=\"Profesion\u00e1ln\u00ed \u00faklid dom\u00e1cnosti\" srcset=\"https:\/\/storage.googleapis.com\/wp-resources\/srovnator.cz\/ng\/2022\/06\/49fc713f-profesionalni-uklid-domacnosti-770x513.jpg 770w, https:\/\/storage.googleapis.com\/wp-resources\/srovnator.cz\/ng\/2022\/06\/49fc713f-profesionalni-uklid-domacnosti.jpg 1280w\" sizes=\"(max-width: 770px) 100vw, 770px\" data-image-size=\"medium\" data-stateless-media-bucket=\"wp-resources\" data-stateless-media-name=\"srovnator.cz\/ng\/2022\/06\/49fc713f-profesionalni-uklid-domacnosti.jpg\" \/>\n<p><strong>Fakta podle v\u00fdzkumu spole\u010dnosti ING:<\/strong><\/p>\n<ul>\n<li>10&nbsp;% \u010cech\u016f m\u00e1 zku\u0161enost s&nbsp;profesion\u00e1ln\u00ed pomoc\u00ed v&nbsp;dom\u00e1cnosti<\/li>\n<li>40&nbsp;% lid\u00ed by&nbsp;pomoc ocenilo, kdyby byla finan\u010dn\u011b dostupn\u00e1<\/li>\n<li>30&nbsp;% lid\u00ed je&nbsp;toho n\u00e1zoru \u017ee&nbsp;sami si uklid\u00ed nejl\u00e9pe<\/li>\n<li>20&nbsp;% \u010cech\u016f by&nbsp;doma nestrp\u011blo ciz\u00ed lidi<\/li>\n<\/ul>\n<p>Ceny profesion\u00e1ln\u00edch firem na&nbsp;\u00faklid se&nbsp;li\u0161\u00ed podle m\u00edsta p\u016fsoben\u00ed, ve&nbsp;v\u011bt\u0161\u00edch m\u011bstech p\u016fsob\u00ed agentury, jejich\u017e cena je&nbsp;vy\u0161\u0161\u00ed ne\u017e v&nbsp;p\u0159\u00edpad\u011b nap\u0159. pan\u00ed na&nbsp;v\u00fdpomoc, kter\u00e1&nbsp;\u201cordinuje\u201d na&nbsp;vesnici. Cena je&nbsp;v\u011bt\u0161inou \u00fa\u010dtov\u00e1na za&nbsp;ka\u017edou hodinu. Z\u00e1kladn\u00ed bal\u00ed\u010dek \u00faklid dom\u00e1cnosti zahrnuje vyt\u00edr\u00e1n\u00ed, vys\u00e1v\u00e1n\u00ed, ut\u0159en\u00ed prachu, myt\u00ed n\u00e1dob\u00ed a&nbsp;kuchy\u0148sk\u00e9 linky a&nbsp;sanit\u00e1rn\u00ed \u00faklid (WC, koupelna). Myt\u00ed oken a&nbsp;\u017eehlen\u00ed se&nbsp;obvykle plat\u00ed zvl\u00e1\u0161\u0165.<\/p>\n<p><strong>Ceny \u00faklidov\u00fdch firem (n\u011bkter\u00e9 ceny jsou bez DPH):<\/strong><\/p>\n<div class=\"table-responsive table-striped table-borderless\">\n<table class=\"table\">\n<thead>\n<tr>\n<th>M\u011aSTO<\/th>\n<th>N\u00c1ZEV FIRMY<\/th>\n<th>CENA ZA \u00daKLID BYTU<\/th>\n<th>MYT\u00cd OKEN<\/th>\n<th>\u017dEHLEN\u00cd<\/th>\n<th>CENA DOPRAVY<\/th>\n<th>Pozn\u00e1mka<\/th>\n<\/tr>\n<\/thead>\n<tbody>\n<tr>\n<td>Praha<\/td>\n<td>Hormat<\/td>\n<td>2400&nbsp;K\u010d za&nbsp;m\u011bs. (do 80 m2)<\/td>\n<td>750&nbsp;K\u010d (byt 3+1)<\/td>\n<td>x<\/td>\n<td>0&nbsp;K\u010d<\/td>\n<td>v\u010d. DPH<\/td>\n<\/tr>\n<tr>\n<td>Praha<\/td>\n<td>D &amp; D s.r.o.<\/td>\n<td>130 &#8211; 180&nbsp;K\u010d \/ hod.<\/td>\n<td>20&nbsp;K\u010d \/ m2<\/td>\n<td>x<\/td>\n<td>0&nbsp;K\u010d<\/td>\n<td>v\u010d. DPH<\/td>\n<\/tr>\n<tr>\n<td>Plze\u0148<\/td>\n<td>Uklizeno za&nbsp;v\u00e1s<\/td>\n<td>od 220&nbsp;K\u010d&nbsp;\/ hod.<\/td>\n<td>45&nbsp;K\u010d za&nbsp;1 k\u0159\u00eddlo<\/td>\n<td>x<\/td>\n<td>250&nbsp;K\u010d<\/td>\n<td>bez DPH<\/td>\n<\/tr>\n<tr>\n<td>Brno, Zl\u00edn, Prost\u011bjov<\/td>\n<td>L &amp; L<\/td>\n<td>110 &#8211; 200&nbsp;K\u010d \/ hod.<\/td>\n<td>8 &#8211; 15&nbsp;K\u010d \/ m2<\/td>\n<td>200 &#8211; 350&nbsp;K\u010d \/ ko\u0161 pr\u00e1dla<\/td>\n<td>100&nbsp;K\u010d \/ zak\u00e1zka<\/td>\n<td>v\u010d. DPH<\/td>\n<\/tr>\n<tr>\n<td>Karlovy Vary<\/td>\n<td>Clara<\/td>\n<td>od 250&nbsp;K\u010d \/ hod.<\/td>\n<td>30&nbsp;K\u010d \/ m2<\/td>\n<td>x<\/td>\n<td>10&nbsp;K\u010d \/ km<\/td>\n<td>bez DPH<\/td>\n<\/tr>\n<tr>\n<td>Kladno<\/td>\n<td>Uklid\u00edme Ti<\/td>\n<td>799&nbsp;K\u010d ( do&nbsp;80 m2)<\/td>\n<td>99&nbsp;K\u010d \/ 1 okno<\/td>\n<td>450&nbsp;K\u010d \/ ko\u0161 pr\u00e1dla<\/td>\n<td>0&nbsp;K\u010d<\/td>\n<td>v\u010d. DPH<\/td>\n<\/tr>\n<tr>\n<td>Ostrava<\/td>\n<td>R\u016f\u017eov\u00e1 dom\u00e1cnost<\/td>\n<td>165&nbsp;K\u010d \/ hod.<\/td>\n<td>165&nbsp;K\u010d \/ hod.<\/td>\n<td>165&nbsp;K\u010d \/ hod.<\/td>\n<td>0&nbsp;K\u010d<\/td>\n<td>v\u010d. DPH<\/td>\n<\/tr>\n<\/tbody>\n<\/table>\n<\/div>\n<p><strong>Nab\u00eddka pomoci v&nbsp;dom\u00e1cnosti:<\/strong><\/p>\n<ul>\n<li>z\u00e1kladn\u00ed nebo komplexn\u00ed \u00faklid dom\u00e1cnosti<\/li>\n<li>myt\u00ed oken<\/li>\n<li>\u017eehlen\u00ed<\/li>\n<li>p\u00e9\u010de o&nbsp;zahradu (sek\u00e1n\u00ed tr\u00e1vy, hrab\u00e1n\u00ed list\u00ed, zast\u0159ih\u00e1v\u00e1n\u00ed \u017eiv\u00e9ho plotu)<\/li>\n<li>opravy (\u0159emesln\u00edk, tzv. hodinov\u00fd man\u017eel)<\/li>\n<li>hl\u00edd\u00e1n\u00ed a&nbsp;ven\u010den\u00ed ps\u016f<\/li>\n<li>hl\u00edd\u00e1n\u00ed d\u011bt\u00ed s&nbsp;vyzvednut\u00edm ze&nbsp;\u0161kolky, \u0161koly<\/li>\n<\/ul>\n<p>Pokud chcete u\u0161et\u0159it a&nbsp;neplatit agentu\u0159e, ale ov\u011b\u0159en\u00e9 pan\u00ed na&nbsp;ukl\u00edzen\u00ed, m\u016f\u017eete vyu\u017e\u00edt internetov\u00e9 port\u00e1ly: nap\u0159. vyluxuj.cz nebo hl\u00edda\u010dky.cz. Cena \u00faklidov\u00e9 pr\u00e1ce se&nbsp;pohybuje od&nbsp;80&nbsp;K\u010d do&nbsp;180&nbsp;K\u010d \/ hodinu podle lokality.<\/p>\n<p>Nechcete-li za&nbsp;\u00faklid platit nikomu ciz\u00edmu, m\u016f\u017eete si <a href=\"\/pojisteni-domacnosti-kalkulacka\/\">dom\u016f<\/a> pustit alespo\u0148&nbsp;ty automatick\u00e9 pomocn\u00edky, kter\u00e9&nbsp;dne\u0161n\u00ed trh nab\u00edz\u00ed:<\/p>\n<ol>\n<li><strong>Robotick\u00fd vysava\u010d<\/strong><br \/>\nRobotick\u00fd vysava\u010d za&nbsp;V\u00e1s uklid\u00ed drobn\u00e9 ne\u010distoty na&nbsp;podlaze b\u011bhem \u010dasu, kter\u00fd&nbsp;tr\u00e1v\u00edte v&nbsp;zam\u011bstn\u00e1n\u00ed. Ovl\u00e1dat ho m\u016f\u017eete p\u0159es Wi-Fi p\u0159es telefon. Jeho pou\u017eit\u00ed je&nbsp;prakti\u010dt\u011bj\u0161\u00ed v&nbsp;dom\u00e1cnostech bez prah\u016f.<\/li>\n<li><strong>Robotick\u00fd mop<\/strong><br \/>\nStejn\u011b jako robotick\u00fd vysava\u010d funguje i&nbsp;jeho mokr\u00e1 varianta. V&nbsp;p\u0159\u00edpad\u011b, \u017ee&nbsp;jeho baterie indikuje stav p\u0159ed&nbsp;vybit\u00edm, zajede si s\u00e1m do&nbsp;dokovac\u00ed stanice, kde&nbsp;se&nbsp;dobije a&nbsp;pokra\u010duje d\u00e1l v&nbsp;\u00faklidu.<\/li>\n<li><strong>Vysava\u010d na&nbsp;okna<\/strong><br \/>\nMyt\u00ed oken je&nbsp;lep\u0161\u00ed ne\u017e posilovna, p\u0159i&nbsp;neust\u00e1l\u00e9m nah\u00fdb\u00e1n\u00ed se&nbsp;nad&nbsp;kbel\u00edk vody a&nbsp;zp\u011bt k&nbsp;oknu se&nbsp;nav\u00edc spaluj\u00ed i&nbsp;kalorie. Pokud nejste sportovn\u00ed nad\u0161enci a&nbsp;i&nbsp;p\u0159esto tou\u017e\u00edte pos\u00edlit svalstvo a&nbsp;sp\u00e1lit v\u00edc jak 100 kalori\u00ed za&nbsp;hodinu, myt\u00ed oken v\u00e1m to&nbsp;vykompenzuje.<\/li>\n<li><strong>My\u010dka n\u00e1dob\u00ed<\/strong><br \/>\nMy\u010dku na&nbsp;n\u00e1dob\u00ed dnes vlastn\u00ed v\u00edc jak t\u0159etina \u010desk\u00fdch dom\u00e1cnost\u00ed. Krom\u011b \u010dasu ale dok\u00e1\u017ee \u0161et\u0159it i&nbsp;vodu. P\u0159i&nbsp;myt\u00ed n\u00e1dob\u00ed pod&nbsp;tekouc\u00ed vodou n\u00e1m rukama prote\u010de 15 &#8211; 40 litr\u016f vody. \u00dasporn\u00e1 my\u010dka n\u00e1dob\u00ed spot\u0159ebuje na&nbsp;jeden cyklus pran\u00ed cca 12 litr\u016f vody.<\/li>\n<li><strong>Su\u0161i\u010dka pr\u00e1dla<\/strong><br \/>\nPra\u010dku vlastn\u00ed p\u0159es 90&nbsp;% dom\u00e1cnost\u00ed. Su\u0161i\u010dku u\u017e jen&nbsp;ka\u017ed\u00e1 dvac\u00e1t\u00e1 dom\u00e1cnost (5 %). Su\u0161i\u010dka V\u00e1m u\u0161et\u0159\u00ed \u010das v\u011bnovan\u00fd \u017eehlen\u00ed, \u010derstv\u00e9 pr\u00e1dlo ze&nbsp;su\u0161i\u010dky je&nbsp;tepl\u00e9 a&nbsp;nad\u00fdchan\u00e9 a&nbsp;kdy\u017e&nbsp;se&nbsp;\u0161ikovn\u011b slo\u017e\u00ed, nemus\u00ed se&nbsp;ani \u017eehlit.<\/li>\n<\/ol>\n","protected":false},"excerpt":{"rendered":"<p>M\u00e1te pocit, \u017ee nest\u00edh\u00e1te tr\u00e1vit \u010das s rodinou ve prosp\u011bch uklizen\u00e9 dom\u00e1cnosti? Vyplat\u00ed se najmout profesion\u00e1ln\u00ed firmu nebo naj\u00edt pan\u00ed na \u00faklid?<\/p>\n","protected":false},"author":6,"featured_media":4547,"comment_status":"closed","ping_status":"closed","sticky":false,"template":"","format":"standard","meta":{"_acf_changed":false,"footnotes":""},"categories":[5],"tags":[398,399,898],"class_list":["post-4546","post","type-post","status-publish","format-standard","has-post-thumbnail","hentry","category-pojisteni-majetku","tag-cena","tag-domacnost","tag-uklid"],"acf":{"znacka":"","model":"","objem":"","vyrobeno":"","vykon":"","velikost_1":"","velikost_2":"","velikost_3":"","velikost_4":"","roky":"","roky_velikost_1":"","roky_velikost_2":"","roky_velikost_3":"","roky_velikost_4":"","pocet_kalkulaci":0,"page_post_meta_bread":"","page_post_meta_bread_child":"","page_post_meta_script_head":"","page_post_meta_leaving_screen":"cat"},"yoast_head":"<!-- This site is optimized with the Yoast SEO plugin v25.5 - https:\/\/yoast.com\/wordpress\/plugins\/seo\/ -->\n<title>Profesion\u00e1ln\u00ed \u00faklid dom\u00e1cnosti - Srovn\u00e1tor.cz<\/title>\n<meta name=\"description\" content=\"M\u00e1te pocit, \u017ee nest\u00edh\u00e1te tr\u00e1vit \u010das s rodinou ve prosp\u011bch uklizen\u00e9 dom\u00e1cnosti? Vyplat\u00ed se najmout profesion\u00e1ln\u00ed firmu nebo naj\u00edt pan\u00ed na \u00faklid?\" \/>\n<meta name=\"robots\" content=\"index, follow, max-snippet:-1, max-image-preview:large, max-video-preview:-1\" \/>\n<link rel=\"canonical\" href=\"https:\/\/www.srovnator.cz\/clanky\/profesionalni-uklid-domacnosti\/\" \/>\n<meta property=\"og:locale\" content=\"cs_CZ\" \/>\n<meta property=\"og:type\" content=\"article\" \/>\n<meta property=\"og:title\" content=\"Profesion\u00e1ln\u00ed \u00faklid dom\u00e1cnosti - Srovn\u00e1tor.cz\" \/>\n<meta property=\"og:description\" content=\"M\u00e1te pocit, \u017ee nest\u00edh\u00e1te tr\u00e1vit \u010das s rodinou ve prosp\u011bch uklizen\u00e9 dom\u00e1cnosti? Vyplat\u00ed se najmout profesion\u00e1ln\u00ed firmu nebo naj\u00edt pan\u00ed na \u00faklid?\" \/>\n<meta property=\"og:url\" content=\"https:\/\/www.srovnator.cz\/clanky\/profesionalni-uklid-domacnosti\/\" \/>\n<meta property=\"og:site_name\" content=\"Srovn\u00e1tor.cz\" \/>\n<meta property=\"article:publisher\" content=\"https:\/\/www.facebook.com\/srovnator\/\" \/>\n<meta property=\"article:published_time\" content=\"2019-05-30T03:57:34+00:00\" \/>\n<meta property=\"article:modified_time\" content=\"2024-06-24T05:51:31+00:00\" \/>\n<meta property=\"og:image\" content=\"https:\/\/storage.googleapis.com\/wp-resources\/srovnator.cz\/ng\/2022\/06\/49fc713f-profesionalni-uklid-domacnosti.jpg\" \/>\n\t<meta property=\"og:image:width\" content=\"1280\" \/>\n\t<meta property=\"og:image:height\" content=\"853\" \/>\n\t<meta property=\"og:image:type\" content=\"image\/jpeg\" \/>\n<meta name=\"author\" content=\"Tom\u00e1\u0161 Mina\u0159\u00edk\" \/>\n<meta name=\"twitter:card\" content=\"summary_large_image\" \/>\n<meta name=\"twitter:creator\" content=\"@Srovnator_czech\" \/>\n<meta name=\"twitter:site\" content=\"@Srovnator_czech\" \/>\n<meta name=\"twitter:label1\" content=\"Written by\" \/>\n\t<meta name=\"twitter:data1\" content=\"Tom\u00e1\u0161 Mina\u0159\u00edk\" \/>\n\t<meta name=\"twitter:label2\" content=\"Est. reading time\" \/>\n\t<meta name=\"twitter:data2\" content=\"4 minutes\" \/>\n<script type=\"application\/ld+json\" class=\"yoast-schema-graph\">{\"@context\":\"https:\/\/schema.org\",\"@graph\":[{\"@type\":\"WebPage\",\"@id\":\"https:\/\/www.srovnator.cz\/clanky\/profesionalni-uklid-domacnosti\/\",\"url\":\"https:\/\/www.srovnator.cz\/clanky\/profesionalni-uklid-domacnosti\/\",\"name\":\"Profesion\u00e1ln\u00ed \u00faklid dom\u00e1cnosti - Srovn\u00e1tor.cz\",\"isPartOf\":{\"@id\":\"https:\/\/www.srovnator.cz\/#website\"},\"primaryImageOfPage\":{\"@id\":\"https:\/\/www.srovnator.cz\/clanky\/profesionalni-uklid-domacnosti\/#primaryimage\"},\"image\":{\"@id\":\"https:\/\/www.srovnator.cz\/clanky\/profesionalni-uklid-domacnosti\/#primaryimage\"},\"thumbnailUrl\":\"https:\/\/storage.googleapis.com\/wp-resources\/srovnator.cz\/ng\/2022\/06\/49fc713f-profesionalni-uklid-domacnosti.jpg\",\"datePublished\":\"2019-05-30T03:57:34+00:00\",\"dateModified\":\"2024-06-24T05:51:31+00:00\",\"author\":{\"@id\":\"https:\/\/www.srovnator.cz\/#\/schema\/person\/9edfe86141eba69ff5b2149b530db68d\"},\"description\":\"M\u00e1te pocit, \u017ee nest\u00edh\u00e1te tr\u00e1vit \u010das s rodinou ve prosp\u011bch uklizen\u00e9 dom\u00e1cnosti? Vyplat\u00ed se najmout profesion\u00e1ln\u00ed firmu nebo naj\u00edt pan\u00ed na \u00faklid?\",\"inLanguage\":\"cs-CZ\",\"potentialAction\":[{\"@type\":\"ReadAction\",\"target\":[\"https:\/\/www.srovnator.cz\/clanky\/profesionalni-uklid-domacnosti\/\"]}]},{\"@type\":\"ImageObject\",\"inLanguage\":\"cs-CZ\",\"@id\":\"https:\/\/www.srovnator.cz\/clanky\/profesionalni-uklid-domacnosti\/#primaryimage\",\"url\":\"https:\/\/storage.googleapis.com\/wp-resources\/srovnator.cz\/ng\/2022\/06\/49fc713f-profesionalni-uklid-domacnosti.jpg\",\"contentUrl\":\"https:\/\/storage.googleapis.com\/wp-resources\/srovnator.cz\/ng\/2022\/06\/49fc713f-profesionalni-uklid-domacnosti.jpg\",\"width\":1280,\"height\":853,\"caption\":\"Profesion\u00e1ln\u00ed \u00faklidov\u00e9 firmy maj\u00ed vy\u0161kolen\u00e9 pracovn\u00edky na \u00faklid dom\u00e1cnosti\"},{\"@type\":\"WebSite\",\"@id\":\"https:\/\/www.srovnator.cz\/#website\",\"url\":\"https:\/\/www.srovnator.cz\/\",\"name\":\"Srovn\u00e1tor.cz\",\"description\":\"\",\"potentialAction\":[{\"@type\":\"SearchAction\",\"target\":{\"@type\":\"EntryPoint\",\"urlTemplate\":\"https:\/\/www.srovnator.cz\/?s={search_term_string}\"},\"query-input\":{\"@type\":\"PropertyValueSpecification\",\"valueRequired\":true,\"valueName\":\"search_term_string\"}}],\"inLanguage\":\"cs-CZ\"},{\"@type\":\"Person\",\"@id\":\"https:\/\/www.srovnator.cz\/#\/schema\/person\/9edfe86141eba69ff5b2149b530db68d\",\"name\":\"Tom\u00e1\u0161 Mina\u0159\u00edk\",\"image\":{\"@type\":\"ImageObject\",\"inLanguage\":\"cs-CZ\",\"@id\":\"https:\/\/www.srovnator.cz\/#\/schema\/person\/image\/\",\"url\":\"https:\/\/secure.gravatar.com\/avatar\/067ce16f231ff92a14a4863e4057901a91bb1113ab404100733de550ecf1aafe?s=96&d=mm&r=g\",\"contentUrl\":\"https:\/\/secure.gravatar.com\/avatar\/067ce16f231ff92a14a4863e4057901a91bb1113ab404100733de550ecf1aafe?s=96&d=mm&r=g\",\"caption\":\"Tom\u00e1\u0161 Mina\u0159\u00edk\"},\"description\":\"Tom\u00e1\u0161 je odborn\u00edk, kter\u00fd se v\u011bnuje ochran\u011b va\u0161eho domova, auta a cennost\u00ed. S osobn\u00edm p\u0159\u00edstupem a odborn\u00fdmi znalostmi v\u00e1s provede sv\u011btem poji\u0161t\u011bn\u00ed ob\u010dansk\u00e9ho majetku, aby va\u0161e cenn\u00e9 v\u011bci byly v\u017edy v bezpe\u010d\u00ed. Jeho expert\u00edza a z\u00e1vazek k detailu zaji\u0161\u0165uj\u00ed, \u017ee najdete poji\u0161t\u011bn\u00ed, kter\u00e9 p\u0159esn\u011b odpov\u00edd\u00e1 va\u0161im pot\u0159eb\u00e1m.\",\"url\":\"https:\/\/www.srovnator.cz\/autori\/tomas-minarik\/\"}]}<\/script>\n<!-- \/ Yoast SEO plugin. -->","yoast_head_json":{"title":"Profesion\u00e1ln\u00ed \u00faklid dom\u00e1cnosti - Srovn\u00e1tor.cz","description":"M\u00e1te pocit, \u017ee nest\u00edh\u00e1te tr\u00e1vit \u010das s rodinou ve prosp\u011bch uklizen\u00e9 dom\u00e1cnosti? Vyplat\u00ed se najmout profesion\u00e1ln\u00ed firmu nebo naj\u00edt pan\u00ed na \u00faklid?","robots":{"index":"index","follow":"follow","max-snippet":"max-snippet:-1","max-image-preview":"max-image-preview:large","max-video-preview":"max-video-preview:-1"},"canonical":"https:\/\/www.srovnator.cz\/clanky\/profesionalni-uklid-domacnosti\/","og_locale":"cs_CZ","og_type":"article","og_title":"Profesion\u00e1ln\u00ed \u00faklid dom\u00e1cnosti - Srovn\u00e1tor.cz","og_description":"M\u00e1te pocit, \u017ee nest\u00edh\u00e1te tr\u00e1vit \u010das s rodinou ve prosp\u011bch uklizen\u00e9 dom\u00e1cnosti? Vyplat\u00ed se najmout profesion\u00e1ln\u00ed firmu nebo naj\u00edt pan\u00ed na \u00faklid?","og_url":"https:\/\/www.srovnator.cz\/clanky\/profesionalni-uklid-domacnosti\/","og_site_name":"Srovn\u00e1tor.cz","article_publisher":"https:\/\/www.facebook.com\/srovnator\/","article_published_time":"2019-05-30T03:57:34+00:00","article_modified_time":"2024-06-24T05:51:31+00:00","og_image":[{"width":1280,"height":853,"url":"https:\/\/storage.googleapis.com\/wp-resources\/srovnator.cz\/ng\/2022\/06\/49fc713f-profesionalni-uklid-domacnosti.jpg","type":"image\/jpeg"}],"author":"Tom\u00e1\u0161 Mina\u0159\u00edk","twitter_card":"summary_large_image","twitter_creator":"@Srovnator_czech","twitter_site":"@Srovnator_czech","twitter_misc":{"Written by":"Tom\u00e1\u0161 Mina\u0159\u00edk","Est. reading time":"4 minutes"},"schema":{"@context":"https:\/\/schema.org","@graph":[{"@type":"WebPage","@id":"https:\/\/www.srovnator.cz\/clanky\/profesionalni-uklid-domacnosti\/","url":"https:\/\/www.srovnator.cz\/clanky\/profesionalni-uklid-domacnosti\/","name":"Profesion\u00e1ln\u00ed \u00faklid dom\u00e1cnosti - Srovn\u00e1tor.cz","isPartOf":{"@id":"https:\/\/www.srovnator.cz\/#website"},"primaryImageOfPage":{"@id":"https:\/\/www.srovnator.cz\/clanky\/profesionalni-uklid-domacnosti\/#primaryimage"},"image":{"@id":"https:\/\/www.srovnator.cz\/clanky\/profesionalni-uklid-domacnosti\/#primaryimage"},"thumbnailUrl":"https:\/\/storage.googleapis.com\/wp-resources\/srovnator.cz\/ng\/2022\/06\/49fc713f-profesionalni-uklid-domacnosti.jpg","datePublished":"2019-05-30T03:57:34+00:00","dateModified":"2024-06-24T05:51:31+00:00","author":{"@id":"https:\/\/www.srovnator.cz\/#\/schema\/person\/9edfe86141eba69ff5b2149b530db68d"},"description":"M\u00e1te pocit, \u017ee nest\u00edh\u00e1te tr\u00e1vit \u010das s rodinou ve prosp\u011bch uklizen\u00e9 dom\u00e1cnosti? Vyplat\u00ed se najmout profesion\u00e1ln\u00ed firmu nebo naj\u00edt pan\u00ed na \u00faklid?","inLanguage":"cs-CZ","potentialAction":[{"@type":"ReadAction","target":["https:\/\/www.srovnator.cz\/clanky\/profesionalni-uklid-domacnosti\/"]}]},{"@type":"ImageObject","inLanguage":"cs-CZ","@id":"https:\/\/www.srovnator.cz\/clanky\/profesionalni-uklid-domacnosti\/#primaryimage","url":"https:\/\/storage.googleapis.com\/wp-resources\/srovnator.cz\/ng\/2022\/06\/49fc713f-profesionalni-uklid-domacnosti.jpg","contentUrl":"https:\/\/storage.googleapis.com\/wp-resources\/srovnator.cz\/ng\/2022\/06\/49fc713f-profesionalni-uklid-domacnosti.jpg","width":1280,"height":853,"caption":"Profesion\u00e1ln\u00ed \u00faklidov\u00e9 firmy maj\u00ed vy\u0161kolen\u00e9 pracovn\u00edky na \u00faklid dom\u00e1cnosti"},{"@type":"WebSite","@id":"https:\/\/www.srovnator.cz\/#website","url":"https:\/\/www.srovnator.cz\/","name":"Srovn\u00e1tor.cz","description":"","potentialAction":[{"@type":"SearchAction","target":{"@type":"EntryPoint","urlTemplate":"https:\/\/www.srovnator.cz\/?s={search_term_string}"},"query-input":{"@type":"PropertyValueSpecification","valueRequired":true,"valueName":"search_term_string"}}],"inLanguage":"cs-CZ"},{"@type":"Person","@id":"https:\/\/www.srovnator.cz\/#\/schema\/person\/9edfe86141eba69ff5b2149b530db68d","name":"Tom\u00e1\u0161 Mina\u0159\u00edk","image":{"@type":"ImageObject","inLanguage":"cs-CZ","@id":"https:\/\/www.srovnator.cz\/#\/schema\/person\/image\/","url":"https:\/\/secure.gravatar.com\/avatar\/067ce16f231ff92a14a4863e4057901a91bb1113ab404100733de550ecf1aafe?s=96&d=mm&r=g","contentUrl":"https:\/\/secure.gravatar.com\/avatar\/067ce16f231ff92a14a4863e4057901a91bb1113ab404100733de550ecf1aafe?s=96&d=mm&r=g","caption":"Tom\u00e1\u0161 Mina\u0159\u00edk"},"description":"Tom\u00e1\u0161 je odborn\u00edk, kter\u00fd se v\u011bnuje ochran\u011b va\u0161eho domova, auta a cennost\u00ed. S osobn\u00edm p\u0159\u00edstupem a odborn\u00fdmi znalostmi v\u00e1s provede sv\u011btem poji\u0161t\u011bn\u00ed ob\u010dansk\u00e9ho majetku, aby va\u0161e cenn\u00e9 v\u011bci byly v\u017edy v bezpe\u010d\u00ed. Jeho expert\u00edza a z\u00e1vazek k detailu zaji\u0161\u0165uj\u00ed, \u017ee najdete poji\u0161t\u011bn\u00ed, kter\u00e9 p\u0159esn\u011b odpov\u00edd\u00e1 va\u0161im pot\u0159eb\u00e1m.","url":"https:\/\/www.srovnator.cz\/autori\/tomas-minarik\/"}]}},"amp_enabled":true,"_links":{"self":[{"href":"https:\/\/www.srovnator.cz\/rest_api\/wp\/v2\/posts\/4546","targetHints":{"allow":["GET"]}}],"collection":[{"href":"https:\/\/www.srovnator.cz\/rest_api\/wp\/v2\/posts"}],"about":[{"href":"https:\/\/www.srovnator.cz\/rest_api\/wp\/v2\/types\/post"}],"author":[{"embeddable":true,"href":"https:\/\/www.srovnator.cz\/rest_api\/wp\/v2\/users\/6"}],"replies":[{"embeddable":true,"href":"https:\/\/www.srovnator.cz\/rest_api\/wp\/v2\/comments?post=4546"}],"version-history":[{"count":1,"href":"https:\/\/www.srovnator.cz\/rest_api\/wp\/v2\/posts\/4546\/revisions"}],"predecessor-version":[{"id":9922,"href":"https:\/\/www.srovnator.cz\/rest_api\/wp\/v2\/posts\/4546\/revisions\/9922"}],"wp:featuredmedia":[{"embeddable":true,"href":"https:\/\/www.srovnator.cz\/rest_api\/wp\/v2\/media\/4547"}],"wp:attachment":[{"href":"https:\/\/www.srovnator.cz\/rest_api\/wp\/v2\/media?parent=4546"}],"wp:term":[{"taxonomy":"category","embeddable":true,"href":"https:\/\/www.srovnator.cz\/rest_api\/wp\/v2\/categories?post=4546"},{"taxonomy":"post_tag","embeddable":true,"href":"https:\/\/www.srovnator.cz\/rest_api\/wp\/v2\/tags?post=4546"}],"curies":[{"name":"wp","href":"https:\/\/api.w.org\/{rel}","templated":true}]}}