{"id":4559,"date":"2019-06-14T07:04:54","date_gmt":"2019-06-14T05:04:54","guid":{"rendered":"https:\/\/www.srovnator.cz\/clanky\/ostatni\/dovolena-na-krete-rady-a-tipy\/"},"modified":"2024-06-24T07:45:49","modified_gmt":"2024-06-24T05:45:49","slug":"dovolena-na-krete-rady-a-tipy","status":"publish","type":"post","link":"https:\/\/www.srovnator.cz\/clanky\/dovolena-na-krete\/","title":{"rendered":"Dovolen\u00e1 na Kr\u00e9t\u011b &#8211; rady a tipy"},"content":{"rendered":"<p><strong>Kr\u00e9ta je\u00a0pova\u017eov\u00e1na za\u00a0m\u00edsto, kde\u00a0se\u00a0zrodil Zeus, vl\u00e1dce olympsk\u00fdch boh\u016f. Dnes je\u00a0Kr\u00e9ta obl\u00edbenou p\u0159\u00edmo\u0159skou destinac\u00ed, kter\u00e1\u00a0turisty l\u00e1k\u00e1 na\u00a0dlouh\u00e9 p\u00edse\u010dn\u00e9 pl\u00e1\u017ee, romantick\u00e9 z\u00e1livy, antick\u00e9 pam\u00e1tky, malebn\u00e1 horsk\u00e1 \u00fadol\u00ed i\u00a0pohostinnost m\u00edstn\u00edch obyvatel. A\u00a0co\u00a0v\u00edc &#8211; Kr\u00e9ta je\u00a0jedn\u00edm z\u00a0nejzelen\u011bj\u0161\u00edch a\u00a0nejteplej\u0161\u00edch ostrov\u016f ve\u00a0St\u0159edozemn\u00edm mo\u0159i.<\/strong><\/p>\n<h2>Poloha a\u00a0podneb\u00ed<\/h2>\n<p>Kr\u00e9ta je\u00a0nejv\u011bt\u0161\u00edm \u0159eck\u00fdm ostrovem. Jej\u00ed rozloha 8 261\u00a0km2 z\u00a0n\u00ed \u010din\u00ed p\u00e1t\u00fd nejv\u011bt\u0161\u00ed ostrov ve\u00a0St\u0159edozemn\u00edm mo\u0159i. Z\u00a0jihu om\u00fdv\u00e1 kr\u00e9tsk\u00e9 pob\u0159e\u017e\u00ed Libyjsk\u00e9 mo\u0159e, ze\u00a0severu Kr\u00e9tsk\u00e9 mo\u0159e. Na\u00a0Kr\u00e9t\u011b ov\u0161em ne\u010dekejte jen\u00a0pl\u00e1\u017ee &#8211; jedn\u00e1 se\u00a0o\u00a0hornat\u00fd ostrov s\u00a0nejvy\u0161\u0161\u00ed horou dosahuj\u00edc\u00ed nadmo\u0159sk\u00e9 v\u00fd\u0161ky 2 456\u00a0m. Sn\u00edh zde na\u00a0vrcholc\u00edch hor b\u011b\u017en\u011b le\u017e\u00ed je\u0161t\u011b v\u00a0kv\u011btnu.<\/p>\n<p>V\u011bt\u0161ina letovisek se\u00a0nach\u00e1z\u00ed na\u00a0severu Kr\u00e9ty, kde\u00a0jsou lep\u0161\u00ed podm\u00ednky ke\u00a0koup\u00e1n\u00ed, p\u0159edev\u0161\u00edm pozvoln\u011b se\u00a0sva\u017euj\u00edc\u00ed pob\u0159e\u017e\u00ed. Jih ostrova je\u00a0naopak charakteristick\u00fd strm\u00fdm pob\u0159e\u017e\u00edm s\u00a0\u00fatesy.<\/p>\n<p>Kr\u00e9ta je\u00a0jedn\u00edm z\u00a0nejteplej\u0161\u00edch m\u00edst \u0158ecka i\u00a0cel\u00e9 Evropy. Po\u010das\u00ed zde panuje typicky st\u0159edozemn\u00ed &#8211; l\u00e9ta jsou slune\u010dn\u00e1, hork\u00e1 a\u00a0such\u00e1 s\u00a0naprosto v\u00fdjime\u010dn\u00fdmi sr\u00e1\u017ekami, zimy jsou m\u00edrn\u00e9 se\u00a0sn\u011bhem v\u00a0hor\u00e1ch a\u00a0de\u0161t\u011bm v\u00a0n\u00ed\u017ein\u00e1ch. Na\u00a0severu Kr\u00e9ty je\u00a0teplota pr\u016fm\u011brn\u011b o\u00a03\u00b0C ni\u017e\u0161\u00ed ne\u017e na\u00a0ji\u017en\u00edm pob\u0159e\u017e\u00ed, co\u017e\u00a0je\u00a0v\u00a0l\u00e9t\u011b v\u00fdhoda. Podobn\u011b tak\u00e9 z\u00e1pad ostrova je\u00a0o\u00a0n\u011bco chladn\u011bj\u0161\u00ed a\u00a0zelen\u011bj\u0161\u00ed ne\u017e vyprahl\u00fd v\u00fdchod. Teplota mo\u0159e b\u00fdv\u00e1 na\u00a0jihu i\u00a0na\u00a0severu srovnateln\u00e1.<\/p>\n<h2>Vstupn\u00ed formality<\/h2>\n<p>Na\u00a0cel\u00e9 \u00fazem\u00ed \u0158ecka mohou turist\u00e9 vstupovat bez zvl\u00e1\u0161tn\u00edch omezen\u00ed. Nen\u00ed ani nutn\u00e9 cestovat s\u00a0cestovn\u00edm pasem, posta\u010d\u00ed v\u00e1m platn\u00fd ob\u010dansk\u00fd pr\u016fkaz. Pl\u00e1nujete-li na\u00a0Kr\u00e9t\u011b \u0159\u00eddit auto nebo sk\u00fatr, co\u017e\u00a0je\u00a0velmi b\u011b\u017en\u00e9, vysta\u010d\u00edte si s\u00a0platn\u00fdm n\u00e1rodn\u00edm \u0159idi\u010dsk\u00fdm pr\u016fkazem a\u00a0mezin\u00e1rodn\u00ed \u0159idi\u010dsk\u00fd pr\u016fkaz po\u00a0v\u00e1s nebude vy\u017eadov\u00e1n.<\/p>\n<h2>U\u017eite\u010dn\u00e9 rady na\u00a0cestu<\/h2>\n<p>Kr\u00e9ta m\u00e1, stejn\u011b jako ka\u017ed\u00e1 turistick\u00e1 destinace, sv\u00e1 specifika, se\u00a0kter\u00fdmi je\u00a0vhodn\u00e9 se\u00a0p\u0159ed\u00a0cestou sezn\u00e1mit. Zejm\u00e9na ti, kte\u0159\u00ed se\u00a0vyd\u00e1vaj\u00ed na\u00a0Kr\u00e9tu poprv\u00e9, by\u00a0m\u011bli v\u011bnovat pozornost n\u00e1sleduj\u00edc\u00edm \u0159\u00e1dk\u016fm:<\/p>\n<ul>\n<li><strong>Siesta<\/strong>. \u0158ekov\u00e9 pat\u0159\u00ed k\u00a0n\u00e1rod\u016fm, kter\u00e9\u00a0dodr\u017euj\u00ed odpoledn\u00ed siestu. M\u011bjte proto na\u00a0pam\u011bti, \u017ee\u00a0obchody a\u00a0restaurace mohou b\u00fdt mezi druhou a\u00a0p\u00e1tou hodinou zav\u0159en\u00e9.<\/li>\n<li><strong>Toalety<\/strong>. Pro\u00a0n\u00e1s velmi nezvyklou z\u00e1le\u017eitost\u00ed je\u00a0zach\u00e1zen\u00ed s\u00a0toaletn\u00edm pap\u00edrem. Ten se\u00a0v\u00a0\u0158ecku po\u00a0pou\u017eit\u00ed nesplachuje do\u00a0z\u00e1chodu, ale odhazuje se\u00a0do\u00a0odpadkov\u00e9ho ko\u0161e. D\u016fvodem je\u00a0p\u0159\u00edli\u0161 \u00fazk\u00e9 kanaliza\u010dn\u00ed potrub\u00ed.<\/li>\n<li><strong>Pron\u00e1jem vozidla<\/strong>. Zap\u016fj\u010den\u00ed sk\u00fatru, auta nebo \u010dty\u0159kolky je\u00a0obl\u00edben\u00fd zp\u016fsob, jak z\u00a0ostrova poznat b\u011bhem kr\u00e1tk\u00e9 dovolen\u00e9 co\u00a0nejv\u00edce. P\u016fj\u010dovny, resp. poji\u0161\u0165ovny zpravidla po\u017eaduj\u00ed, aby\u00a0\u0159idi\u010di bylo alespo\u0148 21 let. Pokud jste mlad\u0161\u00ed a\u00a0v\u00a0p\u016fj\u010dovn\u011b v\u00e1m p\u0159esto auto p\u016fj\u010d\u00ed, pravd\u011bpodobn\u011b nebudete v\u016fbec poji\u0161t\u011bni.<\/li>\n<li><strong>Provoz na\u00a0silnic\u00edch<\/strong>. Budete-li se\u00a0na\u00a0Kr\u00e9t\u011b jako \u0159idi\u010di \u00fa\u010dastnit silni\u010dn\u00edho provozu, dodr\u017eujte p\u0159edpisy, z\u00e1rove\u0148 v\u0161ak nebu\u010fte p\u0159ekvapen\u00ed, \u017ee\u00a0m\u00edstn\u00ed si s\u00a0n\u011bkter\u00fdmi pravidly silni\u010dn\u00edho provozu hlavu p\u0159\u00edli\u0161 nel\u00e1mou. Klidn\u011b jezd\u00ed v\u00a0protism\u011bru v\u00a0jednosm\u011brce, vytv\u00e1\u0159ej\u00ed si dal\u0161\u00ed j\u00edzdn\u00ed pruhy a\u00a0neobt\u011b\u017euj\u00ed se\u00a0pou\u017e\u00edvat blinkry.<\/li>\n<li><strong>Kempov\u00e1n\u00ed v\u00a0p\u0159\u00edrod\u011b<\/strong>. V\u00a0cel\u00e9m \u0158ecku plat\u00ed z\u00e1kaz kempov\u00e1n\u00ed \u201cna divoko\u201d, tedy mimo vyhrazen\u00e9 kempy. Proto pokud jste se\u00a0rozhodli pro\u00a0tento typ dovolen\u00e9, p\u0159esp\u00e1vejte v\u00fdhradn\u011b v\u00a0kempech.<\/li>\n<li><strong>Zdravotn\u00ed rizika<\/strong>. Kr\u00e9ta je\u00a0bezpe\u010dnou destinac\u00ed, kde\u00a0v\u00e1m nehroz\u00ed \u017e\u00e1dn\u00e9 specifick\u00e9 nemoci a\u00a0<a href=\"\/cestovni-pojisteni\/kalkulacka\/#kalkulacka\">zdravotn\u00ed rizika<\/a>. Pozor si dejte na\u00a0pobyt na\u00a0p\u0159\u00edm\u00e9m slunci a\u00a0na\u00a0podmo\u0159sk\u00e9 \u017eivo\u010dichy (med\u00fazy, mur\u00e9ny, rejnoky, je\u017eky). P\u0159ed\u00a0nimi se\u00a0m\u016f\u017eete ochr\u00e1nit t\u00edm, \u017ee\u00a0si obujete boty do\u00a0vody a\u00a0\u017ee\u00a0se\u00a0vyhnete odlehl\u00fdm \u010d\u00e1stem mo\u0159e. Ve\u00a0voln\u00e9 p\u0159\u00edrod\u011b se\u00a0m\u011bjte na\u00a0pozoru p\u0159ed\u00a0zmijemi a\u00a0\u0161t\u00edry, kte\u0159\u00ed by\u00a0v\u00e1s mohli nep\u0159\u00edjemn\u011b kousnout.<\/li>\n<li><strong>Kom\u00e1\u0159i<\/strong>. V\u00a0n\u011bkter\u00fdch turistick\u00fdch oblastech se\u00a0hojn\u011b vyskytuj\u00ed kom\u00e1\u0159i, a\u00a0to\u00a0hlavn\u011b v\u00a0m\u00edstech, kde\u00a0je\u00a0hodn\u011b zelen\u011b (nap\u0159. u\u00a0hotel\u016f um\u00edst\u011bn\u00fdch v\u00a0zahrad\u011b). P\u0159ibalte si proto s\u00a0sebou repelent a\u00a0zva\u017ete, zda si nep\u0159iplat\u00edte za\u00a0klimatizaci, abyste nemuseli v\u011btrat.<\/li>\n<\/ul>\n<h2>Nejzaj\u00edmav\u011bj\u0161\u00ed lokality a\u00a0aktivity<\/h2>\n<h3>M\u00ednojsk\u00fd pal\u00e1c Kn\u00f3ssos<\/h3>\n<img decoding=\"async\" width=\"770\" height=\"578\" src=\"https:\/\/storage.googleapis.com\/wp-resources\/srovnator.cz\/ng\/2022\/06\/1aef5085-dovolena-na-krete-770x578.jpg\" class=\" wp-post-image wp-stateless-item\" alt=\"Dovolen\u00e1 na Kr\u00e9t\u011b &#8211; rady a tipy\" title=\"Dovolen\u00e1 na Kr\u00e9t\u011b &#8211; rady a tipy\" srcset=\"https:\/\/storage.googleapis.com\/wp-resources\/srovnator.cz\/ng\/2022\/06\/1aef5085-dovolena-na-krete-770x578.jpg 770w, https:\/\/storage.googleapis.com\/wp-resources\/srovnator.cz\/ng\/2022\/06\/1aef5085-dovolena-na-krete.jpg 1280w\" sizes=\"(max-width: 770px) 100vw, 770px\" data-image-size=\"medium\" data-stateless-media-bucket=\"wp-resources\" data-stateless-media-name=\"srovnator.cz\/ng\/2022\/06\/1aef5085-dovolena-na-krete.jpg\" \/>\n<p>Bez n\u00e1v\u0161t\u011bvy Kn\u00f3ssu jako byste na\u00a0Kr\u00e9t\u011b ani nebyli. Jedn\u00e1 se\u00a0o\u00a0nejv\u011bt\u0161\u00ed, nejzn\u00e1m\u011bj\u0161\u00ed a\u00a0nejzachovalej\u0161\u00ed archeologickou pam\u00e1tku na\u00a0Kr\u00e9t\u011b a\u00a0z\u00e1rove\u0148 jej\u00ed hlavn\u00ed turistickou atrakci. Mohutn\u00fd komplex m\u00edstnost\u00ed r\u016fzn\u00fdch funkc\u00ed, kter\u00fd\u00a0byl\u00a0postaven kolem roku 1900 p\u0159. n.\u00a0l. a\u00a0ve\u00a0sv\u00e9 dob\u011b byl\u00a0spr\u00e1vn\u00edm a\u00a0politick\u00fdm centrem cel\u00e9 m\u00ednojsk\u00e9 civilizace, se\u00a0nach\u00e1z\u00ed pobl\u00ed\u017e hlavn\u00edho m\u011bsta Heraklion.<\/p>\n<h3>Sout\u011bska Samaria<\/h3>\n<p>Sout\u011bska Samaria se\u00a0nach\u00e1z\u00ed ve\u00a0stejnojmenn\u00e9m n\u00e1rodn\u00edm parku na\u00a0jihoz\u00e1pad\u011b ostrova. Jedn\u00e1 se\u00a0o\u00a0nejzn\u00e1m\u011bj\u0161\u00ed kr\u00e9tskou sout\u011bsku, co\u017e\u00a0je\u00a0v\u00a0sez\u00f3n\u011b skute\u010dn\u011b zn\u00e1t &#8211; denn\u011b tudy projde a\u017e 4 000 turist\u016f. V\u00a0neju\u017e\u0161\u00edm m\u00edst\u011b je\u00a0sout\u011bska \u0161irok\u00e1 pouh\u00e9 3 metry, v\u00a0jej\u00edch nejhlub\u0161\u00edch m\u00edstech jsou sk\u00e1ly vysok\u00e9 a\u017e 600 metr\u016f.<\/p>\n<h3>Historick\u00e9 m\u011bsto Rethymno<\/h3>\n<p><img decoding=\"async\" src=\"https:\/\/storage.googleapis.com\/wp-resources\/srovnator.cz\/2021\/10\/dovolena-na-krete2-770x515.jpg\" alt=\"Pevnost ve\u00a0m\u011bst\u011b Rethymno, Kr\u00e9ta\" width=\"100%\" \/><\/p>\n<p>Na\u00a0severn\u00edm pob\u0159e\u017e\u00ed Kr\u00e9ty se\u00a0nach\u00e1z\u00ed kr\u00e1sn\u00e9 historick\u00e9 m\u011bsto Rethymno s\u00a0p\u0159\u00edstavem. Dominantou a\u00a0nejzn\u00e1m\u011bj\u0161\u00ed turistickou atrakc\u00ed m\u011bsta je\u00a0ben\u00e1tsko-tureck\u00e1 pevnost Fortezza, kter\u00e1\u00a0se\u00a0ty\u010d\u00ed nad\u00a0m\u011bstem a\u00a0odkud je\u00a0na\u00a0m\u011bsto p\u011bkn\u00fd v\u00fdhled.<\/p>\n<h3>Palmov\u00fd h\u00e1j Vai<\/h3>\n<p>Proslul\u00fd palmov\u00fd h\u00e1j, kter\u00fd\u00a0je\u00a0jedin\u00fdm v\u00a0cel\u00e9 Evrop\u011b, najdete na\u00a0v\u00fdchodn\u00edm pob\u0159e\u017e\u00ed ostrova. Unik\u00e1tn\u00ed je\u00a0v\u00a0tom, \u017ee\u00a0zde datlov\u00e9 palmy rostou p\u0159irozen\u011b a\u00a0samy se\u00a0tak\u00e9 rozmno\u017euj\u00ed. Les m\u00e1 rozlohu p\u0159es 250\u00a0ha a\u00a0jeho v\u011bt\u0161\u00ed \u010d\u00e1st je\u00a0oplocen\u00e1, t\u00edm p\u00e1dem nep\u0159\u00edstupn\u00e1. K\u00a0jedn\u00e9 stran\u011b lesa p\u0159il\u00e9h\u00e1 dlouh\u00e1 p\u00edse\u010dn\u00e1 pl\u00e1\u017e. Na\u00a0skalnat\u00e9m v\u00fdb\u011b\u017eku nad\u00a0n\u00ed je\u00a0vyhl\u00eddka, kter\u00e1\u00a0sk\u00fdt\u00e1 kr\u00e1sn\u00fd pohled na\u00a0celou z\u00e1toku.<\/p>\n<h3>Kl\u00e1\u0161ter Arkadi<\/h3>\n<p><img decoding=\"async\" src=\"https:\/\/storage.googleapis.com\/wp-resources\/srovnator.cz\/2021\/10\/dovolena-na-krete4-770x639.jpg\" alt=\"Kl\u00e1\u0161ter Arkadi, Kr\u00e9ta\" width=\"100%\" \/><\/p>\n<p>Kl\u00e1\u0161ter Arkadi je\u00a0nejen kr\u00e1snou uk\u00e1zkou kr\u00e9tsk\u00e9 renesan\u010dn\u00ed architektury, ale p\u0159edev\u0161\u00edm sv\u011bdkem jedn\u00e9 z\u00a0nejtragi\u010dt\u011bj\u0161\u00edch ud\u00e1lost\u00ed kr\u00e9tsk\u00fdch d\u011bjin. V\u00a0roce 1866 se\u00a0zde p\u0159ed\u00a0Turky ukryly stovky Kr\u00e9\u0165an\u016f. Osmansk\u00fdm \u00fato\u010dn\u00edk\u016fm by\u00a0se\u00a0v\u0161ak neubr\u00e1nili, proto nechali do\u00a0pevnosti vniknout tis\u00edce Turk\u016f a\u00a0zap\u00e1lili sklad se\u00a0st\u0159eln\u00fdm prachem, n\u00e1sledkem \u010deho\u017e v\u0161ichni (v\u010detn\u011b tis\u00edc\u016f Turk\u016f) padli. Kl\u00e1\u0161ter se\u00a0proto stal symbolem hrdinstv\u00ed a\u00a0odporu proti tureck\u00e9 okupaci.<\/p>\n<h3>Pl\u00e1\u017e Elafonissi<\/h3>\n<p>Elafonissi pat\u0159\u00ed mezi <a href=\"\/clanky\/nejlepsi-evropske-plaze\/\">des\u00edtku nejkr\u00e1sn\u011bj\u0161\u00edch pl\u00e1\u017e\u00ed Evropy<\/a>. A\u017e toto m\u00edsto nav\u0161t\u00edv\u00edte, pochop\u00edte, pro\u010d se\u00a0mu \u0159\u00edk\u00e1 \u201cTichomo\u0159\u00ed St\u0159edozemn\u00edho mo\u0159e\u201d &#8211; m\u016f\u017ee za\u00a0to\u00a0pr\u016fzra\u010dn\u00e1 voda v\u00a0mnoha odst\u00ednech modr\u00e9, b\u00edl\u00fd p\u00edsek s\u00a0r\u016f\u017eov\u00fdm n\u00e1dechem a\u00a0mo\u0159e hlubok\u00e9 jen\u00a0n\u011bkolik des\u00edtek centimetr\u016f.<\/p>\n<h3>Laguna Balos<\/h3>\n<p><img decoding=\"async\" src=\"https:\/\/storage.googleapis.com\/wp-resources\/srovnator.cz\/2021\/10\/dovolena-na-krete3-770x516.jpg\" alt=\"Laguna Balos, Kr\u00e9ta\" width=\"100%\" \/><\/p>\n<p>Pl\u00e1\u017e a\u00a0laguna Balos je\u00a0dal\u0161\u00edm m\u00edstem, kde\u00a0si budete p\u0159ipadat jako v\u00a0Tichomo\u0159\u00ed. Jemn\u00fd nar\u016f\u017eov\u011bl\u00fd p\u00edsek kr\u00e1sn\u011b lad\u00ed s\u00a0pr\u016fzra\u010dnou, klidnou vodou, kter\u00e1\u00a0je\u00a0tak\u00a0m\u011blk\u00e1, \u017ee\u00a0se\u00a0m\u016f\u017eete brouzdat des\u00edtky metr\u016f od\u00a0b\u0159ehu.<\/p>\n<h2>Orienta\u010dn\u00ed ceny na\u00a0Kr\u00e9t\u011b<\/h2>\n<p>Ceny se\u00a0na\u00a0Kr\u00e9t\u011b mohou li\u0161it podle oblasti. Obecn\u011b plat\u00ed, \u017ee\u00a0jsou ceny na\u00a0Kr\u00e9t\u011b ni\u017e\u0161\u00ed ne\u017e v\u00a0kontinent\u00e1ln\u00ed \u010d\u00e1sti \u0158ecka a\u00a0\u017ee\u00a0na\u00a0jihu je\u00a0levn\u011bji ne\u017e na\u00a0severu ostrova. T\u0159i nejpodstatn\u011bj\u0161\u00ed polo\u017eky dovolen\u00e9 jsou na\u00a0tom po\u00a0finan\u010dn\u00ed str\u00e1nce n\u00e1sledovn\u011b:<\/p>\n<ul>\n<li><strong>Potraviny<\/strong> v\u00a0obchodech jsou o\u00a0n\u011bco dra\u017e\u0161\u00ed ne\u017e v\u00a0\u010cesku. Za\u00a0ve\u010de\u0159i v\u00a0restauraci utrat\u00edte zpravidla 10\u00a0&#8211;\u00a015\u00a0\u20ac.<\/li>\n<li>Na\u00a0<strong>ubytov\u00e1n\u00ed<\/strong> ve\u00a0dvoul\u016f\u017ekov\u00e9m pokoji se\u00a0sn\u00eddan\u00ed si v\u00a0sez\u00f3n\u011b p\u0159ipravte pr\u016fm\u011brn\u011b 2\u00a0000\u00a0K\u010d (za pokoj a\u00a0za\u00a0noc).<\/li>\n<li>Zp\u00e1te\u010dn\u00ed <strong>letenka<\/strong> z\u00a0Prahy na\u00a0Kr\u00e9tu pro\u00a0jednoho dosp\u011bl\u00e9ho vyjde p\u0159ibli\u017en\u011b na\u00a07\u00a0000\u00a0K\u010d.<\/li>\n<\/ul>\n","protected":false},"excerpt":{"rendered":"<p>Nejv\u011bt\u0161\u00ed \u0159eck\u00fd ostrov je obl\u00edbenou destinac\u00ed nejen pro \u010desk\u00e9 turisty. Co na Kr\u00e9t\u011b nav\u0161t\u00edvit a na co si d\u00e1t pozor, aby dovolen\u00e1 prob\u011bhla podle va\u0161ich p\u0159edstav?<\/p>\n","protected":false},"author":5,"featured_media":4560,"comment_status":"closed","ping_status":"closed","sticky":false,"template":"","format":"standard","meta":{"_acf_changed":false,"footnotes":""},"categories":[8],"tags":[539,773,381,816,672,731,938,648],"class_list":["post-4559","post","type-post","status-publish","format-standard","has-post-thumbnail","hentry","category-cestovni-pojisteni","tag-cestovani","tag-destinace","tag-dovolena","tag-evropa","tag-leto","tag-odpocinek","tag-rady-a-tipy","tag-recko"],"acf":{"znacka":"","model":"","objem":"","vyrobeno":"","vykon":"","velikost_1":"","velikost_2":"","velikost_3":"","velikost_4":"","roky":"","roky_velikost_1":"","roky_velikost_2":"","roky_velikost_3":"","roky_velikost_4":"","pocet_kalkulaci":0,"page_post_meta_bread":"Dovolen\u00e1 na Kr\u00e9t\u011b","page_post_meta_bread_child":"","page_post_meta_script_head":"","page_post_meta_leaving_screen":"cat"},"yoast_head":"<!-- This site is optimized with the Yoast SEO plugin v25.5 - https:\/\/yoast.com\/wordpress\/plugins\/seo\/ -->\n<title>Dovolen\u00e1 na Kr\u00e9t\u011b - Srovn\u00e1tor.cz<\/title>\n<meta name=\"description\" content=\"Nejv\u011bt\u0161\u00ed \u0159eck\u00fd ostrov je obl\u00edbenou destinac\u00ed nejen pro \u010desk\u00e9 turisty. Co na Kr\u00e9t\u011b nav\u0161t\u00edvit a na co si d\u00e1t pozor, aby dovolen\u00e1 prob\u011bhla podle va\u0161ich p\u0159edstav?\" \/>\n<meta name=\"robots\" content=\"index, follow, max-snippet:-1, max-image-preview:large, max-video-preview:-1\" \/>\n<link rel=\"canonical\" href=\"https:\/\/www.srovnator.cz\/clanky\/dovolena-na-krete\/\" \/>\n<meta property=\"og:locale\" content=\"cs_CZ\" \/>\n<meta property=\"og:type\" content=\"article\" \/>\n<meta property=\"og:title\" content=\"Dovolen\u00e1 na Kr\u00e9t\u011b - Srovn\u00e1tor.cz\" \/>\n<meta property=\"og:description\" content=\"Nejv\u011bt\u0161\u00ed \u0159eck\u00fd ostrov je obl\u00edbenou destinac\u00ed nejen pro \u010desk\u00e9 turisty. Co na Kr\u00e9t\u011b nav\u0161t\u00edvit a na co si d\u00e1t pozor, aby dovolen\u00e1 prob\u011bhla podle va\u0161ich p\u0159edstav?\" \/>\n<meta property=\"og:url\" content=\"https:\/\/www.srovnator.cz\/clanky\/dovolena-na-krete\/\" \/>\n<meta property=\"og:site_name\" content=\"Srovn\u00e1tor.cz\" \/>\n<meta property=\"article:publisher\" content=\"https:\/\/www.facebook.com\/srovnator\/\" \/>\n<meta property=\"article:published_time\" content=\"2019-06-14T05:04:54+00:00\" \/>\n<meta property=\"article:modified_time\" content=\"2024-06-24T05:45:49+00:00\" \/>\n<meta property=\"og:image\" content=\"https:\/\/storage.googleapis.com\/wp-resources\/srovnator.cz\/ng\/2022\/06\/1aef5085-dovolena-na-krete.jpg\" \/>\n\t<meta property=\"og:image:width\" content=\"1280\" \/>\n\t<meta property=\"og:image:height\" content=\"960\" \/>\n\t<meta property=\"og:image:type\" content=\"image\/jpeg\" \/>\n<meta name=\"author\" content=\"Martin Dane\u0161\" \/>\n<meta name=\"twitter:card\" content=\"summary_large_image\" \/>\n<meta name=\"twitter:creator\" content=\"@Srovnator_czech\" \/>\n<meta name=\"twitter:site\" content=\"@Srovnator_czech\" \/>\n<meta name=\"twitter:label1\" content=\"Written by\" \/>\n\t<meta name=\"twitter:data1\" content=\"Martin Dane\u0161\" \/>\n\t<meta name=\"twitter:label2\" content=\"Est. reading time\" \/>\n\t<meta name=\"twitter:data2\" content=\"7 minutes\" \/>\n<script type=\"application\/ld+json\" class=\"yoast-schema-graph\">{\"@context\":\"https:\/\/schema.org\",\"@graph\":[{\"@type\":\"WebPage\",\"@id\":\"https:\/\/www.srovnator.cz\/clanky\/dovolena-na-krete\/\",\"url\":\"https:\/\/www.srovnator.cz\/clanky\/dovolena-na-krete\/\",\"name\":\"Dovolen\u00e1 na Kr\u00e9t\u011b - Srovn\u00e1tor.cz\",\"isPartOf\":{\"@id\":\"https:\/\/www.srovnator.cz\/#website\"},\"primaryImageOfPage\":{\"@id\":\"https:\/\/www.srovnator.cz\/clanky\/dovolena-na-krete\/#primaryimage\"},\"image\":{\"@id\":\"https:\/\/www.srovnator.cz\/clanky\/dovolena-na-krete\/#primaryimage\"},\"thumbnailUrl\":\"https:\/\/storage.googleapis.com\/wp-resources\/srovnator.cz\/ng\/2022\/06\/1aef5085-dovolena-na-krete.jpg\",\"datePublished\":\"2019-06-14T05:04:54+00:00\",\"dateModified\":\"2024-06-24T05:45:49+00:00\",\"author\":{\"@id\":\"https:\/\/www.srovnator.cz\/#\/schema\/person\/46d10e971bff43faa91c35835126aa3b\"},\"description\":\"Nejv\u011bt\u0161\u00ed \u0159eck\u00fd ostrov je obl\u00edbenou destinac\u00ed nejen pro \u010desk\u00e9 turisty. Co na Kr\u00e9t\u011b nav\u0161t\u00edvit a na co si d\u00e1t pozor, aby dovolen\u00e1 prob\u011bhla podle va\u0161ich p\u0159edstav?\",\"inLanguage\":\"cs-CZ\",\"potentialAction\":[{\"@type\":\"ReadAction\",\"target\":[\"https:\/\/www.srovnator.cz\/clanky\/dovolena-na-krete\/\"]}]},{\"@type\":\"ImageObject\",\"inLanguage\":\"cs-CZ\",\"@id\":\"https:\/\/www.srovnator.cz\/clanky\/dovolena-na-krete\/#primaryimage\",\"url\":\"https:\/\/storage.googleapis.com\/wp-resources\/srovnator.cz\/ng\/2022\/06\/1aef5085-dovolena-na-krete.jpg\",\"contentUrl\":\"https:\/\/storage.googleapis.com\/wp-resources\/srovnator.cz\/ng\/2022\/06\/1aef5085-dovolena-na-krete.jpg\",\"width\":1280,\"height\":960,\"caption\":\"Pal\u00e1c Kn\u00f3ssos, Kr\u00e9ta\"},{\"@type\":\"WebSite\",\"@id\":\"https:\/\/www.srovnator.cz\/#website\",\"url\":\"https:\/\/www.srovnator.cz\/\",\"name\":\"Srovn\u00e1tor.cz\",\"description\":\"\",\"potentialAction\":[{\"@type\":\"SearchAction\",\"target\":{\"@type\":\"EntryPoint\",\"urlTemplate\":\"https:\/\/www.srovnator.cz\/?s={search_term_string}\"},\"query-input\":{\"@type\":\"PropertyValueSpecification\",\"valueRequired\":true,\"valueName\":\"search_term_string\"}}],\"inLanguage\":\"cs-CZ\"},{\"@type\":\"Person\",\"@id\":\"https:\/\/www.srovnator.cz\/#\/schema\/person\/46d10e971bff43faa91c35835126aa3b\",\"name\":\"Martin Dane\u0161\",\"image\":{\"@type\":\"ImageObject\",\"inLanguage\":\"cs-CZ\",\"@id\":\"https:\/\/www.srovnator.cz\/#\/schema\/person\/image\/\",\"url\":\"https:\/\/secure.gravatar.com\/avatar\/5cac60568def8a68791e2b771a3394888cf55828e445636dfc99f7ccd1e1d1b8?s=96&d=mm&r=g\",\"contentUrl\":\"https:\/\/secure.gravatar.com\/avatar\/5cac60568def8a68791e2b771a3394888cf55828e445636dfc99f7ccd1e1d1b8?s=96&d=mm&r=g\",\"caption\":\"Martin Dane\u0161\"},\"description\":\"Jsem Martin Dane\u0161, obchodn\u00ed \u0159editel Srovn\u00e1tor.cz. Na\u0161\u00edm c\u00edlem je naj\u00edt pro v\u00e1s v\u017edy to nejvhodn\u011bj\u0161\u00ed poji\u0161t\u011bn\u00ed dle va\u0161ich pot\u0159eb. D\u00edky \u0161irok\u00e9mu portfoliu produkt\u016f od v\u0161ech v\u00fdznamn\u00fdch poji\u0161\u0165oven v\u00e1m dok\u00e1\u017eeme poskytnout \u0159e\u0161en\u00ed odpov\u00eddaj\u00edc\u00ed va\u0161im p\u0159edstav\u00e1m. Kdy\u017e budete m\u00edt jak\u00fdkoliv produktov\u00fd dotaz, nev\u00e1hejte se na n\u00e1s obr\u00e1tit na info@srovnator.cz\",\"url\":\"https:\/\/www.srovnator.cz\/autori\/martin-danes\/\"}]}<\/script>\n<!-- \/ Yoast SEO plugin. -->","yoast_head_json":{"title":"Dovolen\u00e1 na Kr\u00e9t\u011b - Srovn\u00e1tor.cz","description":"Nejv\u011bt\u0161\u00ed \u0159eck\u00fd ostrov je obl\u00edbenou destinac\u00ed nejen pro \u010desk\u00e9 turisty. Co na Kr\u00e9t\u011b nav\u0161t\u00edvit a na co si d\u00e1t pozor, aby dovolen\u00e1 prob\u011bhla podle va\u0161ich p\u0159edstav?","robots":{"index":"index","follow":"follow","max-snippet":"max-snippet:-1","max-image-preview":"max-image-preview:large","max-video-preview":"max-video-preview:-1"},"canonical":"https:\/\/www.srovnator.cz\/clanky\/dovolena-na-krete\/","og_locale":"cs_CZ","og_type":"article","og_title":"Dovolen\u00e1 na Kr\u00e9t\u011b - Srovn\u00e1tor.cz","og_description":"Nejv\u011bt\u0161\u00ed \u0159eck\u00fd ostrov je obl\u00edbenou destinac\u00ed nejen pro \u010desk\u00e9 turisty. Co na Kr\u00e9t\u011b nav\u0161t\u00edvit a na co si d\u00e1t pozor, aby dovolen\u00e1 prob\u011bhla podle va\u0161ich p\u0159edstav?","og_url":"https:\/\/www.srovnator.cz\/clanky\/dovolena-na-krete\/","og_site_name":"Srovn\u00e1tor.cz","article_publisher":"https:\/\/www.facebook.com\/srovnator\/","article_published_time":"2019-06-14T05:04:54+00:00","article_modified_time":"2024-06-24T05:45:49+00:00","og_image":[{"width":1280,"height":960,"url":"https:\/\/storage.googleapis.com\/wp-resources\/srovnator.cz\/ng\/2022\/06\/1aef5085-dovolena-na-krete.jpg","type":"image\/jpeg"}],"author":"Martin Dane\u0161","twitter_card":"summary_large_image","twitter_creator":"@Srovnator_czech","twitter_site":"@Srovnator_czech","twitter_misc":{"Written by":"Martin Dane\u0161","Est. reading time":"7 minutes"},"schema":{"@context":"https:\/\/schema.org","@graph":[{"@type":"WebPage","@id":"https:\/\/www.srovnator.cz\/clanky\/dovolena-na-krete\/","url":"https:\/\/www.srovnator.cz\/clanky\/dovolena-na-krete\/","name":"Dovolen\u00e1 na Kr\u00e9t\u011b - Srovn\u00e1tor.cz","isPartOf":{"@id":"https:\/\/www.srovnator.cz\/#website"},"primaryImageOfPage":{"@id":"https:\/\/www.srovnator.cz\/clanky\/dovolena-na-krete\/#primaryimage"},"image":{"@id":"https:\/\/www.srovnator.cz\/clanky\/dovolena-na-krete\/#primaryimage"},"thumbnailUrl":"https:\/\/storage.googleapis.com\/wp-resources\/srovnator.cz\/ng\/2022\/06\/1aef5085-dovolena-na-krete.jpg","datePublished":"2019-06-14T05:04:54+00:00","dateModified":"2024-06-24T05:45:49+00:00","author":{"@id":"https:\/\/www.srovnator.cz\/#\/schema\/person\/46d10e971bff43faa91c35835126aa3b"},"description":"Nejv\u011bt\u0161\u00ed \u0159eck\u00fd ostrov je obl\u00edbenou destinac\u00ed nejen pro \u010desk\u00e9 turisty. Co na Kr\u00e9t\u011b nav\u0161t\u00edvit a na co si d\u00e1t pozor, aby dovolen\u00e1 prob\u011bhla podle va\u0161ich p\u0159edstav?","inLanguage":"cs-CZ","potentialAction":[{"@type":"ReadAction","target":["https:\/\/www.srovnator.cz\/clanky\/dovolena-na-krete\/"]}]},{"@type":"ImageObject","inLanguage":"cs-CZ","@id":"https:\/\/www.srovnator.cz\/clanky\/dovolena-na-krete\/#primaryimage","url":"https:\/\/storage.googleapis.com\/wp-resources\/srovnator.cz\/ng\/2022\/06\/1aef5085-dovolena-na-krete.jpg","contentUrl":"https:\/\/storage.googleapis.com\/wp-resources\/srovnator.cz\/ng\/2022\/06\/1aef5085-dovolena-na-krete.jpg","width":1280,"height":960,"caption":"Pal\u00e1c Kn\u00f3ssos, Kr\u00e9ta"},{"@type":"WebSite","@id":"https:\/\/www.srovnator.cz\/#website","url":"https:\/\/www.srovnator.cz\/","name":"Srovn\u00e1tor.cz","description":"","potentialAction":[{"@type":"SearchAction","target":{"@type":"EntryPoint","urlTemplate":"https:\/\/www.srovnator.cz\/?s={search_term_string}"},"query-input":{"@type":"PropertyValueSpecification","valueRequired":true,"valueName":"search_term_string"}}],"inLanguage":"cs-CZ"},{"@type":"Person","@id":"https:\/\/www.srovnator.cz\/#\/schema\/person\/46d10e971bff43faa91c35835126aa3b","name":"Martin Dane\u0161","image":{"@type":"ImageObject","inLanguage":"cs-CZ","@id":"https:\/\/www.srovnator.cz\/#\/schema\/person\/image\/","url":"https:\/\/secure.gravatar.com\/avatar\/5cac60568def8a68791e2b771a3394888cf55828e445636dfc99f7ccd1e1d1b8?s=96&d=mm&r=g","contentUrl":"https:\/\/secure.gravatar.com\/avatar\/5cac60568def8a68791e2b771a3394888cf55828e445636dfc99f7ccd1e1d1b8?s=96&d=mm&r=g","caption":"Martin Dane\u0161"},"description":"Jsem Martin Dane\u0161, obchodn\u00ed \u0159editel Srovn\u00e1tor.cz. Na\u0161\u00edm c\u00edlem je naj\u00edt pro v\u00e1s v\u017edy to nejvhodn\u011bj\u0161\u00ed poji\u0161t\u011bn\u00ed dle va\u0161ich pot\u0159eb. D\u00edky \u0161irok\u00e9mu portfoliu produkt\u016f od v\u0161ech v\u00fdznamn\u00fdch poji\u0161\u0165oven v\u00e1m dok\u00e1\u017eeme poskytnout \u0159e\u0161en\u00ed odpov\u00eddaj\u00edc\u00ed va\u0161im p\u0159edstav\u00e1m. Kdy\u017e budete m\u00edt jak\u00fdkoliv produktov\u00fd dotaz, nev\u00e1hejte se na n\u00e1s obr\u00e1tit na info@srovnator.cz","url":"https:\/\/www.srovnator.cz\/autori\/martin-danes\/"}]}},"amp_enabled":true,"_links":{"self":[{"href":"https:\/\/www.srovnator.cz\/rest_api\/wp\/v2\/posts\/4559","targetHints":{"allow":["GET"]}}],"collection":[{"href":"https:\/\/www.srovnator.cz\/rest_api\/wp\/v2\/posts"}],"about":[{"href":"https:\/\/www.srovnator.cz\/rest_api\/wp\/v2\/types\/post"}],"author":[{"embeddable":true,"href":"https:\/\/www.srovnator.cz\/rest_api\/wp\/v2\/users\/5"}],"replies":[{"embeddable":true,"href":"https:\/\/www.srovnator.cz\/rest_api\/wp\/v2\/comments?post=4559"}],"version-history":[{"count":1,"href":"https:\/\/www.srovnator.cz\/rest_api\/wp\/v2\/posts\/4559\/revisions"}],"predecessor-version":[{"id":9591,"href":"https:\/\/www.srovnator.cz\/rest_api\/wp\/v2\/posts\/4559\/revisions\/9591"}],"wp:featuredmedia":[{"embeddable":true,"href":"https:\/\/www.srovnator.cz\/rest_api\/wp\/v2\/media\/4560"}],"wp:attachment":[{"href":"https:\/\/www.srovnator.cz\/rest_api\/wp\/v2\/media?parent=4559"}],"wp:term":[{"taxonomy":"category","embeddable":true,"href":"https:\/\/www.srovnator.cz\/rest_api\/wp\/v2\/categories?post=4559"},{"taxonomy":"post_tag","embeddable":true,"href":"https:\/\/www.srovnator.cz\/rest_api\/wp\/v2\/tags?post=4559"}],"curies":[{"name":"wp","href":"https:\/\/api.w.org\/{rel}","templated":true}]}}