{"id":4711,"date":"2019-09-25T05:31:37","date_gmt":"2019-09-25T03:31:37","guid":{"rendered":"https:\/\/www.srovnator.cz\/clanky\/ostatni\/jak-spravne-zazimovat-motorku\/"},"modified":"2024-06-24T07:58:03","modified_gmt":"2024-06-24T05:58:03","slug":"jak-spravne-zazimovat-motorku","status":"publish","type":"post","link":"https:\/\/www.srovnator.cz\/clanky\/priprava-motorky-na-zimu\/","title":{"rendered":"Jak spr\u00e1vn\u011b zazimovat motorku"},"content":{"rendered":"<p><strong>P\u0159\u00edprava motorky na zimu neobn\u00e1\u0161\u00ed pouze postavit ji do gar\u00e1\u017ee a p\u0159ehodit p\u0159es ni plachtu. Chcete-li po zim\u011b hned vyrazit na jarn\u00ed proj\u00ed\u017e\u010fku, nem\u011bli byste zazimov\u00e1n\u00ed sv\u00e9ho motocyklu podcenit. Jedn\u00e1 se o p\u00e1r jednoduch\u00fdch krok\u016f, d\u00edky kter\u00fdm v\u00e1m ale stroj vydr\u017e\u00ed dlouho v dobr\u00e9m stavu a odvd\u011b\u010d\u00ed se bezstarostnou j\u00edzdou.<\/strong><\/p>\n<img decoding=\"async\" width=\"770\" height=\"513\" src=\"https:\/\/storage.googleapis.com\/wp-resources\/srovnator.cz\/ng\/2022\/06\/65ee2e52-priprava-motorky-na-zimu-770x513.jpg\" class=\" wp-post-image wp-stateless-item\" alt=\"Jak spr\u00e1vn\u011b zazimovat motorku\" title=\"Jak spr\u00e1vn\u011b zazimovat motorku\" srcset=\"https:\/\/storage.googleapis.com\/wp-resources\/srovnator.cz\/ng\/2022\/06\/65ee2e52-priprava-motorky-na-zimu-770x513.jpg 770w, https:\/\/storage.googleapis.com\/wp-resources\/srovnator.cz\/ng\/2022\/06\/65ee2e52-priprava-motorky-na-zimu.jpg 1280w\" sizes=\"(max-width: 770px) 100vw, 770px\" data-image-size=\"medium\" data-stateless-media-bucket=\"wp-resources\" data-stateless-media-name=\"srovnator.cz\/ng\/2022\/06\/65ee2e52-priprava-motorky-na-zimu.jpg\" \/>\n<p>Z\u00e1kladem toho, aby v\u00e1m motorka slou\u017eila dlouhou dobu, je jej\u00ed \u0159\u00e1dn\u00e9 omyt\u00ed p\u0159ed zimou. To znamen\u00e1, \u017ee byste svoji pozornost m\u011bli zam\u011b\u0159it i na ta m\u00edsta, kter\u00e1 p\u0159i b\u011b\u017en\u00e9m myt\u00ed v pr\u016fb\u011bhu roku nech\u00e1v\u00e1te bez pov\u0161imnut\u00ed. Ne\u010distoty se toti\u017e mohou nach\u00e1zet i na m\u00e1lo dostupn\u00fdch m\u00edstech, po skon\u010den\u00ed sezony byste je proto m\u011bli d\u016fkladn\u011b vy\u010distit. Sou\u010dasn\u011b s myt\u00edm i zkontrolujte, zda jsou v\u0161echny \u0161rouby uta\u017eeny, d\u016fsledn\u00fdm omyt\u00edm nav\u00edc m\u016f\u017eete objevit i n\u011bkter\u00e9 men\u0161\u00ed <a href=\"https:\/\/www.srovnator.cz\/clanky\/co-mohu-delat-pro-prodlouzeni-zivotnosti-vozu\/\">z\u00e1vady<\/a>. Na co dal\u0161\u00edho byste nem\u011bli zapomenout?<\/p>\n<ul>\n<li><strong>natankujte plnou<\/strong> &#8211; p\u0159ed zimou natankujte plnou n\u00e1dr\u017e kvalitn\u00edm palivem a p\u0159idejte p\u0159\u00edslu\u0161n\u00e1 aditiva, t\u00edm zabr\u00e1n\u00edte vzniku koroze v n\u00e1dr\u017ei<\/li>\n<li><strong>motorku postavte na stojan<\/strong> &#8211; p\u0159ed uskladn\u011bn\u00edm dofoukn\u011bte pneumatiky na tlak doporu\u010den\u00fd v\u00fdrobcem, postav\u00edte-li motorku na stojan, zabr\u00e1n\u00edte jejich deformit\u00e1m. Nem\u00e1te-li stojan k dispozici, pneumatiky lehce p\u0159ehust\u011bte a jednou za \u010das je b\u011bhem zimy lehce pooto\u010dte.<\/li>\n<li><strong>vy\u010dist\u011bte \u0159et\u011bz<\/strong> &#8211; \u0159et\u011bz vy\u010dist\u011bte p\u0159\u00edpravkem k tomu ur\u010den\u00fdm a pot\u00e9 ho nama\u017ete olejem, p\u0159edejdete tak jeho zreziv\u011bn\u00ed. Zkontrolujte i prov\u011b\u0161en\u00ed, nem\u011bl by b\u00fdt moc napnut\u00fd ani p\u0159\u00edli\u0161 prov\u011b\u0161en\u00fd.<\/li>\n<li><strong>proma\u017ete pohybliv\u00e9 \u010d\u00e1sti<\/strong> &#8211; namazat olejem byste m\u011bli i ve\u0161ker\u00e9 pohybliv\u00e9 \u010d\u00e1sti na motocyklu jako je v\u00e1lec, plynov\u00e9 a brzdov\u00e9 p\u00e1\u010dky, lanka a klouby<\/li>\n<li><strong>baterii uskladn\u011bte<\/strong> &#8211; baterii vyjm\u011bte, dejte na such\u00e9 m\u00edsto, kde se dr\u017e\u00ed st\u00e1l\u00e1 teplota. P\u0159ipojte na inteligentn\u00ed nab\u00edje\u010dku, kter\u00e1 pozn\u00e1, kdy je pot\u0159eba baterii dob\u00edt. Nem\u00e1te-li takovou nab\u00edje\u010dku, dob\u00edjejte baterii jednou m\u011bs\u00ed\u010dn\u011b.<\/li>\n<li><strong>vym\u011b\u0148te olej<\/strong> &#8211; vym\u011bn\u00edte-li olej u\u017e na podzim, l\u00e9pe zabr\u00e1n\u00edte korozi uvnit\u0159 motoru<\/li>\n<li><strong>motorku p\u0159ekryjte<\/strong> &#8211; p\u0159es zimu je vhodn\u00e9 motorku p\u0159ikr\u00fdt plachtou, aby se na n\u00ed neusazovaly prach a ne\u010distoty. Plachta by m\u011bla b\u00fdt prody\u0161n\u00e1, aby se pod n\u00ed nesr\u00e1\u017eela vlhkost.<\/li>\n<\/ul>\n<p>P\u00e9\u010di v\u011bnujte i ostatn\u00edmu vybaven\u00ed, p\u0159eci jen te\u010f bude p\u00e1r m\u011bs\u00edc\u016f le\u017eet nevyu\u017eit\u00e9 ve sk\u0159\u00edni. Ko\u017een\u00e9 oble\u010den\u00ed p\u0159et\u0159ete kvalitn\u00edm voskem, materi\u00e1l si tak uchov\u00e1 sv\u00e9 vlastnosti a nezpuch\u0159\u00ed. Textiln\u00ed oble\u010den\u00ed vyperte, nezapome\u0148te ani na vnit\u0159ek p\u0159ilby.<\/p>\n<div id=\"mouseposition-extension-element-full-container\" style=\"position: fixed; top: 0px; left: 0px; right: 0px; bottom: 0px; pointer-events: none; z-index: 2147483647; font-weight: 400;\">\n<div id=\"mouseposition-extension-element-rect-display\" style=\"display: none; position: absolute; background: rgba(255, 255, 255, 0.7); outline: black solid 1px; font-size: 12px; z-index: 2147483647; justify-content: center; align-items: center; user-select: none; cursor: default; color: #000000; font-family: 'Helvetica Neue', Helvetica, Arial, sans-serif; width: 0px; height: 0px;\">\n<pre style=\"flex: 1 1 0%; text-align: center; background-color: rgba(255, 255, 255, 0.7); color: #000000; min-width: 42px; min-height: 12px; transition: all 1s ease 0s;\"><\/pre>\n<\/div>\n<pre id=\"mouseposition-extension-element-coordinate-display\" style=\"position: absolute; display: none; background: #ffffff; font-size: 12px; line-height: 14px; border-radius: 3px; border-width: 1px; border-color: #222222 black #333333; border-style: solid; padding: 3px; z-index: 2147483647; color: #222222; user-select: none; cursor: default; font-family: 'Helvetica Neue', Helvetica, Arial, sans-serif;\"><\/pre>\n<\/div>\n","protected":false},"excerpt":{"rendered":"<p>S p\u0159\u00edchodem chladn\u011bj\u0161\u00edho po\u010das\u00ed kon\u010d\u00ed pro n\u011bkter\u00e9 motork\u00e1\u0159e sezona. Abyste na motorku mohli na ja\u0159e bez obav op\u011bt vyrazit, je pot\u0159eba ji p\u0159ipravit na zimu.<\/p>\n","protected":false},"author":7,"featured_media":4712,"comment_status":"closed","ping_status":"closed","sticky":false,"template":"","format":"standard","meta":{"_acf_changed":false,"footnotes":""},"categories":[1],"tags":[394,477,645,442,481,482],"class_list":["post-4711","post","type-post","status-publish","format-standard","has-post-thumbnail","hentry","category-ostatni","tag-bezpecna-jizda","tag-motocykl","tag-tipy","tag-vybava","tag-zazimovani","tag-zima"],"acf":{"znacka":"","model":"","objem":"","vyrobeno":"","vykon":"","velikost_1":"","velikost_2":"","velikost_3":"","velikost_4":"","roky":"","roky_velikost_1":"","roky_velikost_2":"","roky_velikost_3":"","roky_velikost_4":"","pocet_kalkulaci":0,"page_post_meta_bread":"P\u0159\u00edprava motorky na zimu","page_post_meta_bread_child":"","page_post_meta_script_head":"","page_post_meta_leaving_screen":"cat"},"yoast_head":"<!-- This site is optimized with the Yoast SEO plugin v25.5 - https:\/\/yoast.com\/wordpress\/plugins\/seo\/ -->\n<title>P\u0159\u00edprava motorky na zimu - Srovn\u00e1tor.cz<\/title>\n<meta name=\"description\" content=\"S p\u0159\u00edchodem chladn\u011bj\u0161\u00edho po\u010das\u00ed kon\u010d\u00ed pro n\u011bkter\u00e9 motork\u00e1\u0159e sezona. Abyste na motorku mohli na ja\u0159e bez obav op\u011bt vyrazit, je pot\u0159eba ji p\u0159ipravit na zimu.\" \/>\n<meta name=\"robots\" content=\"index, follow, max-snippet:-1, max-image-preview:large, max-video-preview:-1\" \/>\n<link rel=\"canonical\" href=\"https:\/\/www.srovnator.cz\/clanky\/priprava-motorky-na-zimu\/\" \/>\n<meta property=\"og:locale\" content=\"cs_CZ\" \/>\n<meta property=\"og:type\" content=\"article\" \/>\n<meta property=\"og:title\" content=\"P\u0159\u00edprava motorky na zimu - Srovn\u00e1tor.cz\" \/>\n<meta property=\"og:description\" content=\"S p\u0159\u00edchodem chladn\u011bj\u0161\u00edho po\u010das\u00ed kon\u010d\u00ed pro n\u011bkter\u00e9 motork\u00e1\u0159e sezona. Abyste na motorku mohli na ja\u0159e bez obav op\u011bt vyrazit, je pot\u0159eba ji p\u0159ipravit na zimu.\" \/>\n<meta property=\"og:url\" content=\"https:\/\/www.srovnator.cz\/clanky\/priprava-motorky-na-zimu\/\" \/>\n<meta property=\"og:site_name\" content=\"Srovn\u00e1tor.cz\" \/>\n<meta property=\"article:publisher\" content=\"https:\/\/www.facebook.com\/srovnator\/\" \/>\n<meta property=\"article:published_time\" content=\"2019-09-25T03:31:37+00:00\" \/>\n<meta property=\"article:modified_time\" content=\"2024-06-24T05:58:03+00:00\" \/>\n<meta property=\"og:image\" content=\"https:\/\/storage.googleapis.com\/wp-resources\/srovnator.cz\/ng\/2022\/06\/65ee2e52-priprava-motorky-na-zimu.jpg\" \/>\n\t<meta property=\"og:image:width\" content=\"1280\" \/>\n\t<meta property=\"og:image:height\" content=\"853\" \/>\n\t<meta property=\"og:image:type\" content=\"image\/jpeg\" \/>\n<meta name=\"author\" content=\"Martin Straka\" \/>\n<meta name=\"twitter:card\" content=\"summary_large_image\" \/>\n<meta name=\"twitter:creator\" content=\"@Srovnator_czech\" \/>\n<meta name=\"twitter:site\" content=\"@Srovnator_czech\" \/>\n<meta name=\"twitter:label1\" content=\"Written by\" \/>\n\t<meta name=\"twitter:data1\" content=\"Martin Straka\" \/>\n\t<meta name=\"twitter:label2\" content=\"Est. reading time\" \/>\n\t<meta name=\"twitter:data2\" content=\"3 minutes\" \/>\n<script type=\"application\/ld+json\" class=\"yoast-schema-graph\">{\"@context\":\"https:\/\/schema.org\",\"@graph\":[{\"@type\":\"WebPage\",\"@id\":\"https:\/\/www.srovnator.cz\/clanky\/priprava-motorky-na-zimu\/\",\"url\":\"https:\/\/www.srovnator.cz\/clanky\/priprava-motorky-na-zimu\/\",\"name\":\"P\u0159\u00edprava motorky na zimu - Srovn\u00e1tor.cz\",\"isPartOf\":{\"@id\":\"https:\/\/www.srovnator.cz\/#website\"},\"primaryImageOfPage\":{\"@id\":\"https:\/\/www.srovnator.cz\/clanky\/priprava-motorky-na-zimu\/#primaryimage\"},\"image\":{\"@id\":\"https:\/\/www.srovnator.cz\/clanky\/priprava-motorky-na-zimu\/#primaryimage\"},\"thumbnailUrl\":\"https:\/\/storage.googleapis.com\/wp-resources\/srovnator.cz\/ng\/2022\/06\/65ee2e52-priprava-motorky-na-zimu.jpg\",\"datePublished\":\"2019-09-25T03:31:37+00:00\",\"dateModified\":\"2024-06-24T05:58:03+00:00\",\"author\":{\"@id\":\"https:\/\/www.srovnator.cz\/#\/schema\/person\/f2be3ec81eda7dd06cf658cc9aa974ff\"},\"description\":\"S p\u0159\u00edchodem chladn\u011bj\u0161\u00edho po\u010das\u00ed kon\u010d\u00ed pro n\u011bkter\u00e9 motork\u00e1\u0159e sezona. Abyste na motorku mohli na ja\u0159e bez obav op\u011bt vyrazit, je pot\u0159eba ji p\u0159ipravit na zimu.\",\"inLanguage\":\"cs-CZ\",\"potentialAction\":[{\"@type\":\"ReadAction\",\"target\":[\"https:\/\/www.srovnator.cz\/clanky\/priprava-motorky-na-zimu\/\"]}]},{\"@type\":\"ImageObject\",\"inLanguage\":\"cs-CZ\",\"@id\":\"https:\/\/www.srovnator.cz\/clanky\/priprava-motorky-na-zimu\/#primaryimage\",\"url\":\"https:\/\/storage.googleapis.com\/wp-resources\/srovnator.cz\/ng\/2022\/06\/65ee2e52-priprava-motorky-na-zimu.jpg\",\"contentUrl\":\"https:\/\/storage.googleapis.com\/wp-resources\/srovnator.cz\/ng\/2022\/06\/65ee2e52-priprava-motorky-na-zimu.jpg\",\"width\":1280,\"height\":853,\"caption\":\"Jak p\u0159ipravit motorku na zimu\"},{\"@type\":\"WebSite\",\"@id\":\"https:\/\/www.srovnator.cz\/#website\",\"url\":\"https:\/\/www.srovnator.cz\/\",\"name\":\"Srovn\u00e1tor.cz\",\"description\":\"\",\"potentialAction\":[{\"@type\":\"SearchAction\",\"target\":{\"@type\":\"EntryPoint\",\"urlTemplate\":\"https:\/\/www.srovnator.cz\/?s={search_term_string}\"},\"query-input\":{\"@type\":\"PropertyValueSpecification\",\"valueRequired\":true,\"valueName\":\"search_term_string\"}}],\"inLanguage\":\"cs-CZ\"},{\"@type\":\"Person\",\"@id\":\"https:\/\/www.srovnator.cz\/#\/schema\/person\/f2be3ec81eda7dd06cf658cc9aa974ff\",\"name\":\"Martin Straka\",\"image\":{\"@type\":\"ImageObject\",\"inLanguage\":\"cs-CZ\",\"@id\":\"https:\/\/www.srovnator.cz\/#\/schema\/person\/image\/\",\"url\":\"https:\/\/secure.gravatar.com\/avatar\/e91ecfaa01852a8f16b9f65e2ab5c2102d2bb71b2b029fd130ff6c5d21492f36?s=96&d=mm&r=g\",\"contentUrl\":\"https:\/\/secure.gravatar.com\/avatar\/e91ecfaa01852a8f16b9f65e2ab5c2102d2bb71b2b029fd130ff6c5d21492f36?s=96&d=mm&r=g\",\"caption\":\"Martin Straka\"},\"description\":\"Martin Straka je \u0159editelem klientsk\u00e9ho centra a p\u00e9\u010de o z\u00e1kazn\u00edky. Se sv\u00fdm t\u00fdmem poskytuje z\u00e1kazn\u00edk\u016fm Srovn\u00e1tor.cz \u0161pi\u010dkov\u00fd servis a dohl\u00ed\u017e\u00ed na to, aby na\u0161e procesy byly efektivn\u00ed a z\u00e1kazn\u00edci byli spokojen\u00ed nejen p\u0159i sjedn\u00e1n\u00ed nov\u00e9ho produktu, ale i kdykoliv pot\u0159ebuj\u00ed s n\u011b\u010d\u00edm pomoci. Jeho \u010dl\u00e1nky informuj\u00ed nejen o nejnov\u011bj\u0161\u00edch trendech a aktu\u00e1ln\u00edch t\u00e9matech, ale p\u0159in\u00e1\u0161\u00ed i praktick\u00e9 a zaj\u00edmav\u00e9 tipy z r\u016fzn\u00fdch oblast\u00ed b\u011b\u017en\u00e9ho \u017eivota.\",\"url\":\"https:\/\/www.srovnator.cz\/autori\/martin-straka\/\"}]}<\/script>\n<!-- \/ Yoast SEO plugin. -->","yoast_head_json":{"title":"P\u0159\u00edprava motorky na zimu - Srovn\u00e1tor.cz","description":"S p\u0159\u00edchodem chladn\u011bj\u0161\u00edho po\u010das\u00ed kon\u010d\u00ed pro n\u011bkter\u00e9 motork\u00e1\u0159e sezona. Abyste na motorku mohli na ja\u0159e bez obav op\u011bt vyrazit, je pot\u0159eba ji p\u0159ipravit na zimu.","robots":{"index":"index","follow":"follow","max-snippet":"max-snippet:-1","max-image-preview":"max-image-preview:large","max-video-preview":"max-video-preview:-1"},"canonical":"https:\/\/www.srovnator.cz\/clanky\/priprava-motorky-na-zimu\/","og_locale":"cs_CZ","og_type":"article","og_title":"P\u0159\u00edprava motorky na zimu - Srovn\u00e1tor.cz","og_description":"S p\u0159\u00edchodem chladn\u011bj\u0161\u00edho po\u010das\u00ed kon\u010d\u00ed pro n\u011bkter\u00e9 motork\u00e1\u0159e sezona. Abyste na motorku mohli na ja\u0159e bez obav op\u011bt vyrazit, je pot\u0159eba ji p\u0159ipravit na zimu.","og_url":"https:\/\/www.srovnator.cz\/clanky\/priprava-motorky-na-zimu\/","og_site_name":"Srovn\u00e1tor.cz","article_publisher":"https:\/\/www.facebook.com\/srovnator\/","article_published_time":"2019-09-25T03:31:37+00:00","article_modified_time":"2024-06-24T05:58:03+00:00","og_image":[{"width":1280,"height":853,"url":"https:\/\/storage.googleapis.com\/wp-resources\/srovnator.cz\/ng\/2022\/06\/65ee2e52-priprava-motorky-na-zimu.jpg","type":"image\/jpeg"}],"author":"Martin Straka","twitter_card":"summary_large_image","twitter_creator":"@Srovnator_czech","twitter_site":"@Srovnator_czech","twitter_misc":{"Written by":"Martin Straka","Est. reading time":"3 minutes"},"schema":{"@context":"https:\/\/schema.org","@graph":[{"@type":"WebPage","@id":"https:\/\/www.srovnator.cz\/clanky\/priprava-motorky-na-zimu\/","url":"https:\/\/www.srovnator.cz\/clanky\/priprava-motorky-na-zimu\/","name":"P\u0159\u00edprava motorky na zimu - Srovn\u00e1tor.cz","isPartOf":{"@id":"https:\/\/www.srovnator.cz\/#website"},"primaryImageOfPage":{"@id":"https:\/\/www.srovnator.cz\/clanky\/priprava-motorky-na-zimu\/#primaryimage"},"image":{"@id":"https:\/\/www.srovnator.cz\/clanky\/priprava-motorky-na-zimu\/#primaryimage"},"thumbnailUrl":"https:\/\/storage.googleapis.com\/wp-resources\/srovnator.cz\/ng\/2022\/06\/65ee2e52-priprava-motorky-na-zimu.jpg","datePublished":"2019-09-25T03:31:37+00:00","dateModified":"2024-06-24T05:58:03+00:00","author":{"@id":"https:\/\/www.srovnator.cz\/#\/schema\/person\/f2be3ec81eda7dd06cf658cc9aa974ff"},"description":"S p\u0159\u00edchodem chladn\u011bj\u0161\u00edho po\u010das\u00ed kon\u010d\u00ed pro n\u011bkter\u00e9 motork\u00e1\u0159e sezona. Abyste na motorku mohli na ja\u0159e bez obav op\u011bt vyrazit, je pot\u0159eba ji p\u0159ipravit na zimu.","inLanguage":"cs-CZ","potentialAction":[{"@type":"ReadAction","target":["https:\/\/www.srovnator.cz\/clanky\/priprava-motorky-na-zimu\/"]}]},{"@type":"ImageObject","inLanguage":"cs-CZ","@id":"https:\/\/www.srovnator.cz\/clanky\/priprava-motorky-na-zimu\/#primaryimage","url":"https:\/\/storage.googleapis.com\/wp-resources\/srovnator.cz\/ng\/2022\/06\/65ee2e52-priprava-motorky-na-zimu.jpg","contentUrl":"https:\/\/storage.googleapis.com\/wp-resources\/srovnator.cz\/ng\/2022\/06\/65ee2e52-priprava-motorky-na-zimu.jpg","width":1280,"height":853,"caption":"Jak p\u0159ipravit motorku na zimu"},{"@type":"WebSite","@id":"https:\/\/www.srovnator.cz\/#website","url":"https:\/\/www.srovnator.cz\/","name":"Srovn\u00e1tor.cz","description":"","potentialAction":[{"@type":"SearchAction","target":{"@type":"EntryPoint","urlTemplate":"https:\/\/www.srovnator.cz\/?s={search_term_string}"},"query-input":{"@type":"PropertyValueSpecification","valueRequired":true,"valueName":"search_term_string"}}],"inLanguage":"cs-CZ"},{"@type":"Person","@id":"https:\/\/www.srovnator.cz\/#\/schema\/person\/f2be3ec81eda7dd06cf658cc9aa974ff","name":"Martin Straka","image":{"@type":"ImageObject","inLanguage":"cs-CZ","@id":"https:\/\/www.srovnator.cz\/#\/schema\/person\/image\/","url":"https:\/\/secure.gravatar.com\/avatar\/e91ecfaa01852a8f16b9f65e2ab5c2102d2bb71b2b029fd130ff6c5d21492f36?s=96&d=mm&r=g","contentUrl":"https:\/\/secure.gravatar.com\/avatar\/e91ecfaa01852a8f16b9f65e2ab5c2102d2bb71b2b029fd130ff6c5d21492f36?s=96&d=mm&r=g","caption":"Martin Straka"},"description":"Martin Straka je \u0159editelem klientsk\u00e9ho centra a p\u00e9\u010de o z\u00e1kazn\u00edky. Se sv\u00fdm t\u00fdmem poskytuje z\u00e1kazn\u00edk\u016fm Srovn\u00e1tor.cz \u0161pi\u010dkov\u00fd servis a dohl\u00ed\u017e\u00ed na to, aby na\u0161e procesy byly efektivn\u00ed a z\u00e1kazn\u00edci byli spokojen\u00ed nejen p\u0159i sjedn\u00e1n\u00ed nov\u00e9ho produktu, ale i kdykoliv pot\u0159ebuj\u00ed s n\u011b\u010d\u00edm pomoci. Jeho \u010dl\u00e1nky informuj\u00ed nejen o nejnov\u011bj\u0161\u00edch trendech a aktu\u00e1ln\u00edch t\u00e9matech, ale p\u0159in\u00e1\u0161\u00ed i praktick\u00e9 a zaj\u00edmav\u00e9 tipy z r\u016fzn\u00fdch oblast\u00ed b\u011b\u017en\u00e9ho \u017eivota.","url":"https:\/\/www.srovnator.cz\/autori\/martin-straka\/"}]}},"amp_enabled":true,"_links":{"self":[{"href":"https:\/\/www.srovnator.cz\/rest_api\/wp\/v2\/posts\/4711","targetHints":{"allow":["GET"]}}],"collection":[{"href":"https:\/\/www.srovnator.cz\/rest_api\/wp\/v2\/posts"}],"about":[{"href":"https:\/\/www.srovnator.cz\/rest_api\/wp\/v2\/types\/post"}],"author":[{"embeddable":true,"href":"https:\/\/www.srovnator.cz\/rest_api\/wp\/v2\/users\/7"}],"replies":[{"embeddable":true,"href":"https:\/\/www.srovnator.cz\/rest_api\/wp\/v2\/comments?post=4711"}],"version-history":[{"count":1,"href":"https:\/\/www.srovnator.cz\/rest_api\/wp\/v2\/posts\/4711\/revisions"}],"predecessor-version":[{"id":10194,"href":"https:\/\/www.srovnator.cz\/rest_api\/wp\/v2\/posts\/4711\/revisions\/10194"}],"wp:featuredmedia":[{"embeddable":true,"href":"https:\/\/www.srovnator.cz\/rest_api\/wp\/v2\/media\/4712"}],"wp:attachment":[{"href":"https:\/\/www.srovnator.cz\/rest_api\/wp\/v2\/media?parent=4711"}],"wp:term":[{"taxonomy":"category","embeddable":true,"href":"https:\/\/www.srovnator.cz\/rest_api\/wp\/v2\/categories?post=4711"},{"taxonomy":"post_tag","embeddable":true,"href":"https:\/\/www.srovnator.cz\/rest_api\/wp\/v2\/tags?post=4711"}],"curies":[{"name":"wp","href":"https:\/\/api.w.org\/{rel}","templated":true}]}}