{"id":4815,"date":"2019-12-12T06:00:06","date_gmt":"2019-12-12T05:00:06","guid":{"rendered":"https:\/\/www.srovnator.cz\/clanky\/ostatni\/5-duvodu-ktere-vas-presvedci-k-cestovani-v-zime\/"},"modified":"2024-06-24T07:45:47","modified_gmt":"2024-06-24T05:45:47","slug":"5-duvodu-ktere-vas-presvedci-k-cestovani-v-zime","status":"publish","type":"post","link":"https:\/\/www.srovnator.cz\/clanky\/proc-cestovat-v-zime\/","title":{"rendered":"5 d\u016fvod\u016f, kter\u00e9 v\u00e1s p\u0159esv\u011bd\u010d\u00ed k cestov\u00e1n\u00ed v zim\u011b"},"content":{"rendered":"<p><strong>V\u011bt\u0161ina z&nbsp;n\u00e1s se&nbsp;za&nbsp;m\u00ednusov\u00fdch teplot vyh\u0159\u00edv\u00e1 u&nbsp;rodinn\u00e9ho krbu a&nbsp;my\u0161lenkou opravdov\u00e9 dovolen\u00e9 se&nbsp;t\u011b\u0161\u00ed a\u017e s&nbsp;n\u00e1stupem l\u00e9ta. Cestov\u00e1n\u00ed b\u011bhem nejchladn\u011bj\u0161\u00edch m\u011bs\u00edc\u016f v&nbsp;roce v\u0161ak p\u0159in\u00e1\u0161\u00ed \u0159adu v\u00fdhod, na&nbsp;sv\u00e9 si nav\u00edc p\u0159ijde naprosto ka\u017ed\u00fd. A\u0165 jste p\u0159\u00edznivci sjezdov\u00e9ho ly\u017eov\u00e1n\u00ed a&nbsp;zimn\u00edch sport\u016f, v\u00e1\u0161niv\u00fdmi objevovateli, nebo se&nbsp;rad\u011bji oh\u0159ejete u&nbsp;pob\u0159e\u017e\u00ed, zimn\u00ed cestov\u00e1n\u00ed nab\u00edz\u00ed v\u0161e.<\/strong><\/p>\n<img decoding=\"async\" width=\"770\" height=\"513\" src=\"https:\/\/storage.googleapis.com\/wp-resources\/srovnator.cz\/ng\/2022\/06\/81356765-philipp-kammerer-6mxb_mz_q8e-unsplash-770x513.jpg\" class=\" wp-post-image wp-stateless-item\" alt=\"5 d\u016fvod\u016f, kter\u00e9 v\u00e1s p\u0159esv\u011bd\u010d\u00ed k cestov\u00e1n\u00ed v zim\u011b\" title=\"5 d\u016fvod\u016f, kter\u00e9 v\u00e1s p\u0159esv\u011bd\u010d\u00ed k cestov\u00e1n\u00ed v zim\u011b\" srcset=\"https:\/\/storage.googleapis.com\/wp-resources\/srovnator.cz\/ng\/2022\/06\/81356765-philipp-kammerer-6mxb_mz_q8e-unsplash-770x513.jpg 770w, https:\/\/storage.googleapis.com\/wp-resources\/srovnator.cz\/ng\/2022\/06\/81356765-philipp-kammerer-6mxb_mz_q8e-unsplash-1700x1134.jpg 1700w\" sizes=\"(max-width: 770px) 100vw, 770px\" data-image-size=\"medium\" data-stateless-media-bucket=\"wp-resources\" data-stateless-media-name=\"srovnator.cz\/ng\/2022\/06\/81356765-philipp-kammerer-6mxb_mz_q8e-unsplash.jpg\" \/>\n<h2>Vyhnete se&nbsp;dav\u016fm turist\u016f<\/h2>\n<p>Pokud nesnesete m\u00edsta s&nbsp;vysokou koncentrac\u00ed turist\u016f a&nbsp;p\u0159esto byste si r\u00e1di prohl\u00e9dli zn\u00e1m\u00e1 v\u00fdletnick\u00e1 m\u00edsta, nejl\u00e9pe ud\u011bl\u00e1te, pokud vyraz\u00edte v&nbsp;\u010das, kdy&nbsp;teplom\u011bry uk\u00e1\u017e\u00ed prvn\u00ed m\u00ednusov\u00e9 teploty. Zima je&nbsp;pro&nbsp;\u0159adu m\u011bst obdob\u00edm turistick\u00e9 klidu. Pr\u00e1zdn\u00e9 metropole v\u00e1m tak&nbsp;dovol\u00ed vychutnat v\u0161echny kr\u00e1sy, kter\u00e9&nbsp;destinace nab\u00edz\u00ed.<\/p>\n<h2>M\u00edstn\u00ed jsou k&nbsp;turist\u016fm vst\u0159\u00edcn\u011bj\u0161\u00ed<\/h2>\n<p>Lid\u00e9 se&nbsp;za&nbsp;<a href=\"\/cestovni-pojisteni\/kalkulacka\/#kalkulacka\">dobrodru\u017estv\u00edm<\/a> vyd\u00e1vaj\u00ed p\u0159edev\u0161\u00edm v&nbsp;l\u00e9t\u011b. N\u011bkter\u00e1 m\u011bsta jsou ale na&nbsp;turismu p\u0159\u00edmo z\u00e1visl\u00e1, a&nbsp;tak&nbsp;na&nbsp;pokles p\u0159\u00edjmu v&nbsp;zimn\u00edch m\u011bs\u00edc\u00edch lehce dopl\u00e1cej\u00ed. Turist\u016fm se&nbsp;pobyt vzhledem k&nbsp;dostatku \u010dasu a&nbsp;prostoru sna\u017e\u00ed co&nbsp;nejv\u00edce zp\u0159\u00edjemnit. M\u00edstn\u00ed tak\u00e9 cht\u011bj\u00ed. aby&nbsp;se&nbsp;k&nbsp;nim host\u00e9 r\u00e1di vraceli. Hotely maj\u00ed p\u0159es zimu zapln\u011bnou by\u0165 jen&nbsp;polovinu celkov\u00e9 kapacity, kterou pot\u0159ebuj\u00ed nav\u00fd\u0161it.<\/p>\n<h2>U\u0161et\u0159\u00edte na&nbsp;levn\u011bj\u0161\u00edm ubytov\u00e1n\u00ed<\/h2>\n<p>Hotelov\u00e9 resorty b\u011bhem letn\u00edch m\u011bs\u00edc\u016f praskaj\u00ed ve&nbsp;\u0161vech, majitel\u00e9 si tak&nbsp;k&nbsp;cen\u011b je\u0161t\u011b r\u00e1di p\u0159ipo\u010d\u00edt\u00e1vaj\u00ed sez\u00f3nn\u00ed p\u0159ir\u00e1\u017eku. Ceny za&nbsp;ubytov\u00e1n\u00ed jsou v&nbsp;zim\u011b a\u017e trojn\u00e1sobn\u011b ni\u017e\u0161\u00ed. Hlavn\u00ed roli p\u0159i&nbsp;cen\u00e1ch ubytov\u00e1n\u00ed hraje obsazenost, v&nbsp;zim\u011b je&nbsp;tak&nbsp;v\u011bt\u0161inu pokoj\u016f mo\u017en\u00e9 sehnat a\u017e o&nbsp;polovinu levn\u011bji. V\u00fdrazn\u00e9 slevy se&nbsp;vztahuj\u00ed i&nbsp;na&nbsp;leteckou a&nbsp;autobusovou dopravu.<\/p>\n<h2>P\u0159\u00edjemn\u011bj\u0161\u00ed teploty pro&nbsp;pozn\u00e1v\u00e1n\u00ed<\/h2>\n<p>Pokud nem\u00e1te v&nbsp;oblib\u011b m\u00ednusov\u00e9 teploty, ale ani \u00famorn\u00e1 vedra, bude pro&nbsp;v\u00e1s zima t\u00edm nejvhodn\u011bj\u0161\u00edm obdob\u00edm pro&nbsp;pozn\u00e1v\u00e1n\u00ed ji\u017en\u00edch m\u011bst, kter\u00e9&nbsp;se&nbsp;v&nbsp;subtropick\u00e9m klimatick\u00e9m p\u00e1smu pohybuj\u00ed okolo dvaceti stup\u0148\u016f. Chladn\u011bj\u0161\u00ed po\u010das\u00ed je&nbsp;perfektn\u00ed pro&nbsp;v\u00fd\u0161lapy, v\u00fdlety a&nbsp;pozn\u00e1v\u00e1n\u00ed jinak hork\u00fdch destinac\u00ed, atmosf\u00e9ru m\u011bst si tak&nbsp;vychutn\u00e1te, ani\u017e byste se&nbsp;pot\u0159ebovali ka\u017edou chv\u00edli zchladit.<\/p>\n<h2>Za\u017eijete sv\u00e1tky tak, jak by&nbsp;v\u00e1s nenapadlo<\/h2>\n<p>V\u00e1noce se&nbsp;v&nbsp;jin\u00fdch zem\u00edch slav\u00ed tak\u00e9, poka\u017ed\u00e9 ale trochu jinak. \u00dapln\u011b jin\u00fd advent za\u017eijete v&nbsp;jihoevropsk\u00fdch zem\u00edch, sv\u00e9 vlastn\u00ed v\u00e1no\u010dn\u00ed tradice si vytvo\u0159ily i&nbsp;zem\u011b, kter\u00fdm je&nbsp;k\u0159es\u0165anstv\u00ed ciz\u00ed. V&nbsp;thajsk\u00fdch prales\u00edch tak&nbsp;b\u011b\u017en\u011b potk\u00e1te Santu Clause a&nbsp;sv\u011bt\u00e9lkuj\u00edc\u00ed v\u00fdzdobu. Pokud nebudete cht\u00edt zimn\u00ed obdob\u00ed opou\u0161t\u011bt \u00fapln\u011b, i&nbsp;v&nbsp;exotick\u00fdch zem\u00edch se&nbsp;d\u00e1 u\u017e\u00edt zimn\u00edch radov\u00e1nek. Ly\u017ea\u0159sk\u00e1 st\u0159ediska najdete i&nbsp;v&nbsp;<a href=\"\/clanky\/zkuste-exoticke-varianty-lyzovani\/\">Dubaji<\/a>, ly\u017eov\u00e1n\u00ed a&nbsp;koup\u00e1n\u00ed zakomponujete do&nbsp;jednoho dne tak\u00e9 v&nbsp;Chile.<\/p>\n","protected":false},"excerpt":{"rendered":"<p>B\u011bhem zimn\u00edho obdob\u00ed si v\u011bt\u0161ina z n\u00e1s s my\u0161lenkou dovolen\u00e9 jen pohr\u00e1v\u00e1. Cestov\u00e1n\u00ed v zim\u011b s sebou v\u0161ak p\u0159in\u00e1\u0161\u00ed \u0159adu v\u00fdhod.<\/p>\n","protected":false},"author":5,"featured_media":4816,"comment_status":"closed","ping_status":"closed","sticky":false,"template":"","format":"standard","meta":{"_acf_changed":false,"footnotes":""},"categories":[8],"tags":[539,380,381,553,938,645,880],"class_list":["post-4815","post","type-post","status-publish","format-standard","has-post-thumbnail","hentry","category-cestovni-pojisteni","tag-cestovani","tag-cestovni-pojisteni","tag-dovolena","tag-prazdniny","tag-rady-a-tipy","tag-tipy","tag-zajimavosti"],"acf":{"znacka":"","model":"","objem":"","vyrobeno":"","vykon":"","velikost_1":"","velikost_2":"","velikost_3":"","velikost_4":"","roky":"","roky_velikost_1":"","roky_velikost_2":"","roky_velikost_3":"","roky_velikost_4":"","pocet_kalkulaci":0,"page_post_meta_bread":"","page_post_meta_bread_child":"","page_post_meta_script_head":"","page_post_meta_leaving_screen":"cat"},"yoast_head":"<!-- This site is optimized with the Yoast SEO plugin v25.5 - https:\/\/yoast.com\/wordpress\/plugins\/seo\/ -->\n<title>Pro\u010d cestovat v zim\u011b? | Srovn\u00e1tor.cz<\/title>\n<meta name=\"description\" content=\"B\u011bhem zimn\u00edho obdob\u00ed si v\u011bt\u0161ina z n\u00e1s s my\u0161lenkou dovolen\u00e9 jen pohr\u00e1v\u00e1. Cestov\u00e1n\u00ed v zim\u011b s sebou v\u0161ak p\u0159in\u00e1\u0161\u00ed \u0159adu v\u00fdhod.\" \/>\n<meta name=\"robots\" content=\"index, follow, max-snippet:-1, max-image-preview:large, max-video-preview:-1\" \/>\n<link rel=\"canonical\" href=\"https:\/\/www.srovnator.cz\/clanky\/proc-cestovat-v-zime\/\" \/>\n<meta property=\"og:locale\" content=\"cs_CZ\" \/>\n<meta property=\"og:type\" content=\"article\" \/>\n<meta property=\"og:title\" content=\"Pro\u010d cestovat v zim\u011b? | Srovn\u00e1tor.cz\" \/>\n<meta property=\"og:description\" content=\"B\u011bhem zimn\u00edho obdob\u00ed si v\u011bt\u0161ina z n\u00e1s s my\u0161lenkou dovolen\u00e9 jen pohr\u00e1v\u00e1. Cestov\u00e1n\u00ed v zim\u011b s sebou v\u0161ak p\u0159in\u00e1\u0161\u00ed \u0159adu v\u00fdhod.\" \/>\n<meta property=\"og:url\" content=\"https:\/\/www.srovnator.cz\/clanky\/proc-cestovat-v-zime\/\" \/>\n<meta property=\"og:site_name\" content=\"Srovn\u00e1tor.cz\" \/>\n<meta property=\"article:publisher\" content=\"https:\/\/www.facebook.com\/srovnator\/\" \/>\n<meta property=\"article:published_time\" content=\"2019-12-12T05:00:06+00:00\" \/>\n<meta property=\"article:modified_time\" content=\"2024-06-24T05:45:47+00:00\" \/>\n<meta property=\"og:image\" content=\"https:\/\/storage.googleapis.com\/wp-resources\/srovnator.cz\/ng\/2022\/06\/81356765-philipp-kammerer-6mxb_mz_q8e-unsplash.jpg\" \/>\n\t<meta property=\"og:image:width\" content=\"2449\" \/>\n\t<meta property=\"og:image:height\" content=\"1633\" \/>\n\t<meta property=\"og:image:type\" content=\"image\/jpeg\" \/>\n<meta name=\"author\" content=\"Martin Dane\u0161\" \/>\n<meta name=\"twitter:card\" content=\"summary_large_image\" \/>\n<meta name=\"twitter:creator\" content=\"@Srovnator_czech\" \/>\n<meta name=\"twitter:site\" content=\"@Srovnator_czech\" \/>\n<meta name=\"twitter:label1\" content=\"Written by\" \/>\n\t<meta name=\"twitter:data1\" content=\"Martin Dane\u0161\" \/>\n\t<meta name=\"twitter:label2\" content=\"Est. reading time\" \/>\n\t<meta name=\"twitter:data2\" content=\"3 minutes\" \/>\n<script type=\"application\/ld+json\" class=\"yoast-schema-graph\">{\"@context\":\"https:\/\/schema.org\",\"@graph\":[{\"@type\":\"WebPage\",\"@id\":\"https:\/\/www.srovnator.cz\/clanky\/proc-cestovat-v-zime\/\",\"url\":\"https:\/\/www.srovnator.cz\/clanky\/proc-cestovat-v-zime\/\",\"name\":\"Pro\u010d cestovat v zim\u011b? | Srovn\u00e1tor.cz\",\"isPartOf\":{\"@id\":\"https:\/\/www.srovnator.cz\/#website\"},\"primaryImageOfPage\":{\"@id\":\"https:\/\/www.srovnator.cz\/clanky\/proc-cestovat-v-zime\/#primaryimage\"},\"image\":{\"@id\":\"https:\/\/www.srovnator.cz\/clanky\/proc-cestovat-v-zime\/#primaryimage\"},\"thumbnailUrl\":\"https:\/\/storage.googleapis.com\/wp-resources\/srovnator.cz\/ng\/2022\/06\/81356765-philipp-kammerer-6mxb_mz_q8e-unsplash.jpg\",\"datePublished\":\"2019-12-12T05:00:06+00:00\",\"dateModified\":\"2024-06-24T05:45:47+00:00\",\"author\":{\"@id\":\"https:\/\/www.srovnator.cz\/#\/schema\/person\/46d10e971bff43faa91c35835126aa3b\"},\"description\":\"B\u011bhem zimn\u00edho obdob\u00ed si v\u011bt\u0161ina z n\u00e1s s my\u0161lenkou dovolen\u00e9 jen pohr\u00e1v\u00e1. Cestov\u00e1n\u00ed v zim\u011b s sebou v\u0161ak p\u0159in\u00e1\u0161\u00ed \u0159adu v\u00fdhod.\",\"inLanguage\":\"cs-CZ\",\"potentialAction\":[{\"@type\":\"ReadAction\",\"target\":[\"https:\/\/www.srovnator.cz\/clanky\/proc-cestovat-v-zime\/\"]}]},{\"@type\":\"ImageObject\",\"inLanguage\":\"cs-CZ\",\"@id\":\"https:\/\/www.srovnator.cz\/clanky\/proc-cestovat-v-zime\/#primaryimage\",\"url\":\"https:\/\/storage.googleapis.com\/wp-resources\/srovnator.cz\/ng\/2022\/06\/81356765-philipp-kammerer-6mxb_mz_q8e-unsplash.jpg\",\"contentUrl\":\"https:\/\/storage.googleapis.com\/wp-resources\/srovnator.cz\/ng\/2022\/06\/81356765-philipp-kammerer-6mxb_mz_q8e-unsplash.jpg\",\"width\":2449,\"height\":1633},{\"@type\":\"WebSite\",\"@id\":\"https:\/\/www.srovnator.cz\/#website\",\"url\":\"https:\/\/www.srovnator.cz\/\",\"name\":\"Srovn\u00e1tor.cz\",\"description\":\"\",\"potentialAction\":[{\"@type\":\"SearchAction\",\"target\":{\"@type\":\"EntryPoint\",\"urlTemplate\":\"https:\/\/www.srovnator.cz\/?s={search_term_string}\"},\"query-input\":{\"@type\":\"PropertyValueSpecification\",\"valueRequired\":true,\"valueName\":\"search_term_string\"}}],\"inLanguage\":\"cs-CZ\"},{\"@type\":\"Person\",\"@id\":\"https:\/\/www.srovnator.cz\/#\/schema\/person\/46d10e971bff43faa91c35835126aa3b\",\"name\":\"Martin Dane\u0161\",\"image\":{\"@type\":\"ImageObject\",\"inLanguage\":\"cs-CZ\",\"@id\":\"https:\/\/www.srovnator.cz\/#\/schema\/person\/image\/\",\"url\":\"https:\/\/secure.gravatar.com\/avatar\/5cac60568def8a68791e2b771a3394888cf55828e445636dfc99f7ccd1e1d1b8?s=96&d=mm&r=g\",\"contentUrl\":\"https:\/\/secure.gravatar.com\/avatar\/5cac60568def8a68791e2b771a3394888cf55828e445636dfc99f7ccd1e1d1b8?s=96&d=mm&r=g\",\"caption\":\"Martin Dane\u0161\"},\"description\":\"Jsem Martin Dane\u0161, obchodn\u00ed \u0159editel Srovn\u00e1tor.cz. Na\u0161\u00edm c\u00edlem je naj\u00edt pro v\u00e1s v\u017edy to nejvhodn\u011bj\u0161\u00ed poji\u0161t\u011bn\u00ed dle va\u0161ich pot\u0159eb. D\u00edky \u0161irok\u00e9mu portfoliu produkt\u016f od v\u0161ech v\u00fdznamn\u00fdch poji\u0161\u0165oven v\u00e1m dok\u00e1\u017eeme poskytnout \u0159e\u0161en\u00ed odpov\u00eddaj\u00edc\u00ed va\u0161im p\u0159edstav\u00e1m. Kdy\u017e budete m\u00edt jak\u00fdkoliv produktov\u00fd dotaz, nev\u00e1hejte se na n\u00e1s obr\u00e1tit na info@srovnator.cz\",\"url\":\"https:\/\/www.srovnator.cz\/autori\/martin-danes\/\"}]}<\/script>\n<!-- \/ Yoast SEO plugin. -->","yoast_head_json":{"title":"Pro\u010d cestovat v zim\u011b? | Srovn\u00e1tor.cz","description":"B\u011bhem zimn\u00edho obdob\u00ed si v\u011bt\u0161ina z n\u00e1s s my\u0161lenkou dovolen\u00e9 jen pohr\u00e1v\u00e1. Cestov\u00e1n\u00ed v zim\u011b s sebou v\u0161ak p\u0159in\u00e1\u0161\u00ed \u0159adu v\u00fdhod.","robots":{"index":"index","follow":"follow","max-snippet":"max-snippet:-1","max-image-preview":"max-image-preview:large","max-video-preview":"max-video-preview:-1"},"canonical":"https:\/\/www.srovnator.cz\/clanky\/proc-cestovat-v-zime\/","og_locale":"cs_CZ","og_type":"article","og_title":"Pro\u010d cestovat v zim\u011b? | Srovn\u00e1tor.cz","og_description":"B\u011bhem zimn\u00edho obdob\u00ed si v\u011bt\u0161ina z n\u00e1s s my\u0161lenkou dovolen\u00e9 jen pohr\u00e1v\u00e1. Cestov\u00e1n\u00ed v zim\u011b s sebou v\u0161ak p\u0159in\u00e1\u0161\u00ed \u0159adu v\u00fdhod.","og_url":"https:\/\/www.srovnator.cz\/clanky\/proc-cestovat-v-zime\/","og_site_name":"Srovn\u00e1tor.cz","article_publisher":"https:\/\/www.facebook.com\/srovnator\/","article_published_time":"2019-12-12T05:00:06+00:00","article_modified_time":"2024-06-24T05:45:47+00:00","og_image":[{"width":2449,"height":1633,"url":"https:\/\/storage.googleapis.com\/wp-resources\/srovnator.cz\/ng\/2022\/06\/81356765-philipp-kammerer-6mxb_mz_q8e-unsplash.jpg","type":"image\/jpeg"}],"author":"Martin Dane\u0161","twitter_card":"summary_large_image","twitter_creator":"@Srovnator_czech","twitter_site":"@Srovnator_czech","twitter_misc":{"Written by":"Martin Dane\u0161","Est. reading time":"3 minutes"},"schema":{"@context":"https:\/\/schema.org","@graph":[{"@type":"WebPage","@id":"https:\/\/www.srovnator.cz\/clanky\/proc-cestovat-v-zime\/","url":"https:\/\/www.srovnator.cz\/clanky\/proc-cestovat-v-zime\/","name":"Pro\u010d cestovat v zim\u011b? | Srovn\u00e1tor.cz","isPartOf":{"@id":"https:\/\/www.srovnator.cz\/#website"},"primaryImageOfPage":{"@id":"https:\/\/www.srovnator.cz\/clanky\/proc-cestovat-v-zime\/#primaryimage"},"image":{"@id":"https:\/\/www.srovnator.cz\/clanky\/proc-cestovat-v-zime\/#primaryimage"},"thumbnailUrl":"https:\/\/storage.googleapis.com\/wp-resources\/srovnator.cz\/ng\/2022\/06\/81356765-philipp-kammerer-6mxb_mz_q8e-unsplash.jpg","datePublished":"2019-12-12T05:00:06+00:00","dateModified":"2024-06-24T05:45:47+00:00","author":{"@id":"https:\/\/www.srovnator.cz\/#\/schema\/person\/46d10e971bff43faa91c35835126aa3b"},"description":"B\u011bhem zimn\u00edho obdob\u00ed si v\u011bt\u0161ina z n\u00e1s s my\u0161lenkou dovolen\u00e9 jen pohr\u00e1v\u00e1. Cestov\u00e1n\u00ed v zim\u011b s sebou v\u0161ak p\u0159in\u00e1\u0161\u00ed \u0159adu v\u00fdhod.","inLanguage":"cs-CZ","potentialAction":[{"@type":"ReadAction","target":["https:\/\/www.srovnator.cz\/clanky\/proc-cestovat-v-zime\/"]}]},{"@type":"ImageObject","inLanguage":"cs-CZ","@id":"https:\/\/www.srovnator.cz\/clanky\/proc-cestovat-v-zime\/#primaryimage","url":"https:\/\/storage.googleapis.com\/wp-resources\/srovnator.cz\/ng\/2022\/06\/81356765-philipp-kammerer-6mxb_mz_q8e-unsplash.jpg","contentUrl":"https:\/\/storage.googleapis.com\/wp-resources\/srovnator.cz\/ng\/2022\/06\/81356765-philipp-kammerer-6mxb_mz_q8e-unsplash.jpg","width":2449,"height":1633},{"@type":"WebSite","@id":"https:\/\/www.srovnator.cz\/#website","url":"https:\/\/www.srovnator.cz\/","name":"Srovn\u00e1tor.cz","description":"","potentialAction":[{"@type":"SearchAction","target":{"@type":"EntryPoint","urlTemplate":"https:\/\/www.srovnator.cz\/?s={search_term_string}"},"query-input":{"@type":"PropertyValueSpecification","valueRequired":true,"valueName":"search_term_string"}}],"inLanguage":"cs-CZ"},{"@type":"Person","@id":"https:\/\/www.srovnator.cz\/#\/schema\/person\/46d10e971bff43faa91c35835126aa3b","name":"Martin Dane\u0161","image":{"@type":"ImageObject","inLanguage":"cs-CZ","@id":"https:\/\/www.srovnator.cz\/#\/schema\/person\/image\/","url":"https:\/\/secure.gravatar.com\/avatar\/5cac60568def8a68791e2b771a3394888cf55828e445636dfc99f7ccd1e1d1b8?s=96&d=mm&r=g","contentUrl":"https:\/\/secure.gravatar.com\/avatar\/5cac60568def8a68791e2b771a3394888cf55828e445636dfc99f7ccd1e1d1b8?s=96&d=mm&r=g","caption":"Martin Dane\u0161"},"description":"Jsem Martin Dane\u0161, obchodn\u00ed \u0159editel Srovn\u00e1tor.cz. Na\u0161\u00edm c\u00edlem je naj\u00edt pro v\u00e1s v\u017edy to nejvhodn\u011bj\u0161\u00ed poji\u0161t\u011bn\u00ed dle va\u0161ich pot\u0159eb. D\u00edky \u0161irok\u00e9mu portfoliu produkt\u016f od v\u0161ech v\u00fdznamn\u00fdch poji\u0161\u0165oven v\u00e1m dok\u00e1\u017eeme poskytnout \u0159e\u0161en\u00ed odpov\u00eddaj\u00edc\u00ed va\u0161im p\u0159edstav\u00e1m. Kdy\u017e budete m\u00edt jak\u00fdkoliv produktov\u00fd dotaz, nev\u00e1hejte se na n\u00e1s obr\u00e1tit na info@srovnator.cz","url":"https:\/\/www.srovnator.cz\/autori\/martin-danes\/"}]}},"amp_enabled":true,"_links":{"self":[{"href":"https:\/\/www.srovnator.cz\/rest_api\/wp\/v2\/posts\/4815","targetHints":{"allow":["GET"]}}],"collection":[{"href":"https:\/\/www.srovnator.cz\/rest_api\/wp\/v2\/posts"}],"about":[{"href":"https:\/\/www.srovnator.cz\/rest_api\/wp\/v2\/types\/post"}],"author":[{"embeddable":true,"href":"https:\/\/www.srovnator.cz\/rest_api\/wp\/v2\/users\/5"}],"replies":[{"embeddable":true,"href":"https:\/\/www.srovnator.cz\/rest_api\/wp\/v2\/comments?post=4815"}],"version-history":[{"count":1,"href":"https:\/\/www.srovnator.cz\/rest_api\/wp\/v2\/posts\/4815\/revisions"}],"predecessor-version":[{"id":9572,"href":"https:\/\/www.srovnator.cz\/rest_api\/wp\/v2\/posts\/4815\/revisions\/9572"}],"wp:featuredmedia":[{"embeddable":true,"href":"https:\/\/www.srovnator.cz\/rest_api\/wp\/v2\/media\/4816"}],"wp:attachment":[{"href":"https:\/\/www.srovnator.cz\/rest_api\/wp\/v2\/media?parent=4815"}],"wp:term":[{"taxonomy":"category","embeddable":true,"href":"https:\/\/www.srovnator.cz\/rest_api\/wp\/v2\/categories?post=4815"},{"taxonomy":"post_tag","embeddable":true,"href":"https:\/\/www.srovnator.cz\/rest_api\/wp\/v2\/tags?post=4815"}],"curies":[{"name":"wp","href":"https:\/\/api.w.org\/{rel}","templated":true}]}}