{"id":4864,"date":"2020-02-18T05:00:19","date_gmt":"2020-02-18T04:00:19","guid":{"rendered":"https:\/\/www.srovnator.cz\/clanky\/ostatni\/zimni-dobrodruzstvi-pesky-jak-se-pripravit-na-narocny-vyslap\/"},"modified":"2024-06-24T07:45:10","modified_gmt":"2024-06-24T05:45:10","slug":"zimni-dobrodruzstvi-pesky-jak-se-pripravit-na-narocny-vyslap","status":"publish","type":"post","link":"https:\/\/www.srovnator.cz\/clanky\/jak-se-pripravit-na-zimni-vyslap\/","title":{"rendered":"Zimn\u00ed dobrodru\u017estv\u00ed p\u011b\u0161ky: Jak se p\u0159ipravit na n\u00e1ro\u010dn\u00fd v\u00fd\u0161lap?"},"content":{"rendered":"<p><strong>Sn\u011bhovou pokr\u00fdvku p\u0159i\u00a0v\u00fdhledu z\u00a0okna nejsp\u00ed\u0161 neo\u010dek\u00e1vejte, vydat se\u00a0za\u00a0n\u00ed ale m\u016f\u017eete na\u00a0vrcholky hor. Nen\u00ed t\u0159eba, abyste z\u00a0gar\u00e1\u017e\u00ed hned vytahovali p\u0159esk\u00e1\u010de, ly\u017ee, h\u016flky nebo b\u011b\u017eky \u2013\u00a0pro\u00a0horsk\u00fdch h\u0159ebenech se\u00a0m\u016f\u017eete proj\u00edt i\u00a0po\u00a0sv\u00fdch vlastn\u00edch. Odm\u011bnou v\u00e1m budou dechberouc\u00ed scen\u00e9rie krajiny od\u011bn\u00e9 v\u00a0b\u00edl\u00e9m pl\u00e1\u0161ti.<\/strong><\/p>\n<img decoding=\"async\" width=\"770\" height=\"578\" src=\"https:\/\/storage.googleapis.com\/wp-resources\/srovnator.cz\/ng\/2022\/06\/6466d016-02-jak-se-pripravit-na-zimni-vyslap-770x578.jpg\" class=\" wp-post-image wp-stateless-item\" alt=\"Zimn\u00ed dobrodru\u017estv\u00ed p\u011b\u0161ky: Jak se p\u0159ipravit na n\u00e1ro\u010dn\u00fd v\u00fd\u0161lap?\" title=\"Zimn\u00ed dobrodru\u017estv\u00ed p\u011b\u0161ky: Jak se p\u0159ipravit na n\u00e1ro\u010dn\u00fd v\u00fd\u0161lap?\" srcset=\"https:\/\/storage.googleapis.com\/wp-resources\/srovnator.cz\/ng\/2022\/06\/6466d016-02-jak-se-pripravit-na-zimni-vyslap-770x578.jpg 770w, https:\/\/storage.googleapis.com\/wp-resources\/srovnator.cz\/ng\/2022\/06\/6466d016-02-jak-se-pripravit-na-zimni-vyslap.jpg 1000w\" sizes=\"(max-width: 770px) 100vw, 770px\" data-image-size=\"medium\" data-stateless-media-bucket=\"wp-resources\" data-stateless-media-name=\"srovnator.cz\/ng\/2022\/06\/6466d016-02-jak-se-pripravit-na-zimni-vyslap.jpg\" \/>\n<p>Chcete-li si pobyt na\u00a0hor\u00e1ch doopravdy u\u017e\u00edt se\u00a0v\u0161\u00edm v\u0161udy, nem\u011bli byste podcenit p\u0159\u00edpravu. Ka\u017ed\u00fd za\u010d\u00e1te\u010dn\u00edk, ale i\u00a0pokro\u010dil\u00fd se\u00a0dopust\u00ed \u0159ady chyb a\u00a0dostane se\u00a0do\u00a0\u017eivota ohro\u017euj\u00edc\u00edch situac\u00ed, ani\u017e by\u00a0si to\u00a0skute\u010dn\u011b uv\u011bdomoval. P\u0159in\u00e1\u0161\u00edme n\u011bkolik dobr\u00fdch rad, kter\u00e9\u00a0p\u0159i\u00a0p\u0159\u00edprav\u00e1ch na\u00a0v\u00fd\u0161lap ur\u010dit\u011b vnive\u010d nep\u0159ijdou.<\/p>\n<ul>\n<li>Zvolte si v\u00fdstup takov\u00e9 <strong>n\u00e1ro\u010dnosti<\/strong>, kter\u00e1\u00a0nejl\u00e9pe odpov\u00edd\u00e1 va\u0161im dosavadn\u00edm zku\u0161enostem. Pokud jste horsk\u00fdmi t\u00farami nepol\u00edben\u00ed zvolte rad\u011bji m\u00e9n\u011b n\u00e1ro\u010dn\u00e9 trasy \u010di\u00a0trasy pro\u00a0\u00fapln\u00e9 za\u010d\u00e1te\u010dn\u00edky. Nejste-li si jist\u00ed v\u016fbec, vydejte se\u00a0na\u00a0t\u00faru pouze s\u00a0n\u011bk\u00fdm zku\u0161en\u011bj\u0161\u00edm, nebo si p\u0159ipla\u0165te za\u00a0pr\u016fvodce.<\/li>\n<li><strong>Nikam nesp\u011bchejte a\u00a0nep\u0159ece\u0148ujte sv\u00e9 s\u00edly<\/strong>. Z\u00a0rychl\u00e9ho stoup\u00e1n\u00ed do\u00a0vy\u0161\u0161\u00edch m\u00edst by\u00a0se\u00a0v\u00e1m mohlo ud\u011blat zle, pomalej\u0161\u00edm v\u00fdstupem se\u00a0t\u011blo l\u00e9pe aklimatizuje na\u00a0\u0159id\u0161\u00ed vzduch. P\u0159i\u00a0v\u00fdstupu nahoru rad\u011bji vynechejte lanovku, skok by\u00a0mohl b\u00fdt p\u0159\u00edli\u0161 razantn\u00ed.<\/li>\n<li>P\u0159ipravte se\u00a0na\u00a0v\u00fdstup <strong>fyzicky<\/strong>. L\u00e9pe se\u00a0v\u00e1m bude vrchol zdol\u00e1vat v\u00a0p\u0159\u00edpad\u011b, \u017ee\u00a0jste aktivn\u00edmi sportovci. Fyzick\u00e1 kondice se\u00a0p\u0159i\u00a0v\u00fdstupech projev\u00ed dvojn\u00e1sob. Vhod v\u00e1m p\u0159ijdou natr\u00e9novan\u00e9 vytrvalostn\u00ed discipl\u00edny i\u00a0zku\u0161enosti s\u00a0horolezectv\u00edm.<\/li>\n<li>Vybranou trasu si co\u00a0nejl\u00e9pe proklepn\u011bte a\u00a0zjist\u011bte si o\u00a0v\u0161em, s\u00a0\u010d\u00edm byste se\u00a0mohli b\u011bhem v\u00fdstupu setkat. Nezapome\u0148te se\u00a0sezn\u00e1mit se\u00a0v\u0161emi technikami, kter\u00e9\u00a0jsou p\u0159i\u00a0n\u00e1ro\u010dn\u00fdch i\u00a0leh\u010d\u00edch technik\u00e1ch vyu\u017e\u00edv\u00e1ny. V\u00a0ide\u00e1ln\u00edm p\u0159\u00edpad\u011b by\u00a0bylo vhodn\u00e9, abyste pro\u0161li d\u016fkladn\u00fdm \u0161kolen\u00edm, nebo dokonce <strong>kurzem<\/strong>, kde\u00a0v\u00e1s na\u00a0v\u00fdstup p\u0159iprav\u00ed.<\/li>\n<li><strong>Nepodce\u0148ujte oble\u010den\u00ed<\/strong>. To\u00a0vyb\u00edrejte podle toho, jak n\u00e1ro\u010dn\u00e1 t\u00fara v\u00e1\u0161 \u010dek\u00e1, jin\u00e9 podm\u00ednky v\u00e1s budou \u010dekat, pokud se\u00a0chyst\u00e1te na\u00a0t\u00faru p\u0159es noc. Mimo tepl\u00e9ho outdoorov\u00e9ho oble\u010den\u00ed vhodn\u00e9ho pro\u00a0takov\u00fd typ pohybov\u00e9 aktivity v\u00e1m p\u0159ijde vhod kvalitn\u00ed batoh, do\u00a0kter\u00e9ho uchov\u00e1te potraviny, p\u0159\u00edpadn\u011b stan, spac\u00e1k a\u00a0dal\u0161\u00ed pot\u0159eby v\u00a0p\u0159\u00edpad\u011b p\u0159enocov\u00e1n\u00ed.<\/li>\n<li>Do\u00a0hor byste si m\u011bli vz\u00edt pevn\u00e9 <strong>kotn\u00edkov\u00e9 pohory<\/strong> s kvalitn\u00ed podr\u00e1\u017ekou a\u00a0n\u00e1vleky, abyste zabr\u00e1nili vniknut\u00ed sn\u011bhu do\u00a0bot. Pono\u017eky by\u00a0m\u011bly b\u00fdt nad\u00a0kotn\u00edky, aby\u00a0v\u00e1s boty nedr\u00e1\u017edily na\u00a0hol\u00e9 k\u016f\u017ei.<\/li>\n<li>Na\u00a0t\u00faru zvolte takovou stravu, kter\u00e1\u00a0m\u00e1lo v\u00e1\u017e\u00ed a\u00a0dod\u00e1 v\u00e1m dostatek energie. Vhod p\u0159ijde i\u00a0termoska s\u00a0\u010dajem a\u00a0dostatek tekutin, b\u011bhem v\u00fdstupu nezapome\u0148te pravideln\u011b dopl\u0148ovat <strong>tekutiny i\u00a0energii<\/strong>.<\/li>\n<li>V p\u0159\u00edpad\u011b, \u017ee vyr\u00e1\u017e\u00edte za hranice \u010cesk\u00e9 republiky, si nezapome\u0148te sjednat kvalitn\u00ed <a href=\"\/cestovni-pojisteni\/\"><strong>cestovn\u00ed poji\u0161t\u011bn\u00ed<\/strong><\/a>.<\/li>\n<\/ul>\n","protected":false},"excerpt":{"rendered":"<p>N\u00ed\u017einy jsou na sn\u011bhovou pokr\u00fdvku letos skoup\u00e9, na hor\u00e1ch j\u00ed najdete ale dost. Ne\u017e se ale za zasn\u011b\u017een\u00fdmi vrcholkami hor vyd\u00e1te, dob\u0159e se p\u0159ipravte.<\/p>\n","protected":false},"author":5,"featured_media":4865,"comment_status":"closed","ping_status":"closed","sticky":false,"template":"","format":"standard","meta":{"_acf_changed":false,"footnotes":""},"categories":[8],"tags":[903,539,631,479,413],"class_list":["post-4864","post","type-post","status-publish","format-standard","has-post-thumbnail","hentry","category-cestovni-pojisteni","tag-cesta","tag-cestovani","tag-hory","tag-snih","tag-turistika"],"acf":{"znacka":"","model":"","objem":"","vyrobeno":"","vykon":"","velikost_1":"","velikost_2":"","velikost_3":"","velikost_4":"","roky":"","roky_velikost_1":"","roky_velikost_2":"","roky_velikost_3":"","roky_velikost_4":"","pocet_kalkulaci":0,"page_post_meta_bread":"Jak se p\u0159ipravit na zimn\u00ed v\u00fd\u0161lap?","page_post_meta_bread_child":"","page_post_meta_script_head":"","page_post_meta_leaving_screen":"cat"},"yoast_head":"<!-- This site is optimized with the Yoast SEO plugin v25.5 - https:\/\/yoast.com\/wordpress\/plugins\/seo\/ -->\n<title>Jak se p\u0159ipravit na zimn\u00ed v\u00fd\u0161lap? | Srovn\u00e1tor.cz<\/title>\n<meta name=\"description\" content=\"N\u00ed\u017einy jsou na sn\u011bhovou pokr\u00fdvku letos skoup\u00e9, na hor\u00e1ch j\u00ed najdete ale dost. Ne\u017e se ale za zasn\u011b\u017een\u00fdmi vrcholkami hor vyd\u00e1te, dob\u0159e se p\u0159ipravte.\" \/>\n<meta name=\"robots\" content=\"index, follow, max-snippet:-1, max-image-preview:large, max-video-preview:-1\" \/>\n<link rel=\"canonical\" href=\"https:\/\/www.srovnator.cz\/clanky\/jak-se-pripravit-na-zimni-vyslap\/\" \/>\n<meta property=\"og:locale\" content=\"cs_CZ\" \/>\n<meta property=\"og:type\" content=\"article\" \/>\n<meta property=\"og:title\" content=\"Jak se p\u0159ipravit na zimn\u00ed v\u00fd\u0161lap? | Srovn\u00e1tor.cz\" \/>\n<meta property=\"og:description\" content=\"N\u00ed\u017einy jsou na sn\u011bhovou pokr\u00fdvku letos skoup\u00e9, na hor\u00e1ch j\u00ed najdete ale dost. Ne\u017e se ale za zasn\u011b\u017een\u00fdmi vrcholkami hor vyd\u00e1te, dob\u0159e se p\u0159ipravte.\" \/>\n<meta property=\"og:url\" content=\"https:\/\/www.srovnator.cz\/clanky\/jak-se-pripravit-na-zimni-vyslap\/\" \/>\n<meta property=\"og:site_name\" content=\"Srovn\u00e1tor.cz\" \/>\n<meta property=\"article:publisher\" content=\"https:\/\/www.facebook.com\/srovnator\/\" \/>\n<meta property=\"article:published_time\" content=\"2020-02-18T04:00:19+00:00\" \/>\n<meta property=\"article:modified_time\" content=\"2024-06-24T05:45:10+00:00\" \/>\n<meta property=\"og:image\" content=\"https:\/\/storage.googleapis.com\/wp-resources\/srovnator.cz\/ng\/2022\/06\/6466d016-02-jak-se-pripravit-na-zimni-vyslap.jpg\" \/>\n\t<meta property=\"og:image:width\" content=\"1000\" \/>\n\t<meta property=\"og:image:height\" content=\"750\" \/>\n\t<meta property=\"og:image:type\" content=\"image\/jpeg\" \/>\n<meta name=\"author\" content=\"Martin Dane\u0161\" \/>\n<meta name=\"twitter:card\" content=\"summary_large_image\" \/>\n<meta name=\"twitter:creator\" content=\"@Srovnator_czech\" \/>\n<meta name=\"twitter:site\" content=\"@Srovnator_czech\" \/>\n<meta name=\"twitter:label1\" content=\"Written by\" \/>\n\t<meta name=\"twitter:data1\" content=\"Martin Dane\u0161\" \/>\n\t<meta name=\"twitter:label2\" content=\"Est. reading time\" \/>\n\t<meta name=\"twitter:data2\" content=\"3 minutes\" \/>\n<script type=\"application\/ld+json\" class=\"yoast-schema-graph\">{\"@context\":\"https:\/\/schema.org\",\"@graph\":[{\"@type\":\"WebPage\",\"@id\":\"https:\/\/www.srovnator.cz\/clanky\/jak-se-pripravit-na-zimni-vyslap\/\",\"url\":\"https:\/\/www.srovnator.cz\/clanky\/jak-se-pripravit-na-zimni-vyslap\/\",\"name\":\"Jak se p\u0159ipravit na zimn\u00ed v\u00fd\u0161lap? | Srovn\u00e1tor.cz\",\"isPartOf\":{\"@id\":\"https:\/\/www.srovnator.cz\/#website\"},\"primaryImageOfPage\":{\"@id\":\"https:\/\/www.srovnator.cz\/clanky\/jak-se-pripravit-na-zimni-vyslap\/#primaryimage\"},\"image\":{\"@id\":\"https:\/\/www.srovnator.cz\/clanky\/jak-se-pripravit-na-zimni-vyslap\/#primaryimage\"},\"thumbnailUrl\":\"https:\/\/storage.googleapis.com\/wp-resources\/srovnator.cz\/ng\/2022\/06\/6466d016-02-jak-se-pripravit-na-zimni-vyslap.jpg\",\"datePublished\":\"2020-02-18T04:00:19+00:00\",\"dateModified\":\"2024-06-24T05:45:10+00:00\",\"author\":{\"@id\":\"https:\/\/www.srovnator.cz\/#\/schema\/person\/46d10e971bff43faa91c35835126aa3b\"},\"description\":\"N\u00ed\u017einy jsou na sn\u011bhovou pokr\u00fdvku letos skoup\u00e9, na hor\u00e1ch j\u00ed najdete ale dost. Ne\u017e se ale za zasn\u011b\u017een\u00fdmi vrcholkami hor vyd\u00e1te, dob\u0159e se p\u0159ipravte.\",\"inLanguage\":\"cs-CZ\",\"potentialAction\":[{\"@type\":\"ReadAction\",\"target\":[\"https:\/\/www.srovnator.cz\/clanky\/jak-se-pripravit-na-zimni-vyslap\/\"]}]},{\"@type\":\"ImageObject\",\"inLanguage\":\"cs-CZ\",\"@id\":\"https:\/\/www.srovnator.cz\/clanky\/jak-se-pripravit-na-zimni-vyslap\/#primaryimage\",\"url\":\"https:\/\/storage.googleapis.com\/wp-resources\/srovnator.cz\/ng\/2022\/06\/6466d016-02-jak-se-pripravit-na-zimni-vyslap.jpg\",\"contentUrl\":\"https:\/\/storage.googleapis.com\/wp-resources\/srovnator.cz\/ng\/2022\/06\/6466d016-02-jak-se-pripravit-na-zimni-vyslap.jpg\",\"width\":1000,\"height\":750,\"caption\":\"Jak se p\u0159ipravit na zimn\u00ed v\u00fd\u0161lap?\"},{\"@type\":\"WebSite\",\"@id\":\"https:\/\/www.srovnator.cz\/#website\",\"url\":\"https:\/\/www.srovnator.cz\/\",\"name\":\"Srovn\u00e1tor.cz\",\"description\":\"\",\"potentialAction\":[{\"@type\":\"SearchAction\",\"target\":{\"@type\":\"EntryPoint\",\"urlTemplate\":\"https:\/\/www.srovnator.cz\/?s={search_term_string}\"},\"query-input\":{\"@type\":\"PropertyValueSpecification\",\"valueRequired\":true,\"valueName\":\"search_term_string\"}}],\"inLanguage\":\"cs-CZ\"},{\"@type\":\"Person\",\"@id\":\"https:\/\/www.srovnator.cz\/#\/schema\/person\/46d10e971bff43faa91c35835126aa3b\",\"name\":\"Martin Dane\u0161\",\"image\":{\"@type\":\"ImageObject\",\"inLanguage\":\"cs-CZ\",\"@id\":\"https:\/\/www.srovnator.cz\/#\/schema\/person\/image\/\",\"url\":\"https:\/\/secure.gravatar.com\/avatar\/5cac60568def8a68791e2b771a3394888cf55828e445636dfc99f7ccd1e1d1b8?s=96&d=mm&r=g\",\"contentUrl\":\"https:\/\/secure.gravatar.com\/avatar\/5cac60568def8a68791e2b771a3394888cf55828e445636dfc99f7ccd1e1d1b8?s=96&d=mm&r=g\",\"caption\":\"Martin Dane\u0161\"},\"description\":\"Jsem Martin Dane\u0161, obchodn\u00ed \u0159editel Srovn\u00e1tor.cz. Na\u0161\u00edm c\u00edlem je naj\u00edt pro v\u00e1s v\u017edy to nejvhodn\u011bj\u0161\u00ed poji\u0161t\u011bn\u00ed dle va\u0161ich pot\u0159eb. D\u00edky \u0161irok\u00e9mu portfoliu produkt\u016f od v\u0161ech v\u00fdznamn\u00fdch poji\u0161\u0165oven v\u00e1m dok\u00e1\u017eeme poskytnout \u0159e\u0161en\u00ed odpov\u00eddaj\u00edc\u00ed va\u0161im p\u0159edstav\u00e1m. Kdy\u017e budete m\u00edt jak\u00fdkoliv produktov\u00fd dotaz, nev\u00e1hejte se na n\u00e1s obr\u00e1tit na info@srovnator.cz\",\"url\":\"https:\/\/www.srovnator.cz\/autori\/martin-danes\/\"}]}<\/script>\n<!-- \/ Yoast SEO plugin. -->","yoast_head_json":{"title":"Jak se p\u0159ipravit na zimn\u00ed v\u00fd\u0161lap? | Srovn\u00e1tor.cz","description":"N\u00ed\u017einy jsou na sn\u011bhovou pokr\u00fdvku letos skoup\u00e9, na hor\u00e1ch j\u00ed najdete ale dost. Ne\u017e se ale za zasn\u011b\u017een\u00fdmi vrcholkami hor vyd\u00e1te, dob\u0159e se p\u0159ipravte.","robots":{"index":"index","follow":"follow","max-snippet":"max-snippet:-1","max-image-preview":"max-image-preview:large","max-video-preview":"max-video-preview:-1"},"canonical":"https:\/\/www.srovnator.cz\/clanky\/jak-se-pripravit-na-zimni-vyslap\/","og_locale":"cs_CZ","og_type":"article","og_title":"Jak se p\u0159ipravit na zimn\u00ed v\u00fd\u0161lap? | Srovn\u00e1tor.cz","og_description":"N\u00ed\u017einy jsou na sn\u011bhovou pokr\u00fdvku letos skoup\u00e9, na hor\u00e1ch j\u00ed najdete ale dost. Ne\u017e se ale za zasn\u011b\u017een\u00fdmi vrcholkami hor vyd\u00e1te, dob\u0159e se p\u0159ipravte.","og_url":"https:\/\/www.srovnator.cz\/clanky\/jak-se-pripravit-na-zimni-vyslap\/","og_site_name":"Srovn\u00e1tor.cz","article_publisher":"https:\/\/www.facebook.com\/srovnator\/","article_published_time":"2020-02-18T04:00:19+00:00","article_modified_time":"2024-06-24T05:45:10+00:00","og_image":[{"width":1000,"height":750,"url":"https:\/\/storage.googleapis.com\/wp-resources\/srovnator.cz\/ng\/2022\/06\/6466d016-02-jak-se-pripravit-na-zimni-vyslap.jpg","type":"image\/jpeg"}],"author":"Martin Dane\u0161","twitter_card":"summary_large_image","twitter_creator":"@Srovnator_czech","twitter_site":"@Srovnator_czech","twitter_misc":{"Written by":"Martin Dane\u0161","Est. reading time":"3 minutes"},"schema":{"@context":"https:\/\/schema.org","@graph":[{"@type":"WebPage","@id":"https:\/\/www.srovnator.cz\/clanky\/jak-se-pripravit-na-zimni-vyslap\/","url":"https:\/\/www.srovnator.cz\/clanky\/jak-se-pripravit-na-zimni-vyslap\/","name":"Jak se p\u0159ipravit na zimn\u00ed v\u00fd\u0161lap? | Srovn\u00e1tor.cz","isPartOf":{"@id":"https:\/\/www.srovnator.cz\/#website"},"primaryImageOfPage":{"@id":"https:\/\/www.srovnator.cz\/clanky\/jak-se-pripravit-na-zimni-vyslap\/#primaryimage"},"image":{"@id":"https:\/\/www.srovnator.cz\/clanky\/jak-se-pripravit-na-zimni-vyslap\/#primaryimage"},"thumbnailUrl":"https:\/\/storage.googleapis.com\/wp-resources\/srovnator.cz\/ng\/2022\/06\/6466d016-02-jak-se-pripravit-na-zimni-vyslap.jpg","datePublished":"2020-02-18T04:00:19+00:00","dateModified":"2024-06-24T05:45:10+00:00","author":{"@id":"https:\/\/www.srovnator.cz\/#\/schema\/person\/46d10e971bff43faa91c35835126aa3b"},"description":"N\u00ed\u017einy jsou na sn\u011bhovou pokr\u00fdvku letos skoup\u00e9, na hor\u00e1ch j\u00ed najdete ale dost. Ne\u017e se ale za zasn\u011b\u017een\u00fdmi vrcholkami hor vyd\u00e1te, dob\u0159e se p\u0159ipravte.","inLanguage":"cs-CZ","potentialAction":[{"@type":"ReadAction","target":["https:\/\/www.srovnator.cz\/clanky\/jak-se-pripravit-na-zimni-vyslap\/"]}]},{"@type":"ImageObject","inLanguage":"cs-CZ","@id":"https:\/\/www.srovnator.cz\/clanky\/jak-se-pripravit-na-zimni-vyslap\/#primaryimage","url":"https:\/\/storage.googleapis.com\/wp-resources\/srovnator.cz\/ng\/2022\/06\/6466d016-02-jak-se-pripravit-na-zimni-vyslap.jpg","contentUrl":"https:\/\/storage.googleapis.com\/wp-resources\/srovnator.cz\/ng\/2022\/06\/6466d016-02-jak-se-pripravit-na-zimni-vyslap.jpg","width":1000,"height":750,"caption":"Jak se p\u0159ipravit na zimn\u00ed v\u00fd\u0161lap?"},{"@type":"WebSite","@id":"https:\/\/www.srovnator.cz\/#website","url":"https:\/\/www.srovnator.cz\/","name":"Srovn\u00e1tor.cz","description":"","potentialAction":[{"@type":"SearchAction","target":{"@type":"EntryPoint","urlTemplate":"https:\/\/www.srovnator.cz\/?s={search_term_string}"},"query-input":{"@type":"PropertyValueSpecification","valueRequired":true,"valueName":"search_term_string"}}],"inLanguage":"cs-CZ"},{"@type":"Person","@id":"https:\/\/www.srovnator.cz\/#\/schema\/person\/46d10e971bff43faa91c35835126aa3b","name":"Martin Dane\u0161","image":{"@type":"ImageObject","inLanguage":"cs-CZ","@id":"https:\/\/www.srovnator.cz\/#\/schema\/person\/image\/","url":"https:\/\/secure.gravatar.com\/avatar\/5cac60568def8a68791e2b771a3394888cf55828e445636dfc99f7ccd1e1d1b8?s=96&d=mm&r=g","contentUrl":"https:\/\/secure.gravatar.com\/avatar\/5cac60568def8a68791e2b771a3394888cf55828e445636dfc99f7ccd1e1d1b8?s=96&d=mm&r=g","caption":"Martin Dane\u0161"},"description":"Jsem Martin Dane\u0161, obchodn\u00ed \u0159editel Srovn\u00e1tor.cz. Na\u0161\u00edm c\u00edlem je naj\u00edt pro v\u00e1s v\u017edy to nejvhodn\u011bj\u0161\u00ed poji\u0161t\u011bn\u00ed dle va\u0161ich pot\u0159eb. D\u00edky \u0161irok\u00e9mu portfoliu produkt\u016f od v\u0161ech v\u00fdznamn\u00fdch poji\u0161\u0165oven v\u00e1m dok\u00e1\u017eeme poskytnout \u0159e\u0161en\u00ed odpov\u00eddaj\u00edc\u00ed va\u0161im p\u0159edstav\u00e1m. Kdy\u017e budete m\u00edt jak\u00fdkoliv produktov\u00fd dotaz, nev\u00e1hejte se na n\u00e1s obr\u00e1tit na info@srovnator.cz","url":"https:\/\/www.srovnator.cz\/autori\/martin-danes\/"}]}},"amp_enabled":true,"_links":{"self":[{"href":"https:\/\/www.srovnator.cz\/rest_api\/wp\/v2\/posts\/4864","targetHints":{"allow":["GET"]}}],"collection":[{"href":"https:\/\/www.srovnator.cz\/rest_api\/wp\/v2\/posts"}],"about":[{"href":"https:\/\/www.srovnator.cz\/rest_api\/wp\/v2\/types\/post"}],"author":[{"embeddable":true,"href":"https:\/\/www.srovnator.cz\/rest_api\/wp\/v2\/users\/5"}],"replies":[{"embeddable":true,"href":"https:\/\/www.srovnator.cz\/rest_api\/wp\/v2\/comments?post=4864"}],"version-history":[{"count":1,"href":"https:\/\/www.srovnator.cz\/rest_api\/wp\/v2\/posts\/4864\/revisions"}],"predecessor-version":[{"id":9550,"href":"https:\/\/www.srovnator.cz\/rest_api\/wp\/v2\/posts\/4864\/revisions\/9550"}],"wp:featuredmedia":[{"embeddable":true,"href":"https:\/\/www.srovnator.cz\/rest_api\/wp\/v2\/media\/4865"}],"wp:attachment":[{"href":"https:\/\/www.srovnator.cz\/rest_api\/wp\/v2\/media?parent=4864"}],"wp:term":[{"taxonomy":"category","embeddable":true,"href":"https:\/\/www.srovnator.cz\/rest_api\/wp\/v2\/categories?post=4864"},{"taxonomy":"post_tag","embeddable":true,"href":"https:\/\/www.srovnator.cz\/rest_api\/wp\/v2\/tags?post=4864"}],"curies":[{"name":"wp","href":"https:\/\/api.w.org\/{rel}","templated":true}]}}