{"id":4882,"date":"2020-03-13T10:22:12","date_gmt":"2020-03-13T09:22:12","guid":{"rendered":"https:\/\/www.srovnator.cz\/clanky\/ostatni\/kam-na-vylet-na-otocku\/"},"modified":"2024-06-24T07:45:10","modified_gmt":"2024-06-24T05:45:10","slug":"kam-na-vylet-na-otocku","status":"publish","type":"post","link":"https:\/\/www.srovnator.cz\/clanky\/kam-na-vylet-kdyz-vas-tlaci-cas\/","title":{"rendered":"Kam na v\u00fdlet \u201cna oto\u010dku\u201d"},"content":{"rendered":"<p><strong>Zimn\u00ed nadvl\u00e1da se\u00a0pomalu ale jist\u011b bl\u00ed\u017e\u00ed ke\u00a0konci, alespo\u0148 podle kalend\u00e1\u0159e. P\u0159\u00edroda u\u017e za\u010d\u00edn\u00e1 von\u011bt jarem, kter\u00e9\u00a0l\u00e1k\u00e1 k\u00a0proch\u00e1zk\u00e1m a\u00a0pl\u00e1nov\u00e1n\u00ed <a href=\"\/cestovni-pojisteni\/\">v\u00fdlet\u016f<\/a> s\u00a0p\u0159\u00e1teli nebo s\u00a0rodinou. Vzhledem k\u00a0sou\u010dasn\u00fdm restrikc\u00edm, kter\u00e9\u00a0maj\u00ed velk\u00fd vliv na\u00a0turistiku, jsou v\u00fdlety do\u00a0n\u011bkter\u00fdch destinac\u00ed hazardem nejen se\u00a0zdravotn\u00edm stavem, ale i\u00a0s\u00a0n\u00e1sledn\u00fdmi preventivn\u00edmi opat\u0159en\u00edmi na\u0161\u00ed vl\u00e1dy. S\u00a0ohledem na\u00a0v\u00fdvoj situace je\u00a0tak\u00a0doporu\u010deno ov\u011b\u0159it aktu\u00e1ln\u00ed situaci v\u00a0c\u00edlov\u00e9 destinaci.<\/strong><\/p>\n<img decoding=\"async\" width=\"770\" height=\"511\" src=\"https:\/\/storage.googleapis.com\/wp-resources\/srovnator.cz\/ng\/2022\/06\/bff8707e-kam-na-vylet-kdyz-vas-tlaci-cas-770x511.jpg\" class=\" wp-post-image wp-stateless-item\" alt=\"Kam na v\u00fdlet \u201cna oto\u010dku\u201d\" title=\"Kam na v\u00fdlet \u201cna oto\u010dku\u201d\" srcset=\"https:\/\/storage.googleapis.com\/wp-resources\/srovnator.cz\/ng\/2022\/06\/bff8707e-kam-na-vylet-kdyz-vas-tlaci-cas-770x511.jpg 770w, https:\/\/storage.googleapis.com\/wp-resources\/srovnator.cz\/ng\/2022\/06\/bff8707e-kam-na-vylet-kdyz-vas-tlaci-cas-1700x1128.jpg 1700w, https:\/\/storage.googleapis.com\/wp-resources\/srovnator.cz\/ng\/2022\/06\/bff8707e-kam-na-vylet-kdyz-vas-tlaci-cas.jpg 1920w\" sizes=\"(max-width: 770px) 100vw, 770px\" data-image-size=\"medium\" data-stateless-media-bucket=\"wp-resources\" data-stateless-media-name=\"srovnator.cz\/ng\/2022\/06\/bff8707e-kam-na-vylet-kdyz-vas-tlaci-cas.jpg\" \/>\n<h2>Letecky do\u00a0zahrani\u010d\u00ed<\/h2>\n<p>Jedny z\u00a0nejlevn\u011bj\u0161\u00edch letenek do\u00a0turisticky atraktivn\u00edch destinac\u00ed nab\u00edz\u00ed n\u00edzkorozpo\u010dtov\u00e9 leteck\u00e9 spole\u010dnosti do\u00a0Lond\u00fdna, Mil\u00e1na a\u00a0\u0158\u00edma, b\u011bhem p\u00e1r hodin tak\u00a0m\u016f\u017eete obdivovat Tower Bridge, kr\u00e1sy katedr\u00e1ly Narozen\u00ed Panny Marie na\u00a0Piazza del Duomo v\u00a0Mil\u00e1n\u011b nebo Colosseum v\u00a0\u0158\u00edm\u011b. V\u00a0sou\u010dasnosti jsou ale v\u0161echny lety z\u00a0\u010cesk\u00e9 republiky do\u00a0Mil\u00e1na, Ben\u00e1tek a\u00a0Bologni zru\u0161eny. Do\u00a0\u0158\u00edma se\u00a0sice dostanete, ale pokud se\u00a0na\u0159\u00edzen\u00ed vl\u00e1dy nezm\u011bn\u00ed, budete muset str\u00e1vit n\u00e1sleduj\u00edc\u00edch 14\u00a0dn\u00ed po\u00a0n\u00e1vratu v\u00a0karant\u00e9n\u011b.<\/p>\n<h2>Bruggy<\/h2>\n<p>Belgick\u00e9 m\u011bsto Bruggy se\u00a0nach\u00e1z\u00ed na\u00a0severoz\u00e1pad\u011b zem\u011b necel\u00fdch 100\u00a0km od\u00a0hlavn\u00edho m\u011bsta Bruselu. Romantick\u00e9 m\u011bsto si zachovalo sv\u016fj p\u016fvodn\u00ed vzhled st\u0159edov\u011bk\u00e9ho charakteru, kdy\u00a0bylo vyu\u017e\u00edv\u00e1no jako obchodn\u00ed n\u00e1mo\u0159n\u00ed p\u0159\u00edstav. D\u00edky s\u00edti kan\u00e1l\u016f, kter\u00e9\u00a0se\u00a0tkaj\u00ed kolem gotick\u00fdch staveb, je\u00a0m\u011bsto naz\u00fdv\u00e1no \u201cBen\u00e1tky severu\u201d.<\/p>\n<h3>Co\u00a0nav\u0161t\u00edvit?<\/h3>\n<ul>\n<li>Markt &#8211; historick\u00e9 centrum m\u011bsta.<\/li>\n<li>Zvonice Halle &#8211; 83\u00a0metr\u016f vysokou v\u011b\u017e se\u00a047 zvony, kter\u00e1\u00a0se\u00a0nach\u00e1z\u00ed na\u00a0hlavn\u00edm n\u00e1m\u011bst\u00ed.<\/li>\n<li>Kostel Panny Marie &#8211; nejvy\u0161\u0161\u00ed stavba Belgie (112\u00a0metr\u016f vysok\u00e1 v\u011b\u017e). Kostel ukr\u00fdv\u00e1 sochu Marie z\u00a0b\u00edl\u00e9ho mramoru od\u00a0Michelangela.<\/li>\n<li>Bazilika Svat\u00e9 krve, ukr\u00fdvaj\u00edc\u00ed k\u0159i\u0161\u0165\u00e1lov\u00e9 lahvi\u010dky s\u00a0krv\u00ed Je\u017e\u00ed\u0161e Krista. Nach\u00e1z\u00ed se\u00a0na\u00a0n\u00e1m\u011bst\u00ed Burg Square.<\/li>\n<li>Nemocnice St. John\u00b4s &#8211; nejstar\u0161\u00ed nemocnice v\u00a0Evrop\u011b (13.\u00a0stolet\u00ed) s\u00a0muzeem historie medic\u00edny.<\/li>\n<li>Ezelport &#8211; st\u0159edov\u011bk\u00e1 br\u00e1na do\u00a0m\u011bsta.<\/li>\n<li>Begijnhuisje &#8211; st\u00e1le funk\u010dn\u00ed \u017eensk\u00fd kl\u00e1\u0161ter.<\/li>\n<li>V\u011btrn\u00e9 ml\u00fdny &#8211; mimo centrum se\u00a0nach\u00e1z\u00ed 4\u00a0v\u011btrn\u00e9 ml\u00fdny, kter\u00e9\u00a0d\u0159\u00edv slou\u017eily jako zdroj energie a\u00a0na\u00a0mlet\u00ed obil\u00ed.<\/li>\n<\/ul>\n<h3>Co\u00a0ochutnat?<\/h3>\n<ul>\n<li>pivovar Half Moon (Huisbrouwerij De Halve Maan) &#8211; Belgie je\u00a0proslul\u00e1 v\u00fdrobou piva od\u00a0klasick\u00fdch, p\u0159es ovocn\u00e9 a\u017e po\u00a0jin\u00e9 speci\u00e1ly, jako je\u00a0nap\u0159. slan\u00e9 pivo<\/li>\n<li>\u010dokol\u00e1dovna na\u00a0Wijnzakstraat- belgick\u00e9 pralinky jsou vyhl\u00e1\u0161en\u00e9 po\u00a0cel\u00e9m sv\u011bt\u011b<\/li>\n<li>belgick\u00e9 hranolky &#8211; serv\u00edrovan\u00e9 se\u00a0zeleninou, slaninou, s\u00fdrovou om\u00e1\u010dkou, cibul\u00ed apod.<\/li>\n<li>carbonade flamande &#8211; hov\u011bz\u00ed maso s\u00a0cibul\u00ed, du\u0161en\u00e9 v\u00a0belgick\u00e9m pivu<\/li>\n<li>frikandel &#8211; v\u00e1le\u010dky z\u00a0mlet\u00e9ho vep\u0159ov\u00e9ho masa<\/li>\n<li>belgick\u00e9 vafle &#8211; pod\u00e1van\u00e9 s\u00a0ovocem, zmrzlinou, \u010dokol\u00e1dou, \u0161leha\u010dkou atd.<\/li>\n<\/ul>\n<h3>Jak se\u00a0tam dostat?<\/h3>\n<p>Pokud si po\u010dk\u00e1te na\u00a0ak\u010dn\u00ed letenky od\u00a0n\u00edzkon\u00e1kladov\u00e9 spole\u010dnosti Ryanair, m\u016f\u017eete zp\u00e1te\u010dn\u00ed letenku do\u00a0Bruselu po\u0159\u00eddit i\u00a0za\u00a0500 &#8211; 600\u00a0K\u010d. Z\u00a0leti\u0161t\u011b jezd\u00ed n\u011bkolikr\u00e1t denn\u011b pravideln\u00e1 autobusov\u00e1 linka do\u00a0Brugg &#8211; zp\u00e1te\u010dn\u00ed j\u00edzdenka stoj\u00ed 260\u00a0K\u010d.<\/p>\n<h2>Vozem k\u00a0soused\u016fm<\/h2>\n<p>M\u00edst k\u00a0nav\u0161t\u00edven\u00ed za\u00a0hranicemi je\u00a0nespo\u010det, je\u00a0t\u011b\u017ek\u00e9 vyb\u00edrat mezi pozn\u00e1v\u00e1n\u00edm p\u0159\u00edrody, gastronomi\u00ed, histori\u00ed, um\u011bn\u00edm nebo sportovn\u00edmi z\u00e1\u017eitky. Jsou m\u00edsta, kde\u00a0lze v\u0161echno spojit dohromady a\u00a0rozhodn\u011b jich nen\u00ed m\u00e1lo. Co\u00a0nap\u0159. Sask\u00e9 \u0160v\u00fdcarsko? Ka\u017ed\u00fd zn\u00e1 Prav\u010dickou br\u00e1nu v\u00a0H\u0159ensku na\u00a0\u010desk\u00e9 stran\u011b pln\u00e9 turist\u016f. Ta\u00a0n\u011bmeck\u00e1 pojme v\u011bt\u0161\u00ed po\u010det n\u00e1v\u0161t\u011bvn\u00edk\u016f, kter\u00e9\u00a0se\u00a0v\u00a0n\u00e1rodn\u00edm parku ztrat\u00ed.<\/p>\n<h2>Sask\u00e9 \u0160v\u00fdcarsko<\/h2>\n<p>N\u011bmeck\u00e1 \u010d\u00e1st n\u00e1rodn\u00edho parku se\u00a0nach\u00e1z\u00ed za\u00a0\u010desk\u00fdmi hranicemi na\u00a0cest\u011b mezi D\u011b\u010d\u00ednem a\u00a0Dr\u00e1\u017e\u010fanami. Rozprost\u00edr\u00e1 se\u00a0nad\u00a0\u00fadol\u00edm \u0159eky Labe.<\/p>\n<p><img decoding=\"async\" src=\"https:\/\/storage.googleapis.com\/wp-resources\/srovnator.cz\/2021\/10\/kam-na-vylet-kdyz-vas-tlaci-cas-3-770x433.jpg\" alt=\"Pevnost K\u00f6nigstein\" width=\"100%\" \/><\/p>\n<h3>Co\u00a0nav\u0161t\u00edvit?<\/h3>\n<ul>\n<li>Bastei &#8211; vyhl\u00eddka ve\u00a0v\u00fd\u0161ce 194\u00a0metr\u016f nad\u00a0hladinou \u0159eky Labe v\u00e1m poskytne n\u00e1dhern\u00fd v\u00fdhled na\u00a0kamenn\u00fd most Basteibr\u00fcck vedouc\u00ed p\u0159es hlubokou propast Mardertelle (Kun\u00ed j\u00e1ma), hrad<\/li>\n<li>Neurathen a\u00a0skaln\u00ed m\u011bsto.<\/li>\n<li>Pevnost K\u00f6nigstein &#8211; nejv\u011bt\u0161\u00ed skaln\u00ed pevnost v\u00a0Evrop\u011b. Pod\u00e9l jej\u00edch hradeb z\u00a0p\u00edskovcov\u00e9ho kamene vede 2\u00a0km dlouh\u00e1 trasa s\u00a0prohl\u00eddkou nejstar\u0161\u00ed dochovan\u00e9 n\u011bmeck\u00e9 kas\u00e1rna. Prvn\u00ed zm\u00ednka o\u00a0hrad\u011b poch\u00e1z\u00ed z\u00a01.&nbsp;poloviny 13.&nbsp;stolet\u00ed. Za\u00a0dobu existence byla kl\u00e1\u0161terem, st\u00e1tn\u00edm v\u011bzen\u00edm, t\u00e1borem v\u00e1le\u010dn\u00fdch zajatc\u016f i\u00a0lazaretem.<\/li>\n<li>Bad Schandau &#8211; nejstar\u0161\u00ed l\u00e1ze\u0148sk\u00e9 m\u011bste\u010dko Sask\u00e9ho \u0160v\u00fdcarska se\u00a0py\u0161n\u00ed zdej\u0161\u00edmi term\u00e1ln\u00edmi l\u00e1zn\u011bmi Toskana Therme a\u00a0vyhl\u00eddkou v\u00a0Ostrau, kam turisty dopravuje v\u00fdtah z\u00a0roku 1904 s\u00a050\u00a0metr\u016f vysokou konstrukc\u00ed. Raritou je\u00a0K\u0159inick\u00e1 tramvaj &#8211; nejmen\u0161\u00ed sask\u00e1 tramvajov\u00e1 linka s\u00a0kone\u010dnou stanic\u00ed u\u00a0vodop\u00e1du Lichtenhainer.<br \/>\nMezi dal\u0161\u00ed zaj\u00edmav\u00e1 m\u00edsta pat\u0159\u00ed Hrad Stolpen, Gro\u00dfer Winterberg (Velk\u00e1 zimn\u00ed hora), Skaln\u00ed divadlo Felsenb\u00fchne Rathen, Stolov\u00e1 hora Pfaffenstein, Amselsee, neboli Kos\u00ed jezero.<\/li>\n<\/ul>\n<h3>Co\u00a0ochutnat?<\/h3>\n<p>Sask\u00e1 kuchyn\u011b nen\u00ed tak\u00a0vyhl\u00e1\u0161en\u00e1 jako bavorsk\u00e1, nicm\u00e9n\u011b n\u011bjak\u00e9 tradi\u010dn\u00ed speciality v\u00a0n\u00ed jist\u011b najdete.<\/p>\n<ul>\n<li>v\u00e1no\u010dn\u00ed \u0161tola &#8211; sladk\u00e9 pe\u010divo je\u00a0v\u00a0Sasku velice obl\u00edben\u00e9. Nejzn\u00e1m\u011bj\u0161\u00ed a\u00a0nejdel\u0161\u00ed v\u00e1no\u010dn\u00ed \u0161tola se\u00a0tradi\u010dn\u011b pe\u010de ka\u017ed\u00fd rok na\u00a0dr\u00e1\u017e\u010fansk\u00fdch trz\u00edch.<\/li>\n<li>pulsnitzk\u00e9 pern\u00ed\u010dky<\/li>\n<li>Leipziger R\u00e4bchen &#8211; \u0161vestky pln\u011bn\u00e9 marcip\u00e1nem zape\u010den\u00e9 v\u00a0t\u011bst\u00ed\u010dku sypan\u00e9 sko\u0159icov\u00fdm cukrem p\u016fvodem z\u00a0Lipska.<\/li>\n<li>Leipziger Allerlei \u2013 zeleninov\u00fd pokrm s\u00a0krab\u00edm masem p\u016fvodem z\u00a0Lipska.<\/li>\n<li>sask\u00e1 v\u00edna &#8211; nejmen\u0161\u00ed vina\u0159sk\u00e1 oblast v\u00a0N\u011bmecku nab\u00edz\u00ed k\u00a0ochutn\u00e1vce n\u011bkolik odr\u016fd: m\u00fcller-thurgau, rulandsk\u00e9 b\u00edl\u00e9, rulandsk\u00e9 \u0161ed\u00e9, riesling,\u00a0tram\u00edn, dornfelder atd.<\/li>\n<li>pivo Wernesgr\u00fcner ze\u00a0stejnojmenn\u00e9ho pivovaru, jednoho z\u00a0nejstar\u0161\u00edch v\u00a0Evrop\u011b. Va\u0159ilo se\u00a0zde pivo ji\u017e od\u00a0roku 1436.<\/li>\n<\/ul>\n<h3>Jak se\u00a0tam dostat?<\/h3>\n<p>Autem se\u00a0do\u00a0Sask\u00e9ho \u0160v\u00fdcarska dostanete za\u00a01 hodinu a\u00a030 minut po\u00a0d\u00e1lnici D8 sm\u011brem na\u00a0\u00dast\u00ed nad\u00a0Labem. M\u011bste\u010dko Bad Schandau je\u00a0s\u00a0Prahou spojeno p\u0159\u00edmou \u017eelezni\u010dn\u00ed linkou. Za\u00a0zp\u00e1te\u010dn\u00ed j\u00edzdenku zaplat\u00edte 800\u00a0K\u010d. Sasko je\u00a0dob\u0159e napojeno na\u00a0Deutsche Bahn (\u017eelezni\u010dn\u00ed s\u00ed\u0165), n\u00e1v\u0161t\u011bvu n\u00e1rodn\u00edho parku tak\u00a0m\u016f\u017eete spojit i\u00a0s\u00a0n\u00e1v\u0161t\u011bvou Dr\u00e1\u017e\u010fan.<\/p>\n<h2>Po\u00a0\u010cech\u00e1ch<\/h2>\n<p>Kolikr\u00e1t zvol\u00edme m\u00edsto tuzemsk\u00e9 dovolen\u00e9\u00a0tu zahrani\u010dn\u00ed a\u00a0p\u0159itom n\u00e1m unik\u00e1 spousta kr\u00e1s, kter\u00e9\u00a0n\u00e1m na\u0161e zem\u011b nab\u00edz\u00ed. Praha, ZOO Dv\u016fr Kr\u00e1lov\u00e9, pam\u00e1tn\u00edk Terez\u00edn, \u010cesk\u00fd Krumlov, Karl\u0161tejn, Kutn\u00e1 Hora a\u00a0Kostnice, Z\u00e1mek Hlubok\u00e1 nad\u00a0Vltavou &#8211; to\u00a0v\u0161e a\u00a0mnoho dal\u0161\u00edho se\u00a0\u0159ad\u00ed mezi nejnav\u0161t\u011bvovan\u011bj\u0161\u00ed pam\u00e1tky v\u00a0\u010cech\u00e1ch. Co\u00a0ale zkusit n\u011bco netradi\u010dn\u00edho?<\/p>\n<h3>V\u00edtkovick\u00e9 \u017eelez\u00e1rny, Ostrava<\/h3>\n<p>Doln\u00ed oblast V\u00edtkovic proslavil p\u0159edev\u0161\u00edm hudebn\u00ed festival Colours of Ostrava, m\u00e1lokdo ale v\u00ed, \u017ee\u00a0je\u00a0are\u00e1l p\u0159\u00edstupn\u00fd i\u00a0mimo kon\u00e1n\u00ed t\u00e9to akce. Unik\u00e1tn\u00ed industri\u00e1ln\u00ed komplex, kde\u00a0se\u00a0v\u00a0obdob\u00ed od\u00a01828 do\u00a01998 t\u011b\u017eilo uhl\u00ed a\u00a0vyr\u00e1b\u011blo surov\u00e9 \u017eelezo. Are\u00e1l pro\u0161el rozs\u00e1hlou rekonstrukc\u00ed a\u00a0za\u00a0roky investic se\u00a0prom\u011bnil v\u00a0kulturn\u00ed, vzd\u011bl\u00e1vac\u00ed a\u00a0spole\u010densk\u00e9 centrum. V\u00a0roce 2002 byl\u00a0are\u00e1l ozna\u010den za\u00a0N\u00e1rodn\u00ed kulturn\u00ed pam\u00e1tku.<\/p>\n<p><img decoding=\"async\" src=\"https:\/\/storage.googleapis.com\/wp-resources\/srovnator.cz\/2021\/10\/kam-na-vylet-kdyz-vas-tlaci-cas-2-770x602.jpg\" alt=\"Bolt Tower, Doln\u00ed V\u00edtkovice\" width=\"100%\" \/><\/p>\n<h3>Co\u00a0nav\u0161t\u00edvit?<\/h3>\n<ul>\n<li>Bolt Tower &#8211; na\u00a0p\u016fvodn\u00ed konstrukci Vysok\u00e9 pece \u010d.1\u00a0byla postavena 25\u00a0metr\u016f vysok\u00e1 sklen\u011bn\u00e1 n\u00e1stavba, kolem n\u00ed\u017e se\u00a0to\u010d\u00ed adrenalinov\u00e1 l\u00e1vka. Celkov\u00e1 v\u00fd\u0161ka \u010din\u00ed 80\u00a0metr\u016f.<\/li>\n<li>Velk\u00fd sv\u011bt techniky &#8211; nau\u010dn\u00e9 centrum s\u00a0interaktivn\u00edmi expozicemi: D\u011btsk\u00fd sv\u011bt, Sv\u011bt v\u011bdy a\u00a0objev\u016f, Sv\u011bt civilizace, Sv\u011bt p\u0159\u00edrody. Naleznete zde i\u00a0kinos\u00e1l s\u00a03D\u00a0kinem a\u00a0p\u0159\u00edrodov\u011bdn\u00fdmi dokumenty BBC<\/li>\n<li>Gong &#8211; multifunk\u010dn\u00ed vestavba v\u00a0p\u016fvodn\u00edm plynojemu poskytuje z\u00e1zem\u00ed pro\u00a0mezin\u00e1rodn\u00ed konference a\u00a0workshopy.<\/li>\n<li>Bolt Caf\u00e9 &#8211; kav\u00e1rna \u201cv oblac\u00edch\u201d se\u00a0nach\u00e1z\u00ed v\u00a080 metrech nad\u00a0zem\u00ed a\u00a0p\u0159i\u00a0posezen\u00ed tak\u00a0nab\u00edz\u00ed kr\u00e1sn\u00fd v\u00fdhled na\u00a0Ostravu.<\/li>\n<\/ul>\n<h3>Co\u00a0ochutnat?<\/h3>\n<ul>\n<li>Ostravsk\u00e1 klob\u00e1sa je\u00a0v\u00a0\u010cesk\u00e9 republice pojem, ale stejn\u011b jako v\u00a0ostatn\u00edch \u010desk\u00fdch m\u011bstech vznikaj\u00ed i\u00a0v\u00a0Ostrav\u011b kav\u00e1rny a\u00a0bistra nab\u00edzej\u00edc\u00ed \u010derstvou, sv\u011b\u017e\u00ed kuchyni r\u016fzn\u00fdch chut\u00ed a\u00a0v\u016fn\u00ed.<\/li>\n<\/ul>\n<h3>Jak se\u00a0tam dostat?<\/h3>\n<p>Ostrava je\u00a0z\u00a0Prahy pom\u011brn\u011b z\u00a0ruky, <a href=\"\/cestovni-pojisteni\/kalkulacka\/#kalkulacka\">cesta<\/a> vozem p\u0159es Brno zabere 3\u00a0hodiny 30\u00a0minut. S\u00a0noclehem na\u00a0jednu noc se\u00a0v\u00e1m v\u00fdlet prodra\u017e\u00ed, proto m\u016f\u017eete vyzkou\u0161et samotnou cestu jako c\u00edl a\u00a0zvolit jako dopravu pohodln\u00e9 vlaky s\u00a0nimi\u017e se\u00a0do\u00a0Ostravy dostanete je\u0161t\u011b o\u00a0p\u016fl hodiny rychleji ne\u017e vozem.<\/p>\n","protected":false},"excerpt":{"rendered":"<p>Jarn\u00ed pr\u00e1zdniny u\u017e se pomalu bl\u00ed\u017e\u00ed ke konci a vy p\u0159em\u00fd\u0161l\u00edte o tom, kam v\u00e1s zavede dal\u0161\u00ed cesta? Nechte se inspirovat.<\/p>\n","protected":false},"author":5,"featured_media":4883,"comment_status":"closed","ping_status":"closed","sticky":false,"template":"","format":"standard","meta":{"_acf_changed":false,"footnotes":""},"categories":[8],"tags":[853,539,941,784,448],"class_list":["post-4882","post","type-post","status-publish","format-standard","has-post-thumbnail","hentry","category-cestovni-pojisteni","tag-ceska-republika","tag-cestovani","tag-trasa","tag-vylet","tag-zahranici"],"acf":{"znacka":"","model":"","objem":"","vyrobeno":"","vykon":"","velikost_1":"","velikost_2":"","velikost_3":"","velikost_4":"","roky":"","roky_velikost_1":"","roky_velikost_2":"","roky_velikost_3":"","roky_velikost_4":"","pocet_kalkulaci":0,"page_post_meta_bread":"Kam na v\u00fdlet \u201cna oto\u010dku\u201d","page_post_meta_bread_child":"","page_post_meta_script_head":"","page_post_meta_leaving_screen":"cat"},"yoast_head":"<!-- This site is optimized with the Yoast SEO plugin v25.5 - https:\/\/yoast.com\/wordpress\/plugins\/seo\/ -->\n<title>Kam na v\u00fdlet, kdy\u017e v\u00e1s tla\u010d\u00ed \u010das - Srovn\u00e1tor.cz<\/title>\n<meta name=\"description\" content=\"Jarn\u00ed pr\u00e1zdniny u\u017e se pomalu bl\u00ed\u017e\u00ed ke konci a vy p\u0159em\u00fd\u0161l\u00edte o tom, kam v\u00e1s zavede dal\u0161\u00ed cesta? Nechte se inspirovat.\" \/>\n<meta name=\"robots\" content=\"index, follow, max-snippet:-1, max-image-preview:large, max-video-preview:-1\" \/>\n<link rel=\"canonical\" href=\"https:\/\/www.srovnator.cz\/clanky\/kam-na-vylet-kdyz-vas-tlaci-cas\/\" \/>\n<meta property=\"og:locale\" content=\"cs_CZ\" \/>\n<meta property=\"og:type\" content=\"article\" \/>\n<meta property=\"og:title\" content=\"Kam na v\u00fdlet, kdy\u017e v\u00e1s tla\u010d\u00ed \u010das - Srovn\u00e1tor.cz\" \/>\n<meta property=\"og:description\" content=\"Jarn\u00ed pr\u00e1zdniny u\u017e se pomalu bl\u00ed\u017e\u00ed ke konci a vy p\u0159em\u00fd\u0161l\u00edte o tom, kam v\u00e1s zavede dal\u0161\u00ed cesta? Nechte se inspirovat.\" \/>\n<meta property=\"og:url\" content=\"https:\/\/www.srovnator.cz\/clanky\/kam-na-vylet-kdyz-vas-tlaci-cas\/\" \/>\n<meta property=\"og:site_name\" content=\"Srovn\u00e1tor.cz\" \/>\n<meta property=\"article:publisher\" content=\"https:\/\/www.facebook.com\/srovnator\/\" \/>\n<meta property=\"article:published_time\" content=\"2020-03-13T09:22:12+00:00\" \/>\n<meta property=\"article:modified_time\" content=\"2024-06-24T05:45:10+00:00\" \/>\n<meta property=\"og:image\" content=\"https:\/\/storage.googleapis.com\/wp-resources\/srovnator.cz\/ng\/2022\/06\/bff8707e-kam-na-vylet-kdyz-vas-tlaci-cas.jpg\" \/>\n\t<meta property=\"og:image:width\" content=\"1920\" \/>\n\t<meta property=\"og:image:height\" content=\"1274\" \/>\n\t<meta property=\"og:image:type\" content=\"image\/jpeg\" \/>\n<meta name=\"author\" content=\"Martin Dane\u0161\" \/>\n<meta name=\"twitter:card\" content=\"summary_large_image\" \/>\n<meta name=\"twitter:creator\" content=\"@Srovnator_czech\" \/>\n<meta name=\"twitter:site\" content=\"@Srovnator_czech\" \/>\n<meta name=\"twitter:label1\" content=\"Written by\" \/>\n\t<meta name=\"twitter:data1\" content=\"Martin Dane\u0161\" \/>\n\t<meta name=\"twitter:label2\" content=\"Est. reading time\" \/>\n\t<meta name=\"twitter:data2\" content=\"8 minutes\" \/>\n<script type=\"application\/ld+json\" class=\"yoast-schema-graph\">{\"@context\":\"https:\/\/schema.org\",\"@graph\":[{\"@type\":\"WebPage\",\"@id\":\"https:\/\/www.srovnator.cz\/clanky\/kam-na-vylet-kdyz-vas-tlaci-cas\/\",\"url\":\"https:\/\/www.srovnator.cz\/clanky\/kam-na-vylet-kdyz-vas-tlaci-cas\/\",\"name\":\"Kam na v\u00fdlet, kdy\u017e v\u00e1s tla\u010d\u00ed \u010das - Srovn\u00e1tor.cz\",\"isPartOf\":{\"@id\":\"https:\/\/www.srovnator.cz\/#website\"},\"primaryImageOfPage\":{\"@id\":\"https:\/\/www.srovnator.cz\/clanky\/kam-na-vylet-kdyz-vas-tlaci-cas\/#primaryimage\"},\"image\":{\"@id\":\"https:\/\/www.srovnator.cz\/clanky\/kam-na-vylet-kdyz-vas-tlaci-cas\/#primaryimage\"},\"thumbnailUrl\":\"https:\/\/storage.googleapis.com\/wp-resources\/srovnator.cz\/ng\/2022\/06\/bff8707e-kam-na-vylet-kdyz-vas-tlaci-cas.jpg\",\"datePublished\":\"2020-03-13T09:22:12+00:00\",\"dateModified\":\"2024-06-24T05:45:10+00:00\",\"author\":{\"@id\":\"https:\/\/www.srovnator.cz\/#\/schema\/person\/46d10e971bff43faa91c35835126aa3b\"},\"description\":\"Jarn\u00ed pr\u00e1zdniny u\u017e se pomalu bl\u00ed\u017e\u00ed ke konci a vy p\u0159em\u00fd\u0161l\u00edte o tom, kam v\u00e1s zavede dal\u0161\u00ed cesta? Nechte se inspirovat.\",\"inLanguage\":\"cs-CZ\",\"potentialAction\":[{\"@type\":\"ReadAction\",\"target\":[\"https:\/\/www.srovnator.cz\/clanky\/kam-na-vylet-kdyz-vas-tlaci-cas\/\"]}]},{\"@type\":\"ImageObject\",\"inLanguage\":\"cs-CZ\",\"@id\":\"https:\/\/www.srovnator.cz\/clanky\/kam-na-vylet-kdyz-vas-tlaci-cas\/#primaryimage\",\"url\":\"https:\/\/storage.googleapis.com\/wp-resources\/srovnator.cz\/ng\/2022\/06\/bff8707e-kam-na-vylet-kdyz-vas-tlaci-cas.jpg\",\"contentUrl\":\"https:\/\/storage.googleapis.com\/wp-resources\/srovnator.cz\/ng\/2022\/06\/bff8707e-kam-na-vylet-kdyz-vas-tlaci-cas.jpg\",\"width\":1920,\"height\":1274,\"caption\":\"Bruggy - Ben\u00e1tky severu\"},{\"@type\":\"WebSite\",\"@id\":\"https:\/\/www.srovnator.cz\/#website\",\"url\":\"https:\/\/www.srovnator.cz\/\",\"name\":\"Srovn\u00e1tor.cz\",\"description\":\"\",\"potentialAction\":[{\"@type\":\"SearchAction\",\"target\":{\"@type\":\"EntryPoint\",\"urlTemplate\":\"https:\/\/www.srovnator.cz\/?s={search_term_string}\"},\"query-input\":{\"@type\":\"PropertyValueSpecification\",\"valueRequired\":true,\"valueName\":\"search_term_string\"}}],\"inLanguage\":\"cs-CZ\"},{\"@type\":\"Person\",\"@id\":\"https:\/\/www.srovnator.cz\/#\/schema\/person\/46d10e971bff43faa91c35835126aa3b\",\"name\":\"Martin Dane\u0161\",\"image\":{\"@type\":\"ImageObject\",\"inLanguage\":\"cs-CZ\",\"@id\":\"https:\/\/www.srovnator.cz\/#\/schema\/person\/image\/\",\"url\":\"https:\/\/secure.gravatar.com\/avatar\/5cac60568def8a68791e2b771a3394888cf55828e445636dfc99f7ccd1e1d1b8?s=96&d=mm&r=g\",\"contentUrl\":\"https:\/\/secure.gravatar.com\/avatar\/5cac60568def8a68791e2b771a3394888cf55828e445636dfc99f7ccd1e1d1b8?s=96&d=mm&r=g\",\"caption\":\"Martin Dane\u0161\"},\"description\":\"Jsem Martin Dane\u0161, obchodn\u00ed \u0159editel Srovn\u00e1tor.cz. Na\u0161\u00edm c\u00edlem je naj\u00edt pro v\u00e1s v\u017edy to nejvhodn\u011bj\u0161\u00ed poji\u0161t\u011bn\u00ed dle va\u0161ich pot\u0159eb. D\u00edky \u0161irok\u00e9mu portfoliu produkt\u016f od v\u0161ech v\u00fdznamn\u00fdch poji\u0161\u0165oven v\u00e1m dok\u00e1\u017eeme poskytnout \u0159e\u0161en\u00ed odpov\u00eddaj\u00edc\u00ed va\u0161im p\u0159edstav\u00e1m. Kdy\u017e budete m\u00edt jak\u00fdkoliv produktov\u00fd dotaz, nev\u00e1hejte se na n\u00e1s obr\u00e1tit na info@srovnator.cz\",\"url\":\"https:\/\/www.srovnator.cz\/autori\/martin-danes\/\"}]}<\/script>\n<!-- \/ Yoast SEO plugin. -->","yoast_head_json":{"title":"Kam na v\u00fdlet, kdy\u017e v\u00e1s tla\u010d\u00ed \u010das - Srovn\u00e1tor.cz","description":"Jarn\u00ed pr\u00e1zdniny u\u017e se pomalu bl\u00ed\u017e\u00ed ke konci a vy p\u0159em\u00fd\u0161l\u00edte o tom, kam v\u00e1s zavede dal\u0161\u00ed cesta? Nechte se inspirovat.","robots":{"index":"index","follow":"follow","max-snippet":"max-snippet:-1","max-image-preview":"max-image-preview:large","max-video-preview":"max-video-preview:-1"},"canonical":"https:\/\/www.srovnator.cz\/clanky\/kam-na-vylet-kdyz-vas-tlaci-cas\/","og_locale":"cs_CZ","og_type":"article","og_title":"Kam na v\u00fdlet, kdy\u017e v\u00e1s tla\u010d\u00ed \u010das - Srovn\u00e1tor.cz","og_description":"Jarn\u00ed pr\u00e1zdniny u\u017e se pomalu bl\u00ed\u017e\u00ed ke konci a vy p\u0159em\u00fd\u0161l\u00edte o tom, kam v\u00e1s zavede dal\u0161\u00ed cesta? Nechte se inspirovat.","og_url":"https:\/\/www.srovnator.cz\/clanky\/kam-na-vylet-kdyz-vas-tlaci-cas\/","og_site_name":"Srovn\u00e1tor.cz","article_publisher":"https:\/\/www.facebook.com\/srovnator\/","article_published_time":"2020-03-13T09:22:12+00:00","article_modified_time":"2024-06-24T05:45:10+00:00","og_image":[{"width":1920,"height":1274,"url":"https:\/\/storage.googleapis.com\/wp-resources\/srovnator.cz\/ng\/2022\/06\/bff8707e-kam-na-vylet-kdyz-vas-tlaci-cas.jpg","type":"image\/jpeg"}],"author":"Martin Dane\u0161","twitter_card":"summary_large_image","twitter_creator":"@Srovnator_czech","twitter_site":"@Srovnator_czech","twitter_misc":{"Written by":"Martin Dane\u0161","Est. reading time":"8 minutes"},"schema":{"@context":"https:\/\/schema.org","@graph":[{"@type":"WebPage","@id":"https:\/\/www.srovnator.cz\/clanky\/kam-na-vylet-kdyz-vas-tlaci-cas\/","url":"https:\/\/www.srovnator.cz\/clanky\/kam-na-vylet-kdyz-vas-tlaci-cas\/","name":"Kam na v\u00fdlet, kdy\u017e v\u00e1s tla\u010d\u00ed \u010das - Srovn\u00e1tor.cz","isPartOf":{"@id":"https:\/\/www.srovnator.cz\/#website"},"primaryImageOfPage":{"@id":"https:\/\/www.srovnator.cz\/clanky\/kam-na-vylet-kdyz-vas-tlaci-cas\/#primaryimage"},"image":{"@id":"https:\/\/www.srovnator.cz\/clanky\/kam-na-vylet-kdyz-vas-tlaci-cas\/#primaryimage"},"thumbnailUrl":"https:\/\/storage.googleapis.com\/wp-resources\/srovnator.cz\/ng\/2022\/06\/bff8707e-kam-na-vylet-kdyz-vas-tlaci-cas.jpg","datePublished":"2020-03-13T09:22:12+00:00","dateModified":"2024-06-24T05:45:10+00:00","author":{"@id":"https:\/\/www.srovnator.cz\/#\/schema\/person\/46d10e971bff43faa91c35835126aa3b"},"description":"Jarn\u00ed pr\u00e1zdniny u\u017e se pomalu bl\u00ed\u017e\u00ed ke konci a vy p\u0159em\u00fd\u0161l\u00edte o tom, kam v\u00e1s zavede dal\u0161\u00ed cesta? Nechte se inspirovat.","inLanguage":"cs-CZ","potentialAction":[{"@type":"ReadAction","target":["https:\/\/www.srovnator.cz\/clanky\/kam-na-vylet-kdyz-vas-tlaci-cas\/"]}]},{"@type":"ImageObject","inLanguage":"cs-CZ","@id":"https:\/\/www.srovnator.cz\/clanky\/kam-na-vylet-kdyz-vas-tlaci-cas\/#primaryimage","url":"https:\/\/storage.googleapis.com\/wp-resources\/srovnator.cz\/ng\/2022\/06\/bff8707e-kam-na-vylet-kdyz-vas-tlaci-cas.jpg","contentUrl":"https:\/\/storage.googleapis.com\/wp-resources\/srovnator.cz\/ng\/2022\/06\/bff8707e-kam-na-vylet-kdyz-vas-tlaci-cas.jpg","width":1920,"height":1274,"caption":"Bruggy - Ben\u00e1tky severu"},{"@type":"WebSite","@id":"https:\/\/www.srovnator.cz\/#website","url":"https:\/\/www.srovnator.cz\/","name":"Srovn\u00e1tor.cz","description":"","potentialAction":[{"@type":"SearchAction","target":{"@type":"EntryPoint","urlTemplate":"https:\/\/www.srovnator.cz\/?s={search_term_string}"},"query-input":{"@type":"PropertyValueSpecification","valueRequired":true,"valueName":"search_term_string"}}],"inLanguage":"cs-CZ"},{"@type":"Person","@id":"https:\/\/www.srovnator.cz\/#\/schema\/person\/46d10e971bff43faa91c35835126aa3b","name":"Martin Dane\u0161","image":{"@type":"ImageObject","inLanguage":"cs-CZ","@id":"https:\/\/www.srovnator.cz\/#\/schema\/person\/image\/","url":"https:\/\/secure.gravatar.com\/avatar\/5cac60568def8a68791e2b771a3394888cf55828e445636dfc99f7ccd1e1d1b8?s=96&d=mm&r=g","contentUrl":"https:\/\/secure.gravatar.com\/avatar\/5cac60568def8a68791e2b771a3394888cf55828e445636dfc99f7ccd1e1d1b8?s=96&d=mm&r=g","caption":"Martin Dane\u0161"},"description":"Jsem Martin Dane\u0161, obchodn\u00ed \u0159editel Srovn\u00e1tor.cz. Na\u0161\u00edm c\u00edlem je naj\u00edt pro v\u00e1s v\u017edy to nejvhodn\u011bj\u0161\u00ed poji\u0161t\u011bn\u00ed dle va\u0161ich pot\u0159eb. D\u00edky \u0161irok\u00e9mu portfoliu produkt\u016f od v\u0161ech v\u00fdznamn\u00fdch poji\u0161\u0165oven v\u00e1m dok\u00e1\u017eeme poskytnout \u0159e\u0161en\u00ed odpov\u00eddaj\u00edc\u00ed va\u0161im p\u0159edstav\u00e1m. Kdy\u017e budete m\u00edt jak\u00fdkoliv produktov\u00fd dotaz, nev\u00e1hejte se na n\u00e1s obr\u00e1tit na info@srovnator.cz","url":"https:\/\/www.srovnator.cz\/autori\/martin-danes\/"}]}},"amp_enabled":true,"_links":{"self":[{"href":"https:\/\/www.srovnator.cz\/rest_api\/wp\/v2\/posts\/4882","targetHints":{"allow":["GET"]}}],"collection":[{"href":"https:\/\/www.srovnator.cz\/rest_api\/wp\/v2\/posts"}],"about":[{"href":"https:\/\/www.srovnator.cz\/rest_api\/wp\/v2\/types\/post"}],"author":[{"embeddable":true,"href":"https:\/\/www.srovnator.cz\/rest_api\/wp\/v2\/users\/5"}],"replies":[{"embeddable":true,"href":"https:\/\/www.srovnator.cz\/rest_api\/wp\/v2\/comments?post=4882"}],"version-history":[{"count":1,"href":"https:\/\/www.srovnator.cz\/rest_api\/wp\/v2\/posts\/4882\/revisions"}],"predecessor-version":[{"id":9544,"href":"https:\/\/www.srovnator.cz\/rest_api\/wp\/v2\/posts\/4882\/revisions\/9544"}],"wp:featuredmedia":[{"embeddable":true,"href":"https:\/\/www.srovnator.cz\/rest_api\/wp\/v2\/media\/4883"}],"wp:attachment":[{"href":"https:\/\/www.srovnator.cz\/rest_api\/wp\/v2\/media?parent=4882"}],"wp:term":[{"taxonomy":"category","embeddable":true,"href":"https:\/\/www.srovnator.cz\/rest_api\/wp\/v2\/categories?post=4882"},{"taxonomy":"post_tag","embeddable":true,"href":"https:\/\/www.srovnator.cz\/rest_api\/wp\/v2\/tags?post=4882"}],"curies":[{"name":"wp","href":"https:\/\/api.w.org\/{rel}","templated":true}]}}