{"id":4908,"date":"2020-04-29T07:03:27","date_gmt":"2020-04-29T05:03:27","guid":{"rendered":"https:\/\/www.srovnator.cz\/clanky\/ostatni\/co-hrozi-pri-pouzivani-detskych-autosedacek-mimo-auto\/"},"modified":"2024-06-24T07:57:59","modified_gmt":"2024-06-24T05:57:59","slug":"co-hrozi-pri-pouzivani-detskych-autosedacek-mimo-auto","status":"publish","type":"post","link":"https:\/\/www.srovnator.cz\/clanky\/proc-nenechavat-miminko-spat-v-autosedacce\/","title":{"rendered":"Co hroz\u00ed p\u0159i pou\u017e\u00edv\u00e1n\u00ed d\u011btsk\u00fdch autoseda\u010dek mimo auto?"},"content":{"rendered":"<p><strong>P\u0159i cest\u011b autem je autoseda\u010dka pro d\u00edt\u011b t\u00edm nejbezpe\u010dn\u011bj\u0161\u00edm m\u00edstem. V dom\u00e1c\u00edm prost\u0159ed\u00ed se v\u0161ak p\u0159i dlouhodob\u00e9m a nezodpov\u011bdn\u00e9m pou\u017e\u00edv\u00e1n\u00ed m\u016f\u017ee st\u00e1t m\u00edstem velmi nebezpe\u010dn\u00fdm. Rodi\u010de nejmen\u0161\u00edch d\u011bt\u00ed by se proto m\u011bli dob\u0159e rozmyslet, ne\u017e nechaj\u00ed sv\u00e9 d\u00edt\u011b sp\u00e1t ve vaj\u00ed\u010dku n\u011bkolik hodin nebo rovnou celou noc.<\/strong><\/p>\n<img decoding=\"async\" width=\"770\" height=\"1155\" src=\"https:\/\/storage.googleapis.com\/wp-resources\/srovnator.cz\/ng\/2022\/06\/63a918f9-proc-nenechavat-miminko-spat-v-autosedacce-770x1155.jpg\" class=\" wp-post-image wp-stateless-item\" alt=\"Co hroz\u00ed p\u0159i pou\u017e\u00edv\u00e1n\u00ed d\u011btsk\u00fdch autoseda\u010dek mimo auto?\" title=\"Co hroz\u00ed p\u0159i pou\u017e\u00edv\u00e1n\u00ed d\u011btsk\u00fdch autoseda\u010dek mimo auto?\" srcset=\"https:\/\/storage.googleapis.com\/wp-resources\/srovnator.cz\/ng\/2022\/06\/63a918f9-proc-nenechavat-miminko-spat-v-autosedacce-770x1155.jpg 770w, https:\/\/storage.googleapis.com\/wp-resources\/srovnator.cz\/ng\/2022\/06\/63a918f9-proc-nenechavat-miminko-spat-v-autosedacce-800x1200.jpg 800w, https:\/\/storage.googleapis.com\/wp-resources\/srovnator.cz\/ng\/2022\/06\/63a918f9-proc-nenechavat-miminko-spat-v-autosedacce.jpg 853w\" sizes=\"(max-width: 770px) 100vw, 770px\" data-image-size=\"medium\" data-stateless-media-bucket=\"wp-resources\" data-stateless-media-name=\"srovnator.cz\/ng\/2022\/06\/63a918f9-proc-nenechavat-miminko-spat-v-autosedacce.jpg\" \/>\n<h2>Autoseda\u010dka jako v\u0161estrann\u00fd pomocn\u00edk<\/h2>\n<p>V\u011bt\u0161in\u011b miminek se v d\u011btsk\u00e9 autoseda\u010dce (tzv. vaj\u00ed\u010dku) l\u00edb\u00ed. Mohou pozorovat sv\u00e9 okol\u00ed, vid\u00ed odtamtud mnohem zaj\u00edmav\u011bj\u0161\u00ed v\u011bci ne\u017e z ko\u010d\u00e1rku nebo post\u00fdlky. A pokud se za\u010dnou c\u00edtit unaven\u00e1, houp\u00e1n\u00ed je p\u0159\u00edjemn\u011b ukol\u00e9b\u00e1 a usnou. Houp\u00e1n\u00ed a kol\u00e9b\u00e1n\u00ed tak\u00e9 obvykle zabere na d\u011btsk\u00fd pl\u00e1\u010d.<\/p>\n<p>To \u010dasto vede rodi\u010de k tomu, \u017ee si z vaj\u00ed\u010dka, p\u016fvodn\u011b ur\u010den\u00e9ho do auta, ud\u011blaj\u00ed v\u0161estrann\u00e9ho pomocn\u00edka &#8211; d\u00edt\u011b v n\u011bm vezmou na proch\u00e1zku, na n\u00e1kup, k l\u00e9ka\u0159i, miminko v n\u011bm nakrm\u00ed a nakonec i usp\u00ed a nechaj\u00ed sp\u00e1t (v t\u011bch nejhor\u0161\u00edch p\u0159\u00edpadech klidn\u011b i celou noc). Dlouhodob\u00fd pobyt v autoseda\u010dce ale mal\u00fdm d\u011btem v\u016fbec neprosp\u00edv\u00e1, naopak pro n\u011b m\u016f\u017ee p\u0159edstavovat a\u017e smrteln\u00e9 riziko. Upozornila na to Americk\u00e1 akademie pediatr\u016f.<\/p>\n<h2>Americk\u00e1 studie varuje rodi\u010de<\/h2>\n<p>Ameri\u010dt\u00ed l\u00e9ka\u0159i na z\u00e1klad\u011b v\u00fdsledk\u016f sv\u00e9 studie varuj\u00ed rodi\u010de, \u017ee je velmi rizikov\u00e9 pou\u017e\u00edvat d\u011btsk\u00e9 autoseda\u010dky ke sp\u00e1nku. Z dat shroma\u017e\u010fovan\u00fdch po dobu deseti let vyplynulo, \u017ee t\u00e9m\u011b\u0159 dv\u011b t\u0159etiny p\u0159\u00edpad\u016f \u00famrt\u00ed kojenc\u016f b\u011bhem sp\u00e1nku zp\u016fsobilo nespr\u00e1vn\u00e9 pou\u017eit\u00ed autoseda\u010dky mimo auto. V mnoha p\u0159\u00edpadech do\u0161lo k vypadnut\u00ed nep\u0159ipoutan\u00e9ho d\u00edt\u011bte ze seda\u010dky, v jin\u00fdch p\u0159\u00edpadech do\u0161lo k u\u0161krcen\u00ed nebo udu\u0161en\u00ed v d\u016fsledku nefyziologick\u00e9 polohy t\u011bla.<\/p>\n<h2>Ko\u010d\u00e1rek a post\u00fdlku nic nenahrad\u00ed<\/h2>\n<p>Vedle t\u011bchto rizik hroz\u00ed d\u00edt\u011bti p\u0159i pravideln\u00e9m, dlouhodob\u00e9m pou\u017e\u00edv\u00e1n\u00ed autoseda\u010dky tak\u00e9 deformace t\u011bla. Pro spr\u00e1vn\u00fd v\u00fdvoj miminka je nejvhodn\u011bj\u0161\u00ed poloha vle\u017ee na z\u00e1dech na pevn\u00e9, rovn\u00e9 podlo\u017ece bez pol\u0161t\u00e1\u0159e. Ide\u00e1ln\u00ed je tedy ko\u010d\u00e1rek, post\u00fdlka nebo podobn\u00e9 alternativy. Pokud je d\u00edt\u011b v post\u00fdlce neklidn\u00e9, m\u016f\u017ee pomoci zabalen\u00ed do zavinova\u010dky.<br \/>\nNespou\u0161t\u011bjte ho z o\u010d\u00ed a st\u0159\u00eddejte polohy<br \/>\nA jak tedy s autoseda\u010dkou zach\u00e1zet? Vaj\u00ed\u010dko pou\u017e\u00edvejte v\u00fdhradn\u011b k tomu \u00fa\u010delu, k n\u011bmu\u017e bylo zkonstruovan\u00e9 &#8211; k p\u0159eprav\u011b d\u00edt\u011bte v aut\u011b. Pokud d\u00edt\u011b b\u011bhem cesty usne, p\u0159eneste ho po skon\u010den\u00ed j\u00edzdy do ko\u010d\u00e1rku nebo do post\u00fdlky. Mus\u00edte-li nechat d\u00edt\u011b sp\u00e1t v seda\u010dce, nenech\u00e1vejte ho tam dlouho a hlavn\u011b ho m\u011bjte neust\u00e1le pod dozorem. Nejnebezpe\u010dn\u011bj\u0161\u00ed potom je, kdy\u017e seda\u010dku s d\u00edt\u011btem um\u00edst\u00edte na vyv\u00fd\u0161en\u00e9 m\u00edsto (gau\u010d, st\u016fl apod.).<\/p>\n<p>P\u0159i dlouh\u00fdch cest\u00e1ch se doporu\u010duje nenech\u00e1vat kojence ve vaj\u00ed\u010dku d\u00e9le ne\u017e 1,5 hodiny v kuse. Proto <a href=\"\/clanky\/jak-se-pripravit-na-dlouhou-cestu-autem\/\">m\u00e1te-li p\u0159ed sebou del\u0161\u00ed cestu autem<\/a>, d\u011blejte zhruba po hodin\u011b a p\u016fl p\u0159est\u00e1vky, aby miminko mohlo zm\u011bnit polohu. B\u011bhem p\u0159est\u00e1vky d\u00edt\u011b z autoseda\u010dky vyjm\u011bte a polo\u017ete ide\u00e1ln\u011b na rovnou plochu.<\/p>\n","protected":false},"excerpt":{"rendered":"<p>\u00dakolem autoseda\u010dek je ochr\u00e1nit d\u00edt\u011b v p\u0159\u00edpad\u011b n\u00e1razu. P\u0159esto\u017ee se zdaj\u00ed b\u00fdt pohodln\u00e9 a d\u011btem se v nich l\u00edb\u00ed, nem\u011bly by nahrazovat post\u00fdlku nebo ko\u010d\u00e1rek.<\/p>\n","protected":false},"author":7,"featured_media":4909,"comment_status":"closed","ping_status":"closed","sticky":false,"template":"","format":"standard","meta":{"_acf_changed":false,"footnotes":""},"categories":[1],"tags":[474,912,475,757],"class_list":["post-4908","post","type-post","status-publish","format-standard","has-post-thumbnail","hentry","category-ostatni","tag-autosedacka","tag-deti","tag-dite","tag-nebezpeci"],"acf":{"znacka":"","model":"","objem":"","vyrobeno":"","vykon":"","velikost_1":"","velikost_2":"","velikost_3":"","velikost_4":"","roky":"","roky_velikost_1":"","roky_velikost_2":"","roky_velikost_3":"","roky_velikost_4":"","pocet_kalkulaci":0,"page_post_meta_bread":"Pro\u010d nenech\u00e1vat miminko sp\u00e1t v autoseda\u010dce","page_post_meta_bread_child":"","page_post_meta_script_head":"","page_post_meta_leaving_screen":"cat"},"yoast_head":"<!-- This site is optimized with the Yoast SEO plugin v25.5 - https:\/\/yoast.com\/wordpress\/plugins\/seo\/ -->\n<title>Pro\u010d nenech\u00e1vat miminko sp\u00e1t v autoseda\u010dce - Srovn\u00e1tor.cz<\/title>\n<meta name=\"description\" content=\"\u00dakolem autoseda\u010dek je ochr\u00e1nit d\u00edt\u011b v p\u0159\u00edpad\u011b n\u00e1razu. P\u0159esto\u017ee se zdaj\u00ed b\u00fdt pohodln\u00e9 a d\u011btem se v nich l\u00edb\u00ed, nem\u011bly by nahrazovat post\u00fdlku nebo ko\u010d\u00e1rek.\" \/>\n<meta name=\"robots\" content=\"index, follow, max-snippet:-1, max-image-preview:large, max-video-preview:-1\" \/>\n<link rel=\"canonical\" href=\"https:\/\/www.srovnator.cz\/clanky\/proc-nenechavat-miminko-spat-v-autosedacce\/\" \/>\n<meta property=\"og:locale\" content=\"cs_CZ\" \/>\n<meta property=\"og:type\" content=\"article\" \/>\n<meta property=\"og:title\" content=\"Pro\u010d nenech\u00e1vat miminko sp\u00e1t v autoseda\u010dce - Srovn\u00e1tor.cz\" \/>\n<meta property=\"og:description\" content=\"\u00dakolem autoseda\u010dek je ochr\u00e1nit d\u00edt\u011b v p\u0159\u00edpad\u011b n\u00e1razu. P\u0159esto\u017ee se zdaj\u00ed b\u00fdt pohodln\u00e9 a d\u011btem se v nich l\u00edb\u00ed, nem\u011bly by nahrazovat post\u00fdlku nebo ko\u010d\u00e1rek.\" \/>\n<meta property=\"og:url\" content=\"https:\/\/www.srovnator.cz\/clanky\/proc-nenechavat-miminko-spat-v-autosedacce\/\" \/>\n<meta property=\"og:site_name\" content=\"Srovn\u00e1tor.cz\" \/>\n<meta property=\"article:publisher\" content=\"https:\/\/www.facebook.com\/srovnator\/\" \/>\n<meta property=\"article:published_time\" content=\"2020-04-29T05:03:27+00:00\" \/>\n<meta property=\"article:modified_time\" content=\"2024-06-24T05:57:59+00:00\" \/>\n<meta property=\"og:image\" content=\"https:\/\/storage.googleapis.com\/wp-resources\/srovnator.cz\/ng\/2022\/06\/63a918f9-proc-nenechavat-miminko-spat-v-autosedacce.jpg\" \/>\n\t<meta property=\"og:image:width\" content=\"853\" \/>\n\t<meta property=\"og:image:height\" content=\"1280\" \/>\n\t<meta property=\"og:image:type\" content=\"image\/jpeg\" \/>\n<meta name=\"author\" content=\"Martin Straka\" \/>\n<meta name=\"twitter:card\" content=\"summary_large_image\" \/>\n<meta name=\"twitter:creator\" content=\"@Srovnator_czech\" \/>\n<meta name=\"twitter:site\" content=\"@Srovnator_czech\" \/>\n<meta name=\"twitter:label1\" content=\"Written by\" \/>\n\t<meta name=\"twitter:data1\" content=\"Martin Straka\" \/>\n\t<meta name=\"twitter:label2\" content=\"Est. reading time\" \/>\n\t<meta name=\"twitter:data2\" content=\"3 minutes\" \/>\n<script type=\"application\/ld+json\" class=\"yoast-schema-graph\">{\"@context\":\"https:\/\/schema.org\",\"@graph\":[{\"@type\":\"WebPage\",\"@id\":\"https:\/\/www.srovnator.cz\/clanky\/proc-nenechavat-miminko-spat-v-autosedacce\/\",\"url\":\"https:\/\/www.srovnator.cz\/clanky\/proc-nenechavat-miminko-spat-v-autosedacce\/\",\"name\":\"Pro\u010d nenech\u00e1vat miminko sp\u00e1t v autoseda\u010dce - Srovn\u00e1tor.cz\",\"isPartOf\":{\"@id\":\"https:\/\/www.srovnator.cz\/#website\"},\"primaryImageOfPage\":{\"@id\":\"https:\/\/www.srovnator.cz\/clanky\/proc-nenechavat-miminko-spat-v-autosedacce\/#primaryimage\"},\"image\":{\"@id\":\"https:\/\/www.srovnator.cz\/clanky\/proc-nenechavat-miminko-spat-v-autosedacce\/#primaryimage\"},\"thumbnailUrl\":\"https:\/\/storage.googleapis.com\/wp-resources\/srovnator.cz\/ng\/2022\/06\/63a918f9-proc-nenechavat-miminko-spat-v-autosedacce.jpg\",\"datePublished\":\"2020-04-29T05:03:27+00:00\",\"dateModified\":\"2024-06-24T05:57:59+00:00\",\"author\":{\"@id\":\"https:\/\/www.srovnator.cz\/#\/schema\/person\/f2be3ec81eda7dd06cf658cc9aa974ff\"},\"description\":\"\u00dakolem autoseda\u010dek je ochr\u00e1nit d\u00edt\u011b v p\u0159\u00edpad\u011b n\u00e1razu. P\u0159esto\u017ee se zdaj\u00ed b\u00fdt pohodln\u00e9 a d\u011btem se v nich l\u00edb\u00ed, nem\u011bly by nahrazovat post\u00fdlku nebo ko\u010d\u00e1rek.\",\"inLanguage\":\"cs-CZ\",\"potentialAction\":[{\"@type\":\"ReadAction\",\"target\":[\"https:\/\/www.srovnator.cz\/clanky\/proc-nenechavat-miminko-spat-v-autosedacce\/\"]}]},{\"@type\":\"ImageObject\",\"inLanguage\":\"cs-CZ\",\"@id\":\"https:\/\/www.srovnator.cz\/clanky\/proc-nenechavat-miminko-spat-v-autosedacce\/#primaryimage\",\"url\":\"https:\/\/storage.googleapis.com\/wp-resources\/srovnator.cz\/ng\/2022\/06\/63a918f9-proc-nenechavat-miminko-spat-v-autosedacce.jpg\",\"contentUrl\":\"https:\/\/storage.googleapis.com\/wp-resources\/srovnator.cz\/ng\/2022\/06\/63a918f9-proc-nenechavat-miminko-spat-v-autosedacce.jpg\",\"width\":853,\"height\":1280,\"caption\":\"Sp\u00edc\u00ed d\u00edt\u011b v autoseda\u010dce\"},{\"@type\":\"WebSite\",\"@id\":\"https:\/\/www.srovnator.cz\/#website\",\"url\":\"https:\/\/www.srovnator.cz\/\",\"name\":\"Srovn\u00e1tor.cz\",\"description\":\"\",\"potentialAction\":[{\"@type\":\"SearchAction\",\"target\":{\"@type\":\"EntryPoint\",\"urlTemplate\":\"https:\/\/www.srovnator.cz\/?s={search_term_string}\"},\"query-input\":{\"@type\":\"PropertyValueSpecification\",\"valueRequired\":true,\"valueName\":\"search_term_string\"}}],\"inLanguage\":\"cs-CZ\"},{\"@type\":\"Person\",\"@id\":\"https:\/\/www.srovnator.cz\/#\/schema\/person\/f2be3ec81eda7dd06cf658cc9aa974ff\",\"name\":\"Martin Straka\",\"image\":{\"@type\":\"ImageObject\",\"inLanguage\":\"cs-CZ\",\"@id\":\"https:\/\/www.srovnator.cz\/#\/schema\/person\/image\/\",\"url\":\"https:\/\/secure.gravatar.com\/avatar\/e91ecfaa01852a8f16b9f65e2ab5c2102d2bb71b2b029fd130ff6c5d21492f36?s=96&d=mm&r=g\",\"contentUrl\":\"https:\/\/secure.gravatar.com\/avatar\/e91ecfaa01852a8f16b9f65e2ab5c2102d2bb71b2b029fd130ff6c5d21492f36?s=96&d=mm&r=g\",\"caption\":\"Martin Straka\"},\"description\":\"Martin Straka je \u0159editelem klientsk\u00e9ho centra a p\u00e9\u010de o z\u00e1kazn\u00edky. Se sv\u00fdm t\u00fdmem poskytuje z\u00e1kazn\u00edk\u016fm Srovn\u00e1tor.cz \u0161pi\u010dkov\u00fd servis a dohl\u00ed\u017e\u00ed na to, aby na\u0161e procesy byly efektivn\u00ed a z\u00e1kazn\u00edci byli spokojen\u00ed nejen p\u0159i sjedn\u00e1n\u00ed nov\u00e9ho produktu, ale i kdykoliv pot\u0159ebuj\u00ed s n\u011b\u010d\u00edm pomoci. Jeho \u010dl\u00e1nky informuj\u00ed nejen o nejnov\u011bj\u0161\u00edch trendech a aktu\u00e1ln\u00edch t\u00e9matech, ale p\u0159in\u00e1\u0161\u00ed i praktick\u00e9 a zaj\u00edmav\u00e9 tipy z r\u016fzn\u00fdch oblast\u00ed b\u011b\u017en\u00e9ho \u017eivota.\",\"url\":\"https:\/\/www.srovnator.cz\/autori\/martin-straka\/\"}]}<\/script>\n<!-- \/ Yoast SEO plugin. -->","yoast_head_json":{"title":"Pro\u010d nenech\u00e1vat miminko sp\u00e1t v autoseda\u010dce - Srovn\u00e1tor.cz","description":"\u00dakolem autoseda\u010dek je ochr\u00e1nit d\u00edt\u011b v p\u0159\u00edpad\u011b n\u00e1razu. P\u0159esto\u017ee se zdaj\u00ed b\u00fdt pohodln\u00e9 a d\u011btem se v nich l\u00edb\u00ed, nem\u011bly by nahrazovat post\u00fdlku nebo ko\u010d\u00e1rek.","robots":{"index":"index","follow":"follow","max-snippet":"max-snippet:-1","max-image-preview":"max-image-preview:large","max-video-preview":"max-video-preview:-1"},"canonical":"https:\/\/www.srovnator.cz\/clanky\/proc-nenechavat-miminko-spat-v-autosedacce\/","og_locale":"cs_CZ","og_type":"article","og_title":"Pro\u010d nenech\u00e1vat miminko sp\u00e1t v autoseda\u010dce - Srovn\u00e1tor.cz","og_description":"\u00dakolem autoseda\u010dek je ochr\u00e1nit d\u00edt\u011b v p\u0159\u00edpad\u011b n\u00e1razu. P\u0159esto\u017ee se zdaj\u00ed b\u00fdt pohodln\u00e9 a d\u011btem se v nich l\u00edb\u00ed, nem\u011bly by nahrazovat post\u00fdlku nebo ko\u010d\u00e1rek.","og_url":"https:\/\/www.srovnator.cz\/clanky\/proc-nenechavat-miminko-spat-v-autosedacce\/","og_site_name":"Srovn\u00e1tor.cz","article_publisher":"https:\/\/www.facebook.com\/srovnator\/","article_published_time":"2020-04-29T05:03:27+00:00","article_modified_time":"2024-06-24T05:57:59+00:00","og_image":[{"width":853,"height":1280,"url":"https:\/\/storage.googleapis.com\/wp-resources\/srovnator.cz\/ng\/2022\/06\/63a918f9-proc-nenechavat-miminko-spat-v-autosedacce.jpg","type":"image\/jpeg"}],"author":"Martin Straka","twitter_card":"summary_large_image","twitter_creator":"@Srovnator_czech","twitter_site":"@Srovnator_czech","twitter_misc":{"Written by":"Martin Straka","Est. reading time":"3 minutes"},"schema":{"@context":"https:\/\/schema.org","@graph":[{"@type":"WebPage","@id":"https:\/\/www.srovnator.cz\/clanky\/proc-nenechavat-miminko-spat-v-autosedacce\/","url":"https:\/\/www.srovnator.cz\/clanky\/proc-nenechavat-miminko-spat-v-autosedacce\/","name":"Pro\u010d nenech\u00e1vat miminko sp\u00e1t v autoseda\u010dce - Srovn\u00e1tor.cz","isPartOf":{"@id":"https:\/\/www.srovnator.cz\/#website"},"primaryImageOfPage":{"@id":"https:\/\/www.srovnator.cz\/clanky\/proc-nenechavat-miminko-spat-v-autosedacce\/#primaryimage"},"image":{"@id":"https:\/\/www.srovnator.cz\/clanky\/proc-nenechavat-miminko-spat-v-autosedacce\/#primaryimage"},"thumbnailUrl":"https:\/\/storage.googleapis.com\/wp-resources\/srovnator.cz\/ng\/2022\/06\/63a918f9-proc-nenechavat-miminko-spat-v-autosedacce.jpg","datePublished":"2020-04-29T05:03:27+00:00","dateModified":"2024-06-24T05:57:59+00:00","author":{"@id":"https:\/\/www.srovnator.cz\/#\/schema\/person\/f2be3ec81eda7dd06cf658cc9aa974ff"},"description":"\u00dakolem autoseda\u010dek je ochr\u00e1nit d\u00edt\u011b v p\u0159\u00edpad\u011b n\u00e1razu. P\u0159esto\u017ee se zdaj\u00ed b\u00fdt pohodln\u00e9 a d\u011btem se v nich l\u00edb\u00ed, nem\u011bly by nahrazovat post\u00fdlku nebo ko\u010d\u00e1rek.","inLanguage":"cs-CZ","potentialAction":[{"@type":"ReadAction","target":["https:\/\/www.srovnator.cz\/clanky\/proc-nenechavat-miminko-spat-v-autosedacce\/"]}]},{"@type":"ImageObject","inLanguage":"cs-CZ","@id":"https:\/\/www.srovnator.cz\/clanky\/proc-nenechavat-miminko-spat-v-autosedacce\/#primaryimage","url":"https:\/\/storage.googleapis.com\/wp-resources\/srovnator.cz\/ng\/2022\/06\/63a918f9-proc-nenechavat-miminko-spat-v-autosedacce.jpg","contentUrl":"https:\/\/storage.googleapis.com\/wp-resources\/srovnator.cz\/ng\/2022\/06\/63a918f9-proc-nenechavat-miminko-spat-v-autosedacce.jpg","width":853,"height":1280,"caption":"Sp\u00edc\u00ed d\u00edt\u011b v autoseda\u010dce"},{"@type":"WebSite","@id":"https:\/\/www.srovnator.cz\/#website","url":"https:\/\/www.srovnator.cz\/","name":"Srovn\u00e1tor.cz","description":"","potentialAction":[{"@type":"SearchAction","target":{"@type":"EntryPoint","urlTemplate":"https:\/\/www.srovnator.cz\/?s={search_term_string}"},"query-input":{"@type":"PropertyValueSpecification","valueRequired":true,"valueName":"search_term_string"}}],"inLanguage":"cs-CZ"},{"@type":"Person","@id":"https:\/\/www.srovnator.cz\/#\/schema\/person\/f2be3ec81eda7dd06cf658cc9aa974ff","name":"Martin Straka","image":{"@type":"ImageObject","inLanguage":"cs-CZ","@id":"https:\/\/www.srovnator.cz\/#\/schema\/person\/image\/","url":"https:\/\/secure.gravatar.com\/avatar\/e91ecfaa01852a8f16b9f65e2ab5c2102d2bb71b2b029fd130ff6c5d21492f36?s=96&d=mm&r=g","contentUrl":"https:\/\/secure.gravatar.com\/avatar\/e91ecfaa01852a8f16b9f65e2ab5c2102d2bb71b2b029fd130ff6c5d21492f36?s=96&d=mm&r=g","caption":"Martin Straka"},"description":"Martin Straka je \u0159editelem klientsk\u00e9ho centra a p\u00e9\u010de o z\u00e1kazn\u00edky. Se sv\u00fdm t\u00fdmem poskytuje z\u00e1kazn\u00edk\u016fm Srovn\u00e1tor.cz \u0161pi\u010dkov\u00fd servis a dohl\u00ed\u017e\u00ed na to, aby na\u0161e procesy byly efektivn\u00ed a z\u00e1kazn\u00edci byli spokojen\u00ed nejen p\u0159i sjedn\u00e1n\u00ed nov\u00e9ho produktu, ale i kdykoliv pot\u0159ebuj\u00ed s n\u011b\u010d\u00edm pomoci. Jeho \u010dl\u00e1nky informuj\u00ed nejen o nejnov\u011bj\u0161\u00edch trendech a aktu\u00e1ln\u00edch t\u00e9matech, ale p\u0159in\u00e1\u0161\u00ed i praktick\u00e9 a zaj\u00edmav\u00e9 tipy z r\u016fzn\u00fdch oblast\u00ed b\u011b\u017en\u00e9ho \u017eivota.","url":"https:\/\/www.srovnator.cz\/autori\/martin-straka\/"}]}},"amp_enabled":true,"_links":{"self":[{"href":"https:\/\/www.srovnator.cz\/rest_api\/wp\/v2\/posts\/4908","targetHints":{"allow":["GET"]}}],"collection":[{"href":"https:\/\/www.srovnator.cz\/rest_api\/wp\/v2\/posts"}],"about":[{"href":"https:\/\/www.srovnator.cz\/rest_api\/wp\/v2\/types\/post"}],"author":[{"embeddable":true,"href":"https:\/\/www.srovnator.cz\/rest_api\/wp\/v2\/users\/7"}],"replies":[{"embeddable":true,"href":"https:\/\/www.srovnator.cz\/rest_api\/wp\/v2\/comments?post=4908"}],"version-history":[{"count":1,"href":"https:\/\/www.srovnator.cz\/rest_api\/wp\/v2\/posts\/4908\/revisions"}],"predecessor-version":[{"id":10169,"href":"https:\/\/www.srovnator.cz\/rest_api\/wp\/v2\/posts\/4908\/revisions\/10169"}],"wp:featuredmedia":[{"embeddable":true,"href":"https:\/\/www.srovnator.cz\/rest_api\/wp\/v2\/media\/4909"}],"wp:attachment":[{"href":"https:\/\/www.srovnator.cz\/rest_api\/wp\/v2\/media?parent=4908"}],"wp:term":[{"taxonomy":"category","embeddable":true,"href":"https:\/\/www.srovnator.cz\/rest_api\/wp\/v2\/categories?post=4908"},{"taxonomy":"post_tag","embeddable":true,"href":"https:\/\/www.srovnator.cz\/rest_api\/wp\/v2\/tags?post=4908"}],"curies":[{"name":"wp","href":"https:\/\/api.w.org\/{rel}","templated":true}]}}