{"id":4914,"date":"2020-05-15T09:02:24","date_gmt":"2020-05-15T07:02:24","guid":{"rendered":"https:\/\/www.srovnator.cz\/clanky\/ostatni\/jaky-prumerny-vek-maji-osobni-automobily\/"},"modified":"2024-06-24T07:57:59","modified_gmt":"2024-06-24T05:57:59","slug":"jaky-prumerny-vek-maji-osobni-automobily","status":"publish","type":"post","link":"https:\/\/www.srovnator.cz\/clanky\/jaky-prumerny-vek-maji-osobni-automobily\/","title":{"rendered":"Jak\u00fd pr\u016fm\u011brn\u00fd v\u011bk maj\u00ed osobn\u00ed automobily"},"content":{"rendered":"<p><strong>Po\u010det registrovan\u00fdch voz\u016f se&nbsp;v&nbsp;\u010cesk\u00e9 republice ka\u017ed\u00fdm rokem zvy\u0161uje. D\u016fvod\u016f, pro\u010d se&nbsp;tomu tak&nbsp;d\u011bje, m\u016f\u017ee b\u00fdt hned n\u011bkolik. Jednak roste kupn\u00ed s\u00edla a&nbsp;cena vozidel tak&nbsp;v&nbsp;pom\u011bru k&nbsp;v\u00fdd\u011blku kles\u00e1, d\u00e1le se&nbsp;roz\u0161i\u0159uj\u00ed nab\u00eddky spl\u00e1tek, respektive \u00fav\u011br\u016f a&nbsp;s&nbsp;rostouc\u00ed konkurenc\u00ed se&nbsp;jejich cena sni\u017euje. V&nbsp;sou\u010dasnosti ji\u017e nen\u00ed \u017e\u00e1dn\u00fdm luxusem m\u00edt dva osobn\u00ed automobily v&nbsp;rodin\u011b, obzvl\u00e1\u0161\u0165 kdy\u017e&nbsp;zam\u011bstnavatel\u00e9 poskytuj\u00ed mezi benefity i&nbsp;slu\u017eebn\u00ed <a href=\"\/povinne-ruceni\/\">auto<\/a> pro&nbsp;soukrom\u00e9 \u00fa\u010dely. V&nbsp;obdob\u00ed koronavirov\u00e9 krize nav\u00edc stoupl prodej ojet\u00fdch vozidel, pravd\u011bpodobn\u011b kv\u016fli obav z&nbsp;cestov\u00e1n\u00ed ve\u0159ejnou dopravou.<\/strong><\/p>\n<img decoding=\"async\" width=\"770\" height=\"513\" src=\"https:\/\/storage.googleapis.com\/wp-resources\/srovnator.cz\/ng\/2022\/06\/a0502a9a-jaky-prumerny-vek-maji-osobni-automobily2-770x513.jpg\" class=\" wp-post-image wp-stateless-item\" alt=\"Jak\u00fd pr\u016fm\u011brn\u00fd v\u011bk maj\u00ed osobn\u00ed automobily\" title=\"Jak\u00fd pr\u016fm\u011brn\u00fd v\u011bk maj\u00ed osobn\u00ed automobily\" srcset=\"https:\/\/storage.googleapis.com\/wp-resources\/srovnator.cz\/ng\/2022\/06\/a0502a9a-jaky-prumerny-vek-maji-osobni-automobily2-770x513.jpg 770w, https:\/\/storage.googleapis.com\/wp-resources\/srovnator.cz\/ng\/2022\/06\/a0502a9a-jaky-prumerny-vek-maji-osobni-automobily2.jpg 1280w\" sizes=\"(max-width: 770px) 100vw, 770px\" data-image-size=\"medium\" data-stateless-media-bucket=\"wp-resources\" data-stateless-media-name=\"srovnator.cz\/ng\/2022\/06\/a0502a9a-jaky-prumerny-vek-maji-osobni-automobily2.jpg\" \/>\n<p>Pr\u016fm\u011brn\u00fd v\u011bk automobil\u016f stoup\u00e1 s&nbsp;rostouc\u00edm po\u010dtem registrovan\u00fdch vozidel. Za&nbsp;prvn\u00ed kvart\u00e1l roku&nbsp;2020 bylo i&nbsp;p\u0159es omezen\u00ed provozu registr\u016f vozidel zaregistrov\u00e1no celkem 45&nbsp;763 vozidel v\u0161ech kategori\u00ed. Po\u010det osobn\u00edch automobil\u016f stoupl na&nbsp;6&nbsp;029&nbsp;765 (viz.&nbsp;Graf&nbsp;\u010d.1), co\u017e&nbsp;je&nbsp;o&nbsp;40&nbsp;227 osobn\u00edch automobil\u016f v\u00edc, ne\u017e bylo v&nbsp;registru na&nbsp;konci roku&nbsp;2019.<\/p>\n<p><img decoding=\"async\" src=\"https:\/\/storage.googleapis.com\/wp-resources\/srovnator.cz\/2021\/10\/jaky-prumerny-vek-maji-osobni-automobily3-770x512.jpg\" alt=\"Po\u010det registrovan\u00fdch osobn\u00edch automobil\u016f v&nbsp;\u010cesk\u00e9 republice mezi lety 2011 - 04\/2020\" width=\"100%\" \/><br \/>\n<small>Graf&nbsp;\u010d.1: Po\u010det registrovan\u00fdch osobn\u00edch automobil\u016f v&nbsp;\u010cesk\u00e9 republice mezi lety&nbsp;2011 &#8211; 04\/2020<\/small><\/p>\n<p>St\u00e1\u0159\u00ed osobn\u00edch automobil\u016f se&nbsp;v&nbsp;pr\u016fm\u011bru zv\u00fd\u0161ilo a&nbsp;tento rok poprv\u00e9 p\u0159esko\u010dilo patn\u00e1ctiletou hranici na&nbsp;15,01. Aritmetick\u00fd pr\u016fm\u011br v\u0161ak neodr\u00e1\u017e\u00ed skute\u010dnost na&nbsp;100&nbsp;%, proto\u017ee zkresluje re\u00e1lnou situaci extr\u00e9mn\u00edmi hodnotami. V&nbsp;registru toti\u017e mohou b\u00fdt zaregistrov\u00e1na i&nbsp;p\u0159edv\u00e1le\u010dn\u00e1 vozidla, kter\u00e1&nbsp;by&nbsp;dnes mohla m\u00edt zna\u010dku veter\u00e1na, nicm\u00e9n\u011b tomu tak&nbsp;nen\u00ed a&nbsp;tak&nbsp;je&nbsp;mnohdy veter\u00e1n registrovan\u00fd jako b\u011b\u017en\u00e9 osobn\u00ed vozidlo. V\u011bt\u0161\u00ed vypov\u00eddaj\u00edc\u00ed hodnotu o&nbsp;stavu vozov\u00e9ho parku m\u00e1 medi\u00e1n &#8211; ukazatel st\u0159edn\u00ed hodnoty, kter\u00fd&nbsp;eliminuje extr\u00e9mn\u00ed \u010d\u00edsla nebo modus, z&nbsp;jeho\u017e v\u00fdsledku bychom vy\u010detli, kolik aut od&nbsp;konkr\u00e9tn\u00edho st\u00e1\u0159\u00ed je&nbsp;v&nbsp;registru zaps\u00e1no a&nbsp;jak\u00fd v\u011bk se&nbsp;zde vyskytuje nej\u010dast\u011bji.<\/p>\n<p><img decoding=\"async\" src=\"https:\/\/storage.googleapis.com\/wp-resources\/srovnator.cz\/2021\/10\/jaky-prumerny-vek-maji-osobni-automobily-770x458.jpg\" alt=\"Pr\u016fm\u011brn\u00e9 st\u00e1\u0159\u00ed osobn\u00edch aut v&nbsp;\u010cesk\u00e9 republice mezi lety 2011 - 04\/2020\" width=\"100%\" \/><br \/>\n<small>Graf&nbsp;\u010d.2: Pr\u016fm\u011brn\u00e9 st\u00e1\u0159\u00ed osobn\u00edch aut v&nbsp;\u010cesk\u00e9 republice mezi lety&nbsp;2011&nbsp;&#8211;&nbsp;04\/2020<\/small><\/p>\n<p>Ve&nbsp;<a href=\"https:\/\/carb.srovnator.cz\/\">srovn\u00e1n\u00ed<\/a> s&nbsp;ostatn\u00edmi evropsk\u00fdmi st\u00e1ty jsme se&nbsp;um\u00edstili sp\u00ed\u0161e na&nbsp;spodn\u00ed v\u011bkov\u00e9 hranici automobil\u016f, podle statistiky z&nbsp;roku&nbsp;2018 je&nbsp;za&nbsp;\u010ceskou republikou jen&nbsp;Ma\u010farsko, \u0158ecko, Rumunsko, Estonsko a&nbsp;Litva. Pr\u016fm\u011brn\u00e9 st\u00e1\u0159\u00ed automobil\u016f v&nbsp;Evrop\u011b je&nbsp;10,8&nbsp;let.<\/p>\n<p><img decoding=\"async\" src=\"https:\/\/storage.googleapis.com\/wp-resources\/srovnator.cz\/2021\/10\/jaky-prumerny-vek-maji-osobni-automobily4-770x453.jpg\" alt=\"Pr\u016fm\u011brn\u00e9 st\u00e1\u0159\u00ed automobil\u016f v&nbsp;Evrop\u011b v&nbsp;roce 2018\" width=\"100%\" \/><br \/>\n<small>Graf&nbsp;\u010d.3: Pr\u016fm\u011brn\u00e9 st\u00e1\u0159\u00ed automobil\u016f v&nbsp;Evrop\u011b v&nbsp;roce&nbsp;2018<br \/>\n<strong>Zdroj:<\/strong> ACEA, National statistics<\/small><\/p>\n","protected":false},"excerpt":{"rendered":"<p>Pr\u016fm\u011brn\u00e9 st\u00e1\u0159\u00ed vozov\u00e9ho parku v \u010cesk\u00e9 republice rok od roku roste. Pro\u010d to tak je a jak jsme na tom ve srovn\u00e1n\u00ed s jin\u00fdmi evropsk\u00fdmi st\u00e1ty?<\/p>\n","protected":false},"author":7,"featured_media":4915,"comment_status":"closed","ping_status":"closed","sticky":false,"template":"","format":"standard","meta":{"_acf_changed":false,"footnotes":""},"categories":[1],"tags":[853,816,942,534,495],"class_list":["post-4914","post","type-post","status-publish","format-standard","has-post-thumbnail","hentry","category-ostatni","tag-ceska-republika","tag-evropa","tag-osobni-automobil","tag-srovnani","tag-stari-vozidla"],"acf":{"znacka":"","model":"","objem":"","vyrobeno":"","vykon":"","velikost_1":"","velikost_2":"","velikost_3":"","velikost_4":"","roky":"","roky_velikost_1":"","roky_velikost_2":"","roky_velikost_3":"","roky_velikost_4":"","pocet_kalkulaci":0,"page_post_meta_bread":"","page_post_meta_bread_child":"","page_post_meta_script_head":"","page_post_meta_leaving_screen":"cat"},"yoast_head":"<!-- This site is optimized with the Yoast SEO plugin v25.5 - https:\/\/yoast.com\/wordpress\/plugins\/seo\/ -->\n<title>Jak\u00fd pr\u016fm\u011brn\u00fd v\u011bk maj\u00ed osobn\u00ed automobily - Srovn\u00e1tor.cz<\/title>\n<meta name=\"description\" content=\"Pr\u016fm\u011brn\u00e9 st\u00e1\u0159\u00ed vozov\u00e9ho parku v \u010cesk\u00e9 republice rok od roku roste. Pro\u010d to tak je a jak jsme na tom ve srovn\u00e1n\u00ed s jin\u00fdmi evropsk\u00fdmi st\u00e1ty?\" \/>\n<meta name=\"robots\" content=\"index, follow, max-snippet:-1, max-image-preview:large, max-video-preview:-1\" \/>\n<link rel=\"canonical\" href=\"https:\/\/www.srovnator.cz\/clanky\/jaky-prumerny-vek-maji-osobni-automobily\/\" \/>\n<meta property=\"og:locale\" content=\"cs_CZ\" \/>\n<meta property=\"og:type\" content=\"article\" \/>\n<meta property=\"og:title\" content=\"Jak\u00fd pr\u016fm\u011brn\u00fd v\u011bk maj\u00ed osobn\u00ed automobily - Srovn\u00e1tor.cz\" \/>\n<meta property=\"og:description\" content=\"Pr\u016fm\u011brn\u00e9 st\u00e1\u0159\u00ed vozov\u00e9ho parku v \u010cesk\u00e9 republice rok od roku roste. Pro\u010d to tak je a jak jsme na tom ve srovn\u00e1n\u00ed s jin\u00fdmi evropsk\u00fdmi st\u00e1ty?\" \/>\n<meta property=\"og:url\" content=\"https:\/\/www.srovnator.cz\/clanky\/jaky-prumerny-vek-maji-osobni-automobily\/\" \/>\n<meta property=\"og:site_name\" content=\"Srovn\u00e1tor.cz\" \/>\n<meta property=\"article:publisher\" content=\"https:\/\/www.facebook.com\/srovnator\/\" \/>\n<meta property=\"article:published_time\" content=\"2020-05-15T07:02:24+00:00\" \/>\n<meta property=\"article:modified_time\" content=\"2024-06-24T05:57:59+00:00\" \/>\n<meta property=\"og:image\" content=\"https:\/\/storage.googleapis.com\/wp-resources\/srovnator.cz\/ng\/2022\/06\/a0502a9a-jaky-prumerny-vek-maji-osobni-automobily2.jpg\" \/>\n\t<meta property=\"og:image:width\" content=\"1280\" \/>\n\t<meta property=\"og:image:height\" content=\"852\" \/>\n\t<meta property=\"og:image:type\" content=\"image\/jpeg\" \/>\n<meta name=\"author\" content=\"Martin Straka\" \/>\n<meta name=\"twitter:card\" content=\"summary_large_image\" \/>\n<meta name=\"twitter:creator\" content=\"@Srovnator_czech\" \/>\n<meta name=\"twitter:site\" content=\"@Srovnator_czech\" \/>\n<meta name=\"twitter:label1\" content=\"Written by\" \/>\n\t<meta name=\"twitter:data1\" content=\"Martin Straka\" \/>\n\t<meta name=\"twitter:label2\" content=\"Est. reading time\" \/>\n\t<meta name=\"twitter:data2\" content=\"2 minutes\" \/>\n<script type=\"application\/ld+json\" class=\"yoast-schema-graph\">{\"@context\":\"https:\/\/schema.org\",\"@graph\":[{\"@type\":\"WebPage\",\"@id\":\"https:\/\/www.srovnator.cz\/clanky\/jaky-prumerny-vek-maji-osobni-automobily\/\",\"url\":\"https:\/\/www.srovnator.cz\/clanky\/jaky-prumerny-vek-maji-osobni-automobily\/\",\"name\":\"Jak\u00fd pr\u016fm\u011brn\u00fd v\u011bk maj\u00ed osobn\u00ed automobily - Srovn\u00e1tor.cz\",\"isPartOf\":{\"@id\":\"https:\/\/www.srovnator.cz\/#website\"},\"primaryImageOfPage\":{\"@id\":\"https:\/\/www.srovnator.cz\/clanky\/jaky-prumerny-vek-maji-osobni-automobily\/#primaryimage\"},\"image\":{\"@id\":\"https:\/\/www.srovnator.cz\/clanky\/jaky-prumerny-vek-maji-osobni-automobily\/#primaryimage\"},\"thumbnailUrl\":\"https:\/\/storage.googleapis.com\/wp-resources\/srovnator.cz\/ng\/2022\/06\/a0502a9a-jaky-prumerny-vek-maji-osobni-automobily2.jpg\",\"datePublished\":\"2020-05-15T07:02:24+00:00\",\"dateModified\":\"2024-06-24T05:57:59+00:00\",\"author\":{\"@id\":\"https:\/\/www.srovnator.cz\/#\/schema\/person\/f2be3ec81eda7dd06cf658cc9aa974ff\"},\"description\":\"Pr\u016fm\u011brn\u00e9 st\u00e1\u0159\u00ed vozov\u00e9ho parku v \u010cesk\u00e9 republice rok od roku roste. Pro\u010d to tak je a jak jsme na tom ve srovn\u00e1n\u00ed s jin\u00fdmi evropsk\u00fdmi st\u00e1ty?\",\"inLanguage\":\"cs-CZ\",\"potentialAction\":[{\"@type\":\"ReadAction\",\"target\":[\"https:\/\/www.srovnator.cz\/clanky\/jaky-prumerny-vek-maji-osobni-automobily\/\"]}]},{\"@type\":\"ImageObject\",\"inLanguage\":\"cs-CZ\",\"@id\":\"https:\/\/www.srovnator.cz\/clanky\/jaky-prumerny-vek-maji-osobni-automobily\/#primaryimage\",\"url\":\"https:\/\/storage.googleapis.com\/wp-resources\/srovnator.cz\/ng\/2022\/06\/a0502a9a-jaky-prumerny-vek-maji-osobni-automobily2.jpg\",\"contentUrl\":\"https:\/\/storage.googleapis.com\/wp-resources\/srovnator.cz\/ng\/2022\/06\/a0502a9a-jaky-prumerny-vek-maji-osobni-automobily2.jpg\",\"width\":1280,\"height\":852,\"caption\":\"N\u011bkte\u0159\u00ed veter\u00e1ni jsou st\u00e1le registrov\u00e1ni jako b\u011b\u017en\u00e1 osobn\u00ed auta\"},{\"@type\":\"WebSite\",\"@id\":\"https:\/\/www.srovnator.cz\/#website\",\"url\":\"https:\/\/www.srovnator.cz\/\",\"name\":\"Srovn\u00e1tor.cz\",\"description\":\"\",\"potentialAction\":[{\"@type\":\"SearchAction\",\"target\":{\"@type\":\"EntryPoint\",\"urlTemplate\":\"https:\/\/www.srovnator.cz\/?s={search_term_string}\"},\"query-input\":{\"@type\":\"PropertyValueSpecification\",\"valueRequired\":true,\"valueName\":\"search_term_string\"}}],\"inLanguage\":\"cs-CZ\"},{\"@type\":\"Person\",\"@id\":\"https:\/\/www.srovnator.cz\/#\/schema\/person\/f2be3ec81eda7dd06cf658cc9aa974ff\",\"name\":\"Martin Straka\",\"image\":{\"@type\":\"ImageObject\",\"inLanguage\":\"cs-CZ\",\"@id\":\"https:\/\/www.srovnator.cz\/#\/schema\/person\/image\/\",\"url\":\"https:\/\/secure.gravatar.com\/avatar\/e91ecfaa01852a8f16b9f65e2ab5c2102d2bb71b2b029fd130ff6c5d21492f36?s=96&d=mm&r=g\",\"contentUrl\":\"https:\/\/secure.gravatar.com\/avatar\/e91ecfaa01852a8f16b9f65e2ab5c2102d2bb71b2b029fd130ff6c5d21492f36?s=96&d=mm&r=g\",\"caption\":\"Martin Straka\"},\"description\":\"Martin Straka je \u0159editelem klientsk\u00e9ho centra a p\u00e9\u010de o z\u00e1kazn\u00edky. Se sv\u00fdm t\u00fdmem poskytuje z\u00e1kazn\u00edk\u016fm Srovn\u00e1tor.cz \u0161pi\u010dkov\u00fd servis a dohl\u00ed\u017e\u00ed na to, aby na\u0161e procesy byly efektivn\u00ed a z\u00e1kazn\u00edci byli spokojen\u00ed nejen p\u0159i sjedn\u00e1n\u00ed nov\u00e9ho produktu, ale i kdykoliv pot\u0159ebuj\u00ed s n\u011b\u010d\u00edm pomoci. Jeho \u010dl\u00e1nky informuj\u00ed nejen o nejnov\u011bj\u0161\u00edch trendech a aktu\u00e1ln\u00edch t\u00e9matech, ale p\u0159in\u00e1\u0161\u00ed i praktick\u00e9 a zaj\u00edmav\u00e9 tipy z r\u016fzn\u00fdch oblast\u00ed b\u011b\u017en\u00e9ho \u017eivota.\",\"url\":\"https:\/\/www.srovnator.cz\/autori\/martin-straka\/\"}]}<\/script>\n<!-- \/ Yoast SEO plugin. -->","yoast_head_json":{"title":"Jak\u00fd pr\u016fm\u011brn\u00fd v\u011bk maj\u00ed osobn\u00ed automobily - Srovn\u00e1tor.cz","description":"Pr\u016fm\u011brn\u00e9 st\u00e1\u0159\u00ed vozov\u00e9ho parku v \u010cesk\u00e9 republice rok od roku roste. Pro\u010d to tak je a jak jsme na tom ve srovn\u00e1n\u00ed s jin\u00fdmi evropsk\u00fdmi st\u00e1ty?","robots":{"index":"index","follow":"follow","max-snippet":"max-snippet:-1","max-image-preview":"max-image-preview:large","max-video-preview":"max-video-preview:-1"},"canonical":"https:\/\/www.srovnator.cz\/clanky\/jaky-prumerny-vek-maji-osobni-automobily\/","og_locale":"cs_CZ","og_type":"article","og_title":"Jak\u00fd pr\u016fm\u011brn\u00fd v\u011bk maj\u00ed osobn\u00ed automobily - Srovn\u00e1tor.cz","og_description":"Pr\u016fm\u011brn\u00e9 st\u00e1\u0159\u00ed vozov\u00e9ho parku v \u010cesk\u00e9 republice rok od roku roste. Pro\u010d to tak je a jak jsme na tom ve srovn\u00e1n\u00ed s jin\u00fdmi evropsk\u00fdmi st\u00e1ty?","og_url":"https:\/\/www.srovnator.cz\/clanky\/jaky-prumerny-vek-maji-osobni-automobily\/","og_site_name":"Srovn\u00e1tor.cz","article_publisher":"https:\/\/www.facebook.com\/srovnator\/","article_published_time":"2020-05-15T07:02:24+00:00","article_modified_time":"2024-06-24T05:57:59+00:00","og_image":[{"width":1280,"height":852,"url":"https:\/\/storage.googleapis.com\/wp-resources\/srovnator.cz\/ng\/2022\/06\/a0502a9a-jaky-prumerny-vek-maji-osobni-automobily2.jpg","type":"image\/jpeg"}],"author":"Martin Straka","twitter_card":"summary_large_image","twitter_creator":"@Srovnator_czech","twitter_site":"@Srovnator_czech","twitter_misc":{"Written by":"Martin Straka","Est. reading time":"2 minutes"},"schema":{"@context":"https:\/\/schema.org","@graph":[{"@type":"WebPage","@id":"https:\/\/www.srovnator.cz\/clanky\/jaky-prumerny-vek-maji-osobni-automobily\/","url":"https:\/\/www.srovnator.cz\/clanky\/jaky-prumerny-vek-maji-osobni-automobily\/","name":"Jak\u00fd pr\u016fm\u011brn\u00fd v\u011bk maj\u00ed osobn\u00ed automobily - Srovn\u00e1tor.cz","isPartOf":{"@id":"https:\/\/www.srovnator.cz\/#website"},"primaryImageOfPage":{"@id":"https:\/\/www.srovnator.cz\/clanky\/jaky-prumerny-vek-maji-osobni-automobily\/#primaryimage"},"image":{"@id":"https:\/\/www.srovnator.cz\/clanky\/jaky-prumerny-vek-maji-osobni-automobily\/#primaryimage"},"thumbnailUrl":"https:\/\/storage.googleapis.com\/wp-resources\/srovnator.cz\/ng\/2022\/06\/a0502a9a-jaky-prumerny-vek-maji-osobni-automobily2.jpg","datePublished":"2020-05-15T07:02:24+00:00","dateModified":"2024-06-24T05:57:59+00:00","author":{"@id":"https:\/\/www.srovnator.cz\/#\/schema\/person\/f2be3ec81eda7dd06cf658cc9aa974ff"},"description":"Pr\u016fm\u011brn\u00e9 st\u00e1\u0159\u00ed vozov\u00e9ho parku v \u010cesk\u00e9 republice rok od roku roste. Pro\u010d to tak je a jak jsme na tom ve srovn\u00e1n\u00ed s jin\u00fdmi evropsk\u00fdmi st\u00e1ty?","inLanguage":"cs-CZ","potentialAction":[{"@type":"ReadAction","target":["https:\/\/www.srovnator.cz\/clanky\/jaky-prumerny-vek-maji-osobni-automobily\/"]}]},{"@type":"ImageObject","inLanguage":"cs-CZ","@id":"https:\/\/www.srovnator.cz\/clanky\/jaky-prumerny-vek-maji-osobni-automobily\/#primaryimage","url":"https:\/\/storage.googleapis.com\/wp-resources\/srovnator.cz\/ng\/2022\/06\/a0502a9a-jaky-prumerny-vek-maji-osobni-automobily2.jpg","contentUrl":"https:\/\/storage.googleapis.com\/wp-resources\/srovnator.cz\/ng\/2022\/06\/a0502a9a-jaky-prumerny-vek-maji-osobni-automobily2.jpg","width":1280,"height":852,"caption":"N\u011bkte\u0159\u00ed veter\u00e1ni jsou st\u00e1le registrov\u00e1ni jako b\u011b\u017en\u00e1 osobn\u00ed auta"},{"@type":"WebSite","@id":"https:\/\/www.srovnator.cz\/#website","url":"https:\/\/www.srovnator.cz\/","name":"Srovn\u00e1tor.cz","description":"","potentialAction":[{"@type":"SearchAction","target":{"@type":"EntryPoint","urlTemplate":"https:\/\/www.srovnator.cz\/?s={search_term_string}"},"query-input":{"@type":"PropertyValueSpecification","valueRequired":true,"valueName":"search_term_string"}}],"inLanguage":"cs-CZ"},{"@type":"Person","@id":"https:\/\/www.srovnator.cz\/#\/schema\/person\/f2be3ec81eda7dd06cf658cc9aa974ff","name":"Martin Straka","image":{"@type":"ImageObject","inLanguage":"cs-CZ","@id":"https:\/\/www.srovnator.cz\/#\/schema\/person\/image\/","url":"https:\/\/secure.gravatar.com\/avatar\/e91ecfaa01852a8f16b9f65e2ab5c2102d2bb71b2b029fd130ff6c5d21492f36?s=96&d=mm&r=g","contentUrl":"https:\/\/secure.gravatar.com\/avatar\/e91ecfaa01852a8f16b9f65e2ab5c2102d2bb71b2b029fd130ff6c5d21492f36?s=96&d=mm&r=g","caption":"Martin Straka"},"description":"Martin Straka je \u0159editelem klientsk\u00e9ho centra a p\u00e9\u010de o z\u00e1kazn\u00edky. Se sv\u00fdm t\u00fdmem poskytuje z\u00e1kazn\u00edk\u016fm Srovn\u00e1tor.cz \u0161pi\u010dkov\u00fd servis a dohl\u00ed\u017e\u00ed na to, aby na\u0161e procesy byly efektivn\u00ed a z\u00e1kazn\u00edci byli spokojen\u00ed nejen p\u0159i sjedn\u00e1n\u00ed nov\u00e9ho produktu, ale i kdykoliv pot\u0159ebuj\u00ed s n\u011b\u010d\u00edm pomoci. Jeho \u010dl\u00e1nky informuj\u00ed nejen o nejnov\u011bj\u0161\u00edch trendech a aktu\u00e1ln\u00edch t\u00e9matech, ale p\u0159in\u00e1\u0161\u00ed i praktick\u00e9 a zaj\u00edmav\u00e9 tipy z r\u016fzn\u00fdch oblast\u00ed b\u011b\u017en\u00e9ho \u017eivota.","url":"https:\/\/www.srovnator.cz\/autori\/martin-straka\/"}]}},"amp_enabled":true,"_links":{"self":[{"href":"https:\/\/www.srovnator.cz\/rest_api\/wp\/v2\/posts\/4914","targetHints":{"allow":["GET"]}}],"collection":[{"href":"https:\/\/www.srovnator.cz\/rest_api\/wp\/v2\/posts"}],"about":[{"href":"https:\/\/www.srovnator.cz\/rest_api\/wp\/v2\/types\/post"}],"author":[{"embeddable":true,"href":"https:\/\/www.srovnator.cz\/rest_api\/wp\/v2\/users\/7"}],"replies":[{"embeddable":true,"href":"https:\/\/www.srovnator.cz\/rest_api\/wp\/v2\/comments?post=4914"}],"version-history":[{"count":1,"href":"https:\/\/www.srovnator.cz\/rest_api\/wp\/v2\/posts\/4914\/revisions"}],"predecessor-version":[{"id":10166,"href":"https:\/\/www.srovnator.cz\/rest_api\/wp\/v2\/posts\/4914\/revisions\/10166"}],"wp:featuredmedia":[{"embeddable":true,"href":"https:\/\/www.srovnator.cz\/rest_api\/wp\/v2\/media\/4915"}],"wp:attachment":[{"href":"https:\/\/www.srovnator.cz\/rest_api\/wp\/v2\/media?parent=4914"}],"wp:term":[{"taxonomy":"category","embeddable":true,"href":"https:\/\/www.srovnator.cz\/rest_api\/wp\/v2\/categories?post=4914"},{"taxonomy":"post_tag","embeddable":true,"href":"https:\/\/www.srovnator.cz\/rest_api\/wp\/v2\/tags?post=4914"}],"curies":[{"name":"wp","href":"https:\/\/api.w.org\/{rel}","templated":true}]}}