{"id":4924,"date":"2020-05-27T11:50:53","date_gmt":"2020-05-27T09:50:53","guid":{"rendered":"https:\/\/www.srovnator.cz\/clanky\/ostatni\/technicke-muzeum-v-liberci\/"},"modified":"2024-06-24T07:57:59","modified_gmt":"2024-06-24T05:57:59","slug":"technicke-muzeum-v-liberci","status":"publish","type":"post","link":"https:\/\/www.srovnator.cz\/clanky\/technicke-muzeum-v-liberci\/","title":{"rendered":"Technick\u00e9 muzeum v Liberci"},"content":{"rendered":"<p><strong>Pokud jste nad\u0161enci do&nbsp;techniky a&nbsp;pr\u016fmyslu, rozhodn\u011b nav\u0161tivte Technick\u00e9 muzeum v&nbsp;Liberci. Jedn\u00e1 se&nbsp;o&nbsp;relativn\u011b mlad\u00e9 muzeum \u2013 zalo\u017eeno bylo v&nbsp;roce 2014 a&nbsp;jako sv\u016fj hlavn\u00ed c\u00edl si klade prezentaci pr\u016fmyslov\u00e9 v\u00fdroby nejen v&nbsp;Liberci, ale i&nbsp;v&nbsp;cel\u00e9m libereck\u00e9m kraji a&nbsp;bl\u00edzk\u00fdch p\u0159eshrani\u010dn\u00edch regionech, d\u00edky kter\u00e9&nbsp;se&nbsp;Liberec stal v\u00fdznamn\u00fdm region\u00e1ln\u00edm m\u011bstem. Rozloha muzea se&nbsp;rozprost\u00edr\u00e1 na&nbsp;\u010dty\u0159ech pavilonech s&nbsp;velmi pestrou nab\u00eddkou expon\u00e1t\u016f. <\/strong><\/p>\n<img decoding=\"async\" width=\"770\" height=\"302\" src=\"https:\/\/storage.googleapis.com\/wp-resources\/srovnator.cz\/ng\/2022\/06\/4ebe0735-technicke-muzeum-v-liberci2-770x302.jpg\" class=\" wp-post-image wp-stateless-item\" alt=\"Technick\u00e9 muzeum v Liberci\" title=\"Technick\u00e9 muzeum v Liberci\" srcset=\"https:\/\/storage.googleapis.com\/wp-resources\/srovnator.cz\/ng\/2022\/06\/4ebe0735-technicke-muzeum-v-liberci2-770x302.jpg 770w, https:\/\/storage.googleapis.com\/wp-resources\/srovnator.cz\/ng\/2022\/06\/4ebe0735-technicke-muzeum-v-liberci2.jpg 1000w\" sizes=\"(max-width: 770px) 100vw, 770px\" data-image-size=\"medium\" data-stateless-media-bucket=\"wp-resources\" data-stateless-media-name=\"srovnator.cz\/ng\/2022\/06\/4ebe0735-technicke-muzeum-v-liberci2.jpg\" \/>\n<small>Zdroj: FB str\u00e1nky Technick\u00e9ho muzea v&nbsp;Liberci<\/small><\/p>\n<h2>Pavilon A<\/h2>\n<p>St\u011b\u017eejn\u00edm a&nbsp;prvn\u00edm pavilonem je&nbsp;pavilon A, kde&nbsp;si na&nbsp;sv\u00e9 p\u0159ijdou milovn\u00edci dopravn\u00edch prost\u0159edk\u016f. Uvid\u00edte zde uk\u00e1zky automobil\u016f z&nbsp;r\u016fzn\u00fdch \u010d\u00e1st\u00ed na\u0161\u00ed planety, kter\u00e9&nbsp;poprv\u00e9 sv\u011btlo sv\u011bta spat\u0159ily v&nbsp;jednotliv\u00fdch obdob\u00edch t\u00e1hnouc\u00edch se&nbsp;nap\u0159\u00ed\u010d cel\u00fdm 20. stolet\u00edm. Pokud si Va\u0161e srdce z\u00edskaly sp\u00ed\u0161e jednostop\u00e9 stroje, m\u016f\u017eete se&nbsp;t\u011b\u0161it na&nbsp;uk\u00e1zky motocykl\u016f p\u0159edv\u00e1le\u010dn\u00e9 i&nbsp;pov\u00e1le\u010dn\u00e9 v\u00fdroby, a&nbsp;to&nbsp;jak ze&nbsp;zahrani\u010d\u00ed, tak&nbsp;i&nbsp;z&nbsp;\u010ceskoslovenska. D\u00e1le v&nbsp;tomto pavilonu naleznete v\u00fdstavu, kter\u00e1&nbsp;se&nbsp;py\u0161n\u00ed svou chronologi\u00ed historie j\u00edzdn\u00edch kol, expon\u00e1ty z&nbsp;oblasti \u017eelezni\u010dn\u00ed dopravy a&nbsp;Va\u0161e ratolesti ur\u010dit\u011b zaujme obrovsk\u00e1 sb\u00edrka model\u016f aut\u00ed\u010dek, motocykl\u016f i&nbsp;dal\u0161\u00ed techniky. Shr\u0148me tedy to, co&nbsp;v&nbsp;tomto pavilonu m\u016f\u017eete vid\u011bt:<\/p>\n<ul>\n<li>automobily<\/li>\n<li>motocykly<\/li>\n<li>kola<\/li>\n<li>uk\u00e1zky z&nbsp;\u017eelezni\u010dn\u00ed dopravy<\/li>\n<li>nep\u0159ebern\u00e9 mno\u017estv\u00ed model\u016f<\/li>\n<\/ul>\n<h2>Pavilon&nbsp;B<\/h2>\n<p>Dal\u0161\u00ed pavilon, pavilon&nbsp;B, je&nbsp;v\u011bnov\u00e1n hlavn\u011b ji\u017e zm\u00edn\u011bn\u00e9mu pr\u016fmyslu. Liberec se&nbsp;proslavil zejm\u00e9na textiln\u00edm pr\u016fmyslem, jemu\u017e je&nbsp;pr\u00e1v\u011b v\u011bnovan\u00e1 jedna cel\u00e1 expozice. Dozv\u00edte se&nbsp;v&nbsp;n\u00ed o&nbsp;slavn\u00fdch jm\u00e9nech jako je&nbsp;nap\u0159\u00edklad Liebieg nebo Linser. Z&nbsp;expozice, je\u017e byla zam\u011b\u0159ena na&nbsp;pr\u016fmyslovou minulost Liberce se&nbsp;plynule m\u016f\u017eete p\u0159esunout do&nbsp;dal\u0161\u00ed \u010d\u00e1sti pavilonu, kter\u00fd&nbsp;je&nbsp;v\u011bnov\u00e1n pr\u016fmyslov\u00e9 sou\u010dasnosti tohoto m\u011bsta \u2013 lze tak&nbsp;hezky porovnat, kam se&nbsp;za&nbsp;ty roky Liberec posunul. Posledn\u00ed \u010d\u00e1st v\u00fdstavy pavilonu&nbsp;B, nesouc\u00ed n\u00e1zev K\u0159\u00eddla pro&nbsp;Izrael, je&nbsp;\u00fazce spjata se&nbsp;studenty Vojensk\u00e9 odborn\u00e9 \u0161koly leteck\u00fdch mechanik\u016f \u2013 dozv\u00edte se&nbsp;zde, pro\u010d byli jej\u00ed absolventi naprosto kl\u00ed\u010dov\u00ed pro&nbsp;vznik st\u00e1tu Izrael. Jak\u00e9 expozice pro&nbsp;V\u00e1s tedy m\u00e1 pavilon&nbsp;B p\u0159ichystan\u00e9?<\/p>\n<ul>\n<li>Textiln\u00ed pr\u016fmysl<\/li>\n<li>Liberec a&nbsp;pr\u016fmysl dnes<\/li>\n<li>K\u0159\u00eddla pro&nbsp;Izrael<\/li>\n<\/ul>\n<p><img decoding=\"async\" src=\"https:\/\/storage.googleapis.com\/wp-resources\/srovnator.cz\/2021\/10\/technicke-muzeum-v-liberci3-770x434.jpg\" alt=\"FB str\u00e1nky Technick\u00e9ho muzea v&nbsp;Liberci\" width=\"100%\" \/><br \/>\n<small>Zdroj: FB str\u00e1nky Technick\u00e9ho muzea v&nbsp;Liberci<\/small><\/p>\n<h2>Pavilon&nbsp;C a&nbsp;D<\/h2>\n<p>P\u0159edposledn\u00ed pavilon, ozna\u010den\u00fd p\u00edsmenem&nbsp;C, nab\u00edz\u00ed n\u00e1hled pod&nbsp;pokli\u010dku v\u00fdvoje m\u011bstsk\u00e9 hromadn\u00e9 dopravy. Dalo by&nbsp;se&nbsp;\u0159\u00edci, \u017ee&nbsp;nejv\u00edce prostoru muzea je&nbsp;v\u011bnov\u00e1no pr\u00e1v\u011b expon\u00e1t\u016fm z&nbsp;historie v\u00fdvoje tramvajov\u00e9 dopravy \u2013 t\u011b\u0161it se&nbsp;m\u016f\u017eete na&nbsp;tuzemsk\u00e9 tramvaje, chyb\u011bt ale nebudou ani z\u00e1stupci tramvaj\u00ed n\u011bmeck\u00fdch nebo \u0161v\u00fdcarsk\u00fdch. Drobn\u011bj\u0161\u00ed prostor je&nbsp;zde v\u011bnov\u00e1n i&nbsp;autobus\u016fm \u2013 skv\u011bl\u00e9 je, \u017ee&nbsp;m\u016f\u017eete prozkoumat i&nbsp;samotn\u00fd interi\u00e9r t\u011bchto dopravn\u00edch prost\u0159edk\u016f a&nbsp;budete m\u00edt tak&nbsp;jedine\u010dnou mo\u017enost posadit se&nbsp;na&nbsp;sedadla tramvaj\u00ed \u010di&nbsp;autobus\u016f, kter\u00e9&nbsp;svou kr\u00e1sou ji\u017e d\u00e1vno m\u011bstsk\u00e9 ulice neosl\u0148uj\u00ed. V&nbsp;prostoru cel\u00e9ho pavilonu se&nbsp;nach\u00e1zej\u00ed modely tramvaj\u00ed i&nbsp;autobus\u016f, kter\u00e9&nbsp;zaujmou hlavn\u011b mlad\u0161\u00ed z&nbsp;V\u00e1s. Pavilon&nbsp;D je&nbsp;v\u011bnov\u00e1n op\u011bt <a href=\"\/?s=automobil\">automobil\u016fm<\/a> \u2013 tentokr\u00e1t jsou to&nbsp;ale ji\u017e luxusn\u011bj\u0161\u00ed kousky v&nbsp;podob\u011b z\u00e1stupc\u016f zna\u010dek nap\u0159\u00edklad Rolls-Royce nebo Cadillac. Pro&nbsp;p\u0159ehlednost zrekapitulujme expozice pavilon\u016f&nbsp;C a&nbsp;D:<\/p>\n<ul>\n<li>Tramvajov\u00e1 doprava<\/li>\n<li>Autobusov\u00e1 doprava<\/li>\n<li>Zvu\u010dn\u00e9 zna\u010dky<\/li>\n<\/ul>\n<h2>Z\u00e1v\u011br<\/h2>\n<p>Ani Technick\u00e9 muzeum v&nbsp;Liberci se&nbsp;nevyhnulo pozastaven\u00ed sv\u00e9ho provozu v&nbsp;souvislosti s&nbsp;COVID-19. Jeho provoz byl&nbsp;v\u0161ak obnoven 11.&nbsp;kv\u011btna a&nbsp;nav\u0161t\u00edvit jej m\u016f\u017eete, mimo pond\u011bl\u00ed, jak\u00fdkoli den v&nbsp;t\u00fddnu od&nbsp;10:00-17:00. Muzeum m\u00e1 otev\u0159eno i&nbsp;na&nbsp;st\u00e1tn\u00ed sv\u00e1tky, pokud neuv\u00e1d\u00ed na&nbsp;sv\u00fdch <a target=\"_blank\" rel=\"nofollow noopener noreferrer\" href=\"https:\/\/www.tmliberec.cz\/novinky\/\">str\u00e1nk\u00e1ch<\/a> jinak. Najdete jej na&nbsp;libereck\u00e9 adrese Masarykova&nbsp;424\/5, 460&nbsp;01. Proto, pokud V\u00e1s \u0161irok\u00e1 nab\u00eddka expon\u00e1t\u016f muzea zaujala, nev\u00e1hejte jej ve&nbsp;sv\u00e9m voln\u00e9m \u010dase nav\u0161t\u00edvit.<\/p>\n<p><iframe width=\"100%\" height=\"450\" style=\"border: 0;\" src=\"https:\/\/www.google.com\/maps\/embed?pb=!1m18!1m12!1m3!1d2523.090539618391!2d15.064163715743122!3d50.77389517952128!2m3!1f0!2f0!3f0!3m2!1i1024!2i768!4f13.1!3m3!1m2!1s0x470936a0b26a01bf%3A0x48f315a507e320b3!2sTechnick%C3%A9%20muzeum%20Liberec!5e0!3m2!1scs!2scz!4v1590673141813!5m2!1scs!2scz\" frameborder=\"0\" allowfullscreen=\"allowfullscreen\" aria-hidden=\"false\" tabindex=\"0\"><span data-mce-type=\"bookmark\" style=\"display: inline-block; width: 0px; overflow: hidden; line-height: 0;\" class=\"mce_SELRES_start\">\ufeff<\/span><\/iframe><\/p>\n","protected":false},"excerpt":{"rendered":"<p>V \u010dl\u00e1nku se dozv\u00edte, co v\u0161e V\u00e1m nab\u00eddne Technick\u00e9 muzeum v Liberci. D\u00e1le jsou obsahem odkazy na dal\u0161\u00ed u\u017eite\u010dn\u00e9 \u010dl\u00e1nky na serveru srovnator.cz.<\/p>\n","protected":false},"author":7,"featured_media":4925,"comment_status":"closed","ping_status":"closed","sticky":false,"template":"","format":"standard","meta":{"_acf_changed":false,"footnotes":""},"categories":[1],"tags":[559,477,915,880],"class_list":["post-4924","post","type-post","status-publish","format-standard","has-post-thumbnail","hentry","category-ostatni","tag-liberec","tag-motocykl","tag-veterani","tag-zajimavosti"],"acf":{"znacka":"","model":"","objem":"","vyrobeno":"","vykon":"","velikost_1":"","velikost_2":"","velikost_3":"","velikost_4":"","roky":"","roky_velikost_1":"","roky_velikost_2":"","roky_velikost_3":"","roky_velikost_4":"","pocet_kalkulaci":0,"page_post_meta_bread":"Technick\u00e9 muzeum v Liberci","page_post_meta_bread_child":"","page_post_meta_script_head":"","page_post_meta_leaving_screen":"cat"},"yoast_head":"<!-- This site is optimized with the Yoast SEO plugin v25.5 - https:\/\/yoast.com\/wordpress\/plugins\/seo\/ -->\n<title>Technick\u00e9 muzeum v Liberci - Srovn\u00e1tor.cz<\/title>\n<meta name=\"description\" content=\"V \u010dl\u00e1nku se dozv\u00edte, co v\u0161e V\u00e1m nab\u00eddne Technick\u00e9 muzeum v Liberci. D\u00e1le jsou obsahem odkazy na dal\u0161\u00ed u\u017eite\u010dn\u00e9 \u010dl\u00e1nky na serveru srovnator.cz.\" \/>\n<meta name=\"robots\" content=\"index, follow, max-snippet:-1, max-image-preview:large, max-video-preview:-1\" \/>\n<link rel=\"canonical\" href=\"https:\/\/www.srovnator.cz\/clanky\/technicke-muzeum-v-liberci\/\" \/>\n<meta property=\"og:locale\" content=\"cs_CZ\" \/>\n<meta property=\"og:type\" content=\"article\" \/>\n<meta property=\"og:title\" content=\"Technick\u00e9 muzeum v Liberci - Srovn\u00e1tor.cz\" \/>\n<meta property=\"og:description\" content=\"V \u010dl\u00e1nku se dozv\u00edte, co v\u0161e V\u00e1m nab\u00eddne Technick\u00e9 muzeum v Liberci. D\u00e1le jsou obsahem odkazy na dal\u0161\u00ed u\u017eite\u010dn\u00e9 \u010dl\u00e1nky na serveru srovnator.cz.\" \/>\n<meta property=\"og:url\" content=\"https:\/\/www.srovnator.cz\/clanky\/technicke-muzeum-v-liberci\/\" \/>\n<meta property=\"og:site_name\" content=\"Srovn\u00e1tor.cz\" \/>\n<meta property=\"article:publisher\" content=\"https:\/\/www.facebook.com\/srovnator\/\" \/>\n<meta property=\"article:published_time\" content=\"2020-05-27T09:50:53+00:00\" \/>\n<meta property=\"article:modified_time\" content=\"2024-06-24T05:57:59+00:00\" \/>\n<meta property=\"og:image\" content=\"https:\/\/storage.googleapis.com\/wp-resources\/srovnator.cz\/ng\/2022\/06\/4ebe0735-technicke-muzeum-v-liberci2.jpg\" \/>\n\t<meta property=\"og:image:width\" content=\"1000\" \/>\n\t<meta property=\"og:image:height\" content=\"392\" \/>\n\t<meta property=\"og:image:type\" content=\"image\/jpeg\" \/>\n<meta name=\"author\" content=\"Martin Straka\" \/>\n<meta name=\"twitter:card\" content=\"summary_large_image\" \/>\n<meta name=\"twitter:creator\" content=\"@Srovnator_czech\" \/>\n<meta name=\"twitter:site\" content=\"@Srovnator_czech\" \/>\n<meta name=\"twitter:label1\" content=\"Written by\" \/>\n\t<meta name=\"twitter:data1\" content=\"Martin Straka\" \/>\n\t<meta name=\"twitter:label2\" content=\"Est. reading time\" \/>\n\t<meta name=\"twitter:data2\" content=\"4 minutes\" \/>\n<script type=\"application\/ld+json\" class=\"yoast-schema-graph\">{\"@context\":\"https:\/\/schema.org\",\"@graph\":[{\"@type\":\"WebPage\",\"@id\":\"https:\/\/www.srovnator.cz\/clanky\/technicke-muzeum-v-liberci\/\",\"url\":\"https:\/\/www.srovnator.cz\/clanky\/technicke-muzeum-v-liberci\/\",\"name\":\"Technick\u00e9 muzeum v Liberci - Srovn\u00e1tor.cz\",\"isPartOf\":{\"@id\":\"https:\/\/www.srovnator.cz\/#website\"},\"primaryImageOfPage\":{\"@id\":\"https:\/\/www.srovnator.cz\/clanky\/technicke-muzeum-v-liberci\/#primaryimage\"},\"image\":{\"@id\":\"https:\/\/www.srovnator.cz\/clanky\/technicke-muzeum-v-liberci\/#primaryimage\"},\"thumbnailUrl\":\"https:\/\/storage.googleapis.com\/wp-resources\/srovnator.cz\/ng\/2022\/06\/4ebe0735-technicke-muzeum-v-liberci2.jpg\",\"datePublished\":\"2020-05-27T09:50:53+00:00\",\"dateModified\":\"2024-06-24T05:57:59+00:00\",\"author\":{\"@id\":\"https:\/\/www.srovnator.cz\/#\/schema\/person\/f2be3ec81eda7dd06cf658cc9aa974ff\"},\"description\":\"V \u010dl\u00e1nku se dozv\u00edte, co v\u0161e V\u00e1m nab\u00eddne Technick\u00e9 muzeum v Liberci. D\u00e1le jsou obsahem odkazy na dal\u0161\u00ed u\u017eite\u010dn\u00e9 \u010dl\u00e1nky na serveru srovnator.cz.\",\"inLanguage\":\"cs-CZ\",\"potentialAction\":[{\"@type\":\"ReadAction\",\"target\":[\"https:\/\/www.srovnator.cz\/clanky\/technicke-muzeum-v-liberci\/\"]}]},{\"@type\":\"ImageObject\",\"inLanguage\":\"cs-CZ\",\"@id\":\"https:\/\/www.srovnator.cz\/clanky\/technicke-muzeum-v-liberci\/#primaryimage\",\"url\":\"https:\/\/storage.googleapis.com\/wp-resources\/srovnator.cz\/ng\/2022\/06\/4ebe0735-technicke-muzeum-v-liberci2.jpg\",\"contentUrl\":\"https:\/\/storage.googleapis.com\/wp-resources\/srovnator.cz\/ng\/2022\/06\/4ebe0735-technicke-muzeum-v-liberci2.jpg\",\"width\":1000,\"height\":392,\"caption\":\"FB str\u00e1nky Technick\u00e9ho muzea v Liberci\"},{\"@type\":\"WebSite\",\"@id\":\"https:\/\/www.srovnator.cz\/#website\",\"url\":\"https:\/\/www.srovnator.cz\/\",\"name\":\"Srovn\u00e1tor.cz\",\"description\":\"\",\"potentialAction\":[{\"@type\":\"SearchAction\",\"target\":{\"@type\":\"EntryPoint\",\"urlTemplate\":\"https:\/\/www.srovnator.cz\/?s={search_term_string}\"},\"query-input\":{\"@type\":\"PropertyValueSpecification\",\"valueRequired\":true,\"valueName\":\"search_term_string\"}}],\"inLanguage\":\"cs-CZ\"},{\"@type\":\"Person\",\"@id\":\"https:\/\/www.srovnator.cz\/#\/schema\/person\/f2be3ec81eda7dd06cf658cc9aa974ff\",\"name\":\"Martin Straka\",\"image\":{\"@type\":\"ImageObject\",\"inLanguage\":\"cs-CZ\",\"@id\":\"https:\/\/www.srovnator.cz\/#\/schema\/person\/image\/\",\"url\":\"https:\/\/secure.gravatar.com\/avatar\/e91ecfaa01852a8f16b9f65e2ab5c2102d2bb71b2b029fd130ff6c5d21492f36?s=96&d=mm&r=g\",\"contentUrl\":\"https:\/\/secure.gravatar.com\/avatar\/e91ecfaa01852a8f16b9f65e2ab5c2102d2bb71b2b029fd130ff6c5d21492f36?s=96&d=mm&r=g\",\"caption\":\"Martin Straka\"},\"description\":\"Martin Straka je \u0159editelem klientsk\u00e9ho centra a p\u00e9\u010de o z\u00e1kazn\u00edky. Se sv\u00fdm t\u00fdmem poskytuje z\u00e1kazn\u00edk\u016fm Srovn\u00e1tor.cz \u0161pi\u010dkov\u00fd servis a dohl\u00ed\u017e\u00ed na to, aby na\u0161e procesy byly efektivn\u00ed a z\u00e1kazn\u00edci byli spokojen\u00ed nejen p\u0159i sjedn\u00e1n\u00ed nov\u00e9ho produktu, ale i kdykoliv pot\u0159ebuj\u00ed s n\u011b\u010d\u00edm pomoci. Jeho \u010dl\u00e1nky informuj\u00ed nejen o nejnov\u011bj\u0161\u00edch trendech a aktu\u00e1ln\u00edch t\u00e9matech, ale p\u0159in\u00e1\u0161\u00ed i praktick\u00e9 a zaj\u00edmav\u00e9 tipy z r\u016fzn\u00fdch oblast\u00ed b\u011b\u017en\u00e9ho \u017eivota.\",\"url\":\"https:\/\/www.srovnator.cz\/autori\/martin-straka\/\"}]}<\/script>\n<!-- \/ Yoast SEO plugin. -->","yoast_head_json":{"title":"Technick\u00e9 muzeum v Liberci - Srovn\u00e1tor.cz","description":"V \u010dl\u00e1nku se dozv\u00edte, co v\u0161e V\u00e1m nab\u00eddne Technick\u00e9 muzeum v Liberci. D\u00e1le jsou obsahem odkazy na dal\u0161\u00ed u\u017eite\u010dn\u00e9 \u010dl\u00e1nky na serveru srovnator.cz.","robots":{"index":"index","follow":"follow","max-snippet":"max-snippet:-1","max-image-preview":"max-image-preview:large","max-video-preview":"max-video-preview:-1"},"canonical":"https:\/\/www.srovnator.cz\/clanky\/technicke-muzeum-v-liberci\/","og_locale":"cs_CZ","og_type":"article","og_title":"Technick\u00e9 muzeum v Liberci - Srovn\u00e1tor.cz","og_description":"V \u010dl\u00e1nku se dozv\u00edte, co v\u0161e V\u00e1m nab\u00eddne Technick\u00e9 muzeum v Liberci. D\u00e1le jsou obsahem odkazy na dal\u0161\u00ed u\u017eite\u010dn\u00e9 \u010dl\u00e1nky na serveru srovnator.cz.","og_url":"https:\/\/www.srovnator.cz\/clanky\/technicke-muzeum-v-liberci\/","og_site_name":"Srovn\u00e1tor.cz","article_publisher":"https:\/\/www.facebook.com\/srovnator\/","article_published_time":"2020-05-27T09:50:53+00:00","article_modified_time":"2024-06-24T05:57:59+00:00","og_image":[{"width":1000,"height":392,"url":"https:\/\/storage.googleapis.com\/wp-resources\/srovnator.cz\/ng\/2022\/06\/4ebe0735-technicke-muzeum-v-liberci2.jpg","type":"image\/jpeg"}],"author":"Martin Straka","twitter_card":"summary_large_image","twitter_creator":"@Srovnator_czech","twitter_site":"@Srovnator_czech","twitter_misc":{"Written by":"Martin Straka","Est. reading time":"4 minutes"},"schema":{"@context":"https:\/\/schema.org","@graph":[{"@type":"WebPage","@id":"https:\/\/www.srovnator.cz\/clanky\/technicke-muzeum-v-liberci\/","url":"https:\/\/www.srovnator.cz\/clanky\/technicke-muzeum-v-liberci\/","name":"Technick\u00e9 muzeum v Liberci - Srovn\u00e1tor.cz","isPartOf":{"@id":"https:\/\/www.srovnator.cz\/#website"},"primaryImageOfPage":{"@id":"https:\/\/www.srovnator.cz\/clanky\/technicke-muzeum-v-liberci\/#primaryimage"},"image":{"@id":"https:\/\/www.srovnator.cz\/clanky\/technicke-muzeum-v-liberci\/#primaryimage"},"thumbnailUrl":"https:\/\/storage.googleapis.com\/wp-resources\/srovnator.cz\/ng\/2022\/06\/4ebe0735-technicke-muzeum-v-liberci2.jpg","datePublished":"2020-05-27T09:50:53+00:00","dateModified":"2024-06-24T05:57:59+00:00","author":{"@id":"https:\/\/www.srovnator.cz\/#\/schema\/person\/f2be3ec81eda7dd06cf658cc9aa974ff"},"description":"V \u010dl\u00e1nku se dozv\u00edte, co v\u0161e V\u00e1m nab\u00eddne Technick\u00e9 muzeum v Liberci. D\u00e1le jsou obsahem odkazy na dal\u0161\u00ed u\u017eite\u010dn\u00e9 \u010dl\u00e1nky na serveru srovnator.cz.","inLanguage":"cs-CZ","potentialAction":[{"@type":"ReadAction","target":["https:\/\/www.srovnator.cz\/clanky\/technicke-muzeum-v-liberci\/"]}]},{"@type":"ImageObject","inLanguage":"cs-CZ","@id":"https:\/\/www.srovnator.cz\/clanky\/technicke-muzeum-v-liberci\/#primaryimage","url":"https:\/\/storage.googleapis.com\/wp-resources\/srovnator.cz\/ng\/2022\/06\/4ebe0735-technicke-muzeum-v-liberci2.jpg","contentUrl":"https:\/\/storage.googleapis.com\/wp-resources\/srovnator.cz\/ng\/2022\/06\/4ebe0735-technicke-muzeum-v-liberci2.jpg","width":1000,"height":392,"caption":"FB str\u00e1nky Technick\u00e9ho muzea v Liberci"},{"@type":"WebSite","@id":"https:\/\/www.srovnator.cz\/#website","url":"https:\/\/www.srovnator.cz\/","name":"Srovn\u00e1tor.cz","description":"","potentialAction":[{"@type":"SearchAction","target":{"@type":"EntryPoint","urlTemplate":"https:\/\/www.srovnator.cz\/?s={search_term_string}"},"query-input":{"@type":"PropertyValueSpecification","valueRequired":true,"valueName":"search_term_string"}}],"inLanguage":"cs-CZ"},{"@type":"Person","@id":"https:\/\/www.srovnator.cz\/#\/schema\/person\/f2be3ec81eda7dd06cf658cc9aa974ff","name":"Martin Straka","image":{"@type":"ImageObject","inLanguage":"cs-CZ","@id":"https:\/\/www.srovnator.cz\/#\/schema\/person\/image\/","url":"https:\/\/secure.gravatar.com\/avatar\/e91ecfaa01852a8f16b9f65e2ab5c2102d2bb71b2b029fd130ff6c5d21492f36?s=96&d=mm&r=g","contentUrl":"https:\/\/secure.gravatar.com\/avatar\/e91ecfaa01852a8f16b9f65e2ab5c2102d2bb71b2b029fd130ff6c5d21492f36?s=96&d=mm&r=g","caption":"Martin Straka"},"description":"Martin Straka je \u0159editelem klientsk\u00e9ho centra a p\u00e9\u010de o z\u00e1kazn\u00edky. Se sv\u00fdm t\u00fdmem poskytuje z\u00e1kazn\u00edk\u016fm Srovn\u00e1tor.cz \u0161pi\u010dkov\u00fd servis a dohl\u00ed\u017e\u00ed na to, aby na\u0161e procesy byly efektivn\u00ed a z\u00e1kazn\u00edci byli spokojen\u00ed nejen p\u0159i sjedn\u00e1n\u00ed nov\u00e9ho produktu, ale i kdykoliv pot\u0159ebuj\u00ed s n\u011b\u010d\u00edm pomoci. Jeho \u010dl\u00e1nky informuj\u00ed nejen o nejnov\u011bj\u0161\u00edch trendech a aktu\u00e1ln\u00edch t\u00e9matech, ale p\u0159in\u00e1\u0161\u00ed i praktick\u00e9 a zaj\u00edmav\u00e9 tipy z r\u016fzn\u00fdch oblast\u00ed b\u011b\u017en\u00e9ho \u017eivota.","url":"https:\/\/www.srovnator.cz\/autori\/martin-straka\/"}]}},"amp_enabled":true,"_links":{"self":[{"href":"https:\/\/www.srovnator.cz\/rest_api\/wp\/v2\/posts\/4924","targetHints":{"allow":["GET"]}}],"collection":[{"href":"https:\/\/www.srovnator.cz\/rest_api\/wp\/v2\/posts"}],"about":[{"href":"https:\/\/www.srovnator.cz\/rest_api\/wp\/v2\/types\/post"}],"author":[{"embeddable":true,"href":"https:\/\/www.srovnator.cz\/rest_api\/wp\/v2\/users\/7"}],"replies":[{"embeddable":true,"href":"https:\/\/www.srovnator.cz\/rest_api\/wp\/v2\/comments?post=4924"}],"version-history":[{"count":1,"href":"https:\/\/www.srovnator.cz\/rest_api\/wp\/v2\/posts\/4924\/revisions"}],"predecessor-version":[{"id":10163,"href":"https:\/\/www.srovnator.cz\/rest_api\/wp\/v2\/posts\/4924\/revisions\/10163"}],"wp:featuredmedia":[{"embeddable":true,"href":"https:\/\/www.srovnator.cz\/rest_api\/wp\/v2\/media\/4925"}],"wp:attachment":[{"href":"https:\/\/www.srovnator.cz\/rest_api\/wp\/v2\/media?parent=4924"}],"wp:term":[{"taxonomy":"category","embeddable":true,"href":"https:\/\/www.srovnator.cz\/rest_api\/wp\/v2\/categories?post=4924"},{"taxonomy":"post_tag","embeddable":true,"href":"https:\/\/www.srovnator.cz\/rest_api\/wp\/v2\/tags?post=4924"}],"curies":[{"name":"wp","href":"https:\/\/api.w.org\/{rel}","templated":true}]}}