{"id":4926,"date":"2020-05-29T05:42:57","date_gmt":"2020-05-29T03:42:57","guid":{"rendered":"https:\/\/www.srovnator.cz\/clanky\/ostatni\/technicke-muzeum-tatra-koprivnice\/"},"modified":"2024-06-24T07:57:59","modified_gmt":"2024-06-24T05:57:59","slug":"technicke-muzeum-tatra-koprivnice","status":"publish","type":"post","link":"https:\/\/www.srovnator.cz\/clanky\/technicke-muzeum-tatra-koprivnice\/","title":{"rendered":"Technick\u00e9 muzeum Tatra Kop\u0159ivnice"},"content":{"rendered":"<p><strong>Kdo by&nbsp;neznal Tatru &#8211; legend\u00e1rn\u00edho \u010desk\u00e9ho v\u00fdrobce automobil\u016f. Tatra pat\u0159\u00ed k&nbsp;nejstar\u0161\u00edm nep\u0159etr\u017eit\u011b funguj\u00edc\u00edm automobilk\u00e1m na&nbsp;sv\u011bt\u011b a&nbsp;dodnes vyr\u00e1b\u00ed n\u00e1kladn\u00ed vozidla. V&nbsp;Kop\u0159ivnici, kde&nbsp;firma s\u00eddl\u00ed, je&nbsp;mo\u017en\u00e9 nav\u0161t\u00edvit muzeum s&nbsp;des\u00edtkami p\u0159ev\u00e1\u017en\u011b osobn\u00edch aut a&nbsp;dal\u0161\u00edmi jedine\u010dn\u00fdmi expon\u00e1ty. Za\u010d\u00e1tkem roce&nbsp;2021 se&nbsp;automobilov\u00fdm nad\u0161enc\u016fm otev\u0159e v&nbsp;Kop\u0159ivnici dal\u0161\u00ed muzeum, zam\u011b\u0159en\u00e9 na&nbsp;n\u00e1kladn\u00ed vozy Tatra.<\/strong><\/p>\n<img decoding=\"async\" width=\"770\" height=\"513\" src=\"https:\/\/storage.googleapis.com\/wp-resources\/srovnator.cz\/ng\/2022\/06\/6732b2e8-technicke-muzeum-tatra-koprivnice2-770x513.jpg\" class=\" wp-post-image wp-stateless-item\" alt=\"Technick\u00e9 muzeum Tatra Kop\u0159ivnice\" title=\"Technick\u00e9 muzeum Tatra Kop\u0159ivnice\" srcset=\"https:\/\/storage.googleapis.com\/wp-resources\/srovnator.cz\/ng\/2022\/06\/6732b2e8-technicke-muzeum-tatra-koprivnice2-770x513.jpg 770w, https:\/\/storage.googleapis.com\/wp-resources\/srovnator.cz\/ng\/2022\/06\/6732b2e8-technicke-muzeum-tatra-koprivnice2.jpg 1200w\" sizes=\"(max-width: 770px) 100vw, 770px\" data-image-size=\"medium\" data-stateless-media-bucket=\"wp-resources\" data-stateless-media-name=\"srovnator.cz\/ng\/2022\/06\/6732b2e8-technicke-muzeum-tatra-koprivnice2.jpg\" \/>\n<small>Zdroj: lasska-brana.cz<\/small><\/p>\n<h2>Z historie automobilky<\/h2>\n<p>V\u00fdroba automobil\u016f v&nbsp;kop\u0159ivnick\u00e9 automobilce m\u00e1 dlouholetou tradici. Jej\u00ed po\u010d\u00e1tky sahaj\u00ed do&nbsp;roku&nbsp;1850, kdy&nbsp;Ign\u00e1c \u0160ustala zah\u00e1jil ve&nbsp;sv\u00e9 mal\u00e9 rodinn\u00e9 firm\u011b v\u00fdrobu bry\u010dek a&nbsp;ko\u010d\u00e1r\u016f. Prvn\u00ed osobn\u00ed automobil byl&nbsp;v&nbsp;Kop\u0159ivnici vyroben v&nbsp;roce&nbsp;1897, o&nbsp;rok pozd\u011bji firma vyrobila prvn\u00ed n\u00e1kladn\u00ed automobil. V\u00fdznamnou osobnost\u00ed automobilky se&nbsp;stal vynikaj\u00edc\u00ed konstrukt\u00e9r Hans Ledwinka, kter\u00fd&nbsp;m\u011bl velk\u00fd pod\u00edl na&nbsp;sl\u00e1v\u011b \u201ctatrovek\u201d. Dnes nese firma n\u00e1zev TATRA&nbsp;TRUCKS&nbsp;a.s. a&nbsp;specializuje se&nbsp;na&nbsp;v\u00fdrobu n\u00e1kladn\u00edch aut, kter\u00e1&nbsp;si porad\u00ed s&nbsp;nejn\u00e1ro\u010dn\u011bj\u0161\u00edmi ter\u00e9ny i&nbsp;extr\u00e9mn\u00edmi klimatick\u00fdmi podm\u00ednkami.<\/p>\n<p><img decoding=\"async\" src=\"https:\/\/storage.googleapis.com\/wp-resources\/srovnator.cz\/2021\/10\/technicke-muzeum-tatra-koprivnice3-770x513.jpg\" alt=\"V\u016fz Pr\u00e4sident\" width=\"100%\" \/><br \/>\n<small>Zdroj: lasska-brana.cz<\/small><\/p>\n<h2>To&nbsp;nejzaj\u00edmav\u011bj\u0161\u00ed z&nbsp;expozice<\/h2>\n<p>Technick\u00e9 muzeum Tatra bylo otev\u0159eno v&nbsp;roce&nbsp;1997. Na&nbsp;necel\u00fdch 5&nbsp;000&nbsp;m2 je&nbsp;zde vystavena velkolep\u00e1 sb\u00edrka osobn\u00edch i&nbsp;n\u00e1kladn\u00edch aut ze&nbsp;v\u0161ech etap v\u00fdroby. Mezi nejzaj\u00edmav\u011bj\u0161\u00ed expon\u00e1ty pat\u0159\u00ed:<\/p>\n<ul>\n<li>Replika vozu <strong>Pr\u00e4sident<\/strong>, kter\u00fd&nbsp;se&nbsp;stal <strong>prvn\u00edm tov\u00e1rn\u011b vyr\u00e1b\u011bn\u00fdm s\u00e9riov\u00fdm <a href=\"\/clanky\/cesti-prezidenti-a-jejich-vozovy-park\/\">automobilem<\/a> v&nbsp;\u010desk\u00fdch zem\u00edch<\/strong>. Na&nbsp;svou prvn\u00ed cestu se&nbsp;vydal do&nbsp;V\u00eddn\u011b dne 21.&nbsp;kv\u011btna&nbsp;1898. \u0158\u00edkalo se&nbsp;mu \u201cko\u010d\u00e1r bez kon\u00ed\u201d.<\/li>\n<li>\u201cMal\u00e1 Tatra\u201d typu T&nbsp;11 z&nbsp;roku&nbsp;1923, u&nbsp;n\u00ed\u017e byla poprv\u00e9 pou\u017eita typick\u00e1 tzv. <strong>tatrov\u00e1ck\u00e1 koncepce<\/strong> stavby automobil\u016f, kter\u00e9&nbsp;se&nbsp;dostalo uzn\u00e1n\u00ed i&nbsp;ve&nbsp;sv\u011bt\u011b.<\/li>\n<li><strong>Prototyp motorov\u00fdch san\u00ed V&nbsp;855<\/strong> z&nbsp;roce&nbsp;1942.<\/li>\n<li>Prvn\u00ed <strong>prototyp aerodynamick\u00e9 \u201ctatrovky\u201d V&nbsp;570<\/strong> a&nbsp;navazuj\u00edc\u00ed modely T 77 A&nbsp;a&nbsp;T&nbsp;87, kter\u00fd&nbsp;proslavili cestovatel\u00e9 M. Zikmund a&nbsp;J. Hanzelka, kdy\u017e&nbsp;s&nbsp;t\u00edmto modelem podnikli cestu do&nbsp;Afriky a&nbsp;Ji\u017en\u00ed Ameriky.<\/li>\n<li><strong>Tatra&nbsp;600 neboli Tatraplan<\/strong>, jeho\u017e ladn\u00fd tvar byl&nbsp;p\u0159irovn\u00e1v\u00e1n k&nbsp;letadlu.<\/li>\n<li>Kabriolet&nbsp;T&nbsp;600 s&nbsp;karoseri\u00ed&nbsp;J. Sodomky z&nbsp;roce&nbsp;1949, kter\u00fd&nbsp;byl&nbsp;darov\u00e1n&nbsp;J.&nbsp;V.&nbsp;Stalinovi.<\/li>\n<\/ul>\n<p><img decoding=\"async\" src=\"https:\/\/storage.googleapis.com\/wp-resources\/srovnator.cz\/2021\/10\/technicke-muzeum-tatra-koprivnice-770x513.jpg\" alt=\"Tatra 600 Tatraplan\" width=\"100%\" \/><br \/>\n<small>Zdroj: lasska-brana.cz<\/small><\/p>\n<ul>\n<li>Replika <strong>prvn\u00edho n\u00e1kladn\u00edho automobilu<\/strong> z&nbsp;roce&nbsp;1898.<\/li>\n<li>Tatra&nbsp;111, z\u0159ejm\u011b nejslavn\u011bj\u0161\u00ed n\u00e1kladn\u00ed \u201ctatrovka\u201d.<\/li>\n<li><strong>V\u00edt\u011bzn\u00fd kamion&nbsp;T&nbsp;815 z&nbsp;Rallye Pa\u0159\u00ed\u017e Dakar<\/strong> z&nbsp;roce&nbsp;1988.<\/li>\n<li>Speci\u00e1ln\u00ed n\u00e1kladn\u00ed automobil&nbsp;T&nbsp;815&nbsp;GTC z&nbsp;expedice Tatra kolem sv\u011bta, kter\u00e1&nbsp;prob\u011bhla v&nbsp;letech 1987&nbsp;&#8211;&nbsp;1990.<\/li>\n<li>Hasi\u010dsk\u00fd automobil&nbsp;T&nbsp;12 &#8211; jedin\u00fd expon\u00e1t, do&nbsp;kter\u00e9ho je&nbsp;mo\u017en\u00e9 se&nbsp;posadit.<\/li>\n<\/ul>\n<p>Osobn\u00ed a&nbsp;n\u00e1kladn\u00ed auta v&nbsp;expozici dopl\u0148uj\u00ed design\u00e9rsk\u00e9 n\u00e1vrhy, dobov\u00e9 fotografie, trofeje, podvozky, motory a&nbsp;dal\u0161\u00ed \u010d\u00e1sti automobil\u016f. Podrobn\u00e9 informace poskytuj\u00ed n\u00e1v\u0161t\u011bvn\u00edk\u016fm v\u00edcejazy\u010dn\u00e9 videoboxy s&nbsp;filmov\u00fdmi prezentacemi.<\/p>\n<p>Sou\u010d\u00e1st\u00ed Technick\u00e9ho muzea Tatra je&nbsp;i&nbsp;st\u00e1l\u00e1 expozice slavn\u00fdch olympionik\u016f Dany a&nbsp;Emila Z\u00e1topkov\u00fdch, kter\u00e1&nbsp;se&nbsp;nach\u00e1z\u00ed v&nbsp;p\u0159\u00edzem\u00ed budovy.<\/p>\n<h2>Brzy se&nbsp;otev\u0159e druh\u00e9 muzeum<\/h2>\n<p>Expozice voz\u016f Tatra se&nbsp;brzy rozroste. Na&nbsp;za\u010d\u00e1tek roce&nbsp;2021 je&nbsp;napl\u00e1nov\u00e1no otev\u0159en\u00ed nov\u00e9ho muzea, kter\u00e9&nbsp;vznik\u00e1 p\u0159estavbou b\u00fdval\u00e9 sl\u00e9v\u00e1rny automobilky Tatra. V&nbsp;nov\u00e9m muzeu budou k&nbsp;vid\u011bn\u00ed des\u00edtky historick\u00fdch n\u00e1kladn\u00edch \u201ctatrovek\u201d. \u010c\u00e1st expozice se&nbsp;sem p\u0159est\u011bhuje ze&nbsp;sou\u010dasn\u00e9ho muzea a&nbsp;dopln\u00ed je&nbsp;dal\u0161\u00ed unik\u00e1tn\u00ed expon\u00e1ty &#8211; nap\u0159\u00edklad nov\u011b zrekonstruovan\u00fd legend\u00e1rn\u00ed rychlovlak Slovensk\u00e1 strela.<\/p>\n","protected":false},"excerpt":{"rendered":"<p>Kop\u0159ivnici proslavily automobily zna\u010dky Tatra, kter\u00e9 se zde vyr\u00e1b\u00ed nep\u0159etr\u017eit\u011b ji\u017e od roku 1897. Historii zna\u010dky p\u0159ibli\u017euje muzeum s jedine\u010dn\u00fdmi expon\u00e1ty.<\/p>\n","protected":false},"author":7,"featured_media":4927,"comment_status":"closed","ping_status":"closed","sticky":false,"template":"","format":"standard","meta":{"_acf_changed":false,"footnotes":""},"categories":[1],"tags":[807,624,942,784,880],"class_list":["post-4926","post","type-post","status-publish","format-standard","has-post-thumbnail","hentry","category-ostatni","tag-automobilka","tag-nakladni-vozidlo","tag-osobni-automobil","tag-vylet","tag-zajimavosti"],"acf":{"znacka":"","model":"","objem":"","vyrobeno":"","vykon":"","velikost_1":"","velikost_2":"","velikost_3":"","velikost_4":"","roky":"","roky_velikost_1":"","roky_velikost_2":"","roky_velikost_3":"","roky_velikost_4":"","pocet_kalkulaci":0,"page_post_meta_bread":"","page_post_meta_bread_child":"","page_post_meta_script_head":"","page_post_meta_leaving_screen":"cat"},"yoast_head":"<!-- This site is optimized with the Yoast SEO plugin v25.5 - https:\/\/yoast.com\/wordpress\/plugins\/seo\/ -->\n<title>Technick\u00e9 muzeum Tatra Kop\u0159ivnice - Srovn\u00e1tor.cz<\/title>\n<meta name=\"description\" content=\"Kop\u0159ivnici proslavily automobily zna\u010dky Tatra, kter\u00e9 se zde vyr\u00e1b\u00ed nep\u0159etr\u017eit\u011b ji\u017e od roku 1897. Historii zna\u010dky p\u0159ibli\u017euje muzeum s jedine\u010dn\u00fdmi expon\u00e1ty.\" \/>\n<meta name=\"robots\" content=\"index, follow, max-snippet:-1, max-image-preview:large, max-video-preview:-1\" \/>\n<link rel=\"canonical\" href=\"https:\/\/www.srovnator.cz\/clanky\/technicke-muzeum-tatra-koprivnice\/\" \/>\n<meta property=\"og:locale\" content=\"cs_CZ\" \/>\n<meta property=\"og:type\" content=\"article\" \/>\n<meta property=\"og:title\" content=\"Technick\u00e9 muzeum Tatra Kop\u0159ivnice - Srovn\u00e1tor.cz\" \/>\n<meta property=\"og:description\" content=\"Kop\u0159ivnici proslavily automobily zna\u010dky Tatra, kter\u00e9 se zde vyr\u00e1b\u00ed nep\u0159etr\u017eit\u011b ji\u017e od roku 1897. Historii zna\u010dky p\u0159ibli\u017euje muzeum s jedine\u010dn\u00fdmi expon\u00e1ty.\" \/>\n<meta property=\"og:url\" content=\"https:\/\/www.srovnator.cz\/clanky\/technicke-muzeum-tatra-koprivnice\/\" \/>\n<meta property=\"og:site_name\" content=\"Srovn\u00e1tor.cz\" \/>\n<meta property=\"article:publisher\" content=\"https:\/\/www.facebook.com\/srovnator\/\" \/>\n<meta property=\"article:published_time\" content=\"2020-05-29T03:42:57+00:00\" \/>\n<meta property=\"article:modified_time\" content=\"2024-06-24T05:57:59+00:00\" \/>\n<meta property=\"og:image\" content=\"https:\/\/storage.googleapis.com\/wp-resources\/srovnator.cz\/ng\/2022\/06\/6732b2e8-technicke-muzeum-tatra-koprivnice2.jpg\" \/>\n\t<meta property=\"og:image:width\" content=\"1200\" \/>\n\t<meta property=\"og:image:height\" content=\"800\" \/>\n\t<meta property=\"og:image:type\" content=\"image\/jpeg\" \/>\n<meta name=\"author\" content=\"Martin Straka\" \/>\n<meta name=\"twitter:card\" content=\"summary_large_image\" \/>\n<meta name=\"twitter:creator\" content=\"@Srovnator_czech\" \/>\n<meta name=\"twitter:site\" content=\"@Srovnator_czech\" \/>\n<meta name=\"twitter:label1\" content=\"Written by\" \/>\n\t<meta name=\"twitter:data1\" content=\"Martin Straka\" \/>\n\t<meta name=\"twitter:label2\" content=\"Est. reading time\" \/>\n\t<meta name=\"twitter:data2\" content=\"4 minutes\" \/>\n<script type=\"application\/ld+json\" class=\"yoast-schema-graph\">{\"@context\":\"https:\/\/schema.org\",\"@graph\":[{\"@type\":\"WebPage\",\"@id\":\"https:\/\/www.srovnator.cz\/clanky\/technicke-muzeum-tatra-koprivnice\/\",\"url\":\"https:\/\/www.srovnator.cz\/clanky\/technicke-muzeum-tatra-koprivnice\/\",\"name\":\"Technick\u00e9 muzeum Tatra Kop\u0159ivnice - Srovn\u00e1tor.cz\",\"isPartOf\":{\"@id\":\"https:\/\/www.srovnator.cz\/#website\"},\"primaryImageOfPage\":{\"@id\":\"https:\/\/www.srovnator.cz\/clanky\/technicke-muzeum-tatra-koprivnice\/#primaryimage\"},\"image\":{\"@id\":\"https:\/\/www.srovnator.cz\/clanky\/technicke-muzeum-tatra-koprivnice\/#primaryimage\"},\"thumbnailUrl\":\"https:\/\/storage.googleapis.com\/wp-resources\/srovnator.cz\/ng\/2022\/06\/6732b2e8-technicke-muzeum-tatra-koprivnice2.jpg\",\"datePublished\":\"2020-05-29T03:42:57+00:00\",\"dateModified\":\"2024-06-24T05:57:59+00:00\",\"author\":{\"@id\":\"https:\/\/www.srovnator.cz\/#\/schema\/person\/f2be3ec81eda7dd06cf658cc9aa974ff\"},\"description\":\"Kop\u0159ivnici proslavily automobily zna\u010dky Tatra, kter\u00e9 se zde vyr\u00e1b\u00ed nep\u0159etr\u017eit\u011b ji\u017e od roku 1897. Historii zna\u010dky p\u0159ibli\u017euje muzeum s jedine\u010dn\u00fdmi expon\u00e1ty.\",\"inLanguage\":\"cs-CZ\",\"potentialAction\":[{\"@type\":\"ReadAction\",\"target\":[\"https:\/\/www.srovnator.cz\/clanky\/technicke-muzeum-tatra-koprivnice\/\"]}]},{\"@type\":\"ImageObject\",\"inLanguage\":\"cs-CZ\",\"@id\":\"https:\/\/www.srovnator.cz\/clanky\/technicke-muzeum-tatra-koprivnice\/#primaryimage\",\"url\":\"https:\/\/storage.googleapis.com\/wp-resources\/srovnator.cz\/ng\/2022\/06\/6732b2e8-technicke-muzeum-tatra-koprivnice2.jpg\",\"contentUrl\":\"https:\/\/storage.googleapis.com\/wp-resources\/srovnator.cz\/ng\/2022\/06\/6732b2e8-technicke-muzeum-tatra-koprivnice2.jpg\",\"width\":1200,\"height\":800,\"caption\":\"Technick\u00e9 muzeum Tatra\"},{\"@type\":\"WebSite\",\"@id\":\"https:\/\/www.srovnator.cz\/#website\",\"url\":\"https:\/\/www.srovnator.cz\/\",\"name\":\"Srovn\u00e1tor.cz\",\"description\":\"\",\"potentialAction\":[{\"@type\":\"SearchAction\",\"target\":{\"@type\":\"EntryPoint\",\"urlTemplate\":\"https:\/\/www.srovnator.cz\/?s={search_term_string}\"},\"query-input\":{\"@type\":\"PropertyValueSpecification\",\"valueRequired\":true,\"valueName\":\"search_term_string\"}}],\"inLanguage\":\"cs-CZ\"},{\"@type\":\"Person\",\"@id\":\"https:\/\/www.srovnator.cz\/#\/schema\/person\/f2be3ec81eda7dd06cf658cc9aa974ff\",\"name\":\"Martin Straka\",\"image\":{\"@type\":\"ImageObject\",\"inLanguage\":\"cs-CZ\",\"@id\":\"https:\/\/www.srovnator.cz\/#\/schema\/person\/image\/\",\"url\":\"https:\/\/secure.gravatar.com\/avatar\/e91ecfaa01852a8f16b9f65e2ab5c2102d2bb71b2b029fd130ff6c5d21492f36?s=96&d=mm&r=g\",\"contentUrl\":\"https:\/\/secure.gravatar.com\/avatar\/e91ecfaa01852a8f16b9f65e2ab5c2102d2bb71b2b029fd130ff6c5d21492f36?s=96&d=mm&r=g\",\"caption\":\"Martin Straka\"},\"description\":\"Martin Straka je \u0159editelem klientsk\u00e9ho centra a p\u00e9\u010de o z\u00e1kazn\u00edky. Se sv\u00fdm t\u00fdmem poskytuje z\u00e1kazn\u00edk\u016fm Srovn\u00e1tor.cz \u0161pi\u010dkov\u00fd servis a dohl\u00ed\u017e\u00ed na to, aby na\u0161e procesy byly efektivn\u00ed a z\u00e1kazn\u00edci byli spokojen\u00ed nejen p\u0159i sjedn\u00e1n\u00ed nov\u00e9ho produktu, ale i kdykoliv pot\u0159ebuj\u00ed s n\u011b\u010d\u00edm pomoci. Jeho \u010dl\u00e1nky informuj\u00ed nejen o nejnov\u011bj\u0161\u00edch trendech a aktu\u00e1ln\u00edch t\u00e9matech, ale p\u0159in\u00e1\u0161\u00ed i praktick\u00e9 a zaj\u00edmav\u00e9 tipy z r\u016fzn\u00fdch oblast\u00ed b\u011b\u017en\u00e9ho \u017eivota.\",\"url\":\"https:\/\/www.srovnator.cz\/autori\/martin-straka\/\"}]}<\/script>\n<!-- \/ Yoast SEO plugin. -->","yoast_head_json":{"title":"Technick\u00e9 muzeum Tatra Kop\u0159ivnice - Srovn\u00e1tor.cz","description":"Kop\u0159ivnici proslavily automobily zna\u010dky Tatra, kter\u00e9 se zde vyr\u00e1b\u00ed nep\u0159etr\u017eit\u011b ji\u017e od roku 1897. Historii zna\u010dky p\u0159ibli\u017euje muzeum s jedine\u010dn\u00fdmi expon\u00e1ty.","robots":{"index":"index","follow":"follow","max-snippet":"max-snippet:-1","max-image-preview":"max-image-preview:large","max-video-preview":"max-video-preview:-1"},"canonical":"https:\/\/www.srovnator.cz\/clanky\/technicke-muzeum-tatra-koprivnice\/","og_locale":"cs_CZ","og_type":"article","og_title":"Technick\u00e9 muzeum Tatra Kop\u0159ivnice - Srovn\u00e1tor.cz","og_description":"Kop\u0159ivnici proslavily automobily zna\u010dky Tatra, kter\u00e9 se zde vyr\u00e1b\u00ed nep\u0159etr\u017eit\u011b ji\u017e od roku 1897. Historii zna\u010dky p\u0159ibli\u017euje muzeum s jedine\u010dn\u00fdmi expon\u00e1ty.","og_url":"https:\/\/www.srovnator.cz\/clanky\/technicke-muzeum-tatra-koprivnice\/","og_site_name":"Srovn\u00e1tor.cz","article_publisher":"https:\/\/www.facebook.com\/srovnator\/","article_published_time":"2020-05-29T03:42:57+00:00","article_modified_time":"2024-06-24T05:57:59+00:00","og_image":[{"width":1200,"height":800,"url":"https:\/\/storage.googleapis.com\/wp-resources\/srovnator.cz\/ng\/2022\/06\/6732b2e8-technicke-muzeum-tatra-koprivnice2.jpg","type":"image\/jpeg"}],"author":"Martin Straka","twitter_card":"summary_large_image","twitter_creator":"@Srovnator_czech","twitter_site":"@Srovnator_czech","twitter_misc":{"Written by":"Martin Straka","Est. reading time":"4 minutes"},"schema":{"@context":"https:\/\/schema.org","@graph":[{"@type":"WebPage","@id":"https:\/\/www.srovnator.cz\/clanky\/technicke-muzeum-tatra-koprivnice\/","url":"https:\/\/www.srovnator.cz\/clanky\/technicke-muzeum-tatra-koprivnice\/","name":"Technick\u00e9 muzeum Tatra Kop\u0159ivnice - Srovn\u00e1tor.cz","isPartOf":{"@id":"https:\/\/www.srovnator.cz\/#website"},"primaryImageOfPage":{"@id":"https:\/\/www.srovnator.cz\/clanky\/technicke-muzeum-tatra-koprivnice\/#primaryimage"},"image":{"@id":"https:\/\/www.srovnator.cz\/clanky\/technicke-muzeum-tatra-koprivnice\/#primaryimage"},"thumbnailUrl":"https:\/\/storage.googleapis.com\/wp-resources\/srovnator.cz\/ng\/2022\/06\/6732b2e8-technicke-muzeum-tatra-koprivnice2.jpg","datePublished":"2020-05-29T03:42:57+00:00","dateModified":"2024-06-24T05:57:59+00:00","author":{"@id":"https:\/\/www.srovnator.cz\/#\/schema\/person\/f2be3ec81eda7dd06cf658cc9aa974ff"},"description":"Kop\u0159ivnici proslavily automobily zna\u010dky Tatra, kter\u00e9 se zde vyr\u00e1b\u00ed nep\u0159etr\u017eit\u011b ji\u017e od roku 1897. Historii zna\u010dky p\u0159ibli\u017euje muzeum s jedine\u010dn\u00fdmi expon\u00e1ty.","inLanguage":"cs-CZ","potentialAction":[{"@type":"ReadAction","target":["https:\/\/www.srovnator.cz\/clanky\/technicke-muzeum-tatra-koprivnice\/"]}]},{"@type":"ImageObject","inLanguage":"cs-CZ","@id":"https:\/\/www.srovnator.cz\/clanky\/technicke-muzeum-tatra-koprivnice\/#primaryimage","url":"https:\/\/storage.googleapis.com\/wp-resources\/srovnator.cz\/ng\/2022\/06\/6732b2e8-technicke-muzeum-tatra-koprivnice2.jpg","contentUrl":"https:\/\/storage.googleapis.com\/wp-resources\/srovnator.cz\/ng\/2022\/06\/6732b2e8-technicke-muzeum-tatra-koprivnice2.jpg","width":1200,"height":800,"caption":"Technick\u00e9 muzeum Tatra"},{"@type":"WebSite","@id":"https:\/\/www.srovnator.cz\/#website","url":"https:\/\/www.srovnator.cz\/","name":"Srovn\u00e1tor.cz","description":"","potentialAction":[{"@type":"SearchAction","target":{"@type":"EntryPoint","urlTemplate":"https:\/\/www.srovnator.cz\/?s={search_term_string}"},"query-input":{"@type":"PropertyValueSpecification","valueRequired":true,"valueName":"search_term_string"}}],"inLanguage":"cs-CZ"},{"@type":"Person","@id":"https:\/\/www.srovnator.cz\/#\/schema\/person\/f2be3ec81eda7dd06cf658cc9aa974ff","name":"Martin Straka","image":{"@type":"ImageObject","inLanguage":"cs-CZ","@id":"https:\/\/www.srovnator.cz\/#\/schema\/person\/image\/","url":"https:\/\/secure.gravatar.com\/avatar\/e91ecfaa01852a8f16b9f65e2ab5c2102d2bb71b2b029fd130ff6c5d21492f36?s=96&d=mm&r=g","contentUrl":"https:\/\/secure.gravatar.com\/avatar\/e91ecfaa01852a8f16b9f65e2ab5c2102d2bb71b2b029fd130ff6c5d21492f36?s=96&d=mm&r=g","caption":"Martin Straka"},"description":"Martin Straka je \u0159editelem klientsk\u00e9ho centra a p\u00e9\u010de o z\u00e1kazn\u00edky. Se sv\u00fdm t\u00fdmem poskytuje z\u00e1kazn\u00edk\u016fm Srovn\u00e1tor.cz \u0161pi\u010dkov\u00fd servis a dohl\u00ed\u017e\u00ed na to, aby na\u0161e procesy byly efektivn\u00ed a z\u00e1kazn\u00edci byli spokojen\u00ed nejen p\u0159i sjedn\u00e1n\u00ed nov\u00e9ho produktu, ale i kdykoliv pot\u0159ebuj\u00ed s n\u011b\u010d\u00edm pomoci. Jeho \u010dl\u00e1nky informuj\u00ed nejen o nejnov\u011bj\u0161\u00edch trendech a aktu\u00e1ln\u00edch t\u00e9matech, ale p\u0159in\u00e1\u0161\u00ed i praktick\u00e9 a zaj\u00edmav\u00e9 tipy z r\u016fzn\u00fdch oblast\u00ed b\u011b\u017en\u00e9ho \u017eivota.","url":"https:\/\/www.srovnator.cz\/autori\/martin-straka\/"}]}},"amp_enabled":true,"_links":{"self":[{"href":"https:\/\/www.srovnator.cz\/rest_api\/wp\/v2\/posts\/4926","targetHints":{"allow":["GET"]}}],"collection":[{"href":"https:\/\/www.srovnator.cz\/rest_api\/wp\/v2\/posts"}],"about":[{"href":"https:\/\/www.srovnator.cz\/rest_api\/wp\/v2\/types\/post"}],"author":[{"embeddable":true,"href":"https:\/\/www.srovnator.cz\/rest_api\/wp\/v2\/users\/7"}],"replies":[{"embeddable":true,"href":"https:\/\/www.srovnator.cz\/rest_api\/wp\/v2\/comments?post=4926"}],"version-history":[{"count":1,"href":"https:\/\/www.srovnator.cz\/rest_api\/wp\/v2\/posts\/4926\/revisions"}],"predecessor-version":[{"id":10162,"href":"https:\/\/www.srovnator.cz\/rest_api\/wp\/v2\/posts\/4926\/revisions\/10162"}],"wp:featuredmedia":[{"embeddable":true,"href":"https:\/\/www.srovnator.cz\/rest_api\/wp\/v2\/media\/4927"}],"wp:attachment":[{"href":"https:\/\/www.srovnator.cz\/rest_api\/wp\/v2\/media?parent=4926"}],"wp:term":[{"taxonomy":"category","embeddable":true,"href":"https:\/\/www.srovnator.cz\/rest_api\/wp\/v2\/categories?post=4926"},{"taxonomy":"post_tag","embeddable":true,"href":"https:\/\/www.srovnator.cz\/rest_api\/wp\/v2\/tags?post=4926"}],"curies":[{"name":"wp","href":"https:\/\/api.w.org\/{rel}","templated":true}]}}