{"id":4930,"date":"2020-06-10T09:50:18","date_gmt":"2020-06-10T07:50:18","guid":{"rendered":"https:\/\/www.srovnator.cz\/clanky\/ostatni\/cestovani-v-eu-podle-vladniho-semaforu-aneb-kam-muzeme-bez-testu\/"},"modified":"2024-06-24T07:45:09","modified_gmt":"2024-06-24T05:45:09","slug":"cestovani-v-eu-podle-vladniho-semaforu-aneb-kam-muzeme-bez-testu","status":"publish","type":"post","link":"https:\/\/www.srovnator.cz\/clanky\/kam-muzeme-v-eu-vycestovat-bez-covid-testu\/","title":{"rendered":"Cestov\u00e1n\u00ed v EU podle vl\u00e1dn\u00edho semaforu, aneb kam m\u016f\u017eeme bez test\u016f"},"content":{"rendered":"<p><strong>Nemoc z\u00a0Wu-Chanu po\u0159\u00e1dn\u011b zam\u00e1vala nejen se\u00a0zdrav\u00edm v\u0161ech posti\u017een\u00fdch, ale i\u00a0se\u00a0Schengensk\u00fdm prostorem a\u00a0voln\u00fdm cestov\u00e1n\u00edm mezi zem\u011bmi Evropsk\u00e9 unie. Jednotliv\u00e9 st\u00e1ty se\u00a0uzav\u0159ely do\u00a0karant\u00e9ny a\u00a0hrani\u010dn\u00ed p\u0159echody op\u011bt o\u017eily, na\u00a0sv\u00e1 stanovi\u0161t\u011b se\u00a0toti\u017e vr\u00e1tili pracovn\u00edci ozbrojen\u00fdch slo\u017eek, s\u00a0kontrolami teplot pom\u00e1hali dokonce i\u00a0hasi\u010di. Sou\u010dasn\u00e1 situace pot\u0159ebn\u00e1 opat\u0159en\u00ed rozvol\u0148uje, ale podm\u00ednky ka\u017ed\u00e9ho st\u00e1tu pro\u00a0<a href=\"https:\/\/www.srovnator.cz\/cestovni-pojisteni\/\">vycestov\u00e1n\u00ed<\/a> jsou individu\u00e1ln\u00ed, jak to\u00a0tedy ve\u00a0skute\u010dnosti s\u00a0cestov\u00e1n\u00edm bude?<\/strong><\/p>\n<img decoding=\"async\" width=\"770\" height=\"513\" src=\"https:\/\/storage.googleapis.com\/wp-resources\/srovnator.cz\/ng\/2022\/06\/9029a3b3-kam-muzeme-v-eu-vycestovat-bez-covid-testu2-770x513.jpg\" class=\" wp-post-image wp-stateless-item\" alt=\"Cestov\u00e1n\u00ed v EU podle vl\u00e1dn\u00edho semaforu, aneb kam m\u016f\u017eeme bez test\u016f\" title=\"Cestov\u00e1n\u00ed v EU podle vl\u00e1dn\u00edho semaforu, aneb kam m\u016f\u017eeme bez test\u016f\" srcset=\"https:\/\/storage.googleapis.com\/wp-resources\/srovnator.cz\/ng\/2022\/06\/9029a3b3-kam-muzeme-v-eu-vycestovat-bez-covid-testu2-770x513.jpg 770w, https:\/\/storage.googleapis.com\/wp-resources\/srovnator.cz\/ng\/2022\/06\/9029a3b3-kam-muzeme-v-eu-vycestovat-bez-covid-testu2.jpg 1280w\" sizes=\"(max-width: 770px) 100vw, 770px\" data-image-size=\"medium\" data-stateless-media-bucket=\"wp-resources\" data-stateless-media-name=\"srovnator.cz\/ng\/2022\/06\/9029a3b3-kam-muzeme-v-eu-vycestovat-bez-covid-testu2.jpg\" \/>\n<p>Vl\u00e1da schv\u00e1lila s\u00a0platnost\u00ed od\u00a05.\u00a06. speci\u00e1ln\u00ed syst\u00e9m barevn\u00e9ho ozna\u010den\u00ed st\u00e1t\u016f Evropsk\u00e9 unie podle stupn\u011b rizika n\u00e1kazy, respektive epidemiologick\u00e9 situace. Barvy semaforu tak\u00a0rozd\u011bluj\u00ed okoln\u00ed st\u00e1ty na\u00a0nejrizikov\u011bj\u0161\u00ed \u010derven\u00e9, m\u00e9n\u011b rizikov\u00e9 \u017elut\u00e9 (respektive oran\u017eov\u00e9) a\u00a0bezpe\u010dn\u00e9 zelen\u00e9.<\/p>\n<h2>Semafor<\/h2>\n<ul>\n<li><strong><span style=\"color: #ff0000;\">\u010derven\u00e1 z\u00f3na<\/span><\/strong> &#8211; p\u0159i\u00a0n\u00e1vratu z\u00a0t\u011bchto zem\u00ed mus\u00ed m\u00edt v\u0161ichni p\u0159\u00edchoz\u00ed do\u00a0\u010cR v\u010detn\u011b vracej\u00edc\u00edch se\u00a0\u010cech\u016f negativn\u00ed test na\u00a0Covid\u00a0&#8211;\u00a019: Velk\u00e1 Brit\u00e1nie, \u0160v\u00e9dsko<\/li>\n<li><strong><span style=\"color: #ffcc00;\">\u017elut\u00e1, resp. oran\u017eov\u00e1 z\u00f3na<\/span> <\/strong>&#8211; do\u00a0t\u011bchto st\u00e1t\u016f je\u00a0\u010cech\u016fm povoleno vyj\u00ed\u017ed\u011bt i\u00a0vracet se\u00a0bez test\u016f, zahrani\u010dn\u00ed turist\u00e9 cestuj\u00edc\u00ed ze\u00a0\u017elut\u011b ozna\u010den\u00fdch zem\u00ed do\u00a0\u010cech ale mus\u00ed m\u00edt bu\u010f negativn\u00ed test, nebo nastoupit do\u00a0karant\u00e9ny na\u00a014\u00a0dn\u00ed: \u0160pan\u011blsko, Francie, It\u00e1lie, Portugalsko, Irsko, Belgie, Nizozemsko, Malta a\u00a0D\u00e1nsko.<\/li>\n<li><strong><span style=\"color: #339966;\">zelen\u00e1 z\u00f3na<\/span> <\/strong>&#8211; cestov\u00e1n\u00ed mezi \u010ceskou republikou a\u00a0t\u011bmito zem\u011bmi nen\u00ed nijak limitov\u00e1no\u00a0ani testem ani karant\u00e9nou: \u0158ecko, Bulharsko, Rumunsko, Ma\u010farsko, N\u011bmecko, Rakousko, Slovensko, Slovinsko, Polsko, Litva, Loty\u0161sko, Estonsko, \u0160v\u00fdcarsko, Finsko, Norsko, Kypr a\u00a0Island.<\/li>\n<\/ul>\n<a href=\"#\" class=\"d-block mb-3\" data-toggle=\"modal\" data-target=\"#mod-215\"><img decoding=\"async\" src=\"https:\/\/storage.googleapis.com\/wp-resources\/srovnator.cz\/2021\/10\/kam-muzeme-v-eu-vycestovat-bez-covid-testu-770x590.jpg\" alt=\"Epidemiologick\u00e1 situace v evropsk\u00fdch zem\u00edch\" width=\"100%\" \/><\/a>\n            <div id=\"mod-215\" class=\"modal fade\" tabindex=\"-1\" role=\"dialog\" aria-labelledby=\"myModalLabel\" aria-hidden=\"true\">\n                <div class=\"modal-dialog modal-xl modal-dialog-centered\">\n                    <div class=\"modal-content\">\n                        <div class=\"modal-header\">\n                            <button type=\"button\" class=\"close\" data-dismiss=\"modal\" aria-label=\"Close\">\n                                <span aria-hidden=\"true\" class=\"sro-problem icon\"><\/span>\n                            <\/button>\n                        <\/div>\n                        <div class=\"modal-body\">\n                            <img decoding=\"async\" src=\"https:\/\/www.srovnator.cz\/wp-content\/uploads\/kam-muzeme-v-eu-vycestovat-bez-covid-testu.jpg\" class=\"img-responsive\" alt=\"https:\/\/www.srovnator.cz\/wp-content\/uploads\/kam-muzeme-v-eu-vycestovat-bez-covid-testu.jpg\">\n                        <\/div>\n                    <\/div>\n                <\/div>\n            <\/div> Za\u0159azen\u00ed st\u00e1tu do\u00a0jednotliv\u00e9 z\u00f3ny ale nevystihuje re\u00e1lnou situaci pr\u016fjezdnosti hranic \u010di\u00a0podm\u00ednek dan\u00e9ho st\u00e1tu.<\/p>\n<h3>\u0160v\u00fdcarsko<\/h3>\n<p>I\u00a0p\u0159esto, \u017ee\u00a0pat\u0159\u00ed do\u00a0zelen\u00e9 z\u00f3ny, umo\u017e\u0148uje p\u0159ekro\u010den\u00ed hranic pouze pendler\u016f z\u00a0okoln\u00edch st\u00e1t\u016f. Otev\u0159en\u00ed hranic je\u00a0pl\u00e1nov\u00e1no\u00a0a\u017e na\u00a06.\u00a07.\u00a02020.<\/p>\n<h3>Rumunsko<\/h3>\n<p>Vstup umo\u017e\u0148uje pouze rodin\u00e1m p\u0159\u00edbuzn\u00fdm rumunsk\u00fdm ob\u010dan\u016fm, p\u0159\u00edpadn\u011b lidem, kte\u0159\u00ed cestuj\u00ed za\u00a0prac\u00ed.<\/p>\n<h3>Finsko<\/h3>\n<p>K\u00a0lehk\u00e9mu uvoln\u011bn\u00ed opat\u0159en\u00ed ve\u00a0Finsku dojde 14.\u00a06., kdy\u00a0budou moci do\u00a0zem\u011b p\u0159ij\u00ed\u017ed\u011bt lid\u00e9 pouze za\u00a0konkr\u00e9tn\u00edm c\u00edlem (pr\u00e1ce, studium) a\u00a0i\u00a0p\u0159esto budou muset podstoupit \u010dtrn\u00e1ctidenn\u00ed karant\u00e9nu.<\/p>\n<h3>Francie<\/h3>\n<p>Vstup do\u00a0Francie je\u00a0povolen pouze z\u00a0d\u016fvodu, kter\u00fd\u00a0mus\u00ed b\u00fdt uveden v\u00a0prohl\u00e1\u0161en\u00ed (\u201cattestation\u201d) spolu s\u00a0m\u00edstem, kam jedete. Zem\u011b bude m\u00edt pro\u00a0turisty zav\u0159en\u00e9 hranice minim\u00e1ln\u011b do\u00a010.\u00a07.\u00a02020.<\/p>\n<h3>Polsko<\/h3>\n<p>Pl\u00e1n otev\u0159en\u00ed hranic p\u0159ipad\u00e1 pravd\u011bpodobn\u011b na\u00a012.\u00a06. Tento term\u00edn si v\u0161ak stanovila vl\u00e1da spolu s\u00a0domluven\u00edm konkr\u00e9tn\u00edch podm\u00ednek ke\u00a0vstupu do\u00a0zem\u011b.<\/p>\n<h3>\u0160pan\u011blsko<\/h3>\n<p>Jedna z\u00a0nejv\u00edce posti\u017een\u00fdch zem\u00ed otev\u0159e sv\u00e9 hranice turist\u016fm od\u00a0za\u010d\u00e1tku pr\u00e1zdnin. Z\u00a0jak\u00fdch podm\u00ednek zat\u00edm nen\u00ed jasn\u00e9. Zem\u011b, kam m\u016f\u017eeme od\u00a015.\u00a06.\u00a02020\u00a0vycestovat<\/p>\n<h3>Chorvatsko<\/h3>\n<p>Hranice Chorvatska jsou otev\u0159en\u00e9 v\u0161em turist\u016f z\u00a0\u010cesk\u00e9 republiky, podm\u00ednkou pro\u00a0vstup je\u00a0prok\u00e1z\u00e1n\u00ed se\u00a0potvrzenou rezervac\u00ed ubytov\u00e1n\u00ed. Pro\u00a0n\u00e1vrat zp\u011bt nen\u00ed pot\u0159eba test ani karant\u00e9na.<\/p>\n<h3>\u0158ecko<\/h3>\n<p>Do\u00a030.\u00a06. jsou v\u00a0\u0158ecku otev\u0159ena pro\u00a0turisty pouze 2\u00a0leti\u0161t\u011b &#8211; v\u00a0At\u00e9n\u00e1ch a\u00a0Soluni. Od\u00a01.\u00a07. u\u017e zanikaj\u00ed ve\u0161ker\u00e1 cestovn\u00ed omezen\u00ed a\u00a0otev\u00edraj\u00ed se\u00a0v\u0161echna mezin\u00e1rodn\u00ed leti\u0161t\u011b. Pro\u00a0vstup do\u00a0zem\u011b i\u00a0n\u00e1vrat do\u00a0\u010cech nen\u00ed pot\u0159eba test\u016f ani karant\u00e9ny.<\/p>\n<h3>It\u00e1lie<\/h3>\n<p>It\u00e1lie je\u00a0od\u00a015.\u00a06. otev\u0159en\u00e1 pro\u00a0v\u0161echny turisty a\u00a0negativn\u00ed test nen\u00ed po\u00a0n\u00e1vratu do\u00a0\u010cech vy\u017eadov\u00e1n. Po\u010d\u00edtejte v\u0161ak s\u00a0t\u00edm, \u017ee\u00a0v\u00a0It\u00e1lii i\u00a0v\u00a0dal\u0161\u00edch zem\u00edch se\u00a0budou dodr\u017eovat stanoven\u00e1 hygienick\u00e1 pravidla, nap\u0159. dezinfekce, rou\u0161ky ve\u00a0vnit\u0159n\u00edch prostor\u00e1ch a\u00a0m\u011b\u0159en\u00ed teploty p\u0159i\u00a0vstupu na\u00a0historick\u00e9 pam\u00e1tky.<\/p>\n<h3>Bulharsko<\/h3>\n<p>Bulharsko zp\u0159\u00edstupnilo vstup turist\u016fm ji\u017e od\u00a01.\u00a06. Test nen\u00ed pot\u0159eba ani p\u0159i\u00a0p\u0159\u00edjezdu, ani p\u0159i\u00a0n\u00e1vratu.<\/p>\n<h3>Portugalsko<\/h3>\n<p>Zem\u011b je\u00a0turist\u016fm otev\u0159en\u00e1, nicm\u00e9n\u011b Azory a\u00a0Madeira sv\u00e9 hranice otev\u0159ou a\u017e od\u00a01.\u00a07. a\u00a0to\u00a0s\u00a0podm\u00ednkou negativn\u00edho testu. Mezi dal\u0161\u00ed zem\u011b, kter\u00e9\u00a0se\u00a0p\u0159id\u00e1vaj\u00ed k\u00a0otev\u0159en\u00ed hranic bez omezen\u00ed od\u00a015.\u00a06. pat\u0159\u00ed Litva, Loty\u0161sko, Estonsko, Nizozemsko, Rakousko a\u00a0Slovinsko. Ministerstvo zahrani\u010d\u00ed (MZV) spou\u0161t\u00ed od\u00a08.\u00a06. interaktivn\u00ed Mapu cestovatele, kter\u00e1\u00a0poskytne <a href=\"https:\/\/www.srovnator.cz\/cestovni-pojisteni\/kalkulacka\/#kalkulacka\">informace<\/a> o\u00a0vstupu do\u00a0konkr\u00e9tn\u00edch st\u00e1t\u016f v\u00a0Evrop\u011b. Na\u00a0map\u011b se\u00a0krom\u011b epidemiologick\u00e9 situace dozv\u00edte podm\u00ednky pro\u00a0vstup turist\u016f, nebo za\u00a0prac\u00ed a\u00a0podm\u00ednky pro\u00a0\u010desk\u00e9 ob\u010dany p\u0159i\u00a0n\u00e1vratu zp\u011bt do\u00a0\u010cech.<br \/>\n<small><strong><\/strong><\/small><\/p>\n<p><small><strong>Zdroj obr\u00e1zk\u016f<\/strong>:<br \/>\nEpidemiologick\u00e1 situace v\u00a0evropsk\u00fdch zem\u00edch: Twitter ministra zdravotnictv\u00ed Adama Vojt\u011bcha<\/small><\/p>\n","protected":false},"excerpt":{"rendered":"<p>Chyb\u00ed v\u00e1m mo\u0159e nebo poho\u0159\u00ed, kter\u00e9 v\u00e1s v \u010cesk\u00e9 republice neuspokoj\u00ed? Nezoufejte, v\u011bt\u0161ina zem\u00ed zva\u017euje postupn\u00e9 uvoln\u011bn\u00ed cestovn\u00edho ruchu.<\/p>\n","protected":false},"author":5,"featured_media":4931,"comment_status":"closed","ping_status":"closed","sticky":false,"template":"","format":"standard","meta":{"_acf_changed":false,"footnotes":""},"categories":[8],"tags":[539,381,563,816],"class_list":["post-4930","post","type-post","status-publish","format-standard","has-post-thumbnail","hentry","category-cestovni-pojisteni","tag-cestovani","tag-dovolena","tag-eu","tag-evropa"],"acf":{"znacka":"","model":"","objem":"","vyrobeno":"","vykon":"","velikost_1":"","velikost_2":"","velikost_3":"","velikost_4":"","roky":"","roky_velikost_1":"","roky_velikost_2":"","roky_velikost_3":"","roky_velikost_4":"","pocet_kalkulaci":0,"page_post_meta_bread":"Kam m\u016f\u017eeme v EU vycestovat bez Covid test\u016f?","page_post_meta_bread_child":"","page_post_meta_script_head":"","page_post_meta_leaving_screen":"cat"},"yoast_head":"<!-- This site is optimized with the Yoast SEO plugin v25.5 - https:\/\/yoast.com\/wordpress\/plugins\/seo\/ -->\n<title>Kam m\u016f\u017eeme v EU vycestovat bez Covid test\u016f? - Srovn\u00e1tor.cz<\/title>\n<meta name=\"description\" content=\"Chyb\u00ed v\u00e1m mo\u0159e nebo poho\u0159\u00ed, kter\u00e9 v\u00e1s v \u010cesk\u00e9 republice neuspokoj\u00ed? Nezoufejte, v\u011bt\u0161ina zem\u00ed zva\u017euje postupn\u00e9 uvoln\u011bn\u00ed cestovn\u00edho ruchu.\" \/>\n<meta name=\"robots\" content=\"index, follow, max-snippet:-1, max-image-preview:large, max-video-preview:-1\" \/>\n<link rel=\"canonical\" href=\"https:\/\/www.srovnator.cz\/clanky\/kam-muzeme-v-eu-vycestovat-bez-covid-testu\/\" \/>\n<meta property=\"og:locale\" content=\"cs_CZ\" \/>\n<meta property=\"og:type\" content=\"article\" \/>\n<meta property=\"og:title\" content=\"Kam m\u016f\u017eeme v EU vycestovat bez Covid test\u016f? - Srovn\u00e1tor.cz\" \/>\n<meta property=\"og:description\" content=\"Chyb\u00ed v\u00e1m mo\u0159e nebo poho\u0159\u00ed, kter\u00e9 v\u00e1s v \u010cesk\u00e9 republice neuspokoj\u00ed? Nezoufejte, v\u011bt\u0161ina zem\u00ed zva\u017euje postupn\u00e9 uvoln\u011bn\u00ed cestovn\u00edho ruchu.\" \/>\n<meta property=\"og:url\" content=\"https:\/\/www.srovnator.cz\/clanky\/kam-muzeme-v-eu-vycestovat-bez-covid-testu\/\" \/>\n<meta property=\"og:site_name\" content=\"Srovn\u00e1tor.cz\" \/>\n<meta property=\"article:publisher\" content=\"https:\/\/www.facebook.com\/srovnator\/\" \/>\n<meta property=\"article:published_time\" content=\"2020-06-10T07:50:18+00:00\" \/>\n<meta property=\"article:modified_time\" content=\"2024-06-24T05:45:09+00:00\" \/>\n<meta property=\"og:image\" content=\"https:\/\/storage.googleapis.com\/wp-resources\/srovnator.cz\/ng\/2022\/06\/9029a3b3-kam-muzeme-v-eu-vycestovat-bez-covid-testu2.jpg\" \/>\n\t<meta property=\"og:image:width\" content=\"1280\" \/>\n\t<meta property=\"og:image:height\" content=\"853\" \/>\n\t<meta property=\"og:image:type\" content=\"image\/jpeg\" \/>\n<meta name=\"author\" content=\"Martin Dane\u0161\" \/>\n<meta name=\"twitter:card\" content=\"summary_large_image\" \/>\n<meta name=\"twitter:creator\" content=\"@Srovnator_czech\" \/>\n<meta name=\"twitter:site\" content=\"@Srovnator_czech\" \/>\n<meta name=\"twitter:label1\" content=\"Written by\" \/>\n\t<meta name=\"twitter:data1\" content=\"Martin Dane\u0161\" \/>\n\t<meta name=\"twitter:label2\" content=\"Est. reading time\" \/>\n\t<meta name=\"twitter:data2\" content=\"4 minutes\" \/>\n<script type=\"application\/ld+json\" class=\"yoast-schema-graph\">{\"@context\":\"https:\/\/schema.org\",\"@graph\":[{\"@type\":\"WebPage\",\"@id\":\"https:\/\/www.srovnator.cz\/clanky\/kam-muzeme-v-eu-vycestovat-bez-covid-testu\/\",\"url\":\"https:\/\/www.srovnator.cz\/clanky\/kam-muzeme-v-eu-vycestovat-bez-covid-testu\/\",\"name\":\"Kam m\u016f\u017eeme v EU vycestovat bez Covid test\u016f? - Srovn\u00e1tor.cz\",\"isPartOf\":{\"@id\":\"https:\/\/www.srovnator.cz\/#website\"},\"primaryImageOfPage\":{\"@id\":\"https:\/\/www.srovnator.cz\/clanky\/kam-muzeme-v-eu-vycestovat-bez-covid-testu\/#primaryimage\"},\"image\":{\"@id\":\"https:\/\/www.srovnator.cz\/clanky\/kam-muzeme-v-eu-vycestovat-bez-covid-testu\/#primaryimage\"},\"thumbnailUrl\":\"https:\/\/storage.googleapis.com\/wp-resources\/srovnator.cz\/ng\/2022\/06\/9029a3b3-kam-muzeme-v-eu-vycestovat-bez-covid-testu2.jpg\",\"datePublished\":\"2020-06-10T07:50:18+00:00\",\"dateModified\":\"2024-06-24T05:45:09+00:00\",\"author\":{\"@id\":\"https:\/\/www.srovnator.cz\/#\/schema\/person\/46d10e971bff43faa91c35835126aa3b\"},\"description\":\"Chyb\u00ed v\u00e1m mo\u0159e nebo poho\u0159\u00ed, kter\u00e9 v\u00e1s v \u010cesk\u00e9 republice neuspokoj\u00ed? Nezoufejte, v\u011bt\u0161ina zem\u00ed zva\u017euje postupn\u00e9 uvoln\u011bn\u00ed cestovn\u00edho ruchu.\",\"inLanguage\":\"cs-CZ\",\"potentialAction\":[{\"@type\":\"ReadAction\",\"target\":[\"https:\/\/www.srovnator.cz\/clanky\/kam-muzeme-v-eu-vycestovat-bez-covid-testu\/\"]}]},{\"@type\":\"ImageObject\",\"inLanguage\":\"cs-CZ\",\"@id\":\"https:\/\/www.srovnator.cz\/clanky\/kam-muzeme-v-eu-vycestovat-bez-covid-testu\/#primaryimage\",\"url\":\"https:\/\/storage.googleapis.com\/wp-resources\/srovnator.cz\/ng\/2022\/06\/9029a3b3-kam-muzeme-v-eu-vycestovat-bez-covid-testu2.jpg\",\"contentUrl\":\"https:\/\/storage.googleapis.com\/wp-resources\/srovnator.cz\/ng\/2022\/06\/9029a3b3-kam-muzeme-v-eu-vycestovat-bez-covid-testu2.jpg\",\"width\":1280,\"height\":853,\"caption\":\"Dovolen\u00e9 v zahrani\u010d\u00ed jsou z\u00e1visl\u00e9 na rozhodnut\u00edch jednotliv\u00fdch st\u00e1t\u016f\"},{\"@type\":\"WebSite\",\"@id\":\"https:\/\/www.srovnator.cz\/#website\",\"url\":\"https:\/\/www.srovnator.cz\/\",\"name\":\"Srovn\u00e1tor.cz\",\"description\":\"\",\"potentialAction\":[{\"@type\":\"SearchAction\",\"target\":{\"@type\":\"EntryPoint\",\"urlTemplate\":\"https:\/\/www.srovnator.cz\/?s={search_term_string}\"},\"query-input\":{\"@type\":\"PropertyValueSpecification\",\"valueRequired\":true,\"valueName\":\"search_term_string\"}}],\"inLanguage\":\"cs-CZ\"},{\"@type\":\"Person\",\"@id\":\"https:\/\/www.srovnator.cz\/#\/schema\/person\/46d10e971bff43faa91c35835126aa3b\",\"name\":\"Martin Dane\u0161\",\"image\":{\"@type\":\"ImageObject\",\"inLanguage\":\"cs-CZ\",\"@id\":\"https:\/\/www.srovnator.cz\/#\/schema\/person\/image\/\",\"url\":\"https:\/\/secure.gravatar.com\/avatar\/5cac60568def8a68791e2b771a3394888cf55828e445636dfc99f7ccd1e1d1b8?s=96&d=mm&r=g\",\"contentUrl\":\"https:\/\/secure.gravatar.com\/avatar\/5cac60568def8a68791e2b771a3394888cf55828e445636dfc99f7ccd1e1d1b8?s=96&d=mm&r=g\",\"caption\":\"Martin Dane\u0161\"},\"description\":\"Jsem Martin Dane\u0161, obchodn\u00ed \u0159editel Srovn\u00e1tor.cz. Na\u0161\u00edm c\u00edlem je naj\u00edt pro v\u00e1s v\u017edy to nejvhodn\u011bj\u0161\u00ed poji\u0161t\u011bn\u00ed dle va\u0161ich pot\u0159eb. D\u00edky \u0161irok\u00e9mu portfoliu produkt\u016f od v\u0161ech v\u00fdznamn\u00fdch poji\u0161\u0165oven v\u00e1m dok\u00e1\u017eeme poskytnout \u0159e\u0161en\u00ed odpov\u00eddaj\u00edc\u00ed va\u0161im p\u0159edstav\u00e1m. Kdy\u017e budete m\u00edt jak\u00fdkoliv produktov\u00fd dotaz, nev\u00e1hejte se na n\u00e1s obr\u00e1tit na info@srovnator.cz\",\"url\":\"https:\/\/www.srovnator.cz\/autori\/martin-danes\/\"}]}<\/script>\n<!-- \/ Yoast SEO plugin. -->","yoast_head_json":{"title":"Kam m\u016f\u017eeme v EU vycestovat bez Covid test\u016f? - Srovn\u00e1tor.cz","description":"Chyb\u00ed v\u00e1m mo\u0159e nebo poho\u0159\u00ed, kter\u00e9 v\u00e1s v \u010cesk\u00e9 republice neuspokoj\u00ed? Nezoufejte, v\u011bt\u0161ina zem\u00ed zva\u017euje postupn\u00e9 uvoln\u011bn\u00ed cestovn\u00edho ruchu.","robots":{"index":"index","follow":"follow","max-snippet":"max-snippet:-1","max-image-preview":"max-image-preview:large","max-video-preview":"max-video-preview:-1"},"canonical":"https:\/\/www.srovnator.cz\/clanky\/kam-muzeme-v-eu-vycestovat-bez-covid-testu\/","og_locale":"cs_CZ","og_type":"article","og_title":"Kam m\u016f\u017eeme v EU vycestovat bez Covid test\u016f? - Srovn\u00e1tor.cz","og_description":"Chyb\u00ed v\u00e1m mo\u0159e nebo poho\u0159\u00ed, kter\u00e9 v\u00e1s v \u010cesk\u00e9 republice neuspokoj\u00ed? Nezoufejte, v\u011bt\u0161ina zem\u00ed zva\u017euje postupn\u00e9 uvoln\u011bn\u00ed cestovn\u00edho ruchu.","og_url":"https:\/\/www.srovnator.cz\/clanky\/kam-muzeme-v-eu-vycestovat-bez-covid-testu\/","og_site_name":"Srovn\u00e1tor.cz","article_publisher":"https:\/\/www.facebook.com\/srovnator\/","article_published_time":"2020-06-10T07:50:18+00:00","article_modified_time":"2024-06-24T05:45:09+00:00","og_image":[{"width":1280,"height":853,"url":"https:\/\/storage.googleapis.com\/wp-resources\/srovnator.cz\/ng\/2022\/06\/9029a3b3-kam-muzeme-v-eu-vycestovat-bez-covid-testu2.jpg","type":"image\/jpeg"}],"author":"Martin Dane\u0161","twitter_card":"summary_large_image","twitter_creator":"@Srovnator_czech","twitter_site":"@Srovnator_czech","twitter_misc":{"Written by":"Martin Dane\u0161","Est. reading time":"4 minutes"},"schema":{"@context":"https:\/\/schema.org","@graph":[{"@type":"WebPage","@id":"https:\/\/www.srovnator.cz\/clanky\/kam-muzeme-v-eu-vycestovat-bez-covid-testu\/","url":"https:\/\/www.srovnator.cz\/clanky\/kam-muzeme-v-eu-vycestovat-bez-covid-testu\/","name":"Kam m\u016f\u017eeme v EU vycestovat bez Covid test\u016f? - Srovn\u00e1tor.cz","isPartOf":{"@id":"https:\/\/www.srovnator.cz\/#website"},"primaryImageOfPage":{"@id":"https:\/\/www.srovnator.cz\/clanky\/kam-muzeme-v-eu-vycestovat-bez-covid-testu\/#primaryimage"},"image":{"@id":"https:\/\/www.srovnator.cz\/clanky\/kam-muzeme-v-eu-vycestovat-bez-covid-testu\/#primaryimage"},"thumbnailUrl":"https:\/\/storage.googleapis.com\/wp-resources\/srovnator.cz\/ng\/2022\/06\/9029a3b3-kam-muzeme-v-eu-vycestovat-bez-covid-testu2.jpg","datePublished":"2020-06-10T07:50:18+00:00","dateModified":"2024-06-24T05:45:09+00:00","author":{"@id":"https:\/\/www.srovnator.cz\/#\/schema\/person\/46d10e971bff43faa91c35835126aa3b"},"description":"Chyb\u00ed v\u00e1m mo\u0159e nebo poho\u0159\u00ed, kter\u00e9 v\u00e1s v \u010cesk\u00e9 republice neuspokoj\u00ed? Nezoufejte, v\u011bt\u0161ina zem\u00ed zva\u017euje postupn\u00e9 uvoln\u011bn\u00ed cestovn\u00edho ruchu.","inLanguage":"cs-CZ","potentialAction":[{"@type":"ReadAction","target":["https:\/\/www.srovnator.cz\/clanky\/kam-muzeme-v-eu-vycestovat-bez-covid-testu\/"]}]},{"@type":"ImageObject","inLanguage":"cs-CZ","@id":"https:\/\/www.srovnator.cz\/clanky\/kam-muzeme-v-eu-vycestovat-bez-covid-testu\/#primaryimage","url":"https:\/\/storage.googleapis.com\/wp-resources\/srovnator.cz\/ng\/2022\/06\/9029a3b3-kam-muzeme-v-eu-vycestovat-bez-covid-testu2.jpg","contentUrl":"https:\/\/storage.googleapis.com\/wp-resources\/srovnator.cz\/ng\/2022\/06\/9029a3b3-kam-muzeme-v-eu-vycestovat-bez-covid-testu2.jpg","width":1280,"height":853,"caption":"Dovolen\u00e9 v zahrani\u010d\u00ed jsou z\u00e1visl\u00e9 na rozhodnut\u00edch jednotliv\u00fdch st\u00e1t\u016f"},{"@type":"WebSite","@id":"https:\/\/www.srovnator.cz\/#website","url":"https:\/\/www.srovnator.cz\/","name":"Srovn\u00e1tor.cz","description":"","potentialAction":[{"@type":"SearchAction","target":{"@type":"EntryPoint","urlTemplate":"https:\/\/www.srovnator.cz\/?s={search_term_string}"},"query-input":{"@type":"PropertyValueSpecification","valueRequired":true,"valueName":"search_term_string"}}],"inLanguage":"cs-CZ"},{"@type":"Person","@id":"https:\/\/www.srovnator.cz\/#\/schema\/person\/46d10e971bff43faa91c35835126aa3b","name":"Martin Dane\u0161","image":{"@type":"ImageObject","inLanguage":"cs-CZ","@id":"https:\/\/www.srovnator.cz\/#\/schema\/person\/image\/","url":"https:\/\/secure.gravatar.com\/avatar\/5cac60568def8a68791e2b771a3394888cf55828e445636dfc99f7ccd1e1d1b8?s=96&d=mm&r=g","contentUrl":"https:\/\/secure.gravatar.com\/avatar\/5cac60568def8a68791e2b771a3394888cf55828e445636dfc99f7ccd1e1d1b8?s=96&d=mm&r=g","caption":"Martin Dane\u0161"},"description":"Jsem Martin Dane\u0161, obchodn\u00ed \u0159editel Srovn\u00e1tor.cz. Na\u0161\u00edm c\u00edlem je naj\u00edt pro v\u00e1s v\u017edy to nejvhodn\u011bj\u0161\u00ed poji\u0161t\u011bn\u00ed dle va\u0161ich pot\u0159eb. D\u00edky \u0161irok\u00e9mu portfoliu produkt\u016f od v\u0161ech v\u00fdznamn\u00fdch poji\u0161\u0165oven v\u00e1m dok\u00e1\u017eeme poskytnout \u0159e\u0161en\u00ed odpov\u00eddaj\u00edc\u00ed va\u0161im p\u0159edstav\u00e1m. Kdy\u017e budete m\u00edt jak\u00fdkoliv produktov\u00fd dotaz, nev\u00e1hejte se na n\u00e1s obr\u00e1tit na info@srovnator.cz","url":"https:\/\/www.srovnator.cz\/autori\/martin-danes\/"}]}},"amp_enabled":true,"_links":{"self":[{"href":"https:\/\/www.srovnator.cz\/rest_api\/wp\/v2\/posts\/4930","targetHints":{"allow":["GET"]}}],"collection":[{"href":"https:\/\/www.srovnator.cz\/rest_api\/wp\/v2\/posts"}],"about":[{"href":"https:\/\/www.srovnator.cz\/rest_api\/wp\/v2\/types\/post"}],"author":[{"embeddable":true,"href":"https:\/\/www.srovnator.cz\/rest_api\/wp\/v2\/users\/5"}],"replies":[{"embeddable":true,"href":"https:\/\/www.srovnator.cz\/rest_api\/wp\/v2\/comments?post=4930"}],"version-history":[{"count":1,"href":"https:\/\/www.srovnator.cz\/rest_api\/wp\/v2\/posts\/4930\/revisions"}],"predecessor-version":[{"id":9540,"href":"https:\/\/www.srovnator.cz\/rest_api\/wp\/v2\/posts\/4930\/revisions\/9540"}],"wp:featuredmedia":[{"embeddable":true,"href":"https:\/\/www.srovnator.cz\/rest_api\/wp\/v2\/media\/4931"}],"wp:attachment":[{"href":"https:\/\/www.srovnator.cz\/rest_api\/wp\/v2\/media?parent=4930"}],"wp:term":[{"taxonomy":"category","embeddable":true,"href":"https:\/\/www.srovnator.cz\/rest_api\/wp\/v2\/categories?post=4930"},{"taxonomy":"post_tag","embeddable":true,"href":"https:\/\/www.srovnator.cz\/rest_api\/wp\/v2\/tags?post=4930"}],"curies":[{"name":"wp","href":"https:\/\/api.w.org\/{rel}","templated":true}]}}