{"id":4946,"date":"2020-07-09T11:03:40","date_gmt":"2020-07-09T09:03:40","guid":{"rendered":"https:\/\/www.srovnator.cz\/clanky\/ostatni\/kam-letos-v-lete-vyrazit-na-festival\/"},"modified":"2024-06-24T07:57:57","modified_gmt":"2024-06-24T05:57:57","slug":"kam-letos-v-lete-vyrazit-na-festival","status":"publish","type":"post","link":"https:\/\/www.srovnator.cz\/clanky\/letni-hudebni-festivaly-2020\/","title":{"rendered":"Kam letos v l\u00e9t\u011b vyrazit na festival?"},"content":{"rendered":"<p><strong>Neum\u00edte si p\u0159edstavit l\u00e9to bez \u017eiv\u00fdch hudebn\u00edch vystoupen\u00ed pod\u00a0\u0161ir\u00fdm nebem a\u00a0prav\u00e9 festivalov\u00e9 atmosf\u00e9ry? Pak ani letos nep\u0159ijdete zkr\u00e1tka. P\u0159esto\u017ee leto\u0161n\u00ed ro\u010dn\u00edky velk\u00fdch tradi\u010dn\u00edch festival\u016f (Hrady CZ, Ben\u00e1tsk\u00e1, S\u00e1zavafest apod.) byly kv\u016fli koronavirov\u00fdm opat\u0159en\u00edm zru\u0161eny a\u00a0uskute\u010dn\u00ed se\u00a0a\u017e p\u0159\u00ed\u0161t\u00ed rok, po\u0159adatel\u00e9 n\u011bkter\u00fdch festival\u016f se\u00a0nevzdali. T\u011b\u0161it se\u00a0proto m\u016f\u017eete na\u00a0n\u011bkolik festival\u016f, jejich\u017e kapacita ale bude limitovan\u00e1 tis\u00edcovkou \u00fa\u010dastn\u00edk\u016f.<\/strong><\/p>\n<img decoding=\"async\" width=\"770\" height=\"513\" src=\"https:\/\/storage.googleapis.com\/wp-resources\/srovnator.cz\/ng\/2022\/06\/7caa5d59-letni-hudebni-festivaly-20203-770x513.jpg\" class=\" wp-post-image wp-stateless-item\" alt=\"Kam letos v l\u00e9t\u011b vyrazit na festival?\" title=\"Kam letos v l\u00e9t\u011b vyrazit na festival?\" srcset=\"https:\/\/storage.googleapis.com\/wp-resources\/srovnator.cz\/ng\/2022\/06\/7caa5d59-letni-hudebni-festivaly-20203-770x513.jpg 770w, https:\/\/storage.googleapis.com\/wp-resources\/srovnator.cz\/ng\/2022\/06\/7caa5d59-letni-hudebni-festivaly-20203.jpg 1280w\" sizes=\"(max-width: 770px) 100vw, 770px\" data-image-size=\"medium\" data-stateless-media-bucket=\"wp-resources\" data-stateless-media-name=\"srovnator.cz\/ng\/2022\/06\/7caa5d59-letni-hudebni-festivaly-20203.jpg\" \/>\n<h2>NeFestival Colours of Ostrava<\/h2>\n<p>Kdo se\u00a0t\u011b\u0161il na\u00a0tradi\u010dn\u00ed festival v\u00a0Doln\u00edch V\u00edtkovic\u00edch, nemus\u00ed zoufat. Klasick\u00e1 verze festivalu se\u00a0sice uskute\u010dn\u00ed a\u017e p\u0159\u00ed\u0161t\u00ed l\u00e9to, po\u0159adatel\u00e9 ov\u0161em pohotov\u011b zareagovali a\u00a0na\u00a0leto\u0161n\u00ed l\u00e9to p\u0159ipravili akci s\u00a0n\u00e1zvem NeFestival Colours of Ostrava. Festival se\u00a0uskute\u010dn\u00ed <strong>ve\u00a0dnech 15. \u2013 18.\u00a0\u010dervence 2020 pod\u00a0vysokou pec\u00ed VP1 v\u00a0Doln\u00edch V\u00edtkovic\u00edch<\/strong>. Na\u017eivo zde vystoup\u00ed Cirk La Putyka, Tata Bojs, Dubioza Kolektiv, Kapit\u00e1n Demo, N.O.H.A., Meltingpot a\u00a0dal\u0161\u00ed. Vstupenky po\u0159\u00edd\u00edte na\u00a0prvn\u00ed t\u0159i dny za\u00a0590\u00a0K\u010d\/den, na\u00a0posledn\u00ed den za\u00a0390\u00a0K\u010d.<\/p>\n<h2><img decoding=\"async\" src=\"https:\/\/storage.googleapis.com\/wp-resources\/srovnator.cz\/2021\/10\/letni-hudebni-festivaly-20202-770x522.jpg\" alt=\"Doln\u00ed V\u00edtkovice Ostrava\" width=\"100%\" \/><\/h2>\n<h2>Country a\u00a0folk Pecka<\/h2>\n<p>Pokud se\u00a0vl\u00e1dn\u00ed opat\u0159en\u00ed do\u00a0t\u00e9 doby nezhor\u0161\u00ed, uskute\u010dn\u00ed se\u00a0<strong>ve\u00a0dnech 24. \u2013 25.\u00a0\u010dervence 2020<\/strong> tak\u00e9 festival Country a\u00a0folk Pecka, jeho\u017e d\u011bji\u0161t\u011bm je\u00a0<strong>Koupali\u0161t\u011b a\u00a0kemp Pecka<\/strong>. Na\u00a0programu budou mimo jin\u00e9 Schovanky, Fe\u0161\u00e1ci, Pok\u00e1\u010d, V\u011bra Martinov\u00e1, Marien, Jakub Smol\u00edk, Robert K\u0159es\u0165an a\u00a0Druh\u00e1 Tr\u00e1va. Ceny vstupenek jsou v\u00a0p\u0159edprodeji 399\u00a0K\u010d (p\u00e1tek), 449\u00a0K\u010d (sobota) a\u00a0659\u00a0K\u010d (oba dny), na\u00a0m\u00edst\u011b zaplat\u00edte 459\u00a0K\u010d (p\u00e1tek), 499\u00a0K\u010d (sobota) nebo 699\u00a0K\u010d (oba dny).<\/p>\n<h2>Mezin\u00e1rodn\u00ed hudebn\u00ed festival \u0160pilberk<\/h2>\n<p>Tradi\u010dn\u00ed hudebn\u00ed open-air festival na\u00a0<strong>brn\u011bnsk\u00e9m \u0160pilberku<\/strong> je\u00a0sice zam\u011b\u0159en na\u00a0klasickou hudbu, sna\u017e\u00ed se\u00a0ale c\u00edlit na\u00a0\u0161irok\u00e9 publikum a\u00a0zp\u0159\u00edstupnit tento hudebn\u00ed \u017e\u00e1nr i\u00a0t\u011bm, kter\u00fdm mnoho ne\u0159\u00edk\u00e1. Na\u00a0velk\u00e9m hradn\u00edm n\u00e1dvo\u0159\u00ed zazn\u00ed velk\u00e1 symfonick\u00e1 d\u00edla i\u00a0v\u00a0propojen\u00ed s\u00a0jin\u00fdmi \u017e\u00e1nry. Jednotliv\u00e9 hudebn\u00ed ve\u010dery, po\u0159\u00e1dan\u00e9 Filharmoni\u00ed Brno, prob\u011bhnou <strong>v\u00a0obdob\u00ed 11. \u2013 21.\u00a0srpna 2020<\/strong>.<\/p>\n<p><img decoding=\"async\" src=\"https:\/\/storage.googleapis.com\/wp-resources\/srovnator.cz\/2021\/10\/letni-hudebni-festivaly-2020-770x515.jpg\" alt=\"Hrad \u0160pilberk Brno\" width=\"100%\" \/><\/p>\n<h2>TrutnOFF BrnoON Open Air Festival<\/h2>\n<p>V\u00a0Brn\u011b se\u00a0uskute\u010dn\u00ed tak\u00e9 n\u011bkdej\u0161\u00ed festival Trutnoff, kter\u00fd\u00a0se\u00a0vrac\u00ed pod\u00a0n\u00e1zvem TrutnOFF BrnoON. P\u0159esto\u017ee se\u00a0bude bude muset obej\u00edt bez <a href=\"https:\/\/www.srovnator.cz\/cestovni-pojisteni\/\">zahrani\u010dn\u00edch<\/a> interpret\u016f a\u00a0jeho kapacita bude omezen\u00e1, s\u00a0pl\u00e1novanou pades\u00e1tkou \u00fa\u010dinkuj\u00edc\u00edch se\u00a0tento staronov\u00fd kultovn\u00ed festival stane z\u0159ejm\u011b nejv\u011bt\u0161\u00edm letn\u00edm festivalem. Uskute\u010dn\u00ed se\u00a0<strong>Na\u00a0St\u0159elnici v\u00a0brn\u011bnsk\u00fdch Pis\u00e1rk\u00e1ch v\u00a0term\u00ednu 21. \u2013 23.\u00a0srpna 2020<\/strong>. T\u011b\u0161it se\u00a0m\u016f\u017eete nap\u0159\u00edklad na\u00a0M\u0148\u00e1gu a\u00a0\u017ddorp, J.A.R., Plastic People of the Universe, Old\u0159icha Kaisera s\u00a0D\u00e1\u0161ou Vokatou nebo Visac\u00ed z\u00e1mek. Krom\u011b toho bude p\u0159ipravena tak\u00e9 divadeln\u00ed a\u00a0folklorn\u00ed sc\u00e9na nebo undergroundov\u00e1 \u2013 bytov\u00e1 sc\u00e9na. Celofestivalovou vstupenku zakoup\u00edte za\u00a01\u00a0600\u00a0K\u010d.<\/p>\n<h2>SOUNDTRACK \u2013 Jedeme d\u00e1l!<\/h2>\n<p>Od\u00a0roku\u00a02016 se\u00a0v\u00a0<strong>Pod\u011bbradech<\/strong> ka\u017edoro\u010dn\u011b kon\u00e1 SOUNDTRACK \u2013 festival filmov\u00e9 hudby a\u00a0multim\u00e9di\u00ed. Jeho fanou\u0161ci o\u00a0n\u011bj nep\u0159ijdou ani letos \u2013 i\u00a0kdy\u017e\u00a0v\u00a0\u010d\u00e1ste\u010dn\u011b omezen\u00e9m re\u017eimu. <strong>Ve\u00a0dnech 27. \u2013 30.\u00a0srpna 2020<\/strong> se\u00a0Pod\u011bbrady pono\u0159\u00ed do\u00a0hudby a\u00a0filmov\u00fdch a\u00a0multimedi\u00e1ln\u00edch projekc\u00ed. Sobotn\u00ed ve\u010der vyvrchol\u00ed profilov\u00fdm koncertem Ond\u0159eje Soukupa. Filharmonie Hradec Kr\u00e1lov\u00e9 zahraje suity z\u00a0jeho nejslavn\u011bj\u0161\u00edch titul\u016f (Kolja, Tmavomodr\u00fd sv\u011bt, Vratn\u00e9 lahve, Requiem pro\u00a0panenku a\u00a0dal\u0161\u00ed). \u017divou hudbu doprovod\u00ed velkoform\u00e1tov\u00e9 projekce uk\u00e1zek film\u016f na\u00a0st\u011bn\u00e1ch pod\u011bbradsk\u00e9ho z\u00e1mku. Festival bude pro\u00a0v\u0161echny zdarma.<\/p>\n<h2>Festival Boskovice \u2013 letos trochu jinak<\/h2>\n<p>Posledn\u00ed pr\u00e1zdninov\u00fd v\u00edkend prob\u011bhne tak\u00e9 alternativn\u00ed varianta tradi\u010dn\u00edho boskovick\u00e9ho festivalu, kter\u00fd\u00a0se\u00a0m\u011bl p\u016fvodn\u011b konat v\u00a0\u010dervenci. <strong>Ve\u00a0dnech 28. \u2013 30.\u00a0srpna 2020 zazn\u00ed v\u00a0Boskovic\u00edch<\/strong> Kv\u011bty, Makak Akustikus, Evolet, Slut, Prvn\u00ed ho\u0159e, Mucha, Palma, Phoenix Quartet, I\u00a0Love You Honey Bunny, Branko\u00b4s Bridge nebo Beata Hlavenkov\u00e1 se\u00a0svou Kapelou sn\u016f. Krom\u011b \u017e\u00e1nrov\u011b pestr\u00e9 hudebn\u00ed sc\u00e9ny budou sou\u010d\u00e1st\u00ed festivalu tak\u00e9 filmov\u00e9 projekce, \u010dten\u00ed, p\u0159edn\u00e1\u0161ky, divadla nebo hudebn\u011b-divadeln\u00ed stan Potrv\u00e1. Vstupenku na\u00a0festival po\u0159\u00edd\u00edte v\u00a0p\u0159edprodeji za\u00a0750\u00a0K\u010d, studenti za\u00a0600\u00a0K\u010d. Pou\u017e\u00edt lze tak\u00e9 vstupenky zakoupen\u00e9 na\u00a0standardn\u00ed verzi festivalu (nebo je\u00a0lze vyu\u017e\u00edt na\u00a0p\u0159\u00ed\u0161t\u00ed plnohodnotn\u00fd ro\u010dn\u00edk).<\/p>\n<h2>Maloskalsk\u00e1 noc<\/h2>\n<p>V\u00a0z\u00e1v\u011bru l\u00e9ta se\u00a0m\u016f\u017eete t\u011b\u0161it na\u00a0osm\u00fd ro\u010dn\u00edk rodinn\u00e9ho hudebn\u00edho festivalu v\u00a0prost\u0159ed\u00ed \u010cesk\u00e9ho r\u00e1je. Z\u00a0d\u016fvodu koronavirov\u00fdch opat\u0159en\u00ed byl\u00a0tradi\u010dn\u00ed festival <strong>na\u00a0Mal\u00e9 Sk\u00e1le<\/strong> p\u0159esunut z\u00a0p\u016fvodn\u00edho \u010dervnov\u00e9ho term\u00ednu <strong>na\u00a0ned\u011bli 6.\u00a0z\u00e1\u0159\u00ed 2020<\/strong>. Na\u00a0festivalu vystoup\u00ed Mirai, Lenka Filipov\u00e1, Pok\u00e1\u010d, Nebe, Turbo a\u00a0dal\u0161\u00ed. Vstupenky na\u00a0zakoup\u00edte v\u00a0p\u0159edprodeji za\u00a0390\u00a0K\u010d. Krom\u011b toho budou t\u00e9m\u011b\u0159 po\u00a0cel\u00e9 l\u00e9to na\u00a0Mal\u00e9 Sk\u00e1le prob\u00edhat sobotn\u00ed koncerty v\u00a0r\u00e1mci programu LIVE!L\u00c9TO. \u00da\u010dast p\u0159isl\u00edbili nap\u0159iklad \u017dlut\u00fd pes, \u0160kwor, David Koller, UDG a\u00a0\u010cechomor.<\/p>\n","protected":false},"excerpt":{"rendered":"<p>Ani letos se nemus\u00edte vzd\u00e1t festivalov\u00e9 atmosf\u00e9ry a koncert\u016f pod \u0161ir\u00fdm nebem. Kter\u00e9 festivaly se zvl\u00e1dly p\u0159izp\u016fsobit aktu\u00e1ln\u00edm opat\u0159en\u00edm a v l\u00e9t\u011b se uskute\u010dn\u00ed?<\/p>\n","protected":false},"author":7,"featured_media":4947,"comment_status":"closed","ping_status":"closed","sticky":false,"template":"","format":"standard","meta":{"_acf_changed":false,"footnotes":""},"categories":[1],"tags":[750,672,751,643,880],"class_list":["post-4946","post","type-post","status-publish","format-standard","has-post-thumbnail","hentry","category-ostatni","tag-brno","tag-leto","tag-ostrava","tag-zabava","tag-zajimavosti"],"acf":{"znacka":"","model":"","objem":"","vyrobeno":"","vykon":"","velikost_1":"","velikost_2":"","velikost_3":"","velikost_4":"","roky":"","roky_velikost_1":"","roky_velikost_2":"","roky_velikost_3":"","roky_velikost_4":"","pocet_kalkulaci":0,"page_post_meta_bread":"Letn\u00ed hudebn\u00ed festivaly 2020","page_post_meta_bread_child":"","page_post_meta_script_head":"","page_post_meta_leaving_screen":"cat"},"yoast_head":"<!-- This site is optimized with the Yoast SEO plugin v25.5 - https:\/\/yoast.com\/wordpress\/plugins\/seo\/ -->\n<title>Letn\u00ed hudebn\u00ed festivaly 2020 - Srovn\u00e1tor.cz<\/title>\n<meta name=\"description\" content=\"Ani letos se nemus\u00edte vzd\u00e1t festivalov\u00e9 atmosf\u00e9ry a koncert\u016f pod \u0161ir\u00fdm nebem. Kter\u00e9 festivaly se zvl\u00e1dly p\u0159izp\u016fsobit aktu\u00e1ln\u00edm opat\u0159en\u00edm a v l\u00e9t\u011b se uskute\u010dn\u00ed?\" \/>\n<meta name=\"robots\" content=\"index, follow, max-snippet:-1, max-image-preview:large, max-video-preview:-1\" \/>\n<link rel=\"canonical\" href=\"https:\/\/www.srovnator.cz\/clanky\/letni-hudebni-festivaly-2020\/\" \/>\n<meta property=\"og:locale\" content=\"cs_CZ\" \/>\n<meta property=\"og:type\" content=\"article\" \/>\n<meta property=\"og:title\" content=\"Letn\u00ed hudebn\u00ed festivaly 2020 - Srovn\u00e1tor.cz\" \/>\n<meta property=\"og:description\" content=\"Ani letos se nemus\u00edte vzd\u00e1t festivalov\u00e9 atmosf\u00e9ry a koncert\u016f pod \u0161ir\u00fdm nebem. Kter\u00e9 festivaly se zvl\u00e1dly p\u0159izp\u016fsobit aktu\u00e1ln\u00edm opat\u0159en\u00edm a v l\u00e9t\u011b se uskute\u010dn\u00ed?\" \/>\n<meta property=\"og:url\" content=\"https:\/\/www.srovnator.cz\/clanky\/letni-hudebni-festivaly-2020\/\" \/>\n<meta property=\"og:site_name\" content=\"Srovn\u00e1tor.cz\" \/>\n<meta property=\"article:publisher\" content=\"https:\/\/www.facebook.com\/srovnator\/\" \/>\n<meta property=\"article:published_time\" content=\"2020-07-09T09:03:40+00:00\" \/>\n<meta property=\"article:modified_time\" content=\"2024-06-24T05:57:57+00:00\" \/>\n<meta property=\"og:image\" content=\"https:\/\/storage.googleapis.com\/wp-resources\/srovnator.cz\/ng\/2022\/06\/7caa5d59-letni-hudebni-festivaly-20203.jpg\" \/>\n\t<meta property=\"og:image:width\" content=\"1280\" \/>\n\t<meta property=\"og:image:height\" content=\"853\" \/>\n\t<meta property=\"og:image:type\" content=\"image\/jpeg\" \/>\n<meta name=\"author\" content=\"Martin Straka\" \/>\n<meta name=\"twitter:card\" content=\"summary_large_image\" \/>\n<meta name=\"twitter:creator\" content=\"@Srovnator_czech\" \/>\n<meta name=\"twitter:site\" content=\"@Srovnator_czech\" \/>\n<meta name=\"twitter:label1\" content=\"Written by\" \/>\n\t<meta name=\"twitter:data1\" content=\"Martin Straka\" \/>\n\t<meta name=\"twitter:label2\" content=\"Est. reading time\" \/>\n\t<meta name=\"twitter:data2\" content=\"4 minutes\" \/>\n<script type=\"application\/ld+json\" class=\"yoast-schema-graph\">{\"@context\":\"https:\/\/schema.org\",\"@graph\":[{\"@type\":\"WebPage\",\"@id\":\"https:\/\/www.srovnator.cz\/clanky\/letni-hudebni-festivaly-2020\/\",\"url\":\"https:\/\/www.srovnator.cz\/clanky\/letni-hudebni-festivaly-2020\/\",\"name\":\"Letn\u00ed hudebn\u00ed festivaly 2020 - Srovn\u00e1tor.cz\",\"isPartOf\":{\"@id\":\"https:\/\/www.srovnator.cz\/#website\"},\"primaryImageOfPage\":{\"@id\":\"https:\/\/www.srovnator.cz\/clanky\/letni-hudebni-festivaly-2020\/#primaryimage\"},\"image\":{\"@id\":\"https:\/\/www.srovnator.cz\/clanky\/letni-hudebni-festivaly-2020\/#primaryimage\"},\"thumbnailUrl\":\"https:\/\/storage.googleapis.com\/wp-resources\/srovnator.cz\/ng\/2022\/06\/7caa5d59-letni-hudebni-festivaly-20203.jpg\",\"datePublished\":\"2020-07-09T09:03:40+00:00\",\"dateModified\":\"2024-06-24T05:57:57+00:00\",\"author\":{\"@id\":\"https:\/\/www.srovnator.cz\/#\/schema\/person\/f2be3ec81eda7dd06cf658cc9aa974ff\"},\"description\":\"Ani letos se nemus\u00edte vzd\u00e1t festivalov\u00e9 atmosf\u00e9ry a koncert\u016f pod \u0161ir\u00fdm nebem. Kter\u00e9 festivaly se zvl\u00e1dly p\u0159izp\u016fsobit aktu\u00e1ln\u00edm opat\u0159en\u00edm a v l\u00e9t\u011b se uskute\u010dn\u00ed?\",\"inLanguage\":\"cs-CZ\",\"potentialAction\":[{\"@type\":\"ReadAction\",\"target\":[\"https:\/\/www.srovnator.cz\/clanky\/letni-hudebni-festivaly-2020\/\"]}]},{\"@type\":\"ImageObject\",\"inLanguage\":\"cs-CZ\",\"@id\":\"https:\/\/www.srovnator.cz\/clanky\/letni-hudebni-festivaly-2020\/#primaryimage\",\"url\":\"https:\/\/storage.googleapis.com\/wp-resources\/srovnator.cz\/ng\/2022\/06\/7caa5d59-letni-hudebni-festivaly-20203.jpg\",\"contentUrl\":\"https:\/\/storage.googleapis.com\/wp-resources\/srovnator.cz\/ng\/2022\/06\/7caa5d59-letni-hudebni-festivaly-20203.jpg\",\"width\":1280,\"height\":853,\"caption\":\"Hudebn\u00ed festival\"},{\"@type\":\"WebSite\",\"@id\":\"https:\/\/www.srovnator.cz\/#website\",\"url\":\"https:\/\/www.srovnator.cz\/\",\"name\":\"Srovn\u00e1tor.cz\",\"description\":\"\",\"potentialAction\":[{\"@type\":\"SearchAction\",\"target\":{\"@type\":\"EntryPoint\",\"urlTemplate\":\"https:\/\/www.srovnator.cz\/?s={search_term_string}\"},\"query-input\":{\"@type\":\"PropertyValueSpecification\",\"valueRequired\":true,\"valueName\":\"search_term_string\"}}],\"inLanguage\":\"cs-CZ\"},{\"@type\":\"Person\",\"@id\":\"https:\/\/www.srovnator.cz\/#\/schema\/person\/f2be3ec81eda7dd06cf658cc9aa974ff\",\"name\":\"Martin Straka\",\"image\":{\"@type\":\"ImageObject\",\"inLanguage\":\"cs-CZ\",\"@id\":\"https:\/\/www.srovnator.cz\/#\/schema\/person\/image\/\",\"url\":\"https:\/\/secure.gravatar.com\/avatar\/e91ecfaa01852a8f16b9f65e2ab5c2102d2bb71b2b029fd130ff6c5d21492f36?s=96&d=mm&r=g\",\"contentUrl\":\"https:\/\/secure.gravatar.com\/avatar\/e91ecfaa01852a8f16b9f65e2ab5c2102d2bb71b2b029fd130ff6c5d21492f36?s=96&d=mm&r=g\",\"caption\":\"Martin Straka\"},\"description\":\"Martin Straka je \u0159editelem klientsk\u00e9ho centra a p\u00e9\u010de o z\u00e1kazn\u00edky. Se sv\u00fdm t\u00fdmem poskytuje z\u00e1kazn\u00edk\u016fm Srovn\u00e1tor.cz \u0161pi\u010dkov\u00fd servis a dohl\u00ed\u017e\u00ed na to, aby na\u0161e procesy byly efektivn\u00ed a z\u00e1kazn\u00edci byli spokojen\u00ed nejen p\u0159i sjedn\u00e1n\u00ed nov\u00e9ho produktu, ale i kdykoliv pot\u0159ebuj\u00ed s n\u011b\u010d\u00edm pomoci. Jeho \u010dl\u00e1nky informuj\u00ed nejen o nejnov\u011bj\u0161\u00edch trendech a aktu\u00e1ln\u00edch t\u00e9matech, ale p\u0159in\u00e1\u0161\u00ed i praktick\u00e9 a zaj\u00edmav\u00e9 tipy z r\u016fzn\u00fdch oblast\u00ed b\u011b\u017en\u00e9ho \u017eivota.\",\"url\":\"https:\/\/www.srovnator.cz\/autori\/martin-straka\/\"}]}<\/script>\n<!-- \/ Yoast SEO plugin. -->","yoast_head_json":{"title":"Letn\u00ed hudebn\u00ed festivaly 2020 - Srovn\u00e1tor.cz","description":"Ani letos se nemus\u00edte vzd\u00e1t festivalov\u00e9 atmosf\u00e9ry a koncert\u016f pod \u0161ir\u00fdm nebem. Kter\u00e9 festivaly se zvl\u00e1dly p\u0159izp\u016fsobit aktu\u00e1ln\u00edm opat\u0159en\u00edm a v l\u00e9t\u011b se uskute\u010dn\u00ed?","robots":{"index":"index","follow":"follow","max-snippet":"max-snippet:-1","max-image-preview":"max-image-preview:large","max-video-preview":"max-video-preview:-1"},"canonical":"https:\/\/www.srovnator.cz\/clanky\/letni-hudebni-festivaly-2020\/","og_locale":"cs_CZ","og_type":"article","og_title":"Letn\u00ed hudebn\u00ed festivaly 2020 - Srovn\u00e1tor.cz","og_description":"Ani letos se nemus\u00edte vzd\u00e1t festivalov\u00e9 atmosf\u00e9ry a koncert\u016f pod \u0161ir\u00fdm nebem. Kter\u00e9 festivaly se zvl\u00e1dly p\u0159izp\u016fsobit aktu\u00e1ln\u00edm opat\u0159en\u00edm a v l\u00e9t\u011b se uskute\u010dn\u00ed?","og_url":"https:\/\/www.srovnator.cz\/clanky\/letni-hudebni-festivaly-2020\/","og_site_name":"Srovn\u00e1tor.cz","article_publisher":"https:\/\/www.facebook.com\/srovnator\/","article_published_time":"2020-07-09T09:03:40+00:00","article_modified_time":"2024-06-24T05:57:57+00:00","og_image":[{"width":1280,"height":853,"url":"https:\/\/storage.googleapis.com\/wp-resources\/srovnator.cz\/ng\/2022\/06\/7caa5d59-letni-hudebni-festivaly-20203.jpg","type":"image\/jpeg"}],"author":"Martin Straka","twitter_card":"summary_large_image","twitter_creator":"@Srovnator_czech","twitter_site":"@Srovnator_czech","twitter_misc":{"Written by":"Martin Straka","Est. reading time":"4 minutes"},"schema":{"@context":"https:\/\/schema.org","@graph":[{"@type":"WebPage","@id":"https:\/\/www.srovnator.cz\/clanky\/letni-hudebni-festivaly-2020\/","url":"https:\/\/www.srovnator.cz\/clanky\/letni-hudebni-festivaly-2020\/","name":"Letn\u00ed hudebn\u00ed festivaly 2020 - Srovn\u00e1tor.cz","isPartOf":{"@id":"https:\/\/www.srovnator.cz\/#website"},"primaryImageOfPage":{"@id":"https:\/\/www.srovnator.cz\/clanky\/letni-hudebni-festivaly-2020\/#primaryimage"},"image":{"@id":"https:\/\/www.srovnator.cz\/clanky\/letni-hudebni-festivaly-2020\/#primaryimage"},"thumbnailUrl":"https:\/\/storage.googleapis.com\/wp-resources\/srovnator.cz\/ng\/2022\/06\/7caa5d59-letni-hudebni-festivaly-20203.jpg","datePublished":"2020-07-09T09:03:40+00:00","dateModified":"2024-06-24T05:57:57+00:00","author":{"@id":"https:\/\/www.srovnator.cz\/#\/schema\/person\/f2be3ec81eda7dd06cf658cc9aa974ff"},"description":"Ani letos se nemus\u00edte vzd\u00e1t festivalov\u00e9 atmosf\u00e9ry a koncert\u016f pod \u0161ir\u00fdm nebem. Kter\u00e9 festivaly se zvl\u00e1dly p\u0159izp\u016fsobit aktu\u00e1ln\u00edm opat\u0159en\u00edm a v l\u00e9t\u011b se uskute\u010dn\u00ed?","inLanguage":"cs-CZ","potentialAction":[{"@type":"ReadAction","target":["https:\/\/www.srovnator.cz\/clanky\/letni-hudebni-festivaly-2020\/"]}]},{"@type":"ImageObject","inLanguage":"cs-CZ","@id":"https:\/\/www.srovnator.cz\/clanky\/letni-hudebni-festivaly-2020\/#primaryimage","url":"https:\/\/storage.googleapis.com\/wp-resources\/srovnator.cz\/ng\/2022\/06\/7caa5d59-letni-hudebni-festivaly-20203.jpg","contentUrl":"https:\/\/storage.googleapis.com\/wp-resources\/srovnator.cz\/ng\/2022\/06\/7caa5d59-letni-hudebni-festivaly-20203.jpg","width":1280,"height":853,"caption":"Hudebn\u00ed festival"},{"@type":"WebSite","@id":"https:\/\/www.srovnator.cz\/#website","url":"https:\/\/www.srovnator.cz\/","name":"Srovn\u00e1tor.cz","description":"","potentialAction":[{"@type":"SearchAction","target":{"@type":"EntryPoint","urlTemplate":"https:\/\/www.srovnator.cz\/?s={search_term_string}"},"query-input":{"@type":"PropertyValueSpecification","valueRequired":true,"valueName":"search_term_string"}}],"inLanguage":"cs-CZ"},{"@type":"Person","@id":"https:\/\/www.srovnator.cz\/#\/schema\/person\/f2be3ec81eda7dd06cf658cc9aa974ff","name":"Martin Straka","image":{"@type":"ImageObject","inLanguage":"cs-CZ","@id":"https:\/\/www.srovnator.cz\/#\/schema\/person\/image\/","url":"https:\/\/secure.gravatar.com\/avatar\/e91ecfaa01852a8f16b9f65e2ab5c2102d2bb71b2b029fd130ff6c5d21492f36?s=96&d=mm&r=g","contentUrl":"https:\/\/secure.gravatar.com\/avatar\/e91ecfaa01852a8f16b9f65e2ab5c2102d2bb71b2b029fd130ff6c5d21492f36?s=96&d=mm&r=g","caption":"Martin Straka"},"description":"Martin Straka je \u0159editelem klientsk\u00e9ho centra a p\u00e9\u010de o z\u00e1kazn\u00edky. Se sv\u00fdm t\u00fdmem poskytuje z\u00e1kazn\u00edk\u016fm Srovn\u00e1tor.cz \u0161pi\u010dkov\u00fd servis a dohl\u00ed\u017e\u00ed na to, aby na\u0161e procesy byly efektivn\u00ed a z\u00e1kazn\u00edci byli spokojen\u00ed nejen p\u0159i sjedn\u00e1n\u00ed nov\u00e9ho produktu, ale i kdykoliv pot\u0159ebuj\u00ed s n\u011b\u010d\u00edm pomoci. Jeho \u010dl\u00e1nky informuj\u00ed nejen o nejnov\u011bj\u0161\u00edch trendech a aktu\u00e1ln\u00edch t\u00e9matech, ale p\u0159in\u00e1\u0161\u00ed i praktick\u00e9 a zaj\u00edmav\u00e9 tipy z r\u016fzn\u00fdch oblast\u00ed b\u011b\u017en\u00e9ho \u017eivota.","url":"https:\/\/www.srovnator.cz\/autori\/martin-straka\/"}]}},"amp_enabled":true,"_links":{"self":[{"href":"https:\/\/www.srovnator.cz\/rest_api\/wp\/v2\/posts\/4946","targetHints":{"allow":["GET"]}}],"collection":[{"href":"https:\/\/www.srovnator.cz\/rest_api\/wp\/v2\/posts"}],"about":[{"href":"https:\/\/www.srovnator.cz\/rest_api\/wp\/v2\/types\/post"}],"author":[{"embeddable":true,"href":"https:\/\/www.srovnator.cz\/rest_api\/wp\/v2\/users\/7"}],"replies":[{"embeddable":true,"href":"https:\/\/www.srovnator.cz\/rest_api\/wp\/v2\/comments?post=4946"}],"version-history":[{"count":1,"href":"https:\/\/www.srovnator.cz\/rest_api\/wp\/v2\/posts\/4946\/revisions"}],"predecessor-version":[{"id":10155,"href":"https:\/\/www.srovnator.cz\/rest_api\/wp\/v2\/posts\/4946\/revisions\/10155"}],"wp:featuredmedia":[{"embeddable":true,"href":"https:\/\/www.srovnator.cz\/rest_api\/wp\/v2\/media\/4947"}],"wp:attachment":[{"href":"https:\/\/www.srovnator.cz\/rest_api\/wp\/v2\/media?parent=4946"}],"wp:term":[{"taxonomy":"category","embeddable":true,"href":"https:\/\/www.srovnator.cz\/rest_api\/wp\/v2\/categories?post=4946"},{"taxonomy":"post_tag","embeddable":true,"href":"https:\/\/www.srovnator.cz\/rest_api\/wp\/v2\/tags?post=4946"}],"curies":[{"name":"wp","href":"https:\/\/api.w.org\/{rel}","templated":true}]}}