{"id":4958,"date":"2020-07-24T06:18:50","date_gmt":"2020-07-24T04:18:50","guid":{"rendered":"https:\/\/www.srovnator.cz\/clanky\/ostatni\/jake-nebezpeci-predstavuji-zapomenute-veci-v-rozpalenem-vozidle\/"},"modified":"2024-06-24T07:57:25","modified_gmt":"2024-06-24T05:57:25","slug":"jake-nebezpeci-predstavuji-zapomenute-veci-v-rozpalenem-vozidle","status":"publish","type":"post","link":"https:\/\/www.srovnator.cz\/clanky\/zapomenute-veci-v-lete-ve-vozidle\/","title":{"rendered":"Jak\u00e9 nebezpe\u010d\u00ed p\u0159edstavuj\u00ed zapomenut\u00e9 v\u011bci v rozp\u00e1len\u00e9m vozidle?"},"content":{"rendered":"<p><strong>V&nbsp;l\u00e9t\u011b se&nbsp;\u0159idi\u010di obvykle pot\u00fdkaj\u00ed s&nbsp;r\u016fzn\u00fdmi nep\u0159\u00edjemnostmi \u2013 uzav\u00edrkami, dlouh\u00fdmi cestami, hust\u0161\u00edm provozem, sv\u00e1te\u010dn\u00edmi \u0159idi\u010di a&nbsp;hlavn\u011b s&nbsp;v\u0161udyp\u0159\u00edtomn\u00fdm horkem. Za&nbsp;j\u00edzdy vy\u017eene hork\u00fd vzduch z&nbsp;auta <a href=\"https:\/\/www.srovnator.cz\/clanky\/chyby-ktere-bezne-delame-pri-pouzivani-klimatizace\/\">klimatizace<\/a> nebo otev\u0159en\u00e1 ok\u00e9nka. P\u0159\u00edm\u00e9 poledn\u00ed slunce m\u016f\u017ee ale interi\u00e9r zaparkovan\u00e9ho auta rozp\u00e1lit a\u017e na&nbsp;70\u00b0C. Dob\u0159e si proto rozmyslete, kter\u00e9&nbsp;v\u011bci ve&nbsp;vozidle nech\u00e1te, kdy\u017e&nbsp;ho zaparkujete na&nbsp;p\u0159\u00edm\u00e9m letn\u00edm slunci.<\/strong><\/p>\n<img decoding=\"async\" width=\"770\" height=\"513\" src=\"https:\/\/storage.googleapis.com\/wp-resources\/srovnator.cz\/ng\/2022\/06\/7d19f341-zapomenute-veci-v-lete-ve-vozidle-770x513.jpg\" class=\" wp-post-image wp-stateless-item\" alt=\"Jak\u00e9 nebezpe\u010d\u00ed p\u0159edstavuj\u00ed zapomenut\u00e9 v\u011bci v rozp\u00e1len\u00e9m vozidle?\" title=\"Jak\u00e9 nebezpe\u010d\u00ed p\u0159edstavuj\u00ed zapomenut\u00e9 v\u011bci v rozp\u00e1len\u00e9m vozidle?\" srcset=\"https:\/\/storage.googleapis.com\/wp-resources\/srovnator.cz\/ng\/2022\/06\/7d19f341-zapomenute-veci-v-lete-ve-vozidle-770x513.jpg 770w, https:\/\/storage.googleapis.com\/wp-resources\/srovnator.cz\/ng\/2022\/06\/7d19f341-zapomenute-veci-v-lete-ve-vozidle.jpg 1280w\" sizes=\"(max-width: 770px) 100vw, 770px\" data-image-size=\"medium\" data-stateless-media-bucket=\"wp-resources\" data-stateless-media-name=\"srovnator.cz\/ng\/2022\/06\/7d19f341-zapomenute-veci-v-lete-ve-vozidle.jpg\" \/>\n<p>V&nbsp;zaparkovan\u00e9m aut\u011b uprost\u0159ed hork\u00e9ho letn\u00edho dne je&nbsp;toti\u017e nebezpe\u010dn\u00e9 nech\u00e1vat nejen v\u011bci, u&nbsp;kter\u00fdch je&nbsp;riziko z\u0159ejm\u00e9, ale tak\u00e9 zcela b\u011b\u017en\u00e9 v\u011bci, kter\u00e9&nbsp;\u010dastokr\u00e1t s&nbsp;klidn\u00fdm sv\u011bdom\u00edm v&nbsp;aut\u011b nech\u00e1v\u00e1me. N\u011bkter\u00e9 mohou na&nbsp;slunci v&nbsp;nejhor\u0161\u00edm p\u0159\u00edpad\u011b explodovat, u&nbsp;jin\u00fdch hroz\u00ed \u201cjen\u201d ztr\u00e1ta p\u016fvodn\u00edch vlastnost\u00ed a&nbsp;\u00fa\u010dinnosti. Jak\u00fdm p\u0159edm\u011bt\u016fm byste tedy p\u0159ed&nbsp;opu\u0161t\u011bn\u00edm zaparkovan\u00e9ho vozidla m\u011bli v\u011bnovat pozornost?<\/p>\n<h2>L\u00e9ky<\/h2>\n<p>Z\u00e1soba alespo\u0148 z\u00e1kladn\u00edch l\u00e9k\u016f je&nbsp;sou\u010d\u00e1st\u00ed ka\u017ed\u00e9 cestovn\u00ed l\u00e9k\u00e1rni\u010dky. U&nbsp;v\u011bt\u0161iny l\u00e9k\u016f je&nbsp;doporu\u010den\u00e1 teplota skladov\u00e1n\u00ed do&nbsp;25\u00b0C, proto\u017ee p\u0159i&nbsp;vysok\u00e9m zah\u0159\u00e1t\u00ed ztr\u00e1c\u00ed svou \u00fa\u010dinnost. L\u00e9k\u016fm proto v&nbsp;\u017e\u00e1dn\u00e9m p\u0159\u00edpad\u011b nesv\u011bd\u010d\u00ed p\u0159\u00edm\u00e9 slunce, nem\u011bly by&nbsp;ale z\u016fst\u00e1vat ani jinde v&nbsp;rozp\u00e1len\u00e9m vozidle. Ide\u00e1ln\u00ed je&nbsp;vz\u00edt si je&nbsp;s&nbsp;sebou.<\/p>\n<h2>Spreje, zapalova\u010de<\/h2>\n<p>Vysok\u00e9mu zah\u0159\u00e1t\u00ed je&nbsp;nutn\u00e9 zabr\u00e1nit tak\u00e9 v&nbsp;p\u0159\u00edpad\u011b sprej\u016f, rozpra\u0161ova\u010d\u016f s&nbsp;aerosolem, plynov\u00fdch zapalova\u010d\u016f \u010di&nbsp;plynov\u00fdch bomb. Jakmile u&nbsp;nich zah\u0159\u00e1t\u00ed dos\u00e1hne ur\u010dit\u00e9 teploty, mohou explodovat. V\u0161echny tyto p\u0159edm\u011bty proto z&nbsp;auta v&nbsp;hork\u00e9m letn\u00edm dni vyndejte.<\/p>\n<h2>Voda a&nbsp;potraviny<\/h2>\n<p>Potraviny, kter\u00e9&nbsp;v&nbsp;hork\u00e9m aut\u011b nech\u00e1te, mohou podlehnout zk\u00e1ze a&nbsp;nemus\u00ed b\u00fdt bezpe\u010dn\u00e9 je&nbsp;konzumovat. Ani zapomenut\u00e9 n\u00e1poje, kter\u00e9&nbsp;slunce oh\u0159\u00e1lo, u\u017e v\u00e1m pravd\u011bpodobn\u011b nebudou chutnat. Pokud jsou nav\u00edc v&nbsp;plastov\u00fdch lahv\u00edch, mohou se&nbsp;do&nbsp;nich z&nbsp;plastu uvol\u0148ovat \u0161kodliv\u00e9 l\u00e1tky (BPA), kter\u00e9&nbsp;maj\u00ed negativn\u00ed vliv na&nbsp;zdrav\u00ed.<\/p>\n<p>Plastov\u00e1 lahev s&nbsp;\u010distou vodou, na&nbsp;kterou v&nbsp;aut\u011b dopadaj\u00ed slune\u010dn\u00ed paprsky, m\u016f\u017ee dokonce za&nbsp;ur\u010dit\u00fdch okolnost\u00ed zp\u016fsobit i&nbsp;po\u017e\u00e1r. M\u016f\u017ee toti\u017e zafungovat jako lupa \u2013 paprsky se&nbsp;spoj\u00ed v&nbsp;jeden bod a&nbsp;vytvo\u0159\u00ed teplotu a\u017e 120\u00b0C. Americk\u00fdm hasi\u010d\u016fm se&nbsp;takto poda\u0159ilo zap\u00e1lit pap\u00edr.<\/p>\n<h2>Elektronika<\/h2>\n<p>V&nbsp;aut\u011b si voz\u00edme tak\u00e9 nejr\u016fzn\u011bj\u0161\u00ed elektronick\u00e1 za\u0159\u00edzen\u00ed \u2013 chytr\u00fd telefon pou\u017e\u00edv\u00e1me jako navigaci a&nbsp;d\u011btem d\u00e1me do&nbsp;rukou tablet, kter\u00fd&nbsp;nabijeme prost\u0159ednictv\u00edm powerbanky. Bateri\u00edm v&nbsp;t\u011bchto za\u0159\u00edzen\u00edch vysok\u00e9 teploty nad&nbsp;35\u00b0C rozhodn\u011b neprosp\u00edvaj\u00ed. Pokud je&nbsp;nav\u00edc nab\u00edj\u00edte v&nbsp;aut\u011b a&nbsp;nab\u00edje\u010dku neodpoj\u00edte, vlivem extr\u00e9mn\u00edho horka ve&nbsp;vozidle m\u016f\u017ee doj\u00edt k&nbsp;rychlej\u0161\u00edmu nab\u00edjen\u00ed baterie a&nbsp;v&nbsp;krajn\u00edm p\u0159\u00edpad\u011b pozd\u011bji i&nbsp;k&nbsp;v\u00fdbuchu a&nbsp;po\u017e\u00e1ru vozidla. Drah\u00e9 technick\u00e9 dopl\u0148ky se&nbsp;v&nbsp;aut\u011b nevyplat\u00ed nech\u00e1vat tak\u00e9 kv\u016fli p\u0159\u00edpadn\u00fdm zlod\u011bj\u016fm.<\/p>\n<h2>Opalovac\u00ed kr\u00e9my<\/h2>\n<p>Tak\u00e9 r\u016fzn\u00e9 kosmetick\u00e9 nezbytnosti se&nbsp;mohou v&nbsp;rozp\u00e1len\u00e9m aut\u011b roztopit, \u010d\u00edm\u017e m\u016f\u017ee utrp\u011bt jejich kvalita. V&nbsp;l\u00e9t\u011b jsou typick\u00fdm p\u0159\u00edkladem opalovac\u00ed kr\u00e9my, kter\u00e9&nbsp;si s&nbsp;sebou voz\u00edme proto, aby&nbsp;ochr\u00e1nily na\u0161i poko\u017eku. Pokud ov\u0161em kr\u00e9m na&nbsp;opalov\u00e1n\u00ed z\u016fstane p\u00e1r hodin uvnit\u0159 rozp\u00e1len\u00e9ho auta, na&nbsp;jeho \u00fa\u010dinnost a&nbsp;spolehlivost se&nbsp;ji\u017e nelze spol\u00e9hat.<\/p>\n<h2>\u017div\u00e9 organismy<\/h2>\n<p>&nbsp;<\/p>\n<p><img decoding=\"async\" src=\"https:\/\/storage.googleapis.com\/wp-resources\/srovnator.cz\/2021\/10\/zapomenute-veci-v-lete-ve-vozidle2-770x512.jpg\" alt=\"Pes v aut\u011b\" width=\"100%\" \/><\/p>\n<p>To&nbsp;nejd\u016fle\u017eit\u011bj\u0161\u00ed na&nbsp;z\u00e1v\u011br \u2013 v&nbsp;aut\u011b v&nbsp;l\u00e9t\u011b v&nbsp;\u017e\u00e1dn\u00e9m p\u0159\u00edpad\u011b nenech\u00e1vejte cokoliv \u017eiv\u00e9ho. Plat\u00ed to&nbsp;pro&nbsp;rostliny, zv\u00ed\u0159ata a&nbsp;p\u0159edev\u0161\u00edm pro&nbsp;mal\u00e9 d\u011bti. Pootev\u0159en\u00e9 ok\u00e9nko nedok\u00e1\u017ee interi\u00e9r dostate\u010dn\u011b zchladit a&nbsp;ji\u017e v&nbsp;mnoha p\u0159\u00edpadech m\u011bla tato nedbalost tragick\u00e9 n\u00e1sledky.<\/p>\n","protected":false},"excerpt":{"rendered":"<p>L\u00e9ky, spreje i oby\u010dejn\u00e1 lahev s vodou &#8211; tyto a dal\u0161\u00ed p\u0159edm\u011bty mohou v kombinaci s rozp\u00e1len\u00fdm autem p\u0159edstavovat ur\u010dit\u00e9 riziko. Pro\u010d by nem\u011bly v aut\u011b z\u016fst\u00e1vat?<\/p>\n","protected":false},"author":7,"featured_media":4959,"comment_status":"closed","ping_status":"closed","sticky":false,"template":"","format":"standard","meta":{"_acf_changed":false,"footnotes":""},"categories":[1],"tags":[672,757,622,620,759,488],"class_list":["post-4958","post","type-post","status-publish","format-standard","has-post-thumbnail","hentry","category-ostatni","tag-leto","tag-nebezpeci","tag-ochrana","tag-riziko","tag-teplo","tag-vozidlo"],"acf":{"znacka":"","model":"","objem":"","vyrobeno":"","vykon":"","velikost_1":"","velikost_2":"","velikost_3":"","velikost_4":"","roky":"","roky_velikost_1":"","roky_velikost_2":"","roky_velikost_3":"","roky_velikost_4":"","pocet_kalkulaci":0,"page_post_meta_bread":"Zapomenut\u00e9 v\u011bci v l\u00e9t\u011b ve vozidle","page_post_meta_bread_child":"","page_post_meta_script_head":"","page_post_meta_leaving_screen":"cat"},"yoast_head":"<!-- This site is optimized with the Yoast SEO plugin v25.5 - https:\/\/yoast.com\/wordpress\/plugins\/seo\/ -->\n<title>Zapomenut\u00e9 v\u011bci v l\u00e9t\u011b ve vozidle - Srovn\u00e1tor.cz<\/title>\n<meta name=\"description\" content=\"L\u00e9ky, spreje i oby\u010dejn\u00e1 lahev s vodou - tyto a dal\u0161\u00ed p\u0159edm\u011bty mohou v kombinaci s rozp\u00e1len\u00fdm autem p\u0159edstavovat ur\u010dit\u00e9 riziko. Pro\u010d by nem\u011bly v aut\u011b z\u016fst\u00e1vat?\" \/>\n<meta name=\"robots\" content=\"index, follow, max-snippet:-1, max-image-preview:large, max-video-preview:-1\" \/>\n<link rel=\"canonical\" href=\"https:\/\/www.srovnator.cz\/clanky\/zapomenute-veci-v-lete-ve-vozidle\/\" \/>\n<meta property=\"og:locale\" content=\"cs_CZ\" \/>\n<meta property=\"og:type\" content=\"article\" \/>\n<meta property=\"og:title\" content=\"Zapomenut\u00e9 v\u011bci v l\u00e9t\u011b ve vozidle - Srovn\u00e1tor.cz\" \/>\n<meta property=\"og:description\" content=\"L\u00e9ky, spreje i oby\u010dejn\u00e1 lahev s vodou - tyto a dal\u0161\u00ed p\u0159edm\u011bty mohou v kombinaci s rozp\u00e1len\u00fdm autem p\u0159edstavovat ur\u010dit\u00e9 riziko. Pro\u010d by nem\u011bly v aut\u011b z\u016fst\u00e1vat?\" \/>\n<meta property=\"og:url\" content=\"https:\/\/www.srovnator.cz\/clanky\/zapomenute-veci-v-lete-ve-vozidle\/\" \/>\n<meta property=\"og:site_name\" content=\"Srovn\u00e1tor.cz\" \/>\n<meta property=\"article:publisher\" content=\"https:\/\/www.facebook.com\/srovnator\/\" \/>\n<meta property=\"article:published_time\" content=\"2020-07-24T04:18:50+00:00\" \/>\n<meta property=\"article:modified_time\" content=\"2024-06-24T05:57:25+00:00\" \/>\n<meta property=\"og:image\" content=\"https:\/\/storage.googleapis.com\/wp-resources\/srovnator.cz\/ng\/2022\/06\/7d19f341-zapomenute-veci-v-lete-ve-vozidle.jpg\" \/>\n\t<meta property=\"og:image:width\" content=\"1280\" \/>\n\t<meta property=\"og:image:height\" content=\"853\" \/>\n\t<meta property=\"og:image:type\" content=\"image\/jpeg\" \/>\n<meta name=\"author\" content=\"Martin Straka\" \/>\n<meta name=\"twitter:card\" content=\"summary_large_image\" \/>\n<meta name=\"twitter:creator\" content=\"@Srovnator_czech\" \/>\n<meta name=\"twitter:site\" content=\"@Srovnator_czech\" \/>\n<meta name=\"twitter:label1\" content=\"Written by\" \/>\n\t<meta name=\"twitter:data1\" content=\"Martin Straka\" \/>\n\t<meta name=\"twitter:label2\" content=\"Est. reading time\" \/>\n\t<meta name=\"twitter:data2\" content=\"4 minutes\" \/>\n<script type=\"application\/ld+json\" class=\"yoast-schema-graph\">{\"@context\":\"https:\/\/schema.org\",\"@graph\":[{\"@type\":\"WebPage\",\"@id\":\"https:\/\/www.srovnator.cz\/clanky\/zapomenute-veci-v-lete-ve-vozidle\/\",\"url\":\"https:\/\/www.srovnator.cz\/clanky\/zapomenute-veci-v-lete-ve-vozidle\/\",\"name\":\"Zapomenut\u00e9 v\u011bci v l\u00e9t\u011b ve vozidle - Srovn\u00e1tor.cz\",\"isPartOf\":{\"@id\":\"https:\/\/www.srovnator.cz\/#website\"},\"primaryImageOfPage\":{\"@id\":\"https:\/\/www.srovnator.cz\/clanky\/zapomenute-veci-v-lete-ve-vozidle\/#primaryimage\"},\"image\":{\"@id\":\"https:\/\/www.srovnator.cz\/clanky\/zapomenute-veci-v-lete-ve-vozidle\/#primaryimage\"},\"thumbnailUrl\":\"https:\/\/storage.googleapis.com\/wp-resources\/srovnator.cz\/ng\/2022\/06\/7d19f341-zapomenute-veci-v-lete-ve-vozidle.jpg\",\"datePublished\":\"2020-07-24T04:18:50+00:00\",\"dateModified\":\"2024-06-24T05:57:25+00:00\",\"author\":{\"@id\":\"https:\/\/www.srovnator.cz\/#\/schema\/person\/f2be3ec81eda7dd06cf658cc9aa974ff\"},\"description\":\"L\u00e9ky, spreje i oby\u010dejn\u00e1 lahev s vodou - tyto a dal\u0161\u00ed p\u0159edm\u011bty mohou v kombinaci s rozp\u00e1len\u00fdm autem p\u0159edstavovat ur\u010dit\u00e9 riziko. Pro\u010d by nem\u011bly v aut\u011b z\u016fst\u00e1vat?\",\"inLanguage\":\"cs-CZ\",\"potentialAction\":[{\"@type\":\"ReadAction\",\"target\":[\"https:\/\/www.srovnator.cz\/clanky\/zapomenute-veci-v-lete-ve-vozidle\/\"]}]},{\"@type\":\"ImageObject\",\"inLanguage\":\"cs-CZ\",\"@id\":\"https:\/\/www.srovnator.cz\/clanky\/zapomenute-veci-v-lete-ve-vozidle\/#primaryimage\",\"url\":\"https:\/\/storage.googleapis.com\/wp-resources\/srovnator.cz\/ng\/2022\/06\/7d19f341-zapomenute-veci-v-lete-ve-vozidle.jpg\",\"contentUrl\":\"https:\/\/storage.googleapis.com\/wp-resources\/srovnator.cz\/ng\/2022\/06\/7d19f341-zapomenute-veci-v-lete-ve-vozidle.jpg\",\"width\":1280,\"height\":853,\"caption\":\"Auto pod palmou\"},{\"@type\":\"WebSite\",\"@id\":\"https:\/\/www.srovnator.cz\/#website\",\"url\":\"https:\/\/www.srovnator.cz\/\",\"name\":\"Srovn\u00e1tor.cz\",\"description\":\"\",\"potentialAction\":[{\"@type\":\"SearchAction\",\"target\":{\"@type\":\"EntryPoint\",\"urlTemplate\":\"https:\/\/www.srovnator.cz\/?s={search_term_string}\"},\"query-input\":{\"@type\":\"PropertyValueSpecification\",\"valueRequired\":true,\"valueName\":\"search_term_string\"}}],\"inLanguage\":\"cs-CZ\"},{\"@type\":\"Person\",\"@id\":\"https:\/\/www.srovnator.cz\/#\/schema\/person\/f2be3ec81eda7dd06cf658cc9aa974ff\",\"name\":\"Martin Straka\",\"image\":{\"@type\":\"ImageObject\",\"inLanguage\":\"cs-CZ\",\"@id\":\"https:\/\/www.srovnator.cz\/#\/schema\/person\/image\/\",\"url\":\"https:\/\/secure.gravatar.com\/avatar\/e91ecfaa01852a8f16b9f65e2ab5c2102d2bb71b2b029fd130ff6c5d21492f36?s=96&d=mm&r=g\",\"contentUrl\":\"https:\/\/secure.gravatar.com\/avatar\/e91ecfaa01852a8f16b9f65e2ab5c2102d2bb71b2b029fd130ff6c5d21492f36?s=96&d=mm&r=g\",\"caption\":\"Martin Straka\"},\"description\":\"Martin Straka je \u0159editelem klientsk\u00e9ho centra a p\u00e9\u010de o z\u00e1kazn\u00edky. Se sv\u00fdm t\u00fdmem poskytuje z\u00e1kazn\u00edk\u016fm Srovn\u00e1tor.cz \u0161pi\u010dkov\u00fd servis a dohl\u00ed\u017e\u00ed na to, aby na\u0161e procesy byly efektivn\u00ed a z\u00e1kazn\u00edci byli spokojen\u00ed nejen p\u0159i sjedn\u00e1n\u00ed nov\u00e9ho produktu, ale i kdykoliv pot\u0159ebuj\u00ed s n\u011b\u010d\u00edm pomoci. Jeho \u010dl\u00e1nky informuj\u00ed nejen o nejnov\u011bj\u0161\u00edch trendech a aktu\u00e1ln\u00edch t\u00e9matech, ale p\u0159in\u00e1\u0161\u00ed i praktick\u00e9 a zaj\u00edmav\u00e9 tipy z r\u016fzn\u00fdch oblast\u00ed b\u011b\u017en\u00e9ho \u017eivota.\",\"url\":\"https:\/\/www.srovnator.cz\/autori\/martin-straka\/\"}]}<\/script>\n<!-- \/ Yoast SEO plugin. -->","yoast_head_json":{"title":"Zapomenut\u00e9 v\u011bci v l\u00e9t\u011b ve vozidle - Srovn\u00e1tor.cz","description":"L\u00e9ky, spreje i oby\u010dejn\u00e1 lahev s vodou - tyto a dal\u0161\u00ed p\u0159edm\u011bty mohou v kombinaci s rozp\u00e1len\u00fdm autem p\u0159edstavovat ur\u010dit\u00e9 riziko. Pro\u010d by nem\u011bly v aut\u011b z\u016fst\u00e1vat?","robots":{"index":"index","follow":"follow","max-snippet":"max-snippet:-1","max-image-preview":"max-image-preview:large","max-video-preview":"max-video-preview:-1"},"canonical":"https:\/\/www.srovnator.cz\/clanky\/zapomenute-veci-v-lete-ve-vozidle\/","og_locale":"cs_CZ","og_type":"article","og_title":"Zapomenut\u00e9 v\u011bci v l\u00e9t\u011b ve vozidle - Srovn\u00e1tor.cz","og_description":"L\u00e9ky, spreje i oby\u010dejn\u00e1 lahev s vodou - tyto a dal\u0161\u00ed p\u0159edm\u011bty mohou v kombinaci s rozp\u00e1len\u00fdm autem p\u0159edstavovat ur\u010dit\u00e9 riziko. Pro\u010d by nem\u011bly v aut\u011b z\u016fst\u00e1vat?","og_url":"https:\/\/www.srovnator.cz\/clanky\/zapomenute-veci-v-lete-ve-vozidle\/","og_site_name":"Srovn\u00e1tor.cz","article_publisher":"https:\/\/www.facebook.com\/srovnator\/","article_published_time":"2020-07-24T04:18:50+00:00","article_modified_time":"2024-06-24T05:57:25+00:00","og_image":[{"width":1280,"height":853,"url":"https:\/\/storage.googleapis.com\/wp-resources\/srovnator.cz\/ng\/2022\/06\/7d19f341-zapomenute-veci-v-lete-ve-vozidle.jpg","type":"image\/jpeg"}],"author":"Martin Straka","twitter_card":"summary_large_image","twitter_creator":"@Srovnator_czech","twitter_site":"@Srovnator_czech","twitter_misc":{"Written by":"Martin Straka","Est. reading time":"4 minutes"},"schema":{"@context":"https:\/\/schema.org","@graph":[{"@type":"WebPage","@id":"https:\/\/www.srovnator.cz\/clanky\/zapomenute-veci-v-lete-ve-vozidle\/","url":"https:\/\/www.srovnator.cz\/clanky\/zapomenute-veci-v-lete-ve-vozidle\/","name":"Zapomenut\u00e9 v\u011bci v l\u00e9t\u011b ve vozidle - Srovn\u00e1tor.cz","isPartOf":{"@id":"https:\/\/www.srovnator.cz\/#website"},"primaryImageOfPage":{"@id":"https:\/\/www.srovnator.cz\/clanky\/zapomenute-veci-v-lete-ve-vozidle\/#primaryimage"},"image":{"@id":"https:\/\/www.srovnator.cz\/clanky\/zapomenute-veci-v-lete-ve-vozidle\/#primaryimage"},"thumbnailUrl":"https:\/\/storage.googleapis.com\/wp-resources\/srovnator.cz\/ng\/2022\/06\/7d19f341-zapomenute-veci-v-lete-ve-vozidle.jpg","datePublished":"2020-07-24T04:18:50+00:00","dateModified":"2024-06-24T05:57:25+00:00","author":{"@id":"https:\/\/www.srovnator.cz\/#\/schema\/person\/f2be3ec81eda7dd06cf658cc9aa974ff"},"description":"L\u00e9ky, spreje i oby\u010dejn\u00e1 lahev s vodou - tyto a dal\u0161\u00ed p\u0159edm\u011bty mohou v kombinaci s rozp\u00e1len\u00fdm autem p\u0159edstavovat ur\u010dit\u00e9 riziko. Pro\u010d by nem\u011bly v aut\u011b z\u016fst\u00e1vat?","inLanguage":"cs-CZ","potentialAction":[{"@type":"ReadAction","target":["https:\/\/www.srovnator.cz\/clanky\/zapomenute-veci-v-lete-ve-vozidle\/"]}]},{"@type":"ImageObject","inLanguage":"cs-CZ","@id":"https:\/\/www.srovnator.cz\/clanky\/zapomenute-veci-v-lete-ve-vozidle\/#primaryimage","url":"https:\/\/storage.googleapis.com\/wp-resources\/srovnator.cz\/ng\/2022\/06\/7d19f341-zapomenute-veci-v-lete-ve-vozidle.jpg","contentUrl":"https:\/\/storage.googleapis.com\/wp-resources\/srovnator.cz\/ng\/2022\/06\/7d19f341-zapomenute-veci-v-lete-ve-vozidle.jpg","width":1280,"height":853,"caption":"Auto pod palmou"},{"@type":"WebSite","@id":"https:\/\/www.srovnator.cz\/#website","url":"https:\/\/www.srovnator.cz\/","name":"Srovn\u00e1tor.cz","description":"","potentialAction":[{"@type":"SearchAction","target":{"@type":"EntryPoint","urlTemplate":"https:\/\/www.srovnator.cz\/?s={search_term_string}"},"query-input":{"@type":"PropertyValueSpecification","valueRequired":true,"valueName":"search_term_string"}}],"inLanguage":"cs-CZ"},{"@type":"Person","@id":"https:\/\/www.srovnator.cz\/#\/schema\/person\/f2be3ec81eda7dd06cf658cc9aa974ff","name":"Martin Straka","image":{"@type":"ImageObject","inLanguage":"cs-CZ","@id":"https:\/\/www.srovnator.cz\/#\/schema\/person\/image\/","url":"https:\/\/secure.gravatar.com\/avatar\/e91ecfaa01852a8f16b9f65e2ab5c2102d2bb71b2b029fd130ff6c5d21492f36?s=96&d=mm&r=g","contentUrl":"https:\/\/secure.gravatar.com\/avatar\/e91ecfaa01852a8f16b9f65e2ab5c2102d2bb71b2b029fd130ff6c5d21492f36?s=96&d=mm&r=g","caption":"Martin Straka"},"description":"Martin Straka je \u0159editelem klientsk\u00e9ho centra a p\u00e9\u010de o z\u00e1kazn\u00edky. Se sv\u00fdm t\u00fdmem poskytuje z\u00e1kazn\u00edk\u016fm Srovn\u00e1tor.cz \u0161pi\u010dkov\u00fd servis a dohl\u00ed\u017e\u00ed na to, aby na\u0161e procesy byly efektivn\u00ed a z\u00e1kazn\u00edci byli spokojen\u00ed nejen p\u0159i sjedn\u00e1n\u00ed nov\u00e9ho produktu, ale i kdykoliv pot\u0159ebuj\u00ed s n\u011b\u010d\u00edm pomoci. Jeho \u010dl\u00e1nky informuj\u00ed nejen o nejnov\u011bj\u0161\u00edch trendech a aktu\u00e1ln\u00edch t\u00e9matech, ale p\u0159in\u00e1\u0161\u00ed i praktick\u00e9 a zaj\u00edmav\u00e9 tipy z r\u016fzn\u00fdch oblast\u00ed b\u011b\u017en\u00e9ho \u017eivota.","url":"https:\/\/www.srovnator.cz\/autori\/martin-straka\/"}]}},"amp_enabled":true,"_links":{"self":[{"href":"https:\/\/www.srovnator.cz\/rest_api\/wp\/v2\/posts\/4958","targetHints":{"allow":["GET"]}}],"collection":[{"href":"https:\/\/www.srovnator.cz\/rest_api\/wp\/v2\/posts"}],"about":[{"href":"https:\/\/www.srovnator.cz\/rest_api\/wp\/v2\/types\/post"}],"author":[{"embeddable":true,"href":"https:\/\/www.srovnator.cz\/rest_api\/wp\/v2\/users\/7"}],"replies":[{"embeddable":true,"href":"https:\/\/www.srovnator.cz\/rest_api\/wp\/v2\/comments?post=4958"}],"version-history":[{"count":1,"href":"https:\/\/www.srovnator.cz\/rest_api\/wp\/v2\/posts\/4958\/revisions"}],"predecessor-version":[{"id":10149,"href":"https:\/\/www.srovnator.cz\/rest_api\/wp\/v2\/posts\/4958\/revisions\/10149"}],"wp:featuredmedia":[{"embeddable":true,"href":"https:\/\/www.srovnator.cz\/rest_api\/wp\/v2\/media\/4959"}],"wp:attachment":[{"href":"https:\/\/www.srovnator.cz\/rest_api\/wp\/v2\/media?parent=4958"}],"wp:term":[{"taxonomy":"category","embeddable":true,"href":"https:\/\/www.srovnator.cz\/rest_api\/wp\/v2\/categories?post=4958"},{"taxonomy":"post_tag","embeddable":true,"href":"https:\/\/www.srovnator.cz\/rest_api\/wp\/v2\/tags?post=4958"}],"curies":[{"name":"wp","href":"https:\/\/api.w.org\/{rel}","templated":true}]}}