{"id":5053,"date":"2021-01-20T06:47:51","date_gmt":"2021-01-20T05:47:51","guid":{"rendered":"https:\/\/www.srovnator.cz\/clanky\/ostatni\/rallye-dakar\/"},"modified":"2024-06-24T07:50:23","modified_gmt":"2024-06-24T05:50:23","slug":"rallye-dakar","status":"publish","type":"post","link":"https:\/\/www.srovnator.cz\/clanky\/rallye-dakar\/","title":{"rendered":"Off-road vozidla a motocykly, profesion\u00e1lov\u00e9 i amat\u00e9r\u0161t\u00ed z\u00e1vodn\u00edci \u2013 to je Rallye Dakar"},"content":{"rendered":"<p><strong>O&nbsp;Rallye Dakar sly\u0161el nejsp\u00ed\u0161 ka\u017ed\u00fd \u2013 a&nbsp;to&nbsp;jist\u011b i&nbsp;lid\u00e9, mezi jejich\u017e kon\u00ed\u010dky automobily a&nbsp;motocykly nepat\u0159\u00ed. Jedn\u00e1 se&nbsp;o&nbsp;vytrvalostn\u00ed z\u00e1vod off-road vozidel, ve&nbsp;kter\u00e9m dominuj\u00ed speci\u00e1ln\u011b upraven\u00e1 ter\u00e9nn\u00ed vozidla. Drtiv\u00e1 v\u011bt\u0161ina \u00fasek\u016f vede t\u011b\u017ek\u00fdm ter\u00e9nem, jako jsou p\u00edse\u010dn\u00e9 duny, skaln\u00ed \u00faseky a&nbsp;podobn\u011b. Z\u00e1vod je&nbsp;organizov\u00e1n A.S.O. (Amaury Sport Organisation) \u2013 spole\u010dnost\u00ed, kter\u00e1&nbsp;vlastn\u00ed, pl\u00e1nuje a&nbsp;organizuje vrcholov\u00e9 mezin\u00e1rodn\u00ed z\u00e1vody.<\/strong><\/p>\n<img decoding=\"async\" width=\"770\" height=\"513\" src=\"https:\/\/storage.googleapis.com\/wp-resources\/srovnator.cz\/ng\/2022\/06\/75b3e2ab-rallye-dakar3-770x513.jpg\" class=\" wp-post-image wp-stateless-item\" alt=\"Off-road vozidla a motocykly, profesion\u00e1lov\u00e9 i amat\u00e9r\u0161t\u00ed z\u00e1vodn\u00edci \u2013 to je Rallye Dakar\" title=\"Off-road vozidla a motocykly, profesion\u00e1lov\u00e9 i amat\u00e9r\u0161t\u00ed z\u00e1vodn\u00edci \u2013 to je Rallye Dakar\" srcset=\"https:\/\/storage.googleapis.com\/wp-resources\/srovnator.cz\/ng\/2022\/06\/75b3e2ab-rallye-dakar3-770x513.jpg 770w, https:\/\/storage.googleapis.com\/wp-resources\/srovnator.cz\/ng\/2022\/06\/75b3e2ab-rallye-dakar3.jpg 1000w\" sizes=\"(max-width: 770px) 100vw, 770px\" data-image-size=\"medium\" data-stateless-media-bucket=\"wp-resources\" data-stateless-media-name=\"srovnator.cz\/ng\/2022\/06\/75b3e2ab-rallye-dakar3.jpg\" \/>\n<h2>Ztracen v&nbsp;pou\u0161ti aneb vznik Dakaru<\/h2>\n<p>My\u0161lenka Dakaru se&nbsp;zrodila dva roky p\u0159ed&nbsp;prvn\u00edm ro\u010dn\u00edkem toho z\u00e1vodu. Thierry Sabine, tehdej\u0161\u00ed motocyklov\u00fd z\u00e1vodn\u00edk, se&nbsp;v&nbsp;roce&nbsp;1977&nbsp;ztratil v&nbsp;pou\u0161ti p\u0159i&nbsp;d\u00e1lkov\u00e9m z\u00e1vod\u011b Abidjan-Nice. Pou\u0161t\u00ed bloudil cel\u00e9 t\u0159i dny, proto se&nbsp;po&nbsp;t\u00e9to zku\u0161enosti rozhodl uspo\u0159\u00e1dat d\u00e1lkov\u00fd z\u00e1vod nap\u0159\u00ed\u010d Afrikou. Zalo\u017eil si spole\u010dnost T.S.O. \u2013 Thierry Sabine Organisation \u2013 a&nbsp;v&nbsp;roce&nbsp;1979&nbsp;zorganizoval prvn\u00ed z\u00e1vod Rallye Dakar. Startovn\u00edm m\u011bstem byla francouzsk\u00e1 Pa\u0159\u00ed\u017e a&nbsp;c\u00edl p\u0159edstavoval Dakar, hlavn\u00ed m\u011bsto Senegalu.<\/p>\n<p>D\u00edky r\u016fzn\u00fdm faktor\u016fm, zejm\u00e9na kv\u016fli m\u011bn\u00edc\u00ed se&nbsp;politick\u00e9 situaci, se&nbsp;v&nbsp;pr\u016fb\u011bhu let startovn\u00ed m\u00edsta m\u011bnila, stejn\u011b tak&nbsp;i&nbsp;c\u00edle a&nbsp;cel\u00e1 trasa Dakaru. V&nbsp;roce&nbsp;2008&nbsp;byl&nbsp;dokonce z\u00e1vod kv\u016fli teroristick\u00fdm \u00fatok\u016fm zru\u0161en, \u010d\u00edm\u017e byla p\u0159eru\u0161ena dlouh\u00e1 s\u00e9rie po&nbsp;sob\u011b n\u00e1sleduj\u00edc\u00edch ro\u010dn\u00edk\u016f Rallye Dakar. V&nbsp;roce&nbsp;2009&nbsp;se&nbsp;z\u00e1vod op\u011bt uspo\u0159\u00e1dal. Leto\u0161n\u00ed rok se&nbsp;tedy jel ji\u017e 41. ro\u010dn\u00edk, kter\u00fd&nbsp;prob\u011bhl od&nbsp;1. do&nbsp;15.&nbsp;ledna.<\/p>\n<h2>Rallye Dakar 2021<\/h2>\n<p><img decoding=\"async\" src=\"https:\/\/storage.googleapis.com\/wp-resources\/srovnator.cz\/2021\/10\/rallye-dakar2-770x641.jpg\" alt=\"Trasa Dakaru 2021\" width=\"100%\" \/><br \/>\n<small>zdroj: dakar.com<\/small><\/p>\n<p>Cel\u00e1 trasa leto\u0161n\u00edho ro\u010dn\u00edku se&nbsp;rozprost\u00edrala na&nbsp;\u00fazem\u00ed Saudsk\u00e9 Ar\u00e1bie a&nbsp;byla rozd\u011blena celkem do&nbsp;12&nbsp;etap. Z\u00e1vod se&nbsp;tak\u00e9 do\u010dkal novinky v&nbsp;podob\u011b prologu, jen\u017e ur\u010dil startovn\u00ed postaven\u00ed z\u00e1vodn\u00edk\u016f. Celkov\u011b trasa m\u011b\u0159ila 7&nbsp;658&nbsp;kilometr\u016f, z&nbsp;nich\u017e 4&nbsp;778&nbsp;kilometr\u016f bylo vyps\u00e1no jako m\u011b\u0159en\u00fdch:<\/p>\n<div class=\"table-responsive\">\n<table class=\"table table-striped table-borderless\">\n<thead>\n<tr>\n<th>Datum<\/th>\n<th>Trasa<\/th>\n<th>Kilometry (m\u011b\u0159en\u00e9 kilometry)<\/th>\n<\/tr>\n<\/thead>\n<tbody>\n<tr>\n<td>2.1.<\/td>\n<td>Prolog: D\u017eidda-D\u017eidda<\/td>\n<td>11&nbsp;km<\/td>\n<\/tr>\n<tr>\n<td>3.&nbsp;1.<\/td>\n<td>D\u017eidda-Bi\u0161a<\/td>\n<td>622&nbsp;km (227&nbsp;km)<\/td>\n<\/tr>\n<tr>\n<td>4.&nbsp;1.<\/td>\n<td>Bi\u0161a-Vad\u00ed d-Dav\u00e1sir<\/td>\n<td>685&nbsp;km (457&nbsp;km)<\/td>\n<\/tr>\n<tr>\n<td>5.&nbsp;1.<\/td>\n<td>Vad\u00ed d-Dav\u00e1sir-Vad\u00ed d-Dav\u00edsir<\/td>\n<td>630&nbsp;km (403&nbsp;km)<\/td>\n<\/tr>\n<tr>\n<td>6.&nbsp;1.<\/td>\n<td>Vad\u00ed d-Dav\u00e1sir-Rij\u00e1d<\/td>\n<td>813&nbsp;km (337&nbsp;km)<\/td>\n<\/tr>\n<tr>\n<td>7.&nbsp;1.<\/td>\n<td>Rij\u00e1d-Burajda<\/td>\n<td>625&nbsp;km (419&nbsp;km)<\/td>\n<\/tr>\n<tr>\n<td>8.&nbsp;1.<\/td>\n<td>Burajda-Ha\u2019ila<\/td>\n<td>655&nbsp;km (485&nbsp;km)<\/td>\n<\/tr>\n<tr>\n<td>9.&nbsp;1.<\/td>\n<td>Odpo\u010dinek v&nbsp;Ha\u2019il<\/td>\n<td>x<\/td>\n<\/tr>\n<tr>\n<td>10.&nbsp;1.<\/td>\n<td>Ha\u2019il-Sakaka<\/td>\n<td>737&nbsp;km (471&nbsp;km)<\/td>\n<\/tr>\n<tr>\n<td>11.&nbsp;1.<\/td>\n<td>Sakaka-Neom<\/td>\n<td>709&nbsp;km (375&nbsp;km)<\/td>\n<\/tr>\n<tr>\n<td>12.&nbsp;1.<\/td>\n<td>Neom-Neom<\/td>\n<td>579&nbsp;km (465&nbsp;km)<\/td>\n<\/tr>\n<tr>\n<td>13.&nbsp;1.<\/td>\n<td>Neom-Al-Ula<\/td>\n<td>583&nbsp;km (342&nbsp;km)<\/td>\n<\/tr>\n<tr>\n<td>14.&nbsp;1.<\/td>\n<td>Al-Ula-Janbu<\/td>\n<td>557&nbsp;km (511&nbsp;km)<\/td>\n<\/tr>\n<tr>\n<td>15.&nbsp;1.<\/td>\n<td>Janbu-D\u017eidda<\/td>\n<td>452&nbsp;km (225&nbsp;km)<\/td>\n<\/tr>\n<\/tbody>\n<\/table>\n<\/div>\n<h2>Zlat\u00e9 medaile \u010cech\u016f<\/h2>\n<p>Rallye Dakar se&nbsp;\u00fa\u010dastn\u00ed i&nbsp;\u010de\u0161t\u00ed sout\u011b\u017e\u00edc\u00ed a&nbsp;nap\u0159\u00ed\u010d ro\u010dn\u00edky se&nbsp;jim dostalo i&nbsp;n\u011bkolika medailov\u00fdch \u00fasp\u011bch\u016f. V&nbsp;kategorii kamion\u016f obdr\u017eeli \u010de\u0161t\u00ed z\u00e1vodn\u00edci zlat\u00e9 medaile v&nbsp;n\u00e1sleduj\u00edc\u00edch letech:<\/p>\n<ul>\n<li>1988&nbsp;\u2013 ve&nbsp;slo\u017een\u00ed K. Loprais, R. Stachura, T. M\u00fcck, TATRA<\/li>\n<li>1994&nbsp;\u2013 ve&nbsp;slo\u017een\u00ed K. Loprais, R. Stachura, J. Kalina, TATRA<\/li>\n<li>1995&nbsp;\u2013 ve&nbsp;slo\u017een\u00ed K. Loprais, R. Stachura, T. Tome\u010dek, TATRA<\/li>\n<li>1998&nbsp;\u2013 ve&nbsp;slo\u017een\u00ed K. Loprais, R. Stachura, J. \u010cerm\u00e1k, TATRA<\/li>\n<li>1999&nbsp;\u2013 ve&nbsp;slo\u017een\u00ed K. Loprais, R. Stachura, J. Kalina, TATRA<\/li>\n<li>2001&nbsp;\u2013 ve&nbsp;slo\u017een\u00ed K. Loprais, R. Stachura, P.&nbsp;Hamerla, TATRA<\/li>\n<\/ul>\n<p>V&nbsp;leto\u0161n\u00edm ro\u010dn\u00edku se&nbsp;\u010ce\u0161i um\u00edstili na&nbsp;prvn\u00edm m\u00edst\u011b v&nbsp;kategorii prototyp\u016f lehk\u00fdch voz\u016f (J. Mach\u00e1\u010dek, P.&nbsp;Vyoral) s&nbsp;modelem Buggyra Zero Mileage Racing.<\/p>\n<h2>Nehody<\/h2>\n<p>Nap\u0159\u00ed\u010d r\u016fzn\u00fdmi ro\u010dn\u00edky Rallye Dakar se&nbsp;stalo mno\u017estv\u00ed nehod \u2013 nez\u0159\u00eddka kon\u010dily v\u00e1\u017en\u00fdmi \u00farazy \u010di&nbsp;dokonce smrt\u00ed.<\/p>\n<p>V&nbsp;roce&nbsp;1982&nbsp;se&nbsp;p\u0159i&nbsp;z\u00e1vod\u011b ztratil syn tehdej\u0161\u00ed britsk\u00e9 premi\u00e9rky Margaret Thatcherov\u00e9. Z\u00e1vodn\u00edci se&nbsp;ztratili 9.&nbsp;ledna. Po&nbsp;6&nbsp;dn\u00ed bylo trio Thatcher, Verney a&nbsp;jejich mechanik poh\u0159e\u0161ov\u00e1no. Nakonec byli nalezeni p\u0159ibli\u017en\u011b 50&nbsp;km od&nbsp;trasy a&nbsp;ze&nbsp;sv\u00e9ho bloud\u011bn\u00ed vyv\u00e1zli bez zran\u011bn\u00ed.<\/p>\n<p>Jednou z&nbsp;ob\u011bt\u00ed nehod byl&nbsp;i&nbsp;samotn\u00fd zakladatel Thierry Sabine, kter\u00fd&nbsp;v&nbsp;roce&nbsp;1986&nbsp;tragicky zem\u0159el p\u0159i&nbsp;hav\u00e1rii vrtuln\u00edku.<\/p>\n<h2>Kritika<\/h2>\n<p>Rallye Dakar je&nbsp;kritizov\u00e1n hlavn\u011b kv\u016fli sv\u00fdm dopad\u016fm na&nbsp;obyvatele zem\u00ed, jimi\u017e vede trasa z\u00e1vodu. N\u011bkte\u0159\u00ed z&nbsp;obyvatel t\u011bchto zem\u00ed tvrd\u00ed, \u017ee&nbsp;je&nbsp;pro&nbsp;n\u011b problematick\u00e9 mohutn\u00e9 mno\u017estv\u00ed prachu, kter\u00e9&nbsp;je&nbsp;v&nbsp;d\u016fsledku proj\u00ed\u017ed\u011bj\u00edc\u00edch vozidel vytvo\u0159eno. Dal\u0161\u00edm p\u0159edm\u011btem kritiky jsou sra\u017een\u00ed obyvatel\u00e9 a&nbsp;dobytek, kter\u00fd&nbsp;je&nbsp;p\u0159isuzov\u00e1n za&nbsp;vinu pr\u00e1v\u011b z\u00e1vodn\u00edk\u016fm.<\/p>\n<p>Z\u00e1vod je&nbsp;kritizov\u00e1n i&nbsp;hnut\u00edm Fronta Polisario, povstaleck\u00fdm hnut\u00edm, jeho\u017e c\u00edlem je&nbsp;vyman\u011bn\u00ed z\u00e1padn\u00ed Sahary ze&nbsp;spr\u00e1vy Maroka. Hlavn\u00edm p\u0159edm\u011btem kritiky je&nbsp;fakt, \u017ee&nbsp;z\u00e1vod vede p\u0159es sporn\u00e1 a&nbsp;neos\u00eddlen\u00e1 \u00fazem\u00ed z\u00e1padn\u00ed Sahary, ani\u017e by&nbsp;tato skute\u010dnost byla s&nbsp;hnut\u00edm Polisario projedn\u00e1na. Od&nbsp;roku&nbsp;2000&nbsp;jedn\u00e1n\u00ed sm\u011b\u0159uj\u00ed k&nbsp;tomu, \u017ee&nbsp;uskute\u010dn\u011bn\u00ed z\u00e1vodu p\u0159es tato \u00fazem\u00ed by&nbsp;nem\u011bl b\u00fdt probl\u00e9m.<\/p>\n<p><img decoding=\"async\" src=\"https:\/\/storage.googleapis.com\/wp-resources\/srovnator.cz\/2021\/10\/rallye-dakar-770x513.jpg\" alt=\"Z\u00e1vodn\u00ed automobil Dakaru\" width=\"100%\" \/><\/p>\n<h2>Havarijn\u00ed poji\u0161t\u011bn\u00ed<\/h2>\n<p>Z\u00e1vody Dakar maj\u00ed ka\u017edoro\u010dn\u011b \u0159adu nehod. A&nbsp;nehody se&nbsp;mohou st\u00e1t i&nbsp;ka\u017ed\u00e9mu z&nbsp;n\u00e1s p\u0159i&nbsp;b\u011b\u017en\u00fdch cest\u00e1ch, kter\u00e9&nbsp;jsme zvykl\u00ed se&nbsp;sv\u00fdmi vozidly vykon\u00e1vat. Zva\u017ete proto z\u0159\u00edzen\u00ed havarijn\u00edho poji\u0161t\u011bn\u00ed. Pomoci V\u00e1m m\u016f\u017ee <a href=\"https:\/\/www.srovnator.cz\/havarijni-pojisteni\/kalkulacka\/#kalkulacka\">online kalkula\u010dka<\/a>, kter\u00e1&nbsp;V\u00e1s provede v\u00fdpo\u010dtem ceny krok za&nbsp;krokem a&nbsp;nab\u00eddne V\u00e1m n\u011bkolik r\u016fzn\u00fdch alternativ, ze&nbsp;kter\u00fdch si jist\u011b vyberete vhodnou pr\u00e1v\u011b pro&nbsp;Va\u0161e pot\u0159eby.<\/p>\n","protected":false},"excerpt":{"rendered":"<p>V \u010dl\u00e1nku se do\u010dtete stru\u010dn\u011b o historii Rallye Dakar a leto\u0161n\u00edm ro\u010dn\u00edku tohoto z\u00e1vodu. Sou\u010d\u00e1st\u00ed \u010dl\u00e1nku je n\u00e1vrh \u0159e\u0161en\u00ed havarijn\u00edho poji\u0161t\u011bn\u00ed.<\/p>\n","protected":false},"author":5,"featured_media":5054,"comment_status":"closed","ping_status":"closed","sticky":false,"template":"","format":"standard","meta":{"_acf_changed":false,"footnotes":""},"categories":[4],"tags":[363,448,880],"class_list":["post-5053","post","type-post","status-publish","format-standard","has-post-thumbnail","hentry","category-havarijni-pojisteni","tag-havarijni-pojisteni","tag-zahranici","tag-zajimavosti"],"acf":{"znacka":"","model":"","objem":"","vyrobeno":"","vykon":"","velikost_1":"","velikost_2":"","velikost_3":"","velikost_4":"","roky":"","roky_velikost_1":"","roky_velikost_2":"","roky_velikost_3":"","roky_velikost_4":"","pocet_kalkulaci":0,"page_post_meta_bread":"Rallye Dakar","page_post_meta_bread_child":"","page_post_meta_script_head":"","page_post_meta_leaving_screen":"cat"},"yoast_head":"<!-- This site is optimized with the Yoast SEO plugin v25.5 - https:\/\/yoast.com\/wordpress\/plugins\/seo\/ -->\n<title>Rallye Dakar - Srovn\u00e1tor.cz<\/title>\n<meta name=\"description\" content=\"V \u010dl\u00e1nku se do\u010dtete stru\u010dn\u011b o historii Rallye Dakar a leto\u0161n\u00edm ro\u010dn\u00edku tohoto z\u00e1vodu. Sou\u010d\u00e1st\u00ed \u010dl\u00e1nku je n\u00e1vrh \u0159e\u0161en\u00ed havarijn\u00edho poji\u0161t\u011bn\u00ed.\" \/>\n<meta name=\"robots\" content=\"index, follow, max-snippet:-1, max-image-preview:large, max-video-preview:-1\" \/>\n<link rel=\"canonical\" href=\"https:\/\/www.srovnator.cz\/clanky\/rallye-dakar\/\" \/>\n<meta property=\"og:locale\" content=\"cs_CZ\" \/>\n<meta property=\"og:type\" content=\"article\" \/>\n<meta property=\"og:title\" content=\"Rallye Dakar - Srovn\u00e1tor.cz\" \/>\n<meta property=\"og:description\" content=\"V \u010dl\u00e1nku se do\u010dtete stru\u010dn\u011b o historii Rallye Dakar a leto\u0161n\u00edm ro\u010dn\u00edku tohoto z\u00e1vodu. Sou\u010d\u00e1st\u00ed \u010dl\u00e1nku je n\u00e1vrh \u0159e\u0161en\u00ed havarijn\u00edho poji\u0161t\u011bn\u00ed.\" \/>\n<meta property=\"og:url\" content=\"https:\/\/www.srovnator.cz\/clanky\/rallye-dakar\/\" \/>\n<meta property=\"og:site_name\" content=\"Srovn\u00e1tor.cz\" \/>\n<meta property=\"article:publisher\" content=\"https:\/\/www.facebook.com\/srovnator\/\" \/>\n<meta property=\"article:published_time\" content=\"2021-01-20T05:47:51+00:00\" \/>\n<meta property=\"article:modified_time\" content=\"2024-06-24T05:50:23+00:00\" \/>\n<meta property=\"og:image\" content=\"https:\/\/storage.googleapis.com\/wp-resources\/srovnator.cz\/ng\/2022\/06\/75b3e2ab-rallye-dakar3.jpg\" \/>\n\t<meta property=\"og:image:width\" content=\"1000\" \/>\n\t<meta property=\"og:image:height\" content=\"666\" \/>\n\t<meta property=\"og:image:type\" content=\"image\/jpeg\" \/>\n<meta name=\"author\" content=\"Martin Dane\u0161\" \/>\n<meta name=\"twitter:card\" content=\"summary_large_image\" \/>\n<meta name=\"twitter:creator\" content=\"@Srovnator_czech\" \/>\n<meta name=\"twitter:site\" content=\"@Srovnator_czech\" \/>\n<meta name=\"twitter:label1\" content=\"Written by\" \/>\n\t<meta name=\"twitter:data1\" content=\"Martin Dane\u0161\" \/>\n\t<meta name=\"twitter:label2\" content=\"Est. reading time\" \/>\n\t<meta name=\"twitter:data2\" content=\"6 minutes\" \/>\n<script type=\"application\/ld+json\" class=\"yoast-schema-graph\">{\"@context\":\"https:\/\/schema.org\",\"@graph\":[{\"@type\":\"WebPage\",\"@id\":\"https:\/\/www.srovnator.cz\/clanky\/rallye-dakar\/\",\"url\":\"https:\/\/www.srovnator.cz\/clanky\/rallye-dakar\/\",\"name\":\"Rallye Dakar - Srovn\u00e1tor.cz\",\"isPartOf\":{\"@id\":\"https:\/\/www.srovnator.cz\/#website\"},\"primaryImageOfPage\":{\"@id\":\"https:\/\/www.srovnator.cz\/clanky\/rallye-dakar\/#primaryimage\"},\"image\":{\"@id\":\"https:\/\/www.srovnator.cz\/clanky\/rallye-dakar\/#primaryimage\"},\"thumbnailUrl\":\"https:\/\/storage.googleapis.com\/wp-resources\/srovnator.cz\/ng\/2022\/06\/75b3e2ab-rallye-dakar3.jpg\",\"datePublished\":\"2021-01-20T05:47:51+00:00\",\"dateModified\":\"2024-06-24T05:50:23+00:00\",\"author\":{\"@id\":\"https:\/\/www.srovnator.cz\/#\/schema\/person\/46d10e971bff43faa91c35835126aa3b\"},\"description\":\"V \u010dl\u00e1nku se do\u010dtete stru\u010dn\u011b o historii Rallye Dakar a leto\u0161n\u00edm ro\u010dn\u00edku tohoto z\u00e1vodu. Sou\u010d\u00e1st\u00ed \u010dl\u00e1nku je n\u00e1vrh \u0159e\u0161en\u00ed havarijn\u00edho poji\u0161t\u011bn\u00ed.\",\"inLanguage\":\"cs-CZ\",\"potentialAction\":[{\"@type\":\"ReadAction\",\"target\":[\"https:\/\/www.srovnator.cz\/clanky\/rallye-dakar\/\"]}]},{\"@type\":\"ImageObject\",\"inLanguage\":\"cs-CZ\",\"@id\":\"https:\/\/www.srovnator.cz\/clanky\/rallye-dakar\/#primaryimage\",\"url\":\"https:\/\/storage.googleapis.com\/wp-resources\/srovnator.cz\/ng\/2022\/06\/75b3e2ab-rallye-dakar3.jpg\",\"contentUrl\":\"https:\/\/storage.googleapis.com\/wp-resources\/srovnator.cz\/ng\/2022\/06\/75b3e2ab-rallye-dakar3.jpg\",\"width\":1000,\"height\":666,\"caption\":\"Ilustrativn\u00ed obr\u00e1zek\"},{\"@type\":\"WebSite\",\"@id\":\"https:\/\/www.srovnator.cz\/#website\",\"url\":\"https:\/\/www.srovnator.cz\/\",\"name\":\"Srovn\u00e1tor.cz\",\"description\":\"\",\"potentialAction\":[{\"@type\":\"SearchAction\",\"target\":{\"@type\":\"EntryPoint\",\"urlTemplate\":\"https:\/\/www.srovnator.cz\/?s={search_term_string}\"},\"query-input\":{\"@type\":\"PropertyValueSpecification\",\"valueRequired\":true,\"valueName\":\"search_term_string\"}}],\"inLanguage\":\"cs-CZ\"},{\"@type\":\"Person\",\"@id\":\"https:\/\/www.srovnator.cz\/#\/schema\/person\/46d10e971bff43faa91c35835126aa3b\",\"name\":\"Martin Dane\u0161\",\"image\":{\"@type\":\"ImageObject\",\"inLanguage\":\"cs-CZ\",\"@id\":\"https:\/\/www.srovnator.cz\/#\/schema\/person\/image\/\",\"url\":\"https:\/\/secure.gravatar.com\/avatar\/5cac60568def8a68791e2b771a3394888cf55828e445636dfc99f7ccd1e1d1b8?s=96&d=mm&r=g\",\"contentUrl\":\"https:\/\/secure.gravatar.com\/avatar\/5cac60568def8a68791e2b771a3394888cf55828e445636dfc99f7ccd1e1d1b8?s=96&d=mm&r=g\",\"caption\":\"Martin Dane\u0161\"},\"description\":\"Jsem Martin Dane\u0161, obchodn\u00ed \u0159editel Srovn\u00e1tor.cz. Na\u0161\u00edm c\u00edlem je naj\u00edt pro v\u00e1s v\u017edy to nejvhodn\u011bj\u0161\u00ed poji\u0161t\u011bn\u00ed dle va\u0161ich pot\u0159eb. D\u00edky \u0161irok\u00e9mu portfoliu produkt\u016f od v\u0161ech v\u00fdznamn\u00fdch poji\u0161\u0165oven v\u00e1m dok\u00e1\u017eeme poskytnout \u0159e\u0161en\u00ed odpov\u00eddaj\u00edc\u00ed va\u0161im p\u0159edstav\u00e1m. Kdy\u017e budete m\u00edt jak\u00fdkoliv produktov\u00fd dotaz, nev\u00e1hejte se na n\u00e1s obr\u00e1tit na info@srovnator.cz\",\"url\":\"https:\/\/www.srovnator.cz\/autori\/martin-danes\/\"}]}<\/script>\n<!-- \/ Yoast SEO plugin. -->","yoast_head_json":{"title":"Rallye Dakar - Srovn\u00e1tor.cz","description":"V \u010dl\u00e1nku se do\u010dtete stru\u010dn\u011b o historii Rallye Dakar a leto\u0161n\u00edm ro\u010dn\u00edku tohoto z\u00e1vodu. Sou\u010d\u00e1st\u00ed \u010dl\u00e1nku je n\u00e1vrh \u0159e\u0161en\u00ed havarijn\u00edho poji\u0161t\u011bn\u00ed.","robots":{"index":"index","follow":"follow","max-snippet":"max-snippet:-1","max-image-preview":"max-image-preview:large","max-video-preview":"max-video-preview:-1"},"canonical":"https:\/\/www.srovnator.cz\/clanky\/rallye-dakar\/","og_locale":"cs_CZ","og_type":"article","og_title":"Rallye Dakar - Srovn\u00e1tor.cz","og_description":"V \u010dl\u00e1nku se do\u010dtete stru\u010dn\u011b o historii Rallye Dakar a leto\u0161n\u00edm ro\u010dn\u00edku tohoto z\u00e1vodu. Sou\u010d\u00e1st\u00ed \u010dl\u00e1nku je n\u00e1vrh \u0159e\u0161en\u00ed havarijn\u00edho poji\u0161t\u011bn\u00ed.","og_url":"https:\/\/www.srovnator.cz\/clanky\/rallye-dakar\/","og_site_name":"Srovn\u00e1tor.cz","article_publisher":"https:\/\/www.facebook.com\/srovnator\/","article_published_time":"2021-01-20T05:47:51+00:00","article_modified_time":"2024-06-24T05:50:23+00:00","og_image":[{"width":1000,"height":666,"url":"https:\/\/storage.googleapis.com\/wp-resources\/srovnator.cz\/ng\/2022\/06\/75b3e2ab-rallye-dakar3.jpg","type":"image\/jpeg"}],"author":"Martin Dane\u0161","twitter_card":"summary_large_image","twitter_creator":"@Srovnator_czech","twitter_site":"@Srovnator_czech","twitter_misc":{"Written by":"Martin Dane\u0161","Est. reading time":"6 minutes"},"schema":{"@context":"https:\/\/schema.org","@graph":[{"@type":"WebPage","@id":"https:\/\/www.srovnator.cz\/clanky\/rallye-dakar\/","url":"https:\/\/www.srovnator.cz\/clanky\/rallye-dakar\/","name":"Rallye Dakar - Srovn\u00e1tor.cz","isPartOf":{"@id":"https:\/\/www.srovnator.cz\/#website"},"primaryImageOfPage":{"@id":"https:\/\/www.srovnator.cz\/clanky\/rallye-dakar\/#primaryimage"},"image":{"@id":"https:\/\/www.srovnator.cz\/clanky\/rallye-dakar\/#primaryimage"},"thumbnailUrl":"https:\/\/storage.googleapis.com\/wp-resources\/srovnator.cz\/ng\/2022\/06\/75b3e2ab-rallye-dakar3.jpg","datePublished":"2021-01-20T05:47:51+00:00","dateModified":"2024-06-24T05:50:23+00:00","author":{"@id":"https:\/\/www.srovnator.cz\/#\/schema\/person\/46d10e971bff43faa91c35835126aa3b"},"description":"V \u010dl\u00e1nku se do\u010dtete stru\u010dn\u011b o historii Rallye Dakar a leto\u0161n\u00edm ro\u010dn\u00edku tohoto z\u00e1vodu. Sou\u010d\u00e1st\u00ed \u010dl\u00e1nku je n\u00e1vrh \u0159e\u0161en\u00ed havarijn\u00edho poji\u0161t\u011bn\u00ed.","inLanguage":"cs-CZ","potentialAction":[{"@type":"ReadAction","target":["https:\/\/www.srovnator.cz\/clanky\/rallye-dakar\/"]}]},{"@type":"ImageObject","inLanguage":"cs-CZ","@id":"https:\/\/www.srovnator.cz\/clanky\/rallye-dakar\/#primaryimage","url":"https:\/\/storage.googleapis.com\/wp-resources\/srovnator.cz\/ng\/2022\/06\/75b3e2ab-rallye-dakar3.jpg","contentUrl":"https:\/\/storage.googleapis.com\/wp-resources\/srovnator.cz\/ng\/2022\/06\/75b3e2ab-rallye-dakar3.jpg","width":1000,"height":666,"caption":"Ilustrativn\u00ed obr\u00e1zek"},{"@type":"WebSite","@id":"https:\/\/www.srovnator.cz\/#website","url":"https:\/\/www.srovnator.cz\/","name":"Srovn\u00e1tor.cz","description":"","potentialAction":[{"@type":"SearchAction","target":{"@type":"EntryPoint","urlTemplate":"https:\/\/www.srovnator.cz\/?s={search_term_string}"},"query-input":{"@type":"PropertyValueSpecification","valueRequired":true,"valueName":"search_term_string"}}],"inLanguage":"cs-CZ"},{"@type":"Person","@id":"https:\/\/www.srovnator.cz\/#\/schema\/person\/46d10e971bff43faa91c35835126aa3b","name":"Martin Dane\u0161","image":{"@type":"ImageObject","inLanguage":"cs-CZ","@id":"https:\/\/www.srovnator.cz\/#\/schema\/person\/image\/","url":"https:\/\/secure.gravatar.com\/avatar\/5cac60568def8a68791e2b771a3394888cf55828e445636dfc99f7ccd1e1d1b8?s=96&d=mm&r=g","contentUrl":"https:\/\/secure.gravatar.com\/avatar\/5cac60568def8a68791e2b771a3394888cf55828e445636dfc99f7ccd1e1d1b8?s=96&d=mm&r=g","caption":"Martin Dane\u0161"},"description":"Jsem Martin Dane\u0161, obchodn\u00ed \u0159editel Srovn\u00e1tor.cz. Na\u0161\u00edm c\u00edlem je naj\u00edt pro v\u00e1s v\u017edy to nejvhodn\u011bj\u0161\u00ed poji\u0161t\u011bn\u00ed dle va\u0161ich pot\u0159eb. D\u00edky \u0161irok\u00e9mu portfoliu produkt\u016f od v\u0161ech v\u00fdznamn\u00fdch poji\u0161\u0165oven v\u00e1m dok\u00e1\u017eeme poskytnout \u0159e\u0161en\u00ed odpov\u00eddaj\u00edc\u00ed va\u0161im p\u0159edstav\u00e1m. Kdy\u017e budete m\u00edt jak\u00fdkoliv produktov\u00fd dotaz, nev\u00e1hejte se na n\u00e1s obr\u00e1tit na info@srovnator.cz","url":"https:\/\/www.srovnator.cz\/autori\/martin-danes\/"}]}},"amp_enabled":true,"_links":{"self":[{"href":"https:\/\/www.srovnator.cz\/rest_api\/wp\/v2\/posts\/5053","targetHints":{"allow":["GET"]}}],"collection":[{"href":"https:\/\/www.srovnator.cz\/rest_api\/wp\/v2\/posts"}],"about":[{"href":"https:\/\/www.srovnator.cz\/rest_api\/wp\/v2\/types\/post"}],"author":[{"embeddable":true,"href":"https:\/\/www.srovnator.cz\/rest_api\/wp\/v2\/users\/5"}],"replies":[{"embeddable":true,"href":"https:\/\/www.srovnator.cz\/rest_api\/wp\/v2\/comments?post=5053"}],"version-history":[{"count":1,"href":"https:\/\/www.srovnator.cz\/rest_api\/wp\/v2\/posts\/5053\/revisions"}],"predecessor-version":[{"id":9831,"href":"https:\/\/www.srovnator.cz\/rest_api\/wp\/v2\/posts\/5053\/revisions\/9831"}],"wp:featuredmedia":[{"embeddable":true,"href":"https:\/\/www.srovnator.cz\/rest_api\/wp\/v2\/media\/5054"}],"wp:attachment":[{"href":"https:\/\/www.srovnator.cz\/rest_api\/wp\/v2\/media?parent=5053"}],"wp:term":[{"taxonomy":"category","embeddable":true,"href":"https:\/\/www.srovnator.cz\/rest_api\/wp\/v2\/categories?post=5053"},{"taxonomy":"post_tag","embeddable":true,"href":"https:\/\/www.srovnator.cz\/rest_api\/wp\/v2\/tags?post=5053"}],"curies":[{"name":"wp","href":"https:\/\/api.w.org\/{rel}","templated":true}]}}