{"id":5069,"date":"2021-03-04T08:18:21","date_gmt":"2021-03-04T07:18:21","guid":{"rendered":"https:\/\/www.srovnator.cz\/clanky\/ostatni\/automotodrom-brno-neusiluje-o-poradani-svetovych-sampionatu-duvodem-jsou-finance\/"},"modified":"2024-06-24T07:56:01","modified_gmt":"2024-06-24T05:56:01","slug":"automotodrom-brno-neusiluje-o-poradani-svetovych-sampionatu-duvodem-jsou-finance","status":"publish","type":"post","link":"https:\/\/www.srovnator.cz\/clanky\/brno-nechce-poradat-svetove-sampionaty\/","title":{"rendered":"Automotodrom Brno neusiluje o po\u0159\u00e1d\u00e1n\u00ed sv\u011btov\u00fdch \u0161ampion\u00e1t\u016f \u2013 d\u016fvodem jsou finance"},"content":{"rendered":"<p><strong>Automotodrom Brno, organiz\u00e1tor jednoho z\u00a0nejv\u00fdznamn\u011bj\u0161\u00edch z\u00e1vod\u016f, kter\u00fd\u00a0se\u00a0na\u00a0Masarykov\u011b okruhu po\u0159\u00e1dal \u2013 Grand Prix \u010cesk\u00e9 republiky \u2013 ji\u017e nebude v\u00a0dal\u0161\u00edch letech usilovat o\u00a0po\u0159\u00e1d\u00e1n\u00ed sv\u011btov\u00fdch \u0161ampion\u00e1t\u016f. Pro\u010d se\u00a0veden\u00ed spole\u010dnosti k\u00a0tomuto kroku rozhodlo?<\/strong><\/p>\n<img decoding=\"async\" width=\"770\" height=\"447\" src=\"https:\/\/storage.googleapis.com\/wp-resources\/srovnator.cz\/ng\/2022\/06\/2a3d3d12-brno-nechce-poradat-svetove-sampionaty2-770x447.jpg\" class=\" wp-post-image wp-stateless-item\" alt=\"Automotodrom Brno neusiluje o po\u0159\u00e1d\u00e1n\u00ed sv\u011btov\u00fdch \u0161ampion\u00e1t\u016f \u2013 d\u016fvodem jsou finance\" title=\"Automotodrom Brno neusiluje o po\u0159\u00e1d\u00e1n\u00ed sv\u011btov\u00fdch \u0161ampion\u00e1t\u016f \u2013 d\u016fvodem jsou finance\" srcset=\"https:\/\/storage.googleapis.com\/wp-resources\/srovnator.cz\/ng\/2022\/06\/2a3d3d12-brno-nechce-poradat-svetove-sampionaty2-770x447.jpg 770w, https:\/\/storage.googleapis.com\/wp-resources\/srovnator.cz\/ng\/2022\/06\/2a3d3d12-brno-nechce-poradat-svetove-sampionaty2.jpg 1000w\" sizes=\"(max-width: 770px) 100vw, 770px\" data-image-size=\"medium\" data-stateless-media-bucket=\"wp-resources\" data-stateless-media-name=\"srovnator.cz\/ng\/2022\/06\/2a3d3d12-brno-nechce-poradat-svetove-sampionaty2.jpg\" \/>\n<h2>Komer\u010dn\u00ed pron\u00e1jmy okruhu<\/h2>\n<p>S\u00a0organizac\u00ed sv\u011btov\u00fdch \u0161ampion\u00e1t\u016f souvis\u00ed i\u00a0velk\u00e9 finan\u010dn\u00ed n\u00e1klady. Aby\u00a0se\u00a0organizace z\u00e1vod\u016f v\u00a0takov\u00e9m rozm\u011bru, jako je\u00a0nap\u0159\u00edklad Grand Prix, vyplatila, spol\u00e9hala v\u017edy spole\u010dnost na\u00a0ve\u0159ejnou podporu, jak uv\u00e1d\u00ed statut\u00e1rn\u00ed \u0159editelka Automotodromu Brno Ivana Ulmanov\u00e1:<\/p>\n<p>&#8220;S po\u0159\u00e1d\u00e1n\u00edm sv\u011btov\u00fdch z\u00e1vod\u016f m\u00e1me mnohalet\u00e9 zku\u0161enosti a\u00a0velmi dob\u0159e zn\u00e1me ekonomiku takov\u00e9ho podniku. \u017d\u00e1dnou sportovn\u00ed ani kulturn\u00ed akci sv\u011btov\u00e9ho v\u00fdznamu nen\u00ed ekonomicky mo\u017en\u00e9 zorganizovat bez pat\u0159i\u010dn\u00e9 ve\u0159ejn\u00e9 podpory.&#8221;<\/p>\n<p><img decoding=\"async\" src=\"https:\/\/storage.googleapis.com\/wp-resources\/srovnator.cz\/2021\/10\/brno-nechce-poradat-svetove-sampionaty-770x311.jpg\" alt=\"Masaryk\u016fv okruh\" width=\"100%\" \/><br \/>\n<small>zdroj: Automotodrombrno.cz<\/small><\/p>\n<p>N\u00e1jemci Masarykova okruhu se\u00a0tak\u00a0cht\u011bj\u00ed zam\u011b\u0159it na\u00a0komer\u010dn\u00ed pron\u00e1jmy okruhu, kter\u00fd\u00a0pro\u00a0n\u011b bude ekonomicky v\u00fdhodn\u011bj\u0161\u00ed. Na\u00a0za\u010d\u00e1tku \u00fanora 2021 byl\u00a0zve\u0159ejn\u011bn pl\u00e1n akc\u00ed. Jeho realizaci m\u00e1 v\u0161ak pevn\u011b v\u00a0rukou pandemie viru COVID-19, jednotliv\u00e9 akce tedy prob\u011bhnou pouze tehdy, jestli to\u00a0situace dovol\u00ed.<\/p>\n<ul>\n<li>05.-05.\u00a0dubna 2021 \u2013 Masaryk Run<\/li>\n<li>09.-11.\u00a0dubna 2021 \u2013 Jarn\u00ed cena Brna<\/li>\n<li>23.-25.\u00a0dubna 2021 \u2013 Histo Cup<\/li>\n<li>29.-30.\u00a0kv\u011btna 2021 \u2013 Ferrari Challenge<\/li>\n<li>04.-05.\u00a0z\u00e1\u0159\u00ed 2021 \u2013 Masaryk Racing Days &amp; Boss GP<\/li>\n<li>23.-24.\u00a0\u0159\u00edjna 2021 \u2013 Drift Challenge<\/li>\n<\/ul>\n<h2>Masaryk\u016fv okruh<\/h2>\n<p>Masaryk\u016fv okruh je\u00a0okruhem nach\u00e1zej\u00edc\u00ed se\u00a0u\u00a0Brna, kter\u00fd\u00a0je\u00a0ur\u010den\u00fd zejm\u00e9na pro\u00a0automobilov\u00e9 a\u00a0motocyklov\u00e9 z\u00e1vody. Okruh byl\u00a0vybudov\u00e1n mezi roky 1985-1987 \u2013 nahradil tak\u00a0p\u016fvodn\u00ed p\u0159\u00edm\u011bstsk\u00fd brn\u011bnsk\u00fd okruh veden\u00fd po\u00a0b\u011b\u017en\u00fdch silnic\u00edch, na\u00a0kter\u00e9m se\u00a0z\u00e1vodilo ji\u017e od\u00a030.\u00a0let 20. stolet\u00ed.<\/p>\n<p>Do\u00a0roku 2020 se\u00a0na\u00a0Masarykov\u011b okruhu po\u0159\u00e1daly r\u016fzn\u00e9 z\u00e1vody, p\u0159i\u010dem\u017e nejv\u00fdznamn\u011bj\u0161\u00ed z\u00a0nich je\u00a0Grand Prix \u010cesk\u00e9 republiky, kter\u00fd\u00a0spad\u00e1 pod\u00a0mistrovstv\u00ed sv\u011bta silni\u010dn\u00edch motocykl\u016f \u2013 MotoGP.<\/p>\n<h2>Z\u00e1kladn\u00ed \u00fadaje okruhu<\/h2>\n<div class=\"table-responsive\">\n<table class=\"table table-striped table-borderless\">\n<tbody>\n<tr>\n<td><b>D\u00c9LKA<\/b><\/td>\n<td>5\u00a0403,19\u00a0m<\/td>\n<\/tr>\n<tr>\n<td><b>\u0160\u00cd\u0158KA<\/b><\/td>\n<td>15\u00a0m<\/td>\n<\/tr>\n<tr>\n<td><b>ZAT\u00c1\u010cKY<\/b><\/td>\n<td>14 (6\u00a0lev\u00fdch, 8 prav\u00fdch<\/td>\n<\/tr>\n<tr>\n<td><b>STOUP\u00c1N\u00cd<\/b><\/td>\n<td>maxim\u00e1ln\u00ed 7,5% na\u00a0d\u00e9lce 917\u00a0m<\/td>\n<\/tr>\n<tr>\n<td><b>KLES\u00c1N\u00cd<\/b><\/td>\n<td>maxim\u00e1ln\u00ed 5% na\u00a0d\u00e9lce 410\u00a0m<\/td>\n<\/tr>\n<tr>\n<td><b>V\u00dd\u0160KOV\u00dd ROZD\u00cdL<\/b><\/td>\n<td>73,75\u00a0m<\/td>\n<\/tr>\n<tr>\n<td><b>NADMO\u0158SK\u00c1 V\u00dd\u0160KA<\/b><\/td>\n<td>450\u00a0m<\/td>\n<\/tr>\n<\/tbody>\n<\/table>\n<\/div>\n<p>Tabulka se\u00a0z\u00e1kladn\u00edmi \u00fadaji Masarykova okruhu<\/p>\n","protected":false},"excerpt":{"rendered":"<p>V \u010dl\u00e1nku se do\u010dtete, pro\u010d Brno nem\u00e1 z\u00e1jem nad\u00e1le usilovat o organizaci sv\u011btov\u00fdch \u0161ampion\u00e1t\u016f. \u010cl\u00e1nek obsahuje odkazy na dal\u0161\u00ed zaj\u00edmav\u00e1 t\u00e9mata.<\/p>\n","protected":false},"author":7,"featured_media":5070,"comment_status":"closed","ping_status":"closed","sticky":false,"template":"","format":"standard","meta":{"_acf_changed":false,"footnotes":""},"categories":[1],"tags":[853,880,1025],"class_list":["post-5069","post","type-post","status-publish","format-standard","has-post-thumbnail","hentry","category-ostatni","tag-ceska-republika","tag-zajimavosti","tag-zavodni-vozidlo"],"acf":{"znacka":"","model":"","objem":"","vyrobeno":"","vykon":"","velikost_1":"","velikost_2":"","velikost_3":"","velikost_4":"","roky":"","roky_velikost_1":"","roky_velikost_2":"","roky_velikost_3":"","roky_velikost_4":"","pocet_kalkulaci":0,"page_post_meta_bread":"Brno nechce po\u0159\u00e1dat sv\u011btov\u00e9 \u0161ampion\u00e1ty","page_post_meta_bread_child":"","page_post_meta_script_head":"","page_post_meta_leaving_screen":"cat"},"yoast_head":"<!-- This site is optimized with the Yoast SEO plugin v25.5 - https:\/\/yoast.com\/wordpress\/plugins\/seo\/ -->\n<title>Brno nechce po\u0159\u00e1dat sv\u011btov\u00e9 \u0161ampion\u00e1ty - Srovn\u00e1tor.cz<\/title>\n<meta name=\"description\" content=\"Automotodrom Brno ji\u017e nebude v dal\u0161\u00edch letech usilovat o po\u0159\u00e1d\u00e1n\u00ed sv\u011btov\u00fdch \u0161ampion\u00e1t\u016f. Pro\u010d se veden\u00ed spole\u010dnosti k tomuto kroku rozhodlo?\" \/>\n<meta name=\"robots\" content=\"index, follow, max-snippet:-1, max-image-preview:large, max-video-preview:-1\" \/>\n<link rel=\"canonical\" href=\"https:\/\/www.srovnator.cz\/clanky\/brno-nechce-poradat-svetove-sampionaty\/\" \/>\n<meta property=\"og:locale\" content=\"cs_CZ\" \/>\n<meta property=\"og:type\" content=\"article\" \/>\n<meta property=\"og:title\" content=\"Brno nechce po\u0159\u00e1dat sv\u011btov\u00e9 \u0161ampion\u00e1ty - Srovn\u00e1tor.cz\" \/>\n<meta property=\"og:description\" content=\"Automotodrom Brno ji\u017e nebude v dal\u0161\u00edch letech usilovat o po\u0159\u00e1d\u00e1n\u00ed sv\u011btov\u00fdch \u0161ampion\u00e1t\u016f. Pro\u010d se veden\u00ed spole\u010dnosti k tomuto kroku rozhodlo?\" \/>\n<meta property=\"og:url\" content=\"https:\/\/www.srovnator.cz\/clanky\/brno-nechce-poradat-svetove-sampionaty\/\" \/>\n<meta property=\"og:site_name\" content=\"Srovn\u00e1tor.cz\" \/>\n<meta property=\"article:publisher\" content=\"https:\/\/www.facebook.com\/srovnator\/\" \/>\n<meta property=\"article:published_time\" content=\"2021-03-04T07:18:21+00:00\" \/>\n<meta property=\"article:modified_time\" content=\"2024-06-24T05:56:01+00:00\" \/>\n<meta property=\"og:image\" content=\"https:\/\/storage.googleapis.com\/wp-resources\/srovnator.cz\/ng\/2022\/06\/2a3d3d12-brno-nechce-poradat-svetove-sampionaty2.jpg\" \/>\n\t<meta property=\"og:image:width\" content=\"1000\" \/>\n\t<meta property=\"og:image:height\" content=\"580\" \/>\n\t<meta property=\"og:image:type\" content=\"image\/jpeg\" \/>\n<meta name=\"author\" content=\"Martin Straka\" \/>\n<meta name=\"twitter:card\" content=\"summary_large_image\" \/>\n<meta name=\"twitter:creator\" content=\"@Srovnator_czech\" \/>\n<meta name=\"twitter:site\" content=\"@Srovnator_czech\" \/>\n<meta name=\"twitter:label1\" content=\"Written by\" \/>\n\t<meta name=\"twitter:data1\" content=\"Martin Straka\" \/>\n\t<meta name=\"twitter:label2\" content=\"Est. reading time\" \/>\n\t<meta name=\"twitter:data2\" content=\"2 minutes\" \/>\n<script type=\"application\/ld+json\" class=\"yoast-schema-graph\">{\"@context\":\"https:\/\/schema.org\",\"@graph\":[{\"@type\":\"WebPage\",\"@id\":\"https:\/\/www.srovnator.cz\/clanky\/brno-nechce-poradat-svetove-sampionaty\/\",\"url\":\"https:\/\/www.srovnator.cz\/clanky\/brno-nechce-poradat-svetove-sampionaty\/\",\"name\":\"Brno nechce po\u0159\u00e1dat sv\u011btov\u00e9 \u0161ampion\u00e1ty - Srovn\u00e1tor.cz\",\"isPartOf\":{\"@id\":\"https:\/\/www.srovnator.cz\/#website\"},\"primaryImageOfPage\":{\"@id\":\"https:\/\/www.srovnator.cz\/clanky\/brno-nechce-poradat-svetove-sampionaty\/#primaryimage\"},\"image\":{\"@id\":\"https:\/\/www.srovnator.cz\/clanky\/brno-nechce-poradat-svetove-sampionaty\/#primaryimage\"},\"thumbnailUrl\":\"https:\/\/storage.googleapis.com\/wp-resources\/srovnator.cz\/ng\/2022\/06\/2a3d3d12-brno-nechce-poradat-svetove-sampionaty2.jpg\",\"datePublished\":\"2021-03-04T07:18:21+00:00\",\"dateModified\":\"2024-06-24T05:56:01+00:00\",\"author\":{\"@id\":\"https:\/\/www.srovnator.cz\/#\/schema\/person\/f2be3ec81eda7dd06cf658cc9aa974ff\"},\"description\":\"Automotodrom Brno ji\u017e nebude v dal\u0161\u00edch letech usilovat o po\u0159\u00e1d\u00e1n\u00ed sv\u011btov\u00fdch \u0161ampion\u00e1t\u016f. Pro\u010d se veden\u00ed spole\u010dnosti k tomuto kroku rozhodlo?\",\"inLanguage\":\"cs-CZ\",\"potentialAction\":[{\"@type\":\"ReadAction\",\"target\":[\"https:\/\/www.srovnator.cz\/clanky\/brno-nechce-poradat-svetove-sampionaty\/\"]}]},{\"@type\":\"ImageObject\",\"inLanguage\":\"cs-CZ\",\"@id\":\"https:\/\/www.srovnator.cz\/clanky\/brno-nechce-poradat-svetove-sampionaty\/#primaryimage\",\"url\":\"https:\/\/storage.googleapis.com\/wp-resources\/srovnator.cz\/ng\/2022\/06\/2a3d3d12-brno-nechce-poradat-svetove-sampionaty2.jpg\",\"contentUrl\":\"https:\/\/storage.googleapis.com\/wp-resources\/srovnator.cz\/ng\/2022\/06\/2a3d3d12-brno-nechce-poradat-svetove-sampionaty2.jpg\",\"width\":1000,\"height\":580,\"caption\":\"Ilustrativn\u00ed obr\u00e1zek\"},{\"@type\":\"WebSite\",\"@id\":\"https:\/\/www.srovnator.cz\/#website\",\"url\":\"https:\/\/www.srovnator.cz\/\",\"name\":\"Srovn\u00e1tor.cz\",\"description\":\"\",\"potentialAction\":[{\"@type\":\"SearchAction\",\"target\":{\"@type\":\"EntryPoint\",\"urlTemplate\":\"https:\/\/www.srovnator.cz\/?s={search_term_string}\"},\"query-input\":{\"@type\":\"PropertyValueSpecification\",\"valueRequired\":true,\"valueName\":\"search_term_string\"}}],\"inLanguage\":\"cs-CZ\"},{\"@type\":\"Person\",\"@id\":\"https:\/\/www.srovnator.cz\/#\/schema\/person\/f2be3ec81eda7dd06cf658cc9aa974ff\",\"name\":\"Martin Straka\",\"image\":{\"@type\":\"ImageObject\",\"inLanguage\":\"cs-CZ\",\"@id\":\"https:\/\/www.srovnator.cz\/#\/schema\/person\/image\/\",\"url\":\"https:\/\/secure.gravatar.com\/avatar\/e91ecfaa01852a8f16b9f65e2ab5c2102d2bb71b2b029fd130ff6c5d21492f36?s=96&d=mm&r=g\",\"contentUrl\":\"https:\/\/secure.gravatar.com\/avatar\/e91ecfaa01852a8f16b9f65e2ab5c2102d2bb71b2b029fd130ff6c5d21492f36?s=96&d=mm&r=g\",\"caption\":\"Martin Straka\"},\"description\":\"Martin Straka je \u0159editelem klientsk\u00e9ho centra a p\u00e9\u010de o z\u00e1kazn\u00edky. Se sv\u00fdm t\u00fdmem poskytuje z\u00e1kazn\u00edk\u016fm Srovn\u00e1tor.cz \u0161pi\u010dkov\u00fd servis a dohl\u00ed\u017e\u00ed na to, aby na\u0161e procesy byly efektivn\u00ed a z\u00e1kazn\u00edci byli spokojen\u00ed nejen p\u0159i sjedn\u00e1n\u00ed nov\u00e9ho produktu, ale i kdykoliv pot\u0159ebuj\u00ed s n\u011b\u010d\u00edm pomoci. Jeho \u010dl\u00e1nky informuj\u00ed nejen o nejnov\u011bj\u0161\u00edch trendech a aktu\u00e1ln\u00edch t\u00e9matech, ale p\u0159in\u00e1\u0161\u00ed i praktick\u00e9 a zaj\u00edmav\u00e9 tipy z r\u016fzn\u00fdch oblast\u00ed b\u011b\u017en\u00e9ho \u017eivota.\",\"url\":\"https:\/\/www.srovnator.cz\/autori\/martin-straka\/\"}]}<\/script>\n<!-- \/ Yoast SEO plugin. -->","yoast_head_json":{"title":"Brno nechce po\u0159\u00e1dat sv\u011btov\u00e9 \u0161ampion\u00e1ty - Srovn\u00e1tor.cz","description":"Automotodrom Brno ji\u017e nebude v dal\u0161\u00edch letech usilovat o po\u0159\u00e1d\u00e1n\u00ed sv\u011btov\u00fdch \u0161ampion\u00e1t\u016f. Pro\u010d se veden\u00ed spole\u010dnosti k tomuto kroku rozhodlo?","robots":{"index":"index","follow":"follow","max-snippet":"max-snippet:-1","max-image-preview":"max-image-preview:large","max-video-preview":"max-video-preview:-1"},"canonical":"https:\/\/www.srovnator.cz\/clanky\/brno-nechce-poradat-svetove-sampionaty\/","og_locale":"cs_CZ","og_type":"article","og_title":"Brno nechce po\u0159\u00e1dat sv\u011btov\u00e9 \u0161ampion\u00e1ty - Srovn\u00e1tor.cz","og_description":"Automotodrom Brno ji\u017e nebude v dal\u0161\u00edch letech usilovat o po\u0159\u00e1d\u00e1n\u00ed sv\u011btov\u00fdch \u0161ampion\u00e1t\u016f. Pro\u010d se veden\u00ed spole\u010dnosti k tomuto kroku rozhodlo?","og_url":"https:\/\/www.srovnator.cz\/clanky\/brno-nechce-poradat-svetove-sampionaty\/","og_site_name":"Srovn\u00e1tor.cz","article_publisher":"https:\/\/www.facebook.com\/srovnator\/","article_published_time":"2021-03-04T07:18:21+00:00","article_modified_time":"2024-06-24T05:56:01+00:00","og_image":[{"width":1000,"height":580,"url":"https:\/\/storage.googleapis.com\/wp-resources\/srovnator.cz\/ng\/2022\/06\/2a3d3d12-brno-nechce-poradat-svetove-sampionaty2.jpg","type":"image\/jpeg"}],"author":"Martin Straka","twitter_card":"summary_large_image","twitter_creator":"@Srovnator_czech","twitter_site":"@Srovnator_czech","twitter_misc":{"Written by":"Martin Straka","Est. reading time":"2 minutes"},"schema":{"@context":"https:\/\/schema.org","@graph":[{"@type":"WebPage","@id":"https:\/\/www.srovnator.cz\/clanky\/brno-nechce-poradat-svetove-sampionaty\/","url":"https:\/\/www.srovnator.cz\/clanky\/brno-nechce-poradat-svetove-sampionaty\/","name":"Brno nechce po\u0159\u00e1dat sv\u011btov\u00e9 \u0161ampion\u00e1ty - Srovn\u00e1tor.cz","isPartOf":{"@id":"https:\/\/www.srovnator.cz\/#website"},"primaryImageOfPage":{"@id":"https:\/\/www.srovnator.cz\/clanky\/brno-nechce-poradat-svetove-sampionaty\/#primaryimage"},"image":{"@id":"https:\/\/www.srovnator.cz\/clanky\/brno-nechce-poradat-svetove-sampionaty\/#primaryimage"},"thumbnailUrl":"https:\/\/storage.googleapis.com\/wp-resources\/srovnator.cz\/ng\/2022\/06\/2a3d3d12-brno-nechce-poradat-svetove-sampionaty2.jpg","datePublished":"2021-03-04T07:18:21+00:00","dateModified":"2024-06-24T05:56:01+00:00","author":{"@id":"https:\/\/www.srovnator.cz\/#\/schema\/person\/f2be3ec81eda7dd06cf658cc9aa974ff"},"description":"Automotodrom Brno ji\u017e nebude v dal\u0161\u00edch letech usilovat o po\u0159\u00e1d\u00e1n\u00ed sv\u011btov\u00fdch \u0161ampion\u00e1t\u016f. Pro\u010d se veden\u00ed spole\u010dnosti k tomuto kroku rozhodlo?","inLanguage":"cs-CZ","potentialAction":[{"@type":"ReadAction","target":["https:\/\/www.srovnator.cz\/clanky\/brno-nechce-poradat-svetove-sampionaty\/"]}]},{"@type":"ImageObject","inLanguage":"cs-CZ","@id":"https:\/\/www.srovnator.cz\/clanky\/brno-nechce-poradat-svetove-sampionaty\/#primaryimage","url":"https:\/\/storage.googleapis.com\/wp-resources\/srovnator.cz\/ng\/2022\/06\/2a3d3d12-brno-nechce-poradat-svetove-sampionaty2.jpg","contentUrl":"https:\/\/storage.googleapis.com\/wp-resources\/srovnator.cz\/ng\/2022\/06\/2a3d3d12-brno-nechce-poradat-svetove-sampionaty2.jpg","width":1000,"height":580,"caption":"Ilustrativn\u00ed obr\u00e1zek"},{"@type":"WebSite","@id":"https:\/\/www.srovnator.cz\/#website","url":"https:\/\/www.srovnator.cz\/","name":"Srovn\u00e1tor.cz","description":"","potentialAction":[{"@type":"SearchAction","target":{"@type":"EntryPoint","urlTemplate":"https:\/\/www.srovnator.cz\/?s={search_term_string}"},"query-input":{"@type":"PropertyValueSpecification","valueRequired":true,"valueName":"search_term_string"}}],"inLanguage":"cs-CZ"},{"@type":"Person","@id":"https:\/\/www.srovnator.cz\/#\/schema\/person\/f2be3ec81eda7dd06cf658cc9aa974ff","name":"Martin Straka","image":{"@type":"ImageObject","inLanguage":"cs-CZ","@id":"https:\/\/www.srovnator.cz\/#\/schema\/person\/image\/","url":"https:\/\/secure.gravatar.com\/avatar\/e91ecfaa01852a8f16b9f65e2ab5c2102d2bb71b2b029fd130ff6c5d21492f36?s=96&d=mm&r=g","contentUrl":"https:\/\/secure.gravatar.com\/avatar\/e91ecfaa01852a8f16b9f65e2ab5c2102d2bb71b2b029fd130ff6c5d21492f36?s=96&d=mm&r=g","caption":"Martin Straka"},"description":"Martin Straka je \u0159editelem klientsk\u00e9ho centra a p\u00e9\u010de o z\u00e1kazn\u00edky. Se sv\u00fdm t\u00fdmem poskytuje z\u00e1kazn\u00edk\u016fm Srovn\u00e1tor.cz \u0161pi\u010dkov\u00fd servis a dohl\u00ed\u017e\u00ed na to, aby na\u0161e procesy byly efektivn\u00ed a z\u00e1kazn\u00edci byli spokojen\u00ed nejen p\u0159i sjedn\u00e1n\u00ed nov\u00e9ho produktu, ale i kdykoliv pot\u0159ebuj\u00ed s n\u011b\u010d\u00edm pomoci. Jeho \u010dl\u00e1nky informuj\u00ed nejen o nejnov\u011bj\u0161\u00edch trendech a aktu\u00e1ln\u00edch t\u00e9matech, ale p\u0159in\u00e1\u0161\u00ed i praktick\u00e9 a zaj\u00edmav\u00e9 tipy z r\u016fzn\u00fdch oblast\u00ed b\u011b\u017en\u00e9ho \u017eivota.","url":"https:\/\/www.srovnator.cz\/autori\/martin-straka\/"}]}},"amp_enabled":true,"_links":{"self":[{"href":"https:\/\/www.srovnator.cz\/rest_api\/wp\/v2\/posts\/5069","targetHints":{"allow":["GET"]}}],"collection":[{"href":"https:\/\/www.srovnator.cz\/rest_api\/wp\/v2\/posts"}],"about":[{"href":"https:\/\/www.srovnator.cz\/rest_api\/wp\/v2\/types\/post"}],"author":[{"embeddable":true,"href":"https:\/\/www.srovnator.cz\/rest_api\/wp\/v2\/users\/7"}],"replies":[{"embeddable":true,"href":"https:\/\/www.srovnator.cz\/rest_api\/wp\/v2\/comments?post=5069"}],"version-history":[{"count":1,"href":"https:\/\/www.srovnator.cz\/rest_api\/wp\/v2\/posts\/5069\/revisions"}],"predecessor-version":[{"id":10098,"href":"https:\/\/www.srovnator.cz\/rest_api\/wp\/v2\/posts\/5069\/revisions\/10098"}],"wp:featuredmedia":[{"embeddable":true,"href":"https:\/\/www.srovnator.cz\/rest_api\/wp\/v2\/media\/5070"}],"wp:attachment":[{"href":"https:\/\/www.srovnator.cz\/rest_api\/wp\/v2\/media?parent=5069"}],"wp:term":[{"taxonomy":"category","embeddable":true,"href":"https:\/\/www.srovnator.cz\/rest_api\/wp\/v2\/categories?post=5069"},{"taxonomy":"post_tag","embeddable":true,"href":"https:\/\/www.srovnator.cz\/rest_api\/wp\/v2\/tags?post=5069"}],"curies":[{"name":"wp","href":"https:\/\/api.w.org\/{rel}","templated":true}]}}