{"id":5199,"date":"2022-02-24T15:14:28","date_gmt":"2022-02-24T14:14:28","guid":{"rendered":"https:\/\/www.srovnator.cz\/clanky\/ostatni\/rallye-dakar-2022-jaky-byl-44-rocnik-legendarniho-zavodu\/"},"modified":"2025-10-20T21:18:42","modified_gmt":"2025-10-20T19:18:42","slug":"rallye-dakar-2022-jaky-byl-44-rocnik-legendarniho-zavodu","status":"publish","type":"post","link":"https:\/\/www.srovnator.cz\/clanky\/rallye-dakar-2022\/","title":{"rendered":"Rallye Dakar 2022 \u2013 jak\u00fd byl 44. ro\u010dn\u00edk legend\u00e1rn\u00edho z\u00e1vodu?"},"content":{"rendered":"<p><strong>Dakarsk\u00e1 Rallye ji\u017e n\u011bkolik des\u00edtek let testuje v\u00fddr\u017e z\u00e1vodn\u00edk\u016f a jejich modifikovan\u00e1 off-road vozidla a motocykly. B\u011bhem z\u00e1vodu pom\u011b\u0159uj\u00ed sv\u00e9 s\u00edly jak profesion\u00e1lov\u00e9, tak amat\u00e9r\u0161t\u00ed z\u00e1vodn\u00edci v&nbsp;r\u016fzn\u00fdch kategori\u00edch. Leto\u0161n\u00ed ro\u010dn\u00edk se&nbsp;op\u011bt kon\u00e1 jen&nbsp;a&nbsp;pouze na&nbsp;\u00fazem\u00ed Saudsk\u00e9 Ar\u00e1bie. Jak\u00e1 byla trasa a&nbsp;jak dopadli \u010de\u0161t\u00ed z\u00e1vodn\u00edci?<\/strong><\/p>\n<img decoding=\"async\" width=\"770\" height=\"513\" src=\"https:\/\/storage.googleapis.com\/wp-resources\/srovnator.cz\/ng\/2022\/06\/54d9c6b0-rallye-dakar-20222-770x513.jpg\" class=\" wp-post-image wp-stateless-item\" alt=\"Rallye Dakar 2022 \u2013 jak\u00fd byl 44. ro\u010dn\u00edk legend\u00e1rn\u00edho z\u00e1vodu?\" title=\"Rallye Dakar 2022 \u2013 jak\u00fd byl 44. ro\u010dn\u00edk legend\u00e1rn\u00edho z\u00e1vodu?\" srcset=\"https:\/\/storage.googleapis.com\/wp-resources\/srovnator.cz\/ng\/2022\/06\/54d9c6b0-rallye-dakar-20222-770x513.jpg 770w, https:\/\/storage.googleapis.com\/wp-resources\/srovnator.cz\/ng\/2022\/06\/54d9c6b0-rallye-dakar-20222.jpg 1000w\" sizes=\"(max-width: 770px) 100vw, 770px\" data-image-size=\"medium\" data-stateless-media-bucket=\"wp-resources\" data-stateless-media-name=\"srovnator.cz\/ng\/2022\/06\/54d9c6b0-rallye-dakar-20222.jpg\" \/><div class=\"small mb-4 mt-2 text-center\">zdroj: Dakar.com<\/div>\n<h2>Rallye Dakar<\/h2>\n<p>Rallye Dakar je&nbsp;z\u00e1vodem off-road vozidel (\u010dasto se&nbsp;speci\u00e1ln\u00edmi ter\u00e9nn\u00edmi \u00fapravami), kter\u00e9ho se&nbsp;mohou z\u00fa\u010dastnit jak profesion\u00e1ln\u00ed z\u00e1vodn\u00edci, tak&nbsp;i&nbsp;amat\u00e9\u0159i \u2013 ti zpravidla tvo\u0159\u00ed p\u0159ibli\u017en\u011b 80&nbsp;% z\u00fa\u010dastn\u011bn\u00fdch z\u00e1vodn\u00edk\u016f.<\/p>\n<p>Ko\u0159eny tohoto z\u00e1vodu sahaj\u00ed a\u017e do&nbsp;konce 70.&nbsp;let 20. stolet\u00ed. Z\u00e1vod vznikl na&nbsp;popud z\u00e1vodn\u00edka jm\u00e9nem Thierry Sabine \u2013 ten se&nbsp;v&nbsp;roce 1977 na&nbsp;t\u0159i dny ztratil v&nbsp;pou\u0161ti b\u011bhem d\u00e1lkov\u00e9ho z\u00e1vodu Abidjan-Nice. Na&nbsp;z\u00e1klad\u011b t\u00e9to zku\u0161enosti se&nbsp;rozhodl uspo\u0159\u00e1dat d\u00e1lkov\u00fd z\u00e1vod skrz Afriku, kter\u00fd&nbsp;odstartoval 26.&nbsp;prosince 1978 a&nbsp;vedl z&nbsp;francouzsk\u00e9 Pa\u0159\u00ed\u017ee a\u017e do&nbsp;Dakaru v&nbsp;Senegalu.<\/p>\n<iframe title=\"Video na YouTube\" width=\"100%\" height=\"361\" src=\"https:\/\/www.youtube.com\/embed\/OC50Iyw-vng?rel=0&showinfo=0\" frameborder=\"0\" allowfullscreen=\"allowfullscreen\" data-link=\"https:\/\/www.youtube.com\/watch?v=OC50Iyw-vng&rel=0&showinfo=0\"><\/iframe>\n<small>Kr\u00e1sn\u00e9 scen\u00e9rie Saudsk\u00e9 Ar\u00e1bie i&nbsp;napjatou atmosf\u00e9ru m\u016f\u017eete \u201cnas\u00e1t\u201d z&nbsp;traileru z\u00e1vodu, zdroj: Dakar.com<\/small><\/p>\n<h2>Dakar 2022<\/h2>\n<p>Leto\u0161n\u00ed 44. ro\u010dn\u00edk z\u00e1vodu Rallye Dakar 2022 se&nbsp;op\u011bt uskute\u010dnil v&nbsp;Saudsk\u00e9 Ar\u00e1bii \u2013 na&nbsp;jej\u00edm \u00fazem\u00ed z\u00e1vod prob\u011bhl ji\u017e pot\u0159et\u00ed. Z\u00e1rove\u0148 je&nbsp;to&nbsp;po\u010dtvrt\u00e9, co&nbsp;se&nbsp;z\u00e1vod za&nbsp;celou svou historii uskute\u010dnil na&nbsp;\u00fazem\u00ed jedin\u00e9ho st\u00e1tu.<\/p>\n<p><img decoding=\"async\" src=\"https:\/\/storage.googleapis.com\/wp-resources\/srovnator.cz\/2022\/02\/64b5c806-rallye-dakar-2022-770x578.jpg\" alt=\"Foto trasy\" width=\"100%\" \/><br \/>\n<small>Foto trasy<\/small><\/p>\n<p>Z\u00e1vod byl&nbsp;odstartov\u00e1n 1.&nbsp;ledna 2022 ve&nbsp;m\u011bst\u011b D\u017eidda, kter\u00e9&nbsp;bylo z\u00e1rove\u0148 jeho c\u00edlem.Trasa byla rozd\u011blena na&nbsp;12 etap o&nbsp;celkov\u00e9 d\u00e9lce p\u0159ibli\u017en\u011b 8&nbsp;100&nbsp;km, z&nbsp;\u010deho\u017e necelou polovinu tvo\u0159ily m\u011b\u0159en\u00e9 \u00faseky. Z\u00e1vodn\u00edky \u010dekal velmi nam\u00e1hav\u00fd ter\u00e9n  a&nbsp;etapy prob\u00edhaj\u00edc\u00ed pouze v&nbsp;pou\u0161tn\u00edch dun\u00e1ch, ale tak\u00e9 jeden odpo\u010dinkov\u00fd den p\u0159\u00edmo v&nbsp;Rij\u00e1du, hlavn\u00edm m\u011bst\u011b Saudsk\u00e9 Ar\u00e1bie.<\/p>\n<div class=\"table-responsive\">\n<table class=\"table table-striped table-borderless\">\n<thead>\n<tr>\n<th>DATUM<\/th>\n<th>ETAPA<\/th>\n<th>D\u00c9LKA V&nbsp;KM<\/th>\n<\/tr>\n<\/thead>\n<tbody>\n<tr>\n<td>1.1.<\/td>\n<td>Jeddah\u2013Ha\u00b4il<\/td>\n<td>614<\/td>\n<\/tr>\n<tr>\n<td>2.1.<\/td>\n<td>Ha\u00b4il\u2013Ha\u00b4il<\/td>\n<td>514<\/td>\n<\/tr>\n<tr>\n<td>3.1.<\/td>\n<td>Ha\u00b4il\u2013Al Artawiyah<\/td>\n<td>568<\/td>\n<\/tr>\n<tr>\n<td>4.1.<\/td>\n<td>Al Artawiyah\u2013Al Qaysumah<\/td>\n<td>555<\/td>\n<\/tr>\n<tr>\n<td>5.1.<\/td>\n<td>Al Qaysumah\u2013Riyadh<\/td>\n<td>707<\/td>\n<\/tr>\n<tr>\n<td>6.1.<\/td>\n<td>Riyadh\u2013Riyadh<\/td>\n<td>560<\/td>\n<\/tr>\n<tr>\n<td>7.1.<\/td>\n<td>Riyadh\u2013Riyadh<\/td>\n<td>618<\/td>\n<\/tr>\n<tr>\n<td>8.1.<\/td>\n<td>Pauza v&nbsp;Rij\u00e1du<\/td>\n<td>X<\/td>\n<\/tr>\n<tr>\n<td>9.1.<\/td>\n<td>Riyadh\u2013Al Dawadimi<\/td>\n<td>701<\/td>\n<\/tr>\n<tr>\n<td>10.1.<\/td>\n<td>Al Dawadimi\u2013Wadi Ad Dawasir<\/td>\n<td>830<\/td>\n<\/tr>\n<tr>\n<td>11.1.<\/td>\n<td>Wadi Ad Dawasir\u2013Wadi Ad Dawasir<\/td>\n<td>491<\/td>\n<\/tr>\n<tr>\n<td>12.1.<\/td>\n<td>Wadi Ad Dawasir\u2013Bisha<\/td>\n<td>759<\/td>\n<\/tr>\n<tr>\n<td>13.1.<\/td>\n<td>Bisha\u2013Bisha<\/td>\n<td>501<\/td>\n<\/tr>\n<tr>\n<td>14.1.<\/td>\n<td>Bisha\u2013Jeddah<\/td>\n<td>680<\/td>\n<\/tr>\n<\/tbody>\n<\/table>\n<\/div>\n<p><small>Tabulka tras a&nbsp;d\u00e9lek jednotliv\u00fdch etap z\u00e1vodu Dakar 2022.<\/small><\/p>\n<h2>Jednotliv\u00e9 kategorie a&nbsp;v\u00fdsledky \u010desk\u00fdch z\u00e1vodn\u00edk\u016f<\/h2>\n<p>Jako obvykle mohli z\u00e1vodn\u00edci startovat hned v&nbsp;n\u011bkolika kategori\u00edch rozd\u011blen\u00fdch podle typu vozu. Vyjma jedn\u00e9 kategorie byly v\u0161echny obsazeny \u010desk\u00fdmi z\u00e1vodn\u00edky, mezi kter\u00fdmi byly i&nbsp;dv\u011b \u017eeny. \u017d\u00e1dn\u00ed \u010de\u0161t\u00ed z\u00e1vodn\u00edci sice nest\u00e1li na&nbsp;stupni v\u00edt\u011bz\u016f, ale celkov\u011b si nevedli v\u016fbec \u0161patn\u011b. Nejl\u00e9pe dopadl Zden\u011bk T\u016fma v&nbsp;kategorii \u010dty\u0159kolek \u2013 obsadil kr\u00e1sn\u00e9 4.&nbsp;m\u00edsto.  Z\u00e1vodilo se&nbsp;dohromady v&nbsp;7 kategori\u00edch:<\/p>\n<ul>\n<li>\n        <strong>Automobily<\/strong><\/p>\n<ul>\n<li>23.&nbsp;m\u00edsto \u2013 M. Zapletal, M. S\u00fdkora (Ford);<\/li>\n<li>24.&nbsp;m\u00edsto \u2013 M. Prokop, V. Chytka (Ford).<\/li>\n<\/ul>\n<\/li>\n<li>\n        <strong>Motocykly<\/strong><\/p>\n<ul>\n<li>23.&nbsp;m\u00edsto \u2013 J. Brabec (KTM),<\/li>\n<li>30.&nbsp;m\u00edsto \u2013 J. Engel (KTM),<\/li>\n<li>36.&nbsp;m\u00edsto \u2013 M. Michek (KTM).<\/li>\n<\/ul>\n<\/li>\n<li>\n        <strong>Kamiony<\/strong><\/p>\n<ul>\n<li>7.&nbsp;m\u00edsto \u2013 M. Mac\u00edk, F. Tom\u00e1\u0161ek, D. \u0160vanda (Iveco).<\/li>\n<\/ul>\n<\/li>\n<li>\n        <strong>\u010cty\u0159kolky<\/strong><\/p>\n<ul>\n<li>4.&nbsp;m\u00edsto \u2013 Z. T\u016fma (Yamaha).<\/li>\n<\/ul>\n<\/li>\n<li>\n        <strong>Lehk\u00e9 Prototypy<\/strong><\/p>\n<ul>\n<li>22.&nbsp;m\u00edsto \u2013 J. Mach\u00e1\u010dek, P.&nbsp;Vyoral (Can-Am).<\/li>\n<\/ul>\n<\/li>\n<li>\n        <strong>Klasik<\/strong><\/p>\n<ul>\n<li>14.&nbsp;m\u00edsto \u2013 O. Klym\u010diw, T. B\u00f6hm (\u0160koda 130 LR);<\/li>\n<li>19.&nbsp;m\u00edsto \u2013 Z. Ondr\u00e1\u010dek, R. Lhotsk\u00fd (Toyota);<\/li>\n<li>117.&nbsp;m\u00edsto \u2013 M. \u010c\u00e1bela, O. Lounov\u00e1 (Mercedes G500);<\/li>\n<li>119.&nbsp;m\u00edsto \u2013 D. Rand\u00fdsek, F. Rand\u00fdsek (Land Rover);<\/li>\n<li>121.&nbsp;m\u00edsto \u2013 P.&nbsp;Fiala, T. Fiala (Land Rover);<\/li>\n<li>127.&nbsp;m\u00edsto \u2013 O. Rou\u010dkov\u00e1, R. Knobloch (Suzuki Samurai);<\/li>\n<li>129.&nbsp;m\u00edsto \u2013 A. Pance, \u0160. Pance (Land Rover).<\/li>\n<\/ul>\n<\/li>\n<\/ul>\n<h2>Nej\u010dast\u011bji kladen\u00e9 ot\u00e1zky \u2013 FAQ<\/h2>\n<div class=\"accordion faq \" id=\"accon0\">\n    <div class=\"accordion-item\">\n        <h3 class=\"accordion-header \" id=\"head-9412\">\n            <button class=\"accordion-button align-items-start collapsed\" type=\"button\" data-bs-toggle=\"collapse\" data-bs-target=\"#item-49397\" aria-expanded=\"true\" aria-controls=\"item-49397\">\n            Jak\u00e1 byla trasa Rallye Dakar 2022?\n            <\/button>\n        <\/h3>\n        <div id=\"item-49397\" class=\"accordion-collapse collapse \" aria-labelledby=\"head-9412\" data-bs-parent=\"#accon0\">\n            <div class=\"accordion-body\">\n        Cel\u00e1 trasa Rallye Dakar 2022 se odehr\u00e1vala na \u00fazem\u00ed Saudsk\u00e9 Ar\u00e1bie. Z\u00e1vod startoval ve m\u011bst\u011b D\u017eidda, kter\u00e9 tvo\u0159ilo z\u00e1rove\u0148 i c\u00edl. Z\u00e1vod byl rozd\u011blen\u00fd na 12 etap o celkov\u00e9 d\u00e9lce p\u0159ibli\u017en\u011b 8 100 km. Trasa vedla p\u0159es tato m\u00edsta: Jeddah\u2013Ha\u00b4il\u2013Al Artawiyah\u2013Al Qaysumah\u2013Riyadh\u2013Al Dawadimi\u2013Wadi Ad Dawasir\u2013Bisha\u2013Jeddah.<br \/>\n    <\/div>\n        <\/div>\n    <\/div>\n    <div class=\"accordion-item\">\n        <h3 class=\"accordion-header \" id=\"head-91584\">\n            <button class=\"accordion-button align-items-start collapsed\" type=\"button\" data-bs-toggle=\"collapse\" data-bs-target=\"#item-87322\" aria-expanded=\"true\" aria-controls=\"item-87322\">\n            Jac\u00ed byli \u010dlenov\u00e9 \u010desk\u00e9ho t\u00fdmu Rallye Dakar 2022?\n            <\/button>\n        <\/h3>\n        <div id=\"item-87322\" class=\"accordion-collapse collapse \" aria-labelledby=\"head-91584\" data-bs-parent=\"#accon0\">\n            <div class=\"accordion-body\">\n<p>Z\u00e1vodu se&nbsp;z\u00fa\u010dastnila i&nbsp;velk\u00e1 spousta \u010desk\u00fdch z\u00e1vodn\u00edk\u016f. Jejich v\u00fdpis, v\u010detn\u011b zahrani\u010dn\u00fdch \u010dlen\u016f, kte\u0159\u00ed tvo\u0159ili dohromady t\u00fdm se&nbsp;\u010desk\u00fdmi jezdci, najdete v&nbsp;uveden\u00e9m seznamu.<\/p>\n<ul>\n<li>\n                <strong>Automobily<\/strong><\/p>\n<ul>\n<li>Martin Prokop, Viktor Chytka (Ford);<\/li>\n<li>Miroslav Zapletal, Marek S\u00fdkora (SR) (Ford).<\/li>\n<\/ul>\n<\/li>\n<li>\n                <strong>Motocykly<\/strong><\/p>\n<ul>\n<li>Milan Engel (KTM),<\/li>\n<li>Martin Michek (KTM),<\/li>\n<li>Jan Brabec (KTM)<\/li>\n<li>David Pabi\u0161ka (KTM).<\/li>\n<\/ul>\n<\/li>\n<li>\n                <strong>Kamiony<\/strong><\/p>\n<ul>\n<li>Martin Mac\u00edk, Franti\u0161ek Tom\u00e1\u0161ek, David \u0160vanda (Iveco);<\/li>\n<li>Ale\u0161 Loprais, Petr Pokora, Jaroslav Valtr ml. (Praga);<\/li>\n<li>Martin \u0160oltys, Roman Krej\u010d\u00ed, Jakub Ji\u0159inec (Iveco);<\/li>\n<li>Tom\u00e1\u0161 Vr\u00e1tn\u00fd, Jarom\u00edr Martinec, Bartolomiej Boba (PL) (Ford);<\/li>\n<li>Tom\u00e1\u0161 Tome\u010dek, Leopold Pa\u010four, Niccolo Funaioli (IT) (Tatra);<\/li>\n<li>Tom\u00e1\u0161 \u0160ikora, Ignacio Casale (Chile), \u00c1lvaro Le\u00f3n (Chile) (Tatra).<\/li>\n<\/ul>\n<\/li>\n<li>\n                <strong>\u010cty\u0159kolky<\/strong><\/p>\n<ul>\n<li>Tom\u00e1\u0161 Kubiena (Yamaha), Zden\u011bk T\u016fma (Yamaha).<\/li>\n<li>Lehk\u00e9 prototypy<\/li>\n<li>Josef Mach\u00e1\u010dek, Pavel Vyoral (Can-Am).<\/li>\n<li>Klasik<\/li>\n<li>Ond\u0159ej Klym\u010diw, Tom\u00e1\u0161 B\u00f6hm (\u0160koda 130 LR);<\/li>\n<li>Martin \u010c\u00e1bela, Olga Lounov\u00e1 (Mercedes G500);<\/li>\n<li>Olga Rou\u010dkov\u00e1, Robert Knobloch (Suzuki Samurai);<\/li>\n<li>Du\u0161an Rand\u00fdsek, Franti\u0161ek Rand\u00fdsek (Land Rover);<\/li>\n<li>Zden\u011bk Ondr\u00e1\u010dek, Vlastimil Forejt (Toyota Land Cruiser);<\/li>\n<li>Petr Fiala, Tom\u00e1\u0161 Fiala (Land Rover);<\/li>\n<li>Josef Kalina, Radovan Kazarka (SR), R\u00f3bert Kas\u00e1k (SR) (Tatra 815);<\/li>\n<li>Albert Pance, \u0160t\u011bp\u00e1n Pance (Land Rover).<\/li>\n<\/ul>\n<\/li>\n<\/ul>\n<p>    <\/div>\n        <\/div>\n    <\/div>\n<\/div>\n","protected":false},"excerpt":{"rendered":"<p>Jak dopadl leto\u0161n\u00ed ro\u010dn\u00edk Rallye Dakar 2022? Trasu, vzd\u00e1lenost, ale p\u0159edev\u0161\u00edm v\u00fdsledky \u010desk\u00fdch z\u00e1vodn\u00edk\u016f V\u00e1m p\u0159in\u00e1\u0161\u00ed tento \u010dl\u00e1nek.<\/p>\n","protected":false},"author":7,"featured_media":5200,"comment_status":"closed","ping_status":"closed","sticky":false,"template":"","format":"standard","meta":{"_acf_changed":false,"footnotes":""},"categories":[1],"tags":[624,382,1025],"class_list":["post-5199","post","type-post","status-publish","format-standard","has-post-thumbnail","hentry","category-ostatni","tag-nakladni-vozidlo","tag-sport","tag-zavodni-vozidlo"],"acf":{"znacka":"","model":"","objem":"","vyrobeno":"","vykon":"","velikost_1":"","velikost_2":"","velikost_3":"","velikost_4":"","roky":"","roky_velikost_1":"","roky_velikost_2":"","roky_velikost_3":"","roky_velikost_4":"","pocet_kalkulaci":0,"page_post_meta_bread":"Rallye Dakar 2022","page_post_meta_bread_child":"","page_post_meta_script_head":"<script type=\"application\/ld+json\">\r\n    {\r\n        \"@context\": \"https:\/\/schema.org\",\r\n        \"@type\": \"FAQPage\",\r\n        \"mainEntity\": [{\r\n            \"@type\": \"Question\",\r\n            \"name\": \"Jak\u00e1 byla trasa Rallye Dakar 2022?\",\r\n            \"acceptedAnswer\": {\r\n                \"@type\": \"Answer\",\r\n                \"text\": \"Cel\u00e1 trasa Rallye Dakar 2022 se odehr\u00e1vala na \u00fazem\u00ed Saudsk\u00e9 Ar\u00e1bie. Z\u00e1vod startoval ve m\u011bst\u011b D\u017eidda, kter\u00e9 tvo\u0159ilo z\u00e1rove\u0148 i c\u00edl. Z\u00e1vod byl rozd\u011blen\u00fd na 12 etap o celkov\u00e9 d\u00e9lce p\u0159ibli\u017en\u011b 8 100 km. Trasa vedla p\u0159es tato m\u00edsta: Jeddah\u2013Ha\u00b4il\u2013Al Artawiyah\u2013Al Qaysumah\u2013Riyadh\u2013Al Dawadimi\u2013Wadi Ad Dawasir\u2013Bisha\u2013Jeddah.\"\r\n                }\r\n            }, {\r\n            \"@type\": \"Question\",\r\n            \"name\": \"Jac\u00ed byli \u010dlenov\u00e9 \u010desk\u00e9ho t\u00fdmu Rallye Dakar 2022? \",\r\n            \"acceptedAnswer\": {\r\n                \"@type\": \"Answer\",\r\n                \"text\": \"<p>Z\u00e1vodu se&nbsp;z\u00fa\u010dastnila i&nbsp;velk\u00e1 spousta \u010desk\u00fdch z\u00e1vodn\u00edk\u016f. Jejich v\u00fdpis, v\u010detn\u011b zahrani\u010dn\u00fdch \u010dlen\u016f, kte\u0159\u00ed tvo\u0159ili dohromady t\u00fdm se&nbsp;\u010desk\u00fdmi jezdci, najdete v&nbsp;uveden\u00e9m seznamu.<\/p>\r\n<ul>\r\n    <li>\r\n        <strong>Automobily<\/strong>\r\n        <ul>\r\n            <li>Martin Prokop, Viktor Chytka (Ford);<\/li>\r\n            <li>Miroslav Zapletal, Marek S\u00fdkora (SR) (Ford).<\/li>\r\n        <\/ul>\r\n    <\/li>\r\n    <li>\r\n        <strong>Motocykly<\/strong>\r\n        <ul>\r\n            <li>Milan Engel (KTM),<\/li>\r\n            <li>Martin Michek (KTM),<\/li>\r\n            <li>Jan Brabec (KTM)<\/li>\r\n            <li>David Pabi\u0161ka (KTM).<\/li>\r\n        <\/ul>\r\n    <\/li>\r\n    <li>\r\n        <strong>Kamiony<\/strong>\r\n        <ul>\r\n            <li>Martin Mac\u00edk, Franti\u0161ek Tom\u00e1\u0161ek, David \u0160vanda (Iveco);<\/li>\r\n            <li>Ale\u0161 Loprais, Petr Pokora, Jaroslav Valtr ml. (Praga);<\/li>\r\n            <li>Martin \u0160oltys, Roman Krej\u010d\u00ed, Jakub Ji\u0159inec (Iveco);<\/li>\r\n            <li>Tom\u00e1\u0161 Vr\u00e1tn\u00fd, Jarom\u00edr Martinec, Bartolomiej Boba (PL) (Ford);<\/li>\r\n            <li>Tom\u00e1\u0161 Tome\u010dek, Leopold Pa\u010four, Niccolo Funaioli (IT) (Tatra);<\/li>\r\n            <li>Tom\u00e1\u0161 \u0160ikora, Ignacio Casale (Chile), \u00c1lvaro Le\u00f3n (Chile) (Tatra).<\/li>\r\n        <\/ul>\r\n    <\/li>\r\n    <li>\r\n        <strong>\u010cty\u0159kolky<\/strong>\r\n        <ul>\r\n            <li>Tom\u00e1\u0161 Kubiena (Yamaha), Zden\u011bk T\u016fma (Yamaha).<\/li>\r\n            <li>Lehk\u00e9 prototypy<\/li>\r\n            <li>Josef Mach\u00e1\u010dek, Pavel Vyoral (Can-Am).<\/li>\r\n            <li>Klasik<\/li>\r\n            <li>Ond\u0159ej Klym\u010diw, Tom\u00e1\u0161 B\u00f6hm (\u0160koda 130 LR);<\/li>\r\n            <li>Martin \u010c\u00e1bela, Olga Lounov\u00e1 (Mercedes G500);<\/li>\r\n            <li>Olga Rou\u010dkov\u00e1, Robert Knobloch (Suzuki Samurai);<\/li>\r\n            <li>Du\u0161an Rand\u00fdsek, Franti\u0161ek Rand\u00fdsek (Land Rover);<\/li>\r\n            <li>Zden\u011bk Ondr\u00e1\u010dek, Vlastimil Forejt (Toyota Land Cruiser);<\/li>\r\n            <li>Petr Fiala, Tom\u00e1\u0161 Fiala (Land Rover);<\/li>\r\n            <li>Josef Kalina, Radovan Kazarka (SR), R\u00f3bert Kas\u00e1k (SR) (Tatra 815);<\/li>\r\n            <li>Albert Pance, \u0160t\u011bp\u00e1n Pance (Land Rover).<\/li>\r\n        <\/ul>\r\n    <\/li>\r\n<\/ul>\"\r\n                }\r\n            }\r\n        ]\r\n    }\r\n<\/script>\r\n<script type=\"application\/ld+json\">\r\n{\r\n\t\"@context\": \"https:\/\/schema.org\",\r\n\t\"@type\": \"VideoObject\",\r\n\t\"name\": \"Teaser - #Dakar2022\",\r\n\t\"description\": \"More information:https:\/\/www.dakar.com https:\/\/www.facebook.com\/Dakar https:\/\/www.twitter.com\/Dakar https:\/\/www.instagram.com\/DakarRally #Dakar2022\u00a9 Amaury S...\",\r\n\t\"thumbnailUrl\": \"https:\/\/i.ytimg.com\/vi\/OC50Iyw-vng\/mqdefault.jpg\",\r\n\t\"duration\": \"PT2M5S\",\r\n\t\"contentUrl\": \"https:\/\/www.youtube.com\/watch?v=OC50Iyw-vng\",\r\n\t\"embedUrl\": \"https:\/\/www.youtube.com\/embed\/OC50Iyw-vng\",\r\n\t\"uploadDate\": \"2021-11-28T12:00:10-08:00\"\r\n}\r\n<\/script>","page_post_meta_leaving_screen":"cat"},"yoast_head":"<!-- This site is optimized with the Yoast SEO plugin v25.5 - https:\/\/yoast.com\/wordpress\/plugins\/seo\/ -->\n<title>Rallye Dakar 2022 - Srovn\u00e1tor.cz<\/title>\n<meta name=\"description\" content=\"Jak dopadl leto\u0161n\u00ed ro\u010dn\u00edk Rallye Dakar 2022? Trasu, vzd\u00e1lenost, ale p\u0159edev\u0161\u00edm v\u00fdsledky \u010desk\u00fdch z\u00e1vodn\u00edk\u016f V\u00e1m p\u0159in\u00e1\u0161\u00ed tento \u010dl\u00e1nek.\" \/>\n<meta name=\"robots\" content=\"index, follow, max-snippet:-1, max-image-preview:large, max-video-preview:-1\" \/>\n<link rel=\"canonical\" href=\"https:\/\/www.srovnator.cz\/clanky\/rallye-dakar-2022\/\" \/>\n<meta property=\"og:locale\" content=\"cs_CZ\" \/>\n<meta property=\"og:type\" content=\"article\" \/>\n<meta property=\"og:title\" content=\"Rallye Dakar 2022 - Srovn\u00e1tor.cz\" \/>\n<meta property=\"og:description\" content=\"Jak dopadl leto\u0161n\u00ed ro\u010dn\u00edk Rallye Dakar 2022? Trasu, vzd\u00e1lenost, ale p\u0159edev\u0161\u00edm v\u00fdsledky \u010desk\u00fdch z\u00e1vodn\u00edk\u016f V\u00e1m p\u0159in\u00e1\u0161\u00ed tento \u010dl\u00e1nek.\" \/>\n<meta property=\"og:url\" content=\"https:\/\/www.srovnator.cz\/clanky\/rallye-dakar-2022\/\" \/>\n<meta property=\"og:site_name\" content=\"Srovn\u00e1tor.cz\" \/>\n<meta property=\"article:publisher\" content=\"https:\/\/www.facebook.com\/srovnator\/\" \/>\n<meta property=\"article:published_time\" content=\"2022-02-24T14:14:28+00:00\" \/>\n<meta property=\"article:modified_time\" content=\"2025-10-20T19:18:42+00:00\" \/>\n<meta property=\"og:image\" content=\"https:\/\/storage.googleapis.com\/wp-resources\/srovnator.cz\/ng\/2022\/06\/54d9c6b0-rallye-dakar-20222.jpg\" \/>\n\t<meta property=\"og:image:width\" content=\"1000\" \/>\n\t<meta property=\"og:image:height\" content=\"666\" \/>\n\t<meta property=\"og:image:type\" content=\"image\/jpeg\" \/>\n<meta name=\"author\" content=\"Martin Straka\" \/>\n<meta name=\"twitter:card\" content=\"summary_large_image\" \/>\n<meta name=\"twitter:creator\" content=\"@Srovnator_czech\" \/>\n<meta name=\"twitter:site\" content=\"@Srovnator_czech\" \/>\n<meta name=\"twitter:label1\" content=\"Written by\" \/>\n\t<meta name=\"twitter:data1\" content=\"Martin Straka\" \/>\n\t<meta name=\"twitter:label2\" content=\"Est. reading time\" \/>\n\t<meta name=\"twitter:data2\" content=\"5 minutes\" \/>\n<script type=\"application\/ld+json\" class=\"yoast-schema-graph\">{\"@context\":\"https:\/\/schema.org\",\"@graph\":[{\"@type\":\"WebPage\",\"@id\":\"https:\/\/www.srovnator.cz\/clanky\/rallye-dakar-2022\/\",\"url\":\"https:\/\/www.srovnator.cz\/clanky\/rallye-dakar-2022\/\",\"name\":\"Rallye Dakar 2022 - Srovn\u00e1tor.cz\",\"isPartOf\":{\"@id\":\"https:\/\/www.srovnator.cz\/#website\"},\"primaryImageOfPage\":{\"@id\":\"https:\/\/www.srovnator.cz\/clanky\/rallye-dakar-2022\/#primaryimage\"},\"image\":{\"@id\":\"https:\/\/www.srovnator.cz\/clanky\/rallye-dakar-2022\/#primaryimage\"},\"thumbnailUrl\":\"https:\/\/storage.googleapis.com\/wp-resources\/srovnator.cz\/ng\/2022\/06\/54d9c6b0-rallye-dakar-20222.jpg\",\"datePublished\":\"2022-02-24T14:14:28+00:00\",\"dateModified\":\"2025-10-20T19:18:42+00:00\",\"author\":{\"@id\":\"https:\/\/www.srovnator.cz\/#\/schema\/person\/f2be3ec81eda7dd06cf658cc9aa974ff\"},\"description\":\"Jak dopadl leto\u0161n\u00ed ro\u010dn\u00edk Rallye Dakar 2022? Trasu, vzd\u00e1lenost, ale p\u0159edev\u0161\u00edm v\u00fdsledky \u010desk\u00fdch z\u00e1vodn\u00edk\u016f V\u00e1m p\u0159in\u00e1\u0161\u00ed tento \u010dl\u00e1nek.\",\"inLanguage\":\"cs-CZ\",\"potentialAction\":[{\"@type\":\"ReadAction\",\"target\":[\"https:\/\/www.srovnator.cz\/clanky\/rallye-dakar-2022\/\"]}]},{\"@type\":\"ImageObject\",\"inLanguage\":\"cs-CZ\",\"@id\":\"https:\/\/www.srovnator.cz\/clanky\/rallye-dakar-2022\/#primaryimage\",\"url\":\"https:\/\/storage.googleapis.com\/wp-resources\/srovnator.cz\/ng\/2022\/06\/54d9c6b0-rallye-dakar-20222.jpg\",\"contentUrl\":\"https:\/\/storage.googleapis.com\/wp-resources\/srovnator.cz\/ng\/2022\/06\/54d9c6b0-rallye-dakar-20222.jpg\",\"width\":1000,\"height\":666,\"caption\":\"Momentka ze z\u00e1vodu Rallye Dakar 2022. zdroj: Dakar.com\"},{\"@type\":\"WebSite\",\"@id\":\"https:\/\/www.srovnator.cz\/#website\",\"url\":\"https:\/\/www.srovnator.cz\/\",\"name\":\"Srovn\u00e1tor.cz\",\"description\":\"\",\"potentialAction\":[{\"@type\":\"SearchAction\",\"target\":{\"@type\":\"EntryPoint\",\"urlTemplate\":\"https:\/\/www.srovnator.cz\/?s={search_term_string}\"},\"query-input\":{\"@type\":\"PropertyValueSpecification\",\"valueRequired\":true,\"valueName\":\"search_term_string\"}}],\"inLanguage\":\"cs-CZ\"},{\"@type\":\"Person\",\"@id\":\"https:\/\/www.srovnator.cz\/#\/schema\/person\/f2be3ec81eda7dd06cf658cc9aa974ff\",\"name\":\"Martin Straka\",\"image\":{\"@type\":\"ImageObject\",\"inLanguage\":\"cs-CZ\",\"@id\":\"https:\/\/www.srovnator.cz\/#\/schema\/person\/image\/\",\"url\":\"https:\/\/secure.gravatar.com\/avatar\/e91ecfaa01852a8f16b9f65e2ab5c2102d2bb71b2b029fd130ff6c5d21492f36?s=96&d=mm&r=g\",\"contentUrl\":\"https:\/\/secure.gravatar.com\/avatar\/e91ecfaa01852a8f16b9f65e2ab5c2102d2bb71b2b029fd130ff6c5d21492f36?s=96&d=mm&r=g\",\"caption\":\"Martin Straka\"},\"description\":\"Martin Straka je \u0159editelem klientsk\u00e9ho centra a p\u00e9\u010de o z\u00e1kazn\u00edky. Se sv\u00fdm t\u00fdmem poskytuje z\u00e1kazn\u00edk\u016fm Srovn\u00e1tor.cz \u0161pi\u010dkov\u00fd servis a dohl\u00ed\u017e\u00ed na to, aby na\u0161e procesy byly efektivn\u00ed a z\u00e1kazn\u00edci byli spokojen\u00ed nejen p\u0159i sjedn\u00e1n\u00ed nov\u00e9ho produktu, ale i kdykoliv pot\u0159ebuj\u00ed s n\u011b\u010d\u00edm pomoci. Jeho \u010dl\u00e1nky informuj\u00ed nejen o nejnov\u011bj\u0161\u00edch trendech a aktu\u00e1ln\u00edch t\u00e9matech, ale p\u0159in\u00e1\u0161\u00ed i praktick\u00e9 a zaj\u00edmav\u00e9 tipy z r\u016fzn\u00fdch oblast\u00ed b\u011b\u017en\u00e9ho \u017eivota.\",\"url\":\"https:\/\/www.srovnator.cz\/autori\/martin-straka\/\"}]}<\/script>\n<!-- \/ Yoast SEO plugin. -->","yoast_head_json":{"title":"Rallye Dakar 2022 - Srovn\u00e1tor.cz","description":"Jak dopadl leto\u0161n\u00ed ro\u010dn\u00edk Rallye Dakar 2022? Trasu, vzd\u00e1lenost, ale p\u0159edev\u0161\u00edm v\u00fdsledky \u010desk\u00fdch z\u00e1vodn\u00edk\u016f V\u00e1m p\u0159in\u00e1\u0161\u00ed tento \u010dl\u00e1nek.","robots":{"index":"index","follow":"follow","max-snippet":"max-snippet:-1","max-image-preview":"max-image-preview:large","max-video-preview":"max-video-preview:-1"},"canonical":"https:\/\/www.srovnator.cz\/clanky\/rallye-dakar-2022\/","og_locale":"cs_CZ","og_type":"article","og_title":"Rallye Dakar 2022 - Srovn\u00e1tor.cz","og_description":"Jak dopadl leto\u0161n\u00ed ro\u010dn\u00edk Rallye Dakar 2022? Trasu, vzd\u00e1lenost, ale p\u0159edev\u0161\u00edm v\u00fdsledky \u010desk\u00fdch z\u00e1vodn\u00edk\u016f V\u00e1m p\u0159in\u00e1\u0161\u00ed tento \u010dl\u00e1nek.","og_url":"https:\/\/www.srovnator.cz\/clanky\/rallye-dakar-2022\/","og_site_name":"Srovn\u00e1tor.cz","article_publisher":"https:\/\/www.facebook.com\/srovnator\/","article_published_time":"2022-02-24T14:14:28+00:00","article_modified_time":"2025-10-20T19:18:42+00:00","og_image":[{"width":1000,"height":666,"url":"https:\/\/storage.googleapis.com\/wp-resources\/srovnator.cz\/ng\/2022\/06\/54d9c6b0-rallye-dakar-20222.jpg","type":"image\/jpeg"}],"author":"Martin Straka","twitter_card":"summary_large_image","twitter_creator":"@Srovnator_czech","twitter_site":"@Srovnator_czech","twitter_misc":{"Written by":"Martin Straka","Est. reading time":"5 minutes"},"schema":{"@context":"https:\/\/schema.org","@graph":[{"@type":"WebPage","@id":"https:\/\/www.srovnator.cz\/clanky\/rallye-dakar-2022\/","url":"https:\/\/www.srovnator.cz\/clanky\/rallye-dakar-2022\/","name":"Rallye Dakar 2022 - Srovn\u00e1tor.cz","isPartOf":{"@id":"https:\/\/www.srovnator.cz\/#website"},"primaryImageOfPage":{"@id":"https:\/\/www.srovnator.cz\/clanky\/rallye-dakar-2022\/#primaryimage"},"image":{"@id":"https:\/\/www.srovnator.cz\/clanky\/rallye-dakar-2022\/#primaryimage"},"thumbnailUrl":"https:\/\/storage.googleapis.com\/wp-resources\/srovnator.cz\/ng\/2022\/06\/54d9c6b0-rallye-dakar-20222.jpg","datePublished":"2022-02-24T14:14:28+00:00","dateModified":"2025-10-20T19:18:42+00:00","author":{"@id":"https:\/\/www.srovnator.cz\/#\/schema\/person\/f2be3ec81eda7dd06cf658cc9aa974ff"},"description":"Jak dopadl leto\u0161n\u00ed ro\u010dn\u00edk Rallye Dakar 2022? Trasu, vzd\u00e1lenost, ale p\u0159edev\u0161\u00edm v\u00fdsledky \u010desk\u00fdch z\u00e1vodn\u00edk\u016f V\u00e1m p\u0159in\u00e1\u0161\u00ed tento \u010dl\u00e1nek.","inLanguage":"cs-CZ","potentialAction":[{"@type":"ReadAction","target":["https:\/\/www.srovnator.cz\/clanky\/rallye-dakar-2022\/"]}]},{"@type":"ImageObject","inLanguage":"cs-CZ","@id":"https:\/\/www.srovnator.cz\/clanky\/rallye-dakar-2022\/#primaryimage","url":"https:\/\/storage.googleapis.com\/wp-resources\/srovnator.cz\/ng\/2022\/06\/54d9c6b0-rallye-dakar-20222.jpg","contentUrl":"https:\/\/storage.googleapis.com\/wp-resources\/srovnator.cz\/ng\/2022\/06\/54d9c6b0-rallye-dakar-20222.jpg","width":1000,"height":666,"caption":"Momentka ze z\u00e1vodu Rallye Dakar 2022. zdroj: Dakar.com"},{"@type":"WebSite","@id":"https:\/\/www.srovnator.cz\/#website","url":"https:\/\/www.srovnator.cz\/","name":"Srovn\u00e1tor.cz","description":"","potentialAction":[{"@type":"SearchAction","target":{"@type":"EntryPoint","urlTemplate":"https:\/\/www.srovnator.cz\/?s={search_term_string}"},"query-input":{"@type":"PropertyValueSpecification","valueRequired":true,"valueName":"search_term_string"}}],"inLanguage":"cs-CZ"},{"@type":"Person","@id":"https:\/\/www.srovnator.cz\/#\/schema\/person\/f2be3ec81eda7dd06cf658cc9aa974ff","name":"Martin Straka","image":{"@type":"ImageObject","inLanguage":"cs-CZ","@id":"https:\/\/www.srovnator.cz\/#\/schema\/person\/image\/","url":"https:\/\/secure.gravatar.com\/avatar\/e91ecfaa01852a8f16b9f65e2ab5c2102d2bb71b2b029fd130ff6c5d21492f36?s=96&d=mm&r=g","contentUrl":"https:\/\/secure.gravatar.com\/avatar\/e91ecfaa01852a8f16b9f65e2ab5c2102d2bb71b2b029fd130ff6c5d21492f36?s=96&d=mm&r=g","caption":"Martin Straka"},"description":"Martin Straka je \u0159editelem klientsk\u00e9ho centra a p\u00e9\u010de o z\u00e1kazn\u00edky. Se sv\u00fdm t\u00fdmem poskytuje z\u00e1kazn\u00edk\u016fm Srovn\u00e1tor.cz \u0161pi\u010dkov\u00fd servis a dohl\u00ed\u017e\u00ed na to, aby na\u0161e procesy byly efektivn\u00ed a z\u00e1kazn\u00edci byli spokojen\u00ed nejen p\u0159i sjedn\u00e1n\u00ed nov\u00e9ho produktu, ale i kdykoliv pot\u0159ebuj\u00ed s n\u011b\u010d\u00edm pomoci. Jeho \u010dl\u00e1nky informuj\u00ed nejen o nejnov\u011bj\u0161\u00edch trendech a aktu\u00e1ln\u00edch t\u00e9matech, ale p\u0159in\u00e1\u0161\u00ed i praktick\u00e9 a zaj\u00edmav\u00e9 tipy z r\u016fzn\u00fdch oblast\u00ed b\u011b\u017en\u00e9ho \u017eivota.","url":"https:\/\/www.srovnator.cz\/autori\/martin-straka\/"}]}},"amp_enabled":true,"_links":{"self":[{"href":"https:\/\/www.srovnator.cz\/rest_api\/wp\/v2\/posts\/5199","targetHints":{"allow":["GET"]}}],"collection":[{"href":"https:\/\/www.srovnator.cz\/rest_api\/wp\/v2\/posts"}],"about":[{"href":"https:\/\/www.srovnator.cz\/rest_api\/wp\/v2\/types\/post"}],"author":[{"embeddable":true,"href":"https:\/\/www.srovnator.cz\/rest_api\/wp\/v2\/users\/7"}],"replies":[{"embeddable":true,"href":"https:\/\/www.srovnator.cz\/rest_api\/wp\/v2\/comments?post=5199"}],"version-history":[{"count":2,"href":"https:\/\/www.srovnator.cz\/rest_api\/wp\/v2\/posts\/5199\/revisions"}],"predecessor-version":[{"id":10733,"href":"https:\/\/www.srovnator.cz\/rest_api\/wp\/v2\/posts\/5199\/revisions\/10733"}],"wp:featuredmedia":[{"embeddable":true,"href":"https:\/\/www.srovnator.cz\/rest_api\/wp\/v2\/media\/5200"}],"wp:attachment":[{"href":"https:\/\/www.srovnator.cz\/rest_api\/wp\/v2\/media?parent=5199"}],"wp:term":[{"taxonomy":"category","embeddable":true,"href":"https:\/\/www.srovnator.cz\/rest_api\/wp\/v2\/categories?post=5199"},{"taxonomy":"post_tag","embeddable":true,"href":"https:\/\/www.srovnator.cz\/rest_api\/wp\/v2\/tags?post=5199"}],"curies":[{"name":"wp","href":"https:\/\/api.w.org\/{rel}","templated":true}]}}