{"id":7698,"date":"2022-08-09T21:44:13","date_gmt":"2022-08-09T19:44:13","guid":{"rendered":"https:\/\/www.srovnator.cz\/?p=7698"},"modified":"2024-06-24T07:54:35","modified_gmt":"2024-06-24T05:54:35","slug":"isofix-a-bezpecna-preprava-deti","status":"publish","type":"post","link":"https:\/\/www.srovnator.cz\/clanky\/isofix-a-bezpecna-preprava-deti\/","title":{"rendered":"Isofix a bezpe\u010dn\u00e1 p\u0159eprava d\u011bt\u00ed"},"content":{"rendered":"<p><strong>D\u00edky syst\u00e9mu Isofix doch\u00e1z\u00ed ke\u00a0spojen\u00ed d\u011btsk\u00e9 autoseda\u010dky p\u0159\u00edmo s\u00a0karoseri\u00ed vozidla pomoc\u00ed pevn\u00fdch bod\u016f um\u00edst\u011bn\u00fdch na\u00a0sedadlech. Ve\u00a0v\u011bt\u0161\u00ed m\u00ed\u0159e se\u00a0Isofix za\u010dal objevovat ve\u00a0vozech vyroben\u00fdch po\u00a0roce 2002, od\u00a0roku 2011 je\u00a0ji\u017e povinnou sou\u010d\u00e1st\u00ed v\u0161ech nov\u00fdch automobil\u016f. P\u0159i\u00a0koupi d\u011btsk\u00e9 autoseda\u010dky je\u00a0pot\u0159eba vybrat tu spr\u00e1vnou, ne ka\u017ed\u00e1 autoseda\u010dka Isofix m\u00e1. Ty, kter\u00e9\u00a0j\u00edm disponuj\u00ed, jsou sice t\u011b\u017e\u0161\u00ed a\u00a0dra\u017e\u0161\u00ed, manipulace s\u00a0nimi je\u00a0ale o\u00a0dost jednodu\u0161\u0161\u00ed. V\u00a0sou\u010dasnosti se\u00a0jedn\u00e1 o\u00a0nejbezpe\u010dn\u011bj\u0161\u00ed syst\u00e9m p\u0159epravy d\u011bt\u00ed.<\/strong><\/p>\n<p>D\u00e1vno pry\u010d jsou doby, kdy\u00a0d\u011bti mohly sed\u011bt na\u00a0zadn\u00edch sedadlech bez p\u0159ipout\u00e1n\u00ed bezpe\u010dnostn\u00edmi p\u00e1sy. Dnes mus\u00ed b\u00fdt ka\u017ed\u00e9 d\u00edt\u011b, kter\u00e9\u00a0je\u00a0bu\u010f men\u0161\u00ed ne\u017e 150\u00a0cm, nebo leh\u010d\u00ed ne\u017e 36\u00a0kilogram\u016f, p\u0159ev\u00e1\u017eeno v\u00a0d\u011btsk\u00e9 autoseda\u010dce. T\u011bch je\u00a0v\u00a0sou\u010dasnosti na\u00a0trhu nep\u0159ebern\u00e9 mno\u017estv\u00ed. Vybrat tu spr\u00e1vnou m\u016f\u017ee b\u00fdt leckdy o\u0159\u00ed\u0161ek, stejn\u011b tak\u00a0jako zvolit vhodn\u00e9 ukotven\u00ed seda\u010dky ve\u00a0voze.<\/p>\n<div class=\"table-responsive\">\n<table class=\"table table-striped table-borderless text-center\">\n<thead>\n<tr>\n<th>Orienta\u010dn\u00ed rozd\u011blen\u00ed autoseda\u010dek dle v\u00e1hy<\/th>\n<th>v\u00e1ha (v\u00a0kg)<\/th>\n<\/tr>\n<\/thead>\n<tbody>\n<tr>\n<td>kategorie 0\/0+ do\u00a0cca 1 roku v\u011bku<\/td>\n<td>0 \u2013 13<\/td>\n<\/tr>\n<tr>\n<td>kategorie I\u00a0do\u00a0cca 4\u00a0let v\u011bku<\/td>\n<td>9 \u2013 18<\/td>\n<\/tr>\n<tr>\n<td>kategorie II do\u00a0cca 6\u00a0let v\u011bku<\/td>\n<td>15 \u2013 25<\/td>\n<\/tr>\n<tr>\n<td>kategorie III do\u00a0cca 12\u00a0let v\u011bku<\/td>\n<td>22 \u2013 36<\/td>\n<\/tr>\n<\/tbody>\n<\/table>\n<\/div>\n<h2>Jak poznat Isofix v\u00a0aut\u011b<\/h2>\n<p>Autoseda\u010dka m\u016f\u017ee b\u00fdt na\u00a0sedadle upevn\u011bna dv\u011bma zp\u016fsoby \u2013 bezpe\u010dnostn\u00edm p\u00e1sem nebo syst\u00e9mem Isofix. Abyste Isofix mohli pou\u017e\u00edvat, je\u00a0pot\u0159eba m\u00edt v\u016fz i\u00a0autoseda\u010dku, kter\u00e9\u00a0tento syst\u00e9m podporuj\u00ed. Jak pozn\u00e1te, \u017ee\u00a0m\u00e1te Isofix v\u00a0aut\u011b? Nenajdete-li symbol \u010di\u00a0n\u00e1lepku Isofixu na\u00a0zadn\u00edch sedadlech, pov\u011bt\u0161inou logo d\u00edt\u011bte v\u00a0seda\u010dce \u010di\u00a0rovnou n\u00e1pis Isofix, zkuste nahmatat dv\u011b kovov\u00e1 oka mezi sed\u00e1kem a\u00a0op\u011bradlem. Ta\u00a0u\u00a0star\u0161\u00edch typ\u016f <a href=\"https:\/\/www.srovnator.cz\/povinne-ruceni\/\">automobil\u016f<\/a> toti\u017e nemus\u00ed b\u00fdt vid\u011bt na\u00a0prvn\u00ed pohled.<\/p>\n<p>Pozornost v\u011bnujte i\u00a0v\u00fdb\u011bru autoseda\u010dky, ne ka\u017ed\u00e1 autoseda\u010dka Isofix m\u00e1. Ty, kter\u00e9\u00a0j\u00edm disponuj\u00ed, jsou v\u011bt\u0161inou dra\u017e\u0161\u00ed a\u00a0t\u011b\u017e\u0161\u00ed, manipulace s\u00a0nimi je\u00a0ale jednodu\u0161\u0161\u00ed. Autoseda\u010dku do\u00a0Isofixu v\u00a0podstat\u011b jen\u00a0zacvaknete, v\u00a0tomto ohledu jsou bezpe\u010dn\u011bj\u0161\u00ed ne\u017e seda\u010dky p\u0159ichycen\u00e9 p\u00e1sem.<\/p>\n<img decoding=\"async\" width=\"770\" height=\"578\" src=\"https:\/\/storage.googleapis.com\/wp-resources\/srovnator.cz\/ng\/2022\/08\/isofix-a-bezpecna-preprava-deti2-770x578.jpg\" class=\" wp-post-image wp-stateless-item\" alt=\"Isofix a bezpe\u010dn\u00e1 p\u0159eprava d\u011bt\u00ed\" title=\"Isofix a bezpe\u010dn\u00e1 p\u0159eprava d\u011bt\u00ed\" srcset=\"https:\/\/storage.googleapis.com\/wp-resources\/srovnator.cz\/ng\/2022\/08\/isofix-a-bezpecna-preprava-deti2-770x578.jpg 770w, https:\/\/storage.googleapis.com\/wp-resources\/srovnator.cz\/ng\/2022\/08\/isofix-a-bezpecna-preprava-deti2.jpg 1280w\" sizes=\"(max-width: 770px) 100vw, 770px\" data-image-size=\"medium\" data-stateless-media-bucket=\"wp-resources\" data-stateless-media-name=\"srovnator.cz\/ng\/2022\/08\/isofix-a-bezpecna-preprava-deti2.jpg\" \/><div class=\"small mb-4 mt-2 text-center\">Isofix v aut\u011b<\/div>\n<h2>Pro\u00a0nejmen\u0161\u00ed d\u011bti je\u00a0pot\u0159eba Isofix z\u00e1kladna<\/h2>\n<p>Pokud d\u011bti teprve pl\u00e1nujete, va\u0161\u00ed prvn\u00ed autoseda\u010dkou bude tzv. vaj\u00ed\u010dko. Jedn\u00e1 se\u00a0o\u00a0autoseda\u010dku pro\u00a0d\u011bti od\u00a00 do\u00a0cca 13\u00a0kilogram\u016f, kter\u00e1\u00a0sv\u00fdm tvarem p\u0159ipom\u00edn\u00e1 sko\u0159\u00e1pku. D\u00edt\u011b v\u00a0n\u00ed sed\u00ed proti sm\u011bru j\u00edzdy, \u010d\u00edm\u017e je\u00a0zaji\u0161t\u011bna ochrana jeho kr\u010dn\u00ed p\u00e1te\u0159e v\u00a0p\u0159\u00edpad\u011b n\u00e1razu. Pro\u00a0variantu Isofix vaj\u00ed\u010dko mus\u00edte um\u00edstit do\u00a0Isofix z\u00e1kladny. Isofix z\u00e1kladna slou\u017e\u00ed jako podstavec pro\u00a0upevn\u011bn\u00ed vaj\u00ed\u010dka k\u00a0sedadlu automobilu. P\u0159i\u00a0n\u00e1kupu dbejte na\u00a0kompatibilitu vaj\u00ed\u010dka se\u00a0z\u00e1kladnou.<\/p>\n<h2>Jak d\u00e1t Isofix do\u00a0auta<\/h2>\n<p>Nainstalovat seda\u010dku se\u00a0syst\u00e9mem Isofix do\u00a0auta je\u00a0pom\u011brn\u011b jednoduch\u00e1 z\u00e1le\u017eitost. Autoseda\u010dka se\u00a0zacvakne pomoc\u00ed \u00fachyt\u016f do\u00a0p\u0159ipraven\u00fdch kovov\u00fdch ok, u\u00a0star\u0161\u00edch typ\u016f automobil\u016f je\u00a0n\u011bkdy pot\u0159eba procpat \u00fachyty mezi sed\u00e1k a\u00a0op\u011bradlo.<\/p>\n<p>Trochu jin\u00fd postup je\u00a0u\u00a0vaj\u00ed\u010dek, ke\u00a0kter\u00fdm je\u00a0pot\u0159eba Isofix z\u00e1kladna. Tu nejprve instalujete na\u00a0sedadlo pomoc\u00ed isofixov\u00fdch ok a\u00a0nastav\u00edte podp\u011brnou nohu, kter\u00e1\u00a0je\u00a0sou\u010d\u00e1st\u00ed v\u011bt\u0161iny z\u00e1kladen a\u00a0zvy\u0161uje jejich stabilitu. Na\u00a0ni pak nacvaknete vaj\u00ed\u010dko s\u00a0d\u00edt\u011btem.<\/p>\n<p>P\u0159i\u00a0v\u00fdb\u011bru, pou\u017eit\u00ed a\u00a0manipulaci se\u00a0seda\u010dkou byste m\u011bli dodr\u017eet alespo\u0148 z\u00e1kladn\u00ed pravidla:<\/p>\n<ul>\n<li>vybrat autoseda\u010dku dle v\u00e1hov\u00e9 kategorie d\u00edt\u011bte<\/li>\n<li>vym\u011bnit autoseda\u010dku v\u00a0p\u0159\u00edpad\u011b, \u017ee\u00a0d\u00edt\u011b p\u0159ekon\u00e1 v\u00e1hov\u00fd limit, p\u0159\u00edpadn\u011b pokud hlava d\u00edt\u011bte p\u0159esahuje horn\u00ed stranu seda\u010dky<\/li>\n<li>pou\u017e\u00edvat seda\u010dku dle n\u00e1vodu v\u00fdrobce, db\u00e1t hlavn\u011b na\u00a0spr\u00e1vn\u00e9 ukotven\u00ed seda\u010dky ve\u00a0voze a\u00a0upevn\u011bn\u00ed d\u00edt\u011bte<\/li>\n<li>pou\u017e\u00edvat autoseda\u010dku v\u017edy, i\u00a0na\u00a0kr\u00e1tk\u00fdch <a href=\"https:\/\/www.srovnator.cz\/havarijni-pojisteni\/\">vzd\u00e1lenostech<\/a><\/li>\n<li>vaj\u00ed\u010dko p\u0159ev\u00e1\u017eet na\u00a0p\u0159edn\u00edm sedadle jen\u00a0tehdy, je-li vypnut\u00fd airbag<\/li>\n<li>d\u011bti vozit na\u00a0zadn\u00edch sedadlech, jsou to\u00a0pro\u00a0n\u011b nejbezpe\u010dn\u011bj\u0161\u00ed m\u00edsta ve\u00a0voze<\/li>\n<\/ul>\n<p><img decoding=\"async\" class=\"alignnone size-medium wp-image-7701\" src=\"https:\/\/storage.googleapis.com\/wp-resources\/srovnator.cz\/ng\/2022\/08\/isofix-a-bezpecna-preprava-deti-770x770.jpg\" alt=\"D\u011btsk\u00e1 autoseda\u010dka Isofix\" width=\"770\" height=\"770\" srcset=\"https:\/\/storage.googleapis.com\/wp-resources\/srovnator.cz\/ng\/2022\/08\/isofix-a-bezpecna-preprava-deti-770x770.jpg 770w, https:\/\/storage.googleapis.com\/wp-resources\/srovnator.cz\/ng\/2022\/08\/isofix-a-bezpecna-preprava-deti-1200x1200.jpg 1200w, https:\/\/storage.googleapis.com\/wp-resources\/srovnator.cz\/ng\/2022\/08\/isofix-a-bezpecna-preprava-deti-70x70.jpg 70w, https:\/\/storage.googleapis.com\/wp-resources\/srovnator.cz\/ng\/2022\/08\/isofix-a-bezpecna-preprava-deti-140x140.jpg 140w, https:\/\/storage.googleapis.com\/wp-resources\/srovnator.cz\/ng\/2022\/08\/isofix-a-bezpecna-preprava-deti.jpg 1280w\" sizes=\"(max-width: 770px) 100vw, 770px\" \/><br \/>\n<span class=\"small d-block mb-3 text-center\">D\u011btsk\u00e1 autoseda\u010dka Isofix<\/span><\/p>\n<h2>V\u011bt\u0161\u00edm d\u011btem posta\u010d\u00ed podsed\u00e1k Isofix<\/h2>\n<p>P\u0159ev\u00e1\u017e\u00edte-li d\u011bti u\u017e trochu odrostlej\u0161\u00ed, je\u00a0mo\u017en\u00e9 je\u00a0usadit na\u00a0tzv. podsed\u00e1k. Existuje i\u00a0varianta podsed\u00e1k Isofix, kter\u00fd\u00a0se\u00a0bu\u010f prod\u00e1v\u00e1 samostatn\u011b, nebo vznikne z\u00a0klasick\u00e9 autoseda\u010dky s\u00a0Isofixem t\u00edm, \u017ee\u00a0odstran\u00edte tu \u010d\u00e1st, o\u00a0kterou se\u00a0op\u00edraj\u00ed z\u00e1da. D\u00edt\u011b by\u00a0p\u0159i\u00a0pou\u017eit\u00ed podsed\u00e1ku m\u011blo v\u00e1\u017eit mezi 15 \u2013 36\u00a0kilogramy, odborn\u00edci se\u00a0nicm\u00e9n\u011b shoduj\u00ed, \u017ee\u00a0z\u00a0hlediska bezpe\u010dnosti je\u00a0ide\u00e1ln\u00ed vozit d\u00edt\u011b v\u00a0autoseda\u010dce, co\u00a0nejd\u00e9le to\u00a0jde.<\/p>\n<h2>Cybex Isofix mezi nejkvalitn\u011bj\u0161\u00edmi seda\u010dkami<\/h2>\n<p>Vybrat tu pravou autoseda\u010dku pro\u00a0d\u00edt\u011b nen\u00ed leckdy \u00fapln\u011b snadn\u00e9, seda\u010dka by\u00a0m\u011bla b\u00fdt hlavn\u011b bezpe\u010dn\u00e1 a\u00a0odpov\u00eddat v\u00e1ze d\u00edt\u011bte. Pokud m\u00e1te v\u00a0pl\u00e1nu kupovat autoseda\u010dku, je\u00a0lep\u0161\u00ed ji j\u00edt vyzkou\u0161et p\u0159\u00edmo do\u00a0kamenn\u00e9ho obchodu a\u00a0p\u0159esv\u011bd\u010dit se, \u017ee\u00a0se\u00a0v\u00a0n\u00ed d\u00edt\u011bti sed\u00ed dob\u0159e a\u00a0pohodln\u011b. Jedny z\u00a0nejkvalitn\u011bj\u0161\u00edch a\u00a0nejbezpe\u010dn\u011bj\u0161\u00edch autoseda\u010dek na\u00a0sv\u011btov\u00e9m trhu nab\u00edz\u00ed zna\u010dka Cybex, jej\u00edm\u017e zakladatelem je\u00a0rod\u00e1k z\u00a0Prahy Martin Po\u0161. Spole\u010dnost nab\u00edz\u00ed seda\u010dky ve\u00a0v\u0161ech v\u00e1hov\u00fdch kategori\u00edch, samoz\u0159ejmost\u00ed je\u00a0i\u00a0Cybex Isofix.<\/p>\n<h2>Nej\u010dast\u011bji kladen\u00e9 ot\u00e1zky \u2013 FAQ<\/h2>\n<div class=\"accordion faq \" id=\"accon0\">\n<div class=\"accordion-item\">\n        <h3 class=\"accordion-header \" id=\"head-99275\">\n            <button class=\"accordion-button align-items-start collapsed\" type=\"button\" data-bs-toggle=\"collapse\" data-bs-target=\"#item-33424\" aria-expanded=\"true\" aria-controls=\"item-33424\">\n            Co je Isofix?\n            <\/button>\n        <\/h3>\n        <div id=\"item-33424\" class=\"accordion-collapse collapse \" aria-labelledby=\"head-99275\" data-bs-parent=\"#accon0\">\n            <div class=\"accordion-body\">\nIsofix je mezin\u00e1rodn\u00ed syst\u00e9m upevn\u011bn\u00ed d\u011btsk\u00e9 autoseda\u010dky ve voze. Slou\u017e\u00ed k pevn\u00e9mu spojen\u00ed autoseda\u010dky s karoseri\u00ed vozu. Hlavn\u00ed v\u00fdhodou je pevn\u00e9 a bezpe\u010dn\u00e9 upevn\u011bn\u00ed d\u011btsk\u00e9 seda\u010dky b\u011bhem p\u0159epravy. <a href=\"https:\/\/www.srovnator.cz\/clanky\/bezpecnost-deti-ve-voze-poutani-autosedacky\/\">V na\u0161em \u010dl\u00e1nku<\/a> se dozv\u00edte, jak\u00e9 jsou dal\u0161\u00ed z\u00e1sady bezpe\u010dn\u00e9 p\u0159epravy d\u011bt\u00ed.<br \/>\n<\/div>\n        <\/div>\n    <\/div>\n<div class=\"accordion-item\">\n        <h3 class=\"accordion-header \" id=\"head-65366\">\n            <button class=\"accordion-button align-items-start collapsed\" type=\"button\" data-bs-toggle=\"collapse\" data-bs-target=\"#item-39851\" aria-expanded=\"true\" aria-controls=\"item-39851\">\n            Jak vypad\u00e1 Isofix v aut\u011b?\n            <\/button>\n        <\/h3>\n        <div id=\"item-39851\" class=\"accordion-collapse collapse \" aria-labelledby=\"head-65366\" data-bs-parent=\"#accon0\">\n            <div class=\"accordion-body\">\nIsofix jsou v podstat\u011b dv\u011b kovov\u00e1 oka um\u00edst\u011bn\u00e1 mezi sed\u00e1kem a op\u011bradlem, na kter\u00e9 se pomoc\u00ed \u00fachyt\u016f nacvakne autoseda\u010dka. U star\u0161\u00edch typ\u016f automobil\u016f nejsou oka na prvn\u00ed pohled vid\u011bt, nov\u011bj\u0161\u00ed vozy pak u\u017e m\u00edvaj\u00ed symbol \u010di n\u00e1pis Isofix uveden p\u0159\u00edmo na sedadlech.<br \/>\n<\/div>\n        <\/div>\n    <\/div>\n<div class=\"accordion-item\">\n        <h3 class=\"accordion-header \" id=\"head-14374\">\n            <button class=\"accordion-button align-items-start collapsed\" type=\"button\" data-bs-toggle=\"collapse\" data-bs-target=\"#item-34011\" aria-expanded=\"true\" aria-controls=\"item-34011\">\n            Jak funguje Isofix?\n            <\/button>\n        <\/h3>\n        <div id=\"item-34011\" class=\"accordion-collapse collapse \" aria-labelledby=\"head-14374\" data-bs-parent=\"#accon0\">\n            <div class=\"accordion-body\">\nSyst\u00e9m Isofix funguje na jednoduch\u00e9m principu spojen\u00ed kovov\u00fdch ok, kter\u00e1 jsou pevnou sou\u010d\u00e1st\u00ed vozu, a isofixov\u00fdch \u00fachyt\u016f na d\u011btsk\u00e9 autoseda\u010dce. O jedn\u00e9 z nejbezpe\u010dn\u011bj\u0161\u00edch zna\u010dek d\u011btsk\u00fdch autoseda\u010dek jsme psali <a href=\"https:\/\/www.srovnator.cz\/clanky\/detska-autosedacka-cybex\/\">v tomto \u010dl\u00e1nku<\/a>.<br \/>\n<\/div>\n        <\/div>\n    <\/div>\n<\/div>\n","protected":false},"excerpt":{"rendered":"<p>Isofix je mezin\u00e1rodn\u011b standardizovan\u00fd syst\u00e9m ukotven\u00ed d\u011btsk\u00fdch autoseda\u010dek ve vozech. Bezpe\u010dn\u011b pom\u00e1h\u00e1 p\u0159ev\u00e1\u017eet i ty nejmen\u0161\u00ed d\u011bti u\u017e v\u00edce jak 20 let. <\/p>\n","protected":false},"author":7,"featured_media":7700,"comment_status":"open","ping_status":"open","sticky":false,"template":"","format":"standard","meta":{"_acf_changed":false,"footnotes":""},"categories":[1],"tags":[474,388,912,1044],"class_list":["post-7698","post","type-post","status-publish","format-standard","has-post-thumbnail","hentry","category-ostatni","tag-autosedacka","tag-bezpecnost","tag-deti","tag-isofix"],"acf":{"znacka":"","model":"","objem":"","vyrobeno":"","vykon":"","velikost_1":"","velikost_2":"","velikost_3":"","velikost_4":"","roky":"","roky_velikost_1":"","roky_velikost_2":"","roky_velikost_3":"","roky_velikost_4":"","pocet_kalkulaci":0,"page_post_meta_bread":"","page_post_meta_bread_child":"","page_post_meta_script_head":"<script type=\"application\/ld+json\">\r\n    {\r\n        \"@context\": \"https:\/\/schema.org\",\r\n        \"@type\": \"FAQPage\",\r\n        \"mainEntity\": [{\r\n            \"@type\": \"Question\",\r\n            \"name\": \"Co je Isofix?\",\r\n            \"acceptedAnswer\": {\r\n                \"@type\": \"Answer\",\r\n                \"text\": \"Isofix je mezin\u00e1rodn\u00ed syst\u00e9m upevn\u011bn\u00ed d\u011btsk\u00e9 autoseda\u010dky ve voze. Slou\u017e\u00ed k pevn\u00e9mu spojen\u00ed autoseda\u010dky s karoseri\u00ed vozu. Hlavn\u00ed v\u00fdhodou je pevn\u00e9 a bezpe\u010dn\u00e9 upevn\u011bn\u00ed d\u011btsk\u00e9 seda\u010dky b\u011bhem p\u0159epravy. <a href='https:\/\/www.srovnator.cz\/clanky\/bezpecnost-deti-ve-voze-poutani-autosedacky\/'>V na\u0161em \u010dl\u00e1nku<\/a> se dozv\u00edte, jak\u00e9 jsou dal\u0161\u00ed z\u00e1sady bezpe\u010dn\u00e9 p\u0159epravy d\u011bt\u00ed.\"\r\n                }\r\n            }, {\r\n            \"@type\": \"Question\",\r\n            \"name\": \"Jak vypad\u00e1 Isofix v aut\u011b?\",\r\n            \"acceptedAnswer\": {\r\n                \"@type\": \"Answer\",\r\n                \"text\": \"Isofix jsou v podstat\u011b dv\u011b kovov\u00e1 oka um\u00edst\u011bn\u00e1 mezi sed\u00e1kem a op\u011bradlem, na kter\u00e9 se pomoc\u00ed \u00fachyt\u016f nacvakne autoseda\u010dka. U star\u0161\u00edch typ\u016f automobil\u016f nejsou oka na prvn\u00ed pohled vid\u011bt, nov\u011bj\u0161\u00ed vozy pak u\u017e m\u00edvaj\u00ed symbol \u010di n\u00e1pis Isofix uveden p\u0159\u00edmo na sedadlech. \"\r\n                }\r\n            }, {\r\n            \"@type\": \"Question\",\r\n            \"name\": \"Jak funguje Isofix?\",\r\n            \"acceptedAnswer\": {\r\n                \"@type\": \"Answer\",\r\n                \"text\": \"Syst\u00e9m Isofix funguje na jednoduch\u00e9m principu spojen\u00ed kovov\u00fdch ok, kter\u00e1 jsou pevnou sou\u010d\u00e1st\u00ed vozu, a isofixov\u00fdch \u00fachyt\u016f na d\u011btsk\u00e9 autoseda\u010dce. O jedn\u00e9 z nejbezpe\u010dn\u011bj\u0161\u00edch zna\u010dek d\u011btsk\u00fdch autoseda\u010dek jsme psali <a href='https:\/\/www.srovnator.cz\/clanky\/detska-autosedacka-cybex\/'>v tomto \u010dl\u00e1nku<\/a>.\"\r\n                }\r\n            }\r\n        ]\r\n    }\r\n<\/script>","page_post_meta_leaving_screen":"cat"},"yoast_head":"<!-- This site is optimized with the Yoast SEO plugin v25.5 - https:\/\/yoast.com\/wordpress\/plugins\/seo\/ -->\n<title>ISOFIX do auta - ano \u010di ne? - Srovn\u00e1tor.cz<\/title>\n<meta name=\"description\" content=\"Isofix je mezin\u00e1rodn\u011b standardizovan\u00fd syst\u00e9m ukotven\u00ed d\u011btsk\u00fdch autoseda\u010dek ve vozech. Bezpe\u010dn\u011b pom\u00e1h\u00e1 p\u0159ev\u00e1\u017eet i ty nejmen\u0161\u00ed d\u011bti u\u017e v\u00edce jak 20 let.\" \/>\n<meta name=\"robots\" content=\"index, follow, max-snippet:-1, max-image-preview:large, max-video-preview:-1\" \/>\n<link rel=\"canonical\" href=\"https:\/\/www.srovnator.cz\/clanky\/isofix-a-bezpecna-preprava-deti\/\" \/>\n<meta property=\"og:locale\" content=\"cs_CZ\" \/>\n<meta property=\"og:type\" content=\"article\" \/>\n<meta property=\"og:title\" content=\"ISOFIX do auta - ano \u010di ne? - Srovn\u00e1tor.cz\" \/>\n<meta property=\"og:description\" content=\"Isofix je mezin\u00e1rodn\u011b standardizovan\u00fd syst\u00e9m ukotven\u00ed d\u011btsk\u00fdch autoseda\u010dek ve vozech. Bezpe\u010dn\u011b pom\u00e1h\u00e1 p\u0159ev\u00e1\u017eet i ty nejmen\u0161\u00ed d\u011bti u\u017e v\u00edce jak 20 let.\" \/>\n<meta property=\"og:url\" content=\"https:\/\/www.srovnator.cz\/clanky\/isofix-a-bezpecna-preprava-deti\/\" \/>\n<meta property=\"og:site_name\" content=\"Srovn\u00e1tor.cz\" \/>\n<meta property=\"article:publisher\" content=\"https:\/\/www.facebook.com\/srovnator\/\" \/>\n<meta property=\"article:published_time\" content=\"2022-08-09T19:44:13+00:00\" \/>\n<meta property=\"article:modified_time\" content=\"2024-06-24T05:54:35+00:00\" \/>\n<meta property=\"og:image\" content=\"https:\/\/storage.googleapis.com\/wp-resources\/srovnator.cz\/ng\/2022\/08\/isofix-a-bezpecna-preprava-deti2.jpg\" \/>\n\t<meta property=\"og:image:width\" content=\"1280\" \/>\n\t<meta property=\"og:image:height\" content=\"960\" \/>\n\t<meta property=\"og:image:type\" content=\"image\/jpeg\" \/>\n<meta name=\"author\" content=\"Martin Straka\" \/>\n<meta name=\"twitter:card\" content=\"summary_large_image\" \/>\n<meta name=\"twitter:creator\" content=\"@Srovnator_czech\" \/>\n<meta name=\"twitter:site\" content=\"@Srovnator_czech\" \/>\n<meta name=\"twitter:label1\" content=\"Written by\" \/>\n\t<meta name=\"twitter:data1\" content=\"Martin Straka\" \/>\n\t<meta name=\"twitter:label2\" content=\"Est. reading time\" \/>\n\t<meta name=\"twitter:data2\" content=\"5 minutes\" \/>\n<script type=\"application\/ld+json\" class=\"yoast-schema-graph\">{\"@context\":\"https:\/\/schema.org\",\"@graph\":[{\"@type\":\"WebPage\",\"@id\":\"https:\/\/www.srovnator.cz\/clanky\/isofix-a-bezpecna-preprava-deti\/\",\"url\":\"https:\/\/www.srovnator.cz\/clanky\/isofix-a-bezpecna-preprava-deti\/\",\"name\":\"ISOFIX do auta - ano \u010di ne? - Srovn\u00e1tor.cz\",\"isPartOf\":{\"@id\":\"https:\/\/www.srovnator.cz\/#website\"},\"primaryImageOfPage\":{\"@id\":\"https:\/\/www.srovnator.cz\/clanky\/isofix-a-bezpecna-preprava-deti\/#primaryimage\"},\"image\":{\"@id\":\"https:\/\/www.srovnator.cz\/clanky\/isofix-a-bezpecna-preprava-deti\/#primaryimage\"},\"thumbnailUrl\":\"https:\/\/storage.googleapis.com\/wp-resources\/srovnator.cz\/ng\/2022\/08\/isofix-a-bezpecna-preprava-deti2.jpg\",\"datePublished\":\"2022-08-09T19:44:13+00:00\",\"dateModified\":\"2024-06-24T05:54:35+00:00\",\"author\":{\"@id\":\"https:\/\/www.srovnator.cz\/#\/schema\/person\/f2be3ec81eda7dd06cf658cc9aa974ff\"},\"description\":\"Isofix je mezin\u00e1rodn\u011b standardizovan\u00fd syst\u00e9m ukotven\u00ed d\u011btsk\u00fdch autoseda\u010dek ve vozech. Bezpe\u010dn\u011b pom\u00e1h\u00e1 p\u0159ev\u00e1\u017eet i ty nejmen\u0161\u00ed d\u011bti u\u017e v\u00edce jak 20 let.\",\"inLanguage\":\"cs-CZ\",\"potentialAction\":[{\"@type\":\"ReadAction\",\"target\":[\"https:\/\/www.srovnator.cz\/clanky\/isofix-a-bezpecna-preprava-deti\/\"]}]},{\"@type\":\"ImageObject\",\"inLanguage\":\"cs-CZ\",\"@id\":\"https:\/\/www.srovnator.cz\/clanky\/isofix-a-bezpecna-preprava-deti\/#primaryimage\",\"url\":\"https:\/\/storage.googleapis.com\/wp-resources\/srovnator.cz\/ng\/2022\/08\/isofix-a-bezpecna-preprava-deti2.jpg\",\"contentUrl\":\"https:\/\/storage.googleapis.com\/wp-resources\/srovnator.cz\/ng\/2022\/08\/isofix-a-bezpecna-preprava-deti2.jpg\",\"width\":1280,\"height\":960,\"caption\":\"Isofix v aut\u011b\"},{\"@type\":\"WebSite\",\"@id\":\"https:\/\/www.srovnator.cz\/#website\",\"url\":\"https:\/\/www.srovnator.cz\/\",\"name\":\"Srovn\u00e1tor.cz\",\"description\":\"\",\"potentialAction\":[{\"@type\":\"SearchAction\",\"target\":{\"@type\":\"EntryPoint\",\"urlTemplate\":\"https:\/\/www.srovnator.cz\/?s={search_term_string}\"},\"query-input\":{\"@type\":\"PropertyValueSpecification\",\"valueRequired\":true,\"valueName\":\"search_term_string\"}}],\"inLanguage\":\"cs-CZ\"},{\"@type\":\"Person\",\"@id\":\"https:\/\/www.srovnator.cz\/#\/schema\/person\/f2be3ec81eda7dd06cf658cc9aa974ff\",\"name\":\"Martin Straka\",\"image\":{\"@type\":\"ImageObject\",\"inLanguage\":\"cs-CZ\",\"@id\":\"https:\/\/www.srovnator.cz\/#\/schema\/person\/image\/\",\"url\":\"https:\/\/secure.gravatar.com\/avatar\/e91ecfaa01852a8f16b9f65e2ab5c2102d2bb71b2b029fd130ff6c5d21492f36?s=96&d=mm&r=g\",\"contentUrl\":\"https:\/\/secure.gravatar.com\/avatar\/e91ecfaa01852a8f16b9f65e2ab5c2102d2bb71b2b029fd130ff6c5d21492f36?s=96&d=mm&r=g\",\"caption\":\"Martin Straka\"},\"description\":\"Martin Straka je \u0159editelem klientsk\u00e9ho centra a p\u00e9\u010de o z\u00e1kazn\u00edky. Se sv\u00fdm t\u00fdmem poskytuje z\u00e1kazn\u00edk\u016fm Srovn\u00e1tor.cz \u0161pi\u010dkov\u00fd servis a dohl\u00ed\u017e\u00ed na to, aby na\u0161e procesy byly efektivn\u00ed a z\u00e1kazn\u00edci byli spokojen\u00ed nejen p\u0159i sjedn\u00e1n\u00ed nov\u00e9ho produktu, ale i kdykoliv pot\u0159ebuj\u00ed s n\u011b\u010d\u00edm pomoci. Jeho \u010dl\u00e1nky informuj\u00ed nejen o nejnov\u011bj\u0161\u00edch trendech a aktu\u00e1ln\u00edch t\u00e9matech, ale p\u0159in\u00e1\u0161\u00ed i praktick\u00e9 a zaj\u00edmav\u00e9 tipy z r\u016fzn\u00fdch oblast\u00ed b\u011b\u017en\u00e9ho \u017eivota.\",\"url\":\"https:\/\/www.srovnator.cz\/autori\/martin-straka\/\"}]}<\/script>\n<!-- \/ Yoast SEO plugin. -->","yoast_head_json":{"title":"ISOFIX do auta - ano \u010di ne? - Srovn\u00e1tor.cz","description":"Isofix je mezin\u00e1rodn\u011b standardizovan\u00fd syst\u00e9m ukotven\u00ed d\u011btsk\u00fdch autoseda\u010dek ve vozech. Bezpe\u010dn\u011b pom\u00e1h\u00e1 p\u0159ev\u00e1\u017eet i ty nejmen\u0161\u00ed d\u011bti u\u017e v\u00edce jak 20 let.","robots":{"index":"index","follow":"follow","max-snippet":"max-snippet:-1","max-image-preview":"max-image-preview:large","max-video-preview":"max-video-preview:-1"},"canonical":"https:\/\/www.srovnator.cz\/clanky\/isofix-a-bezpecna-preprava-deti\/","og_locale":"cs_CZ","og_type":"article","og_title":"ISOFIX do auta - ano \u010di ne? - Srovn\u00e1tor.cz","og_description":"Isofix je mezin\u00e1rodn\u011b standardizovan\u00fd syst\u00e9m ukotven\u00ed d\u011btsk\u00fdch autoseda\u010dek ve vozech. Bezpe\u010dn\u011b pom\u00e1h\u00e1 p\u0159ev\u00e1\u017eet i ty nejmen\u0161\u00ed d\u011bti u\u017e v\u00edce jak 20 let.","og_url":"https:\/\/www.srovnator.cz\/clanky\/isofix-a-bezpecna-preprava-deti\/","og_site_name":"Srovn\u00e1tor.cz","article_publisher":"https:\/\/www.facebook.com\/srovnator\/","article_published_time":"2022-08-09T19:44:13+00:00","article_modified_time":"2024-06-24T05:54:35+00:00","og_image":[{"width":1280,"height":960,"url":"https:\/\/storage.googleapis.com\/wp-resources\/srovnator.cz\/ng\/2022\/08\/isofix-a-bezpecna-preprava-deti2.jpg","type":"image\/jpeg"}],"author":"Martin Straka","twitter_card":"summary_large_image","twitter_creator":"@Srovnator_czech","twitter_site":"@Srovnator_czech","twitter_misc":{"Written by":"Martin Straka","Est. reading time":"5 minutes"},"schema":{"@context":"https:\/\/schema.org","@graph":[{"@type":"WebPage","@id":"https:\/\/www.srovnator.cz\/clanky\/isofix-a-bezpecna-preprava-deti\/","url":"https:\/\/www.srovnator.cz\/clanky\/isofix-a-bezpecna-preprava-deti\/","name":"ISOFIX do auta - ano \u010di ne? - Srovn\u00e1tor.cz","isPartOf":{"@id":"https:\/\/www.srovnator.cz\/#website"},"primaryImageOfPage":{"@id":"https:\/\/www.srovnator.cz\/clanky\/isofix-a-bezpecna-preprava-deti\/#primaryimage"},"image":{"@id":"https:\/\/www.srovnator.cz\/clanky\/isofix-a-bezpecna-preprava-deti\/#primaryimage"},"thumbnailUrl":"https:\/\/storage.googleapis.com\/wp-resources\/srovnator.cz\/ng\/2022\/08\/isofix-a-bezpecna-preprava-deti2.jpg","datePublished":"2022-08-09T19:44:13+00:00","dateModified":"2024-06-24T05:54:35+00:00","author":{"@id":"https:\/\/www.srovnator.cz\/#\/schema\/person\/f2be3ec81eda7dd06cf658cc9aa974ff"},"description":"Isofix je mezin\u00e1rodn\u011b standardizovan\u00fd syst\u00e9m ukotven\u00ed d\u011btsk\u00fdch autoseda\u010dek ve vozech. Bezpe\u010dn\u011b pom\u00e1h\u00e1 p\u0159ev\u00e1\u017eet i ty nejmen\u0161\u00ed d\u011bti u\u017e v\u00edce jak 20 let.","inLanguage":"cs-CZ","potentialAction":[{"@type":"ReadAction","target":["https:\/\/www.srovnator.cz\/clanky\/isofix-a-bezpecna-preprava-deti\/"]}]},{"@type":"ImageObject","inLanguage":"cs-CZ","@id":"https:\/\/www.srovnator.cz\/clanky\/isofix-a-bezpecna-preprava-deti\/#primaryimage","url":"https:\/\/storage.googleapis.com\/wp-resources\/srovnator.cz\/ng\/2022\/08\/isofix-a-bezpecna-preprava-deti2.jpg","contentUrl":"https:\/\/storage.googleapis.com\/wp-resources\/srovnator.cz\/ng\/2022\/08\/isofix-a-bezpecna-preprava-deti2.jpg","width":1280,"height":960,"caption":"Isofix v aut\u011b"},{"@type":"WebSite","@id":"https:\/\/www.srovnator.cz\/#website","url":"https:\/\/www.srovnator.cz\/","name":"Srovn\u00e1tor.cz","description":"","potentialAction":[{"@type":"SearchAction","target":{"@type":"EntryPoint","urlTemplate":"https:\/\/www.srovnator.cz\/?s={search_term_string}"},"query-input":{"@type":"PropertyValueSpecification","valueRequired":true,"valueName":"search_term_string"}}],"inLanguage":"cs-CZ"},{"@type":"Person","@id":"https:\/\/www.srovnator.cz\/#\/schema\/person\/f2be3ec81eda7dd06cf658cc9aa974ff","name":"Martin Straka","image":{"@type":"ImageObject","inLanguage":"cs-CZ","@id":"https:\/\/www.srovnator.cz\/#\/schema\/person\/image\/","url":"https:\/\/secure.gravatar.com\/avatar\/e91ecfaa01852a8f16b9f65e2ab5c2102d2bb71b2b029fd130ff6c5d21492f36?s=96&d=mm&r=g","contentUrl":"https:\/\/secure.gravatar.com\/avatar\/e91ecfaa01852a8f16b9f65e2ab5c2102d2bb71b2b029fd130ff6c5d21492f36?s=96&d=mm&r=g","caption":"Martin Straka"},"description":"Martin Straka je \u0159editelem klientsk\u00e9ho centra a p\u00e9\u010de o z\u00e1kazn\u00edky. Se sv\u00fdm t\u00fdmem poskytuje z\u00e1kazn\u00edk\u016fm Srovn\u00e1tor.cz \u0161pi\u010dkov\u00fd servis a dohl\u00ed\u017e\u00ed na to, aby na\u0161e procesy byly efektivn\u00ed a z\u00e1kazn\u00edci byli spokojen\u00ed nejen p\u0159i sjedn\u00e1n\u00ed nov\u00e9ho produktu, ale i kdykoliv pot\u0159ebuj\u00ed s n\u011b\u010d\u00edm pomoci. Jeho \u010dl\u00e1nky informuj\u00ed nejen o nejnov\u011bj\u0161\u00edch trendech a aktu\u00e1ln\u00edch t\u00e9matech, ale p\u0159in\u00e1\u0161\u00ed i praktick\u00e9 a zaj\u00edmav\u00e9 tipy z r\u016fzn\u00fdch oblast\u00ed b\u011b\u017en\u00e9ho \u017eivota.","url":"https:\/\/www.srovnator.cz\/autori\/martin-straka\/"}]}},"amp_enabled":true,"_links":{"self":[{"href":"https:\/\/www.srovnator.cz\/rest_api\/wp\/v2\/posts\/7698","targetHints":{"allow":["GET"]}}],"collection":[{"href":"https:\/\/www.srovnator.cz\/rest_api\/wp\/v2\/posts"}],"about":[{"href":"https:\/\/www.srovnator.cz\/rest_api\/wp\/v2\/types\/post"}],"author":[{"embeddable":true,"href":"https:\/\/www.srovnator.cz\/rest_api\/wp\/v2\/users\/7"}],"replies":[{"embeddable":true,"href":"https:\/\/www.srovnator.cz\/rest_api\/wp\/v2\/comments?post=7698"}],"version-history":[{"count":4,"href":"https:\/\/www.srovnator.cz\/rest_api\/wp\/v2\/posts\/7698\/revisions"}],"predecessor-version":[{"id":7705,"href":"https:\/\/www.srovnator.cz\/rest_api\/wp\/v2\/posts\/7698\/revisions\/7705"}],"wp:featuredmedia":[{"embeddable":true,"href":"https:\/\/www.srovnator.cz\/rest_api\/wp\/v2\/media\/7700"}],"wp:attachment":[{"href":"https:\/\/www.srovnator.cz\/rest_api\/wp\/v2\/media?parent=7698"}],"wp:term":[{"taxonomy":"category","embeddable":true,"href":"https:\/\/www.srovnator.cz\/rest_api\/wp\/v2\/categories?post=7698"},{"taxonomy":"post_tag","embeddable":true,"href":"https:\/\/www.srovnator.cz\/rest_api\/wp\/v2\/tags?post=7698"}],"curies":[{"name":"wp","href":"https:\/\/api.w.org\/{rel}","templated":true}]}}