{"id":7909,"date":"2022-09-12T10:22:38","date_gmt":"2022-09-12T08:22:38","guid":{"rendered":"https:\/\/www.srovnator.cz\/?p=7909"},"modified":"2024-06-24T07:54:34","modified_gmt":"2024-06-24T05:54:34","slug":"prvni-skolni-den-v-evrope","status":"publish","type":"post","link":"https:\/\/www.srovnator.cz\/clanky\/prvni-skolni-den-v-evrope\/","title":{"rendered":"Prvn\u00ed \u0161koln\u00ed den v Evrop\u011b"},"content":{"rendered":"<p><strong>Prvn\u00ed \u0161koln\u00ed den je\u00a0v\u00fdznamn\u00fdm miln\u00edkem v\u00a0\u017eivot\u011b nejen ka\u017ed\u00e9ho d\u00edt\u011bte, ale i\u00a0jeho rodi\u010d\u016f. Jak prob\u00edh\u00e1 v\u00a0\u010cesk\u00e9 republice, to\u00a0v\u011bt\u0161ina z\u00a0n\u00e1s v\u00ed. V\u00edte ale, jak prob\u00edh\u00e1 prvn\u00ed \u0161koln\u00ed den nap\u0159. v\u00a0N\u011bmecku nebo Polsku a\u00a0jak\u00e9 tradice se\u00a0tam s\u00a0prvn\u00edm \u0161koln\u00edm dnem poj\u00ed?<\/strong><\/p>\n<img decoding=\"async\" width=\"770\" height=\"578\" src=\"https:\/\/storage.googleapis.com\/wp-resources\/srovnator.cz\/ng\/2022\/09\/09-prvni-skolni-den-01-770x578.jpg\" class=\" wp-post-image wp-stateless-item\" alt=\"Prvn\u00ed \u0161koln\u00ed den v Evrop\u011b\" title=\"Prvn\u00ed \u0161koln\u00ed den v Evrop\u011b\" srcset=\"https:\/\/storage.googleapis.com\/wp-resources\/srovnator.cz\/ng\/2022\/09\/09-prvni-skolni-den-01-770x578.jpg 770w, https:\/\/storage.googleapis.com\/wp-resources\/srovnator.cz\/ng\/2022\/09\/09-prvni-skolni-den-01.jpg 1200w\" sizes=\"(max-width: 770px) 100vw, 770px\" data-image-size=\"medium\" data-stateless-media-bucket=\"wp-resources\" data-stateless-media-name=\"srovnator.cz\/ng\/2022\/09\/09-prvni-skolni-den-01.jpg\" \/><div class=\"small mb-4 mt-2 text-center\">Prvn\u00ed \u0161koln\u00ed den je velkou ud\u00e1lost\u00ed v \u017eivot\u011b d\u00edt\u011bte<\/div>\n<p class=\"h2 mt-3\">Obsah \u010dl\u00e1nku<\/p>\n<ul>\n<li><a href=\"#toc-prvni-skolni-den-v-ceske-republice\">Prvn\u00ed \u0161koln\u00ed den v\u00a0\u010cesk\u00e9 republice<\/a><\/li>\n<li><a href=\"#toc-prvni-skolni-den-v-nemecku\">Prvn\u00ed \u0161koln\u00ed den v\u00a0N\u011bmecku<\/a><\/li>\n<li><a href=\"#toc-prvni-skolni-den-v-polsku\">Prvn\u00ed \u0161koln\u00ed den v\u00a0Polsku<\/a><\/li>\n<li><a href=\"#toc-prvni-skolni-den-ve-spanelsku\">Prvn\u00ed \u0161koln\u00ed den ve\u00a0\u0160pan\u011blsku<\/a><\/li>\n<li><a href=\"#toc-prvni-skolni-den-ve-francii\">Prvn\u00ed \u0161koln\u00ed den ve\u00a0Francii<\/a><\/li>\n<\/ul>\n<h2 data-context=\"Prvn\u00ed \u0161koln\u00ed den v\u00a0\u010cesk\u00e9 republice\" id=\"toc-prvni-skolni-den-v-ceske-republice\">Prvn\u00ed \u0161koln\u00ed den v\u00a0\u010cesk\u00e9 republice<\/h2>\n<p>V\u00a0\u010cesk\u00e9 republice za\u010d\u00edn\u00e1 prvn\u00ed \u0161koln\u00ed den zpravidla 1.\u00a0z\u00e1\u0159\u00ed. V\u00fdjimkou je\u00a0pouze situace, kdy\u00a0prvn\u00ed z\u00e1\u0159ijov\u00fd den p\u0159ipad\u00e1 na\u00a0v\u00edkend, pak se\u00a0n\u00e1stup do\u00a0\u0161koly posouv\u00e1 na\u00a0nejbli\u017e\u0161\u00ed pond\u011bl\u00ed. N\u011bkdy se\u00a0m\u016f\u017ee st\u00e1t, \u017ee\u00a0prvn\u00ed z\u00e1\u0159ijov\u00fd den vyjde na\u00a0p\u00e1tek, pak se\u00a0v\u017edy p\u0159istoupuje k\u00a0variant\u011b, \u017ee\u00a0prvn\u00ed \u0161koln\u00ed den p\u0159ipadne na\u00a04.\u00a0z\u00e1\u0159\u00ed. Nemus\u00edme pro\u00a0takov\u00fd p\u0159\u00edpad chodit daleko, tato situace nastane hned p\u0159\u00ed\u0161t\u00ed rok, tedy v\u00a0roce 2023. <\/p>\n<p>Tradic, kter\u00e9\u00a0se\u00a0by\u00a0se\u00a0s\u00a0prvn\u00edm \u0161koln\u00edm dnem v\u00a0\u010cesk\u00e9 republice pojily, p\u0159\u00edli\u0161 nen\u00ed. A\u010dkoliv se\u00a0k\u00a0n\u00e1m z\u00a0N\u011bmecka postupn\u011b roz\u0161\u00ed\u0159ila tradice kornoutu pln\u00e9ho sladkost\u00ed, sv\u00e9 pevn\u00e9 m\u00edsto si zde zat\u00edm nena\u0161la a\u00a0s\u00a0kornouty se\u00a0setk\u00e1me sp\u00ed\u0161e v\u00fdjime\u010dn\u011b. Za\u017eit\u00fdm zvykem ale je, \u017ee\u00a0prvn\u00ed \u0161koln\u00ed den trv\u00e1 jednu \u0161koln\u00ed hodinu a\u00a0jde sp\u00ed\u0161e o\u00a0sezn\u00e1men\u00ed se\u00a0s\u00a0prost\u0159ed\u00edm. D\u011bti se\u00a0hezky obl\u00e9knou, vezmou si aktovku nebo \u0161koln\u00ed batoh a\u00a0s\u00a0sebou si nesou p\u0159ez\u016fvky. To, zda budou s\u00a0prv\u0148\u00e1\u010dky ve\u00a0t\u0159\u00edd\u011b tak\u00e9 jejich rodi\u010de, si \u0161kola ur\u010duje sama a\u00a0m\u016f\u017ee se\u00a0to\u00a0tedy \u0161kolu od\u00a0\u0161koly li\u0161it.<\/p>\n<p>Pro\u00a0prv\u0148\u00e1\u010dky je\u00a0pobyt ve\u00a0\u0161koln\u00edm prost\u0159ed\u00ed novou \u017eivotn\u00ed zku\u0161enost\u00ed a\u00a0z\u00e1rove\u0148 nutnost\u00ed zvykat si na\u00a0nov\u00e1 pravidla. S\u00a0t\u00edm jde tak\u00e9 ruku v\u00a0ruce riziko, \u017ee\u00a0va\u0161e d\u00edt\u011b zp\u016fsob\u00ed na\u00a0\u0161koln\u00edm majetku nebo majetku sv\u00fdch spolu\u017e\u00e1k\u016f n\u011bjakou \u0161kodu. Na\u00a0to\u00a0je\u00a0dobr\u00e9 myslet a\u00a0sjednat si <a href='https:\/\/www.srovnator.cz\/pojistka-na-blbost-pojisteni-odpovednosti\/'>poji\u0161t\u011bn\u00ed odpov\u011bdnosti<\/a>, kter\u00e9\u00a0se\u00a0vztahuje nejen na\u00a0v\u00e1s, ale pr\u00e1v\u011b i\u00a0na\u00a0va\u0161e nezletil\u00e9 d\u00edt\u011b a\u00a0\u0161kody, kter\u00e9\u00a0zp\u016fsob\u00ed. <\/p>\n<h2 data-context=\"Prvn\u00ed \u0161koln\u00ed den v\u00a0N\u011bmecku\" id=\"toc-prvni-skolni-den-v-nemecku\">Prvn\u00ed \u0161koln\u00ed den v\u00a0N\u011bmecku<\/h2>\n<p>Proto\u017ee v\u00a0N\u011bmecku neexistuje jednotn\u00fd term\u00edn pro\u00a0prvn\u00ed \u0161koln\u00ed den. Vzd\u011bl\u00e1v\u00e1n\u00ed je\u00a0v\u00a0N\u011bmecku \u0159\u00edzeno jednotliv\u00fdmi spolkov\u00fdmi vl\u00e1dami, proto se\u00a0podm\u00ednky \u0161kol a\u00a0jejich osnovy v\u00a0jednotliv\u00fdch zem\u00edch li\u0161\u00ed. Prvn\u00ed \u0161koln\u00ed den tak\u00a0m\u016f\u017ee vych\u00e1zet nap\u0159\u00ed\u010d spolkov\u00fdmi zem\u011bmi s\u00a0rozd\u00edlem a\u017e 2\u00a0t\u00fddn\u016f. Co\u00a0ale plat\u00ed ve\u00a0v\u0161ech spolkov\u00fdch zem\u00edch stejn\u011b, je\u00a0d\u00e9lka pr\u00e1zdnin. Letn\u00edch pr\u00e1zdnin si n\u011bmeck\u00e9 d\u011bti mohou u\u017e\u00edvat 6\u00a0t\u00fddn\u016f.<\/p>\n<p>V\u00a0N\u011bmecku pak v\u00a0roce 1817 vznikla tradice. kdy\u00a0d\u011bti nos\u00ed v\u00a0prvn\u00ed \u0161koln\u00ed den do\u00a0\u0161koly kornouty pln\u00e9 dobrot. Tradice kornoutu (Schult\u00fcte nebo Zuckert\u00fcte) vznikla p\u016fvodn\u011b v\u00a0Sasku, postupn\u011b se\u00a0ale roz\u0161\u00ed\u0159ila do\u00a0cel\u00e9ho N\u011bmecka a\u00a0postupn\u011b tak\u00e9 do\u00a0\u010desk\u00e9ho p\u0159\u00edhrani\u010d\u00ed. Kornout symbolizuje zralost d\u00edt\u011bte a\u00a0bu\u010f ho d\u00edt\u011b dostane pro\u00a0prvn\u00ed \u0161koln\u00ed den od\u00a0rodi\u010de, nebo se\u00a0jimi vyzdob\u00ed nap\u0159. strom ve\u00a0\u0161koln\u00edm parku. Je\u0161t\u011b p\u0159ed\u00a0rokem 1910 se\u00a0ale kornouty nevyskytovaly \u00fapln\u011b v\u0161ude. Podle jednotliv\u00fdch oblast\u00ed dost\u00e1valy d\u011bti ve\u00a0sv\u016fj 1. \u0161koln\u00ed den r\u016fzn\u00e9 d\u00e1rky, nap\u0159\u00edklad velk\u00e9 precl\u00edky nebo buchty. Obdarov\u00e1ny byly ale tak\u00e9 t\u0159eba tal\u00ed\u0159ky a\u00a0hrne\u010dky, d\u00edky kter\u00fdm si mohly sv\u016fj v\u00fdznamn\u00fd den dlouho p\u0159ipom\u00ednat.<\/p>\n<p><img decoding=\"async\" src=\"https:\/\/storage.googleapis.com\/wp-resources\/srovnator.cz\/ng\/2022\/09\/09-prvni-skolni-den-02-770x578.jpg\" alt=\"Prvn\u00ed \u0161koln\u00ed den v N\u011bmecku\" width=\"770\" height=\"578\" class=\"alignnone size-medium wp-image-7912\" srcset=\"https:\/\/storage.googleapis.com\/wp-resources\/srovnator.cz\/ng\/2022\/09\/09-prvni-skolni-den-02-770x578.jpg 770w, https:\/\/storage.googleapis.com\/wp-resources\/srovnator.cz\/ng\/2022\/09\/09-prvni-skolni-den-02.jpg 1200w\" sizes=\"(max-width: 770px) 100vw, 770px\" \/><br \/>\n<span class=\"small d-block mb-3 text-center\">Prvn\u00ed \u0161koln\u00ed den v\u00a0N\u011bmecku a\u00a0kornout \u2013 tradice u\u017e od\u00a019. stolet\u00ed<\/span><\/p>\n<h2 data-context=\"Prvn\u00ed \u0161koln\u00ed den v\u00a0Polsku\" id=\"toc-prvni-skolni-den-v-polsku\">Prvn\u00ed \u0161koln\u00ed den v\u00a0Polsku<\/h2>\n<p>Zat\u00edmco v\u00a0\u010cesk\u00e9 republice a\u00a0N\u011bmecku je\u00a0pro\u00a0n\u00e1stup do\u00a0\u0161koly stanoven v\u011bk 6\u00a0let, v\u00a0Polsku je\u00a0to\u00a0o\u00a0rok pozd\u011bji, do\u00a0prvn\u00ed t\u0159\u00eddy nastupuj\u00ed d\u011bti sedmilet\u00e9. Ofici\u00e1ln\u011b je\u00a0datum prvn\u00edho \u0161koln\u00edho dne stanoveno na\u00a01.\u00a0z\u00e1\u0159\u00ed, ale stejn\u011b jako u\u00a0n\u00e1s se\u00a0v\u00a0p\u0159\u00edpad\u011b, \u017ee\u00a0toto datum p\u0159ipad\u00e1 na\u00a0v\u00edkend, n\u00e1stup do\u00a0\u0161koly posouv\u00e1 na\u00a0dal\u0161\u00ed nejbli\u017e\u0161\u00ed pracovn\u00ed den a\u00a0stejn\u011b tak, jako u\u00a0n\u00e1s, se\u00a0p\u0159\u00ed\u0161t\u00ed rok prvn\u00ed \u0161koln\u00ed den posouv\u00e1 na\u00a04.\u00a0z\u00e1\u0159\u00ed. <\/p>\n<p>Prvn\u00ed \u0161koln\u00ed den prob\u00edh\u00e1 ve\u00a0slavnostn\u00edm duchu, v\u00a0n\u011bkter\u00fdch \u0161kol\u00e1ch prob\u00edhaj\u00ed dokonce i\u00a0slavnosti. S\u00a0v\u00fdukou se\u00a0za\u010d\u00edn\u00e1 a\u017e v\u00a0dal\u0161\u00edch dnech. D\u011bti jsou slavnostn\u011b oble\u010den\u00e9, chlapci maj\u00ed kalhoty a\u00a0sako, d\u011bv\u010data maj\u00ed \u0161aty a\u00a0vlasy jim \u010dasto zdob\u00ed ma\u0161le nebo kv\u011btiny. I\u00a0v\u00a0Polsku u\u017e se\u00a0m\u016f\u017eeme setkat s\u00a0prv\u0148\u00e1\u010dky nesouc\u00edmi si kornout pln\u00fd sladkost\u00ed, a\u010dkoliv pevnou tradic\u00ed to\u00a0nen\u00ed.<\/p>\n<h2 data-context=\"Prvn\u00ed \u0161koln\u00ed den ve\u00a0\u0160pan\u011blsku\" id=\"toc-prvni-skolni-den-ve-spanelsku\">Prvn\u00ed \u0161koln\u00ed den ve\u00a0\u0160pan\u011blsku<\/h2>\n<p>\u0160pan\u011blsk\u00fdm prv\u0148\u00e1\u010dk\u016fm za\u010d\u00edn\u00e1 prvn\u00ed \u0161koln\u00ed den druh\u00fd t\u00fdden v\u00a0z\u00e1\u0159\u00ed a\u00a0nap\u0159. oproti \u010cesk\u00e9 republice si d\u011bti mohou p\u0159ispat, \u0161kola toti\u017e za\u010d\u00edn\u00e1 a\u017e v\u00a09\u00a0hodin. Pro\u00a0n\u00e1stup do\u00a0prvn\u00ed t\u0159\u00eddy je\u00a0stanoven v\u011bk 6\u00a0let. <\/p>\n<p>Prvn\u00ed \u0161koln\u00ed den je\u00a0nen\u00e1ro\u010dn\u00fd, ve\u00a0znamen\u00ed seznamov\u00e1n\u00ed se\u00a0se\u00a0spolu\u017e\u00e1ky, u\u010ditelem a\u00a0nov\u00fdm prost\u0159ed\u00edm. \u010casto se\u00a0lze setkat s\u00a0t\u00edm, \u017ee\u00a0jsou d\u011bti ve\u00a0\u0161kol\u00e1ch oble\u010den\u00e9 do\u00a0\u0161koln\u00ed uniformy. <\/p>\n<h2 data-context=\"Prvn\u00ed \u0161koln\u00ed den ve\u00a0Francii\" id=\"toc-prvni-skolni-den-ve-francii\">Prvn\u00ed \u0161koln\u00ed den ve\u00a0Francii<\/h2>\n<p>Ve\u00a0Francii za\u010d\u00edn\u00e1 pro\u00a0prv\u0148\u00e1\u010dky prvn\u00ed \u0161koln\u00ed den v\u00a0pr\u016fb\u011bhu prvn\u00edch dvou t\u00fddn\u016f v\u00a0z\u00e1\u0159\u00ed, v\u00a0metropolitn\u00ed Francii je\u00a0to\u00a0ale v\u017edy 1.\u00a0z\u00e1\u0159\u00ed nebo prvn\u00ed n\u00e1sleduj\u00edc\u00ed pond\u011bl\u00ed. \u0160kola d\u011btem za\u010d\u00edn\u00e1 v\u00a08:30\u00a0hod. Povinn\u00e1 \u0161koln\u00ed doch\u00e1zka pro\u00a0v\u0161echny d\u011bti ve\u00a0Francii za\u010d\u00edn\u00e1 od\u00a0\u0161esti let a\u00a0to\u00a0i\u00a0v\u00a0p\u0159\u00edpad\u011b, \u017ee\u00a0jim v\u00a0dob\u011b n\u00e1stupu do\u00a0prvn\u00ed t\u0159\u00eddy je\u0161t\u011b 6\u00a0let nen\u00ed (nap\u0159. d\u00edt\u011b narozen\u00e9 v\u00a0listopadu). <\/p>\n<p>Prvn\u00ed \u0161koln\u00ed den pak prob\u00edh\u00e1 v\u00a0uvoln\u011bn\u00e9 atmosf\u00e9\u0159e, bez v\u00fduky a\u00a0slou\u017e\u00ed k\u00a0sezn\u00e1men\u00ed d\u00edt\u011bte s\u00a0prost\u0159ed\u00edm, kantorem a\u00a0spolu\u017e\u00e1ky.<\/p>\n<p><img decoding=\"async\" src=\"https:\/\/storage.googleapis.com\/wp-resources\/srovnator.cz\/ng\/2022\/09\/09-prvni-skolni-den-03-770x578.jpg\" alt=\"Prvn\u00ed \u0161koln\u00ed den prv\u0148\u00e1\u010dka\" width=\"770\" height=\"578\" class=\"alignnone size-medium wp-image-7910\" srcset=\"https:\/\/storage.googleapis.com\/wp-resources\/srovnator.cz\/ng\/2022\/09\/09-prvni-skolni-den-03-770x578.jpg 770w, https:\/\/storage.googleapis.com\/wp-resources\/srovnator.cz\/ng\/2022\/09\/09-prvni-skolni-den-03.jpg 1200w\" sizes=\"(max-width: 770px) 100vw, 770px\" \/><br \/>\n<span class=\"small d-block mb-3 text-center\">Prvn\u00ed \u0161koln\u00ed den<\/span><\/p>\n<h2>Nej\u010dast\u011bji kladen\u00e9 ot\u00e1zky \u2013 FAQ<\/h2>\n<div class=\"accordion faq \" id=\"accon0\">\n    <div class=\"accordion-item\">\n        <h3 class=\"accordion-header \" id=\"head-13650\">\n            <button class=\"accordion-button align-items-start collapsed\" type=\"button\" data-bs-toggle=\"collapse\" data-bs-target=\"#item-25459\" aria-expanded=\"true\" aria-controls=\"item-25459\">\n            Jak prob\u00edh\u00e1 prvn\u00ed \u0161koln\u00ed den?\n            <\/button>\n        <\/h3>\n        <div id=\"item-25459\" class=\"accordion-collapse collapse \" aria-labelledby=\"head-13650\" data-bs-parent=\"#accon0\">\n            <div class=\"accordion-body\">\n        Prvn\u00ed \u0161koln\u00ed den trv\u00e1 zpravidla jednu vyu\u010dovac\u00ed hodinu a\u00a0pro\u00a0d\u011bti je\u00a0to\u00a0prvn\u00ed p\u0159\u00edle\u017eitost sezn\u00e1mit se\u00a0s\u00a0prost\u0159ed\u00edm t\u0159\u00eddy, se\u00a0sv\u00fdmi spolu\u017e\u00e1ky a\u00a0u\u010ditelem. Pokud sv\u00e9 d\u00edt\u011b prvn\u00ed \u0161koln\u00ed den vezete do\u00a0\u0161koly autem, nezapome\u0148te si zopakovat <a href='https:\/\/www.srovnator.cz\/clanky\/bezpecnost-deti-ve-voze-poutani-autosedacky\/'>z\u00e1sady bezpe\u010dn\u00e9 j\u00edzdy autem s\u00a0d\u00edt\u011btem<\/a>.<br \/>\n    <\/div>\n        <\/div>\n    <\/div>\n    <div class=\"accordion-item\">\n        <h3 class=\"accordion-header \" id=\"head-47533\">\n            <button class=\"accordion-button align-items-start collapsed\" type=\"button\" data-bs-toggle=\"collapse\" data-bs-target=\"#item-23427\" aria-expanded=\"true\" aria-controls=\"item-23427\">\n            Kdy je prvn\u00ed \u0161koln\u00ed den?\n            <\/button>\n        <\/h3>\n        <div id=\"item-23427\" class=\"accordion-collapse collapse \" aria-labelledby=\"head-47533\" data-bs-parent=\"#accon0\">\n            <div class=\"accordion-body\">\n        Prvn\u00ed \u0161koln\u00ed den p\u0159ipad\u00e1 na\u00a01.\u00a0z\u00e1\u0159\u00ed. V\u00a0p\u0159\u00edpad\u011b, \u017ee\u00a01.\u00a0z\u00e1\u0159\u00ed p\u0159ipad\u00e1 na\u00a0v\u00edkend, posouv\u00e1 se\u00a0prvn\u00ed \u0161koln\u00ed den na\u00a0n\u00e1sleduj\u00edc\u00ed pond\u011bl\u00ed. To\u00a0se\u00a0d\u011bje i\u00a0v\u00a0p\u0159\u00edpad\u011b, \u017ee\u00a0datum 1.\u00a0z\u00e1\u0159\u00ed p\u0159ipad\u00e1 na\u00a0p\u00e1tek. Tento den se\u00a0tak\u00e9 ji\u017e tradi\u010dn\u011b poj\u00ed se\u00a0zm\u011bnami v\u00a0hustot\u011b silni\u010dn\u00edho provozu, pozor tedy na\u00a0<a href='https:\/\/www.srovnator.cz\/clanky\/rizika-na-silnicich-na-zacatku-noveho-skolniho-roku\/'>mo\u017en\u00e1 rizika na\u00a0silnic\u00edch na\u00a0za\u010d\u00e1tku \u0161koln\u00edho roku<\/a>.<br \/>\n    <\/div>\n        <\/div>\n    <\/div>\n    <div class=\"accordion-item\">\n        <h3 class=\"accordion-header \" id=\"head-56517\">\n            <button class=\"accordion-button align-items-start collapsed\" type=\"button\" data-bs-toggle=\"collapse\" data-bs-target=\"#item-26088\" aria-expanded=\"true\" aria-controls=\"item-26088\">\n            Co na prvn\u00ed \u0161koln\u00ed den?\n            <\/button>\n        <\/h3>\n        <div id=\"item-26088\" class=\"accordion-collapse collapse \" aria-labelledby=\"head-56517\" data-bs-parent=\"#accon0\">\n            <div class=\"accordion-body\">\n        Prvn\u00ed \u0161koln\u00ed den vybavte sv\u00e9ho prv\u0148\u00e1\u010dka aktovkou, p\u0159ez\u016fvkami a\u00a0do\u00a0aktovky m\u016f\u017eete d\u00e1t tak\u00e9 se\u0161it a\u00a0pastelky. St\u00e1le se\u00a0roz\u0161i\u0159uj\u00edc\u00edm zvykem je\u00a0tak\u00e9 kornout pln\u00fd sladkost\u00ed, o\u00a0kter\u00e9\u00a0se\u00a0d\u00edt\u011b pod\u011bl\u00ed se\u00a0spolu\u017e\u00e1ky.<br \/>\n    <\/div>\n        <\/div>\n    <\/div>\n<\/div>\n","protected":false},"excerpt":{"rendered":"<p>Prvn\u00ed \u0161koln\u00ed den je velkou ud\u00e1lost\u00ed v \u017eivot\u011b ka\u017ed\u00e9ho d\u00edt\u011bte. Jeho podoba, tradice a datum, na kter\u00fd p\u0159ipad\u00e1, se nap\u0159\u00ed\u010d evropsk\u00fdmi zem\u011bmi li\u0161\u00ed.<\/p>\n","protected":false},"author":7,"featured_media":7911,"comment_status":"open","ping_status":"open","sticky":false,"template":"","format":"standard","meta":{"_acf_changed":false,"footnotes":""},"categories":[1],"tags":[388,912,880],"class_list":["post-7909","post","type-post","status-publish","format-standard","has-post-thumbnail","hentry","category-ostatni","tag-bezpecnost","tag-deti","tag-zajimavosti"],"acf":{"znacka":"","model":"","objem":"","vyrobeno":"","vykon":"","velikost_1":"","velikost_2":"","velikost_3":"","velikost_4":"","roky":"","roky_velikost_1":"","roky_velikost_2":"","roky_velikost_3":"","roky_velikost_4":"","pocet_kalkulaci":0,"page_post_meta_bread":"","page_post_meta_bread_child":"","page_post_meta_script_head":"<script type=\"application\/ld+json\">\r\n    {\r\n        \"@context\": \"https:\/\/schema.org\",\r\n        \"@type\": \"FAQPage\",\r\n        \"mainEntity\": [{\r\n            \"@type\": \"Question\",\r\n            \"name\": \"Jak prob\u00edh\u00e1 prvn\u00ed \u0161koln\u00ed den?\",\r\n            \"acceptedAnswer\": {\r\n                \"@type\": \"Answer\",\r\n                \"text\": \"Prvn\u00ed \u0161koln\u00ed den trv\u00e1 zpravidla jednu vyu\u010dovac\u00ed hodinu a\u00a0pro\u00a0d\u011bti je\u00a0to\u00a0prvn\u00ed p\u0159\u00edle\u017eitost sezn\u00e1mit se\u00a0s\u00a0prost\u0159ed\u00edm t\u0159\u00eddy, se\u00a0sv\u00fdmi spolu\u017e\u00e1ky a\u00a0u\u010ditelem. Pokud sv\u00e9 d\u00edt\u011b prvn\u00ed \u0161koln\u00ed den vezete do\u00a0\u0161koly autem, nezapome\u0148te si zopakovat <a href='https:\/\/www.srovnator.cz\/clanky\/bezpecnost-deti-ve-voze-poutani-autosedacky\/'>z\u00e1sady bezpe\u010dn\u00e9 j\u00edzdy autem s\u00a0d\u00edt\u011btem<\/a>.\"\r\n                }\r\n            }, {\r\n            \"@type\": \"Question\",\r\n            \"name\": \"Kdy je prvn\u00ed \u0161koln\u00ed den?\",\r\n            \"acceptedAnswer\": {\r\n                \"@type\": \"Answer\",\r\n                \"text\": \"Prvn\u00ed \u0161koln\u00ed den p\u0159ipad\u00e1 na\u00a01.\u00a0z\u00e1\u0159\u00ed. V\u00a0p\u0159\u00edpad\u011b, \u017ee\u00a01.\u00a0z\u00e1\u0159\u00ed p\u0159ipad\u00e1 na\u00a0v\u00edkend, posouv\u00e1 se\u00a0prvn\u00ed \u0161koln\u00ed den na\u00a0n\u00e1sleduj\u00edc\u00ed pond\u011bl\u00ed. To\u00a0se\u00a0d\u011bje i\u00a0v\u00a0p\u0159\u00edpad\u011b, \u017ee\u00a0datum 1.\u00a0z\u00e1\u0159\u00ed p\u0159ipad\u00e1 na\u00a0p\u00e1tek. Tento den se\u00a0tak\u00e9 ji\u017e tradi\u010dn\u011b poj\u00ed se\u00a0zm\u011bnami v\u00a0hustot\u011b silni\u010dn\u00edho provozu, pozor tedy na\u00a0<a href='https:\/\/www.srovnator.cz\/clanky\/rizika-na-silnicich-na-zacatku-noveho-skolniho-roku\/'>mo\u017en\u00e1 rizika na\u00a0silnic\u00edch na\u00a0za\u010d\u00e1tku \u0161koln\u00edho roku<\/a>.\"\r\n                }\r\n            }, {\r\n            \"@type\": \"Question\",\r\n            \"name\": \"Co na prvn\u00ed \u0161koln\u00ed den?\",\r\n            \"acceptedAnswer\": {\r\n                \"@type\": \"Answer\",\r\n                \"text\": \"Prvn\u00ed \u0161koln\u00ed den vybavte sv\u00e9ho prv\u0148\u00e1\u010dka aktovkou, p\u0159ez\u016fvkami a\u00a0do\u00a0aktovky m\u016f\u017eete d\u00e1t tak\u00e9 se\u0161it a\u00a0pastelky. St\u00e1le se\u00a0roz\u0161i\u0159uj\u00edc\u00edm zvykem je\u00a0tak\u00e9 kornout pln\u00fd sladkost\u00ed, o\u00a0kter\u00e9\u00a0se\u00a0d\u00edt\u011b pod\u011bl\u00ed se\u00a0spolu\u017e\u00e1ky. \"\r\n                }\r\n            }\r\n        ]\r\n    }\r\n<\/script>","page_post_meta_leaving_screen":"cat"},"yoast_head":"<!-- This site is optimized with the Yoast SEO plugin v25.5 - https:\/\/yoast.com\/wordpress\/plugins\/seo\/ -->\n<title>Prvn\u00ed \u0161koln\u00ed den v Evrop\u011b - Srovn\u00e1tor.cz<\/title>\n<meta name=\"description\" content=\"Prvn\u00ed \u0161koln\u00ed den je velkou ud\u00e1lost\u00ed v \u017eivot\u011b ka\u017ed\u00e9ho d\u00edt\u011bte. Jeho podoba, tradice a datum, na kter\u00fd p\u0159ipad\u00e1, se nap\u0159\u00ed\u010d evropsk\u00fdmi zem\u011bmi li\u0161\u00ed.\" \/>\n<meta name=\"robots\" content=\"index, follow, max-snippet:-1, max-image-preview:large, max-video-preview:-1\" \/>\n<link rel=\"canonical\" href=\"https:\/\/www.srovnator.cz\/clanky\/prvni-skolni-den-v-evrope\/\" \/>\n<meta property=\"og:locale\" content=\"cs_CZ\" \/>\n<meta property=\"og:type\" content=\"article\" \/>\n<meta property=\"og:title\" content=\"Prvn\u00ed \u0161koln\u00ed den v Evrop\u011b - Srovn\u00e1tor.cz\" \/>\n<meta property=\"og:description\" content=\"Prvn\u00ed \u0161koln\u00ed den je velkou ud\u00e1lost\u00ed v \u017eivot\u011b ka\u017ed\u00e9ho d\u00edt\u011bte. Jeho podoba, tradice a datum, na kter\u00fd p\u0159ipad\u00e1, se nap\u0159\u00ed\u010d evropsk\u00fdmi zem\u011bmi li\u0161\u00ed.\" \/>\n<meta property=\"og:url\" content=\"https:\/\/www.srovnator.cz\/clanky\/prvni-skolni-den-v-evrope\/\" \/>\n<meta property=\"og:site_name\" content=\"Srovn\u00e1tor.cz\" \/>\n<meta property=\"article:publisher\" content=\"https:\/\/www.facebook.com\/srovnator\/\" \/>\n<meta property=\"article:published_time\" content=\"2022-09-12T08:22:38+00:00\" \/>\n<meta property=\"article:modified_time\" content=\"2024-06-24T05:54:34+00:00\" \/>\n<meta property=\"og:image\" content=\"https:\/\/storage.googleapis.com\/wp-resources\/srovnator.cz\/ng\/2022\/09\/09-prvni-skolni-den-01.jpg\" \/>\n\t<meta property=\"og:image:width\" content=\"1200\" \/>\n\t<meta property=\"og:image:height\" content=\"900\" \/>\n\t<meta property=\"og:image:type\" content=\"image\/jpeg\" \/>\n<meta name=\"author\" content=\"Martin Straka\" \/>\n<meta name=\"twitter:card\" content=\"summary_large_image\" \/>\n<meta name=\"twitter:creator\" content=\"@Srovnator_czech\" \/>\n<meta name=\"twitter:site\" content=\"@Srovnator_czech\" \/>\n<meta name=\"twitter:label1\" content=\"Written by\" \/>\n\t<meta name=\"twitter:data1\" content=\"Martin Straka\" \/>\n\t<meta name=\"twitter:label2\" content=\"Est. reading time\" \/>\n\t<meta name=\"twitter:data2\" content=\"6 minutes\" \/>\n<script type=\"application\/ld+json\" class=\"yoast-schema-graph\">{\"@context\":\"https:\/\/schema.org\",\"@graph\":[{\"@type\":\"WebPage\",\"@id\":\"https:\/\/www.srovnator.cz\/clanky\/prvni-skolni-den-v-evrope\/\",\"url\":\"https:\/\/www.srovnator.cz\/clanky\/prvni-skolni-den-v-evrope\/\",\"name\":\"Prvn\u00ed \u0161koln\u00ed den v Evrop\u011b - Srovn\u00e1tor.cz\",\"isPartOf\":{\"@id\":\"https:\/\/www.srovnator.cz\/#website\"},\"primaryImageOfPage\":{\"@id\":\"https:\/\/www.srovnator.cz\/clanky\/prvni-skolni-den-v-evrope\/#primaryimage\"},\"image\":{\"@id\":\"https:\/\/www.srovnator.cz\/clanky\/prvni-skolni-den-v-evrope\/#primaryimage\"},\"thumbnailUrl\":\"https:\/\/storage.googleapis.com\/wp-resources\/srovnator.cz\/ng\/2022\/09\/09-prvni-skolni-den-01.jpg\",\"datePublished\":\"2022-09-12T08:22:38+00:00\",\"dateModified\":\"2024-06-24T05:54:34+00:00\",\"author\":{\"@id\":\"https:\/\/www.srovnator.cz\/#\/schema\/person\/f2be3ec81eda7dd06cf658cc9aa974ff\"},\"description\":\"Prvn\u00ed \u0161koln\u00ed den je velkou ud\u00e1lost\u00ed v \u017eivot\u011b ka\u017ed\u00e9ho d\u00edt\u011bte. Jeho podoba, tradice a datum, na kter\u00fd p\u0159ipad\u00e1, se nap\u0159\u00ed\u010d evropsk\u00fdmi zem\u011bmi li\u0161\u00ed.\",\"inLanguage\":\"cs-CZ\",\"potentialAction\":[{\"@type\":\"ReadAction\",\"target\":[\"https:\/\/www.srovnator.cz\/clanky\/prvni-skolni-den-v-evrope\/\"]}]},{\"@type\":\"ImageObject\",\"inLanguage\":\"cs-CZ\",\"@id\":\"https:\/\/www.srovnator.cz\/clanky\/prvni-skolni-den-v-evrope\/#primaryimage\",\"url\":\"https:\/\/storage.googleapis.com\/wp-resources\/srovnator.cz\/ng\/2022\/09\/09-prvni-skolni-den-01.jpg\",\"contentUrl\":\"https:\/\/storage.googleapis.com\/wp-resources\/srovnator.cz\/ng\/2022\/09\/09-prvni-skolni-den-01.jpg\",\"width\":1200,\"height\":900,\"caption\":\"Prvn\u00ed \u0161koln\u00ed den\"},{\"@type\":\"WebSite\",\"@id\":\"https:\/\/www.srovnator.cz\/#website\",\"url\":\"https:\/\/www.srovnator.cz\/\",\"name\":\"Srovn\u00e1tor.cz\",\"description\":\"\",\"potentialAction\":[{\"@type\":\"SearchAction\",\"target\":{\"@type\":\"EntryPoint\",\"urlTemplate\":\"https:\/\/www.srovnator.cz\/?s={search_term_string}\"},\"query-input\":{\"@type\":\"PropertyValueSpecification\",\"valueRequired\":true,\"valueName\":\"search_term_string\"}}],\"inLanguage\":\"cs-CZ\"},{\"@type\":\"Person\",\"@id\":\"https:\/\/www.srovnator.cz\/#\/schema\/person\/f2be3ec81eda7dd06cf658cc9aa974ff\",\"name\":\"Martin Straka\",\"image\":{\"@type\":\"ImageObject\",\"inLanguage\":\"cs-CZ\",\"@id\":\"https:\/\/www.srovnator.cz\/#\/schema\/person\/image\/\",\"url\":\"https:\/\/secure.gravatar.com\/avatar\/e91ecfaa01852a8f16b9f65e2ab5c2102d2bb71b2b029fd130ff6c5d21492f36?s=96&d=mm&r=g\",\"contentUrl\":\"https:\/\/secure.gravatar.com\/avatar\/e91ecfaa01852a8f16b9f65e2ab5c2102d2bb71b2b029fd130ff6c5d21492f36?s=96&d=mm&r=g\",\"caption\":\"Martin Straka\"},\"description\":\"Martin Straka je \u0159editelem klientsk\u00e9ho centra a p\u00e9\u010de o z\u00e1kazn\u00edky. Se sv\u00fdm t\u00fdmem poskytuje z\u00e1kazn\u00edk\u016fm Srovn\u00e1tor.cz \u0161pi\u010dkov\u00fd servis a dohl\u00ed\u017e\u00ed na to, aby na\u0161e procesy byly efektivn\u00ed a z\u00e1kazn\u00edci byli spokojen\u00ed nejen p\u0159i sjedn\u00e1n\u00ed nov\u00e9ho produktu, ale i kdykoliv pot\u0159ebuj\u00ed s n\u011b\u010d\u00edm pomoci. Jeho \u010dl\u00e1nky informuj\u00ed nejen o nejnov\u011bj\u0161\u00edch trendech a aktu\u00e1ln\u00edch t\u00e9matech, ale p\u0159in\u00e1\u0161\u00ed i praktick\u00e9 a zaj\u00edmav\u00e9 tipy z r\u016fzn\u00fdch oblast\u00ed b\u011b\u017en\u00e9ho \u017eivota.\",\"url\":\"https:\/\/www.srovnator.cz\/autori\/martin-straka\/\"}]}<\/script>\n<!-- \/ Yoast SEO plugin. -->","yoast_head_json":{"title":"Prvn\u00ed \u0161koln\u00ed den v Evrop\u011b - Srovn\u00e1tor.cz","description":"Prvn\u00ed \u0161koln\u00ed den je velkou ud\u00e1lost\u00ed v \u017eivot\u011b ka\u017ed\u00e9ho d\u00edt\u011bte. Jeho podoba, tradice a datum, na kter\u00fd p\u0159ipad\u00e1, se nap\u0159\u00ed\u010d evropsk\u00fdmi zem\u011bmi li\u0161\u00ed.","robots":{"index":"index","follow":"follow","max-snippet":"max-snippet:-1","max-image-preview":"max-image-preview:large","max-video-preview":"max-video-preview:-1"},"canonical":"https:\/\/www.srovnator.cz\/clanky\/prvni-skolni-den-v-evrope\/","og_locale":"cs_CZ","og_type":"article","og_title":"Prvn\u00ed \u0161koln\u00ed den v Evrop\u011b - Srovn\u00e1tor.cz","og_description":"Prvn\u00ed \u0161koln\u00ed den je velkou ud\u00e1lost\u00ed v \u017eivot\u011b ka\u017ed\u00e9ho d\u00edt\u011bte. Jeho podoba, tradice a datum, na kter\u00fd p\u0159ipad\u00e1, se nap\u0159\u00ed\u010d evropsk\u00fdmi zem\u011bmi li\u0161\u00ed.","og_url":"https:\/\/www.srovnator.cz\/clanky\/prvni-skolni-den-v-evrope\/","og_site_name":"Srovn\u00e1tor.cz","article_publisher":"https:\/\/www.facebook.com\/srovnator\/","article_published_time":"2022-09-12T08:22:38+00:00","article_modified_time":"2024-06-24T05:54:34+00:00","og_image":[{"width":1200,"height":900,"url":"https:\/\/storage.googleapis.com\/wp-resources\/srovnator.cz\/ng\/2022\/09\/09-prvni-skolni-den-01.jpg","type":"image\/jpeg"}],"author":"Martin Straka","twitter_card":"summary_large_image","twitter_creator":"@Srovnator_czech","twitter_site":"@Srovnator_czech","twitter_misc":{"Written by":"Martin Straka","Est. reading time":"6 minutes"},"schema":{"@context":"https:\/\/schema.org","@graph":[{"@type":"WebPage","@id":"https:\/\/www.srovnator.cz\/clanky\/prvni-skolni-den-v-evrope\/","url":"https:\/\/www.srovnator.cz\/clanky\/prvni-skolni-den-v-evrope\/","name":"Prvn\u00ed \u0161koln\u00ed den v Evrop\u011b - Srovn\u00e1tor.cz","isPartOf":{"@id":"https:\/\/www.srovnator.cz\/#website"},"primaryImageOfPage":{"@id":"https:\/\/www.srovnator.cz\/clanky\/prvni-skolni-den-v-evrope\/#primaryimage"},"image":{"@id":"https:\/\/www.srovnator.cz\/clanky\/prvni-skolni-den-v-evrope\/#primaryimage"},"thumbnailUrl":"https:\/\/storage.googleapis.com\/wp-resources\/srovnator.cz\/ng\/2022\/09\/09-prvni-skolni-den-01.jpg","datePublished":"2022-09-12T08:22:38+00:00","dateModified":"2024-06-24T05:54:34+00:00","author":{"@id":"https:\/\/www.srovnator.cz\/#\/schema\/person\/f2be3ec81eda7dd06cf658cc9aa974ff"},"description":"Prvn\u00ed \u0161koln\u00ed den je velkou ud\u00e1lost\u00ed v \u017eivot\u011b ka\u017ed\u00e9ho d\u00edt\u011bte. Jeho podoba, tradice a datum, na kter\u00fd p\u0159ipad\u00e1, se nap\u0159\u00ed\u010d evropsk\u00fdmi zem\u011bmi li\u0161\u00ed.","inLanguage":"cs-CZ","potentialAction":[{"@type":"ReadAction","target":["https:\/\/www.srovnator.cz\/clanky\/prvni-skolni-den-v-evrope\/"]}]},{"@type":"ImageObject","inLanguage":"cs-CZ","@id":"https:\/\/www.srovnator.cz\/clanky\/prvni-skolni-den-v-evrope\/#primaryimage","url":"https:\/\/storage.googleapis.com\/wp-resources\/srovnator.cz\/ng\/2022\/09\/09-prvni-skolni-den-01.jpg","contentUrl":"https:\/\/storage.googleapis.com\/wp-resources\/srovnator.cz\/ng\/2022\/09\/09-prvni-skolni-den-01.jpg","width":1200,"height":900,"caption":"Prvn\u00ed \u0161koln\u00ed den"},{"@type":"WebSite","@id":"https:\/\/www.srovnator.cz\/#website","url":"https:\/\/www.srovnator.cz\/","name":"Srovn\u00e1tor.cz","description":"","potentialAction":[{"@type":"SearchAction","target":{"@type":"EntryPoint","urlTemplate":"https:\/\/www.srovnator.cz\/?s={search_term_string}"},"query-input":{"@type":"PropertyValueSpecification","valueRequired":true,"valueName":"search_term_string"}}],"inLanguage":"cs-CZ"},{"@type":"Person","@id":"https:\/\/www.srovnator.cz\/#\/schema\/person\/f2be3ec81eda7dd06cf658cc9aa974ff","name":"Martin Straka","image":{"@type":"ImageObject","inLanguage":"cs-CZ","@id":"https:\/\/www.srovnator.cz\/#\/schema\/person\/image\/","url":"https:\/\/secure.gravatar.com\/avatar\/e91ecfaa01852a8f16b9f65e2ab5c2102d2bb71b2b029fd130ff6c5d21492f36?s=96&d=mm&r=g","contentUrl":"https:\/\/secure.gravatar.com\/avatar\/e91ecfaa01852a8f16b9f65e2ab5c2102d2bb71b2b029fd130ff6c5d21492f36?s=96&d=mm&r=g","caption":"Martin Straka"},"description":"Martin Straka je \u0159editelem klientsk\u00e9ho centra a p\u00e9\u010de o z\u00e1kazn\u00edky. Se sv\u00fdm t\u00fdmem poskytuje z\u00e1kazn\u00edk\u016fm Srovn\u00e1tor.cz \u0161pi\u010dkov\u00fd servis a dohl\u00ed\u017e\u00ed na to, aby na\u0161e procesy byly efektivn\u00ed a z\u00e1kazn\u00edci byli spokojen\u00ed nejen p\u0159i sjedn\u00e1n\u00ed nov\u00e9ho produktu, ale i kdykoliv pot\u0159ebuj\u00ed s n\u011b\u010d\u00edm pomoci. Jeho \u010dl\u00e1nky informuj\u00ed nejen o nejnov\u011bj\u0161\u00edch trendech a aktu\u00e1ln\u00edch t\u00e9matech, ale p\u0159in\u00e1\u0161\u00ed i praktick\u00e9 a zaj\u00edmav\u00e9 tipy z r\u016fzn\u00fdch oblast\u00ed b\u011b\u017en\u00e9ho \u017eivota.","url":"https:\/\/www.srovnator.cz\/autori\/martin-straka\/"}]}},"amp_enabled":true,"_links":{"self":[{"href":"https:\/\/www.srovnator.cz\/rest_api\/wp\/v2\/posts\/7909","targetHints":{"allow":["GET"]}}],"collection":[{"href":"https:\/\/www.srovnator.cz\/rest_api\/wp\/v2\/posts"}],"about":[{"href":"https:\/\/www.srovnator.cz\/rest_api\/wp\/v2\/types\/post"}],"author":[{"embeddable":true,"href":"https:\/\/www.srovnator.cz\/rest_api\/wp\/v2\/users\/7"}],"replies":[{"embeddable":true,"href":"https:\/\/www.srovnator.cz\/rest_api\/wp\/v2\/comments?post=7909"}],"version-history":[{"count":3,"href":"https:\/\/www.srovnator.cz\/rest_api\/wp\/v2\/posts\/7909\/revisions"}],"predecessor-version":[{"id":7915,"href":"https:\/\/www.srovnator.cz\/rest_api\/wp\/v2\/posts\/7909\/revisions\/7915"}],"wp:featuredmedia":[{"embeddable":true,"href":"https:\/\/www.srovnator.cz\/rest_api\/wp\/v2\/media\/7911"}],"wp:attachment":[{"href":"https:\/\/www.srovnator.cz\/rest_api\/wp\/v2\/media?parent=7909"}],"wp:term":[{"taxonomy":"category","embeddable":true,"href":"https:\/\/www.srovnator.cz\/rest_api\/wp\/v2\/categories?post=7909"},{"taxonomy":"post_tag","embeddable":true,"href":"https:\/\/www.srovnator.cz\/rest_api\/wp\/v2\/tags?post=7909"}],"curies":[{"name":"wp","href":"https:\/\/api.w.org\/{rel}","templated":true}]}}