{"id":7988,"date":"2022-10-05T15:54:30","date_gmt":"2022-10-05T13:54:30","guid":{"rendered":"https:\/\/www.srovnator.cz\/?p=7988"},"modified":"2024-06-24T07:51:30","modified_gmt":"2024-06-24T05:51:30","slug":"tarify-elektriny-aneb-kdy-lze-odebirat-levnejsi-elektrinu","status":"publish","type":"post","link":"https:\/\/www.srovnator.cz\/clanky\/tarify-elektriny-aneb-kdy-lze-odebirat-levnejsi-elektrinu\/","title":{"rendered":"Tarify elekt\u0159iny aneb kdy lze odeb\u00edrat levn\u011bj\u0161\u00ed elekt\u0159inu"},"content":{"rendered":"<p><strong>Ceny energi\u00ed se\u00a0v\u00a0posledn\u00ed dob\u011b sklo\u0148uj\u00ed \u010d\u00edm d\u00e1l \u010dast\u011bji a\u00a0mnoho lid\u00ed \u0159e\u0161\u00ed ot\u00e1zku, jak sn\u00ed\u017eit n\u00e1klady za\u00a0energie. V\u00a0souvislosti s\u00a0pou\u017e\u00edv\u00e1n\u00edm elekt\u0159iny v\u00a0dom\u00e1cnostech se\u00a0nab\u00edz\u00ed vyu\u017e\u00edt cenov\u011b odli\u0161n\u00e9 tarify elekt\u0159iny v\u00a0r\u016fzn\u00fdch \u010d\u00e1stech dne. P\u0159esto\u017ee elekt\u0159inu vyu\u017e\u00edv\u00e1 ka\u017ed\u00e1 dom\u00e1cnost, na\u00a0v\u00fdhodn\u011bj\u0161\u00ed n\u00edzk\u00fd tarif elekt\u0159iny maj\u00ed n\u00e1rok jen\u00a0n\u011bkte\u0159\u00ed. Jak to\u00a0tedy s\u00a0n\u00edzk\u00fdm a\u00a0vysok\u00fdm tarifem vlastn\u011b je?<\/strong><\/p>\n<p class=\"h2 mt-3\">Obsah \u010dl\u00e1nku<\/p>\n<ul>\n<li><a href=\"#toc-vysoky-a-nizky-tarif-elektriny\">Vysok\u00fd a\u00a0n\u00edzk\u00fd tarif elekt\u0159iny<\/a><\/li>\n<li><a href=\"#toc-jak-ziskat-nizky-tarif-elektriny?\">Jak z\u00edskat n\u00edzk\u00fd tarif elekt\u0159iny?<\/a><\/li>\n<li><a href=\"#toc-tarify-elektriny-se-stridaji-v-ruznych-intervalech\">Tarify elekt\u0159iny se\u00a0st\u0159\u00eddaj\u00ed v\u00a0r\u016fzn\u00fdch intervalech<\/a><\/li>\n<li><a href=\"#toc-mejte-prehled-o-casech-spinani-nizkeho-tarifu\">M\u011bjte p\u0159ehled o\u00a0\u010dasech sp\u00edn\u00e1n\u00ed n\u00edzk\u00e9ho tarifu<\/a><\/li>\n<li><a href=\"#toc-kolik-korun-dokaze-usetrit-nizky-tarif-elektriny?\">Kolik korun dok\u00e1\u017ee u\u0161et\u0159it n\u00edzk\u00fd tarif elekt\u0159iny?<\/a><\/li>\n<li><a href=\"#toc-kdyz-elektrina-napacha-skody\">Kdy\u017e\u00a0elekt\u0159ina nap\u00e1ch\u00e1 \u0161kody<\/a><\/li>\n<\/ul>\n<h2 data-context=\"Vysok\u00fd a\u00a0n\u00edzk\u00fd tarif elekt\u0159iny\" id=\"toc-vysoky-a-nizky-tarif-elektriny\">Vysok\u00fd a\u00a0n\u00edzk\u00fd tarif elekt\u0159iny<\/h2>\n<p>Spot\u0159eba elektrick\u00e9 energie nen\u00ed pochopiteln\u011b st\u00e1le stejn\u00e1 a\u00a0v\u00a0pr\u016fb\u011bhu dne kol\u00eds\u00e1. Pr\u00e1v\u011b kol\u00edsaj\u00edc\u00ed popt\u00e1vka po\u00a0elekt\u0159in\u011b je\u00a0d\u016fvodem zaveden\u00ed n\u00edzk\u00e9ho tarifu. V\u00a0dob\u011b, kdy\u00a0b\u00fdv\u00e1 obecn\u011b odb\u011br elekt\u0159iny v\u011bt\u0161\u00ed, plat\u00edme za\u00a0elekt\u0159inu plnou cenu, kter\u00e1\u00a0se\u00a0ozna\u010duje jako <strong>vysok\u00fd tarif elekt\u0159iny<\/strong>. Naproti tomu v\u00a0dob\u011b ni\u017e\u0161\u00ed popt\u00e1vky plat\u00ed pro\u00a0n\u011bkter\u00e9 odb\u011bratele elekt\u0159iny sn\u00ed\u017een\u00e1 cena, tedy <strong>n\u00edzk\u00fd tarif elekt\u0159iny<\/strong>, b\u011bhem kter\u00e9ho by\u00a0m\u011bly energii odeb\u00edrat zejm\u00e9na energeticky n\u00e1ro\u010dn\u00e9 spot\u0159ebi\u010de (nap\u0159. bojlery). Tento princip m\u00e1 v\u00e9st k\u00a0regulaci spot\u0159eby elekt\u0159iny a\u00a0zamezit extr\u00e9mn\u00edm v\u00fdkyv\u016fm v\u00a0s\u00edti.<\/p>\n<img decoding=\"async\" width=\"770\" height=\"577\" src=\"https:\/\/storage.googleapis.com\/wp-resources\/srovnator.cz\/ng\/2022\/10\/09-tarify-elektriny-aneb-kdy-lze-odebirat-levnejsi-elektrinu-01.webp\" class=\" wp-post-image wp-stateless-item\" alt=\"Tarify elekt\u0159iny aneb kdy lze odeb\u00edrat levn\u011bj\u0161\u00ed elekt\u0159inu\" title=\"Tarify elekt\u0159iny aneb kdy lze odeb\u00edrat levn\u011bj\u0161\u00ed elekt\u0159inu\" data-image-size=\"full\" data-stateless-media-bucket=\"wp-resources\" data-stateless-media-name=\"srovnator.cz\/ng\/2022\/10\/09-tarify-elektriny-aneb-kdy-lze-odebirat-levnejsi-elektrinu-01.webp\" \/><div class=\"small mb-4 mt-2 text-center\">V r\u00e1mci dvoutarifn\u00edch sazeb je v dob\u011b pro n\u00edzk\u00fd tarif elekt\u0159ina levn\u011bj\u0161\u00ed.<\/div>\n<h2 data-context=\"Jak z\u00edskat n\u00edzk\u00fd tarif elekt\u0159iny?\" id=\"toc-jak-ziskat-nizky-tarif-elektriny?\">Jak z\u00edskat n\u00edzk\u00fd tarif elekt\u0159iny?<\/h2>\n<p>Mo\u017enost vyu\u017e\u00edvat oba tarify elekt\u0159iny se\u00a0net\u00fdk\u00e1 automaticky v\u0161ech odb\u011bratel\u016f. Dom\u00e1cnosti, kter\u00e9\u00a0vyu\u017e\u00edvaj\u00ed elekt\u0159inu pouze ke\u00a0sv\u00edcen\u00ed a\u00a0provozu b\u011b\u017en\u00fdch dom\u00e1c\u00edch elektrospot\u0159ebi\u010d\u016f, odeb\u00edraj\u00ed elekt\u0159inu v\u00a0r\u00e1mci jednotarifn\u00ed distribu\u010dn\u00ed sazby (D01d, D02d) po\u00a0cel\u00fd den ve\u00a0vysok\u00e9m tarifu, tedy za\u00a0plnou cenu.<\/p>\n<p>K\u00a0tomu, abyste mohli po\u00a0\u010d\u00e1st dne odeb\u00edrat elekt\u0159inu za\u00a0v\u00fdhodn\u011bj\u0161\u00ed cenu, mus\u00edte m\u00edt sjednanou <strong>dvoutarifn\u00ed distribu\u010dn\u00ed sazbu<\/strong>. O\u00a0tu m\u016f\u017eete po\u017e\u00e1dat v\u00a0p\u0159\u00edpad\u011b, \u017ee\u00a0vlastn\u00edte elektrick\u00e9 p\u0159\u00edmotopy, bojler, tepeln\u00e9 \u010derpadlo nebo jin\u00fd <strong>energeticky n\u00e1ro\u010dn\u00fd spot\u0159ebi\u010d, kter\u00fd\u00a0je\u00a0vyu\u017e\u00edv\u00e1n k\u00a0vyt\u00e1p\u011bn\u00ed nebo k\u00a0oh\u0159evu vody<\/strong>, p\u0159\u00edpadn\u011b <strong>elektromobil<\/strong>, kter\u00fd\u00a0si doma dob\u00edj\u00edte. P\u0159ehled dvoutarifn\u00edch distribu\u010dn\u00edch sazeb v\u010detn\u011b kl\u00ed\u010dov\u00e9 podm\u00ednky a\u00a0doby trv\u00e1n\u00ed n\u00edzk\u00e9ho tarifu je\u00a0uveden v\u00a0n\u00e1sleduj\u00edc\u00ed tabulce:<\/p>\n<div class=\"table-responsive\">\n<table class=\"table table-striped table-borderless text-center mb-3\">\n<tbody>\n<tr>\n<th>Distribu\u010dn\u00ed sazba<\/th>\n<th>Podm\u00ednka pro\u00a0z\u00edsk\u00e1n\u00ed sazby<\/th>\n<th>Doba trv\u00e1n\u00ed n\u00edzk\u00e9ho tarifu<\/th>\n<th>Pozn\u00e1mka<\/th>\n<\/tr>\n<tr>\n<td>D25d<\/td>\n<td>akumula\u010dn\u00ed oh\u0159ev vody (bojler)<\/td>\n<td>8\u00a0hodin denn\u011b<\/td>\n<td>\u2014<\/td>\n<\/tr>\n<tr>\n<td>D26d<\/td>\n<td>akumula\u010dn\u00ed vyt\u00e1p\u011bn\u00ed<\/td>\n<td>8\u00a0hodin denn\u011b<\/td>\n<td>\u2014<\/td>\n<\/tr>\n<tr>\n<td>D27d<\/td>\n<td>dob\u00edjen\u00ed elektromobilu<\/td>\n<td>8\u00a0hodin denn\u011b<\/td>\n<td>\u2014<\/td>\n<\/tr>\n<tr>\n<td>D35d<\/td>\n<td>vyt\u00e1p\u011bn\u00ed hybridn\u00edmi (sm\u00ed\u0161en\u00fdmi) elektrick\u00fdmi spot\u0159ebi\u010di<\/td>\n<td>16\u00a0hodin denn\u011b<\/td>\n<td>sazbu ji\u017e nelze nov\u011b p\u0159iznat<\/td>\n<\/tr>\n<tr>\n<td>D45d<\/td>\n<td>vyt\u00e1p\u011bn\u00ed p\u0159\u00edmotopy<\/td>\n<td>20\u00a0hodin denn\u011b<\/td>\n<td>sazbu ji\u017e nelze nov\u011b p\u0159iznat<\/td>\n<\/tr>\n<tr>\n<td>D56d<\/td>\n<td>vyt\u00e1p\u011bn\u00ed tepeln\u00fdm \u010derpadlem<\/td>\n<td>22\u00a0hodin denn\u011b<\/td>\n<td>sazbu ji\u017e nelze nov\u011b p\u0159iznat<\/td>\n<\/tr>\n<tr>\n<td>D57d<\/td>\n<td>elektrick\u00e9 vyt\u00e1p\u011bn\u00ed (v\u010detn\u011b tepeln\u00e9ho \u010derpadla)<\/td>\n<td>20\u00a0hodin denn\u011b<\/td>\n<td>\u2014<\/td>\n<\/tr>\n<tr>\n<td>D61d<\/td>\n<td>nen\u00ed<\/td>\n<td>od\u00a0p\u00e1tku 12:00 do\u00a0ned\u011ble 22:00\u00a0hod.<\/td>\n<td>zvl\u00e1\u0161tn\u00ed v\u00edkendov\u00e1 sazba pro\u00a0chata\u0159e a\u00a0chalup\u00e1\u0159e<\/td>\n<\/tr>\n<\/tbody>\n<\/table>\n<\/div>\n<p>V\u00a0r\u00e1mci dvoutarifn\u00ed sazby by\u00a0z\u00e1rove\u0148 m\u011blo b\u00fdt zaji\u0161t\u011bno, aby\u00a0byl\u00a0dan\u00fd energeticky n\u00e1ro\u010dn\u00fd spot\u0159ebi\u010d v\u00a0dob\u011b vysok\u00e9ho tarifu technicky blokov\u00e1n, tzn. napojen na\u00a0samostatn\u00fd elektrick\u00fd okruh. Dal\u0161\u00ed podm\u00ednkou pro\u00a0p\u0159izn\u00e1n\u00ed dvoutarifn\u00ed sazby m\u016f\u017ee b\u00fdt nutnost splnit dan\u00e9 procento vyu\u017eit\u00ed tohoto spot\u0159ebi\u010de na\u00a0celkov\u00e9m p\u0159\u00edkonu dom\u00e1cnosti.<\/p>\n<h2 data-context=\"Tarify elekt\u0159iny se\u00a0st\u0159\u00eddaj\u00ed v\u00a0r\u016fzn\u00fdch intervalech\" id=\"toc-tarify-elektriny-se-stridaji-v-ruznych-intervalech\">Tarify elekt\u0159iny se\u00a0st\u0159\u00eddaj\u00ed v\u00a0r\u016fzn\u00fdch intervalech<\/h2>\n<p>Dnes u\u017e neplat\u00ed, \u017ee\u00a0by\u00a0elekt\u0159ina byla levn\u011bj\u0161\u00ed pouze v\u00a0noci, a\u00a0proto ani ozna\u010den\u00ed no\u010dn\u00ed proud, jak se\u00a0n\u00edzk\u00fd tarif elekt\u0159iny ozna\u010doval d\u0159\u00edve, u\u017e nen\u00ed v\u00fdsti\u017en\u00e9. N\u00edzk\u00fd tarif lze vyu\u017e\u00edvat v\u00a0r\u016fzn\u00fdch intervalech b\u011bhem cel\u00e9ho dne, a\u00a0to\u00a0celkem <strong>8 \u2013 22\u00a0hodin v\u00a0z\u00e1vislosti na\u00a0konkr\u00e9tn\u00ed distribu\u010dn\u00ed sazb\u011b<\/strong> (viz tabulka v\u00fd\u0161e). P\u0159i\u00a0p\u0159ep\u00edn\u00e1n\u00ed na\u00a0vysok\u00fd a\u00a0n\u00edzk\u00fd tarif elekt\u0159iny hraje roli denn\u00ed doba, den v\u00a0t\u00fddnu i\u00a0po\u010das\u00ed.<\/p>\n<p>\u010casy sp\u00edn\u00e1n\u00ed se\u00a0nav\u00edc li\u0161\u00ed podle distribu\u010dn\u00ed oblasti, do\u00a0kter\u00e9\u00a0odb\u011brn\u00e9 m\u00edsto spad\u00e1. Na\u00a0\u00fazem\u00ed \u010ceska p\u016fsob\u00ed t\u0159i distributo\u0159i elekt\u0159iny, jejich\u017e distribu\u010dn\u00ed s\u00edt\u011b jsou rozd\u011bleny n\u00e1sledovn\u011b:<\/p>\n<ul>\n<li><strong>\u010cEZ<\/strong> \u2013 v\u011bt\u0161ina \u010cR,<\/li>\n<li><strong>EG.D<\/strong> (\u010dlen skupiny E.ON) \u2013 Jiho\u010desk\u00fd kraj, Jihomoravsk\u00fd kraj, Vyso\u010dina, \u010d\u00e1sti Zl\u00ednsk\u00e9ho a\u00a0Olomouck\u00e9ho kraje,<\/li>\n<li><strong>PRE<\/strong> \u2013 Praha a\u00a0Roztoky u\u00a0Prahy.<\/li>\n<\/ul>\n<p><img decoding=\"async\" src=\"https:\/\/storage.googleapis.com\/wp-resources\/srovnator.cz\/ng\/2022\/10\/09-tarify-elektriny-aneb-kdy-lze-odebirat-levnejsi-elektrinu-02.webp\" alt=\"\u010casy p\u0159ep\u00edn\u00e1n\u00ed mezi tarify elekt\u0159iny se li\u0161\u00ed podle distribu\u010dn\u00ed oblasti.\" width=\"770\" height=\"445\" class=\"alignnone size-full wp-image-7991\" \/><br \/>\n<span class=\"small d-block mb-3 text-center\">\u010casy p\u0159ep\u00edn\u00e1n\u00ed mezi tarify elekt\u0159iny se\u00a0li\u0161\u00ed podle distribu\u010dn\u00ed oblasti. | Zdroj: cenyenergie.cz<\/span><\/p>\n<h2 data-context=\"M\u011bjte p\u0159ehled o\u00a0\u010dasech sp\u00edn\u00e1n\u00ed n\u00edzk\u00e9ho tarifu\" id=\"toc-mejte-prehled-o-casech-spinani-nizkeho-tarifu\">M\u011bjte p\u0159ehled o\u00a0\u010dasech sp\u00edn\u00e1n\u00ed n\u00edzk\u00e9ho tarifu<\/h2>\n<p>Na\u00a0n\u00edzk\u00fd tarif elekt\u0159ina <strong>p\u0159ep\u00edn\u00e1 automaticky<\/strong> prost\u0159ednictv\u00edm hromadn\u00e9ho d\u00e1lkov\u00e9ho ovl\u00e1d\u00e1n\u00ed (HDO), p\u0159i\u010dem\u017e <strong>\u010dasy sp\u00edn\u00e1n\u00ed ur\u010duje distributor elekt\u0159iny<\/strong> a\u00a0m\u016f\u017ee je\u00a0tak\u00e9 v\u00a0pr\u016fb\u011bhu roku r\u016fzn\u011b m\u011bnit. Aby\u00a0mohla dom\u00e1cnost co\u00a0nejl\u00e9pe vyu\u017e\u00edvat v\u00fdhodn\u011bj\u0161\u00ed cenu elekt\u0159iny, vyplat\u00ed se\u00a0\u010dasy sp\u00edn\u00e1n\u00ed n\u00edzk\u00e9ho tarifu sledovat. To\u00a0lze jednodu\u0161e na\u00a0webov\u00fdch str\u00e1nk\u00e1ch dan\u00e9ho distributora (<a target=\"_blank\" rel=\"noopener noreferrer nofollow\" href='https:\/\/www.cezdistribuce.cz\/cs\/pro-zakazniky\/spinani-hdo'>\u010cEZ<\/a>, <a target=\"_blank\" rel=\"noopener noreferrer nofollow\" href='https:\/\/www.egd.cz\/casy-platnosti-nizkeho-tarifu'>EG.D<\/a>, <a target=\"_blank\" rel=\"noopener noreferrer nofollow\" href='https:\/\/www.predistribuce.cz\/cs\/potrebuji-zaridit\/zakaznici\/stav-hdo\/'>PRE<\/a>).<\/p>\n<p>Ke\u00a0zji\u0161t\u011bn\u00ed doby platnosti n\u00edzk\u00e9ho tarifu budete pot\u0159ebovat zn\u00e1t povel, resp. k\u00f3d HDO. Ten naleznete na\u00a0p\u0159ij\u00edma\u010di HDO \u2013 b\u00fdv\u00e1 um\u00edst\u011bn samostatn\u011b v\u00a0rozvodn\u00e9 sk\u0159\u00edni vedle elektrom\u011bru, nebo je\u00a0p\u0159\u00edmo sou\u010d\u00e1st\u00ed elektrom\u011bru.<\/p>\n<h2 data-context=\"Kolik korun dok\u00e1\u017ee u\u0161et\u0159it n\u00edzk\u00fd tarif elekt\u0159iny?\" id=\"toc-kolik-korun-dokaze-usetrit-nizky-tarif-elektriny?\">Kolik korun dok\u00e1\u017ee u\u0161et\u0159it n\u00edzk\u00fd tarif elekt\u0159iny?<\/h2>\n<p>Na\u00a0tuto ot\u00e1zku nelze obecn\u011b odpov\u011bd\u011bt, je\u00a0to\u00a0toti\u017e velmi individu\u00e1ln\u00ed. Rozd\u00edly v\u00a0cen\u00e1ch za\u00a0elekt\u0159inu ve\u00a0vysok\u00e9m a\u00a0n\u00edzk\u00e9m tarifu existuj\u00ed jak mezi jednotliv\u00fdmi dodavateli, tak\u00a0mezi jednotliv\u00fdmi distribu\u010dn\u00edmi sazbami.<\/p>\n<p>Vybrali jsme proto t\u0159i produkty r\u016fzn\u00fdch dodavatel\u016f elekt\u0159iny \u2013 pro\u00a0p\u0159edstavu, jak\u00e9 rozd\u00edly mohou existovat mezi ob\u011bma tarify: \u010cEZ elekt\u0159ina bez z\u00e1vazku, PRE proud standard a\u00a0Pra\u017esk\u00e1 plyn\u00e1rensk\u00e1 elekt\u0159ina bez z\u00e1vazku. Nejv\u00fdrazn\u011bj\u0161\u00ed rozd\u00edl mezi vysok\u00fdm tarifem (VT) a\u00a0n\u00edzk\u00fdm tarifem (NT) je\u00a0patrn\u00fd u\u00a0distribu\u010dn\u00edch sazeb D61d (v\u00edkendov\u00e1 sazba), D25d a\u00a0D27d. Ceny v\u00a0tabulce jsou p\u0159evzat\u00e9 z\u00a0aktu\u00e1ln\u00edch cen\u00edk\u016f, plat\u00ed pro\u00a0distribu\u010dn\u00ed \u00fazem\u00ed \u010cEZ Distribuce,\u00a0a.s. a\u00a0jsou uvedeny v\u010detn\u011b DPH. Jedn\u00e1 se\u00a0o\u00a0celkov\u00e9 jednotkov\u00e9 ceny za\u00a0elekt\u0159inu v\u010detn\u011b dan\u011b z\u00a0elekt\u0159iny a\u00a0syst\u00e9mov\u00fdch slu\u017eeb.<\/p>\n<div class=\"table-responsive\">\n<table class=\"table table-striped table-borderless text-center mb-3\">\n<tbody>\n<tr>\n<th class=\"rounded-0\"rowspan=\"3\">Distribu\u010dn\u00ed sazba<\/th>\n<th colspan=\"2\">\u010cEZ (&#8220;elekt\u0159ina bez z\u00e1vazku&#8221;)<\/th>\n<th colspan=\"2\">PRE (&#8220;PRE proud standard&#8221;)<\/th>\n<th colspan=\"2\">Pra\u017esk\u00e1 plyn\u00e1rensk\u00e1 (&#8220;Elekt\u0159ina bez z\u00e1vazku&#8221;)<\/th>\n<\/tr>\n<tr>\n<th colspan=\"6\">celkov\u00e1 jednotkov\u00e1 cena za\u00a0elekt\u0159inu (K\u010d\/MWh)<\/th>\n<\/tr>\n<tr>\n<th class=\"rounded-0\">NT<\/th>\n<th>VT<\/th>\n<th>NT<\/th>\n<th>VT<\/th>\n<th>NT<\/th>\n<th>VT<\/th>\n<\/tr>\n<tr>\n<th>D25d<\/th>\n<td>8185,42<\/td>\n<td>10036,26<\/td>\n<td>8247,13<\/td>\n<td>10339,97<\/td>\n<td>6774,56<\/td>\n<td>9463,93<\/td>\n<\/tr>\n<tr>\n<th>D26d<\/th>\n<td>8185,42<\/td>\n<td>8731,44<\/td>\n<td>8247,13<\/td>\n<td>9035,15<\/td>\n<td>6774,56<\/td>\n<td>8159,11<\/td>\n<\/tr>\n<tr>\n<th>D27d<\/th>\n<td>8124,92<\/td>\n<td>9975,76<\/td>\n<td>8247,13<\/td>\n<td>10339,97<\/td>\n<td>6774,56<\/td>\n<td>9463,93<\/td>\n<\/tr>\n<tr>\n<th>D35d<\/th>\n<td>8681,52<\/td>\n<td>8773,17<\/td>\n<td>8368,13<\/td>\n<td>8701,78<\/td>\n<td>7124,25<\/td>\n<td>8333,94<\/td>\n<\/tr>\n<tr>\n<th>D45d<\/th>\n<td>8826,72<\/td>\n<td>8918,37<\/td>\n<td>8489,13<\/td>\n<td>8943,78<\/td>\n<td>7386,82<\/td>\n<td>8700,57<\/td>\n<\/tr>\n<tr>\n<th>D56d<\/th>\n<td>8729,92<\/td>\n<td>8821,57<\/td>\n<td>8489,13<\/td>\n<td>8943,78<\/td>\n<td>7455,79<\/td>\n<td>8438,00<\/td>\n<\/tr>\n<tr>\n<th>D57d<\/th>\n<td>8729,92<\/td>\n<td>8796,28<\/td>\n<td>8489,13<\/td>\n<td>8918,49<\/td>\n<td>7455,79<\/td>\n<td>8412,71<\/td>\n<\/tr>\n<tr>\n<th>D61d<\/th>\n<td>8197,52<\/td>\n<td>11226,74<\/td>\n<td>8247,13<\/td>\n<td>11518,35<\/td>\n<td>7089,16<\/td>\n<td>11375,57<\/td>\n<\/tr>\n<\/tbody>\n<\/table>\n<\/div>\n<h2 data-context=\"Kdy\u017e\u00a0elekt\u0159ina nap\u00e1ch\u00e1 \u0161kody\" id=\"toc-kdyz-elektrina-napacha-skody\">Kdy\u017e\u00a0elekt\u0159ina nap\u00e1ch\u00e1 \u0161kody<\/h2>\n<p>V\u00a0souvislosti s\u00a0vyu\u017e\u00edv\u00e1n\u00edm elekt\u0159iny v\u00a0dom\u00e1cnosti hroz\u00ed i\u00a0jist\u00e1 rizika. Elektrick\u00e9 spot\u0159ebi\u010de a\u00a0za\u0159\u00edzen\u00ed mohou b\u00fdt po\u0161kozeny nebo zni\u010deny v\u00a0d\u016fsledku p\u0159ep\u011bt\u00ed, podp\u011bt\u00ed nebo zkratu. Je-li p\u0159ep\u011bt\u00ed zp\u016fsoben\u00e9 \u00faderem blesku, m\u016f\u017ee doj\u00edt i\u00a0k\u00a0po\u017e\u00e1ru. O\u00a0\u00fahradu takto vznikl\u00fdch \u0161kod se\u00a0ov\u0161em dok\u00e1\u017ee postarat vhodn\u011b zvolen\u00e9 poji\u0161t\u011bn\u00ed \u2013 <a href='https:\/\/www.srovnator.cz\/pojisteni-domacnosti\/'>poji\u0161t\u011bn\u00ed dom\u00e1cnosti<\/a> a\u00a0<a href='https:\/\/www.srovnator.cz\/pojisteni-nemovitosti\/'>poji\u0161t\u011bn\u00ed nemovitosti<\/a>.<\/p>\n<h2>Nej\u010dast\u011bji kladen\u00e9 ot\u00e1zky \u2013 FAQ<\/h2>\n<div class=\"accordion faq \" id=\"accon0\">\n    <div class=\"accordion-item\">\n        <h3 class=\"accordion-header \" id=\"head-83007\">\n            <button class=\"accordion-button align-items-start collapsed\" type=\"button\" data-bs-toggle=\"collapse\" data-bs-target=\"#item-70983\" aria-expanded=\"true\" aria-controls=\"item-70983\">\n            Jak z\u00edskat n\u00edzk\u00fd tarif elekt\u0159iny?\n            <\/button>\n        <\/h3>\n        <div id=\"item-70983\" class=\"accordion-collapse collapse \" aria-labelledby=\"head-83007\" data-bs-parent=\"#accon0\">\n            <div class=\"accordion-body\">\n        Dvoutarifn\u00ed distribu\u010dn\u00ed sazba, kter\u00e1\u00a0umo\u017e\u0148uje kombinovat odb\u011br elekt\u0159iny ve\u00a0vysok\u00e9m a\u00a0n\u00edzk\u00e9m tarifu, v\u00e1m m\u016f\u017ee b\u00fdt p\u0159id\u011blena za\u00a0ur\u010dit\u00fdch podm\u00ednek. Z\u00e1sadn\u00ed podm\u00ednkou je\u00a0provoz energeticky n\u00e1ro\u010dn\u00e9ho spot\u0159ebi\u010de pro\u00a0vyt\u00e1p\u011bn\u00ed nebo oh\u0159ev vody v\u00a0dom\u00e1cnosti, p\u0159\u00edpadn\u011b vlastnictv\u00ed elektromobilu (v\u00edce o\u00a0elektromobilech si m\u016f\u017eete p\u0159e\u010d\u00edst <a href='https:\/\/www.srovnator.cz\/clanky\/elektromobil-jako-auto-budoucnosti\/'>v\u00a0tomto \u010dl\u00e1nku<\/a>).<br \/>\n    <\/div>\n        <\/div>\n    <\/div>\n    <div class=\"accordion-item\">\n        <h3 class=\"accordion-header \" id=\"head-38652\">\n            <button class=\"accordion-button align-items-start collapsed\" type=\"button\" data-bs-toggle=\"collapse\" data-bs-target=\"#item-16328\" aria-expanded=\"true\" aria-controls=\"item-16328\">\n            Kdy je n\u00edzk\u00fd tarif elekt\u0159iny?\n            <\/button>\n        <\/h3>\n        <div id=\"item-16328\" class=\"accordion-collapse collapse \" aria-labelledby=\"head-38652\" data-bs-parent=\"#accon0\">\n            <div class=\"accordion-body\">\n        N\u00edzk\u00fd tarif se\u00a0sp\u00edn\u00e1 v\u00a0r\u016fzn\u00fdch intervalech v\u00a0pr\u016fb\u011bhu cel\u00e9ho dne. Celkem m\u016f\u017ee v\u00a0r\u00e1mci jednoho dne trvat 8 a\u017e 22\u00a0hodin \u2013 z\u00e1le\u017e\u00ed na\u00a0distribu\u010dn\u00ed sazb\u011b. Konkr\u00e9tn\u00ed \u010dasy sp\u00edn\u00e1n\u00ed z\u00e1vis\u00ed na\u00a0distribu\u010dn\u00ed oblasti, denn\u00ed dob\u011b, dni v\u00a0t\u00fddnu i\u00a0na\u00a0po\u010das\u00ed.<br \/>\n    <\/div>\n        <\/div>\n    <\/div>\n    <div class=\"accordion-item\">\n        <h3 class=\"accordion-header \" id=\"head-35757\">\n            <button class=\"accordion-button align-items-start collapsed\" type=\"button\" data-bs-toggle=\"collapse\" data-bs-target=\"#item-89868\" aria-expanded=\"true\" aria-controls=\"item-89868\">\n            Jak zjistit \u010dasy n\u00edzk\u00e9ho tarifu?\n            <\/button>\n        <\/h3>\n        <div id=\"item-89868\" class=\"accordion-collapse collapse \" aria-labelledby=\"head-35757\" data-bs-parent=\"#accon0\">\n            <div class=\"accordion-body\">\n        \u010casy, ve\u00a0kter\u00fdch ve\u00a0va\u0161\u00ed dom\u00e1cnosti sp\u00edn\u00e1 n\u00edzk\u00fd tarif, zjist\u00edte u\u00a0sv\u00e9ho distributora elekt\u0159iny (\u010cEZ, EG.D, PRE). Nejjednodu\u0161\u0161\u00ed je\u00a0nav\u0161t\u00edvit webov\u00e9 str\u00e1nky distributora, p\u0159\u00edpadn\u011b se\u00a0obr\u00e1tit na\u00a0z\u00e1kaznickou linku.<br \/>\n    <\/div>\n        <\/div>\n    <\/div>\n    <div class=\"accordion-item\">\n        <h3 class=\"accordion-header \" id=\"head-67461\">\n            <button class=\"accordion-button align-items-start collapsed\" type=\"button\" data-bs-toggle=\"collapse\" data-bs-target=\"#item-10739\" aria-expanded=\"true\" aria-controls=\"item-10739\">\n            Jak\u00fd je rozd\u00edl mezi vysok\u00fdm a n\u00edzk\u00fdm tarifem?\n            <\/button>\n        <\/h3>\n        <div id=\"item-10739\" class=\"accordion-collapse collapse \" aria-labelledby=\"head-67461\" data-bs-parent=\"#accon0\">\n            <div class=\"accordion-body\">\n        Rozd\u00edl spo\u010d\u00edv\u00e1 v\u00a0cen\u011b za\u00a0elekt\u0159inu. B\u011bhem vysok\u00e9ho tarifu plat\u00ed odb\u011bratel\u00e9 za\u00a0elekt\u0159inu plnou cenu. V\u00a0dob\u011b n\u00edzk\u00e9ho tarifu je\u00a0elekt\u0159ina levn\u011bj\u0161\u00ed. Rozd\u00edl mezi cenou n\u00edzk\u00e9ho a\u00a0vysok\u00e9ho tarifu se\u00a0u\u00a0jednotliv\u00fdch distribu\u010dn\u00edch sazeb li\u0161\u00ed. Pokud v\u00e1s zaj\u00edm\u00e1, z\u00a0\u010deho se\u00a0skl\u00e1d\u00e1 cena elekt\u0159iny, odpov\u011b\u010f naleznete <a href='https:\/\/www.srovnator.cz\/clanky\/z-ceho-se-sklada-cena-elektriny-v-cr\/'>v\u00a0tomto \u010dl\u00e1nku<\/a>.<br \/>\n    <\/div>\n        <\/div>\n    <\/div>\n<\/div>\n","protected":false},"excerpt":{"rendered":"<p>N\u00edzk\u00fd tarif znamen\u00e1 levn\u011bj\u0161\u00ed elekt\u0159inu. Sp\u00edn\u00e1 v r\u016fzn\u00fdch \u010dasech v pr\u016fb\u011bhu cel\u00e9ho dne a mohou ho vyu\u017e\u00edvat ti, kte\u0159\u00ed maj\u00ed p\u0159iznanou dvoutarifn\u00ed distribu\u010dn\u00ed sazbu.<\/p>\n","protected":false},"author":6,"featured_media":7990,"comment_status":"open","ping_status":"open","sticky":false,"template":"","format":"standard","meta":{"_acf_changed":false,"footnotes":""},"categories":[5],"tags":[398,399,400,401,866],"class_list":["post-7988","post","type-post","status-publish","format-standard","has-post-thumbnail","hentry","category-pojisteni-majetku","tag-cena","tag-domacnost","tag-elektrina","tag-energie","tag-topeni"],"acf":{"znacka":"","model":"","objem":"","vyrobeno":"","vykon":"","velikost_1":"","velikost_2":"","velikost_3":"","velikost_4":"","roky":"","roky_velikost_1":"","roky_velikost_2":"","roky_velikost_3":"","roky_velikost_4":"","pocet_kalkulaci":0,"page_post_meta_bread":"","page_post_meta_bread_child":"","page_post_meta_script_head":"<script type=\"application\/ld+json\">\r\n    {\r\n        \"@context\": \"https:\/\/schema.org\",\r\n        \"@type\": \"FAQPage\",\r\n        \"mainEntity\": [{\r\n            \"@type\": \"Question\",\r\n            \"name\": \"Jak z\u00edskat n\u00edzk\u00fd tarif elekt\u0159iny?\",\r\n            \"acceptedAnswer\": {\r\n                \"@type\": \"Answer\",\r\n                \"text\": \"Dvoutarifn\u00ed distribu\u010dn\u00ed sazba, kter\u00e1 umo\u017e\u0148uje kombinovat odb\u011br elekt\u0159iny ve vysok\u00e9m a n\u00edzk\u00e9m tarifu, v\u00e1m m\u016f\u017ee b\u00fdt p\u0159id\u011blena za ur\u010dit\u00fdch podm\u00ednek. Z\u00e1sadn\u00ed podm\u00ednkou je provoz energeticky n\u00e1ro\u010dn\u00e9ho spot\u0159ebi\u010de pro vyt\u00e1p\u011bn\u00ed nebo oh\u0159ev vody v dom\u00e1cnosti, p\u0159\u00edpadn\u011b vlastnictv\u00ed elektromobilu (v\u00edce o elektromobilech si m\u016f\u017eete p\u0159e\u010d\u00edst <a href='https:\/\/www.srovnator.cz\/clanky\/elektromobil-jako-auto-budoucnosti\/'>v tomto \u010dl\u00e1nku<\/a>).\"\r\n                }\r\n            }, {\r\n            \"@type\": \"Question\",\r\n            \"name\": \"Kdy je n\u00edzk\u00fd tarif elekt\u0159iny?\",\r\n            \"acceptedAnswer\": {\r\n                \"@type\": \"Answer\",\r\n                \"text\": \"N\u00edzk\u00fd tarif se sp\u00edn\u00e1 v r\u016fzn\u00fdch intervalech v pr\u016fb\u011bhu cel\u00e9ho dne. Celkem m\u016f\u017ee v r\u00e1mci jednoho dne trvat 8 a\u017e 22 hodin - z\u00e1le\u017e\u00ed na distribu\u010dn\u00ed sazb\u011b. Konkr\u00e9tn\u00ed \u010dasy sp\u00edn\u00e1n\u00ed z\u00e1vis\u00ed na distribu\u010dn\u00ed oblasti, denn\u00ed dob\u011b, dni v t\u00fddnu i na po\u010das\u00ed.\"\r\n                }\r\n            }, {\r\n            \"@type\": \"Question\",\r\n            \"name\": \"Jak zjistit \u010dasy n\u00edzk\u00e9ho tarifu?\",\r\n            \"acceptedAnswer\": {\r\n                \"@type\": \"Answer\",\r\n                \"text\": \"\u010casy, ve kter\u00fdch ve va\u0161\u00ed dom\u00e1cnosti sp\u00edn\u00e1 n\u00edzk\u00fd tarif, zjist\u00edte u sv\u00e9ho distributora elekt\u0159iny (\u010cEZ, EG.D, PRE). Nejjednodu\u0161\u0161\u00ed je nav\u0161t\u00edvit webov\u00e9 str\u00e1nky distributora, p\u0159\u00edpadn\u011b se obr\u00e1tit na z\u00e1kaznickou linku.\"\r\n                }\r\n            }, {\r\n            \"@type\": \"Question\",\r\n            \"name\": \"Jak\u00fd je rozd\u00edl mezi vysok\u00fdm a n\u00edzk\u00fdm tarifem?\",\r\n            \"acceptedAnswer\": {\r\n                \"@type\": \"Answer\",\r\n                \"text\": \"Rozd\u00edl spo\u010d\u00edv\u00e1 v cen\u011b za elekt\u0159inu. B\u011bhem vysok\u00e9ho tarifu plat\u00ed odb\u011bratel\u00e9 za elekt\u0159inu plnou cenu. V dob\u011b n\u00edzk\u00e9ho tarifu je elekt\u0159ina levn\u011bj\u0161\u00ed. Rozd\u00edl mezi cenou n\u00edzk\u00e9ho a vysok\u00e9ho tarifu se u jednotliv\u00fdch distribu\u010dn\u00edch sazeb li\u0161\u00ed. Pokud v\u00e1s zaj\u00edm\u00e1, z \u010deho se skl\u00e1d\u00e1 cena elekt\u0159iny, odpov\u011b\u010f naleznete <a href='https:\/\/www.srovnator.cz\/clanky\/z-ceho-se-sklada-cena-elektriny-v-cr\/'>v tomto \u010dl\u00e1nku<\/a>.\"\r\n                }\r\n            }\r\n        ]\r\n    }\r\n<\/script>","page_post_meta_leaving_screen":"cat"},"yoast_head":"<!-- This site is optimized with the Yoast SEO plugin v25.5 - https:\/\/yoast.com\/wordpress\/plugins\/seo\/ -->\n<title>Tarify elekt\u0159iny aneb kdy lze odeb\u00edrat levn\u011bj\u0161\u00ed elekt\u0159inu - Srovn\u00e1tor.cz<\/title>\n<meta name=\"description\" content=\"N\u00edzk\u00fd tarif znamen\u00e1 levn\u011bj\u0161\u00ed elekt\u0159inu. Sp\u00edn\u00e1 v r\u016fzn\u00fdch \u010dasech v pr\u016fb\u011bhu cel\u00e9ho dne a mohou ho vyu\u017e\u00edvat ti, kte\u0159\u00ed maj\u00ed p\u0159iznanou dvoutarifn\u00ed distribu\u010dn\u00ed sazbu.\" \/>\n<meta name=\"robots\" content=\"index, follow, max-snippet:-1, max-image-preview:large, max-video-preview:-1\" \/>\n<link rel=\"canonical\" href=\"https:\/\/www.srovnator.cz\/clanky\/tarify-elektriny-aneb-kdy-lze-odebirat-levnejsi-elektrinu\/\" \/>\n<meta property=\"og:locale\" content=\"cs_CZ\" \/>\n<meta property=\"og:type\" content=\"article\" \/>\n<meta property=\"og:title\" content=\"Tarify elekt\u0159iny aneb kdy lze odeb\u00edrat levn\u011bj\u0161\u00ed elekt\u0159inu - Srovn\u00e1tor.cz\" \/>\n<meta property=\"og:description\" content=\"N\u00edzk\u00fd tarif znamen\u00e1 levn\u011bj\u0161\u00ed elekt\u0159inu. Sp\u00edn\u00e1 v r\u016fzn\u00fdch \u010dasech v pr\u016fb\u011bhu cel\u00e9ho dne a mohou ho vyu\u017e\u00edvat ti, kte\u0159\u00ed maj\u00ed p\u0159iznanou dvoutarifn\u00ed distribu\u010dn\u00ed sazbu.\" \/>\n<meta property=\"og:url\" content=\"https:\/\/www.srovnator.cz\/clanky\/tarify-elektriny-aneb-kdy-lze-odebirat-levnejsi-elektrinu\/\" \/>\n<meta property=\"og:site_name\" content=\"Srovn\u00e1tor.cz\" \/>\n<meta property=\"article:publisher\" content=\"https:\/\/www.facebook.com\/srovnator\/\" \/>\n<meta property=\"article:published_time\" content=\"2022-10-05T13:54:30+00:00\" \/>\n<meta property=\"article:modified_time\" content=\"2024-06-24T05:51:30+00:00\" \/>\n<meta property=\"og:image\" content=\"https:\/\/storage.googleapis.com\/wp-resources\/srovnator.cz\/ng\/2022\/10\/09-tarify-elektriny-aneb-kdy-lze-odebirat-levnejsi-elektrinu-01.webp\" \/>\n\t<meta property=\"og:image:width\" content=\"770\" \/>\n\t<meta property=\"og:image:height\" content=\"577\" \/>\n\t<meta property=\"og:image:type\" content=\"image\/webp\" \/>\n<meta name=\"author\" content=\"Tom\u00e1\u0161 Mina\u0159\u00edk\" \/>\n<meta name=\"twitter:card\" content=\"summary_large_image\" \/>\n<meta name=\"twitter:creator\" content=\"@Srovnator_czech\" \/>\n<meta name=\"twitter:site\" content=\"@Srovnator_czech\" \/>\n<meta name=\"twitter:label1\" content=\"Written by\" \/>\n\t<meta name=\"twitter:data1\" content=\"Tom\u00e1\u0161 Mina\u0159\u00edk\" \/>\n\t<meta name=\"twitter:label2\" content=\"Est. reading time\" \/>\n\t<meta name=\"twitter:data2\" content=\"1 minute\" \/>\n<script type=\"application\/ld+json\" class=\"yoast-schema-graph\">{\"@context\":\"https:\/\/schema.org\",\"@graph\":[{\"@type\":\"WebPage\",\"@id\":\"https:\/\/www.srovnator.cz\/clanky\/tarify-elektriny-aneb-kdy-lze-odebirat-levnejsi-elektrinu\/\",\"url\":\"https:\/\/www.srovnator.cz\/clanky\/tarify-elektriny-aneb-kdy-lze-odebirat-levnejsi-elektrinu\/\",\"name\":\"Tarify elekt\u0159iny aneb kdy lze odeb\u00edrat levn\u011bj\u0161\u00ed elekt\u0159inu - Srovn\u00e1tor.cz\",\"isPartOf\":{\"@id\":\"https:\/\/www.srovnator.cz\/#website\"},\"primaryImageOfPage\":{\"@id\":\"https:\/\/www.srovnator.cz\/clanky\/tarify-elektriny-aneb-kdy-lze-odebirat-levnejsi-elektrinu\/#primaryimage\"},\"image\":{\"@id\":\"https:\/\/www.srovnator.cz\/clanky\/tarify-elektriny-aneb-kdy-lze-odebirat-levnejsi-elektrinu\/#primaryimage\"},\"thumbnailUrl\":\"https:\/\/storage.googleapis.com\/wp-resources\/srovnator.cz\/ng\/2022\/10\/09-tarify-elektriny-aneb-kdy-lze-odebirat-levnejsi-elektrinu-01.webp\",\"datePublished\":\"2022-10-05T13:54:30+00:00\",\"dateModified\":\"2024-06-24T05:51:30+00:00\",\"author\":{\"@id\":\"https:\/\/www.srovnator.cz\/#\/schema\/person\/9edfe86141eba69ff5b2149b530db68d\"},\"description\":\"N\u00edzk\u00fd tarif znamen\u00e1 levn\u011bj\u0161\u00ed elekt\u0159inu. Sp\u00edn\u00e1 v r\u016fzn\u00fdch \u010dasech v pr\u016fb\u011bhu cel\u00e9ho dne a mohou ho vyu\u017e\u00edvat ti, kte\u0159\u00ed maj\u00ed p\u0159iznanou dvoutarifn\u00ed distribu\u010dn\u00ed sazbu.\",\"inLanguage\":\"cs-CZ\",\"potentialAction\":[{\"@type\":\"ReadAction\",\"target\":[\"https:\/\/www.srovnator.cz\/clanky\/tarify-elektriny-aneb-kdy-lze-odebirat-levnejsi-elektrinu\/\"]}]},{\"@type\":\"ImageObject\",\"inLanguage\":\"cs-CZ\",\"@id\":\"https:\/\/www.srovnator.cz\/clanky\/tarify-elektriny-aneb-kdy-lze-odebirat-levnejsi-elektrinu\/#primaryimage\",\"url\":\"https:\/\/storage.googleapis.com\/wp-resources\/srovnator.cz\/ng\/2022\/10\/09-tarify-elektriny-aneb-kdy-lze-odebirat-levnejsi-elektrinu-01.webp\",\"contentUrl\":\"https:\/\/storage.googleapis.com\/wp-resources\/srovnator.cz\/ng\/2022\/10\/09-tarify-elektriny-aneb-kdy-lze-odebirat-levnejsi-elektrinu-01.webp\",\"width\":770,\"height\":577,\"caption\":\"V r\u00e1mci dvoutarifn\u00edch sazeb je v dob\u011b pro n\u00edzk\u00fd tarif elekt\u0159ina levn\u011bj\u0161\u00ed.\"},{\"@type\":\"WebSite\",\"@id\":\"https:\/\/www.srovnator.cz\/#website\",\"url\":\"https:\/\/www.srovnator.cz\/\",\"name\":\"Srovn\u00e1tor.cz\",\"description\":\"\",\"potentialAction\":[{\"@type\":\"SearchAction\",\"target\":{\"@type\":\"EntryPoint\",\"urlTemplate\":\"https:\/\/www.srovnator.cz\/?s={search_term_string}\"},\"query-input\":{\"@type\":\"PropertyValueSpecification\",\"valueRequired\":true,\"valueName\":\"search_term_string\"}}],\"inLanguage\":\"cs-CZ\"},{\"@type\":\"Person\",\"@id\":\"https:\/\/www.srovnator.cz\/#\/schema\/person\/9edfe86141eba69ff5b2149b530db68d\",\"name\":\"Tom\u00e1\u0161 Mina\u0159\u00edk\",\"image\":{\"@type\":\"ImageObject\",\"inLanguage\":\"cs-CZ\",\"@id\":\"https:\/\/www.srovnator.cz\/#\/schema\/person\/image\/\",\"url\":\"https:\/\/secure.gravatar.com\/avatar\/067ce16f231ff92a14a4863e4057901a91bb1113ab404100733de550ecf1aafe?s=96&d=mm&r=g\",\"contentUrl\":\"https:\/\/secure.gravatar.com\/avatar\/067ce16f231ff92a14a4863e4057901a91bb1113ab404100733de550ecf1aafe?s=96&d=mm&r=g\",\"caption\":\"Tom\u00e1\u0161 Mina\u0159\u00edk\"},\"description\":\"Tom\u00e1\u0161 je odborn\u00edk, kter\u00fd se v\u011bnuje ochran\u011b va\u0161eho domova, auta a cennost\u00ed. S osobn\u00edm p\u0159\u00edstupem a odborn\u00fdmi znalostmi v\u00e1s provede sv\u011btem poji\u0161t\u011bn\u00ed ob\u010dansk\u00e9ho majetku, aby va\u0161e cenn\u00e9 v\u011bci byly v\u017edy v bezpe\u010d\u00ed. Jeho expert\u00edza a z\u00e1vazek k detailu zaji\u0161\u0165uj\u00ed, \u017ee najdete poji\u0161t\u011bn\u00ed, kter\u00e9 p\u0159esn\u011b odpov\u00edd\u00e1 va\u0161im pot\u0159eb\u00e1m.\",\"url\":\"https:\/\/www.srovnator.cz\/autori\/tomas-minarik\/\"}]}<\/script>\n<!-- \/ Yoast SEO plugin. -->","yoast_head_json":{"title":"Tarify elekt\u0159iny aneb kdy lze odeb\u00edrat levn\u011bj\u0161\u00ed elekt\u0159inu - Srovn\u00e1tor.cz","description":"N\u00edzk\u00fd tarif znamen\u00e1 levn\u011bj\u0161\u00ed elekt\u0159inu. Sp\u00edn\u00e1 v r\u016fzn\u00fdch \u010dasech v pr\u016fb\u011bhu cel\u00e9ho dne a mohou ho vyu\u017e\u00edvat ti, kte\u0159\u00ed maj\u00ed p\u0159iznanou dvoutarifn\u00ed distribu\u010dn\u00ed sazbu.","robots":{"index":"index","follow":"follow","max-snippet":"max-snippet:-1","max-image-preview":"max-image-preview:large","max-video-preview":"max-video-preview:-1"},"canonical":"https:\/\/www.srovnator.cz\/clanky\/tarify-elektriny-aneb-kdy-lze-odebirat-levnejsi-elektrinu\/","og_locale":"cs_CZ","og_type":"article","og_title":"Tarify elekt\u0159iny aneb kdy lze odeb\u00edrat levn\u011bj\u0161\u00ed elekt\u0159inu - Srovn\u00e1tor.cz","og_description":"N\u00edzk\u00fd tarif znamen\u00e1 levn\u011bj\u0161\u00ed elekt\u0159inu. Sp\u00edn\u00e1 v r\u016fzn\u00fdch \u010dasech v pr\u016fb\u011bhu cel\u00e9ho dne a mohou ho vyu\u017e\u00edvat ti, kte\u0159\u00ed maj\u00ed p\u0159iznanou dvoutarifn\u00ed distribu\u010dn\u00ed sazbu.","og_url":"https:\/\/www.srovnator.cz\/clanky\/tarify-elektriny-aneb-kdy-lze-odebirat-levnejsi-elektrinu\/","og_site_name":"Srovn\u00e1tor.cz","article_publisher":"https:\/\/www.facebook.com\/srovnator\/","article_published_time":"2022-10-05T13:54:30+00:00","article_modified_time":"2024-06-24T05:51:30+00:00","og_image":[{"width":770,"height":577,"url":"https:\/\/storage.googleapis.com\/wp-resources\/srovnator.cz\/ng\/2022\/10\/09-tarify-elektriny-aneb-kdy-lze-odebirat-levnejsi-elektrinu-01.webp","type":"image\/webp"}],"author":"Tom\u00e1\u0161 Mina\u0159\u00edk","twitter_card":"summary_large_image","twitter_creator":"@Srovnator_czech","twitter_site":"@Srovnator_czech","twitter_misc":{"Written by":"Tom\u00e1\u0161 Mina\u0159\u00edk","Est. reading time":"1 minute"},"schema":{"@context":"https:\/\/schema.org","@graph":[{"@type":"WebPage","@id":"https:\/\/www.srovnator.cz\/clanky\/tarify-elektriny-aneb-kdy-lze-odebirat-levnejsi-elektrinu\/","url":"https:\/\/www.srovnator.cz\/clanky\/tarify-elektriny-aneb-kdy-lze-odebirat-levnejsi-elektrinu\/","name":"Tarify elekt\u0159iny aneb kdy lze odeb\u00edrat levn\u011bj\u0161\u00ed elekt\u0159inu - Srovn\u00e1tor.cz","isPartOf":{"@id":"https:\/\/www.srovnator.cz\/#website"},"primaryImageOfPage":{"@id":"https:\/\/www.srovnator.cz\/clanky\/tarify-elektriny-aneb-kdy-lze-odebirat-levnejsi-elektrinu\/#primaryimage"},"image":{"@id":"https:\/\/www.srovnator.cz\/clanky\/tarify-elektriny-aneb-kdy-lze-odebirat-levnejsi-elektrinu\/#primaryimage"},"thumbnailUrl":"https:\/\/storage.googleapis.com\/wp-resources\/srovnator.cz\/ng\/2022\/10\/09-tarify-elektriny-aneb-kdy-lze-odebirat-levnejsi-elektrinu-01.webp","datePublished":"2022-10-05T13:54:30+00:00","dateModified":"2024-06-24T05:51:30+00:00","author":{"@id":"https:\/\/www.srovnator.cz\/#\/schema\/person\/9edfe86141eba69ff5b2149b530db68d"},"description":"N\u00edzk\u00fd tarif znamen\u00e1 levn\u011bj\u0161\u00ed elekt\u0159inu. Sp\u00edn\u00e1 v r\u016fzn\u00fdch \u010dasech v pr\u016fb\u011bhu cel\u00e9ho dne a mohou ho vyu\u017e\u00edvat ti, kte\u0159\u00ed maj\u00ed p\u0159iznanou dvoutarifn\u00ed distribu\u010dn\u00ed sazbu.","inLanguage":"cs-CZ","potentialAction":[{"@type":"ReadAction","target":["https:\/\/www.srovnator.cz\/clanky\/tarify-elektriny-aneb-kdy-lze-odebirat-levnejsi-elektrinu\/"]}]},{"@type":"ImageObject","inLanguage":"cs-CZ","@id":"https:\/\/www.srovnator.cz\/clanky\/tarify-elektriny-aneb-kdy-lze-odebirat-levnejsi-elektrinu\/#primaryimage","url":"https:\/\/storage.googleapis.com\/wp-resources\/srovnator.cz\/ng\/2022\/10\/09-tarify-elektriny-aneb-kdy-lze-odebirat-levnejsi-elektrinu-01.webp","contentUrl":"https:\/\/storage.googleapis.com\/wp-resources\/srovnator.cz\/ng\/2022\/10\/09-tarify-elektriny-aneb-kdy-lze-odebirat-levnejsi-elektrinu-01.webp","width":770,"height":577,"caption":"V r\u00e1mci dvoutarifn\u00edch sazeb je v dob\u011b pro n\u00edzk\u00fd tarif elekt\u0159ina levn\u011bj\u0161\u00ed."},{"@type":"WebSite","@id":"https:\/\/www.srovnator.cz\/#website","url":"https:\/\/www.srovnator.cz\/","name":"Srovn\u00e1tor.cz","description":"","potentialAction":[{"@type":"SearchAction","target":{"@type":"EntryPoint","urlTemplate":"https:\/\/www.srovnator.cz\/?s={search_term_string}"},"query-input":{"@type":"PropertyValueSpecification","valueRequired":true,"valueName":"search_term_string"}}],"inLanguage":"cs-CZ"},{"@type":"Person","@id":"https:\/\/www.srovnator.cz\/#\/schema\/person\/9edfe86141eba69ff5b2149b530db68d","name":"Tom\u00e1\u0161 Mina\u0159\u00edk","image":{"@type":"ImageObject","inLanguage":"cs-CZ","@id":"https:\/\/www.srovnator.cz\/#\/schema\/person\/image\/","url":"https:\/\/secure.gravatar.com\/avatar\/067ce16f231ff92a14a4863e4057901a91bb1113ab404100733de550ecf1aafe?s=96&d=mm&r=g","contentUrl":"https:\/\/secure.gravatar.com\/avatar\/067ce16f231ff92a14a4863e4057901a91bb1113ab404100733de550ecf1aafe?s=96&d=mm&r=g","caption":"Tom\u00e1\u0161 Mina\u0159\u00edk"},"description":"Tom\u00e1\u0161 je odborn\u00edk, kter\u00fd se v\u011bnuje ochran\u011b va\u0161eho domova, auta a cennost\u00ed. S osobn\u00edm p\u0159\u00edstupem a odborn\u00fdmi znalostmi v\u00e1s provede sv\u011btem poji\u0161t\u011bn\u00ed ob\u010dansk\u00e9ho majetku, aby va\u0161e cenn\u00e9 v\u011bci byly v\u017edy v bezpe\u010d\u00ed. Jeho expert\u00edza a z\u00e1vazek k detailu zaji\u0161\u0165uj\u00ed, \u017ee najdete poji\u0161t\u011bn\u00ed, kter\u00e9 p\u0159esn\u011b odpov\u00edd\u00e1 va\u0161im pot\u0159eb\u00e1m.","url":"https:\/\/www.srovnator.cz\/autori\/tomas-minarik\/"}]}},"amp_enabled":true,"_links":{"self":[{"href":"https:\/\/www.srovnator.cz\/rest_api\/wp\/v2\/posts\/7988","targetHints":{"allow":["GET"]}}],"collection":[{"href":"https:\/\/www.srovnator.cz\/rest_api\/wp\/v2\/posts"}],"about":[{"href":"https:\/\/www.srovnator.cz\/rest_api\/wp\/v2\/types\/post"}],"author":[{"embeddable":true,"href":"https:\/\/www.srovnator.cz\/rest_api\/wp\/v2\/users\/6"}],"replies":[{"embeddable":true,"href":"https:\/\/www.srovnator.cz\/rest_api\/wp\/v2\/comments?post=7988"}],"version-history":[{"count":5,"href":"https:\/\/www.srovnator.cz\/rest_api\/wp\/v2\/posts\/7988\/revisions"}],"predecessor-version":[{"id":7995,"href":"https:\/\/www.srovnator.cz\/rest_api\/wp\/v2\/posts\/7988\/revisions\/7995"}],"wp:featuredmedia":[{"embeddable":true,"href":"https:\/\/www.srovnator.cz\/rest_api\/wp\/v2\/media\/7990"}],"wp:attachment":[{"href":"https:\/\/www.srovnator.cz\/rest_api\/wp\/v2\/media?parent=7988"}],"wp:term":[{"taxonomy":"category","embeddable":true,"href":"https:\/\/www.srovnator.cz\/rest_api\/wp\/v2\/categories?post=7988"},{"taxonomy":"post_tag","embeddable":true,"href":"https:\/\/www.srovnator.cz\/rest_api\/wp\/v2\/tags?post=7988"}],"curies":[{"name":"wp","href":"https:\/\/api.w.org\/{rel}","templated":true}]}}