{"id":8472,"date":"2023-03-01T10:27:12","date_gmt":"2023-03-01T09:27:12","guid":{"rendered":"https:\/\/www.srovnator.cz\/?p=8472"},"modified":"2024-06-24T07:54:12","modified_gmt":"2024-06-24T05:54:12","slug":"zimni-zahrada-oaza-klidu-propojeni-s-prirodou-a-dalsi-obytna-mistnost","status":"publish","type":"post","link":"https:\/\/www.srovnator.cz\/clanky\/zimni-zahrada-oaza-klidu-propojeni-s-prirodou-a-dalsi-obytna-mistnost\/","title":{"rendered":"Zimn\u00ed zahrada \u2013 o\u00e1za klidu, propojen\u00ed s p\u0159\u00edrodou a dal\u0161\u00ed obytn\u00e1 m\u00edstnost"},"content":{"rendered":"<p><strong>Zimn\u00ed zahrady jsou obl\u00edbenou sou\u010d\u00e1st\u00ed rodinn\u00fdch dom\u016f a\u00a0teras. A\u010dkoli to\u00a0n\u00e1zev evokuje, nemus\u00ed p\u0159itom zimn\u00ed zahrada slou\u017eit v\u00fdhradn\u011b jen\u00a0k\u00a0tomu, abyste m\u011bli vhodn\u00e9 m\u00edsto na\u00a0p\u0159ezimov\u00e1n\u00ed choulostiv\u00fdch rostlin. Z\u00e1le\u017e\u00ed na\u00a0tom, jak\u00fd typ zimn\u00ed zahrady zvol\u00edte \u2013 n\u011bkter\u00e9 mohou slou\u017eit k\u00a0odpo\u010dinku i\u00a0b\u011bhem chladn\u011bj\u0161\u00edch jarn\u00edch a\u00a0podzimn\u00edch m\u011bs\u00edc\u016f. Jin\u00e9 druhy v\u00a0podstat\u011b mohou v\u00e1\u0161 rodinn\u00fd d\u016fm roz\u0161\u00ed\u0159it o\u00a0dal\u0161\u00ed zaj\u00edmavou obytnou m\u00edstnost, ze\u00a0kter\u00e9\u00a0si m\u016f\u017eete u\u017e\u00edvat v\u00fdhledu do\u00a0okol\u00ed i\u00a0b\u011bhem mraziv\u00fdch m\u011bs\u00edc\u016f nebo ji prom\u011bnit t\u0159eba v\u00a0dom\u00e1c\u00ed posilovnu. Variant je\u00a0cel\u00e1 \u0159ada a\u00a0n\u00e1sleduj\u00edc\u00ed \u0159\u00e1dky v\u00e1m pop\u00ed\u0161\u00ed z\u00e1kladn\u00ed druhy zimn\u00edch zahrad a\u00a0orienta\u010dn\u00ed ceny, za\u00a0kter\u00e9\u00a0je\u00a0lze po\u0159\u00eddit.<\/strong><\/p>\n<img decoding=\"async\" width=\"770\" height=\"511\" src=\"https:\/\/storage.googleapis.com\/wp-resources\/srovnator.cz\/ng\/2023\/02\/zimni-zahrada-oaza-klidu-propojeni-s-prirodou-a-dalsi-obytna-mistnost-770x511.webp\" class=\" wp-post-image wp-stateless-item\" alt=\"Zimn\u00ed zahrada \u2013 o\u00e1za klidu, propojen\u00ed s p\u0159\u00edrodou a dal\u0161\u00ed obytn\u00e1 m\u00edstnost\" title=\"Zimn\u00ed zahrada \u2013 o\u00e1za klidu, propojen\u00ed s p\u0159\u00edrodou a dal\u0161\u00ed obytn\u00e1 m\u00edstnost\" srcset=\"https:\/\/storage.googleapis.com\/wp-resources\/srovnator.cz\/ng\/2023\/02\/zimni-zahrada-oaza-klidu-propojeni-s-prirodou-a-dalsi-obytna-mistnost-770x511.webp 770w, https:\/\/storage.googleapis.com\/wp-resources\/srovnator.cz\/ng\/2023\/02\/zimni-zahrada-oaza-klidu-propojeni-s-prirodou-a-dalsi-obytna-mistnost.webp 996w\" sizes=\"(max-width: 770px) 100vw, 770px\" data-image-size=\"medium\" data-stateless-media-bucket=\"wp-resources\" data-stateless-media-name=\"srovnator.cz\/ng\/2023\/02\/zimni-zahrada-oaza-klidu-propojeni-s-prirodou-a-dalsi-obytna-mistnost.webp\" \/><div class=\"small mb-4 mt-2 text-center\">Zimn\u00ed zahrady mohou m\u00edt \u0159adu r\u016fzn\u00fdch podob a zp\u016fsob\u016f vyu\u017eit\u00ed.<\/div>\n<p class=\"h2 mt-3\">Obsah \u010dl\u00e1nku<\/p>\n<ul>\n<li><a href=\"#toc-zimni-zahrada\">Zimn\u00ed zahrada<\/a><\/li>\n<li><a href=\"#toc-zimni-zahrada-na-terase\">Zimn\u00ed zahrada na\u00a0terase<\/a><\/li>\n<li><a href=\"#toc-drevena-zimni-zahrada\">D\u0159ev\u011bn\u00e1 zimn\u00ed zahrada<\/a><\/li>\n<li><a href=\"#toc-celorocni-zimni-zahrada\">Celoro\u010dn\u00ed zimn\u00ed zahrada<\/a><\/li>\n<li><a href=\"#toc-zimni-zahrady-hlinik\">Zimn\u00ed zahrady hlin\u00edk<\/a><\/li>\n<li><a href=\"#toc-zimni-zahrada-cena\">Zimn\u00ed zahrada cena<\/a><\/li>\n<\/ul>\n<h2 data-context=\"Zimn\u00ed zahrada\" id=\"toc-zimni-zahrada\">Zimn\u00ed zahrada<\/h2>\n<p>Zaj\u00edmav\u00e9 roz\u0161\u00ed\u0159en\u00ed interi\u00e9ru nebo m\u00edsto, kde\u00a0m\u016f\u017eete relaxovat i\u00a0v\u00a0chladn\u011bj\u0161\u00edch jarn\u00edch a\u00a0podzimn\u00edch m\u011bs\u00edc\u00edch nebo v\u00a0p\u0159\u00edpad\u011b nep\u0159\u00edzn\u011b po\u010das\u00ed tak\u00e9 v\u00a0m\u011bs\u00edc\u00edch letn\u00edch. To\u00a0jsou zimn\u00ed zahrady \u2013 v\u00a0posledn\u00edch letech \u010d\u00edm d\u00e1l obl\u00edben\u011bj\u0161\u00ed dopln\u011bk rodinn\u00fdch dom\u016f \u010di\u00a0zahradn\u00edch teras. Zimn\u00ed zahrady lze rozd\u011blit na\u00a0n\u011bkolik z\u00e1kladn\u00edch typ\u016f a\u00a0tak\u00e9 podle materi\u00e1l\u016f, ze\u00a0kter\u00fdch jsou vyrobeny:<\/p>\n<ul>\n<li>celoro\u010dn\u00ed zimn\u00ed zahrady,<\/li>\n<li>sez\u00f3nn\u00ed zimn\u00ed zahrady,<\/li>\n<li>plastov\u00e9 konstrukce,<\/li>\n<li>d\u0159ev\u011bn\u00e9 konstrukce,<\/li>\n<li>hlin\u00edkov\u00e9 konstrukce.<\/li>\n<\/ul>\n<p>Pr\u00e1v\u011b rozhodnut\u00ed, jak bude zimn\u00ed zahrada vypadat a\u00a0k\u00a0\u010demu ji budete pou\u017e\u00edvat ovlivn\u00ed nejen zvolen\u00ed pat\u0159i\u010dn\u00e9ho typu, ale tak\u00e9 v\u00fdb\u011br materi\u00e1l\u016f. Zimn\u00ed zahrada m\u016f\u017ee b\u00fdt nap\u0159\u00edklad propojena p\u0159\u00edmo i\u00a0s\u00a0domem \u2013 obzvl\u00e1\u0161t\u011b v\u00a0zimn\u00edch m\u011bs\u00edc\u00edch bude doch\u00e1zet k\u00a0prol\u00edn\u00e1n\u00ed ni\u017e\u0161\u00edch teplot z\u00a0prostoru p\u0159istav\u011bn\u00e9 zimn\u00ed zahrady a\u00a0vy\u0161\u0161\u00edch teplot ze\u00a0zbytku obytn\u00fdch prostor rodinn\u00e9ho domu. Pr\u00e1v\u011b proto se\u00a0takov\u00e9 zimn\u00ed zahrady v\u00a0mraziv\u00fdch m\u011bs\u00edc\u00edch vyt\u00e1p\u011bj\u00ed.<\/p>\n<p>Pokud v\u00e1m p\u016fjde hlavn\u011b o\u00a0tepeln\u00e9 \u00faspory, vyplat\u00ed se\u00a0m\u00edt zimn\u00ed zahradu orientovanou na\u00a0jih. V\u00a0tomto p\u0159\u00edpad\u011b ale nejsp\u00ed\u0161 ocen\u00edte dobr\u00e9 zast\u00edn\u011bn\u00ed, a\u0165 u\u017e prost\u0159ednictv\u00edm t\u00f3novan\u00fdch skel nebo dostate\u010dn\u011b kvalitn\u00ed st\u00edn\u00edc\u00ed techniky. Zimn\u00ed zahradu m\u016f\u017eete orientovat na\u00a0kteroukoli sv\u011btovou stranu, ka\u017ed\u00e1 z\u00a0nich p\u0159in\u00e1\u0161\u00ed sv\u00e9 v\u00fdhody a\u00a0nev\u00fdhody.<\/p>\n<ul>\n<li><strong>Ji\u017en\u00ed strana<\/strong> \u2013 vyplat\u00ed se\u00a0z\u00a0hlediska tepeln\u00fdch \u00faspor, ale proti p\u0159eh\u0159\u00edv\u00e1n\u00ed \u010di\u00a0sv\u011btlu je\u00a0vhodn\u00e9 do\u00a0n\u00ed zvolit kvalitn\u00ed zast\u00edn\u011bn\u00ed.<\/li>\n<li><strong>Jihov\u00fdchod nebo jihoz\u00e1pad<\/strong> \u2013 v\u00a0odpoledn\u00edch hodin\u00e1ch v\u00a0zimn\u00ed zahrad\u011b omez\u00edte p\u0159\u00edm\u00e9 slune\u010dn\u00ed sv\u011btlo.<\/li>\n<li><strong>V\u00fdchodn\u00ed strana<\/strong> \u2013 r\u00e1no jsou v\u00fdchodn\u00ed zimn\u00ed zahrady pln\u00e9 slune\u010dn\u00edho svitu. V\u00a0p\u0159\u00edpad\u011b kvalitn\u00edho zasklen\u00ed lze teplo udr\u017eet a\u017e do\u00a0pozd\u011bj\u0161\u00edch hodin.<\/li>\n<li><strong>Z\u00e1padn\u00ed strana<\/strong> \u2013 z\u00e1padn\u00ed zimn\u00ed zahrady jsou naopak zalit\u00e9 slune\u010dn\u00edm sv\u011btlem v\u00a0odpoledn\u00edch hodin\u00e1ch.<\/li>\n<li><strong>Severn\u00ed strana<\/strong> \u2013 zimn\u00ed zahrady orientovan\u00e9 na\u00a0sever b\u00fdvaj\u00ed pono\u0159en\u00e9 ve\u00a0st\u00ednu a\u00a0jsou studen\u011bj\u0161\u00ed. Vyplat\u00ed se\u00a0u\u00a0nich p\u0159em\u00fd\u0161let nad\u00a0dostate\u010dnou izolac\u00ed st\u011bn a\u00a0podlah a\u00a0nad\u00a0pou\u017eit\u00edm termoizola\u010dn\u00edch skel.<\/li>\n<\/ul>\n<p>Pokud se\u00a0rozhodnete pro\u00a0stavbu zimn\u00ed zahrady, a\u0165 u\u017e jako p\u0159\u00edstavby \u010di\u00a0samostatn\u00e9ho objektu, zva\u017ete tak\u00e9 mo\u017enosti poji\u0161t\u011bn\u00ed nemovitosti. Pou\u017e\u00edt k\u00a0tomu m\u016f\u017eete nap\u0159\u00edklad na\u0161\u00ed online kalkula\u010dku, kter\u00e1\u00a0v\u00e1m vypo\u010d\u00edt\u00e1 cenu u\u00a0r\u016fzn\u00fdch poji\u0161\u0165oven a\u00a0vy si tak\u00a0budete moci nab\u00eddky mezi sebou snadno srovnat.<\/p>\n<p><img decoding=\"async\" src=\"https:\/\/storage.googleapis.com\/wp-resources\/srovnator.cz\/ng\/2023\/02\/zimni-zahrada-oaza-klidu-propojeni-s-prirodou-a-dalsi-obytna-mistnost3-770x560.webp\" alt=\"zimn\u00ed zahrada na terase\" width=\"770\" height=\"560\" class=\"alignnone size-medium wp-image-8477\" srcset=\"https:\/\/storage.googleapis.com\/wp-resources\/srovnator.cz\/ng\/2023\/02\/zimni-zahrada-oaza-klidu-propojeni-s-prirodou-a-dalsi-obytna-mistnost3-770x560.webp 770w, https:\/\/storage.googleapis.com\/wp-resources\/srovnator.cz\/ng\/2023\/02\/zimni-zahrada-oaza-klidu-propojeni-s-prirodou-a-dalsi-obytna-mistnost3.webp 995w\" sizes=\"(max-width: 770px) 100vw, 770px\" \/><br \/>\n<span class=\"small d-block mb-3 text-center\">Orientace zimn\u00ed zahrady je\u00a0d\u016fle\u017eit\u011bj\u0161\u00ed, ne\u017e se\u00a0m\u016f\u017ee na\u00a0prvn\u00ed pohled zd\u00e1t.<\/span><\/p>\n<h2 data-context=\"Zimn\u00ed zahrada na\u00a0terase\" id=\"toc-zimni-zahrada-na-terase\">Zimn\u00ed zahrada na\u00a0terase<\/h2>\n<p>Zimn\u00ed zahrada m\u016f\u017ee m\u00edt i\u00a0podobu p\u0159\u00edstavby k\u00a0va\u0161emu rodinn\u00e9mu domu nebo ji lze smontovat p\u0159\u00edmo na\u00a0terase. Pot\u00e9 z\u00e1le\u017e\u00ed na\u00a0tom, co\u00a0od\u00a0zimn\u00ed zahrady o\u010dek\u00e1v\u00e1te a\u00a0k\u00a0\u010demu ji chcete pou\u017e\u00edt. Pokud se\u00a0nap\u0159\u00edklad chcete schovat p\u0159ed\u00a0nep\u0159\u00edzn\u00ed po\u010das\u00ed v\u00a0l\u00e9t\u011b, nejsp\u00ed\u0161 v\u00e1m bohat\u011b posta\u010d\u00ed levn\u011bj\u0161\u00ed \u0159e\u0161en\u00ed zimn\u00ed zahrady. Prod\u00e1vaj\u00ed se\u00a0nap\u0159\u00edklad stavebnicov\u00e9 typy zimn\u00edch zahrad, u\u00a0kter\u00fdch zvl\u00e1dnete konstrukci sv\u00e9pomoc\u00ed a\u00a0u\u0161et\u0159\u00edte tak\u00a0za\u00a0pr\u00e1ci mont\u00e9r\u016f. Rozhodnout se\u00a0m\u016f\u017eete tak\u00e9 pro\u00a0levn\u011bj\u0161\u00ed plastovou konstrukci a\u00a0akryl\u00e1tov\u00e9 v\u00fdpln\u011b.<\/p>\n<p>Jestli\u017ee ale pl\u00e1nujete zimn\u00ed zahradu vyu\u017e\u00edt i\u00a0v\u00a0chladn\u011bj\u0161\u00edch m\u011bs\u00edc\u00edch, vyplat\u00ed se\u00a0do\u00a0zimn\u00ed zahrady investovat \u2013 zvolit kvalitn\u011bj\u0161\u00ed konstrukci, lep\u0161\u00ed typy zasklen\u00ed a\u00a0podobn\u011b. Takov\u00e1 zimn\u00ed zahrada na\u00a0terase se\u00a0pak m\u016f\u017ee jednodu\u0161e prom\u011bnit v\u00a0celoro\u010dn\u011b nav\u0161t\u011bvovanou sou\u010d\u00e1st va\u0161eho domu nebo zahrady.<\/p>\n<p><img decoding=\"async\" src=\"https:\/\/storage.googleapis.com\/wp-resources\/srovnator.cz\/ng\/2023\/02\/zimni-zahrada-oaza-klidu-propojeni-s-prirodou-a-dalsi-obytna-mistnost4-770x513.webp\" alt=\"d\u0159ev\u011bn\u00e1 zimn\u00ed zahrada\" width=\"770\" height=\"513\" class=\"alignnone size-medium wp-image-8474\" srcset=\"https:\/\/storage.googleapis.com\/wp-resources\/srovnator.cz\/ng\/2023\/02\/zimni-zahrada-oaza-klidu-propojeni-s-prirodou-a-dalsi-obytna-mistnost4-770x513.webp 770w, https:\/\/storage.googleapis.com\/wp-resources\/srovnator.cz\/ng\/2023\/02\/zimni-zahrada-oaza-klidu-propojeni-s-prirodou-a-dalsi-obytna-mistnost4.webp 996w\" sizes=\"(max-width: 770px) 100vw, 770px\" \/><br \/>\n<span class=\"small d-block mb-3 text-center\">V\u00a0zimn\u00ed zahradu se\u00a0m\u016f\u017ee prom\u011bnit \u010d\u00e1st nebo cel\u00e1 va\u0161e terasa.<\/span><\/p>\n<h2 data-context=\"D\u0159ev\u011bn\u00e1 zimn\u00ed zahrada\" id=\"toc-drevena-zimni-zahrada\">D\u0159ev\u011bn\u00e1 zimn\u00ed zahrada<\/h2>\n<p>Konstrukce zimn\u00edch zahrad se\u00a0nemus\u00ed omezovat pouze na\u00a0hlin\u00edkov\u00e9 nebo plastov\u00e9 profily. I\u00a0p\u0159es n\u00e1ro\u010dn\u011bj\u0161\u00ed \u00fadr\u017ebu je\u00a0d\u0159evo univerz\u00e1ln\u00edm materi\u00e1lem, kter\u00fd\u00a0taky velmi dob\u0159e vypad\u00e1. V\u00a0kombinaci s\u00a0kvalitn\u00edm zasklen\u00edm m\u016f\u017ee b\u00fdt d\u0159ev\u011bn\u00e1 zimn\u00ed zahrada i\u00a0dob\u0159e izolovan\u00e1. D\u0159ev\u011bn\u00e1 konstrukce se\u00a0tedy hod\u00ed pro\u00a0v\u0161echny typy zimn\u00edch zahrad \u2013 a\u0165 u\u017e je\u00a0to\u00a0zimn\u00ed zahrada v\u00a0podob\u011b p\u0159\u00edstavby na\u00a0terase, nebo zcela samostatn\u011b stoj\u00edc\u00ed objekt na\u00a0va\u0161\u00ed zahrad\u011b.<\/p>\n<h2 data-context=\"Celoro\u010dn\u00ed zimn\u00ed zahrada\" id=\"toc-celorocni-zimni-zahrada\">Celoro\u010dn\u00ed zimn\u00ed zahrada<\/h2>\n<p>Pokud chcete z\u00edskat dal\u0161\u00ed obytnou m\u00edstnost, m\u016f\u017ee se\u00a0jevit celoro\u010dn\u00ed zimn\u00ed zahrada jako skv\u011bl\u00e9 \u0159e\u0161en\u00ed. Z\u00e1rove\u0148 se\u00a0tak\u00e9 jedn\u00e1 o\u00a0finan\u010dn\u011b nejn\u00e1ro\u010dn\u011bj\u0161\u00ed typ zimn\u00edch zahrad a\u00a0to\u00a0p\u0159edev\u0161\u00edm kv\u016fli n\u00e1rok\u016fm na\u00a0dobrou izolaci.<\/p>\n<p>Celoro\u010dn\u00ed zimn\u00ed zahrady jsou konstruov\u00e1ny p\u0159edev\u0161\u00edm z\u00a0izolovan\u00fdch hlin\u00edkov\u00fdch profil\u016f, kter\u00e9\u00a0po\u010d\u00edtaj\u00ed s\u00a0pou\u017eit\u00edm kvalitn\u00edho zasklen\u00ed \u2013 dvojskla, trojskla nebo i\u00a0jin\u00e1 speci\u00e1ln\u00ed skla (bezpe\u010dnostn\u00ed skla, nepr\u016fhledn\u00e1 skla, skla se\u00a0slune\u010dn\u00ed ochranou a\u00a0podobn\u011b).<\/p>\n<p><img decoding=\"async\" src=\"https:\/\/storage.googleapis.com\/wp-resources\/srovnator.cz\/ng\/2023\/02\/zimni-zahrada-oaza-klidu-propojeni-s-prirodou-a-dalsi-obytna-mistnost2-770x431.webp\" alt=\"Celoro\u010dn\u00ed zimn\u00ed zahrada\" width=\"770\" height=\"431\" class=\"alignnone size-medium wp-image-8476\" srcset=\"https:\/\/storage.googleapis.com\/wp-resources\/srovnator.cz\/ng\/2023\/02\/zimni-zahrada-oaza-klidu-propojeni-s-prirodou-a-dalsi-obytna-mistnost2-770x431.webp 770w, https:\/\/storage.googleapis.com\/wp-resources\/srovnator.cz\/ng\/2023\/02\/zimni-zahrada-oaza-klidu-propojeni-s-prirodou-a-dalsi-obytna-mistnost2.webp 997w\" sizes=\"(max-width: 770px) 100vw, 770px\" \/><br \/>\n<span class=\"small d-block mb-3 text-center\">Celoro\u010dn\u00ed zimn\u00ed zahrada se\u00a0m\u016f\u017ee st\u00e1t b\u011b\u017en\u011b nav\u0161t\u011bvovanou m\u00edstnost\u00ed i\u00a0v\u00a0mraziv\u00fdch m\u011bs\u00edc\u00edch.<\/span><\/p>\n<h2 data-context=\"Zimn\u00ed zahrady hlin\u00edk\" id=\"toc-zimni-zahrady-hlinik\">Zimn\u00ed zahrady hlin\u00edk<\/h2>\n<p>Hlin\u00edk je\u00a0obl\u00edben\u00fd materi\u00e1l pro\u00a0konstrukci zimn\u00edch zahrad \u2013 je\u00a0velmi odoln\u00fd, nen\u00e1ro\u010dn\u00fd a\u00a0m\u00e1 dlouhou \u017eivotnost. Nav\u00edc hlin\u00edkov\u00e9 profily mohou m\u00edt t\u00e9m\u011b\u0159 libovolnou barvu, tak\u017ee skv\u011ble dopln\u00ed zbytek interi\u00e9ru a\u00a0exteri\u00e9ru rodinn\u00e9ho domu.<\/p>\n<p>M\u016f\u017ee se\u00a0jednat o\u00a0jednoduch\u00e9 hlin\u00edkov\u00e9 profily, kter\u00e9\u00a0jsou vhodn\u00e9 pro\u00a0sez\u00f3nn\u00ed zimn\u00ed zahrady, ale tak\u00e9 o\u00a0speci\u00e1ln\u00ed izolovan\u00e9 hlin\u00edkov\u00e9 profily pou\u017e\u00edvan\u00e9 jako nosn\u00e1 konstrukce celoro\u010dn\u00edch zimn\u00edch zahrad.<\/p>\n<h2 data-context=\"Zimn\u00ed zahrada cena\" id=\"toc-zimni-zahrada-cena\">Zimn\u00ed zahrada cena<\/h2>\n<p>Ur\u010dit cenu zimn\u00ed zahrady nen\u00ed jednoduch\u00e9 \u2013 z\u00e1le\u017e\u00ed na\u00a0\u0159ad\u011b faktor\u016f, kter\u00e9\u00a0v\u00fdslednou cenu ovliv\u0148uj\u00ed:<\/p>\n<ul>\n<li>typ zimn\u00ed zahrady,<\/li>\n<li>rozm\u011br zimn\u00ed zahrady,<\/li>\n<li>zvolen\u00fd typ materi\u00e1l\u016f pro\u00a0konstrukci (plast, d\u0159evo, hlin\u00edk),<\/li>\n<li>zasklen\u00ed,<\/li>\n<li>a\u00a0dal\u0161\u00ed.<\/li>\n<\/ul>\n<p>V\u011bt\u0161ina zimn\u00ed zahrady b\u00fdv\u00e1 tvo\u0159ena sklem, pr\u00e1v\u011b proto v\u00fdb\u011br zasklen\u00ed ovliv\u0148uje cenu zimn\u00ed zahrady nejv\u00edce. Ceny se\u00a0pohybuj\u00ed p\u0159ibli\u017en\u011b od\u00a015\u00a0000\u00a0K\u010d\/m2 \u2013 35\u00a0000\u00a0K\u010d\/m2. Z\u00e1le\u017e\u00ed samoz\u0159ejm\u011b i\u00a0na\u00a0dodavateli. Za\u00a0kompletn\u00ed v\u00fdrobu konstrukce, zasklen\u00ed a\u00a0mont\u00e1\u017e zimn\u00ed zahrady tak\u00a0u\u00a0n\u011bkter\u00fdch dodavatel\u016f m\u016f\u017eete zaplatit ceny od\u00a0100\u00a0000\u00a0K\u010d do\u00a0700\u00a0000\u00a0K\u010d, p\u0159i\u010dem\u017e pr\u016fm\u011brn\u00e9 ceny se\u00a0pohybuj\u00ed okolo 250\u00a0000\u00a0K\u010d.<\/p>\n<h2>Nej\u010dast\u011bji kladen\u00e9 ot\u00e1zky \u2013 FAQ<\/h2>\n<div class=\"accordion faq \" id=\"accon0\">\n    <div class=\"accordion-item\">\n        <h3 class=\"accordion-header \" id=\"head-10670\">\n            <button class=\"accordion-button align-items-start collapsed\" type=\"button\" data-bs-toggle=\"collapse\" data-bs-target=\"#item-99649\" aria-expanded=\"true\" aria-controls=\"item-99649\">\n            Kolik stoj\u00ed zimn\u00ed zahrada?\n            <\/button>\n        <\/h3>\n        <div id=\"item-99649\" class=\"accordion-collapse collapse \" aria-labelledby=\"head-10670\" data-bs-parent=\"#accon0\">\n            <div class=\"accordion-body\">\n        Cena zimn\u00ed zahrady je\u00a0ur\u010dena p\u0159edev\u0161\u00edm rozm\u011brem, zasklen\u00edm a\u00a0pou\u017eit\u00fdm materi\u00e1lem. Je\u00a0tedy slo\u017eit\u00e9 ur\u010dit konkr\u00e9tn\u00ed cenu. Ceny za\u00a0kompletn\u00ed v\u00fdrobu v\u010detn\u011b mont\u00e1\u017ee se\u00a0pohybuj\u00ed od\u00a0100\u00a0000 \u2013 700\u00a0000\u00a0K\u010d. Pokud se\u00a0chcete dozv\u011bd\u011bt v\u00edce informac\u00ed, p\u0159e\u010dt\u011bte si \u010dl\u00e1nek <a href='https:\/\/www.srovnator.cz\/clanky\/zimni-zahrady\/'>Jak na\u00a0zimn\u00ed zahradu<\/a>.<br \/>\n    <\/div>\n        <\/div>\n    <\/div>\n    <div class=\"accordion-item\">\n        <h3 class=\"accordion-header \" id=\"head-97614\">\n            <button class=\"accordion-button align-items-start collapsed\" type=\"button\" data-bs-toggle=\"collapse\" data-bs-target=\"#item-9876\" aria-expanded=\"true\" aria-controls=\"item-9876\">\n            Pot\u0159ebuji stavebn\u00ed povolen\u00ed na stavbu zimn\u00ed zahrady?\n            <\/button>\n        <\/h3>\n        <div id=\"item-9876\" class=\"accordion-collapse collapse \" aria-labelledby=\"head-97614\" data-bs-parent=\"#accon0\">\n            <div class=\"accordion-body\">\n        Nutnost stavebn\u00edho povolen\u00ed z\u00e1le\u017e\u00ed na typu a velikosti zimn\u00ed zahrady. Pokud stavba nep\u0159es\u00e1hne 25 m2 podlahov\u00e9 plochy, bude ni\u017e\u0161\u00ed ne\u017e 5 metr\u016f a nebude do n\u00ed instalov\u00e1no vyt\u00e1p\u011bn\u00ed, tak stavebn\u00ed povolen\u00ed nepot\u0159ebujete. Pokud v\u00e1s zaj\u00edmaj\u00ed i jin\u00e9 p\u0159\u00edstavby, p\u0159e\u010dt\u011bte si <a href='https:\/\/www.srovnator.cz\/clanky\/pristresek-na-auto\/'>tento \u010dl\u00e1nek<\/a>.<br \/>\n    <\/div>\n        <\/div>\n    <\/div>\n    <div class=\"accordion-item\">\n        <h3 class=\"accordion-header \" id=\"head-30404\">\n            <button class=\"accordion-button align-items-start collapsed\" type=\"button\" data-bs-toggle=\"collapse\" data-bs-target=\"#item-69694\" aria-expanded=\"true\" aria-controls=\"item-69694\">\n            Z jak\u00fdch materi\u00e1l\u016f jsou zimn\u00ed zahrady?\n            <\/button>\n        <\/h3>\n        <div id=\"item-69694\" class=\"accordion-collapse collapse \" aria-labelledby=\"head-30404\" data-bs-parent=\"#accon0\">\n            <div class=\"accordion-body\">\n        Pro konstrukci zimn\u00edch zahrad se pou\u017e\u00edv\u00e1 hlavn\u011b plast, hlin\u00edk a d\u0159evo \u2013 ka\u017ed\u00fd z t\u011bchto materi\u00e1l\u016f m\u00e1 sv\u00e9 v\u00fdhody a nev\u00fdhody. Dal\u0161\u00ed d\u016fle\u017eitou sou\u010d\u00e1st\u00ed je zasklen\u00ed. To m\u016f\u017ee b\u00fdt z akrylu, polykarbon\u00e1tu nebo r\u016fzn\u00fdch typ\u016f skel (dvojsklo, trojsklo, speci\u00e1ln\u00ed skla a jin\u00e9).<br \/>\n    <\/div>\n        <\/div>\n    <\/div>\n<\/div>\n","protected":false},"excerpt":{"rendered":"<p>Zimn\u00ed zahrada je obl\u00edben\u00fdm dopl\u0148kem rodinn\u00e9ho domu. Jak\u00e9 jsou celoro\u010dn\u00ed zimn\u00ed zahrady? M\u016f\u017ee se postavit zimn\u00ed zahrada na terase? To se dozv\u00edte v tomto \u010dl\u00e1nku.<\/p>\n","protected":false},"author":7,"featured_media":8475,"comment_status":"closed","ping_status":"open","sticky":false,"template":"","format":"standard","meta":{"_acf_changed":false,"footnotes":""},"categories":[1],"tags":[1045,937,880],"class_list":["post-8472","post","type-post","status-publish","format-standard","has-post-thumbnail","hentry","category-ostatni","tag-bydleni","tag-zahrada","tag-zajimavosti"],"acf":{"znacka":"","model":"","objem":"","vyrobeno":"","vykon":"","velikost_1":"","velikost_2":"","velikost_3":"","velikost_4":"","roky":"","roky_velikost_1":"","roky_velikost_2":"","roky_velikost_3":"","roky_velikost_4":"","pocet_kalkulaci":0,"page_post_meta_bread":"","page_post_meta_bread_child":"","page_post_meta_script_head":"","page_post_meta_leaving_screen":"cat"},"yoast_head":"<!-- This site is optimized with the Yoast SEO plugin v25.5 - https:\/\/yoast.com\/wordpress\/plugins\/seo\/ -->\n<title>Zimn\u00ed zahrada - Srovn\u00e1tor.cz<\/title>\n<meta name=\"description\" content=\"Zimn\u00ed zahrada je obl\u00edben\u00fdm dopl\u0148kem rodinn\u00e9ho domu. Jak\u00e9 jsou celoro\u010dn\u00ed zimn\u00ed zahrady? M\u016f\u017ee se postavit zimn\u00ed zahrada na terase? To se dozv\u00edte v tomto \u010dl\u00e1nku.\" \/>\n<meta name=\"robots\" content=\"index, follow, max-snippet:-1, max-image-preview:large, max-video-preview:-1\" \/>\n<link rel=\"canonical\" href=\"https:\/\/www.srovnator.cz\/clanky\/zimni-zahrada-oaza-klidu-propojeni-s-prirodou-a-dalsi-obytna-mistnost\/\" \/>\n<meta property=\"og:locale\" content=\"cs_CZ\" \/>\n<meta property=\"og:type\" content=\"article\" \/>\n<meta property=\"og:title\" content=\"Zimn\u00ed zahrada - Srovn\u00e1tor.cz\" \/>\n<meta property=\"og:description\" content=\"Zimn\u00ed zahrada je obl\u00edben\u00fdm dopl\u0148kem rodinn\u00e9ho domu. Jak\u00e9 jsou celoro\u010dn\u00ed zimn\u00ed zahrady? M\u016f\u017ee se postavit zimn\u00ed zahrada na terase? To se dozv\u00edte v tomto \u010dl\u00e1nku.\" \/>\n<meta property=\"og:url\" content=\"https:\/\/www.srovnator.cz\/clanky\/zimni-zahrada-oaza-klidu-propojeni-s-prirodou-a-dalsi-obytna-mistnost\/\" \/>\n<meta property=\"og:site_name\" content=\"Srovn\u00e1tor.cz\" \/>\n<meta property=\"article:publisher\" content=\"https:\/\/www.facebook.com\/srovnator\/\" \/>\n<meta property=\"article:published_time\" content=\"2023-03-01T09:27:12+00:00\" \/>\n<meta property=\"article:modified_time\" content=\"2024-06-24T05:54:12+00:00\" \/>\n<meta property=\"og:image\" content=\"https:\/\/storage.googleapis.com\/wp-resources\/srovnator.cz\/ng\/2023\/02\/zimni-zahrada-oaza-klidu-propojeni-s-prirodou-a-dalsi-obytna-mistnost.webp\" \/>\n\t<meta property=\"og:image:width\" content=\"996\" \/>\n\t<meta property=\"og:image:height\" content=\"661\" \/>\n\t<meta property=\"og:image:type\" content=\"image\/webp\" \/>\n<meta name=\"author\" content=\"Martin Straka\" \/>\n<meta name=\"twitter:card\" content=\"summary_large_image\" \/>\n<meta name=\"twitter:creator\" content=\"@Srovnator_czech\" \/>\n<meta name=\"twitter:site\" content=\"@Srovnator_czech\" \/>\n<meta name=\"twitter:label1\" content=\"Written by\" \/>\n\t<meta name=\"twitter:data1\" content=\"Martin Straka\" \/>\n\t<meta name=\"twitter:label2\" content=\"Est. reading time\" \/>\n\t<meta name=\"twitter:data2\" content=\"8 minutes\" \/>\n<script type=\"application\/ld+json\" class=\"yoast-schema-graph\">{\"@context\":\"https:\/\/schema.org\",\"@graph\":[{\"@type\":\"WebPage\",\"@id\":\"https:\/\/www.srovnator.cz\/clanky\/zimni-zahrada-oaza-klidu-propojeni-s-prirodou-a-dalsi-obytna-mistnost\/\",\"url\":\"https:\/\/www.srovnator.cz\/clanky\/zimni-zahrada-oaza-klidu-propojeni-s-prirodou-a-dalsi-obytna-mistnost\/\",\"name\":\"Zimn\u00ed zahrada - Srovn\u00e1tor.cz\",\"isPartOf\":{\"@id\":\"https:\/\/www.srovnator.cz\/#website\"},\"primaryImageOfPage\":{\"@id\":\"https:\/\/www.srovnator.cz\/clanky\/zimni-zahrada-oaza-klidu-propojeni-s-prirodou-a-dalsi-obytna-mistnost\/#primaryimage\"},\"image\":{\"@id\":\"https:\/\/www.srovnator.cz\/clanky\/zimni-zahrada-oaza-klidu-propojeni-s-prirodou-a-dalsi-obytna-mistnost\/#primaryimage\"},\"thumbnailUrl\":\"https:\/\/storage.googleapis.com\/wp-resources\/srovnator.cz\/ng\/2023\/02\/zimni-zahrada-oaza-klidu-propojeni-s-prirodou-a-dalsi-obytna-mistnost.webp\",\"datePublished\":\"2023-03-01T09:27:12+00:00\",\"dateModified\":\"2024-06-24T05:54:12+00:00\",\"author\":{\"@id\":\"https:\/\/www.srovnator.cz\/#\/schema\/person\/f2be3ec81eda7dd06cf658cc9aa974ff\"},\"description\":\"Zimn\u00ed zahrada je obl\u00edben\u00fdm dopl\u0148kem rodinn\u00e9ho domu. Jak\u00e9 jsou celoro\u010dn\u00ed zimn\u00ed zahrady? M\u016f\u017ee se postavit zimn\u00ed zahrada na terase? To se dozv\u00edte v tomto \u010dl\u00e1nku.\",\"inLanguage\":\"cs-CZ\",\"potentialAction\":[{\"@type\":\"ReadAction\",\"target\":[\"https:\/\/www.srovnator.cz\/clanky\/zimni-zahrada-oaza-klidu-propojeni-s-prirodou-a-dalsi-obytna-mistnost\/\"]}]},{\"@type\":\"ImageObject\",\"inLanguage\":\"cs-CZ\",\"@id\":\"https:\/\/www.srovnator.cz\/clanky\/zimni-zahrada-oaza-klidu-propojeni-s-prirodou-a-dalsi-obytna-mistnost\/#primaryimage\",\"url\":\"https:\/\/storage.googleapis.com\/wp-resources\/srovnator.cz\/ng\/2023\/02\/zimni-zahrada-oaza-klidu-propojeni-s-prirodou-a-dalsi-obytna-mistnost.webp\",\"contentUrl\":\"https:\/\/storage.googleapis.com\/wp-resources\/srovnator.cz\/ng\/2023\/02\/zimni-zahrada-oaza-klidu-propojeni-s-prirodou-a-dalsi-obytna-mistnost.webp\",\"width\":996,\"height\":661,\"caption\":\"zimn\u00ed zahrada\"},{\"@type\":\"WebSite\",\"@id\":\"https:\/\/www.srovnator.cz\/#website\",\"url\":\"https:\/\/www.srovnator.cz\/\",\"name\":\"Srovn\u00e1tor.cz\",\"description\":\"\",\"potentialAction\":[{\"@type\":\"SearchAction\",\"target\":{\"@type\":\"EntryPoint\",\"urlTemplate\":\"https:\/\/www.srovnator.cz\/?s={search_term_string}\"},\"query-input\":{\"@type\":\"PropertyValueSpecification\",\"valueRequired\":true,\"valueName\":\"search_term_string\"}}],\"inLanguage\":\"cs-CZ\"},{\"@type\":\"Person\",\"@id\":\"https:\/\/www.srovnator.cz\/#\/schema\/person\/f2be3ec81eda7dd06cf658cc9aa974ff\",\"name\":\"Martin Straka\",\"image\":{\"@type\":\"ImageObject\",\"inLanguage\":\"cs-CZ\",\"@id\":\"https:\/\/www.srovnator.cz\/#\/schema\/person\/image\/\",\"url\":\"https:\/\/secure.gravatar.com\/avatar\/e91ecfaa01852a8f16b9f65e2ab5c2102d2bb71b2b029fd130ff6c5d21492f36?s=96&d=mm&r=g\",\"contentUrl\":\"https:\/\/secure.gravatar.com\/avatar\/e91ecfaa01852a8f16b9f65e2ab5c2102d2bb71b2b029fd130ff6c5d21492f36?s=96&d=mm&r=g\",\"caption\":\"Martin Straka\"},\"description\":\"Martin Straka je \u0159editelem klientsk\u00e9ho centra a p\u00e9\u010de o z\u00e1kazn\u00edky. Se sv\u00fdm t\u00fdmem poskytuje z\u00e1kazn\u00edk\u016fm Srovn\u00e1tor.cz \u0161pi\u010dkov\u00fd servis a dohl\u00ed\u017e\u00ed na to, aby na\u0161e procesy byly efektivn\u00ed a z\u00e1kazn\u00edci byli spokojen\u00ed nejen p\u0159i sjedn\u00e1n\u00ed nov\u00e9ho produktu, ale i kdykoliv pot\u0159ebuj\u00ed s n\u011b\u010d\u00edm pomoci. Jeho \u010dl\u00e1nky informuj\u00ed nejen o nejnov\u011bj\u0161\u00edch trendech a aktu\u00e1ln\u00edch t\u00e9matech, ale p\u0159in\u00e1\u0161\u00ed i praktick\u00e9 a zaj\u00edmav\u00e9 tipy z r\u016fzn\u00fdch oblast\u00ed b\u011b\u017en\u00e9ho \u017eivota.\",\"url\":\"https:\/\/www.srovnator.cz\/autori\/martin-straka\/\"}]}<\/script>\n<!-- \/ Yoast SEO plugin. -->","yoast_head_json":{"title":"Zimn\u00ed zahrada - Srovn\u00e1tor.cz","description":"Zimn\u00ed zahrada je obl\u00edben\u00fdm dopl\u0148kem rodinn\u00e9ho domu. Jak\u00e9 jsou celoro\u010dn\u00ed zimn\u00ed zahrady? M\u016f\u017ee se postavit zimn\u00ed zahrada na terase? To se dozv\u00edte v tomto \u010dl\u00e1nku.","robots":{"index":"index","follow":"follow","max-snippet":"max-snippet:-1","max-image-preview":"max-image-preview:large","max-video-preview":"max-video-preview:-1"},"canonical":"https:\/\/www.srovnator.cz\/clanky\/zimni-zahrada-oaza-klidu-propojeni-s-prirodou-a-dalsi-obytna-mistnost\/","og_locale":"cs_CZ","og_type":"article","og_title":"Zimn\u00ed zahrada - Srovn\u00e1tor.cz","og_description":"Zimn\u00ed zahrada je obl\u00edben\u00fdm dopl\u0148kem rodinn\u00e9ho domu. Jak\u00e9 jsou celoro\u010dn\u00ed zimn\u00ed zahrady? M\u016f\u017ee se postavit zimn\u00ed zahrada na terase? To se dozv\u00edte v tomto \u010dl\u00e1nku.","og_url":"https:\/\/www.srovnator.cz\/clanky\/zimni-zahrada-oaza-klidu-propojeni-s-prirodou-a-dalsi-obytna-mistnost\/","og_site_name":"Srovn\u00e1tor.cz","article_publisher":"https:\/\/www.facebook.com\/srovnator\/","article_published_time":"2023-03-01T09:27:12+00:00","article_modified_time":"2024-06-24T05:54:12+00:00","og_image":[{"width":996,"height":661,"url":"https:\/\/storage.googleapis.com\/wp-resources\/srovnator.cz\/ng\/2023\/02\/zimni-zahrada-oaza-klidu-propojeni-s-prirodou-a-dalsi-obytna-mistnost.webp","type":"image\/webp"}],"author":"Martin Straka","twitter_card":"summary_large_image","twitter_creator":"@Srovnator_czech","twitter_site":"@Srovnator_czech","twitter_misc":{"Written by":"Martin Straka","Est. reading time":"8 minutes"},"schema":{"@context":"https:\/\/schema.org","@graph":[{"@type":"WebPage","@id":"https:\/\/www.srovnator.cz\/clanky\/zimni-zahrada-oaza-klidu-propojeni-s-prirodou-a-dalsi-obytna-mistnost\/","url":"https:\/\/www.srovnator.cz\/clanky\/zimni-zahrada-oaza-klidu-propojeni-s-prirodou-a-dalsi-obytna-mistnost\/","name":"Zimn\u00ed zahrada - Srovn\u00e1tor.cz","isPartOf":{"@id":"https:\/\/www.srovnator.cz\/#website"},"primaryImageOfPage":{"@id":"https:\/\/www.srovnator.cz\/clanky\/zimni-zahrada-oaza-klidu-propojeni-s-prirodou-a-dalsi-obytna-mistnost\/#primaryimage"},"image":{"@id":"https:\/\/www.srovnator.cz\/clanky\/zimni-zahrada-oaza-klidu-propojeni-s-prirodou-a-dalsi-obytna-mistnost\/#primaryimage"},"thumbnailUrl":"https:\/\/storage.googleapis.com\/wp-resources\/srovnator.cz\/ng\/2023\/02\/zimni-zahrada-oaza-klidu-propojeni-s-prirodou-a-dalsi-obytna-mistnost.webp","datePublished":"2023-03-01T09:27:12+00:00","dateModified":"2024-06-24T05:54:12+00:00","author":{"@id":"https:\/\/www.srovnator.cz\/#\/schema\/person\/f2be3ec81eda7dd06cf658cc9aa974ff"},"description":"Zimn\u00ed zahrada je obl\u00edben\u00fdm dopl\u0148kem rodinn\u00e9ho domu. Jak\u00e9 jsou celoro\u010dn\u00ed zimn\u00ed zahrady? M\u016f\u017ee se postavit zimn\u00ed zahrada na terase? To se dozv\u00edte v tomto \u010dl\u00e1nku.","inLanguage":"cs-CZ","potentialAction":[{"@type":"ReadAction","target":["https:\/\/www.srovnator.cz\/clanky\/zimni-zahrada-oaza-klidu-propojeni-s-prirodou-a-dalsi-obytna-mistnost\/"]}]},{"@type":"ImageObject","inLanguage":"cs-CZ","@id":"https:\/\/www.srovnator.cz\/clanky\/zimni-zahrada-oaza-klidu-propojeni-s-prirodou-a-dalsi-obytna-mistnost\/#primaryimage","url":"https:\/\/storage.googleapis.com\/wp-resources\/srovnator.cz\/ng\/2023\/02\/zimni-zahrada-oaza-klidu-propojeni-s-prirodou-a-dalsi-obytna-mistnost.webp","contentUrl":"https:\/\/storage.googleapis.com\/wp-resources\/srovnator.cz\/ng\/2023\/02\/zimni-zahrada-oaza-klidu-propojeni-s-prirodou-a-dalsi-obytna-mistnost.webp","width":996,"height":661,"caption":"zimn\u00ed zahrada"},{"@type":"WebSite","@id":"https:\/\/www.srovnator.cz\/#website","url":"https:\/\/www.srovnator.cz\/","name":"Srovn\u00e1tor.cz","description":"","potentialAction":[{"@type":"SearchAction","target":{"@type":"EntryPoint","urlTemplate":"https:\/\/www.srovnator.cz\/?s={search_term_string}"},"query-input":{"@type":"PropertyValueSpecification","valueRequired":true,"valueName":"search_term_string"}}],"inLanguage":"cs-CZ"},{"@type":"Person","@id":"https:\/\/www.srovnator.cz\/#\/schema\/person\/f2be3ec81eda7dd06cf658cc9aa974ff","name":"Martin Straka","image":{"@type":"ImageObject","inLanguage":"cs-CZ","@id":"https:\/\/www.srovnator.cz\/#\/schema\/person\/image\/","url":"https:\/\/secure.gravatar.com\/avatar\/e91ecfaa01852a8f16b9f65e2ab5c2102d2bb71b2b029fd130ff6c5d21492f36?s=96&d=mm&r=g","contentUrl":"https:\/\/secure.gravatar.com\/avatar\/e91ecfaa01852a8f16b9f65e2ab5c2102d2bb71b2b029fd130ff6c5d21492f36?s=96&d=mm&r=g","caption":"Martin Straka"},"description":"Martin Straka je \u0159editelem klientsk\u00e9ho centra a p\u00e9\u010de o z\u00e1kazn\u00edky. Se sv\u00fdm t\u00fdmem poskytuje z\u00e1kazn\u00edk\u016fm Srovn\u00e1tor.cz \u0161pi\u010dkov\u00fd servis a dohl\u00ed\u017e\u00ed na to, aby na\u0161e procesy byly efektivn\u00ed a z\u00e1kazn\u00edci byli spokojen\u00ed nejen p\u0159i sjedn\u00e1n\u00ed nov\u00e9ho produktu, ale i kdykoliv pot\u0159ebuj\u00ed s n\u011b\u010d\u00edm pomoci. Jeho \u010dl\u00e1nky informuj\u00ed nejen o nejnov\u011bj\u0161\u00edch trendech a aktu\u00e1ln\u00edch t\u00e9matech, ale p\u0159in\u00e1\u0161\u00ed i praktick\u00e9 a zaj\u00edmav\u00e9 tipy z r\u016fzn\u00fdch oblast\u00ed b\u011b\u017en\u00e9ho \u017eivota.","url":"https:\/\/www.srovnator.cz\/autori\/martin-straka\/"}]}},"amp_enabled":true,"_links":{"self":[{"href":"https:\/\/www.srovnator.cz\/rest_api\/wp\/v2\/posts\/8472","targetHints":{"allow":["GET"]}}],"collection":[{"href":"https:\/\/www.srovnator.cz\/rest_api\/wp\/v2\/posts"}],"about":[{"href":"https:\/\/www.srovnator.cz\/rest_api\/wp\/v2\/types\/post"}],"author":[{"embeddable":true,"href":"https:\/\/www.srovnator.cz\/rest_api\/wp\/v2\/users\/7"}],"replies":[{"embeddable":true,"href":"https:\/\/www.srovnator.cz\/rest_api\/wp\/v2\/comments?post=8472"}],"version-history":[{"count":2,"href":"https:\/\/www.srovnator.cz\/rest_api\/wp\/v2\/posts\/8472\/revisions"}],"predecessor-version":[{"id":8478,"href":"https:\/\/www.srovnator.cz\/rest_api\/wp\/v2\/posts\/8472\/revisions\/8478"}],"wp:featuredmedia":[{"embeddable":true,"href":"https:\/\/www.srovnator.cz\/rest_api\/wp\/v2\/media\/8475"}],"wp:attachment":[{"href":"https:\/\/www.srovnator.cz\/rest_api\/wp\/v2\/media?parent=8472"}],"wp:term":[{"taxonomy":"category","embeddable":true,"href":"https:\/\/www.srovnator.cz\/rest_api\/wp\/v2\/categories?post=8472"},{"taxonomy":"post_tag","embeddable":true,"href":"https:\/\/www.srovnator.cz\/rest_api\/wp\/v2\/tags?post=8472"}],"curies":[{"name":"wp","href":"https:\/\/api.w.org\/{rel}","templated":true}]}}