{"id":8610,"date":"2023-04-13T11:43:04","date_gmt":"2023-04-13T09:43:04","guid":{"rendered":"https:\/\/www.srovnator.cz\/?p=8610"},"modified":"2024-06-24T07:54:12","modified_gmt":"2024-06-24T05:54:12","slug":"jak-na-efektivni-jarni-uklid-domacnosti","status":"publish","type":"post","link":"https:\/\/www.srovnator.cz\/clanky\/jak-na-efektivni-jarni-uklid-domacnosti\/","title":{"rendered":"Jak na efektivn\u00ed jarn\u00ed \u00faklid dom\u00e1cnosti"},"content":{"rendered":"<p><strong>Pro\u00a0n\u011bkoho je\u00a0gener\u00e1ln\u00ed \u00faklid dom\u00e1cnosti nutn\u00e9 zlo, n\u011bkdo jarn\u00ed \u00faklid bytu vn\u00edm\u00e1 jako sou\u010d\u00e1st sv\u00e9 ment\u00e1ln\u00ed o\u010disty, v\u017edy\u0165 nepo\u0159\u00e1dek b\u00fdv\u00e1 \u010dasto spojov\u00e1n se\u00a0stresem a\u00a0\u00fazkostmi. Aby\u00a0se\u00a0z\u00a0velk\u00e9ho gruntov\u00e1n\u00ed stala relativn\u011b p\u0159\u00edjemn\u00e1 \u010dinnost, je\u00a0pot\u0159eba si ho napl\u00e1novat a\u00a0po\u0159\u00eddit v\u0161echny pot\u0159ebn\u00e9 \u010dist\u00edc\u00ed prost\u0159edky. Absence vybaven\u00ed pro\u00a0\u00faklid toti\u017e mnohdy slou\u017e\u00ed jako v\u00fdmluva k\u00a0tomu, abychom \u00faklid prost\u011b odlo\u017eili na\u00a0jindy. V\u00a0na\u0161em \u010dl\u00e1nku v\u00e1m porad\u00edme, jak na\u00a0efektivn\u00ed jarn\u00ed \u00faklid dom\u00e1cnosti.<\/strong><\/p>\n<p class=\"h2 mt-3\">Obsah \u010dl\u00e1nku<\/p>\n<ul>\n<li><a href=\"#toc-jarni-uklid-domacnosti--na-co-nezapomenout\">Jarn\u00ed \u00faklid dom\u00e1cnosti \u2013 na\u00a0co\u00a0nezapomenout<\/a><\/li>\n<li><a href=\"#toc-zbavte-se-nepotrebnych-veci\">Zbavte se\u00a0nepot\u0159ebn\u00fdch v\u011bc\u00ed<\/a><\/li>\n<li><a href=\"#toc-myti-oken\">Myt\u00ed oken<\/a><\/li>\n<li><a href=\"#toc-cisteni-domaciho-textilu\">\u010ci\u0161t\u011bn\u00ed dom\u00e1c\u00edho textilu<\/a><\/li>\n<li><a href=\"#toc-pryc-s-prachem-a-spinou\">Pry\u010d s\u00a0prachem a\u00a0\u0161p\u00ednou<\/a><\/li>\n<li><a href=\"#toc-jake-poridit-vybaveni-pro-uklid\">Jak\u00e9 po\u0159\u00eddit vybaven\u00ed pro\u00a0\u00faklid<\/a><\/li>\n<li><a href=\"#toc-jak-na-ekologicky-generalni-uklid-bytu\">Jak na\u00a0ekologick\u00fd gener\u00e1ln\u00ed \u00faklid bytu<\/a><\/li>\n<li><a href=\"#toc-neradi-uklizite?-pomuze-uklidova-firma\">Neradi ukl\u00edz\u00edte? Pom\u016f\u017ee \u00faklidov\u00e1 firma<\/a><\/li>\n<\/ul>\n<h2 data-context=\"Jarn\u00ed \u00faklid dom\u00e1cnosti \u2013 na\u00a0co\u00a0nezapomenout\" id=\"toc-jarni-uklid-domacnosti--na-co-nezapomenout\">Jarn\u00ed \u00faklid dom\u00e1cnosti \u2013 na\u00a0co\u00a0nezapomenout<\/h2>\n<p>P\u0159i\u00a0velk\u00e9m \u00faklidu byste m\u011bli postupovat hlavn\u011b systematicky. Co\u00a0to\u00a0znamen\u00e1? Gruntov\u00e1n\u00ed si rozd\u011blte na\u00a0men\u0161\u00ed \u010d\u00e1sti, p\u0159\u00edpadn\u011b d\u00edl\u010d\u00ed \u00fakoly. D\u00edky tomu na\u00a0nic nezapomenete a\u00a0uvid\u00edte, jak v\u00e1m bude jarn\u00ed \u00faklid dom\u00e1cnosti kr\u00e1sn\u011b ut\u00edkat. Stejn\u00fd postup uplat\u0148ujte v\u00a0ka\u017ed\u00e9 m\u00edstnosti v\u00a0byt\u011b \u010di\u00a0dom\u011b. Na\u00a0co\u00a0se\u00a0p\u0159i\u00a0\u00faklidu zam\u011b\u0159it?<\/p>\n<img decoding=\"async\" width=\"770\" height=\"511\" src=\"https:\/\/storage.googleapis.com\/wp-resources\/srovnator.cz\/ng\/2023\/04\/jak-na-efektivni-jarni-uklid-domacnosti-770x511.webp\" class=\" wp-post-image wp-stateless-item\" alt=\"Jak na efektivn\u00ed jarn\u00ed \u00faklid dom\u00e1cnosti\" title=\"Jak na efektivn\u00ed jarn\u00ed \u00faklid dom\u00e1cnosti\" srcset=\"https:\/\/storage.googleapis.com\/wp-resources\/srovnator.cz\/ng\/2023\/04\/jak-na-efektivni-jarni-uklid-domacnosti-770x511.webp 770w, https:\/\/storage.googleapis.com\/wp-resources\/srovnator.cz\/ng\/2023\/04\/jak-na-efektivni-jarni-uklid-domacnosti.webp 1280w\" sizes=\"(max-width: 770px) 100vw, 770px\" data-image-size=\"medium\" data-stateless-media-bucket=\"wp-resources\" data-stateless-media-name=\"srovnator.cz\/ng\/2023\/04\/jak-na-efektivni-jarni-uklid-domacnosti.webp\" \/><div class=\"small mb-4 mt-2 text-center\">Gener\u00e1ln\u00ed \u00faklid bytu si rozd\u011blte na jednotliv\u00e9 \u00fakoly.<\/div>\n<h2 data-context=\"Zbavte se\u00a0nepot\u0159ebn\u00fdch v\u011bc\u00ed\" id=\"toc-zbavte-se-nepotrebnych-veci\">Zbavte se\u00a0nepot\u0159ebn\u00fdch v\u011bc\u00ed<\/h2>\n<p>V\u00a0ka\u017ed\u00e9m pokoji ve\u00a0va\u0161\u00ed dom\u00e1cnosti za\u010dn\u011bte t\u00edm, \u017ee\u00a0se\u00a0zbav\u00edte nepot\u0159ebn\u00fdch v\u011bc\u00ed. A\u0165 u\u017e se\u00a0jedn\u00e1 o\u00a0oble\u010den\u00ed, kosmetiku nebo knihy a\u00a0\u010dasopisy.<\/p>\n<p>Oble\u010den\u00ed a\u00a0boty, kter\u00e9\u00a0u\u017e nenos\u00edte, zabalte a\u00a0podle toho, v\u00a0jak\u00e9m jsou stavu, je\u00a0bu\u010f po\u0161lete d\u00e1l prost\u0159ednictv\u00edm charity, nebo je\u00a0vho\u010fte do\u00a0kontejneru na\u00a0textil. Z\u00a0kontejneru se\u00a0oble\u010den\u00ed recykluje, v\u00a0p\u0159\u00edpad\u011b velk\u00e9ho zne\u010di\u0161t\u011bn\u00ed ale putuje do\u00a0spalovny.<\/p>\n<p>V\u00a0ob\u00fdvac\u00edm pokoji rozt\u0159i\u010fte a\u00a0zlikvidujte star\u00e9 \u010dasopisy. Knihy, kter\u00e9\u00a0u\u017e pro\u00a0v\u00e1s nejsou zaj\u00edmav\u00e9 a\u00a0pot\u0159ebujete jejich m\u00edsto pro\u00a0nov\u00e9, zkuste prodat t\u0159eba na\u00a0knihobotu.<\/p>\n<p>M\u00e1te v\u00a0koupeln\u011b plno kosmetiky, kterou nepou\u017e\u00edv\u00e1te, p\u0159\u00edpadn\u011b zbytky star\u00fdch \u0161ampon\u016f a\u00a0sprchov\u00fdch gel\u016f? Obsah lahvi\u010dek slijte do\u00a0pytl\u00edku, ten vyho\u010fte do\u00a0ko\u0161e a\u00a0pr\u00e1zdn\u00e9 obaly od\u00a0kosmetiky rozt\u0159i\u010fte do\u00a0kontejner\u016f, nej\u010dast\u011bji do\u00a0t\u011bch \u017elut\u00fdch na\u00a0plast.<\/p>\n<h2 data-context=\"Myt\u00ed oken\" id=\"toc-myti-oken\">Myt\u00ed oken<\/h2>\n<p>Myt\u00ed oken pat\u0159\u00ed mezi nejm\u00e9n\u011b obl\u00edben\u00e9 \u010dinnosti p\u0159i\u00a0jarn\u00edm \u00faklidu, bohu\u017eel ale pro\u00a0n\u00e1s je\u00a0jaro ide\u00e1ln\u00ed dobou, kdy\u00a0se\u00a0na\u00a0myt\u00ed oken vrhnout. Pokud toti\u017e myjete okna b\u011bhem letn\u00edch slune\u010dn\u00fdch dn\u00ed, usych\u00e1 voda a\u00a0\u010dist\u00edc\u00ed prost\u0159edek na\u00a0oknech rychleji, ne\u017e je\u00a0st\u00edh\u00e1te om\u00fdvat a\u00a0sn\u00e1ze tak\u00a0vznikaj\u00ed \u0161mouhy. <\/p>\n<p>P\u0159i\u00a0myt\u00ed oken za\u010dn\u011bte nejprve t\u00edm, \u017ee\u00a0pomoc\u00ed smet\u00e1\u010dku odstran\u00edte z\u00a0okna, r\u00e1mu a\u00a0parapetu ne\u010distoty. Pot\u00e9 umyjte r\u00e1m i\u00a0parapet vodou s\u00a0\u010dist\u00edc\u00edm prost\u0159edkem, skla si ponechte a\u017e na\u00a0konec, abyste si je\u00a0op\u011bt neza\u0161pinili. Na\u00a0b\u011b\u017en\u011b zne\u010di\u0161t\u011bn\u00e1 okna v\u00e1m posta\u010d\u00ed voda s\u00a0\u010dist\u00edc\u00edm prost\u0159edkem a\u00a0had\u0159\u00edk z\u00a0mikrovl\u00e1ken, dobrou pr\u00e1ci odvede i\u00a0st\u011brka. Na\u00a0z\u00e1v\u011br okna p\u0159ele\u0161t\u011bte suchou a\u00a0\u010distou ut\u011brkou.<\/p>\n<p><img decoding=\"async\" src=\"https:\/\/storage.googleapis.com\/wp-resources\/srovnator.cz\/ng\/2023\/04\/jak-na-efektivni-jarni-uklid-domacnosti4-770x513.webp\" alt=\"Jarn\u00ed \u00faklid dom\u00e1cnosti obvykle obn\u00e1\u0161\u00ed myt\u00ed oken a \u017ealuzi\u00ed.\" width=\"770\" height=\"513\" class=\"alignnone size-medium wp-image-8615\" srcset=\"https:\/\/storage.googleapis.com\/wp-resources\/srovnator.cz\/ng\/2023\/04\/jak-na-efektivni-jarni-uklid-domacnosti4-770x513.webp 770w, https:\/\/storage.googleapis.com\/wp-resources\/srovnator.cz\/ng\/2023\/04\/jak-na-efektivni-jarni-uklid-domacnosti4.webp 1280w\" sizes=\"(max-width: 770px) 100vw, 770px\" \/><br \/>\n<span class=\"small d-block mb-3 text-center\">Jarn\u00ed \u00faklid dom\u00e1cnosti obvykle obn\u00e1\u0161\u00ed myt\u00ed oken a\u00a0\u017ealuzi\u00ed.<\/span><\/p>\n<h2 data-context=\"\u010ci\u0161t\u011bn\u00ed dom\u00e1c\u00edho textilu\" id=\"toc-cisteni-domaciho-textilu\">\u010ci\u0161t\u011bn\u00ed dom\u00e1c\u00edho textilu<\/h2>\n<p>Dom\u00e1c\u00ed textil je\u00a0semeni\u0161tem ne\u010distot a\u00a0z\u00e1pachu. P\u0159i\u00a0jarn\u00edm \u00faklidu tud\u00ed\u017e nezapome\u0148te vyprat povlaky na\u00a0dekora\u010dn\u00edch pol\u0161t\u00e1\u0159c\u00edch, r\u016fzn\u00e9 p\u0159ehozy, z\u00e1clony i\u00a0z\u00e1v\u011bsy a\u00a0v\u00a0neposledn\u00ed \u0159ad\u011b tak\u00e9 koberce. Ty m\u016f\u017eete bu\u010f odn\u00e9st do\u00a0\u010dist\u00edrny, jsou-li men\u0161\u00ed a\u00a0srolovateln\u00e9, nebo si p\u016fj\u010dit vysava\u010d na\u00a0mokr\u00e9 \u010di\u0161t\u011bn\u00ed. Tepova\u010d, jak se\u00a0tento speci\u00e1ln\u00ed vysava\u010d naz\u00fdv\u00e1, lze pou\u017e\u00edt i\u00a0na\u00a0sedac\u00ed soupravu.<\/p>\n<p>V\u00a0lo\u017enici se\u00a0zam\u011b\u0159te na\u00a0matrace. Vyperte potah, jde-li z\u00a0nich st\u00e1hnout, pokud ne, i\u00a0na\u00a0matrace m\u016f\u017eete pou\u017e\u00edt tepova\u010d. Jaro je\u00a0ide\u00e1ln\u00ed doba na\u00a0v\u00fdm\u011bnu tepl\u00fdch zimn\u00edch p\u0159ikr\u00fdvek za\u00a0leh\u010d\u00ed. M\u00e1te-li p\u00e9\u0159ov\u00e9 pol\u0161t\u00e1\u0159e a\u00a0pe\u0159iny, nechte je\u00a0p\u0159ed\u00a0ulo\u017een\u00edm odborn\u011b vy\u010distit, aby\u00a0se\u00a0v\u00a0nich nehromadily bakterie a\u00a0pl\u00edsn\u011b. <\/p>\n<p>Pokud m\u00e1te doma dra\u017e\u0161\u00ed vybaven\u00ed, a\u0165 u\u017e se\u00a0jedn\u00e1 o\u00a0n\u00e1bytek, elektroniku nebo dal\u0161\u00ed cennosti, ur\u010dit\u011b zva\u017ete poji\u0161t\u011bn\u00ed dom\u00e1cnosti. To\u00a0v\u00e1m pokryje \u0161kody na\u00a0majetku v\u00a0p\u0159\u00edpad\u011b kr\u00e1de\u017ee \u010di\u00a0po\u017e\u00e1ru.<\/p>\n<h2 data-context=\"Pry\u010d s\u00a0prachem a\u00a0\u0161p\u00ednou\" id=\"toc-pryc-s-prachem-a-spinou\">Pry\u010d s\u00a0prachem a\u00a0\u0161p\u00ednou<\/h2>\n<p>P\u0159i\u00a0jarn\u00edm \u00faklidu byste m\u011bli v\u011bnovat pozornost i\u00a0takov\u00fdm m\u00edst\u016fm, na\u00a0kter\u00e9\u00a0p\u0159i\u00a0b\u011b\u017en\u00e9m ukl\u00edzen\u00ed \u201czapom\u00edn\u00e1te\u201d. Pomoc\u00ed had\u0159\u00edku a\u00a0\u010dist\u00edc\u00edho prost\u0159edku ot\u0159ete kliky, dve\u0159e, lustry, dve\u0159e od\u00a0sprchov\u00e9ho koutu, ve\u0161ker\u00e9 pracovn\u00ed desky a\u00a0plochy, ovlada\u010de, \u017ealuzie, elektrick\u00e9 z\u00e1suvky, jen\u00a0vodou o\u010dist\u011bte i\u00a0listy pokojov\u00fdch rostlin.<\/p>\n<p><img decoding=\"async\" src=\"https:\/\/storage.googleapis.com\/wp-resources\/srovnator.cz\/ng\/2023\/04\/jak-na-efektivni-jarni-uklid-domacnosti2-770x513.webp\" alt=\"O\u010distu si zaslou\u017e\u00ed i pokojov\u00e9 rostliny.\" width=\"770\" height=\"513\" class=\"alignnone size-medium wp-image-8613\" srcset=\"https:\/\/storage.googleapis.com\/wp-resources\/srovnator.cz\/ng\/2023\/04\/jak-na-efektivni-jarni-uklid-domacnosti2-770x513.webp 770w, https:\/\/storage.googleapis.com\/wp-resources\/srovnator.cz\/ng\/2023\/04\/jak-na-efektivni-jarni-uklid-domacnosti2.webp 1280w\" sizes=\"(max-width: 770px) 100vw, 770px\" \/><br \/>\n<span class=\"small d-block mb-3 text-center\">O\u010distu si zaslou\u017e\u00ed i\u00a0pokojov\u00e9 rostliny.<\/span><\/p>\n<p>Nabl\u00fdskan\u00e1 zrcadla<\/p>\n<p>Vyle\u0161t\u011bn\u00ed zrcadel a\u00a0nerezov\u00fdch ploch si nechte a\u017e na\u00a0konec, uvid\u00edte, \u017ee\u00a0dodaj\u00ed uklizen\u00e9mu a\u00a0\u010dist\u00e9mu bytu ten spr\u00e1vn\u00fd \u0161mrnc. Vysta\u010d\u00edte si s\u00a0had\u0159\u00edkem \u010di\u00a0ut\u011brkou z\u00a0mikrovl\u00e1ken a\u00a0le\u0161t\u00edc\u00edm prost\u0159edkem. <\/p>\n<h2 data-context=\"Jak\u00e9 po\u0159\u00eddit vybaven\u00ed pro\u00a0\u00faklid\" id=\"toc-jake-poridit-vybaveni-pro-uklid\">Jak\u00e9 po\u0159\u00eddit vybaven\u00ed pro\u00a0\u00faklid<\/h2>\n<p>P\u0159ed\u00a0t\u00edm, ne\u017e se\u00a0v\u016fbec do\u00a0\u00faklidu pust\u00edte, nakupte a\u00a0dejte dohromady ve\u0161ker\u00e9 vybaven\u00ed na\u00a0\u00faklid a\u00a0\u010dist\u00edc\u00ed prost\u0159edky, kter\u00e9\u00a0budete pot\u0159ebovat. Ukl\u00edzen\u00ed se\u00a0v\u00e1m zjednodu\u0161\u00ed a\u00a0zabere m\u00e9n\u011b \u010dasu, pokud budete m\u00edt v\u0161e po\u00a0ruce a\u00a0nebudete muset odb\u00edhat do\u00a0obchodu. Co\u00a0by\u00a0v\u00e1m nem\u011blo chyb\u011bt ve\u00a0v\u00fdbav\u011b?<\/p>\n<ul>\n<li>univerz\u00e1ln\u00ed \u010dist\u00edc\u00ed prost\u0159edek na\u00a0v\u0161echny povrchy v\u00a0dom\u00e1cnosti<\/li>\n<li>dezinfek\u010dn\u00ed prost\u0159edek na\u00a0toaletu<\/li>\n<li>\u010dist\u00edc\u00ed prost\u0159edek na\u00a0\u010daloun\u011bn\u00ed, p\u0159\u00edpadn\u011b sprej na\u00a0skvrny<\/li>\n<li>\u010disti\u010d skel<\/li>\n<li>pr\u00e1\u0161ek na\u00a0pran\u00ed<\/li>\n<li>had\u0159\u00edky a\u00a0ut\u011brky z\u00a0mikrovl\u00e1ken, p\u0159\u00edpadn\u011b houbi\u010dky<\/li>\n<li>vy\u010di\u0161t\u011bn\u00fd filtr ve\u00a0vysava\u010di a\u00a0n\u00e1hradn\u00ed s\u00e1\u010dky<\/li>\n<li>smet\u00e1\u010dek a\u00a0lopatka<\/li>\n<li>pracovn\u00ed rukavice<\/li>\n<\/ul>\n<p>Hodit se\u00a0v\u00e1m budou i\u00a0pytle na\u00a0t\u0159\u00edd\u011bn\u00fd odpad, p\u0159\u00edpadn\u011b pytle na\u00a0oble\u010den\u00ed, kter\u00e9\u00a0chcete vyhodit do\u00a0kontejneru.<\/p>\n<p><img decoding=\"async\" src=\"https:\/\/storage.googleapis.com\/wp-resources\/srovnator.cz\/ng\/2023\/04\/jak-na-efektivni-jarni-uklid-domacnosti3-770x513.webp\" alt=\"P\u0159ed samotn\u00fdm ukl\u00edzen\u00edm si obstarejte v\u0161e pot\u0159ebn\u00e9 vybaven\u00ed na \u00faklid.\" width=\"770\" height=\"513\" class=\"alignnone size-medium wp-image-8614\" srcset=\"https:\/\/storage.googleapis.com\/wp-resources\/srovnator.cz\/ng\/2023\/04\/jak-na-efektivni-jarni-uklid-domacnosti3-770x513.webp 770w, https:\/\/storage.googleapis.com\/wp-resources\/srovnator.cz\/ng\/2023\/04\/jak-na-efektivni-jarni-uklid-domacnosti3.webp 1280w\" sizes=\"(max-width: 770px) 100vw, 770px\" \/><br \/>\n<span class=\"small d-block mb-3 text-center\">P\u0159ed\u00a0samotn\u00fdm ukl\u00edzen\u00edm si obstarejte v\u0161e pot\u0159ebn\u00e9 vybaven\u00ed na\u00a0\u00faklid.<\/span><\/p>\n<h2 data-context=\"Jak na\u00a0ekologick\u00fd gener\u00e1ln\u00ed \u00faklid bytu\" id=\"toc-jak-na-ekologicky-generalni-uklid-bytu\">Jak na\u00a0ekologick\u00fd gener\u00e1ln\u00ed \u00faklid bytu<\/h2>\n<p>Ekologie a\u00a0s\u00a0n\u00ed souvisej\u00edc\u00ed ochrana \u017eivotn\u00edho prost\u0159ed\u00ed je\u00a0dnes nezbytnou sou\u010d\u00e1st\u00ed na\u0161ich \u017eivot\u016f. I\u00a0dom\u00e1cnost m\u016f\u017ee b\u00fdt \u010dist\u00e1 a\u00a0zdrav\u00ed prosp\u011b\u0161n\u00e1 z\u00e1rove\u0148. \u010cist\u00edc\u00ed prost\u0159edky z\u00a0b\u011b\u017en\u00e9 drogerie kolikr\u00e1t mohou zp\u016fsobit zdravotn\u00ed probl\u00e9my ve\u00a0form\u011b alergie, ekz\u00e9mu nebo astma, n\u011bkter\u00e9 z\u00a0nich pak mohou po\u0161kodit vnit\u0159n\u00ed org\u00e1ny. Vyvarovat byste se\u00a0m\u011bli t\u011bch, k\u00a0jejich\u017e v\u00fdrob\u011b se\u00a0pou\u017e\u00edvaj\u00ed nebezpe\u010dn\u00e9 chemik\u00e1lie, a\u0165 u\u017e se\u00a0jedn\u00e1 o\u00a0syntetickou parfemaci, ftal\u00e1ty, amoniak, fosf\u00e1ty nebo chl\u00f3r. P\u0159i\u00a0pou\u017e\u00edv\u00e1n\u00ed b\u011b\u017en\u00fdch \u010dist\u00edc\u00edch prost\u0159edk\u016f m\u011bjte na\u00a0pam\u011bti, \u017ee\u00a0n\u011bkter\u00e9 \u0161kodliv\u00e9 l\u00e1tky v\u00a0nich obsa\u017een\u00e9 se\u00a0po\u00a0vylit\u00ed do\u00a0odpadu neodbouraj\u00ed, dostanou se\u00a0d\u00e1l do\u00a0p\u0159\u00edrody a\u00a0sekund\u00e1rn\u011b n\u00e1m skrz potravn\u00ed \u0159et\u011bzec \u0161kod\u00ed d\u00e1l.<\/p>\n<p>P\u0159i\u00a0v\u00fdb\u011bru ekologick\u00fdch prost\u0159edk\u016f myslete na\u00a0to, \u017ee\u00a0mezi jednotliv\u00fdmi zna\u010dkami tv\u00e1\u0159\u00edc\u00edmi se\u00a0ekologicky jsou zna\u010dn\u00e9 rozd\u00edly. N\u011bkter\u00e9 maj\u00ed v\u00a0sob\u011b jen\u00a0p\u00e1r p\u0159\u00edrodn\u00edch l\u00e1tek, jin\u00e9 jsou 100% p\u0159\u00edrodn\u00ed a\u00a0v\u00a0bio kvalit\u011b, u\u00a0dal\u0161\u00edch je\u00a0ekologick\u00fd pouze obal \u010di\u00a0distribuce. N\u011bkte\u0159\u00ed v\u00fdrobci pou\u017e\u00edvaj\u00ed l\u00e1tky vyroben\u00e9 pomoc\u00ed obnoviteln\u00fdch zdroj\u016f nebo jen\u00a0takov\u00e9 l\u00e1tky, kter\u00e9\u00a0lze pou\u017e\u00edt i\u00a0v\u00a0potravin\u00e1\u0159stv\u00ed. Chyst\u00e1te-li se\u00a0na\u00a0gener\u00e1ln\u00ed \u00faklid bytu a\u00a0chcete b\u00fdt ekologi\u010dt\u00ed, pak v\u00a0obchodech hledejte zna\u010dky:<\/p>\n<ul>\n<li>Sonett<\/li>\n<li>Tierra Verde<\/li>\n<li>Bio-D<\/li>\n<li>Ecover<\/li>\n<\/ul>\n<p>Ekologick\u00e9 \u010dist\u00edc\u00ed prost\u0159edky si m\u016f\u017eete celkem snadno vyrobit doma, sta\u010d\u00ed v\u00e1m k\u00a0tomu b\u011b\u017en\u00e9 p\u0159\u00edsady, kter\u00e9\u00a0pou\u017e\u00edv\u00e1te v\u00a0kuchyni. Sm\u00edchejte ocet s\u00a0vodou v\u00a0pom\u011bru 2:1, nalijte do\u00a0rozpra\u0161ova\u010de, p\u0159idejte p\u00e1r kapek vonn\u00e9ho oleje a\u00a0m\u00e1te univerz\u00e1ln\u00ed \u010dist\u00edc\u00ed prost\u0159edek.<\/p>\n<p>Dal\u0161\u00ed ingredienc\u00ed, kterou vyu\u017eijete na\u00a0\u00faklid, je\u00a0jedl\u00e1 soda sm\u00edchan\u00e1 se\u00a0\u0161\u0165\u00e1vou z\u00a0citronu. Touto sm\u011bs\u00ed vy\u010dist\u00edte \u0161pinav\u00e9 povrchy. Na\u00a0zne\u010di\u0161t\u011bn\u00e9 odpady pou\u017eijte sm\u011bs jedl\u00e9 sody a\u00a0octa. Tato sm\u011bs si ale neporad\u00ed nap\u0159. s\u00a0vlasy, ty mus\u00edte p\u0159ed\u00a0\u010di\u0161t\u011bn\u00edm z\u00a0odpadu vyndat.<\/p>\n<p><img decoding=\"async\" src=\"https:\/\/storage.googleapis.com\/wp-resources\/srovnator.cz\/ng\/2023\/04\/jak-na-efektivni-jarni-uklid-domacnosti5-770x514.webp\" alt=\"\u00daklidov\u00e1 firma v\u00e1m zajist\u00ed mimo jin\u00e9 i profesion\u00e1ln\u00ed myt\u00ed oken.\" width=\"770\" height=\"514\" class=\"alignnone size-medium wp-image-8611\" srcset=\"https:\/\/storage.googleapis.com\/wp-resources\/srovnator.cz\/ng\/2023\/04\/jak-na-efektivni-jarni-uklid-domacnosti5-770x514.webp 770w, https:\/\/storage.googleapis.com\/wp-resources\/srovnator.cz\/ng\/2023\/04\/jak-na-efektivni-jarni-uklid-domacnosti5.webp 1280w\" sizes=\"(max-width: 770px) 100vw, 770px\" \/><br \/>\n<span class=\"small d-block mb-3 text-center\">\u00daklidov\u00e1 firma v\u00e1m zajist\u00ed mimo jin\u00e9 i\u00a0profesion\u00e1ln\u00ed myt\u00ed oken.<\/span><\/p>\n<h2 data-context=\"Neradi ukl\u00edz\u00edte? Pom\u016f\u017ee \u00faklidov\u00e1 firma\" id=\"toc-neradi-uklizite?-pomuze-uklidova-firma\">Neradi ukl\u00edz\u00edte? Pom\u016f\u017ee \u00faklidov\u00e1 firma<\/h2>\n<p>By\u0165 m\u00e1 uklizen\u00fd byt prokazateln\u011b pozitivn\u00ed vliv na\u00a0na\u0161e du\u0161evn\u00ed i\u00a0fyzick\u00e9 zdrav\u00ed, ne v\u017edy m\u00e1me dostatek \u010dasu a\u00a0n\u00e1ladu je\u0161t\u011b po\u00a0p\u0159\u00edchodu dom\u016f z\u00a0pr\u00e1ce vz\u00edt do\u00a0ruky hadr a\u00a0ukl\u00edzet. \u0158e\u0161en\u00edm je\u00a0v\u00fdpomoc od\u00a0\u00faklidov\u00e9 firmy. Profesion\u00e1ln\u00ed \u00faklidov\u00e1 firma zajist\u00ed \u00faklid jak pravideln\u00fd, tak\u00a0jednor\u00e1zov\u00fd nap\u0159. po\u00a0rekonstrukci, malov\u00e1n\u00ed nebo narozeninov\u00e9 oslav\u011b. Standardem je\u00a0myt\u00ed oken z\u00a0obou stran, mokr\u00e9 \u010di\u0161t\u011bn\u00ed koberc\u016f a\u00a0\u010daloun\u011bn\u00ed, \u00fadr\u017eba ko\u017een\u00fdch seda\u010dek a\u00a0odstran\u011bn\u00ed chlup\u016f od\u00a0zv\u00ed\u0159ec\u00edch mazl\u00ed\u010dk\u016f a\u00a0jin\u00fdch alergen\u016f.<\/p>\n<h2>Nej\u010dast\u011bji kladen\u00e9 ot\u00e1zky \u2013 FAQ<\/h2>\n<div class=\"accordion faq \" id=\"accon0\">\n    <div class=\"accordion-item\">\n        <h3 class=\"accordion-header \" id=\"head-4175\">\n            <button class=\"accordion-button align-items-start collapsed\" type=\"button\" data-bs-toggle=\"collapse\" data-bs-target=\"#item-91887\" aria-expanded=\"true\" aria-controls=\"item-91887\">\n            Jak na jarn\u00ed \u00faklid?\n            <\/button>\n        <\/h3>\n        <div id=\"item-91887\" class=\"accordion-collapse collapse \" aria-labelledby=\"head-4175\" data-bs-parent=\"#accon0\">\n            <div class=\"accordion-body\">\n        P\u0159i\u00a0jarn\u00edm \u00faklidu se\u00a0zam\u011b\u0159te na\u00a0ta\u00a0m\u00edsta, na\u00a0kter\u00e1\u00a0p\u0159i\u00a0b\u011b\u017en\u00e9m gruntov\u00e1n\u00ed \u201czapom\u00edn\u00e1te\u201d. Jedn\u00e1 se\u00a0p\u0159edev\u0161\u00edm o\u00a0dve\u0159e, kliky, elektrick\u00e9 z\u00e1suvky, \u00falo\u017en\u00e9 prostory, osv\u011btlen\u00ed, \u017ealuzie, pokojov\u00e9 rostliny nebo dve\u0159e od\u00a0sprchov\u00e9ho koutu. Jarn\u00ed \u00faklid dom\u00e1cnosti by\u00a0m\u011bl v\u017edy za\u010d\u00edt vyt\u0159\u00edd\u011bn\u00edm nepot\u0159ebn\u00fdch v\u011bc\u00ed, a\u0165 u\u017e se\u00a0jedn\u00e1 o\u00a0oble\u010den\u00ed, boty, knihy, kosmetiku nebo d\u011btsk\u00e9 hra\u010dky. V\u011bci nevyhazujte, n\u011bkter\u00e9 z\u00a0nich t\u0159eba darujte nebo rozt\u0159i\u010fte do\u00a0kontejner\u016f na\u00a0t\u0159\u00edd\u011bn\u00fd odpad. Pozornost v\u011bnujte myt\u00ed oken, dom\u00e1c\u00edmu textilu jako je\u00a0\u010daloun\u011bn\u00ed, potahy, z\u00e1clony, z\u00e1v\u011bsy a\u00a0rovn\u011b\u017e spot\u0159ebi\u010d\u016fm, kter\u00e9\u00a0by\u00a0jednou za\u00a0\u010das m\u011bly proj\u00edt celkovou \u00fadr\u017ebou. Gener\u00e1ln\u00ed \u00faklid bytu zakon\u010dete jeho provon\u011bn\u00edm. P\u0159e\u010dt\u011bte si na\u0161e tipy, <a href='https:\/\/www.srovnator.cz\/clanky\/tipy-jak-provonet-domacnost\/'>jak provon\u011bt dom\u00e1cnost<\/a>.<br \/>\n    <\/div>\n        <\/div>\n    <\/div>\n    <div class=\"accordion-item\">\n        <h3 class=\"accordion-header \" id=\"head-18409\">\n            <button class=\"accordion-button align-items-start collapsed\" type=\"button\" data-bs-toggle=\"collapse\" data-bs-target=\"#item-70013\" aria-expanded=\"true\" aria-controls=\"item-70013\">\n            \u010c\u00edm um\u00fdt okna?\n            <\/button>\n        <\/h3>\n        <div id=\"item-70013\" class=\"accordion-collapse collapse \" aria-labelledby=\"head-18409\" data-bs-parent=\"#accon0\">\n            <div class=\"accordion-body\">\n        Jak na\u00a0myt\u00ed oken? Okna nejprve umyjte vodou s\u00a0\u010dist\u00edc\u00edm p\u0159\u00edpravkem, m\u00edsto n\u011bj m\u016f\u017eete pou\u017e\u00edt oby\u010dejn\u00fd ocet. Po\u00a0umyt\u00ed okna do\u00a0sucha vyt\u0159ete \u010distou ut\u011brkou, p\u0159\u00edpadn\u011b pou\u017eijte st\u011brku. Aby\u00a0v\u00e1m po\u00a0st\u011brce nez\u016fstaly na\u00a0oknech \u0161mouhy, ot\u0159ete ji po\u00a0ka\u017ed\u00e9m tahu \u010distou ut\u011brkou nebo had\u0159\u00edkem. Ros\u00ed se\u00a0v\u00e1m okna? Pak m\u00e1te pravd\u011bpodobn\u011b v\u00a0byt\u011b vy\u0161\u0161\u00ed vlhkost. Jak s\u00a0n\u00ed bojovat se\u00a0dozv\u00edte <a href='https:\/\/www.srovnator.cz\/clanky\/idealni-vlhkost-v-byte-a-jak-ji-dosahnout\/'>v\u00a0na\u0161em dal\u0161\u00edm \u010dl\u00e1nku<\/a>.<br \/>\n    <\/div>\n        <\/div>\n    <\/div>\n    <div class=\"accordion-item\">\n        <h3 class=\"accordion-header \" id=\"head-76608\">\n            <button class=\"accordion-button align-items-start collapsed\" type=\"button\" data-bs-toggle=\"collapse\" data-bs-target=\"#item-30289\" aria-expanded=\"true\" aria-controls=\"item-30289\">\n            Jak m\u00edt doma po\u0159\u00e1d uklizeno?\n            <\/button>\n        <\/h3>\n        <div id=\"item-30289\" class=\"accordion-collapse collapse \" aria-labelledby=\"head-76608\" data-bs-parent=\"#accon0\">\n            <div class=\"accordion-body\">\n        M\u00e1te-li pocit, \u017ee\u00a0je\u00a0ve\u00a0va\u0161\u00ed dom\u00e1cnosti st\u00e1le nepo\u0159\u00e1dek, zkuste dodr\u017eet n\u011bkolik z\u00e1kladn\u00edch pravidel \u2013 nenech\u00e1vejte nikde rozh\u00e1zen\u00e9 v\u011bci, j\u00eddeln\u00ed a\u00a0pracovn\u00ed stoly udr\u017eujte pr\u00e1zdn\u00e9 a\u00a0\u010dist\u00e9, oble\u010den\u00ed dejte bu\u010f rovnou do\u00a0ko\u0161e na\u00a0pr\u00e1dlo, nebo do\u00a0sk\u0159\u00edn\u011b. \u010cist\u00e1 by\u00a0m\u011bla z\u016fstat i\u00a0zrcadla, vana, umyvadlo a\u00a0postel, tedy va\u0161e soukrom\u00e9 prostory. V\u00fdznamn\u00fdm pomocn\u00edkem je\u00a0robotick\u00fd vysava\u010d, kter\u00fd\u00a0nejen \u017ee\u00a0v\u00e1s zbav\u00ed prachu v\u00a0dom\u00e1cnosti, z\u00e1rove\u0148 v\u00e1s jeho pou\u017e\u00edv\u00e1n\u00ed bude nutit m\u00edt st\u00e1le uklizenou podlahu. S\u00a0v\u00fdb\u011brem robotick\u00e9ho vysava\u010de v\u00e1m pom\u016f\u017ee <a href='https:\/\/www.srovnator.cz\/clanky\/jak-vybrat-roboticky-vysavac-na-koberce-a-podlahy\/'>tento \u010dl\u00e1nek<\/a>.<br \/>\n    <\/div>\n        <\/div>\n    <\/div>\n<\/div>\n","protected":false},"excerpt":{"rendered":"<p>P\u0159\u00edchod prvn\u00edch tepl\u00fdch dn\u00ed je pro mnoh\u00e9 dom\u00e1cnosti spojen s nep\u0159\u00edjemnou povinnost\u00ed gener\u00e1ln\u00edho \u00faklidu. Porad\u00edme v\u00e1m, jak na efektivn\u00ed jarn\u00ed \u00faklid bytu.<\/p>\n","protected":false},"author":7,"featured_media":8612,"comment_status":"closed","ping_status":"open","sticky":false,"template":"","format":"standard","meta":{"_acf_changed":false,"footnotes":""},"categories":[1,5],"tags":[876,399,1005,898],"class_list":["post-8610","post","type-post","status-publish","format-standard","has-post-thumbnail","hentry","category-ostatni","category-pojisteni-majetku","tag-byt","tag-domacnost","tag-ekologie","tag-uklid"],"acf":{"znacka":"","model":"","objem":"","vyrobeno":"","vykon":"","velikost_1":"","velikost_2":"","velikost_3":"","velikost_4":"","roky":"","roky_velikost_1":"","roky_velikost_2":"","roky_velikost_3":"","roky_velikost_4":"","pocet_kalkulaci":0,"page_post_meta_bread":"","page_post_meta_bread_child":"","page_post_meta_script_head":"<script type=\"application\/ld+json\">\r\n    {\r\n        \"@context\": \"https:\/\/schema.org\",\r\n        \"@type\": \"FAQPage\",\r\n        \"mainEntity\": [{\r\n            \"@type\": \"Question\",\r\n            \"name\": \"Jak na\u00a0jarn\u00ed \u00faklid?\",\r\n            \"acceptedAnswer\": {\r\n                \"@type\": \"Answer\",\r\n                \"text\": \"P\u0159i jarn\u00edm \u00faklidu se\u00a0zam\u011b\u0159te na\u00a0ta\u00a0m\u00edsta, na\u00a0kter\u00e1\u00a0p\u0159i\u00a0b\u011b\u017en\u00e9m gruntov\u00e1n\u00ed \u201czapom\u00edn\u00e1te\u201d. Jedn\u00e1 se\u00a0p\u0159edev\u0161\u00edm o\u00a0dve\u0159e, kliky, elektrick\u00e9 z\u00e1suvky, \u00falo\u017en\u00e9 prostory, osv\u011btlen\u00ed, \u017ealuzie, pokojov\u00e9 rostliny nebo dve\u0159e od\u00a0sprchov\u00e9ho koutu. Jarn\u00ed \u00faklid dom\u00e1cnosti by\u00a0m\u011bl v\u017edy za\u010d\u00edt vyt\u0159\u00edd\u011bn\u00edm nepot\u0159ebn\u00fdch v\u011bc\u00ed, a\u0165 u\u017e se\u00a0jedn\u00e1 o\u00a0oble\u010den\u00ed, boty, knihy, kosmetiku nebo d\u011btsk\u00e9 hra\u010dky. V\u011bci nevyhazujte, n\u011bkter\u00e9 z\u00a0nich t\u0159eba darujte nebo rozt\u0159i\u010fte do\u00a0kontejner\u016f na\u00a0t\u0159\u00edd\u011bn\u00fd odpad. Pozornost v\u011bnujte myt\u00ed oken, dom\u00e1c\u00edmu textilu jako je\u00a0\u010daloun\u011bn\u00ed, potahy, z\u00e1clony, z\u00e1v\u011bsy a\u00a0rovn\u011b\u017e spot\u0159ebi\u010d\u016fm, kter\u00e9\u00a0by\u00a0jednou za\u00a0\u010das m\u011bly proj\u00edt celkovou \u00fadr\u017ebou. Gener\u00e1ln\u00ed \u00faklid bytu zakon\u010dete jeho provon\u011bn\u00edm. P\u0159e\u010dt\u011bte si na\u0161e tipy, <a href='https:\/\/www.srovnator.cz\/clanky\/tipy-jak-provonet-domacnost\/'>jak provon\u011bt dom\u00e1cnost<\/a>.\"\r\n                }\r\n            }, {\r\n            \"@type\": \"Question\",\r\n            \"name\": \"\u010c\u00edm um\u00fdt okna?\",\r\n            \"acceptedAnswer\": {\r\n                \"@type\": \"Answer\",\r\n                \"text\": \"Jak na\u00a0myt\u00ed oken? Okna nejprve umyjte vodou s\u00a0\u010dist\u00edc\u00edm p\u0159\u00edpravkem, m\u00edsto n\u011bj m\u016f\u017eete pou\u017e\u00edt oby\u010dejn\u00fd ocet. Po\u00a0umyt\u00ed okna do\u00a0sucha vyt\u0159ete \u010distou ut\u011brkou, p\u0159\u00edpadn\u011b pou\u017eijte st\u011brku. Aby\u00a0v\u00e1m po\u00a0st\u011brce nez\u016fstaly na\u00a0oknech \u0161mouhy, ot\u0159ete ji po\u00a0ka\u017ed\u00e9m tahu \u010distou ut\u011brkou nebo had\u0159\u00edkem. Ros\u00ed se\u00a0v\u00e1m okna? Pak m\u00e1te pravd\u011bpodobn\u011b v\u00a0byt\u011b vy\u0161\u0161\u00ed vlhkost. Jak s\u00a0n\u00ed bojovat se\u00a0dozv\u00edte <a href='https:\/\/www.srovnator.cz\/clanky\/idealni-vlhkost-v-byte-a-jak-ji-dosahnout\/'>v\u00a0na\u0161em dal\u0161\u00edm \u010dl\u00e1nku<\/a>.\"\r\n                }\r\n            }, {\r\n            \"@type\": \"Question\",\r\n            \"name\": \"Jak m\u00edt doma po\u0159\u00e1d uklizeno?\",\r\n            \"acceptedAnswer\": {\r\n                \"@type\": \"Answer\",\r\n                \"text\": \"M\u00e1te-li pocit, \u017ee\u00a0je\u00a0ve\u00a0va\u0161\u00ed dom\u00e1cnosti st\u00e1le nepo\u0159\u00e1dek, zkuste dodr\u017eet n\u011bkolik z\u00e1kladn\u00edch pravidel \u2013 nenech\u00e1vejte nikde rozh\u00e1zen\u00e9 v\u011bci, j\u00eddeln\u00ed a\u00a0pracovn\u00ed stoly udr\u017eujte pr\u00e1zdn\u00e9 a\u00a0\u010dist\u00e9, oble\u010den\u00ed dejte bu\u010f rovnou do\u00a0ko\u0161e na\u00a0pr\u00e1dlo, nebo do\u00a0sk\u0159\u00edn\u011b. \u010cist\u00e1 by\u00a0m\u011bla z\u016fstat i\u00a0zrcadla, vana, umyvadlo a\u00a0postel, tedy va\u0161e soukrom\u00e9 prostory. V\u00fdznamn\u00fdm pomocn\u00edkem je\u00a0robotick\u00fd vysava\u010d, kter\u00fd\u00a0nejen \u017ee\u00a0v\u00e1s zbav\u00ed prachu v\u00a0dom\u00e1cnosti, z\u00e1rove\u0148 v\u00e1s jeho pou\u017e\u00edv\u00e1n\u00ed bude nutit m\u00edt st\u00e1le uklizenou podlahu. S\u00a0v\u00fdb\u011brem robotick\u00e9ho vysava\u010de v\u00e1m pom\u016f\u017ee <a href='https:\/\/www.srovnator.cz\/clanky\/jak-vybrat-roboticky-vysavac-na-koberce-a-podlahy\/'>tento \u010dl\u00e1nek<\/a>.\"\r\n                }\r\n            }\r\n        ]\r\n    }\r\n<\/script>","page_post_meta_leaving_screen":"cat"},"yoast_head":"<!-- This site is optimized with the Yoast SEO plugin v25.5 - https:\/\/yoast.com\/wordpress\/plugins\/seo\/ -->\n<title>Jak na efektivn\u00ed jarn\u00ed \u00faklid dom\u00e1cnosti - Srovn\u00e1tor.cz<\/title>\n<meta name=\"description\" content=\"P\u0159\u00edchod prvn\u00edch tepl\u00fdch dn\u00ed je pro mnoh\u00e9 dom\u00e1cnosti spojen s nep\u0159\u00edjemnou povinnost\u00ed gener\u00e1ln\u00edho \u00faklidu. Porad\u00edme v\u00e1m, jak na efektivn\u00ed jarn\u00ed \u00faklid bytu.\" \/>\n<meta name=\"robots\" content=\"index, follow, max-snippet:-1, max-image-preview:large, max-video-preview:-1\" \/>\n<link rel=\"canonical\" href=\"https:\/\/www.srovnator.cz\/clanky\/jak-na-efektivni-jarni-uklid-domacnosti\/\" \/>\n<meta property=\"og:locale\" content=\"cs_CZ\" \/>\n<meta property=\"og:type\" content=\"article\" \/>\n<meta property=\"og:title\" content=\"Jak na efektivn\u00ed jarn\u00ed \u00faklid dom\u00e1cnosti - Srovn\u00e1tor.cz\" \/>\n<meta property=\"og:description\" content=\"P\u0159\u00edchod prvn\u00edch tepl\u00fdch dn\u00ed je pro mnoh\u00e9 dom\u00e1cnosti spojen s nep\u0159\u00edjemnou povinnost\u00ed gener\u00e1ln\u00edho \u00faklidu. Porad\u00edme v\u00e1m, jak na efektivn\u00ed jarn\u00ed \u00faklid bytu.\" \/>\n<meta property=\"og:url\" content=\"https:\/\/www.srovnator.cz\/clanky\/jak-na-efektivni-jarni-uklid-domacnosti\/\" \/>\n<meta property=\"og:site_name\" content=\"Srovn\u00e1tor.cz\" \/>\n<meta property=\"article:publisher\" content=\"https:\/\/www.facebook.com\/srovnator\/\" \/>\n<meta property=\"article:published_time\" content=\"2023-04-13T09:43:04+00:00\" \/>\n<meta property=\"article:modified_time\" content=\"2024-06-24T05:54:12+00:00\" \/>\n<meta property=\"og:image\" content=\"https:\/\/storage.googleapis.com\/wp-resources\/srovnator.cz\/ng\/2023\/04\/jak-na-efektivni-jarni-uklid-domacnosti.webp\" \/>\n\t<meta property=\"og:image:width\" content=\"1280\" \/>\n\t<meta property=\"og:image:height\" content=\"850\" \/>\n\t<meta property=\"og:image:type\" content=\"image\/webp\" \/>\n<meta name=\"author\" content=\"Martin Straka\" \/>\n<meta name=\"twitter:card\" content=\"summary_large_image\" \/>\n<meta name=\"twitter:creator\" content=\"@Srovnator_czech\" \/>\n<meta name=\"twitter:site\" content=\"@Srovnator_czech\" \/>\n<meta name=\"twitter:label1\" content=\"Written by\" \/>\n\t<meta name=\"twitter:data1\" content=\"Martin Straka\" \/>\n\t<meta name=\"twitter:label2\" content=\"Est. reading time\" \/>\n\t<meta name=\"twitter:data2\" content=\"10 minutes\" \/>\n<script type=\"application\/ld+json\" class=\"yoast-schema-graph\">{\"@context\":\"https:\/\/schema.org\",\"@graph\":[{\"@type\":\"WebPage\",\"@id\":\"https:\/\/www.srovnator.cz\/clanky\/jak-na-efektivni-jarni-uklid-domacnosti\/\",\"url\":\"https:\/\/www.srovnator.cz\/clanky\/jak-na-efektivni-jarni-uklid-domacnosti\/\",\"name\":\"Jak na efektivn\u00ed jarn\u00ed \u00faklid dom\u00e1cnosti - Srovn\u00e1tor.cz\",\"isPartOf\":{\"@id\":\"https:\/\/www.srovnator.cz\/#website\"},\"primaryImageOfPage\":{\"@id\":\"https:\/\/www.srovnator.cz\/clanky\/jak-na-efektivni-jarni-uklid-domacnosti\/#primaryimage\"},\"image\":{\"@id\":\"https:\/\/www.srovnator.cz\/clanky\/jak-na-efektivni-jarni-uklid-domacnosti\/#primaryimage\"},\"thumbnailUrl\":\"https:\/\/storage.googleapis.com\/wp-resources\/srovnator.cz\/ng\/2023\/04\/jak-na-efektivni-jarni-uklid-domacnosti.webp\",\"datePublished\":\"2023-04-13T09:43:04+00:00\",\"dateModified\":\"2024-06-24T05:54:12+00:00\",\"author\":{\"@id\":\"https:\/\/www.srovnator.cz\/#\/schema\/person\/f2be3ec81eda7dd06cf658cc9aa974ff\"},\"description\":\"P\u0159\u00edchod prvn\u00edch tepl\u00fdch dn\u00ed je pro mnoh\u00e9 dom\u00e1cnosti spojen s nep\u0159\u00edjemnou povinnost\u00ed gener\u00e1ln\u00edho \u00faklidu. Porad\u00edme v\u00e1m, jak na efektivn\u00ed jarn\u00ed \u00faklid bytu.\",\"inLanguage\":\"cs-CZ\",\"potentialAction\":[{\"@type\":\"ReadAction\",\"target\":[\"https:\/\/www.srovnator.cz\/clanky\/jak-na-efektivni-jarni-uklid-domacnosti\/\"]}]},{\"@type\":\"ImageObject\",\"inLanguage\":\"cs-CZ\",\"@id\":\"https:\/\/www.srovnator.cz\/clanky\/jak-na-efektivni-jarni-uklid-domacnosti\/#primaryimage\",\"url\":\"https:\/\/storage.googleapis.com\/wp-resources\/srovnator.cz\/ng\/2023\/04\/jak-na-efektivni-jarni-uklid-domacnosti.webp\",\"contentUrl\":\"https:\/\/storage.googleapis.com\/wp-resources\/srovnator.cz\/ng\/2023\/04\/jak-na-efektivni-jarni-uklid-domacnosti.webp\",\"width\":1280,\"height\":850,\"caption\":\"Gener\u00e1ln\u00ed \u00faklid bytu si rozd\u011blte na jednotliv\u00e9 \u00fakoly.\"},{\"@type\":\"WebSite\",\"@id\":\"https:\/\/www.srovnator.cz\/#website\",\"url\":\"https:\/\/www.srovnator.cz\/\",\"name\":\"Srovn\u00e1tor.cz\",\"description\":\"\",\"potentialAction\":[{\"@type\":\"SearchAction\",\"target\":{\"@type\":\"EntryPoint\",\"urlTemplate\":\"https:\/\/www.srovnator.cz\/?s={search_term_string}\"},\"query-input\":{\"@type\":\"PropertyValueSpecification\",\"valueRequired\":true,\"valueName\":\"search_term_string\"}}],\"inLanguage\":\"cs-CZ\"},{\"@type\":\"Person\",\"@id\":\"https:\/\/www.srovnator.cz\/#\/schema\/person\/f2be3ec81eda7dd06cf658cc9aa974ff\",\"name\":\"Martin Straka\",\"image\":{\"@type\":\"ImageObject\",\"inLanguage\":\"cs-CZ\",\"@id\":\"https:\/\/www.srovnator.cz\/#\/schema\/person\/image\/\",\"url\":\"https:\/\/secure.gravatar.com\/avatar\/e91ecfaa01852a8f16b9f65e2ab5c2102d2bb71b2b029fd130ff6c5d21492f36?s=96&d=mm&r=g\",\"contentUrl\":\"https:\/\/secure.gravatar.com\/avatar\/e91ecfaa01852a8f16b9f65e2ab5c2102d2bb71b2b029fd130ff6c5d21492f36?s=96&d=mm&r=g\",\"caption\":\"Martin Straka\"},\"description\":\"Martin Straka je \u0159editelem klientsk\u00e9ho centra a p\u00e9\u010de o z\u00e1kazn\u00edky. Se sv\u00fdm t\u00fdmem poskytuje z\u00e1kazn\u00edk\u016fm Srovn\u00e1tor.cz \u0161pi\u010dkov\u00fd servis a dohl\u00ed\u017e\u00ed na to, aby na\u0161e procesy byly efektivn\u00ed a z\u00e1kazn\u00edci byli spokojen\u00ed nejen p\u0159i sjedn\u00e1n\u00ed nov\u00e9ho produktu, ale i kdykoliv pot\u0159ebuj\u00ed s n\u011b\u010d\u00edm pomoci. Jeho \u010dl\u00e1nky informuj\u00ed nejen o nejnov\u011bj\u0161\u00edch trendech a aktu\u00e1ln\u00edch t\u00e9matech, ale p\u0159in\u00e1\u0161\u00ed i praktick\u00e9 a zaj\u00edmav\u00e9 tipy z r\u016fzn\u00fdch oblast\u00ed b\u011b\u017en\u00e9ho \u017eivota.\",\"url\":\"https:\/\/www.srovnator.cz\/autori\/martin-straka\/\"}]}<\/script>\n<!-- \/ Yoast SEO plugin. -->","yoast_head_json":{"title":"Jak na efektivn\u00ed jarn\u00ed \u00faklid dom\u00e1cnosti - Srovn\u00e1tor.cz","description":"P\u0159\u00edchod prvn\u00edch tepl\u00fdch dn\u00ed je pro mnoh\u00e9 dom\u00e1cnosti spojen s nep\u0159\u00edjemnou povinnost\u00ed gener\u00e1ln\u00edho \u00faklidu. Porad\u00edme v\u00e1m, jak na efektivn\u00ed jarn\u00ed \u00faklid bytu.","robots":{"index":"index","follow":"follow","max-snippet":"max-snippet:-1","max-image-preview":"max-image-preview:large","max-video-preview":"max-video-preview:-1"},"canonical":"https:\/\/www.srovnator.cz\/clanky\/jak-na-efektivni-jarni-uklid-domacnosti\/","og_locale":"cs_CZ","og_type":"article","og_title":"Jak na efektivn\u00ed jarn\u00ed \u00faklid dom\u00e1cnosti - Srovn\u00e1tor.cz","og_description":"P\u0159\u00edchod prvn\u00edch tepl\u00fdch dn\u00ed je pro mnoh\u00e9 dom\u00e1cnosti spojen s nep\u0159\u00edjemnou povinnost\u00ed gener\u00e1ln\u00edho \u00faklidu. Porad\u00edme v\u00e1m, jak na efektivn\u00ed jarn\u00ed \u00faklid bytu.","og_url":"https:\/\/www.srovnator.cz\/clanky\/jak-na-efektivni-jarni-uklid-domacnosti\/","og_site_name":"Srovn\u00e1tor.cz","article_publisher":"https:\/\/www.facebook.com\/srovnator\/","article_published_time":"2023-04-13T09:43:04+00:00","article_modified_time":"2024-06-24T05:54:12+00:00","og_image":[{"width":1280,"height":850,"url":"https:\/\/storage.googleapis.com\/wp-resources\/srovnator.cz\/ng\/2023\/04\/jak-na-efektivni-jarni-uklid-domacnosti.webp","type":"image\/webp"}],"author":"Martin Straka","twitter_card":"summary_large_image","twitter_creator":"@Srovnator_czech","twitter_site":"@Srovnator_czech","twitter_misc":{"Written by":"Martin Straka","Est. reading time":"10 minutes"},"schema":{"@context":"https:\/\/schema.org","@graph":[{"@type":"WebPage","@id":"https:\/\/www.srovnator.cz\/clanky\/jak-na-efektivni-jarni-uklid-domacnosti\/","url":"https:\/\/www.srovnator.cz\/clanky\/jak-na-efektivni-jarni-uklid-domacnosti\/","name":"Jak na efektivn\u00ed jarn\u00ed \u00faklid dom\u00e1cnosti - Srovn\u00e1tor.cz","isPartOf":{"@id":"https:\/\/www.srovnator.cz\/#website"},"primaryImageOfPage":{"@id":"https:\/\/www.srovnator.cz\/clanky\/jak-na-efektivni-jarni-uklid-domacnosti\/#primaryimage"},"image":{"@id":"https:\/\/www.srovnator.cz\/clanky\/jak-na-efektivni-jarni-uklid-domacnosti\/#primaryimage"},"thumbnailUrl":"https:\/\/storage.googleapis.com\/wp-resources\/srovnator.cz\/ng\/2023\/04\/jak-na-efektivni-jarni-uklid-domacnosti.webp","datePublished":"2023-04-13T09:43:04+00:00","dateModified":"2024-06-24T05:54:12+00:00","author":{"@id":"https:\/\/www.srovnator.cz\/#\/schema\/person\/f2be3ec81eda7dd06cf658cc9aa974ff"},"description":"P\u0159\u00edchod prvn\u00edch tepl\u00fdch dn\u00ed je pro mnoh\u00e9 dom\u00e1cnosti spojen s nep\u0159\u00edjemnou povinnost\u00ed gener\u00e1ln\u00edho \u00faklidu. Porad\u00edme v\u00e1m, jak na efektivn\u00ed jarn\u00ed \u00faklid bytu.","inLanguage":"cs-CZ","potentialAction":[{"@type":"ReadAction","target":["https:\/\/www.srovnator.cz\/clanky\/jak-na-efektivni-jarni-uklid-domacnosti\/"]}]},{"@type":"ImageObject","inLanguage":"cs-CZ","@id":"https:\/\/www.srovnator.cz\/clanky\/jak-na-efektivni-jarni-uklid-domacnosti\/#primaryimage","url":"https:\/\/storage.googleapis.com\/wp-resources\/srovnator.cz\/ng\/2023\/04\/jak-na-efektivni-jarni-uklid-domacnosti.webp","contentUrl":"https:\/\/storage.googleapis.com\/wp-resources\/srovnator.cz\/ng\/2023\/04\/jak-na-efektivni-jarni-uklid-domacnosti.webp","width":1280,"height":850,"caption":"Gener\u00e1ln\u00ed \u00faklid bytu si rozd\u011blte na jednotliv\u00e9 \u00fakoly."},{"@type":"WebSite","@id":"https:\/\/www.srovnator.cz\/#website","url":"https:\/\/www.srovnator.cz\/","name":"Srovn\u00e1tor.cz","description":"","potentialAction":[{"@type":"SearchAction","target":{"@type":"EntryPoint","urlTemplate":"https:\/\/www.srovnator.cz\/?s={search_term_string}"},"query-input":{"@type":"PropertyValueSpecification","valueRequired":true,"valueName":"search_term_string"}}],"inLanguage":"cs-CZ"},{"@type":"Person","@id":"https:\/\/www.srovnator.cz\/#\/schema\/person\/f2be3ec81eda7dd06cf658cc9aa974ff","name":"Martin Straka","image":{"@type":"ImageObject","inLanguage":"cs-CZ","@id":"https:\/\/www.srovnator.cz\/#\/schema\/person\/image\/","url":"https:\/\/secure.gravatar.com\/avatar\/e91ecfaa01852a8f16b9f65e2ab5c2102d2bb71b2b029fd130ff6c5d21492f36?s=96&d=mm&r=g","contentUrl":"https:\/\/secure.gravatar.com\/avatar\/e91ecfaa01852a8f16b9f65e2ab5c2102d2bb71b2b029fd130ff6c5d21492f36?s=96&d=mm&r=g","caption":"Martin Straka"},"description":"Martin Straka je \u0159editelem klientsk\u00e9ho centra a p\u00e9\u010de o z\u00e1kazn\u00edky. Se sv\u00fdm t\u00fdmem poskytuje z\u00e1kazn\u00edk\u016fm Srovn\u00e1tor.cz \u0161pi\u010dkov\u00fd servis a dohl\u00ed\u017e\u00ed na to, aby na\u0161e procesy byly efektivn\u00ed a z\u00e1kazn\u00edci byli spokojen\u00ed nejen p\u0159i sjedn\u00e1n\u00ed nov\u00e9ho produktu, ale i kdykoliv pot\u0159ebuj\u00ed s n\u011b\u010d\u00edm pomoci. Jeho \u010dl\u00e1nky informuj\u00ed nejen o nejnov\u011bj\u0161\u00edch trendech a aktu\u00e1ln\u00edch t\u00e9matech, ale p\u0159in\u00e1\u0161\u00ed i praktick\u00e9 a zaj\u00edmav\u00e9 tipy z r\u016fzn\u00fdch oblast\u00ed b\u011b\u017en\u00e9ho \u017eivota.","url":"https:\/\/www.srovnator.cz\/autori\/martin-straka\/"}]}},"amp_enabled":true,"_links":{"self":[{"href":"https:\/\/www.srovnator.cz\/rest_api\/wp\/v2\/posts\/8610","targetHints":{"allow":["GET"]}}],"collection":[{"href":"https:\/\/www.srovnator.cz\/rest_api\/wp\/v2\/posts"}],"about":[{"href":"https:\/\/www.srovnator.cz\/rest_api\/wp\/v2\/types\/post"}],"author":[{"embeddable":true,"href":"https:\/\/www.srovnator.cz\/rest_api\/wp\/v2\/users\/7"}],"replies":[{"embeddable":true,"href":"https:\/\/www.srovnator.cz\/rest_api\/wp\/v2\/comments?post=8610"}],"version-history":[{"count":2,"href":"https:\/\/www.srovnator.cz\/rest_api\/wp\/v2\/posts\/8610\/revisions"}],"predecessor-version":[{"id":8617,"href":"https:\/\/www.srovnator.cz\/rest_api\/wp\/v2\/posts\/8610\/revisions\/8617"}],"wp:featuredmedia":[{"embeddable":true,"href":"https:\/\/www.srovnator.cz\/rest_api\/wp\/v2\/media\/8612"}],"wp:attachment":[{"href":"https:\/\/www.srovnator.cz\/rest_api\/wp\/v2\/media?parent=8610"}],"wp:term":[{"taxonomy":"category","embeddable":true,"href":"https:\/\/www.srovnator.cz\/rest_api\/wp\/v2\/categories?post=8610"},{"taxonomy":"post_tag","embeddable":true,"href":"https:\/\/www.srovnator.cz\/rest_api\/wp\/v2\/tags?post=8610"}],"curies":[{"name":"wp","href":"https:\/\/api.w.org\/{rel}","templated":true}]}}