{"id":8631,"date":"2023-04-26T09:07:58","date_gmt":"2023-04-26T07:07:58","guid":{"rendered":"https:\/\/www.srovnator.cz\/?p=8631"},"modified":"2024-06-24T07:51:29","modified_gmt":"2024-06-24T05:51:29","slug":"zakladem-bydleni-pro-seniory-je-bezbarierovy-byt","status":"publish","type":"post","link":"https:\/\/www.srovnator.cz\/clanky\/zakladem-bydleni-pro-seniory-je-bezbarierovy-byt\/","title":{"rendered":"Z\u00e1kladem bydlen\u00ed pro seniory je bezbari\u00e9rov\u00fd byt"},"content":{"rendered":"<p><strong>Bezpe\u010d\u00ed a\u00a0pohodl\u00ed hraje v\u00a0oblasti bydlen\u00ed pro\u00a0seniory v\u00fdznamnou roli. S\u00a0p\u0159ib\u00fdvaj\u00edc\u00edmi l\u00e9ty je\u00a0dobr\u00e1 psychick\u00e1 kondice d\u016fle\u017eit\u011bj\u0161\u00ed ne\u017e kdy\u00a0jindy, vhodn\u011b upraven\u00fd bezbari\u00e9rov\u00fd byt dok\u00e1\u017ee zm\u00edrnit stres a\u00a0\u00fazkost z\u00a0p\u0159\u00edpadn\u00e9ho p\u00e1du a\u00a0n\u00e1sledn\u00e9ho zran\u011bn\u00ed. Vhodn\u011b zvolen\u00fd n\u00e1bytek pro\u00a0seniory pom\u016f\u017ee jejich v\u011bt\u0161\u00ed sob\u011bsta\u010dnosti, v\u00fdchodiskem pro\u00a0jist\u011bj\u0161\u00ed a\u00a0snaz\u0161\u00ed \u017eivot i\u00a0ve\u00a0vy\u0161\u0161\u00edm v\u011bku je\u00a0bezbari\u00e9rov\u00fd byt. V\u00a0tomto \u010dl\u00e1nku v\u00e1m p\u0159in\u00e1\u0161\u00edme tipy, jak n\u00e1le\u017eit\u011b upravit bydlen\u00ed pro\u00a0seniory. <\/strong><\/p>\n<p class=\"h2 mt-3\">Obsah \u010dl\u00e1nku<\/p>\n<ul>\n<li><a href=\"#toc-co-by-mel-splnovat-bezbarierovy-byt\">Co\u00a0by\u00a0m\u011bl spl\u0148ovat bezbari\u00e9rov\u00fd byt<\/a><\/li>\n<li><a href=\"#toc-jak-uzpusobit-bydleni-pro-seniory-a-ceho-se-vyvarovat\">Jak uzp\u016fsobit bydlen\u00ed pro\u00a0seniory a\u00a0\u010deho se\u00a0vyvarovat<\/a><\/li>\n<li><a href=\"#toc-cim-nevybavit-byty-pro-seniory\">\u010c\u00edm (ne)vybavit byty pro\u00a0seniory<\/a><\/li>\n<li><a href=\"#toc-specialni-nabytek-pro-seniory-do-bytu\">Speci\u00e1ln\u00ed n\u00e1bytek pro\u00a0seniory do\u00a0bytu<\/a><\/li>\n<\/ul>\n<h2 id=\"toc-co-by-mel-splnovat-bezbarierovy-byt\" data-context=\"Co\u00a0by\u00a0m\u011bl spl\u0148ovat bezbari\u00e9rov\u00fd byt\">Co\u00a0by\u00a0m\u011bl spl\u0148ovat bezbari\u00e9rov\u00fd byt<\/h2>\n<p>Je-li pr\u00e1v\u011b te\u010f pro\u00a0v\u00e1s toto t\u00e9ma aktu\u00e1ln\u00ed a\u00a0vy \u0159e\u0161\u00edte nov\u00e9 bydlen\u00ed pro\u00a0sv\u00e9 rodi\u010de \u010di\u00a0prarodi\u010de, pak byste se\u00a0p\u0159i\u00a0v\u00fdb\u011bru a\u00a0koupi nemovitosti m\u011bli zam\u011b\u0159it hlavn\u011b na\u00a0lokalitu a\u00a0dispozice bytu. Jak by\u00a0m\u011bl vypadat <strong>bezbari\u00e9rov\u00fd byt<\/strong>? Ide\u00e1ln\u00ed bude sp\u00ed\u0161e men\u0161\u00ed byt, kter\u00fd\u00a0jednak nen\u00ed n\u00e1ro\u010dn\u00fd na\u00a0\u00faklid a\u00a0jednak p\u016fsob\u00ed \u00fatuln\u00fdm a\u00a0ne tak\u00a0pr\u00e1zdn\u00fdm dojmem. Byt by\u00a0se\u00a0m\u011bl nach\u00e1zet <strong>v\u00a0klidn\u00e9 a\u00a0hlavn\u011b bezpe\u010dn\u00e9 \u010d\u00e1sti m\u011bsta<\/strong>, v\u017edy\u0165 senio\u0159i b\u00fdvaj\u00ed \u010dasto ob\u011b\u0165mi r\u016fzn\u00fdch krimin\u00e1ln\u00edch \u017eivl\u016f.<\/p>\n<p>Byt vyb\u00edrejte pokud mo\u017eno co\u00a0nejbl\u00ed\u017ee slu\u017eb\u00e1m, kter\u00e9\u00a0star\u0161\u00ed lid\u00e9 ocen\u00ed nejv\u00edce, jako t\u0159eba obchod, zast\u00e1vka MHD, kade\u0159n\u00edk, l\u00e9ka\u0159, park nebo divadlo. Cel\u00fd d\u016fm by\u00a0m\u011bl b\u00fdt rovn\u011b\u017e vybaven v\u00fdtahem, i\u00a0tak\u00a0ale rad\u011bji jako byty pro\u00a0seniory volte ty v\u00a0ni\u017e\u0161\u00edch patrech. P\u0159eci jen\u00a0v\u00fdtah se\u00a0\u010das od\u00a0\u010dasu porouch\u00e1. Nej\u010dast\u011bj\u0161\u00edmi p\u0159ek\u00e1\u017ekami bezbari\u00e9rovosti v\u00a0bytech jsou:<\/p>\n<ul>\n<li><strong>Schody<\/strong> \u2013 i\u00a0dva mal\u00e9 sch\u016fdky do\u00a0bytu nebo mezi m\u00edstnostmi mohou b\u00fdt v\u00a0pokro\u010dil\u00e9m v\u011bku probl\u00e9m.<\/li>\n<li><strong>\u00dazk\u00e9 dve\u0159e<\/strong> \u2013 komplikace v\u00a0p\u0159\u00edpad\u011b nutnosti pou\u017e\u00edvat invalidn\u00ed voz\u00edk.<\/li>\n<li><strong>Prahy \u010di\u00a0vyv\u00fd\u0161en\u00e9 podlahy<\/strong> \u2013 tvo\u0159\u00ed p\u0159ek\u00e1\u017eku invalidn\u00edmu voz\u00edku a\u00a0lze p\u0159es n\u011b lehce zakopnout.<\/li>\n<\/ul>\n<p>Nach\u00e1z\u00ed-li se\u00a0v\u00a0byt\u011b by\u0165 jen\u00a0jedna z\u00a0t\u011bchto p\u0159ek\u00e1\u017eek, bude pravd\u011bpodobn\u011b zapot\u0159eb\u00ed prov\u00e9st men\u0161\u00ed <strong>stavebn\u00ed \u00fapravy<\/strong>. A\u0165 u\u017e takov\u00e9, kter\u00e9\u00a0p\u0159ek\u00e1\u017eku odstran\u00ed \u00fapln\u011b nebo ve\u00a0form\u011b instalace za\u0159\u00edzen\u00ed, kter\u00e9\u00a0s\u00a0p\u0159ekon\u00e1n\u00edm bari\u00e9ry pom\u016f\u017ee. V\u017edy je\u00a0lep\u0161\u00ed konzultovat zam\u00fd\u0161len\u00e9 \u00fapravy se\u00a0specializovanou firmou a\u00a0navrhnout individu\u00e1ln\u00ed \u0159e\u0161en\u00ed.<\/p>\n<img decoding=\"async\" width=\"770\" height=\"513\" src=\"https:\/\/storage.googleapis.com\/wp-resources\/srovnator.cz\/ng\/2023\/04\/zakladem-bydleni-pro-seniory-je-bezbarierovy-byt2-770x513.webp\" class=\" wp-post-image wp-stateless-item\" alt=\"Z\u00e1kladem bydlen\u00ed pro seniory je bezbari\u00e9rov\u00fd byt\" title=\"Z\u00e1kladem bydlen\u00ed pro seniory je bezbari\u00e9rov\u00fd byt\" srcset=\"https:\/\/storage.googleapis.com\/wp-resources\/srovnator.cz\/ng\/2023\/04\/zakladem-bydleni-pro-seniory-je-bezbarierovy-byt2-770x513.webp 770w, https:\/\/storage.googleapis.com\/wp-resources\/srovnator.cz\/ng\/2023\/04\/zakladem-bydleni-pro-seniory-je-bezbarierovy-byt2-1700x1134.webp 1700w, https:\/\/storage.googleapis.com\/wp-resources\/srovnator.cz\/ng\/2023\/04\/zakladem-bydleni-pro-seniory-je-bezbarierovy-byt2.webp 1999w\" sizes=\"(max-width: 770px) 100vw, 770px\" data-image-size=\"medium\" data-stateless-media-bucket=\"wp-resources\" data-stateless-media-name=\"srovnator.cz\/ng\/2023\/04\/zakladem-bydleni-pro-seniory-je-bezbarierovy-byt2.webp\" \/><div class=\"small mb-4 mt-2 text-center\">Z\u00e1kladem pohodln\u00e9ho bydlen\u00ed pro seniory je bezbari\u00e9rov\u00fd byt.<\/div>\n<h2 id=\"toc-jak-uzpusobit-bydleni-pro-seniory-a-ceho-se-vyvarovat\" data-context=\"Jak uzp\u016fsobit bydlen\u00ed pro\u00a0seniory a\u00a0\u010deho se\u00a0vyvarovat\">Jak uzp\u016fsobit bydlen\u00ed pro\u00a0seniory a\u00a0\u010deho se\u00a0vyvarovat<\/h2>\n<p>P\u0159i\u00a0za\u0159izov\u00e1n\u00ed bydlen\u00ed pro\u00a0seniory omezte n\u00e1bytek s\u00a0ostr\u00fdmi rohy, n\u00e1bytek s\u00e1m o\u00a0sob\u011b by\u00a0nem\u011bl br\u00e1nit v\u00a0pohybu. Vemte v\u00a0potaz, \u017ee\u00a0star\u0161\u00ed \u010dlov\u011bk mnohdy pot\u0159ebuje k\u00a0pohybu berle nebo chod\u00edtko, pr\u016fchod kolem n\u00e1bytku by\u00a0m\u011bl b\u00fdt \u0161ir\u0161\u00ed ne\u017e pro\u00a0\u010dlov\u011bka chod\u00edc\u00edho bez opory. Zredukujte rovn\u011b\u017e r\u016fzn\u00e9 mal\u00e9 kobere\u010dky, u\u00a0kter\u00fdch, stejn\u011b jako u\u00a0prah\u016f a\u00a0vyv\u00fd\u0161en\u00fdch podlah, hroz\u00ed zakopnut\u00ed. Podlahu zvolte takovou, kter\u00e1\u00a0je\u00a0snadn\u00e1 na\u00a0\u00fadr\u017ebu.<\/p>\n<p><strong>Dve\u0159e<\/strong> by\u00a0v\u00a0p\u0159\u00edpad\u011b, \u017ee\u00a0v\u00a0byt\u011b bydl\u00ed \u010dlov\u011bk pou\u017e\u00edvaj\u00edc\u00ed invalidn\u00ed voz\u00edk, m\u011bly m\u00edt \u0161\u00ed\u0159i min. 100\u00a0cm, kliku um\u00edst\u011bte na\u00a0dve\u0159e o\u00a0n\u011bco n\u00ed\u017ee. Jako lo\u017enici zvolte v\u011bt\u0161\u00ed pokoj v\u00a0byt\u011b, aby\u00a0byla postel p\u0159\u00edstupn\u00e1 ze\u00a0t\u0159\u00ed stran.<\/p>\n<p>Obecn\u011b pat\u0159\u00ed mezi nejnebezpe\u010dn\u011bj\u0161\u00ed m\u00edstnosti v\u00a0dom\u00e1cnostech koupelny. Byty pro\u00a0seniory je\u00a0vhodn\u011bj\u0161\u00ed vybavit sprchov\u00fdm koutem, nikoliv tedy vanou. Do\u00a0sprchov\u00e9ho koutu ide\u00e1ln\u011b p\u0159idejte madla na\u00a0p\u0159idr\u017een\u00ed a\u00a0sed\u00e1tko, protiskluzov\u00fd povrch je\u00a0samoz\u0159ejmost\u00ed.<\/p>\n<h2 id=\"toc-cim-nevybavit-byty-pro-seniory\" data-context=\"\u010c\u00edm (ne)vybavit byty pro\u00a0seniory\">\u010c\u00edm (ne)vybavit byty pro\u00a0seniory<\/h2>\n<p>Co\u00a0by\u00a0se\u00a0v\u00a0bytech pro\u00a0star\u0161\u00ed osoby vyskytovat nem\u011blo, jsou r\u016fzn\u00e9 druhy elektrick\u00fdch p\u0159\u00edmotop\u016f, nezakryt\u00e9 radi\u00e1tory \u010di\u00a0kam\u00ednka na\u00a0tuh\u00e1 paliva. U\u00a0v\u0161ech t\u011bchto typ\u016f hroz\u00ed bu\u010f pop\u00e1len\u00ed, nebo riziko vzniku po\u017e\u00e1ru. \u017d\u00e1douc\u00ed jsou naopak elektrick\u00e9 spot\u0159ebi\u010de s\u00a0\u010dasov\u00fdm sp\u00edna\u010dem, kter\u00e9\u00a0se\u00a0p\u0159i\u00a0ne\u010dinnosti automaticky vypnou. Pro\u00a0v\u0161echny p\u0159\u00edpady m\u011bjte sjednan\u00e9 <a href=\"https:\/\/www.srovnator.cz\/pojisteni-domacnosti\/\">poji\u0161t\u011bn\u00ed dom\u00e1cnosti<\/a>, kter\u00e9\u00a0v\u00e1m pokryje \u0161kody na\u00a0majetku zp\u016fsoben\u00e9 mimo jin\u00e9 i\u00a0po\u017e\u00e1rem.<\/p>\n<p>Hodn\u011b \u010dasu tr\u00e1v\u00ed senio\u0159i v\u00a0<strong>kuchyni<\/strong>, ta\u00a0by\u00a0k\u00a0tomu proto m\u011bla b\u00fdt vhodn\u011b za\u0159\u00edzen\u00e1. Troubu na\u00a0pe\u010den\u00ed nebo mikrovlnku je\u00a0vhodn\u011bj\u0161\u00ed um\u00edstit do\u00a0v\u00fd\u0161e zhruba 110\u00a0cm, tak\u00a0se\u00a0daj\u00ed pohodln\u011b ovl\u00e1dat i\u00a0ze\u00a0sedu. Velkou pozornost v\u011bnujte skladovac\u00edm prostor\u016fm. Ide\u00e1ln\u00ed jsou <strong>vyj\u00ed\u017ed\u011bj\u00edc\u00ed<\/strong> <strong>z\u00e1suvky<\/strong>, \u010dlov\u011bk tak\u00a0nemus\u00ed slo\u017eit\u011b lovit v\u011bci na\u00a0va\u0159en\u00ed ze\u00a0zadn\u00ed \u010d\u00e1sti. \u00dapln\u011b vynechte poli\u010dky um\u00edst\u011bn\u00e9 p\u0159\u00edli\u0161 vysoko, do\u00a0kter\u00fdch by\u00a0se\u00a0u\u017eivatel bytu musel dost\u00e1vat pomoc\u00ed \u017eidli\u010dky. V\u011bci, kter\u00e9\u00a0se\u00a0v\u00a0kuchyni pou\u017e\u00edvaj\u00ed nejv\u00edc, vyrovnejte do\u00a0sk\u0159\u00edn\u011bk v\u00a0\u00farovni o\u010d\u00ed, naopak do\u00a0spodn\u00edch sk\u0159\u00edn\u011bk pat\u0159\u00ed n\u00e1dob\u00ed, kter\u00e9\u00a0se\u00a0uplatn\u00ed jen\u00a0z\u0159\u00eddkakdy.<\/p>\n<p><strong>Postel<\/strong>, ide\u00e1ln\u011b s\u00a0polohovac\u00edm ro\u0161tem, by\u00a0m\u011bla b\u00fdt vy\u0161\u0161\u00ed, aby\u00a0se\u00a0z\u00a0n\u00ed pohodln\u011bji vst\u00e1valo a\u00a0bez \u00falo\u017en\u00e9ho prostoru, kter\u00fd\u00a0br\u00e1n\u00ed \u201czakro\u010den\u00ed\u201d nohy p\u0159i\u00a0vst\u00e1v\u00e1n\u00ed z\u00a0postele.<\/p>\n<p>Stejn\u00e9 pravidlo aplikujte i\u00a0pro\u00a0<strong>toaletu<\/strong> a\u00a0<strong>b\u011b\u017en\u00fd n\u00e1bytek<\/strong> pro\u00a0seniory do\u00a0bytu, z\u00a0vy\u0161\u0161\u00ed \u017eidle, pohovky \u010di\u00a0k\u0159esla a\u00a0bez \u00falo\u017en\u00e9ho prostoru se\u00a0vst\u00e1v\u00e1 mnohem l\u00e9pe. Tento n\u00e1bytek by\u00a0m\u011bl b\u00fdt vybaven op\u011brkami, toaleta op\u011brn\u00fdmi madly.<\/p>\n<p><img decoding=\"async\" class=\"alignnone size-medium wp-image-8634\" src=\"https:\/\/storage.googleapis.com\/wp-resources\/srovnator.cz\/ng\/2023\/04\/zakladem-bydleni-pro-seniory-je-bezbarierovy-byt-770x513.webp\" alt=\"Byty pro seniory by m\u011bly b\u00fdt uzp\u016fsobeny i pro p\u0159\u00edpad nutnosti pou\u017e\u00edvat invalidn\u00ed voz\u00edk.\" width=\"770\" height=\"513\" srcset=\"https:\/\/storage.googleapis.com\/wp-resources\/srovnator.cz\/ng\/2023\/04\/zakladem-bydleni-pro-seniory-je-bezbarierovy-byt-770x513.webp 770w, https:\/\/storage.googleapis.com\/wp-resources\/srovnator.cz\/ng\/2023\/04\/zakladem-bydleni-pro-seniory-je-bezbarierovy-byt.webp 1280w\" sizes=\"(max-width: 770px) 100vw, 770px\" \/><br \/>\n<span class=\"small d-block mb-3 text-center\">Byty pro\u00a0seniory by\u00a0m\u011bly b\u00fdt uzp\u016fsobeny i\u00a0pro\u00a0p\u0159\u00edpad nutnosti pou\u017e\u00edvat invalidn\u00ed voz\u00edk.<\/span><\/p>\n<h2 id=\"toc-specialni-nabytek-pro-seniory-do-bytu\" data-context=\"Speci\u00e1ln\u00ed n\u00e1bytek pro\u00a0seniory do\u00a0bytu\">Speci\u00e1ln\u00ed n\u00e1bytek pro\u00a0seniory do\u00a0bytu<\/h2>\n<p>V\u00a0dne\u0161n\u00ed dob\u011b je\u00a0na\u00a0trhu pom\u011brn\u011b velk\u00e9 mno\u017estv\u00ed r\u016fzn\u00fdch typ\u016f speci\u00e1ln\u011b upraven\u00fdch pom\u016fcek pro\u00a0osoby s\u00a0omezenou pohyblivost\u00ed. Tyto pom\u016fcky jsou bezpe\u010dn\u00e9 a\u00a0ergonomick\u00e9 a\u00a0vyroben\u00e9 z\u00a0pevn\u00fdch a\u00a0kvalitn\u00edch materi\u00e1l\u016f. P\u0159i\u00a0p\u00e9\u010di o\u00a0\u010dlov\u011bka s\u00a0hor\u0161\u00ed pohyblivost\u00ed tyto pom\u016fcky jist\u011b ocen\u00edte.<\/p>\n<h3>\u017didle do\u00a0sprchy pro\u00a0seniory<\/h3>\n<p>\u017didle do\u00a0sprchy pro\u00a0seniory slou\u017e\u00ed ke\u00a0snaz\u0161\u00ed hygien\u011b prov\u00e1d\u011bn\u00e9 v\u00a0koupeln\u011b. Sed\u00e1tko lze bu\u010f p\u0159ipevnit do\u00a0zdi a\u00a0t\u00edm p\u00e1dem se\u00a0d\u00e1t sklopit, nebo ho lze po\u0159\u00eddit jako samostatnou \u017eidli. Jednotliv\u00e9 \u017eidle se\u00a0li\u0161\u00ed velikost\u00ed, existenc\u00ed madel a\u00a0v\u00fd\u0161kou. N\u011bkter\u00e9 z\u00a0nich jsou rovn\u011b\u017e vybaveny v\u00fd\u0159ezem v\u00a0sedadlov\u00e9 \u010d\u00e1sti pro\u00a0lep\u0161\u00ed hygienu.<\/p>\n<h3>Polohovac\u00ed k\u0159eslo pro\u00a0seniory<\/h3>\n<p>Relaxa\u010dn\u00ed polohovac\u00ed k\u0159eslo pro\u00a0seniory poskytne pohodl\u00ed i\u00a0t\u011bm, kte\u0159\u00ed maj\u00ed probl\u00e9m s\u00a0pohybov\u00fdm apar\u00e1tem. N\u011bkter\u00e1 z\u00a0nich maj\u00ed krom\u011b funkce mas\u00e1\u017ee i\u00a0vyh\u0159\u00edv\u00e1n\u00ed a\u00a0houp\u00e1n\u00ed a\u00a0lze se\u00a0s\u00a0nimi ot\u00e1\u010det kolem dokola.<\/p>\n<h3>Polohovac\u00ed postel<\/h3>\n<p>D\u00edky polohovac\u00ed posteli se\u00a0\u010d\u00e1ste\u010dn\u011b zv\u00fd\u0161\u00ed sob\u011bsta\u010dnost jej\u00edho u\u017eivatele, d\u00edky elektricky ovl\u00e1dan\u00e9mu ro\u0161tu si toti\u017e s\u00e1m m\u016f\u017ee zm\u011bnit polohu na\u00a0l\u016f\u017eku. T\u00edm uleh\u010d\u00ed pr\u00e1ci osob\u011b, kter\u00e1\u00a0o\u00a0n\u011bj pe\u010duje. Sou\u010d\u00e1st\u00ed polohovac\u00ed postele by\u00a0m\u011bla b\u00fdt antidekubitn\u00ed matrace, tedy matrace, kter\u00e1\u00a0br\u00e1n\u00ed vzniku prole\u017eenin a\u00a0hrazda, d\u00edky kter\u00e9\u00a0lze z\u00a0postele sn\u00e1z vst\u00e1t.<\/p>\n<h2>Nej\u010dast\u011bji kladen\u00e9 ot\u00e1zky \u2013 FAQ<\/h2>\n<div class=\"accordion faq \" id=\"accon0\">\n<div class=\"accordion-item\">\n        <h3 class=\"accordion-header \" id=\"head-97453\">\n            <button class=\"accordion-button align-items-start collapsed\" type=\"button\" data-bs-toggle=\"collapse\" data-bs-target=\"#item-80853\" aria-expanded=\"true\" aria-controls=\"item-80853\">\n            Jak za\u0159\u00eddit byt pro seniory?\n            <\/button>\n        <\/h3>\n        <div id=\"item-80853\" class=\"accordion-collapse collapse \" aria-labelledby=\"head-97453\" data-bs-parent=\"#accon0\">\n            <div class=\"accordion-body\">\nByty pro\u00a0seniory by\u00a0m\u011bly b\u00fdt sp\u00ed\u0161e men\u0161\u00ed, aby\u00a0byly snaz\u0161\u00ed na\u00a0\u00faklid, na\u00a0klidn\u00e9m a\u00a0bezpe\u010dn\u00e9m m\u00edst\u011b. Ide\u00e1ln\u00edm bytem pro\u00a0\u010dlov\u011bka s\u00a0omezen\u00edm pohybu je\u00a0bezbari\u00e9rov\u00fd byt, tedy byt bez schod\u016f, prah\u016f, vyv\u00fd\u0161en\u00fdch podlah a\u00a0s\u00a0\u0161ir\u0161\u00edmi dve\u0159mi pro\u00a0p\u0159\u00edpad, \u017ee\u00a0doty\u010dn\u00fd pou\u017e\u00edv\u00e1 invalidn\u00ed voz\u00edk. Mezi n\u00e1bytkem by\u00a0m\u011bl b\u00fdt ponech\u00e1n prostor, aby\u00a0se\u00a0v\u00a0m\u00edstnostech dob\u0159e chodilo i\u00a0s\u00a0berlemi nebo hol\u00ed. Koupelna by\u00a0m\u011bla b\u00fdt vybavena sprchov\u00fdm koutem se\u00a0sed\u00e1tkem a\u00a0madly na\u00a0p\u0159idr\u017een\u00ed, madla by\u00a0m\u011bla b\u00fdt i\u00a0u\u00a0zv\u00fd\u0161en\u00e9 toalety. Byt je\u00a0vhodn\u00e9 vybavit vy\u0161\u0161\u00edmi \u017eidlemi, k\u0159esly \u010di\u00a0pohovkou s\u00a0op\u011brkami, d\u00edky tomu se\u00a0bude star\u0161\u00edmu \u010dlov\u011bku dob\u0159e vst\u00e1vat. V\u00a0byt\u011b nenech\u00e1vejte elektrick\u00e9 p\u0159\u00edmotopy, kam\u00ednka na\u00a0tuh\u00e1 paliva nebo nezakryt\u00e9 radi\u00e1tory. U\u00a0v\u0161ech t\u011bchto typ\u016f oh\u0159evu hroz\u00ed bu\u010f riziko pop\u00e1len\u00ed, nebo vzniku po\u017e\u00e1ru. Ani v\u00a0t\u011bchto bytech nezapom\u00ednejte na\u00a0gener\u00e1ln\u00ed \u00faklid. Porad\u00edme v\u00e1m, <a href=\"https:\/\/www.srovnator.cz\/clanky\/jak-na-efektivni-jarni-uklid-domacnosti\/\">jak efektivn\u011b uklidit dom\u00e1cnost<\/a>.<br \/>\n<\/div>\n        <\/div>\n    <\/div>\n<div class=\"accordion-item\">\n        <h3 class=\"accordion-header \" id=\"head-14554\">\n            <button class=\"accordion-button align-items-start collapsed\" type=\"button\" data-bs-toggle=\"collapse\" data-bs-target=\"#item-60408\" aria-expanded=\"true\" aria-controls=\"item-60408\">\n            Jak uzp\u016fsobit koupelnu pro seniora?\n            <\/button>\n        <\/h3>\n        <div id=\"item-60408\" class=\"accordion-collapse collapse \" aria-labelledby=\"head-14554\" data-bs-parent=\"#accon0\">\n            <div class=\"accordion-body\">\nDo\u00a0koupelny rad\u011bji zvolte sprchov\u00fd kout, do\u00a0a\u00a0z\u00a0vany se\u00a0h\u016f\u0159e dost\u00e1v\u00e1. Z\u00e1kladem bezpe\u010d\u00ed a\u00a0pohodl\u00ed jsou madla um\u00edst\u011bna jak ve\u00a0sprchov\u00e9m kout\u011b, tak\u00a0u\u00a0toalety. Ve\u00a0sprchov\u00e9m koutu najde jist\u011b sv\u00e9 opodstatn\u011bn\u00ed \u017eidle do\u00a0sprchy pro\u00a0seniory, bu\u010f stoj\u00edc\u00ed samostatn\u011b, nebo vykl\u00e1p\u011bc\u00ed. Samoz\u0159ejmost\u00ed je\u00a0neklouzav\u00fd povrch. Koupelna by\u00a0m\u011bla b\u00fdt prostorn\u00e1, aby\u00a0se\u00a0v\u00a0n\u00ed dob\u0159e manipulovalo s\u00a0invalidn\u00edm voz\u00edkem, berlemi \u010di\u00a0hol\u00ed. Bydlen\u00ed pro\u00a0seniory by\u00a0m\u011blo b\u00fdt bezpe\u010dn\u00e9 a\u00a0pohodln\u00e9, <a href=\"https:\/\/www.srovnator.cz\/clanky\/idealni-vlhkost-v-byte-a-jak-ji-dosahnout\/\">dbejte i\u00a0na\u00a0spr\u00e1vnou vlhkost v\u00a0byt\u011b<\/a>.<br \/>\n<\/div>\n        <\/div>\n    <\/div>\n<div class=\"accordion-item\">\n        <h3 class=\"accordion-header \" id=\"head-21141\">\n            <button class=\"accordion-button align-items-start collapsed\" type=\"button\" data-bs-toggle=\"collapse\" data-bs-target=\"#item-5227\" aria-expanded=\"true\" aria-controls=\"item-5227\">\n            Jak na bezpe\u010dnou kuchy\u0148?\n            <\/button>\n        <\/h3>\n        <div id=\"item-5227\" class=\"accordion-collapse collapse \" aria-labelledby=\"head-21141\" data-bs-parent=\"#accon0\">\n            <div class=\"accordion-body\">\nNebezpe\u010d\u00ed nejen pro\u00a0star\u0161\u00ed lidi p\u0159edstavuje kuchy\u0148, velice jednodu\u0161e zde m\u016f\u017ee doj\u00edt k\u00a0pop\u00e1len\u00ed \u010di\u00a0k\u00a0po\u017e\u00e1ru kv\u016fli nevypnut\u00e9 plot\u00fdnce. Vhodn\u00e9 je\u00a0kuchy\u0148 vybavit spot\u0159ebi\u010di s\u00a0pojistkami, kter\u00e9\u00a0za\u0159\u00edzen\u00ed po\u00a0ur\u010dit\u00e9 dob\u011b samy vypnou, \u010di\u00a0alespo\u0148 u\u017eivatele zvukov\u00fdm sign\u00e1lem upozorn\u00ed. P\u0159i\u00a0za\u0159izov\u00e1n\u00ed bytu zva\u017ete, zda by\u00a0v\u00a0n\u011bm na\u0161ly vyu\u017eit\u00ed n\u011bkter\u00e9 prvky tzv. chytr\u00e9 dom\u00e1cnosti. V\u00edce se\u00a0o\u00a0n\u00ed dozv\u00edte <a href=\"https:\/\/www.srovnator.cz\/clanky\/chytry-zamek-zvysi-bezpecnost-vaseho-domova\/\">v\u00a0tomto \u010dl\u00e1nku<\/a>.<br \/>\n<\/div>\n        <\/div>\n    <\/div>\n<\/div>\n","protected":false},"excerpt":{"rendered":"<p>D\u0159\u00edve b\u011b\u017en\u00e9 \u010dinnosti se s p\u0159ib\u00fdvaj\u00edc\u00edm v\u011bkem mnohdy st\u00e1vaj\u00ed p\u0159ek\u00e1\u017ekou v ka\u017edodenn\u00edm \u017eivot\u011b. Z\u00e1kladem \u00fapravy bydlen\u00ed pro seniory je bezbari\u00e9rov\u00fd byt.<\/p>\n","protected":false},"author":6,"featured_media":8633,"comment_status":"closed","ping_status":"open","sticky":false,"template":"","format":"standard","meta":{"_acf_changed":false,"footnotes":""},"categories":[5],"tags":[1045,576,574],"class_list":["post-8631","post","type-post","status-publish","format-standard","has-post-thumbnail","hentry","category-pojisteni-majetku","tag-bydleni","tag-seniori","tag-zdravotni-pece"],"acf":{"znacka":"","model":"","objem":"","vyrobeno":"","vykon":"","velikost_1":"","velikost_2":"","velikost_3":"","velikost_4":"","roky":"","roky_velikost_1":"","roky_velikost_2":"","roky_velikost_3":"","roky_velikost_4":"","pocet_kalkulaci":0,"page_post_meta_bread":"","page_post_meta_bread_child":"","page_post_meta_script_head":"<script type=\"application\/ld+json\">\r\n    {\r\n        \"@context\": \"https:\/\/schema.org\",\r\n        \"@type\": \"FAQPage\",\r\n        \"mainEntity\": [{\r\n            \"@type\": \"Question\",\r\n            \"name\": \"Jak za\u0159\u00eddit byt pro seniory?\",\r\n            \"acceptedAnswer\": {\r\n                \"@type\": \"Answer\",\r\n                \"text\": \"Byty pro seniory by m\u011bly b\u00fdt sp\u00ed\u0161e men\u0161\u00ed, aby byly snaz\u0161\u00ed na \u00faklid, na klidn\u00e9m a bezpe\u010dn\u00e9m m\u00edst\u011b. Ide\u00e1ln\u00edm bytem pro \u010dlov\u011bka s omezen\u00edm pohybu je bezbari\u00e9rov\u00fd byt, tedy byt bez schod\u016f, prah\u016f, vyv\u00fd\u0161en\u00fdch podlah a s \u0161ir\u0161\u00edmi dve\u0159mi pro p\u0159\u00edpad, \u017ee doty\u010dn\u00fd pou\u017e\u00edv\u00e1 invalidn\u00ed voz\u00edk. Mezi n\u00e1bytkem by m\u011bl b\u00fdt ponech\u00e1n prostor, aby se v m\u00edstnostech dob\u0159e chodilo i s berlemi nebo hol\u00ed. Koupelna by m\u011bla b\u00fdt vybavena sprchov\u00fdm koutem se sed\u00e1tkem a madly na p\u0159idr\u017een\u00ed, madla by m\u011bla b\u00fdt i u zv\u00fd\u0161en\u00e9 toalety. Byt je vhodn\u00e9 vybavit vy\u0161\u0161\u00edmi \u017eidlemi, k\u0159esly \u010di pohovkou s op\u011brkami, d\u00edky tomu se bude star\u0161\u00edmu \u010dlov\u011bku dob\u0159e vst\u00e1vat. V byt\u011b nenech\u00e1vejte elektrick\u00e9 p\u0159\u00edmotopy, kam\u00ednka na tuh\u00e1 paliva nebo nezakryt\u00e9 radi\u00e1tory. U v\u0161ech t\u011bchto typ\u016f oh\u0159evu hroz\u00ed bu\u010f riziko pop\u00e1len\u00ed, nebo vzniku po\u017e\u00e1ru. Ani v t\u011bchto bytech nezapom\u00ednejte na gener\u00e1ln\u00ed \u00faklid. Porad\u00edme v\u00e1m, <a href='https:\/\/www.srovnator.cz\/clanky\/jak-na-efektivni-jarni-uklid-domacnosti\/'>jak efektivn\u011b uklidit dom\u00e1cnost<\/a>.\"\r\n                }\r\n            }, {\r\n            \"@type\": \"Question\",\r\n            \"name\": \"Jak uzp\u016fsobit koupelnu pro seniora?\",\r\n            \"acceptedAnswer\": {\r\n                \"@type\": \"Answer\",\r\n                \"text\": \"Do koupelny rad\u011bji zvolte sprchov\u00fd kout, do a z vany se h\u016f\u0159e dost\u00e1v\u00e1. Z\u00e1kladem bezpe\u010d\u00ed a pohodl\u00ed jsou madla um\u00edst\u011bna jak ve sprchov\u00e9m kout\u011b, tak u toalety. Ve sprchov\u00e9m koutu najde jist\u011b sv\u00e9 opodstatn\u011bn\u00ed \u017eidle do sprchy pro seniory, bu\u010f stoj\u00edc\u00ed samostatn\u011b, nebo vykl\u00e1p\u011bc\u00ed. Samoz\u0159ejmost\u00ed je neklouzav\u00fd povrch. Koupelna by m\u011bla b\u00fdt prostorn\u00e1, aby se v n\u00ed dob\u0159e manipulovalo s invalidn\u00edm voz\u00edkem, berlemi \u010di hol\u00ed. Bydlen\u00ed pro seniory by m\u011blo b\u00fdt bezpe\u010dn\u00e9 a pohodln\u00e9, <a href='https:\/\/www.srovnator.cz\/clanky\/idealni-vlhkost-v-byte-a-jak-ji-dosahnout\/'>dbejte i na spr\u00e1vnou vlhkost v byt\u011b<\/a>.\"\r\n                }\r\n            }, {\r\n            \"@type\": \"Question\",\r\n            \"name\": \"Jak na bezpe\u010dnou kuchy\u0148?\",\r\n            \"acceptedAnswer\": {\r\n                \"@type\": \"Answer\",\r\n                \"text\": \"Nebezpe\u010d\u00ed nejen pro star\u0161\u00ed lidi p\u0159edstavuje kuchy\u0148, velice jednodu\u0161e zde m\u016f\u017ee doj\u00edt k pop\u00e1len\u00ed \u010di k po\u017e\u00e1ru kv\u016fli nevypnut\u00e9 plot\u00fdnce. Vhodn\u00e9 je kuchy\u0148 vybavit spot\u0159ebi\u010di s pojistkami, kter\u00e9 za\u0159\u00edzen\u00ed po ur\u010dit\u00e9 dob\u011b samy vypnou, \u010di alespo\u0148 u\u017eivatele zvukov\u00fdm sign\u00e1lem upozorn\u00ed. P\u0159i za\u0159izov\u00e1n\u00ed bytu zva\u017ete, zda by v n\u011bm na\u0161ly vyu\u017eit\u00ed n\u011bkter\u00e9 prvky tzv. chytr\u00e9 dom\u00e1cnosti. V\u00edce se o n\u00ed dozv\u00edte <a href='https:\/\/www.srovnator.cz\/clanky\/chytry-zamek-zvysi-bezpecnost-vaseho-domova\/'>v tomto \u010dl\u00e1nku<\/a>.\"\r\n                }\r\n            }\r\n        ]\r\n    }\r\n<\/script>","page_post_meta_leaving_screen":"cat"},"yoast_head":"<!-- This site is optimized with the Yoast SEO plugin v25.5 - https:\/\/yoast.com\/wordpress\/plugins\/seo\/ -->\n<title>Z\u00e1kladem bydlen\u00ed pro seniory je bezbari\u00e9rov\u00fd byt - Srovn\u00e1tor.cz<\/title>\n<meta name=\"description\" content=\"D\u0159\u00edve b\u011b\u017en\u00e9 \u010dinnosti se s p\u0159ib\u00fdvaj\u00edc\u00edm v\u011bkem mnohdy st\u00e1vaj\u00ed p\u0159ek\u00e1\u017ekou v ka\u017edodenn\u00edm \u017eivot\u011b. Z\u00e1kladem \u00fapravy bydlen\u00ed pro seniory je bezbari\u00e9rov\u00fd byt.\" \/>\n<meta name=\"robots\" content=\"index, follow, max-snippet:-1, max-image-preview:large, max-video-preview:-1\" \/>\n<link rel=\"canonical\" href=\"https:\/\/www.srovnator.cz\/clanky\/zakladem-bydleni-pro-seniory-je-bezbarierovy-byt\/\" \/>\n<meta property=\"og:locale\" content=\"cs_CZ\" \/>\n<meta property=\"og:type\" content=\"article\" \/>\n<meta property=\"og:title\" content=\"Z\u00e1kladem bydlen\u00ed pro seniory je bezbari\u00e9rov\u00fd byt - Srovn\u00e1tor.cz\" \/>\n<meta property=\"og:description\" content=\"D\u0159\u00edve b\u011b\u017en\u00e9 \u010dinnosti se s p\u0159ib\u00fdvaj\u00edc\u00edm v\u011bkem mnohdy st\u00e1vaj\u00ed p\u0159ek\u00e1\u017ekou v ka\u017edodenn\u00edm \u017eivot\u011b. Z\u00e1kladem \u00fapravy bydlen\u00ed pro seniory je bezbari\u00e9rov\u00fd byt.\" \/>\n<meta property=\"og:url\" content=\"https:\/\/www.srovnator.cz\/clanky\/zakladem-bydleni-pro-seniory-je-bezbarierovy-byt\/\" \/>\n<meta property=\"og:site_name\" content=\"Srovn\u00e1tor.cz\" \/>\n<meta property=\"article:publisher\" content=\"https:\/\/www.facebook.com\/srovnator\/\" \/>\n<meta property=\"article:published_time\" content=\"2023-04-26T07:07:58+00:00\" \/>\n<meta property=\"article:modified_time\" content=\"2024-06-24T05:51:29+00:00\" \/>\n<meta property=\"og:image\" content=\"https:\/\/storage.googleapis.com\/wp-resources\/srovnator.cz\/ng\/2023\/04\/zakladem-bydleni-pro-seniory-je-bezbarierovy-byt2.webp\" \/>\n\t<meta property=\"og:image:width\" content=\"1999\" \/>\n\t<meta property=\"og:image:height\" content=\"1333\" \/>\n\t<meta property=\"og:image:type\" content=\"image\/webp\" \/>\n<meta name=\"author\" content=\"Tom\u00e1\u0161 Mina\u0159\u00edk\" \/>\n<meta name=\"twitter:card\" content=\"summary_large_image\" \/>\n<meta name=\"twitter:creator\" content=\"@Srovnator_czech\" \/>\n<meta name=\"twitter:site\" content=\"@Srovnator_czech\" \/>\n<meta name=\"twitter:label1\" content=\"Written by\" \/>\n\t<meta name=\"twitter:data1\" content=\"Tom\u00e1\u0161 Mina\u0159\u00edk\" \/>\n\t<meta name=\"twitter:label2\" content=\"Est. reading time\" \/>\n\t<meta name=\"twitter:data2\" content=\"9 minutes\" \/>\n<script type=\"application\/ld+json\" class=\"yoast-schema-graph\">{\"@context\":\"https:\/\/schema.org\",\"@graph\":[{\"@type\":\"WebPage\",\"@id\":\"https:\/\/www.srovnator.cz\/clanky\/zakladem-bydleni-pro-seniory-je-bezbarierovy-byt\/\",\"url\":\"https:\/\/www.srovnator.cz\/clanky\/zakladem-bydleni-pro-seniory-je-bezbarierovy-byt\/\",\"name\":\"Z\u00e1kladem bydlen\u00ed pro seniory je bezbari\u00e9rov\u00fd byt - Srovn\u00e1tor.cz\",\"isPartOf\":{\"@id\":\"https:\/\/www.srovnator.cz\/#website\"},\"primaryImageOfPage\":{\"@id\":\"https:\/\/www.srovnator.cz\/clanky\/zakladem-bydleni-pro-seniory-je-bezbarierovy-byt\/#primaryimage\"},\"image\":{\"@id\":\"https:\/\/www.srovnator.cz\/clanky\/zakladem-bydleni-pro-seniory-je-bezbarierovy-byt\/#primaryimage\"},\"thumbnailUrl\":\"https:\/\/storage.googleapis.com\/wp-resources\/srovnator.cz\/ng\/2023\/04\/zakladem-bydleni-pro-seniory-je-bezbarierovy-byt2.webp\",\"datePublished\":\"2023-04-26T07:07:58+00:00\",\"dateModified\":\"2024-06-24T05:51:29+00:00\",\"author\":{\"@id\":\"https:\/\/www.srovnator.cz\/#\/schema\/person\/9edfe86141eba69ff5b2149b530db68d\"},\"description\":\"D\u0159\u00edve b\u011b\u017en\u00e9 \u010dinnosti se s p\u0159ib\u00fdvaj\u00edc\u00edm v\u011bkem mnohdy st\u00e1vaj\u00ed p\u0159ek\u00e1\u017ekou v ka\u017edodenn\u00edm \u017eivot\u011b. Z\u00e1kladem \u00fapravy bydlen\u00ed pro seniory je bezbari\u00e9rov\u00fd byt.\",\"inLanguage\":\"cs-CZ\",\"potentialAction\":[{\"@type\":\"ReadAction\",\"target\":[\"https:\/\/www.srovnator.cz\/clanky\/zakladem-bydleni-pro-seniory-je-bezbarierovy-byt\/\"]}]},{\"@type\":\"ImageObject\",\"inLanguage\":\"cs-CZ\",\"@id\":\"https:\/\/www.srovnator.cz\/clanky\/zakladem-bydleni-pro-seniory-je-bezbarierovy-byt\/#primaryimage\",\"url\":\"https:\/\/storage.googleapis.com\/wp-resources\/srovnator.cz\/ng\/2023\/04\/zakladem-bydleni-pro-seniory-je-bezbarierovy-byt2.webp\",\"contentUrl\":\"https:\/\/storage.googleapis.com\/wp-resources\/srovnator.cz\/ng\/2023\/04\/zakladem-bydleni-pro-seniory-je-bezbarierovy-byt2.webp\",\"width\":1999,\"height\":1333,\"caption\":\"Z\u00e1kladem pohodln\u00e9ho bydlen\u00ed pro seniory je bezbari\u00e9rov\u00fd byt.\"},{\"@type\":\"WebSite\",\"@id\":\"https:\/\/www.srovnator.cz\/#website\",\"url\":\"https:\/\/www.srovnator.cz\/\",\"name\":\"Srovn\u00e1tor.cz\",\"description\":\"\",\"potentialAction\":[{\"@type\":\"SearchAction\",\"target\":{\"@type\":\"EntryPoint\",\"urlTemplate\":\"https:\/\/www.srovnator.cz\/?s={search_term_string}\"},\"query-input\":{\"@type\":\"PropertyValueSpecification\",\"valueRequired\":true,\"valueName\":\"search_term_string\"}}],\"inLanguage\":\"cs-CZ\"},{\"@type\":\"Person\",\"@id\":\"https:\/\/www.srovnator.cz\/#\/schema\/person\/9edfe86141eba69ff5b2149b530db68d\",\"name\":\"Tom\u00e1\u0161 Mina\u0159\u00edk\",\"image\":{\"@type\":\"ImageObject\",\"inLanguage\":\"cs-CZ\",\"@id\":\"https:\/\/www.srovnator.cz\/#\/schema\/person\/image\/\",\"url\":\"https:\/\/secure.gravatar.com\/avatar\/067ce16f231ff92a14a4863e4057901a91bb1113ab404100733de550ecf1aafe?s=96&d=mm&r=g\",\"contentUrl\":\"https:\/\/secure.gravatar.com\/avatar\/067ce16f231ff92a14a4863e4057901a91bb1113ab404100733de550ecf1aafe?s=96&d=mm&r=g\",\"caption\":\"Tom\u00e1\u0161 Mina\u0159\u00edk\"},\"description\":\"Tom\u00e1\u0161 je odborn\u00edk, kter\u00fd se v\u011bnuje ochran\u011b va\u0161eho domova, auta a cennost\u00ed. S osobn\u00edm p\u0159\u00edstupem a odborn\u00fdmi znalostmi v\u00e1s provede sv\u011btem poji\u0161t\u011bn\u00ed ob\u010dansk\u00e9ho majetku, aby va\u0161e cenn\u00e9 v\u011bci byly v\u017edy v bezpe\u010d\u00ed. Jeho expert\u00edza a z\u00e1vazek k detailu zaji\u0161\u0165uj\u00ed, \u017ee najdete poji\u0161t\u011bn\u00ed, kter\u00e9 p\u0159esn\u011b odpov\u00edd\u00e1 va\u0161im pot\u0159eb\u00e1m.\",\"url\":\"https:\/\/www.srovnator.cz\/autori\/tomas-minarik\/\"}]}<\/script>\n<!-- \/ Yoast SEO plugin. -->","yoast_head_json":{"title":"Z\u00e1kladem bydlen\u00ed pro seniory je bezbari\u00e9rov\u00fd byt - Srovn\u00e1tor.cz","description":"D\u0159\u00edve b\u011b\u017en\u00e9 \u010dinnosti se s p\u0159ib\u00fdvaj\u00edc\u00edm v\u011bkem mnohdy st\u00e1vaj\u00ed p\u0159ek\u00e1\u017ekou v ka\u017edodenn\u00edm \u017eivot\u011b. Z\u00e1kladem \u00fapravy bydlen\u00ed pro seniory je bezbari\u00e9rov\u00fd byt.","robots":{"index":"index","follow":"follow","max-snippet":"max-snippet:-1","max-image-preview":"max-image-preview:large","max-video-preview":"max-video-preview:-1"},"canonical":"https:\/\/www.srovnator.cz\/clanky\/zakladem-bydleni-pro-seniory-je-bezbarierovy-byt\/","og_locale":"cs_CZ","og_type":"article","og_title":"Z\u00e1kladem bydlen\u00ed pro seniory je bezbari\u00e9rov\u00fd byt - Srovn\u00e1tor.cz","og_description":"D\u0159\u00edve b\u011b\u017en\u00e9 \u010dinnosti se s p\u0159ib\u00fdvaj\u00edc\u00edm v\u011bkem mnohdy st\u00e1vaj\u00ed p\u0159ek\u00e1\u017ekou v ka\u017edodenn\u00edm \u017eivot\u011b. Z\u00e1kladem \u00fapravy bydlen\u00ed pro seniory je bezbari\u00e9rov\u00fd byt.","og_url":"https:\/\/www.srovnator.cz\/clanky\/zakladem-bydleni-pro-seniory-je-bezbarierovy-byt\/","og_site_name":"Srovn\u00e1tor.cz","article_publisher":"https:\/\/www.facebook.com\/srovnator\/","article_published_time":"2023-04-26T07:07:58+00:00","article_modified_time":"2024-06-24T05:51:29+00:00","og_image":[{"width":1999,"height":1333,"url":"https:\/\/storage.googleapis.com\/wp-resources\/srovnator.cz\/ng\/2023\/04\/zakladem-bydleni-pro-seniory-je-bezbarierovy-byt2.webp","type":"image\/webp"}],"author":"Tom\u00e1\u0161 Mina\u0159\u00edk","twitter_card":"summary_large_image","twitter_creator":"@Srovnator_czech","twitter_site":"@Srovnator_czech","twitter_misc":{"Written by":"Tom\u00e1\u0161 Mina\u0159\u00edk","Est. reading time":"9 minutes"},"schema":{"@context":"https:\/\/schema.org","@graph":[{"@type":"WebPage","@id":"https:\/\/www.srovnator.cz\/clanky\/zakladem-bydleni-pro-seniory-je-bezbarierovy-byt\/","url":"https:\/\/www.srovnator.cz\/clanky\/zakladem-bydleni-pro-seniory-je-bezbarierovy-byt\/","name":"Z\u00e1kladem bydlen\u00ed pro seniory je bezbari\u00e9rov\u00fd byt - Srovn\u00e1tor.cz","isPartOf":{"@id":"https:\/\/www.srovnator.cz\/#website"},"primaryImageOfPage":{"@id":"https:\/\/www.srovnator.cz\/clanky\/zakladem-bydleni-pro-seniory-je-bezbarierovy-byt\/#primaryimage"},"image":{"@id":"https:\/\/www.srovnator.cz\/clanky\/zakladem-bydleni-pro-seniory-je-bezbarierovy-byt\/#primaryimage"},"thumbnailUrl":"https:\/\/storage.googleapis.com\/wp-resources\/srovnator.cz\/ng\/2023\/04\/zakladem-bydleni-pro-seniory-je-bezbarierovy-byt2.webp","datePublished":"2023-04-26T07:07:58+00:00","dateModified":"2024-06-24T05:51:29+00:00","author":{"@id":"https:\/\/www.srovnator.cz\/#\/schema\/person\/9edfe86141eba69ff5b2149b530db68d"},"description":"D\u0159\u00edve b\u011b\u017en\u00e9 \u010dinnosti se s p\u0159ib\u00fdvaj\u00edc\u00edm v\u011bkem mnohdy st\u00e1vaj\u00ed p\u0159ek\u00e1\u017ekou v ka\u017edodenn\u00edm \u017eivot\u011b. Z\u00e1kladem \u00fapravy bydlen\u00ed pro seniory je bezbari\u00e9rov\u00fd byt.","inLanguage":"cs-CZ","potentialAction":[{"@type":"ReadAction","target":["https:\/\/www.srovnator.cz\/clanky\/zakladem-bydleni-pro-seniory-je-bezbarierovy-byt\/"]}]},{"@type":"ImageObject","inLanguage":"cs-CZ","@id":"https:\/\/www.srovnator.cz\/clanky\/zakladem-bydleni-pro-seniory-je-bezbarierovy-byt\/#primaryimage","url":"https:\/\/storage.googleapis.com\/wp-resources\/srovnator.cz\/ng\/2023\/04\/zakladem-bydleni-pro-seniory-je-bezbarierovy-byt2.webp","contentUrl":"https:\/\/storage.googleapis.com\/wp-resources\/srovnator.cz\/ng\/2023\/04\/zakladem-bydleni-pro-seniory-je-bezbarierovy-byt2.webp","width":1999,"height":1333,"caption":"Z\u00e1kladem pohodln\u00e9ho bydlen\u00ed pro seniory je bezbari\u00e9rov\u00fd byt."},{"@type":"WebSite","@id":"https:\/\/www.srovnator.cz\/#website","url":"https:\/\/www.srovnator.cz\/","name":"Srovn\u00e1tor.cz","description":"","potentialAction":[{"@type":"SearchAction","target":{"@type":"EntryPoint","urlTemplate":"https:\/\/www.srovnator.cz\/?s={search_term_string}"},"query-input":{"@type":"PropertyValueSpecification","valueRequired":true,"valueName":"search_term_string"}}],"inLanguage":"cs-CZ"},{"@type":"Person","@id":"https:\/\/www.srovnator.cz\/#\/schema\/person\/9edfe86141eba69ff5b2149b530db68d","name":"Tom\u00e1\u0161 Mina\u0159\u00edk","image":{"@type":"ImageObject","inLanguage":"cs-CZ","@id":"https:\/\/www.srovnator.cz\/#\/schema\/person\/image\/","url":"https:\/\/secure.gravatar.com\/avatar\/067ce16f231ff92a14a4863e4057901a91bb1113ab404100733de550ecf1aafe?s=96&d=mm&r=g","contentUrl":"https:\/\/secure.gravatar.com\/avatar\/067ce16f231ff92a14a4863e4057901a91bb1113ab404100733de550ecf1aafe?s=96&d=mm&r=g","caption":"Tom\u00e1\u0161 Mina\u0159\u00edk"},"description":"Tom\u00e1\u0161 je odborn\u00edk, kter\u00fd se v\u011bnuje ochran\u011b va\u0161eho domova, auta a cennost\u00ed. S osobn\u00edm p\u0159\u00edstupem a odborn\u00fdmi znalostmi v\u00e1s provede sv\u011btem poji\u0161t\u011bn\u00ed ob\u010dansk\u00e9ho majetku, aby va\u0161e cenn\u00e9 v\u011bci byly v\u017edy v bezpe\u010d\u00ed. Jeho expert\u00edza a z\u00e1vazek k detailu zaji\u0161\u0165uj\u00ed, \u017ee najdete poji\u0161t\u011bn\u00ed, kter\u00e9 p\u0159esn\u011b odpov\u00edd\u00e1 va\u0161im pot\u0159eb\u00e1m.","url":"https:\/\/www.srovnator.cz\/autori\/tomas-minarik\/"}]}},"amp_enabled":true,"_links":{"self":[{"href":"https:\/\/www.srovnator.cz\/rest_api\/wp\/v2\/posts\/8631","targetHints":{"allow":["GET"]}}],"collection":[{"href":"https:\/\/www.srovnator.cz\/rest_api\/wp\/v2\/posts"}],"about":[{"href":"https:\/\/www.srovnator.cz\/rest_api\/wp\/v2\/types\/post"}],"author":[{"embeddable":true,"href":"https:\/\/www.srovnator.cz\/rest_api\/wp\/v2\/users\/6"}],"replies":[{"embeddable":true,"href":"https:\/\/www.srovnator.cz\/rest_api\/wp\/v2\/comments?post=8631"}],"version-history":[{"count":4,"href":"https:\/\/www.srovnator.cz\/rest_api\/wp\/v2\/posts\/8631\/revisions"}],"predecessor-version":[{"id":8638,"href":"https:\/\/www.srovnator.cz\/rest_api\/wp\/v2\/posts\/8631\/revisions\/8638"}],"wp:featuredmedia":[{"embeddable":true,"href":"https:\/\/www.srovnator.cz\/rest_api\/wp\/v2\/media\/8633"}],"wp:attachment":[{"href":"https:\/\/www.srovnator.cz\/rest_api\/wp\/v2\/media?parent=8631"}],"wp:term":[{"taxonomy":"category","embeddable":true,"href":"https:\/\/www.srovnator.cz\/rest_api\/wp\/v2\/categories?post=8631"},{"taxonomy":"post_tag","embeddable":true,"href":"https:\/\/www.srovnator.cz\/rest_api\/wp\/v2\/tags?post=8631"}],"curies":[{"name":"wp","href":"https:\/\/api.w.org\/{rel}","templated":true}]}}