{"id":8845,"date":"2023-06-06T11:42:29","date_gmt":"2023-06-06T09:42:29","guid":{"rendered":"https:\/\/www.srovnator.cz\/?p=8845"},"modified":"2024-06-24T07:54:11","modified_gmt":"2024-06-24T05:54:11","slug":"24h-le-mans-vehlasny-zavod-slavi-100-let","status":"publish","type":"post","link":"https:\/\/www.srovnator.cz\/clanky\/24h-le-mans-vehlasny-zavod-slavi-100-let\/","title":{"rendered":"24h Le Mans &#8211; v\u011bhlasn\u00fd z\u00e1vod slav\u00ed 100 let"},"content":{"rendered":"<p><strong>Ji\u017e od\u00a0roku 1923 se\u00a0ve\u00a0francouzsk\u00e9m m\u011bst\u011b Le\u00a0Mans po\u0159\u00e1d\u00e1 tradi\u010dn\u00ed vytrvalostn\u00ed z\u00e1vod ur\u010den\u00fd speci\u00e1ln\u011b navr\u017een\u00fdm prototyp\u016fm a\u00a0upraven\u00fdm sportovn\u00edm voz\u016fm kategorie\u00a0GT. Proslul\u00fd podnik se\u00a0jezd\u00ed v\u017edy v\u00a0\u010dervnu a\u00a0krom\u011b roku 1936, kdy\u00a0ve\u00a0Francii prob\u00edhala velk\u00e1 st\u00e1vka, a\u00a0v\u00e1le\u010dn\u00fdch let 1940-48, se\u00a0konal ka\u017ed\u00fd rok. Z\u00e1vod 24h\u00a0Le\u00a0Mans tak\u00a0letos oslavil 100\u00a0let, by\u0165 naposledy se\u00a0konal jeho 90.\u00a0ro\u010dn\u00edk. Poj\u010fte si s\u00a0n\u00e1mi p\u0159ipomenout nejv\u00fdkonn\u011bj\u0161\u00ed modely slavn\u00fdch automobilek a\u00a0tak\u00e9 nejv\u011bt\u0161\u00ed trag\u00e9dii, kterou kdy\u00a0motorsport za\u017eil.<\/strong><\/p>\n<p class=\"h2 mt-3\">Obsah \u010dl\u00e1nku<\/p>\n<ul>\n<li><a href=\"#toc-zavod-24-hodin-le-mans-proveri-spolehlivost-vozu\">Z\u00e1vod 24\u00a0hodin Le\u00a0Mans prov\u011b\u0159\u00ed spolehlivost voz\u016f<\/a><\/li>\n<li><a href=\"#toc-nejlepsi-vozy-na-circuit-de-la-sarthe\">Nejlep\u0161\u00ed vozy na\u00a0Circuit de\u00a0la\u00a0Sarthe<\/a><\/li>\n<li><a href=\"#toc-nejen-uspechy-ale-i-nejvetsi-tragedie-jakou-kdy-motorsport-zazil\">Nejen \u00fasp\u011bchy, ale i\u00a0nejv\u011bt\u0161\u00ed trag\u00e9die, jakou kdy\u00a0motorsport za\u017eil<\/a><\/li>\n<li><a href=\"#toc-24h-le-mans-a-soucasnost\">24h\u00a0Le\u00a0Mans a\u00a0sou\u010dasnost<\/a><\/li>\n<\/ul>\n<h2 data-context=\"Z\u00e1vod 24\u00a0hodin Le\u00a0Mans prov\u011b\u0159\u00ed spolehlivost voz\u016f\" id=\"toc-zavod-24-hodin-le-mans-proveri-spolehlivost-vozu\">Z\u00e1vod 24\u00a0hodin Le\u00a0Mans prov\u011b\u0159\u00ed spolehlivost voz\u016f<\/h2>\n<p>N\u00e1pad na\u00a0uspo\u0159\u00e1d\u00e1n\u00ed z\u00e1vodu, kter\u00fd\u00a0prov\u011b\u0159\u00ed hlavn\u011b spolehlivost tehdej\u0161\u00edch automobil\u016f, se\u00a0zrodil v\u00a0hlav\u011b tajemn\u00edka autoklubu ve\u00a0francouzsk\u00e9m Le\u00a0Mans Charlese Duranda. M\u011bsto vzd\u00e1len\u00e9 zhruba 200\u00a0kilometr\u016f jihoz\u00e1padn\u011b od\u00a0Pa\u0159\u00ed\u017ee m\u011blo v\u00a0t\u00e9 dob\u011b ji\u017e v\u00a0motorsportu svou pov\u011bst, v\u017edy\u0165 v\u00a0roce\u00a01906 se\u00a0zde konala historicky prvn\u00ed Grand Prix v\u00a0automobilov\u00e9m sportu.<\/p>\n<p>Z\u00e1vod 24\u00a0hodin Le\u00a0Mans m\u011bl za\u00a0c\u00edl otestovat hlavn\u011b schopnost konstrukt\u00e9r\u016f zhotovit spolehliv\u00fd v\u016fz, nikoliv tedy jen\u00a0v\u016fz rychl\u00fd, co\u017e\u00a0bylo do\u00a0t\u00e9 doby alfou a\u00a0omegou ve\u0161ker\u00fdch inovac\u00ed. Novinkou byl\u00a0rovn\u011b\u017e i\u00a0okruh, na\u00a0kter\u00e9m se\u00a0z\u00e1vod m\u011bl konat. Oproti klasick\u00fdm z\u00e1vodn\u00edm ov\u00e1l\u016fm, kter\u00e9\u00a0byly perfektn\u011b udr\u017eov\u00e1ny pro\u00a0z\u00e1vod\u011bn\u00ed, se\u00a024h\u00a0Le\u00a0Mans jel na\u00a0silnic\u00edch pou\u017e\u00edvan\u00fdch k\u00a0b\u011b\u017en\u00e9mu provozu. Vozy tak\u00a0musely disponovat kvalitn\u00edmi sou\u010d\u00e1stkami, kter\u00e9\u00a0se\u00a0na\u00a0pou\u017e\u00edvan\u00e9m povrchu tolik neopot\u0159ebily, co\u017e\u00a0sv\u011bd\u010dilo pr\u00e1v\u011b o\u00a0jejich spolehlivosti.<\/p>\n<img decoding=\"async\" width=\"770\" height=\"513\" src=\"https:\/\/storage.googleapis.com\/wp-resources\/srovnator.cz\/ng\/2023\/06\/24h-le-mans-vehlasny-zavod-slavi-100-let7-770x513.webp\" class=\" wp-post-image wp-stateless-item\" alt=\"24h Le Mans &#8211; v\u011bhlasn\u00fd z\u00e1vod slav\u00ed 100 let\" title=\"24h Le Mans &#8211; v\u011bhlasn\u00fd z\u00e1vod slav\u00ed 100 let\" srcset=\"https:\/\/storage.googleapis.com\/wp-resources\/srovnator.cz\/ng\/2023\/06\/24h-le-mans-vehlasny-zavod-slavi-100-let7-770x513.webp 770w, https:\/\/storage.googleapis.com\/wp-resources\/srovnator.cz\/ng\/2023\/06\/24h-le-mans-vehlasny-zavod-slavi-100-let7.webp 1280w\" sizes=\"(max-width: 770px) 100vw, 770px\" data-image-size=\"medium\" data-stateless-media-bucket=\"wp-resources\" data-stateless-media-name=\"srovnator.cz\/ng\/2023\/06\/24h-le-mans-vehlasny-zavod-slavi-100-let7.webp\" \/><div class=\"small mb-4 mt-2 text-center\">Z\u00e1vod 24h Le Mans se na okruhu Circuit de la Sarthe jezd\u00ed u\u017e od roku 1923.<\/div>\n<h2 data-context=\"Nejlep\u0161\u00ed vozy na\u00a0Circuit de\u00a0la\u00a0Sarthe\" id=\"toc-nejlepsi-vozy-na-circuit-de-la-sarthe\">Nejlep\u0161\u00ed vozy na\u00a0Circuit de\u00a0la\u00a0Sarthe<\/h2>\n<p>Tra\u0165 na\u00a0Circuit de la Sarthe se\u00a0v\u00a0pr\u016fb\u011bhu let hlavn\u011b z\u00a0d\u016fvodu bezpe\u010dnosti m\u011bn\u00ed, jej\u00ed z\u00e1kladn\u00ed charakter v\u0161ak z\u016fst\u00e1v\u00e1 stejn\u00fd. Jezdci krou\u017e\u00ed cel\u00fdch 24\u00a0hodin po\u00a013\u00a0626\u00a0metr\u016f dlouh\u00e9m okruhu, jeho\u017e v\u011bt\u0161ina vede po\u00a0silnici ur\u010den\u00e9 pro\u00a0ve\u0159ejnou dopravu. Vozy na\u00a0rovn\u00fdch \u00fasec\u00edch vyvinou rychlost i\u00a0p\u0159es 300\u00a0km\/h, aby\u00a0pot\u00e9 do\u00a0zat\u00e1\u010dky zpomalily na\u00a0100\u00a0km\/h.<\/p>\n<p>Na\u00a0okruhu se\u00a0v\u00a0historii objevily mnoh\u00e9 zna\u010dky, n\u011bkter\u00e9 z\u00a0nich si ov\u0161em zaslou\u017e\u00ed v\u00edce pozornosti mimo jin\u00e9 i\u00a0pro\u00a0sv\u00e1 \u010detn\u00e1 prvenstv\u00ed. Mezi takov\u00e9 pat\u0159\u00ed Bentley, Alfa Romeo, Jaguar, Ferrari, Ford nebo Audi.<\/p>\n\n\t<div class=\"fq20 my-5\" id=\"fq-article\">\n\t<a name=\"fq\"><\/a><h2 class=\"text-center fq20h1\" id=\"fq20h1\">Spo\u010d\u00edtejte si rychle <a href=\"\/povinne-ruceni\/\" title=\"P\u0159ej\u00edt na povinn\u00e9 ru\u010den\u00ed\">povinn\u00e9 ru\u010den\u00ed<\/a><\/h2>\n\t<form action=\"https:\/\/webto.salesforce.com\/servlet\/servlet.WebToLead?encoding=UTF-8\" method=\"POST\" id=\"ngFqForm\" target=\"hidden-form\">\n\t\t<input type=\"hidden\" id=\"debug\" name=\"debug\" value=0>\n\t\t<input type=\"hidden\" id=\"debugEmail\" name=\"debugEmail\" value=\"lukas.nesvadba@suri.cz\">\n\t\t<input type=\"hidden\" id=\"oid\" name=\"oid\" value=\"00D0O000000r3aY\">\n\t\t<input type=\"hidden\" id=\"retURL\" name=\"retURL\" value=\"https:\/\/www.srovnator.cz\/clanky\/24h-le-mans-vehlasny-zavod-slavi-100-let\/\">\n\t\t<input type=\"hidden\" id=\"fq-retURL\" name=\"fq-retURL\" value=\"https:\/\/www.srovnator.cz\/clanky\/24h-le-mans-vehlasny-zavod-slavi-100-let\/\">\n\t\t<input type=\"hidden\" id=\"last_name\" maxlength=\"80\" name=\"last_name\" size=\"20\" value=\"FastQuote\" >\n\t\t<input type=\"hidden\" id=\"url\" maxlength=\"80\" name=\"url\" size=\"20\" value=\"srovnator.cz\">\n\t\t<input type=\"hidden\" id=\"lead_source\" name=\"lead_source\" maxlength=\"80\" size=\"20\" value=\"srovnator.cz\">\n\t\t<input type=\"hidden\" id=\"00N3Y00000GuOiA\" name=\"00N3Y00000GuOiA\" value=\"1\" \/>\n\t\t<input type=\"hidden\" id=\"00N3Y00000GuOi9\" name=\"00N3Y00000GuOi9\" value=\"0\" \/>\n\t\t<input type=\"hidden\" id=\"00N3Y00000GuOi7\" name=\"00N3Y00000GuOi7\" value=\"0\" \/>\n\t\t<input type=\"hidden\" id=\"description\" name=\"description\" value=\"Fast Quote From Article Not Mobile\" \/>\n\t\t<input type=\"hidden\" id=\"fq-pojistovna\" maxlength=\"100\" name=\"00N3Y00000GuOi8\" size=\"20\" value=\"zat\u00edm nevybr\u00e1no\" \/>\n\t\t<input type=\"hidden\" id=\"fq-pojistovna-nabidka\" name=\"00N3Y00000GuOiC\" size=\"20\" value=\"\" \/>\n\t\t<input id=\"utm_campaign\" maxlength=\"255\" name=\"00N3Y00000GOmH8\" size=\"20\" type=\"hidden\" value=\"\" \/>\n\t\t<input id=\"utm_medium\" maxlength=\"255\" name=\"00N3Y00000FcAr3\" size=\"20\" type=\"hidden\" value=\"\" \/>\n\t\t<input id=\"utm_source\" maxlength=\"255\" name=\"00N3Y00000FcAr4\" size=\"20\" type=\"hidden\" value=\"\" \/>\n\t\t<input id=\"_ga\" maxlength=\"255\" name=\"00N3Y00000GOmH7\" size=\"20\" type=\"hidden\" value=\"\" \/>\n\t\t<input id=\"_gsi\" maxlength=\"255\" name=\"00N3Y00000Gv8xg\" size=\"20\" type=\"hidden\" value=\"\" \/>\n\t  <div class=\"row\">\n\t  <div class=\"col-sm-6\">\n\t\t<div class=\"form-group mb-4\">\n\t\t<label for=\"znacka\">Zna\u010dka vozidla, kter\u00e9 chcete pojistit:<\/label><br>\n\t\t<select class=\"form-control\" id=\"fq-znacka\" name=\"00N3Y00000GuOiB\"><option value=\"ALFA ROMEO\">ALFA ROMEO<\/option><option value=\"AUDI\">AUDI<\/option><option value=\"BMW\">BMW<\/option><option value=\"CHEVROLET\">CHEVROLET<\/option><option value=\"CHRYSLER\">CHRYSLER<\/option><option value=\"CITRO\u00cbN\">CITRO\u00cbN<\/option><option value=\"DACIA\">DACIA<\/option><option value=\"DAEWOO\">DAEWOO<\/option><option value=\"FIAT\">FIAT<\/option><option value=\"FORD\">FORD<\/option><option value=\"HONDA\">HONDA<\/option><option value=\"HYUNDAI\">HYUNDAI<\/option><option value=\"JEEP\">JEEP<\/option><option value=\"KIA\">KIA<\/option><option value=\"LANCIA\">LANCIA<\/option><option value=\"LAND ROVER\">LAND ROVER<\/option><option value=\"MAZDA\">MAZDA<\/option><option value=\"MERCEDES-BENZ\">MERCEDES-BENZ<\/option><option value=\"MINI\">MINI<\/option><option value=\"MITSUBISHI\">MITSUBISHI<\/option><option value=\"NISSAN\">NISSAN<\/option><option value=\"OPEL\">OPEL<\/option><option value=\"PEUGEOT\">PEUGEOT<\/option><option value=\"RENAULT\">RENAULT<\/option><option value=\"ROVER\">ROVER<\/option><option value=\"SEAT\">SEAT<\/option><option value=\"\u0160KODA\" selected>\u0160KODA<\/option><option value=\"SSANGYONG\">SSANGYONG<\/option><option value=\"SUBARU\">SUBARU<\/option><option value=\"SUZUKI\">SUZUKI<\/option><option value=\"TOYOTA\">TOYOTA<\/option><option value=\"TRABANT\">TRABANT<\/option><option value=\"VOLKSWAGEN\">VOLKSWAGEN<\/option><option value=\"VOLVO\">VOLVO<\/option><\/select>\n\t  <\/div>\n\t<p class=\"mb-1\"><label for=\"fq-objem\">P\u0159ibli\u017en\u00fd objem motoru vozidla:<\/label><\/p>\n\t<div class=\"row mb-3\"><div class=\"col-9\"><input type=\"range\" class=\"fq-range\" aria-label=\"objem\" min=\"0.6\" max=\"3.3\" step=\"0.1\" value=\"1.5\" id=\"fq-objem\" aria-describedby=\"objem-value\"><\/div><div class=\"col-3 ps-2\"><input id=\"fq-objem-value\" class=\"fq-text nb\" type=\"text\" value=\"1\" size=\"4\" readonly \/><\/div><\/div>\n\t\n\t<div class=\"form-group mb-4\">\n\t<label for=\"fq-psc\">PS\u010c:<\/label>\n\t<input type=\"text\" id=\"fq-psc\" value=\"\" name=\"zip\" class=\"form-control\"><div class=\"invalid-feedback\"><\/div> \n\t<\/div>\n\t\n\t<p class=\"mb-1\"><label for=\"fq-vek\">Kolik je V\u00e1m let:<\/label><\/p>\n\t<div class=\"row mb-3\"><div class=\"col-9\"><input type=\"range\" class=\"fq-range\" aria-label=\"vek\" min=\"18\" max=\"66\" step=\"1\" value=\"42\" id=\"fq-vek\" aria-describedby=\"vek\" data-orientation=\"horizontal\" name=\"00N3Y00000GuOi6\"><\/div><div class=\"col-3 ps-2\"><input id=\"fq-vek-value\" class=\"fq-text nb\" type=\"text\" value=\"1\" size=\"4\" readonly \/><\/div><\/div>\n\t\n\t\n\t<p class=\"mb-1\"><label for=\"tel\">Pro z\u00edsk\u00e1n\u00ed kalkulace je t\u0159eba zadat tel. \u010d\u00edslo:<\/label><\/p>\n\t<div class=\"row mb-4\"><div class=\"col-4 pe-0\"><select class=\"form-control\" id=\"fq-predvolba\"><option selected value=\"+420\">+420<\/option><option value=\"+421\">+421<\/option><\/select><\/div><div class=\"col-8 ps-0\"><input type=\"text\" class=\"form-control\" aria-label=\"tel\" aria-describedby=\"predvolba\" placeholder=\"nap\u0159 603 123 123\" id=\"fq-tel\"><div class=\"invalid-feedback\"><\/div><\/div><\/div>\n\t<input id=\"fq-tel-value\" class=\"fq-text nb\" type=\"hidden\" value=\"\" size=\"4\" name=\"phone\" readonly \/>\n\t<\/div>\n\t<div class=\"col-sm-1\">\n\t<\/div>\n\t<div class=\"col-sm-4\">\n\t<div class=\"fq-sum p-3 my-4 pt-5\" style=\"display: none;\">\n\t<p class=\"mb-1\">Povinn\u00e9 ru\u010den\u00ed m\u016f\u017eete <br>m\u00edt ji\u017e od:<\/p>\n\t<p class=\"fq-sum-value-text\" id=\"fq-sum\">-<\/p>\n\t\n\t<div class=\"spinner-border text-primary fq-spinner mt-2\" role=\"status\" style=\"display: none;\" id=\"fq-loader\">\n\t\t<span class=\"sr-only\"><\/span>\n\t\n\t<\/div>\n\t<div class=\"col-sm-1\">\n\t<\/div>\n\t<input id=\"fq-sum-value\" class=\"fq-text nb\" type=\"hidden\" \/>\n\t<\/div>\t\n\t<\/div>\n\t<\/div>\n\t<div class=\"row justify-content-center mb-1\">\n\t<div class=\"col-6\">\n\t<a href=\"#fq\" id=\"fq-get\" class=\"w-100 btn bg-dark fq-btn py-3\" title=\"Zobrazit 10 poji\u0161\u0165oven\" data-bs-toggle=\"\" data-bs-target=\"\"><span class=\"sro-povinne-ruceni me-2\"><\/span>Zobrazit 10 poji\u0161\u0165oven<\/a>\n\t<\/div>\n\t<p class=\"mb-2 mt-4 col-sm-8 text-center\"><small>Odesl\u00e1n\u00edm formul\u00e1\u0159e tla\u010d\u00edtkem Zobrazit 10 poji\u0161\u0165oven souhlas\u00edte se zpracov\u00e1n\u00edm V\u00e1mi zadan\u00fdch osobn\u00edch \u00fadaj\u016f \u2013 <a href=\"\/informace-o-zpracovani-osobnich-udaju\/\" target=\"_blank\" title=\"Zobrazit\">Informace o zpracov\u00e1n\u00ed osobn\u00edch \u00fadaj\u016f<\/a><\/small><\/p>\n\t<\/div>\n\t<\/form>\n\t<IFRAME style=\"display:none\" name=\"hidden-form\"><\/IFRAME>\n\t<\/div>\n\t<!-- Modal -->\n\t<div class=\"modal fade\" id=\"offersInsurance\" tabindex=\"-1\" role=\"dialog\" aria-labelledby=\"myModalLabel\" aria-hidden=\"true\">\n\t\t<div class=\"modal-dialog modal-dialog-scrollable modal-dialog-centered\" role=\"document\">\n\t\t\t<div class=\"modal-content\">\n\t\t\t\t<div class=\"modalHeader modal-header border-0\">\n\t\t\t\t\t<button type=\"button\" class=\"btn-close\" data-bs-dismiss=\"modal\" aria-label=\"Close\"><\/button>\n\t\t\t\t<\/div>\n\t\t\t\t<div class=\"modal-body pt-0\">\n\t\t\t\t<h2 class=\"text-center fq20h1 mb-3\" id=\"fq20h1ls\">Kalkulace povinn\u00e9ho ru\u010den\u00ed<\/h2>\n\t\t\t\t<div class=\"fq20k3\">\n\t\t\t\t\t<div class=\"row fq-nabidka mb-3 p-2 mx-3\" id=\"fq-cpp\">\n\t\t\t\t\t\t<div class=\"col-3 ps-0 pe-0\"><img decoding=\"async\" loading=\"lazy\" src=\"https:\/\/www.srovnator.cz\/wp-content\/plugins\/ng-fast-quote\/img\/fq-logo-cpp.png\" alt=\"\u010cPP\" width=\"74\" height=\"74\" class=\"alignnone size-full wp-image-21674\" srcset=\"https:\/\/www.srovnator.cz\/wp-content\/plugins\/ng-fast-quote\/img\/fq-logo-cpp.png 74w, https:\/\/www.srovnator.cz\/wp-content\/plugins\/ng-fast-quote\/img\/fq-logo-cpp.png 70w\" sizes=\"auto, (max-width: 74px) 100vw, 74px\"><\/div>\n\t\t\t\t\t\t<div class=\"col-5 ps-3 pe-1 align-self-center\">\n\t\t\t\t\t\t\t<p class=\"fq-nadpis mb-0\">\u010cPP<\/p>\n\t\t\t\t\t\t\t<p class=\"mb-1\">od <strong class=\"fq-cena\">0<\/strong> <strong>K\u010d<\/strong><\/p>\n\t\t\t\t\t\t<\/div>\n\t\t\t\t\t\t<div class=\"col-4 ps-0 pe-0 align-self-center\"><a href=\"#\" class=\"btn btn-primary mt-0 text-white btn-sm p-3\" title=\"M\u00e1m z\u00e1jem\" data-pojistovna=\"cpp\">M\u00c1M Z\u00c1JEM<\/a><\/div>\n\t\t\t\t\t<\/div>\n\t\t\t\t\t<div class=\"row fq-nabidka mb-3 p-2 mx-3\" id=\"fq-gcp\">\n\t\t\t\t\t\t<div class=\"col-3 ps-0 pe-0\"><img decoding=\"async\" loading=\"lazy\" src=\"https:\/\/www.srovnator.cz\/wp-content\/plugins\/ng-fast-quote\/img\/fq-logo-gcp.png\" alt=\"G\u010cP\" width=\"74\" height=\"74\" class=\"alignnone size-full wp-image-21674\" srcset=\"https:\/\/www.srovnator.cz\/wp-content\/plugins\/ng-fast-quote\/img\/fq-logo-gcp.png 74w, https:\/\/www.srovnator.cz\/wp-content\/plugins\/ng-fast-quote\/img\/fq-logo-gcp.png 70w\" sizes=\"auto, (max-width: 74px) 100vw, 74px\"><\/div>\n\t\t\t\t\t\t<div class=\"col-5 ps-3 pe-1 align-self-center\">\n\t\t\t\t\t\t\t<p class=\"fq-nadpis mb-0\">G\u010cP<\/p>\n\t\t\t\t\t\t\t<p class=\"mb-1\">od <strong class=\"fq-cena\">0<\/strong> <strong>K\u010d<\/strong><\/p>\n\t\t\t\t\t\t<\/div>\n\t\t\t\t\t\t<div class=\"col-4 ps-0 pe-0 align-self-center\"><a href=\"#\" class=\"btn btn-primary mt-0 text-white btn-sm p-3\" title=\"M\u00e1m z\u00e1jem\" data-pojistovna=\"gcp\">M\u00c1M Z\u00c1JEM<\/a><\/div>\n\t\t\t\t\t<\/div>\n\t\t\t\t\t<div class=\"row fq-nabidka mb-3 p-2 mx-3\" id=\"fq-allianz\">\n\t\t\t\t\t\t<div class=\"col-3 ps-0 pe-0\"><img decoding=\"async\" loading=\"lazy\" src=\"https:\/\/www.srovnator.cz\/wp-content\/plugins\/ng-fast-quote\/img\/fq-logo-allianz.png\" alt=\"allianz\" width=\"74\" height=\"74\" class=\"alignnone size-full wp-image-21674\" srcset=\"https:\/\/www.srovnator.cz\/wp-content\/plugins\/ng-fast-quote\/img\/fq-logo-allianz.png 74w, https:\/\/www.srovnator.cz\/wp-content\/plugins\/ng-fast-quote\/img\/fq-logo-allianz.png 70w\" sizes=\"auto, (max-width: 74px) 100vw, 74px\"><\/div>\n\t\t\t\t\t\t<div class=\"col-5 ps-3 pe-1 align-self-center\">\n\t\t\t\t\t\t\t<p class=\"fq-nadpis mb-0\">Allianz<\/p>\n\t\t\t\t\t\t\t<p class=\"mb-1\">od <strong class=\"fq-cena\">0<\/strong> <strong>K\u010d<\/strong><\/p>\n\t\t\t\t\t\t<\/div>\n\t\t\t\t\t\t<div class=\"col-4 ps-0 pe-0 align-self-center\"><a href=\"#\" class=\"btn btn-primary mt-0 text-white btn-sm p-3\" title=\"M\u00e1m z\u00e1jem\" data-pojistovna=\"allianz\">M\u00c1M Z\u00c1JEM<\/a><\/div>\n\t\t\t\t\t<\/div>\n\t\t\t\t\t<div class=\"row fq-nabidka mb-3 p-2 mx-3\" id=\"fq-kooperativa\">\n\t\t\t\t\t\t<div class=\"col-3 ps-0 pe-0\"><img decoding=\"async\" loading=\"lazy\" src=\"https:\/\/www.srovnator.cz\/wp-content\/plugins\/ng-fast-quote\/img\/fq-logo-kooperativa.png\" alt=\"kooperativa\" width=\"74\" height=\"74\" class=\"alignnone size-full wp-image-21674\" srcset=\"https:\/\/www.srovnator.cz\/wp-content\/plugins\/ng-fast-quote\/img\/fq-logo-kooperativa.png 74w, https:\/\/www.srovnator.cz\/wp-content\/plugins\/ng-fast-quote\/img\/fq-logo-kooperativa.png 70w\" sizes=\"auto, (max-width: 74px) 100vw, 74px\"><\/div>\n\t\t\t\t\t\t<div class=\"col-5 ps-3 pe-1 align-self-center\">\n\t\t\t\t\t\t\t<p class=\"fq-nadpis mb-0\">Kooperativa<\/p>\n\t\t\t\t\t\t\t<p class=\"mb-1\">od <strong class=\"fq-cena\">0<\/strong> <strong>K\u010d<\/strong><\/p>\n\t\t\t\t\t\t<\/div>\n\t\t\t\t\t\t<div class=\"col-4 ps-0 pe-0 align-self-center\"><a href=\"#\" class=\"btn btn-primary mt-0 text-white btn-sm p-3\" title=\"M\u00e1m z\u00e1jem\" data-pojistovna=\"kooperativa\">M\u00c1M Z\u00c1JEM<\/a><\/div>\n\t\t\t\t\t<\/div>\n\t\t\t\t\t<div class=\"row fq-nabidka mb-3 p-2 mx-3\" id=\"fq-direct\">\n\t\t\t\t\t\t<div class=\"col-3 ps-0 pe-0\"><img decoding=\"async\" loading=\"lazy\" src=\"https:\/\/www.srovnator.cz\/wp-content\/plugins\/ng-fast-quote\/img\/fq-logo-direct.png\" alt=\"direct\" width=\"74\" height=\"74\" class=\"alignnone size-full wp-image-21674\" srcset=\"https:\/\/www.srovnator.cz\/wp-content\/plugins\/ng-fast-quote\/img\/fq-logo-direct.png 74w, https:\/\/www.srovnator.cz\/wp-content\/plugins\/ng-fast-quote\/img\/fq-logo-direct.png 70w\" sizes=\"auto, (max-width: 74px) 100vw, 74px\"><\/div>\n\t\t\t\t\t\t<div class=\"col-5 ps-3 pe-1 align-self-center\">\n\t\t\t\t\t\t\t<p class=\"fq-nadpis mb-0\">Direct<\/p>\n\t\t\t\t\t\t\t<p class=\"mb-1\">od <strong class=\"fq-cena\">0<\/strong> <strong>K\u010d<\/strong><\/p>\n\t\t\t\t\t\t<\/div>\n\t\t\t\t\t\t<div class=\"col-4 ps-0 pe-0 align-self-center\"><a href=\"#\" class=\"btn btn-primary mt-0 text-white btn-sm p-3\" title=\"M\u00e1m z\u00e1jem\" data-pojistovna=\"direct\">M\u00c1M Z\u00c1JEM<\/a><\/div>\n\t\t\t\t\t<\/div>\n\t\t\t\t\t<div class=\"row fq-nabidka mb-3 p-2 mx-3\" id=\"fq-axa\">\n\t\t\t\t\t\t<div class=\"col-3 ps-0 pe-0\"><img decoding=\"async\" loading=\"lazy\" src=\"https:\/\/www.srovnator.cz\/wp-content\/plugins\/ng-fast-quote\/img\/fq-logo-axa.png\" alt=\"axa\" width=\"74\" height=\"74\" class=\"alignnone size-full wp-image-21674\" srcset=\"https:\/\/www.srovnator.cz\/wp-content\/plugins\/ng-fast-quote\/img\/fq-logo-axa.png 74w, https:\/\/www.srovnator.cz\/wp-content\/plugins\/ng-fast-quote\/img\/fq-logo-axa.png 70w\" sizes=\"auto, (max-width: 74px) 100vw, 74px\"><\/div>\n\t\t\t\t\t\t<div class=\"col-5 ps-3 pe-1 align-self-center\">\n\t\t\t\t\t\t\t<p class=\"fq-nadpis mb-0\">AXA<\/p>\n\t\t\t\t\t\t\t<p class=\"mb-1\">od <strong class=\"fq-cena\">0<\/strong> <strong>K\u010d<\/strong><\/p>\n\t\t\t\t\t\t<\/div>\n\t\t\t\t\t\t<div class=\"col-4 ps-0 pe-0 align-self-center\"><a href=\"#\" class=\"btn btn-primary mt-0 text-white btn-sm p-3\" title=\"M\u00e1m z\u00e1jem\" data-pojistovna=\"axa\">M\u00c1M Z\u00c1JEM<\/a><\/div>\n\t\t\t\t\t<\/div>\n\t\t\t\t\t<div class=\"row fq-nabidka mb-3 p-2 mx-3\" id=\"fq-slavia\">\n\t\t\t\t\t\t<div class=\"col-3 ps-0 pe-0\"><img decoding=\"async\" loading=\"lazy\" src=\"https:\/\/www.srovnator.cz\/wp-content\/plugins\/ng-fast-quote\/img\/fq-logo-slavia.png\" alt=\"slavia\" width=\"74\" height=\"74\" class=\"alignnone size-full wp-image-21674\" srcset=\"https:\/\/www.srovnator.cz\/wp-content\/plugins\/ng-fast-quote\/img\/fq-logo-slavia.png 74w, https:\/\/www.srovnator.cz\/wp-content\/plugins\/ng-fast-quote\/img\/fq-logo-slavia.png 70w\" sizes=\"auto, (max-width: 74px) 100vw, 74px\"><\/div>\n\t\t\t\t\t\t<div class=\"col-5 ps-3 pe-1 align-self-center\">\n\t\t\t\t\t\t\t<p class=\"fq-nadpis mb-0\">Slavia<\/p>\n\t\t\t\t\t\t\t<p class=\"mb-1\">od <strong class=\"fq-cena\">0<\/strong> <strong>K\u010d<\/strong><\/p>\n\t\t\t\t\t\t<\/div>\n\t\t\t\t\t\t<div class=\"col-4 ps-0 pe-0 align-self-center\"><a href=\"#\" class=\"btn btn-primary mt-0 text-white btn-sm p-3\" title=\"M\u00e1m z\u00e1jem\" data-pojistovna=\"slavia\">M\u00c1M Z\u00c1JEM<\/a><\/div>\n\t\t\t\t\t<\/div>\n\t\t\t\t\t<div class=\"row fq-nabidka mb-3 p-2 mx-3\" id=\"fq-csob\">\n\t\t\t\t\t\t<div class=\"col-3 ps-0 pe-0\"><img decoding=\"async\" loading=\"lazy\" src=\"https:\/\/www.srovnator.cz\/wp-content\/plugins\/ng-fast-quote\/img\/fq-logo-csob.png\" alt=\"csob\" width=\"74\" height=\"74\" class=\"alignnone size-full wp-image-21674\" srcset=\"https:\/\/www.srovnator.cz\/wp-content\/plugins\/ng-fast-quote\/img\/fq-logo-csob.png 74w, https:\/\/www.srovnator.cz\/wp-content\/plugins\/ng-fast-quote\/img\/fq-logo-csob.png 70w\" sizes=\"auto, (max-width: 74px) 100vw, 74px\"><\/div>\n\t\t\t\t\t\t<div class=\"col-5 ps-3 pe-1 align-self-center\">\n\t\t\t\t\t\t\t<p class=\"fq-nadpis mb-0\">\u010cSOB<\/p>\n\t\t\t\t\t\t\t<p class=\"mb-1\">od <strong class=\"fq-cena\">0<\/strong> <strong>K\u010d<\/strong><\/p>\n\t\t\t\t\t\t<\/div>\n\t\t\t\t\t\t<div class=\"col-4 ps-0 pe-0 align-self-center\"><a href=\"#\" class=\"btn btn-primary mt-0 text-white btn-sm p-3\" title=\"M\u00e1m z\u00e1jem\" data-pojistovna=\"csob\">M\u00c1M Z\u00c1JEM<\/a><\/div>\n\t\t\t\t\t<\/div>\n\t\t\t\t\t<div class=\"row fq-nabidka mb-3 p-2 mx-3\" id=\"fq-uniqa\">\n\t\t\t\t\t\t<div class=\"col-3 ps-0 pe-0\"><img decoding=\"async\" loading=\"lazy\" src=\"https:\/\/www.srovnator.cz\/wp-content\/plugins\/ng-fast-quote\/img\/fq-logo-uniqa.png\" alt=\"uniqa\" width=\"74\" height=\"74\" class=\"alignnone size-full wp-image-21674\" srcset=\"https:\/\/www.srovnator.cz\/wp-content\/plugins\/ng-fast-quote\/img\/fq-logo-uniqa.png 74w, https:\/\/www.srovnator.cz\/wp-content\/plugins\/ng-fast-quote\/img\/fq-logo-uniqa.png 70w\" sizes=\"auto, (max-width: 74px) 100vw, 74px\"><\/div>\n\t\t\t\t\t\t<div class=\"col-5 ps-3 pe-1 align-self-center\">\n\t\t\t\t\t\t\t<p class=\"fq-nadpis mb-0\">Uniqa<\/p>\n\t\t\t\t\t\t\t<p class=\"mb-1\">od <strong class=\"fq-cena\">0<\/strong> <strong>K\u010d<\/strong><\/p>\n\t\t\t\t\t\t<\/div>\n\t\t\t\t\t\t<div class=\"col-4 ps-0 pe-0 align-self-center\"><a href=\"#\" class=\"btn btn-primary mt-0 text-white btn-sm p-3\" title=\"M\u00e1m z\u00e1jem\" data-pojistovna=\"uniqa\">M\u00c1M Z\u00c1JEM<\/a><\/div>\n\t\t\t\t\t<\/div>\n\t\t\t\t\t<div class=\"row fq-nabidka mb-3 p-2 mx-3\" id=\"fq-pillow\">\n\t\t\t\t\t\t<div class=\"col-3 ps-0 pe-0\"><img decoding=\"async\" loading=\"lazy\" src=\"https:\/\/www.srovnator.cz\/wp-content\/plugins\/ng-fast-quote\/img\/fq-logo-pillow.png\" alt=\"pillow\" width=\"74\" height=\"74\" class=\"alignnone size-full wp-image-21674\" srcset=\"https:\/\/www.srovnator.cz\/wp-content\/plugins\/ng-fast-quote\/img\/fq-logo-pillow.png 74w, https:\/\/www.srovnator.cz\/wp-content\/plugins\/ng-fast-quote\/img\/fq-logo-pillow.png 70w\" sizes=\"auto, (max-width: 74px) 100vw, 74px\"><\/div>\n\t\t\t\t\t\t<div class=\"col-5 ps-3 pe-1 align-self-center\">\n\t\t\t\t\t\t\t<p class=\"fq-nadpis mb-0\">Pillow<\/p>\n\t\t\t\t\t\t\t<p class=\"mb-1\">od <strong class=\"fq-cena\">0<\/strong> <strong>K\u010d<\/strong><\/p>\n\t\t\t\t\t\t<\/div>\n\t\t\t\t\t\t<div class=\"col-4 ps-0 pe-0 align-self-center\"><a href=\"#\" class=\"btn btn-primary mt-0 text-white btn-sm p-3\" title=\"M\u00e1m z\u00e1jem\" data-pojistovna=\"pillow\">M\u00c1M Z\u00c1JEM<\/a><\/div>\n\t\t\t\t\t<\/div>\n\t\t\t\t<\/div>\n\t\t  <\/div>\n\t\t  <div class=\"modal-footer text-center\">\n\t\t\t  <a href=\"#\" class=\"w-100 btn bg-dark fq-btn fq-btn-active py-3 callMe\" id=\"offersInsuranceCallMe\" title=\"Chci b\u00fdt kontaktov\u00e1n\"><span class=\"sro-zavolame mt-1 me-2\"><\/span>Chci b\u00fdt kontaktov\u00e1n<\/a>\n\t\t  <\/div>\n\t\t<\/div>\n\t  <\/div>\n\t<\/div><a name=\"hotovo\"><\/a><div class=\"fq20k2 my-5 py-5\" id=\"fq-thank\" style=\"display: none;\">\n\t<h2 class=\"mb-1\">D\u011bkujeme za V\u00e1\u0161 z\u00e1jem.<\/h2>\n\t<p>Budeme V\u00e1s co nejd\u0159\u00edve kontaktovat.<\/p>\n\t<p class=\"my-0\"><img decoding=\"async\" src=\"https:\/\/www.srovnator.cz\/wp-content\/plugins\/ng-fast-quote\/css\/images\/fq-character.webp\" alt=\"Srovn\u00e1tor postavi\u010dka\" width=\"326\" height=\"342\"><\/p>\n\t<p><strong>Ne\u017e v\u00e1m zavol\u00e1me, prohl\u00e9dn\u011bte si <br>kalkulace cestovn\u00edho poji\u0161t\u011bn\u00ed.<\/strong><\/p>\n\t<div class=\"btn-center\"><a href=\"\/cestovni-pojisteni\/kalkulacka\/#kalkulacka\" class=\"btn btn-primary px-5 py-2 fq-ces-btn\" title=\"Spo\u010d\u00edtat cestovn\u00ed poji\u0161t\u011bn\u00ed\" rel=\"prefetch\">CESTOVN\u00cd POJI\u0160T\u011aN\u00cd<\/a><\/div>\n\t<\/div>\n<h3>Bentley a\u00a0Alfa Romeo kralovaly v\u00a0p\u0159edv\u00e1le\u010dn\u00fdch letech\u2026<\/h3>\n<p>Britsk\u00fd v\u00fdrobce se\u00a0sv\u00fdm vozem <strong>Bentley\u00a03.0<\/strong> vyhr\u00e1l poprv\u00e9 z\u00e1vod v\u00a0roce\u00a01924, po\u010d\u00ednaje rokem\u00a01927 pak dok\u00e1zal zdolat v\u0161echny soupe\u0159e 4x v\u00a0\u0159ad\u011b. Posledn\u00ed v\u00edt\u011bzstv\u00ed v\u00a0roce\u00a01930 za\u0159\u00eddil model <strong>Bentley\u00a06.6<\/strong>, kter\u00fd\u00a0byl\u00a0schopen podat v\u00fdkon a\u017e 150\u00a0kW.<\/p>\n<p>Po\u00a0Bentley p\u0159evzala \u0161tafetu <strong>Alfa\u00a0Romeo\u00a08C<\/strong>, kter\u00e1\u00a0slavn\u00fd z\u00e1vod vyhr\u00e1la v\u00a0letech 1931\u00a0\u2013\u00a01934. Motor vozu dosahoval v\u00fdkonu a\u017e 123\u00a0kW a\u00a0na\u00a0rovn\u00fdch \u00fasec\u00edch zvl\u00e1dl jet rychlost\u00ed i\u00a0225\u00a0km\/h.<\/p>\n<p>Dv\u011b v\u00edt\u011bzstv\u00ed si v\u00a0p\u0159edv\u00e1le\u010dn\u00fdch letech zapsala i\u00a0automobilka Bugatti se\u00a0sv\u00fdm modelem <strong>Bugatti 57 GSC<\/strong>, a\u00a0sice v\u00a0letech 1937 a\u00a01939.<\/p>\n<p><img decoding=\"async\" class=\"alignnone size-medium wp-image-8849\" src=\"https:\/\/storage.googleapis.com\/wp-resources\/srovnator.cz\/ng\/2023\/06\/24h-le-mans-vehlasny-zavod-slavi-100-let3-770x513.webp\" alt=\"V p\u0159edv\u00e1le\u010dn\u00fdch letech vl\u00e1dla okruhu Alfa Romeo.\" width=\"770\" height=\"513\" srcset=\"https:\/\/storage.googleapis.com\/wp-resources\/srovnator.cz\/ng\/2023\/06\/24h-le-mans-vehlasny-zavod-slavi-100-let3-770x513.webp 770w, https:\/\/storage.googleapis.com\/wp-resources\/srovnator.cz\/ng\/2023\/06\/24h-le-mans-vehlasny-zavod-slavi-100-let3.webp 1280w\" sizes=\"(max-width: 770px) 100vw, 770px\" \/><br \/>\n<span class=\"small d-block mb-3 text-center\">V\u00a0p\u0159edv\u00e1le\u010dn\u00fdch letech vl\u00e1dla okruhu Alfa Romeo.<\/span><\/p>\n<h3>\u2026po v\u00e1lce okruh ovl\u00e1dl Jaguar a\u00a0Ferrari<\/h3>\n<p>V\u00a0pov\u00e1le\u010dn\u00fdch letech se\u00a0da\u0159ilo model\u016fm automobilky Jaguar\u00a0Cars. Ta\u00a0nejprve zv\u00edt\u011bzila s\u00a0vozem <strong>Jaguar\u00a0XK\u00a0120C<\/strong> v\u00a0letech 1951 a\u00a01953. \u00dasp\u011b\u0161n\u011bj\u0161\u00ed byl\u00a0potom model <strong>Jaguar D-Type<\/strong>, kter\u00fd\u00a0si na\u00a0nejvy\u0161\u0161\u00ed stupe\u0148 v\u00edt\u011bz\u016f stoupl hned 3x za\u00a0sebou \u2013 v\u00a0letech 1955 \u2013 1957.<\/p>\n<p>Od\u00a0n\u00e1sleduj\u00edc\u00edho roku byl\u00a0z\u00e1vod v\u00edcem\u00e9n\u011b v\u00a0re\u017eii Ferrari. Ten nejprve vyslal do\u00a0z\u00e1vodu model <strong>Ferrari 250 TR<\/strong>, kter\u00fd\u00a0vyhr\u00e1val v\u00a0letech 1958, 1960 a\u00a01961. Da\u0159ilo se\u00a0i\u00a0jeho n\u00e1stupc\u016fm \u2013 <strong>Ferrari LM<\/strong> a\u00a0<strong>Ferrari 275P<\/strong>. Ti kralovali v\u00a0letech 1962 \u2013 1965.<\/p>\n<p><img decoding=\"async\" class=\"alignnone size-medium wp-image-8850\" src=\"https:\/\/storage.googleapis.com\/wp-resources\/srovnator.cz\/ng\/2023\/06\/24h-le-mans-vehlasny-zavod-slavi-100-let4-770x513.webp\" alt=\"Jaguar D-Type je nejlep\u0161\u00edm britsk\u00fdm z\u00e1vodn\u00edm autem.\" width=\"770\" height=\"513\" srcset=\"https:\/\/storage.googleapis.com\/wp-resources\/srovnator.cz\/ng\/2023\/06\/24h-le-mans-vehlasny-zavod-slavi-100-let4-770x513.webp 770w, https:\/\/storage.googleapis.com\/wp-resources\/srovnator.cz\/ng\/2023\/06\/24h-le-mans-vehlasny-zavod-slavi-100-let4.webp 1280w\" sizes=\"(max-width: 770px) 100vw, 770px\" \/><br \/>\n<span class=\"small d-block mb-3 text-center\">Jaguar D-Type je\u00a0nejlep\u0161\u00edm britsk\u00fdm z\u00e1vodn\u00edm autem.<\/span><\/p>\n<h3>Aston Martin a\u00a0Carroll Shelby<\/h3>\n<p>Nadvl\u00e1du Ferrari dok\u00e1zal p\u0159eru\u0161it jen\u00a0Aston Martin. Ten Le\u00a0Mans vyhr\u00e1l v\u00a0roce\u00a01959, nutno dodat, \u017ee\u00a0\u0161lo o\u00a0jedin\u00e9 v\u00edt\u011bzstv\u00ed t\u00e9to zna\u010dky v\u00a0historii z\u00e1vodu. Za\u00a0volantem speci\u00e1lu <strong>Aston\u00a0Martin\u00a0DBR1<\/strong> se\u00a0st\u0159\u00eddali Roy Salvadori a\u00a0<strong>Carroll Shelby<\/strong>. Ti nakonec vyhr\u00e1li pot\u00e9, co\u00a0dva doposud vedouc\u00ed vozy, Ferrari\u00a0250\u00a0TR a\u00a0dal\u0161\u00ed Aston Martin, skon\u010dily p\u0159ed\u010dasn\u011b kv\u016fli technick\u00fdm probl\u00e9m\u016fm. Shelby nicm\u00e9n\u011b kr\u00e1tce po\u00a0z\u00e1vod\u011b ukon\u010dil svoji kari\u00e9ru ze\u00a0zdravotn\u00edch d\u016fvod\u016f a\u00a0stal se\u00a0jedn\u00edm z\u00a0p\u0159edn\u00edch konstrukt\u00e9r\u016f a\u00a0design\u00e9r\u016f automobilky Ford Motor Company.<\/p>\n<h3>Ford GT40 vznikl jako konkurent Ferrari<\/h3>\n<p>Druhou polovinu 60.\u00a0let ovl\u00e1dl z\u00e1vod 24h\u00a0Le\u00a0Mans <strong>Ford GT40<\/strong>, vysoce v\u00fdkonn\u00fd v\u016fz, kter\u00fd\u00a0byl\u00a0konstruov\u00e1n jako p\u0159\u00edm\u00fd konkurent Ferrari. Model vyhr\u00e1l 4x po\u00a0sob\u011b \u2013 v\u00a0letech 1966 \u2013 1969. Pro\u00a0Henryho Forda\u00a0II., kter\u00fd\u00a0cel\u00fd koncern pod\u011bdil, se\u00a0jednalo o\u00a0jist\u00fd druh satisfakce. V\u00a0roce\u00a01963 se\u00a0toti\u017e Ford pokusil Ferrari odkoupit, s\u00a0akvizic\u00ed ale neusp\u011bl, a\u00a0tak\u00a0se\u00a0ura\u017een\u00fd Ford rozhodl porazit Ferrari na\u00a0jeho v\u00fdsostn\u00e9m \u00fazem\u00ed \u2013 z\u00e1vod\u011b Le\u00a0Mans. A\u00a0s\u00a0modelem Ford GT40 se\u00a0mu to\u00a0poda\u0159ilo.<\/p>\n<p><img decoding=\"async\" class=\"alignnone size-medium wp-image-8848\" src=\"https:\/\/storage.googleapis.com\/wp-resources\/srovnator.cz\/ng\/2023\/06\/24h-le-mans-vehlasny-zavod-slavi-100-let2-770x433.webp\" alt=\"Modelu Ford GT40 se v Le\u00a0Mans da\u0159ilo v 60. letech.\" width=\"770\" height=\"433\" srcset=\"https:\/\/storage.googleapis.com\/wp-resources\/srovnator.cz\/ng\/2023\/06\/24h-le-mans-vehlasny-zavod-slavi-100-let2-770x433.webp 770w, https:\/\/storage.googleapis.com\/wp-resources\/srovnator.cz\/ng\/2023\/06\/24h-le-mans-vehlasny-zavod-slavi-100-let2.webp 1280w\" sizes=\"(max-width: 770px) 100vw, 770px\" \/><br \/>\n<span class=\"small d-block mb-3 text-center\">Modelu Ford GT40 se\u00a0v\u00a0Le\u00a0Mans da\u0159ilo v\u00a060.\u00a0letech.<\/span><\/p>\n<h3>Porsche a\u00a0jeho dominance<\/h3>\n<p>70. a\u00a080.\u00a0l\u00e9ta se\u00a0nesla ve\u00a0znamen\u00ed nadvl\u00e1dy Porsche. To\u00a0nejprve dominovalo s\u00a0modelem <strong>Porsche 917<\/strong>, kter\u00e9\u00a0skon\u010dilo prvn\u00ed v\u00a0roce\u00a01970 a\u00a01971. Da\u0159ilo se\u00a0i\u00a0vozu <strong>Porsche 936<\/strong> a\u00a0hlavn\u011b jeho n\u00e1stupci <strong>Porsche 956<\/strong>. To\u00a0dok\u00e1zalo vyhr\u00e1t 4x v\u00a0\u0159ad\u011b, a\u00a0sice v\u00a0letech 1982 \u2013 1985. V\u00fdkon jeho motoru dosahoval hodnoty 474\u00a0kW a\u00a0v\u00a0roce\u00a01983 se\u00a0vozy Porsche objevily v\u00a0prvn\u00ed des\u00edtce hned na\u00a0dev\u00edti m\u00edstech. Prvn\u00ed m\u00edsta v\u00a0z\u00e1vod\u011b v\u00a0letech 1986 a\u00a01987 z\u00edskal model <strong>Porsche 962<\/strong>, kter\u00fd\u00a0pak dok\u00e1zal zv\u00edt\u011bzit je\u0161t\u011b o\u00a0sedm let pozd\u011bji. Dosud je\u00a0Porsche v\u016fbec nej\u00fasp\u011b\u0161n\u011bj\u0161\u00ed zna\u010dkou v\u00a0historii z\u00e1vodu.<\/p>\n<p><img decoding=\"async\" class=\"alignnone size-medium wp-image-8851\" src=\"https:\/\/storage.googleapis.com\/wp-resources\/srovnator.cz\/ng\/2023\/06\/24h-le-mans-vehlasny-zavod-slavi-100-let5-770x504.webp\" alt=\"Porsche 917 vyhr\u00e1lo z\u00e1vod v letech 1970 - 1971.\" width=\"770\" height=\"504\" srcset=\"https:\/\/storage.googleapis.com\/wp-resources\/srovnator.cz\/ng\/2023\/06\/24h-le-mans-vehlasny-zavod-slavi-100-let5-770x504.webp 770w, https:\/\/storage.googleapis.com\/wp-resources\/srovnator.cz\/ng\/2023\/06\/24h-le-mans-vehlasny-zavod-slavi-100-let5.webp 1280w\" sizes=\"(max-width: 770px) 100vw, 770px\" \/><br \/>\n<span class=\"small d-block mb-3 text-center\">Porsche 917 vyhr\u00e1lo z\u00e1vod v\u00a0letech 1970 \u2013 1971.<\/span><\/p>\n<h3>Nov\u00e9 stolet\u00ed ve\u00a0znamen\u00ed Audi<\/h3>\n<p>Od\u00a0roku 2000 a\u017e do\u00a0roku 2014 byl\u00a0z\u00e1vod v\u00a0Le\u00a0Mans pod\u00a0taktovkou Audi, vyjma let 2003 a\u00a02009, kdy\u00a0se\u00a0z\u00a0v\u00edt\u011bzstv\u00ed radovaly vozy <strong>Bentley Speed\u00a08\u00a0GT<\/strong>, resp. <strong>Peugeot 908<\/strong>. Audi je\u00a0tak\u00a0po\u00a0Porsche druhou nej\u00fasp\u011b\u0161n\u011bj\u0161\u00ed automobilkou z\u00e1vodu. Nejprve dominoval model <strong>Audi R8<\/strong> s\u00a0celkov\u00fdmi 5 prvenstv\u00edmi, da\u0159ilo se\u00a0i\u00a0<strong>Audi\u00a0R10<\/strong>. \u00c9ra Audi skon\u010dila v\u00a0roce\u00a02015, kdy\u00a0ho na\u00a0prvn\u00edm m\u00edst\u011b na\u00a0p\u00e1r let vyst\u0159\u00eddalo op\u011bt Porsche. O\u00a0dominanci voz\u016f Audi sv\u011bd\u010d\u00ed i\u00a0fakt, \u017ee\u00a0s\u00a0nimi 8 ze\u00a0sv\u00fdch celkov\u00fdch 9 v\u00edt\u011bzstv\u00ed z\u00edskal <strong>Tom Kristensen<\/strong>, dosud nej\u00fasp\u011b\u0161n\u011bj\u0161\u00ed pilot v\u00a0Le\u00a0Mans.<\/p>\n<p><img decoding=\"async\" class=\"alignnone size-medium wp-image-8847\" src=\"https:\/\/storage.googleapis.com\/wp-resources\/srovnator.cz\/ng\/2023\/06\/24h-le-mans-vehlasny-zavod-slavi-100-let-770x470.webp\" alt=\"Audi je druhou nej\u00fasp\u011b\u0161n\u011bj\u0161\u00ed automobilkou v historii z\u00e1vodu 24 hodin Le\u00a0Mans.\" width=\"770\" height=\"470\" srcset=\"https:\/\/storage.googleapis.com\/wp-resources\/srovnator.cz\/ng\/2023\/06\/24h-le-mans-vehlasny-zavod-slavi-100-let-770x470.webp 770w, https:\/\/storage.googleapis.com\/wp-resources\/srovnator.cz\/ng\/2023\/06\/24h-le-mans-vehlasny-zavod-slavi-100-let.webp 1280w\" sizes=\"(max-width: 770px) 100vw, 770px\" \/><br \/>\n<span class=\"small d-block mb-3 text-center\">Audi je\u00a0druhou nej\u00fasp\u011b\u0161n\u011bj\u0161\u00ed automobilkou v\u00a0historii z\u00e1vodu 24\u00a0hodin Le\u00a0Mans.<\/span><\/p>\n<h2 data-context=\"Nejen \u00fasp\u011bchy, ale i\u00a0nejv\u011bt\u0161\u00ed trag\u00e9die, jakou kdy\u00a0motorsport za\u017eil\" id=\"toc-nejen-uspechy-ale-i-nejvetsi-tragedie-jakou-kdy-motorsport-zazil\">Nejen \u00fasp\u011bchy, ale i\u00a0nejv\u011bt\u0161\u00ed trag\u00e9die, jakou kdy\u00a0motorsport za\u017eil<\/h2>\n<p>Mo\u017en\u00e1 byste mezi \u00fasp\u011b\u0161n\u00fdmi vozy z\u00e1vodu Le\u00a0Mans \u010dekali i\u00a0n\u011bkter\u00fd z\u00a0model\u016f od\u00a0automobilky Mercedes. T\u00e9 se\u00a0poda\u0159ilo zv\u00edt\u011bzit v\u00a0roce\u00a01952 s\u00a0vozem <strong>Mercedes 300 SL<\/strong>. V\u00a0ne\u0161\u0165astn\u00e9m roce\u00a01955 se\u00a0o\u010dek\u00e1val vyrovnan\u00fd souboj mezi modelem <strong>Mercedes 300 SLR<\/strong> a\u00a0britsk\u00fdm Jaguarem D-Type. Na\u00a0tribun\u00e1ch okruhu se\u00a0t\u00edsnilo zhruba 300\u00a0tis\u00edc div\u00e1k\u016f, tak\u00a0presti\u017en\u00ed z\u00e1vod se\u00a0o\u010dek\u00e1val. V\u00a0t\u00e9 dob\u011b nem\u011bli jednotliv\u00ed z\u00e1vodn\u00edci odd\u011blen\u00e9 boxy na\u00a0servis vozu, prost\u011b zaparkovali na\u00a0prav\u00e9 stran\u011b c\u00edlov\u00e9 rovinky. Mike Hawthorn v\u00a035. kole z\u00e1vodu na\u00a0posledn\u00ed chv\u00edli dupl na\u00a0brzdy sv\u00e9ho Jaguaru, aby\u00a0zajel do\u00a0\u201cboxu\u201d. <strong>Austin-Healey<\/strong> s\u00a0pilotem Lancem Macklinem jedouc\u00ed za\u00a0n\u00edm, byl\u00a0nucen prov\u00e9st \u201cmy\u0161ku\u201d doleva. V\u00a0ten moment se\u00a0ale kolem n\u011bj u\u017e \u0159\u00edtil Pierre Levegh v\u00a0Mercedesu 300 SLR. Z\u00e1\u010f Austina-Healey poslou\u017eila Mercedesu jako rampa, od\u00a0kter\u00e9\u00a0se\u00a0odrazil, a\u00a0jako ho\u0159\u00edc\u00ed koule vlet\u011bl mezi div\u00e1ky. P\u0159i\u00a0<a href='https:\/\/www.srovnator.cz\/havarijni-pojisteni\/'>t\u00e9to hav\u00e1rii<\/a> zahynul nejen Levegh, ale i\u00a0dal\u0161\u00edch 83 div\u00e1k\u016f, p\u0159es 200 jich utrp\u011blo zran\u011bn\u00ed. Dodnes je\u00a0to\u00a0nejv\u011bt\u0161\u00ed trag\u00e9die, jakou kdy\u00a0motorsport za\u017eil.<\/p>\n<p><img decoding=\"async\" class=\"alignnone size-medium wp-image-8852\" src=\"https:\/\/storage.googleapis.com\/wp-resources\/srovnator.cz\/ng\/2023\/06\/24h-le-mans-vehlasny-zavod-slavi-100-let6-770x512.webp\" alt=\"Se sportovn\u00ed verz\u00ed modelu Mercedes 300 SL vl\u00e9tl v roce 1955 Pierre Levegh v Le\u00a0Mans mezi div\u00e1ky.\" width=\"770\" height=\"512\" srcset=\"https:\/\/storage.googleapis.com\/wp-resources\/srovnator.cz\/ng\/2023\/06\/24h-le-mans-vehlasny-zavod-slavi-100-let6-770x512.webp 770w, https:\/\/storage.googleapis.com\/wp-resources\/srovnator.cz\/ng\/2023\/06\/24h-le-mans-vehlasny-zavod-slavi-100-let6.webp 1280w\" sizes=\"(max-width: 770px) 100vw, 770px\" \/><br \/>\n<span class=\"small d-block mb-3 text-center\">Se\u00a0sportovn\u00ed verz\u00ed modelu Mercedes 300 SL vl\u00e9tl v\u00a0roce\u00a01955 Pierre Levegh v\u00a0Le\u00a0Mans mezi div\u00e1ky.<\/span><\/p>\n<h2 data-context=\"24h\u00a0Le\u00a0Mans a\u00a0sou\u010dasnost\" id=\"toc-24h-le-mans-a-soucasnost\">24h\u00a0Le\u00a0Mans a\u00a0sou\u010dasnost<\/h2>\n<p>V\u00a0roce\u00a02011 se\u00a0do\u00a0z\u00e1vodu vr\u00e1tila i\u00a0nejv\u011bt\u0161\u00ed automobilka sv\u011bta \u2013 japonsk\u00e1 <strong>Toyota<\/strong>. Zprvu se\u00a0j\u00ed neda\u0159ilo, a\u017e v\u00a0roce\u00a02018 p\u0159i\u0161el prvn\u00ed \u00fasp\u011bch s\u00a0modelem <strong>Toyota\u00a0TS050<\/strong>, kter\u00fd\u00a0vyhr\u00e1l 3x v\u00a0\u0159ad\u011b. Dva posledn\u00ed ro\u010dn\u00edky, tedy roky 2021 a\u00a02022, ovl\u00e1dla automobilka s\u00a0modelem <strong>Toyota\u00a0GR010<\/strong>, minul\u00fd rok dokonce tento model obsadil prvn\u00ed dv\u011b p\u0159\u00ed\u010dky. Zda se\u00a0Toyot\u011b poda\u0159\u00ed vyhr\u00e1t i\u00a0v\u00a0roce\u00a0leto\u0161n\u00edm, se\u00a0dozv\u00edme o\u00a0v\u00edkendu 10. a\u00a011.\u00a0\u010dervna, kdy\u00a0startuje ji\u017e 91. ro\u010dn\u00edk z\u00e1vodu 24\u00a0hodin Le\u00a0Mans.<\/p>\n<h2>Nej\u010dast\u011bji kladen\u00e9 ot\u00e1zky \u2013 FAQ<\/h2>\n<div class=\"accordion faq \" id=\"accon0\">\n    <div class=\"accordion-item\">\n        <h3 class=\"accordion-header \" id=\"head-75975\">\n            <button class=\"accordion-button align-items-start collapsed\" type=\"button\" data-bs-toggle=\"collapse\" data-bs-target=\"#item-82571\" aria-expanded=\"true\" aria-controls=\"item-82571\">\n            Kdy se pojede v roce 2023 z\u00e1vod 24h Le Mans?\n            <\/button>\n        <\/h3>\n        <div id=\"item-82571\" class=\"accordion-collapse collapse \" aria-labelledby=\"head-75975\" data-bs-parent=\"#accon0\">\n            <div class=\"accordion-body\">\n        Letos se\u00a0z\u00e1vodn\u00ed vozy postav\u00ed na\u00a0okruh Circuit de la Sarthe o\u00a0v\u00edkendu 10. a\u00a011.\u00a0\u010dervna. Le\u00a0Mans oslav\u00ed v\u00a0tomto roce 100\u00a0let od\u00a0sv\u00e9ho vzniku. Poprv\u00e9 se\u00a0vozy na\u00a0startovn\u00ed \u010d\u00e1\u0159e objevily v\u00a0roce 1923. B\u011bhem druh\u00e9 sv\u011btov\u00e9 v\u00e1lky se\u00a0ale z\u00e1vod nekonal, proto se\u00a0nyn\u00ed pojede 91. ro\u010dn\u00edk z\u00e1vodu. Na\u00a0startu m\u016f\u017eete vid\u011bt i\u00a0tv\u00e1\u0159e zn\u00e1m\u00e9 ze\u00a0z\u00e1vod\u016f Formule 1 \u2013 Jenson Button, Jacques Villeneuve nebo Robert Kubica. O\u00a0formuli jsme psali nap\u0159\u00edklad <a href='https:\/\/www.srovnator.cz\/clanky\/formule-1-kralovska-disciplina-s-dlouholetou-tradici\/'>v\u00a0tomto \u010dl\u00e1nku<\/a>.<br \/>\n    <\/div>\n        <\/div>\n    <\/div>\n    <div class=\"accordion-item\">\n        <h3 class=\"accordion-header \" id=\"head-32968\">\n            <button class=\"accordion-button align-items-start collapsed\" type=\"button\" data-bs-toggle=\"collapse\" data-bs-target=\"#item-95575\" aria-expanded=\"true\" aria-controls=\"item-95575\">\n            Kter\u00e9 vozy pat\u0159\u00ed v z\u00e1vod\u011b 24 hodin Le Mans mezi ty nej\u00fasp\u011b\u0161n\u011bj\u0161\u00ed?\n            <\/button>\n        <\/h3>\n        <div id=\"item-95575\" class=\"accordion-collapse collapse \" aria-labelledby=\"head-32968\" data-bs-parent=\"#accon0\">\n            <div class=\"accordion-body\">\n        V\u00a0\u00fapln\u00fdch po\u010d\u00e1tc\u00edch z\u00e1vodu 24h\u00a0Le\u00a0Mans se\u00a0da\u0159ilo automobilk\u00e1m Bentley a\u00a0Alfa Romeo. Pot\u00e9 \u0161tafetu p\u0159evzaly Ford a\u00a0Ferrari. \u00dasp\u011b\u0161n\u00e9 byly i\u00a0vozy Jaguaru, Porsche, Audi a\u00a0v\u00a0posledn\u00edch letech vyhr\u00e1vaj\u00ed vozy japonsk\u00e9 Toyoty. Mezi v\u00edt\u011bzi ale m\u016f\u017eeme vid\u011bt i\u00a0vozy Aston Martin, Mercedes, Peugeot nebo Bugatti. O\u00a0dal\u0161\u00edch zaj\u00edmav\u00fdch hypersportech si m\u016f\u017eete p\u0159e\u010d\u00edst <a href='https:\/\/www.srovnator.cz\/clanky\/5-nejzajimavejsich-vyfuku-sportovnich-aut\/'>v\u00a0tomto \u010dl\u00e1nku<\/a>.<br \/>\n    <\/div>\n        <\/div>\n    <\/div>\n    <div class=\"accordion-item\">\n        <h3 class=\"accordion-header \" id=\"head-63077\">\n            <button class=\"accordion-button align-items-start collapsed\" type=\"button\" data-bs-toggle=\"collapse\" data-bs-target=\"#item-95049\" aria-expanded=\"true\" aria-controls=\"item-95049\">\n            Kter\u00fd v\u016fz dr\u017e\u00ed rychlostn\u00ed rekord v Le Mans?\n            <\/button>\n        <\/h3>\n        <div id=\"item-95049\" class=\"accordion-collapse collapse \" aria-labelledby=\"head-63077\" data-bs-parent=\"#accon0\">\n            <div class=\"accordion-body\">\n        V\u00a0roce 1988 dos\u00e1hl na\u00a06\u00a0kilometr\u016f dlouh\u00e9 rovince rychlostn\u00edho rekordu v\u016fz WM P88 Peugeot. Jeho hodnota byla 407\u00a0km\/h. Nutno dodat, \u017ee\u00a0motor automobilu tento n\u00e1por nevydr\u017eel a\u00a0po\u00a059 kolech z\u00e1vod vzdal. Rekord mu ale u\u017e pravd\u011bpodobn\u011b nikdo nevezme. V\u00a0roce 1990\u00a0toti\u017e byla zm\u00edn\u011bn\u00e1 rovinka rozd\u011blena z\u00a0bezpe\u010dnostn\u00edch d\u016fvod\u016f \u0161ikanami.<br \/>\n    <\/div>\n        <\/div>\n    <\/div>\n<\/div>\n","protected":false},"excerpt":{"rendered":"<p>Slavn\u00e9 24h Le Mans se ve Francii jezd\u00ed u\u017e od roku 1923. Vytrvalostn\u00ed z\u00e1vod na Circuit de la Sarthe je ur\u010den prototyp\u016fm a sportovn\u00edm voz\u016fm kategorie GT.<\/p>\n","protected":false},"author":7,"featured_media":8846,"comment_status":"closed","ping_status":"open","sticky":false,"template":"","format":"standard","meta":{"_acf_changed":false,"footnotes":""},"categories":[1],"tags":[807,1049,705,379,880,1025],"class_list":["post-8845","post","type-post","status-publish","format-standard","has-post-thumbnail","hentry","category-ostatni","tag-automobilka","tag-ford","tag-francie","tag-soutez","tag-zajimavosti","tag-zavodni-vozidlo"],"acf":{"znacka":"","model":"","objem":"","vyrobeno":"","vykon":"","velikost_1":"","velikost_2":"","velikost_3":"","velikost_4":"","roky":"","roky_velikost_1":"","roky_velikost_2":"","roky_velikost_3":"","roky_velikost_4":"","pocet_kalkulaci":0,"page_post_meta_bread":"","page_post_meta_bread_child":"","page_post_meta_script_head":"<script type=\"application\/ld+json\">\r\n    {\r\n        \"@context\": \"https:\/\/schema.org\",\r\n        \"@type\": \"FAQPage\",\r\n        \"mainEntity\": [{\r\n            \"@type\": \"Question\",\r\n            \"name\": \"Kdy se\u00a0pojede v\u00a0roce 2023 z\u00e1vod 24h Le Mans?\",\r\n            \"acceptedAnswer\": {\r\n                \"@type\": \"Answer\",\r\n                \"text\": \"Letos se\u00a0z\u00e1vodn\u00ed vozy postav\u00ed na\u00a0okruh Circuit de la Sarthe o\u00a0v\u00edkendu 10. a\u00a011.\u00a0\u010dervna. Le Mans oslav\u00ed v\u00a0tomto roce 100\u00a0let od\u00a0sv\u00e9ho vzniku. Poprv\u00e9 se\u00a0vozy na\u00a0startovn\u00ed \u010d\u00e1\u0159e objevily v\u00a0roce 1923. B\u011bhem druh\u00e9 sv\u011btov\u00e9 v\u00e1lky se\u00a0ale z\u00e1vod nekonal, proto se\u00a0nyn\u00ed pojede 91. ro\u010dn\u00edk z\u00e1vodu. Na\u00a0startu m\u016f\u017eete vid\u011bt i\u00a0tv\u00e1\u0159e zn\u00e1m\u00e9 ze\u00a0z\u00e1vod\u016f Formule 1 \u2013 Jenson Button, Jacques Villeneuve nebo Robert Kubica. O\u00a0formuli jsme psali nap\u0159\u00edklad <a href='https:\/\/www.srovnator.cz\/clanky\/formule-1-kralovska-disciplina-s-dlouholetou-tradici\/'>v\u00a0tomto \u010dl\u00e1nku<\/a>.\"\r\n                }\r\n            }, {\r\n            \"@type\": \"Question\",\r\n            \"name\": \"Kter\u00e9\u00a0vozy pat\u0159\u00ed v\u00a0z\u00e1vod\u011b 24\u00a0hodin Le Mans mezi ty nej\u00fasp\u011b\u0161n\u011bj\u0161\u00ed?\",\r\n            \"acceptedAnswer\": {\r\n                \"@type\": \"Answer\",\r\n                \"text\": \"V\u00a0\u00fapln\u00fdch po\u010d\u00e1tc\u00edch z\u00e1vodu 24h Le Mans se\u00a0da\u0159ilo automobilk\u00e1m Bentley a\u00a0Alfa Romeo. Pot\u00e9 \u0161tafetu p\u0159evzaly Ford a\u00a0Ferrari. \u00dasp\u011b\u0161n\u00e9 byly i\u00a0vozy Jaguaru, Porsche, Audi a\u00a0v\u00a0posledn\u00edch letech vyhr\u00e1vaj\u00ed vozy japonsk\u00e9 Toyoty. Mezi v\u00edt\u011bzi ale m\u016f\u017eeme vid\u011bt i\u00a0vozy Aston Martin, Mercedes, Peugeot nebo Bugatti. O\u00a0dal\u0161\u00edch zaj\u00edmav\u00fdch hypersportech si m\u016f\u017eete p\u0159e\u010d\u00edst <a href='https:\/\/www.srovnator.cz\/clanky\/5-nejzajimavejsich-vyfuku-sportovnich-aut\/'>v\u00a0tomto \u010dl\u00e1nku<\/a>.\"\r\n                }\r\n            }, {\r\n            \"@type\": \"Question\",\r\n            \"name\": \"Kter\u00fd\u00a0v\u016fz dr\u017e\u00ed rychlostn\u00ed rekord v\u00a0Le Mans?\",\r\n            \"acceptedAnswer\": {\r\n                \"@type\": \"Answer\",\r\n                \"text\": \"V\u00a0roce 1988 dos\u00e1hl na\u00a06\u00a0kilometr\u016f dlouh\u00e9 rovince rychlostn\u00edho rekordu v\u016fz WM P88 Peugeot. Jeho hodnota byla 407\u00a0km\/h. Nutno dodat, \u017ee\u00a0motor automobilu tento n\u00e1por nevydr\u017eel a\u00a0po\u00a059 kolech z\u00e1vod vzdal. Rekord mu ale u\u017e pravd\u011bpodobn\u011b nikdo nevezme. V\u00a0roce 1990\u00a0toti\u017e byla zm\u00edn\u011bn\u00e1 rovinka rozd\u011blena z\u00a0bezpe\u010dnostn\u00edch d\u016fvod\u016f \u0161ikanami.\"\r\n                }\r\n            }\r\n        ]\r\n    }\r\n<\/script>","page_post_meta_leaving_screen":"cat"},"yoast_head":"<!-- This site is optimized with the Yoast SEO plugin v25.5 - https:\/\/yoast.com\/wordpress\/plugins\/seo\/ -->\n<title>24h Le Mans - velkolep\u00e9 \u00fasp\u011bchy i nejv\u011bt\u0161\u00ed trag\u00e9die - Srovn\u00e1tor.cz<\/title>\n<meta name=\"description\" content=\"Slavn\u00e9 24h Le Mans se ve Francii jezd\u00ed u\u017e od roku 1923. Vytrvalostn\u00ed z\u00e1vod na Circuit de la Sarthe je ur\u010den prototyp\u016fm a sportovn\u00edm voz\u016fm kategorie GT.\" \/>\n<meta name=\"robots\" content=\"index, follow, max-snippet:-1, max-image-preview:large, max-video-preview:-1\" \/>\n<link rel=\"canonical\" href=\"https:\/\/www.srovnator.cz\/clanky\/24h-le-mans-vehlasny-zavod-slavi-100-let\/\" \/>\n<meta property=\"og:locale\" content=\"cs_CZ\" \/>\n<meta property=\"og:type\" content=\"article\" \/>\n<meta property=\"og:title\" content=\"24h Le Mans - velkolep\u00e9 \u00fasp\u011bchy i nejv\u011bt\u0161\u00ed trag\u00e9die - Srovn\u00e1tor.cz\" \/>\n<meta property=\"og:description\" content=\"Slavn\u00e9 24h Le Mans se ve Francii jezd\u00ed u\u017e od roku 1923. Vytrvalostn\u00ed z\u00e1vod na Circuit de la Sarthe je ur\u010den prototyp\u016fm a sportovn\u00edm voz\u016fm kategorie GT.\" \/>\n<meta property=\"og:url\" content=\"https:\/\/www.srovnator.cz\/clanky\/24h-le-mans-vehlasny-zavod-slavi-100-let\/\" \/>\n<meta property=\"og:site_name\" content=\"Srovn\u00e1tor.cz\" \/>\n<meta property=\"article:publisher\" content=\"https:\/\/www.facebook.com\/srovnator\/\" \/>\n<meta property=\"article:published_time\" content=\"2023-06-06T09:42:29+00:00\" \/>\n<meta property=\"article:modified_time\" content=\"2024-06-24T05:54:11+00:00\" \/>\n<meta property=\"og:image\" content=\"https:\/\/storage.googleapis.com\/wp-resources\/srovnator.cz\/ng\/2023\/06\/24h-le-mans-vehlasny-zavod-slavi-100-let7.webp\" \/>\n\t<meta property=\"og:image:width\" content=\"1280\" \/>\n\t<meta property=\"og:image:height\" content=\"853\" \/>\n\t<meta property=\"og:image:type\" content=\"image\/webp\" \/>\n<meta name=\"author\" content=\"Martin Straka\" \/>\n<meta name=\"twitter:card\" content=\"summary_large_image\" \/>\n<meta name=\"twitter:creator\" content=\"@Srovnator_czech\" \/>\n<meta name=\"twitter:site\" content=\"@Srovnator_czech\" \/>\n<meta name=\"twitter:label1\" content=\"Written by\" \/>\n\t<meta name=\"twitter:data1\" content=\"Martin Straka\" \/>\n\t<meta name=\"twitter:label2\" content=\"Est. reading time\" \/>\n\t<meta name=\"twitter:data2\" content=\"9 minutes\" \/>\n<script type=\"application\/ld+json\" class=\"yoast-schema-graph\">{\"@context\":\"https:\/\/schema.org\",\"@graph\":[{\"@type\":\"WebPage\",\"@id\":\"https:\/\/www.srovnator.cz\/clanky\/24h-le-mans-vehlasny-zavod-slavi-100-let\/\",\"url\":\"https:\/\/www.srovnator.cz\/clanky\/24h-le-mans-vehlasny-zavod-slavi-100-let\/\",\"name\":\"24h Le Mans - velkolep\u00e9 \u00fasp\u011bchy i nejv\u011bt\u0161\u00ed trag\u00e9die - Srovn\u00e1tor.cz\",\"isPartOf\":{\"@id\":\"https:\/\/www.srovnator.cz\/#website\"},\"primaryImageOfPage\":{\"@id\":\"https:\/\/www.srovnator.cz\/clanky\/24h-le-mans-vehlasny-zavod-slavi-100-let\/#primaryimage\"},\"image\":{\"@id\":\"https:\/\/www.srovnator.cz\/clanky\/24h-le-mans-vehlasny-zavod-slavi-100-let\/#primaryimage\"},\"thumbnailUrl\":\"https:\/\/storage.googleapis.com\/wp-resources\/srovnator.cz\/ng\/2023\/06\/24h-le-mans-vehlasny-zavod-slavi-100-let7.webp\",\"datePublished\":\"2023-06-06T09:42:29+00:00\",\"dateModified\":\"2024-06-24T05:54:11+00:00\",\"author\":{\"@id\":\"https:\/\/www.srovnator.cz\/#\/schema\/person\/f2be3ec81eda7dd06cf658cc9aa974ff\"},\"description\":\"Slavn\u00e9 24h Le Mans se ve Francii jezd\u00ed u\u017e od roku 1923. Vytrvalostn\u00ed z\u00e1vod na Circuit de la Sarthe je ur\u010den prototyp\u016fm a sportovn\u00edm voz\u016fm kategorie GT.\",\"inLanguage\":\"cs-CZ\",\"potentialAction\":[{\"@type\":\"ReadAction\",\"target\":[\"https:\/\/www.srovnator.cz\/clanky\/24h-le-mans-vehlasny-zavod-slavi-100-let\/\"]}]},{\"@type\":\"ImageObject\",\"inLanguage\":\"cs-CZ\",\"@id\":\"https:\/\/www.srovnator.cz\/clanky\/24h-le-mans-vehlasny-zavod-slavi-100-let\/#primaryimage\",\"url\":\"https:\/\/storage.googleapis.com\/wp-resources\/srovnator.cz\/ng\/2023\/06\/24h-le-mans-vehlasny-zavod-slavi-100-let7.webp\",\"contentUrl\":\"https:\/\/storage.googleapis.com\/wp-resources\/srovnator.cz\/ng\/2023\/06\/24h-le-mans-vehlasny-zavod-slavi-100-let7.webp\",\"width\":1280,\"height\":853,\"caption\":\"Z\u00e1vod 24h Le Mans se na okruhu Circuit de la Sarthe jezd\u00ed u\u017e od roku 1923.\"},{\"@type\":\"WebSite\",\"@id\":\"https:\/\/www.srovnator.cz\/#website\",\"url\":\"https:\/\/www.srovnator.cz\/\",\"name\":\"Srovn\u00e1tor.cz\",\"description\":\"\",\"potentialAction\":[{\"@type\":\"SearchAction\",\"target\":{\"@type\":\"EntryPoint\",\"urlTemplate\":\"https:\/\/www.srovnator.cz\/?s={search_term_string}\"},\"query-input\":{\"@type\":\"PropertyValueSpecification\",\"valueRequired\":true,\"valueName\":\"search_term_string\"}}],\"inLanguage\":\"cs-CZ\"},{\"@type\":\"Person\",\"@id\":\"https:\/\/www.srovnator.cz\/#\/schema\/person\/f2be3ec81eda7dd06cf658cc9aa974ff\",\"name\":\"Martin Straka\",\"image\":{\"@type\":\"ImageObject\",\"inLanguage\":\"cs-CZ\",\"@id\":\"https:\/\/www.srovnator.cz\/#\/schema\/person\/image\/\",\"url\":\"https:\/\/secure.gravatar.com\/avatar\/e91ecfaa01852a8f16b9f65e2ab5c2102d2bb71b2b029fd130ff6c5d21492f36?s=96&d=mm&r=g\",\"contentUrl\":\"https:\/\/secure.gravatar.com\/avatar\/e91ecfaa01852a8f16b9f65e2ab5c2102d2bb71b2b029fd130ff6c5d21492f36?s=96&d=mm&r=g\",\"caption\":\"Martin Straka\"},\"description\":\"Martin Straka je \u0159editelem klientsk\u00e9ho centra a p\u00e9\u010de o z\u00e1kazn\u00edky. Se sv\u00fdm t\u00fdmem poskytuje z\u00e1kazn\u00edk\u016fm Srovn\u00e1tor.cz \u0161pi\u010dkov\u00fd servis a dohl\u00ed\u017e\u00ed na to, aby na\u0161e procesy byly efektivn\u00ed a z\u00e1kazn\u00edci byli spokojen\u00ed nejen p\u0159i sjedn\u00e1n\u00ed nov\u00e9ho produktu, ale i kdykoliv pot\u0159ebuj\u00ed s n\u011b\u010d\u00edm pomoci. Jeho \u010dl\u00e1nky informuj\u00ed nejen o nejnov\u011bj\u0161\u00edch trendech a aktu\u00e1ln\u00edch t\u00e9matech, ale p\u0159in\u00e1\u0161\u00ed i praktick\u00e9 a zaj\u00edmav\u00e9 tipy z r\u016fzn\u00fdch oblast\u00ed b\u011b\u017en\u00e9ho \u017eivota.\",\"url\":\"https:\/\/www.srovnator.cz\/autori\/martin-straka\/\"}]}<\/script>\n<!-- \/ Yoast SEO plugin. -->","yoast_head_json":{"title":"24h Le Mans - velkolep\u00e9 \u00fasp\u011bchy i nejv\u011bt\u0161\u00ed trag\u00e9die - Srovn\u00e1tor.cz","description":"Slavn\u00e9 24h Le Mans se ve Francii jezd\u00ed u\u017e od roku 1923. Vytrvalostn\u00ed z\u00e1vod na Circuit de la Sarthe je ur\u010den prototyp\u016fm a sportovn\u00edm voz\u016fm kategorie GT.","robots":{"index":"index","follow":"follow","max-snippet":"max-snippet:-1","max-image-preview":"max-image-preview:large","max-video-preview":"max-video-preview:-1"},"canonical":"https:\/\/www.srovnator.cz\/clanky\/24h-le-mans-vehlasny-zavod-slavi-100-let\/","og_locale":"cs_CZ","og_type":"article","og_title":"24h Le Mans - velkolep\u00e9 \u00fasp\u011bchy i nejv\u011bt\u0161\u00ed trag\u00e9die - Srovn\u00e1tor.cz","og_description":"Slavn\u00e9 24h Le Mans se ve Francii jezd\u00ed u\u017e od roku 1923. Vytrvalostn\u00ed z\u00e1vod na Circuit de la Sarthe je ur\u010den prototyp\u016fm a sportovn\u00edm voz\u016fm kategorie GT.","og_url":"https:\/\/www.srovnator.cz\/clanky\/24h-le-mans-vehlasny-zavod-slavi-100-let\/","og_site_name":"Srovn\u00e1tor.cz","article_publisher":"https:\/\/www.facebook.com\/srovnator\/","article_published_time":"2023-06-06T09:42:29+00:00","article_modified_time":"2024-06-24T05:54:11+00:00","og_image":[{"width":1280,"height":853,"url":"https:\/\/storage.googleapis.com\/wp-resources\/srovnator.cz\/ng\/2023\/06\/24h-le-mans-vehlasny-zavod-slavi-100-let7.webp","type":"image\/webp"}],"author":"Martin Straka","twitter_card":"summary_large_image","twitter_creator":"@Srovnator_czech","twitter_site":"@Srovnator_czech","twitter_misc":{"Written by":"Martin Straka","Est. reading time":"9 minutes"},"schema":{"@context":"https:\/\/schema.org","@graph":[{"@type":"WebPage","@id":"https:\/\/www.srovnator.cz\/clanky\/24h-le-mans-vehlasny-zavod-slavi-100-let\/","url":"https:\/\/www.srovnator.cz\/clanky\/24h-le-mans-vehlasny-zavod-slavi-100-let\/","name":"24h Le Mans - velkolep\u00e9 \u00fasp\u011bchy i nejv\u011bt\u0161\u00ed trag\u00e9die - Srovn\u00e1tor.cz","isPartOf":{"@id":"https:\/\/www.srovnator.cz\/#website"},"primaryImageOfPage":{"@id":"https:\/\/www.srovnator.cz\/clanky\/24h-le-mans-vehlasny-zavod-slavi-100-let\/#primaryimage"},"image":{"@id":"https:\/\/www.srovnator.cz\/clanky\/24h-le-mans-vehlasny-zavod-slavi-100-let\/#primaryimage"},"thumbnailUrl":"https:\/\/storage.googleapis.com\/wp-resources\/srovnator.cz\/ng\/2023\/06\/24h-le-mans-vehlasny-zavod-slavi-100-let7.webp","datePublished":"2023-06-06T09:42:29+00:00","dateModified":"2024-06-24T05:54:11+00:00","author":{"@id":"https:\/\/www.srovnator.cz\/#\/schema\/person\/f2be3ec81eda7dd06cf658cc9aa974ff"},"description":"Slavn\u00e9 24h Le Mans se ve Francii jezd\u00ed u\u017e od roku 1923. Vytrvalostn\u00ed z\u00e1vod na Circuit de la Sarthe je ur\u010den prototyp\u016fm a sportovn\u00edm voz\u016fm kategorie GT.","inLanguage":"cs-CZ","potentialAction":[{"@type":"ReadAction","target":["https:\/\/www.srovnator.cz\/clanky\/24h-le-mans-vehlasny-zavod-slavi-100-let\/"]}]},{"@type":"ImageObject","inLanguage":"cs-CZ","@id":"https:\/\/www.srovnator.cz\/clanky\/24h-le-mans-vehlasny-zavod-slavi-100-let\/#primaryimage","url":"https:\/\/storage.googleapis.com\/wp-resources\/srovnator.cz\/ng\/2023\/06\/24h-le-mans-vehlasny-zavod-slavi-100-let7.webp","contentUrl":"https:\/\/storage.googleapis.com\/wp-resources\/srovnator.cz\/ng\/2023\/06\/24h-le-mans-vehlasny-zavod-slavi-100-let7.webp","width":1280,"height":853,"caption":"Z\u00e1vod 24h Le Mans se na okruhu Circuit de la Sarthe jezd\u00ed u\u017e od roku 1923."},{"@type":"WebSite","@id":"https:\/\/www.srovnator.cz\/#website","url":"https:\/\/www.srovnator.cz\/","name":"Srovn\u00e1tor.cz","description":"","potentialAction":[{"@type":"SearchAction","target":{"@type":"EntryPoint","urlTemplate":"https:\/\/www.srovnator.cz\/?s={search_term_string}"},"query-input":{"@type":"PropertyValueSpecification","valueRequired":true,"valueName":"search_term_string"}}],"inLanguage":"cs-CZ"},{"@type":"Person","@id":"https:\/\/www.srovnator.cz\/#\/schema\/person\/f2be3ec81eda7dd06cf658cc9aa974ff","name":"Martin Straka","image":{"@type":"ImageObject","inLanguage":"cs-CZ","@id":"https:\/\/www.srovnator.cz\/#\/schema\/person\/image\/","url":"https:\/\/secure.gravatar.com\/avatar\/e91ecfaa01852a8f16b9f65e2ab5c2102d2bb71b2b029fd130ff6c5d21492f36?s=96&d=mm&r=g","contentUrl":"https:\/\/secure.gravatar.com\/avatar\/e91ecfaa01852a8f16b9f65e2ab5c2102d2bb71b2b029fd130ff6c5d21492f36?s=96&d=mm&r=g","caption":"Martin Straka"},"description":"Martin Straka je \u0159editelem klientsk\u00e9ho centra a p\u00e9\u010de o z\u00e1kazn\u00edky. Se sv\u00fdm t\u00fdmem poskytuje z\u00e1kazn\u00edk\u016fm Srovn\u00e1tor.cz \u0161pi\u010dkov\u00fd servis a dohl\u00ed\u017e\u00ed na to, aby na\u0161e procesy byly efektivn\u00ed a z\u00e1kazn\u00edci byli spokojen\u00ed nejen p\u0159i sjedn\u00e1n\u00ed nov\u00e9ho produktu, ale i kdykoliv pot\u0159ebuj\u00ed s n\u011b\u010d\u00edm pomoci. Jeho \u010dl\u00e1nky informuj\u00ed nejen o nejnov\u011bj\u0161\u00edch trendech a aktu\u00e1ln\u00edch t\u00e9matech, ale p\u0159in\u00e1\u0161\u00ed i praktick\u00e9 a zaj\u00edmav\u00e9 tipy z r\u016fzn\u00fdch oblast\u00ed b\u011b\u017en\u00e9ho \u017eivota.","url":"https:\/\/www.srovnator.cz\/autori\/martin-straka\/"}]}},"amp_enabled":true,"_links":{"self":[{"href":"https:\/\/www.srovnator.cz\/rest_api\/wp\/v2\/posts\/8845","targetHints":{"allow":["GET"]}}],"collection":[{"href":"https:\/\/www.srovnator.cz\/rest_api\/wp\/v2\/posts"}],"about":[{"href":"https:\/\/www.srovnator.cz\/rest_api\/wp\/v2\/types\/post"}],"author":[{"embeddable":true,"href":"https:\/\/www.srovnator.cz\/rest_api\/wp\/v2\/users\/7"}],"replies":[{"embeddable":true,"href":"https:\/\/www.srovnator.cz\/rest_api\/wp\/v2\/comments?post=8845"}],"version-history":[{"count":2,"href":"https:\/\/www.srovnator.cz\/rest_api\/wp\/v2\/posts\/8845\/revisions"}],"predecessor-version":[{"id":8854,"href":"https:\/\/www.srovnator.cz\/rest_api\/wp\/v2\/posts\/8845\/revisions\/8854"}],"wp:featuredmedia":[{"embeddable":true,"href":"https:\/\/www.srovnator.cz\/rest_api\/wp\/v2\/media\/8846"}],"wp:attachment":[{"href":"https:\/\/www.srovnator.cz\/rest_api\/wp\/v2\/media?parent=8845"}],"wp:term":[{"taxonomy":"category","embeddable":true,"href":"https:\/\/www.srovnator.cz\/rest_api\/wp\/v2\/categories?post=8845"},{"taxonomy":"post_tag","embeddable":true,"href":"https:\/\/www.srovnator.cz\/rest_api\/wp\/v2\/tags?post=8845"}],"curies":[{"name":"wp","href":"https:\/\/api.w.org\/{rel}","templated":true}]}}