{"id":9424,"date":"2024-03-15T10:44:44","date_gmt":"2024-03-15T09:44:44","guid":{"rendered":"https:\/\/www.srovnator.cz\/?p=9424"},"modified":"2026-01-28T13:56:30","modified_gmt":"2026-01-28T12:56:30","slug":"cestovani-s-detmi-aneb-na-co-nezapomenout-pri-ceste-za-poznanim","status":"publish","type":"post","link":"https:\/\/www.srovnator.cz\/clanky\/cestovani-s-detmi-aneb-na-co-nezapomenout-pri-ceste-za-poznanim\/","title":{"rendered":"Cestov\u00e1n\u00ed s d\u011btmi aneb na co nezapomenout p\u0159i cest\u011b za pozn\u00e1n\u00edm"},"content":{"rendered":"<p><strong>Dlouh\u00e9 cesty autem \u010di\u00a0letadlem jsou mnohdy n\u00e1ro\u010dn\u00e9 i\u00a0pro\u00a0dosp\u011bl\u00e9ho, ty nejmen\u0161\u00ed d\u011bti nav\u00edc vy\u017eaduj\u00ed neust\u00e1lou p\u00e9\u010di a\u00a0pozornost. Abyste si cestov\u00e1n\u00ed s\u00a0d\u011btmi u\u017eili bez stresu, je\u00a0pot\u0159eba se\u00a0na\u00a0n\u011bj dob\u0159e p\u0159ipravit. Na\u00a0n\u00e1sleduj\u00edc\u00edch \u0159\u00e1dc\u00edch v\u00e1m porad\u00edme, co\u00a0si s\u00a0sebou p\u0159ibalit do\u00a0ta\u0161ky a\u00a0na\u00a0co\u00a0si d\u00e1t na\u00a0cest\u00e1ch pozor.<\/strong><\/p>\n<p class=\"h2 mt-3\">Obsah \u010dl\u00e1nku<\/p>\n<ul>\n<li><a href=\"#toc-cestovani-s-detmi-do-zahranici-vyzaduje-pripravu\">Cestov\u00e1n\u00ed s\u00a0d\u011btmi do\u00a0zahrani\u010d\u00ed vy\u017eaduje p\u0159\u00edpravu<\/a><\/li>\n<li><a href=\"#toc-co-vzit-s-sebou-do-auta-ci-letadla\">Co\u00a0vz\u00edt s\u00a0sebou do\u00a0auta \u010di\u00a0letadla<\/a><\/li>\n<\/ul>\n<h2 data-context=\"Cestov\u00e1n\u00ed s\u00a0d\u011btmi do\u00a0zahrani\u010d\u00ed vy\u017eaduje p\u0159\u00edpravu\" id=\"toc-cestovani-s-detmi-do-zahranici-vyzaduje-pripravu\">Cestov\u00e1n\u00ed s\u00a0d\u011btmi do\u00a0zahrani\u010d\u00ed vy\u017eaduje p\u0159\u00edpravu<\/h2>\n<p>Ne\u017e v\u016fbec za\u010dnete o\u00a0dovolen\u00e9 v\u00a0zahrani\u010d\u00ed s\u00a0d\u011btmi p\u0159em\u00fd\u0161let, m\u011bli byste m\u00edt zaji\u0161t\u011bn\u00e9 <b>cestovn\u00ed doklady<\/b>. Jak\u00e1 pro\u00a0n\u011b plat\u00ed pravidla?<\/p>\n<ul>\n<li>Cestovn\u00ed pas \u010di\u00a0ob\u010dansk\u00fd pr\u016fkaz pot\u0159ebuj\u00ed p\u0159i\u00a0cest\u00e1ch do\u00a0zahrani\u010d\u00ed i\u00a0<b>novorozenci<\/b>.<\/li>\n<li><b>Ob\u010dansk\u00fd pr\u016fkaz<\/b> lze vyu\u017e\u00edt pouze p\u0159i\u00a0cestov\u00e1n\u00ed s\u00a0d\u011btmi po\u00a0EU + Norska, Alb\u00e1nie, Lichten\u0161tejnska, \u0160v\u00fdcarska, Makedonie, Bosny a\u00a0Hercegoviny, \u010cern\u00e9 hory, Srbska, Gruzie a\u00a0na\u00a0Island. <b>Mimo tyto zem\u011b je\u00a0pot\u0159eba cestovn\u00ed pas.<\/b><\/li>\n<li>Platnost dokladu pro\u00a0d\u011bti mlad\u0161\u00ed 15\u00a0let je\u00a05\u00a0let, ov\u0161em <b>POZOR<\/b> \u2013 d\u00edt\u011b si na\u00a0fotografii mus\u00ed b\u00fdt podobn\u00e9. U\u00a0nejmen\u0161\u00edch d\u011bt\u00ed se\u00a0jejich vzhled m\u016f\u017ee zm\u011bnit d\u0159\u00edve ne\u017e za\u00a0p\u011bt let.<\/li>\n<li>Lh\u016fta pro\u00a0vyhotoven\u00ed cestovn\u00edho dokladu je\u00a030\u00a0dn\u00ed. Za\u00a0p\u0159\u00edplatek je\u00a0ale mo\u017en\u00e9 doklad vydat do\u00a05\u00a0dn\u00ed, resp. do\u00a024\u00a0hodin.<\/li>\n<\/ul>\n<p>Chyst\u00e1te-li se\u00a0na\u00a0\u00fa\u0159ad za\u017e\u00e1dat o\u00a0cestovn\u00ed doklad pro\u00a0d\u00edt\u011b, ur\u010dit\u011b vemte s\u00a0sebou dan\u00e9 d\u00edt\u011b, jeho rodn\u00fd list a\u00a0sv\u016fj ob\u010dansk\u00fd pr\u016fkaz.<\/p>\n<img decoding=\"async\" width=\"770\" height=\"495\" src=\"https:\/\/storage.googleapis.com\/wp-resources\/srovnator.cz\/ng\/2024\/03\/cestovani-s-detmi-aneb-na-co-nezapomenout-pri-ceste-za-poznanim3-770x495.webp\" class=\" wp-post-image wp-stateless-item\" alt=\"Cestov\u00e1n\u00ed s d\u011btmi aneb na co nezapomenout p\u0159i cest\u011b za pozn\u00e1n\u00edm\" title=\"Cestov\u00e1n\u00ed s d\u011btmi aneb na co nezapomenout p\u0159i cest\u011b za pozn\u00e1n\u00edm\" srcset=\"https:\/\/storage.googleapis.com\/wp-resources\/srovnator.cz\/ng\/2024\/03\/cestovani-s-detmi-aneb-na-co-nezapomenout-pri-ceste-za-poznanim3-770x495.webp 770w, https:\/\/storage.googleapis.com\/wp-resources\/srovnator.cz\/ng\/2024\/03\/cestovani-s-detmi-aneb-na-co-nezapomenout-pri-ceste-za-poznanim3.webp 960w\" sizes=\"(max-width: 770px) 100vw, 770px\" data-image-size=\"medium\" data-stateless-media-bucket=\"wp-resources\" data-stateless-media-name=\"srovnator.cz\/ng\/2024\/03\/cestovani-s-detmi-aneb-na-co-nezapomenout-pri-ceste-za-poznanim3.webp\" \/><div class=\"small mb-4 mt-2 text-center\">P\u0159i cest\u00e1ch mimo Evropu mus\u00ed m\u00edt d\u00edt\u011b cestovn\u00ed pas.<\/div>\n<h3>Co\u00a0d\u011blat, kdy\u017e\u00a0cestujeme s\u00a0d\u011btmi bez rodi\u010d\u016f<\/h3>\n<p>V\u00a0r\u016fzn\u00fdch zem\u00edch mohou platit jin\u00e1 pravidla pro\u00a0situace, pokud nezletil\u00e9 d\u00edt\u011b cestuje bez z\u00e1konn\u00e9ho z\u00e1stupce. Pokud tedy berete na\u00a0dovolenou svou nete\u0159 \u010di\u00a0synovce, m\u011bli byste si ov\u011b\u0159it na\u00a0zastupitelsk\u00e9m \u00fa\u0159adu dan\u00e9 zem\u011b, zda nepo\u017eaduje <b>p\u00edsemn\u00fd souhlas rodi\u010d\u016f s\u00a0vycestov\u00e1n\u00edm d\u00edt\u011bte<\/b>.<\/p>\n<p>Souhlas s\u00a0vycestov\u00e1n\u00edm zva\u017ete, pokud m\u00e1te jin\u00e9 p\u0159\u00edjmen\u00ed ne\u017e d\u00edt\u011b.<\/p>\n<p>Podobn\u011b je\u00a0t\u0159eba \u0159e\u0161it situaci s\u00a0cestov\u00e1n\u00edm v\u00a0p\u0159\u00edpad\u011b, \u017ee\u00a0d\u00edt\u011b cestuje jen\u00a0s\u00a0jedn\u00edm z\u00e1konn\u00fdm z\u00e1stupcem.<\/p>\n<ul>\n<li>Souhlas druh\u00e9ho rodi\u010de byste m\u011bli m\u00edt, pokud se\u00a0chyst\u00e1te do\u00a0ciziny na\u00a0dlouhou dobu, obzvl\u00e1\u0161\u0165 mimo zemi EU.<\/li>\n<li>V\u00a0dokumentu by\u00a0m\u011blo b\u00fdt identifikov\u00e1no d\u00edt\u011b, doprov\u00e1zej\u00edc\u00ed osoba, destinace a\u00a0datum pobytu.<\/li>\n<li>Hodit se\u00a0v\u00e1m bude i\u00a0kopie rodn\u00e9ho listu, p\u0159\u00edpadn\u011b rozhodnut\u00ed soudu o\u00a0sv\u011b\u0159en\u00ed d\u00edt\u011bte do\u00a0p\u00e9\u010de.<\/li>\n<\/ul>\n<p>Podpis osoby, kter\u00e1\u00a0v\u00e1m ud\u011bluje souhlas s\u00a0vycestov\u00e1n\u00edm d\u00edt\u011bte, je\u00a0vhodn\u00e9 nechat \u00fa\u0159edn\u011b ov\u011b\u0159it (CzechPoint, obecn\u00ed \u00fa\u0159ad). S\u00a0dokumentem se\u00a0pak obra\u0165te na\u00a0zastoupen\u00ed dan\u00e9 zem\u011b, aby\u00a0v\u00e1m podpis na\u00a0cizojazy\u010dn\u00e9m dokumentu potvrdilo.<\/p>\n<p><img decoding=\"async\" src=\"https:\/\/storage.googleapis.com\/wp-resources\/srovnator.cz\/ng\/2024\/03\/cestovani-s-detmi-aneb-na-co-nezapomenout-pri-ceste-za-poznanim-770x500.webp\" alt=\"Cestov\u00e1n\u00ed s d\u011btmi je n\u00e1ro\u010dn\u011bj\u0161\u00ed na p\u0159\u00edpravu.\" width=\"770\" height=\"500\" class=\"alignnone size-medium wp-image-9426\" srcset=\"https:\/\/storage.googleapis.com\/wp-resources\/srovnator.cz\/ng\/2024\/03\/cestovani-s-detmi-aneb-na-co-nezapomenout-pri-ceste-za-poznanim-770x500.webp 770w, https:\/\/storage.googleapis.com\/wp-resources\/srovnator.cz\/ng\/2024\/03\/cestovani-s-detmi-aneb-na-co-nezapomenout-pri-ceste-za-poznanim.webp 960w\" sizes=\"(max-width: 770px) 100vw, 770px\" \/><br \/>\n<span class=\"small d-block mb-3 text-center\">Cestov\u00e1n\u00ed s\u00a0d\u011btmi je\u00a0n\u00e1ro\u010dn\u011bj\u0161\u00ed na\u00a0p\u0159\u00edpravu.<\/span><\/p>\n<h2 data-context=\"Co\u00a0vz\u00edt s\u00a0sebou do\u00a0auta \u010di\u00a0letadla\" id=\"toc-co-vzit-s-sebou-do-auta-ci-letadla\">Co\u00a0vz\u00edt s\u00a0sebou do\u00a0auta \u010di\u00a0letadla<\/h2>\n<p>Cestov\u00e1n\u00ed s\u00a0d\u011btmi \u0161kolou povinn\u00fdmi v\u011bt\u0161inou prob\u00edh\u00e1 celkem hladce. Vysta\u010d\u00edte si s\u00a0pit\u00edm, z\u00e1sobami j\u00eddla a\u00a0vlh\u010den\u00fdmi ubrousky. O\u00a0z\u00e1bavu se\u00a0p\u0159i\u00a0cestov\u00e1n\u00ed s\u00a0d\u011btmi do\u00a0zahrani\u010d\u00ed postar\u00e1 kniha, hudba \u010di\u00a0tablet s\u00a0filmy, poh\u00e1dkami nebo hrami.\u00a0<\/p>\n<p>O\u00a0n\u011bco n\u00e1ro\u010dn\u011bj\u0161\u00ed je\u00a0cestovat s\u00a0kojenci \u010di\u00a0batolaty, kte\u0159\u00ed vy\u017eaduj\u00ed pozornost, a\u00a0nejsou je\u0161t\u011b zcela schopni ch\u00e1pat koncept dlouh\u00e9ho sezen\u00ed v\u00a0klidu.<\/p>\n<h3>Cestov\u00e1n\u00ed s\u00a0d\u011btmi autem<\/h3>\n<p>Cestujete-li na\u00a0dovolenou autem, pak v\u011bnujte pozornost v\u00fdb\u011bru d\u011btsk\u00e9 autoseda\u010dky jako\u017eto nejd\u016fle\u017eit\u011bj\u0161\u00edmu bezpe\u010dnostn\u00edmi prvku. <a href=\"https:\/\/www.srovnator.cz\/clanky\/isofix-a-bezpecna-preprava-deti\/\">Jak bezpe\u010dn\u011b p\u0159ev\u00e1\u017eet d\u00edt\u011b v\u00a0aut\u011b?<\/a><\/p>\n<p>Co\u00a0byste m\u011bli m\u00edt p\u0159i\u00a0dlouh\u00e9 cest\u011b autem po\u00a0ruce?<\/p>\n<ul>\n<li>Clona p\u0159ed\u00a0slune\u010dn\u00edm svitem (obzvl\u00e1\u0161\u0165 velmi mal\u00e9 d\u011bti jsou n\u00e1chyln\u00e9 ke\u00a0sp\u00e1lenin\u00e1m od\u00a0slun\u00ed\u010dka),<\/li>\n<li>v\u011bci na\u00a0p\u0159ebalov\u00e1n\u00ed (pleny, vlh\u010den\u00e9 ubrousky, p\u0159ebalovac\u00ed podlo\u017eka),<\/li>\n<li>n\u00e1hradn\u00ed oble\u010den\u00ed,<\/li>\n<li>d\u011btsk\u00e1 v\u00fd\u017eiva,<\/li>\n<li>voda,<\/li>\n<li>l\u00e9k\u00e1rni\u010dka,<\/li>\n<li>deka, na\u00a0kterou d\u00edt\u011b polo\u017e\u00edte p\u0159i\u00a0zast\u00e1vce,<\/li>\n<li>hra\u010dky (a\u0165 u\u017e obl\u00edben\u00e9 nebo nov\u00e9, kter\u00e9\u00a0d\u00edt\u011b p\u0159i\u00a0cest\u011b zabav\u00ed).<\/li>\n<\/ul>\n<p>Hodn\u011b rodi\u010d\u016f mal\u00fdch d\u011bt\u00ed vol\u00ed cestu autem p\u0159es noc. D\u00edt\u011b sice v\u011bt\u0161inu cesty prosp\u00ed, samotn\u00e1 cesta autem v\u00a0noci ale vy\u017eaduje pozornost a\u00a0soust\u0159ed\u011bn\u00ed, kter\u00e9\u00a0s\u00a0\u00fanavou klesaj\u00ed. Pro\u00a0v\u0161echny p\u0159\u00edpady m\u011bjte sjednan\u00e9 v\u00fdhodn\u00e9 <a href=\"https:\/\/www.srovnator.cz\/cestovni-pojisteni\/\">cestovn\u00ed poji\u0161t\u011bn\u00ed pro\u00a0celou rodinu<\/a>.<\/p>\n<p><img decoding=\"async\" src=\"https:\/\/storage.googleapis.com\/wp-resources\/srovnator.cz\/ng\/2024\/03\/cestovani-s-detmi-aneb-na-co-nezapomenout-pri-ceste-za-poznanim2-770x514.webp\" alt=\"P\u0159i cest\u00e1ch autem dbejte hlavn\u011b na bezpe\u010dnost.\" width=\"770\" height=\"514\" class=\"alignnone size-medium wp-image-9427\" srcset=\"https:\/\/storage.googleapis.com\/wp-resources\/srovnator.cz\/ng\/2024\/03\/cestovani-s-detmi-aneb-na-co-nezapomenout-pri-ceste-za-poznanim2-770x514.webp 770w, https:\/\/storage.googleapis.com\/wp-resources\/srovnator.cz\/ng\/2024\/03\/cestovani-s-detmi-aneb-na-co-nezapomenout-pri-ceste-za-poznanim2.webp 1124w\" sizes=\"(max-width: 770px) 100vw, 770px\" \/><br \/>\n<span class=\"small d-block mb-3 text-center\">P\u0159i\u00a0cest\u00e1ch autem dbejte hlavn\u011b na\u00a0bezpe\u010dnost.<\/span><\/p>\n<h3>Cestov\u00e1n\u00ed s\u00a0d\u011btmi letadlem<\/h3>\n<p>S\u00a0mal\u00fdmi d\u011btmi je\u00a0l\u00e9t\u00e1n\u00ed na\u00a0dovolenou o\u00a0n\u011bco n\u00e1ro\u010dn\u011bj\u0161\u00ed. P\u0159eci jen\u00a0nem\u016f\u017eete cestu p\u0159eru\u0161it a\u00a0do\u00a0jist\u00e9 m\u00edry jste z\u00e1visl\u00ed na\u00a0okoln\u00edm prost\u0159ed\u00ed. Asi nejt\u011b\u017e\u0161\u00edm momentem je\u00a0<b>p\u0159ist\u00e1n\u00ed<\/b>, kdy\u00a0mohou bolet u\u0161i. <b>Jak zm\u00edrnit bolest u\u00a0mal\u00fdch d\u011bt\u00ed?<\/b><\/p>\n<ul>\n<li>U\u00a0kojen\u00fdch d\u011bt\u00ed zm\u00edrn\u00edte bolest pr\u00e1v\u011b kojen\u00edm.<\/li>\n<li>Star\u0161\u00edm d\u011btem pomohou r\u016fzn\u00e9 druhy bonbon\u016f, \u017ev\u00fdka\u010dek \u010di\u00a0l\u00edz\u00e1tek, p\u0159\u00edpadn\u011b pit\u00ed s\u00a0br\u010dkem.<\/li>\n<li>N\u011bkte\u0159\u00ed rodi\u010de preventivn\u011b p\u0159ed\u00a0letem d\u00e1vaj\u00ed l\u00e9ky proti bolesti \u010di\u00a0kapky do\u00a0nosu.<\/li>\n<li>Pokuste se\u00a0d\u00edt\u011bti vysv\u011btlit, a\u0165 polyk\u00e1 \u010di\u00a0z\u00edv\u00e1.<\/li>\n<\/ul>\n<p><img decoding=\"async\" src=\"https:\/\/storage.googleapis.com\/wp-resources\/srovnator.cz\/ng\/2024\/03\/cestovani-s-detmi-aneb-na-co-nezapomenout-pri-ceste-za-poznanim4-770x513.webp\" alt=\"Cestov\u00e1n\u00ed s d\u011btmi letadlem vy\u017eaduje ob\u010das pevn\u00e9 nervy.\" width=\"770\" height=\"513\" class=\"alignnone size-medium wp-image-9425\" srcset=\"https:\/\/storage.googleapis.com\/wp-resources\/srovnator.cz\/ng\/2024\/03\/cestovani-s-detmi-aneb-na-co-nezapomenout-pri-ceste-za-poznanim4-770x513.webp 770w, https:\/\/storage.googleapis.com\/wp-resources\/srovnator.cz\/ng\/2024\/03\/cestovani-s-detmi-aneb-na-co-nezapomenout-pri-ceste-za-poznanim4.webp 960w\" sizes=\"(max-width: 770px) 100vw, 770px\" \/><br \/>\n<span class=\"small d-block mb-3 text-center\">Cestov\u00e1n\u00ed s\u00a0d\u011btmi letadlem vy\u017eaduje ob\u010das pevn\u00e9 nervy.<\/span><\/p>\n<p>Co\u00a0byste m\u011bli m\u00edt s\u00a0sebou v\u00a0p\u0159\u00edru\u010dn\u00edm zavazadle? Krom\u011b v\u00fd\u0161e uveden\u00fdch v\u011bc\u00ed, kter\u00e9\u00a0pot\u0159ebujete na\u00a0cestu autem, p\u0159i\u00a0cestov\u00e1n\u00ed s\u00a0d\u011btmi letadlem d\u00e1le ocen\u00edte:<\/p>\n<ul>\n<li>teplej\u0161\u00ed oble\u010den\u00ed kv\u016fli klimatizaci,<\/li>\n<li>nov\u00e9 a\u00a0neokoukan\u00e9 hra\u010dky (omalov\u00e1nky, magnetick\u00e1 stavebnice, Albi tu\u017eka, samolepkov\u00e9 se\u0161ity),<\/li>\n<li>\u0161\u00e1tek \u010di\u00a0nos\u00edtko,<\/li>\n<li>pol\u0161t\u00e1\u0159ek a\u00a0deka, aby\u00a0se\u00a0d\u011btem l\u00e9pe spalo,<\/li>\n<li>nafukovac\u00ed pol\u0161t\u00e1\u0159ek pod\u00a0nohy.<\/li>\n<\/ul>\n<p>B\u011bhem letu pod\u00e1vejte d\u00edt\u011bti pravideln\u011b pit\u00ed, a\u0165 se\u00a0k\u00a0nepohodl\u00ed nep\u0159id\u00e1 je\u0161t\u011b bolest hlavy. Dovol\u00ed-li to\u00a0bezpe\u010dnostn\u00ed pravidla, m\u016f\u017eete se\u00a0po\u00a0vzletu proch\u00e1zet s\u00a0d\u00edt\u011btem v\u00a0uli\u010dce.<\/p>\n<h2>Nej\u010dast\u011bji kladen\u00e9 ot\u00e1zky \u2013 FAQ<\/h2>\n<div class=\"accordion faq \" id=\"accon0\">\n    <div class=\"accordion-item\">\n        <h3 class=\"accordion-header \" id=\"head-35549\">\n            <button class=\"accordion-button align-items-start collapsed\" type=\"button\" data-bs-toggle=\"collapse\" data-bs-target=\"#item-8093\" aria-expanded=\"true\" aria-controls=\"item-8093\">\n            Kam let\u011bt na dovolenou s d\u011btmi?\n            <\/button>\n        <\/h3>\n        <div id=\"item-8093\" class=\"accordion-collapse collapse \" aria-labelledby=\"head-35549\" data-bs-parent=\"#accon0\">\n            <div class=\"accordion-body\">\n        Mezi obl\u00edben\u00e9 destinace pat\u0159\u00ed Turecko, \u0160pan\u011blsko, It\u00e1lie, Chorvatsko, \u0159eck\u00e9 ostrovy a\u00a0Bulharsko. <a href='https:\/\/www.srovnator.cz\/clanky\/jak-na-levnou-dovolenou\/'>Jak\u00e9 vybrat levnou dovolenou<\/a>?<br \/>\n    <\/div>\n        <\/div>\n    <\/div>\n    <div class=\"accordion-item\">\n        <h3 class=\"accordion-header \" id=\"head-4321\">\n            <button class=\"accordion-button align-items-start collapsed\" type=\"button\" data-bs-toggle=\"collapse\" data-bs-target=\"#item-49145\" aria-expanded=\"true\" aria-controls=\"item-49145\">\n            Je pot\u0159eba p\u0159i cestov\u00e1n\u00ed s d\u011btmi po EU cestovn\u00ed pas?\n            <\/button>\n        <\/h3>\n        <div id=\"item-49145\" class=\"accordion-collapse collapse \" aria-labelledby=\"head-4321\" data-bs-parent=\"#accon0\">\n            <div class=\"accordion-body\">\n        P\u0159i\u00a0cest\u00e1ch do\u00a0zem\u00ed Evropsk\u00e9 unie posta\u010d\u00ed d\u00edt\u011bti ob\u010dansk\u00fd pr\u016fkaz. Ten lze vyu\u017e\u00edt i\u00a0p\u0159i\u00a0cestov\u00e1n\u00ed do\u00a0Norska, Alb\u00e1nie, Lichten\u0161tejnska, \u0160v\u00fdcarska, Makedonie, Bosny a\u00a0Hercegoviny, \u010cern\u00e9 hory, Srbska, Gruzie a\u00a0na\u00a0Island. Do\u00a0v\u0161ech ostatn\u00edch zem\u00edch pot\u0159ebujete vy i\u00a0va\u0161e d\u00edt\u011b cestovn\u00ed pas. <a href='https:\/\/www.srovnator.cz\/clanky\/dovolena-po-sezone-kam-vyrazit\/'>Kam se\u00a0vydat na\u00a0dovolenou mimo sez\u00f3nu<\/a>?<br \/>\n    <\/div>\n        <\/div>\n    <\/div>\n<\/div>\n","protected":false},"excerpt":{"rendered":"<p>Cestov\u00e1n\u00ed s d\u011btmi m\u016f\u017ee b\u00fdt leckdy n\u00e1ro\u010dn\u00e9. Pokud se ale na cestu dob\u0159e p\u0159iprav\u00edte, pak v\u00e1s \u010dekaj\u00ed n\u00e1dhern\u00e9 vzpom\u00ednky na d\u011btstv\u00ed va\u0161ich ratolest\u00ed.<\/p>\n","protected":false},"author":5,"featured_media":9428,"comment_status":"closed","ping_status":"open","sticky":false,"template":"","format":"standard","meta":{"_acf_changed":false,"footnotes":""},"categories":[8],"tags":[539,627,912],"class_list":["post-9424","post","type-post","status-publish","format-standard","has-post-thumbnail","hentry","category-cestovni-pojisteni","tag-cestovani","tag-cestovni-pas","tag-deti"],"acf":{"znacka":"","model":"","objem":"","vyrobeno":"","vykon":"","velikost_1":"","velikost_2":"","velikost_3":"","velikost_4":"","roky":"","roky_velikost_1":"","roky_velikost_2":"","roky_velikost_3":"","roky_velikost_4":"","pocet_kalkulaci":0,"page_post_meta_bread":"","page_post_meta_bread_child":"","page_post_meta_script_head":"<script type=\"application\/ld+json\">\r\n    {\r\n        \"@context\": \"https:\/\/schema.org\",\r\n        \"@type\": \"FAQPage\",\r\n        \"mainEntity\": [{\r\n            \"@type\": \"Question\",\r\n            \"name\": \"Kam let\u011bt na\u00a0dovolenou s\u00a0d\u011btmi?\",\r\n            \"acceptedAnswer\": {\r\n                \"@type\": \"Answer\",\r\n                \"text\": \"Mezi obl\u00edben\u00e9 destinace pat\u0159\u00ed Turecko, \u0160pan\u011blsko, It\u00e1lie, Chorvatsko, \u0159eck\u00e9 ostrovy a\u00a0Bulharsko. <a href='https:\/\/www.srovnator.cz\/clanky\/jak-na-levnou-dovolenou\/'>Jak\u00e9 vybrat levnou dovolenou<\/a>?\"\r\n                }\r\n            }, {\r\n            \"@type\": \"Question\",\r\n            \"name\": \"Je pot\u0159eba p\u0159i\u00a0cestov\u00e1n\u00ed s\u00a0d\u011btmi po\u00a0EU cestovn\u00ed pas?\",\r\n            \"acceptedAnswer\": {\r\n                \"@type\": \"Answer\",\r\n                \"text\": \"P\u0159i cest\u00e1ch do\u00a0zem\u00ed Evropsk\u00e9 unie posta\u010d\u00ed d\u00edt\u011bti ob\u010dansk\u00fd pr\u016fkaz. Ten lze vyu\u017e\u00edt i\u00a0p\u0159i\u00a0cestov\u00e1n\u00ed do\u00a0Norska, Alb\u00e1nie, Lichten\u0161tejnska, \u0160v\u00fdcarska, Makedonie, Bosny a\u00a0Hercegoviny, \u010cern\u00e9 hory, Srbska, Gruzie a\u00a0na\u00a0Island. Do\u00a0v\u0161ech ostatn\u00edch zem\u00edch pot\u0159ebujete vy i\u00a0va\u0161e d\u00edt\u011b cestovn\u00ed pas. <a href='https:\/\/www.srovnator.cz\/clanky\/dovolena-po-sezone-kam-vyrazit\/'>Kam se\u00a0vydat na\u00a0dovolenou mimo sez\u00f3nu<\/a>?\"\r\n                }\r\n            }\r\n        ]\r\n    }\r\n<\/script>","page_post_meta_leaving_screen":"cat"},"yoast_head":"<!-- This site is optimized with the Yoast SEO plugin v25.5 - https:\/\/yoast.com\/wordpress\/plugins\/seo\/ -->\n<title>D\u00edky na\u0161im tip\u016fm si cestov\u00e1n\u00ed s d\u011btmi u\u017eijete- Srovn\u00e1tor.cz<\/title>\n<meta name=\"description\" content=\"Cestov\u00e1n\u00ed s d\u011btmi m\u016f\u017ee b\u00fdt leckdy n\u00e1ro\u010dn\u00e9. Pokud se ale na cestu dob\u0159e p\u0159iprav\u00edte, pak v\u00e1s \u010dekaj\u00ed n\u00e1dhern\u00e9 vzpom\u00ednky na d\u011btstv\u00ed va\u0161ich ratolest\u00ed.\" \/>\n<meta name=\"robots\" content=\"index, follow, max-snippet:-1, max-image-preview:large, max-video-preview:-1\" \/>\n<link rel=\"canonical\" href=\"https:\/\/www.srovnator.cz\/clanky\/cestovani-s-detmi-aneb-na-co-nezapomenout-pri-ceste-za-poznanim\/\" \/>\n<meta property=\"og:locale\" content=\"cs_CZ\" \/>\n<meta property=\"og:type\" content=\"article\" \/>\n<meta property=\"og:title\" content=\"D\u00edky na\u0161im tip\u016fm si cestov\u00e1n\u00ed s d\u011btmi u\u017eijete- Srovn\u00e1tor.cz\" \/>\n<meta property=\"og:description\" content=\"Cestov\u00e1n\u00ed s d\u011btmi m\u016f\u017ee b\u00fdt leckdy n\u00e1ro\u010dn\u00e9. Pokud se ale na cestu dob\u0159e p\u0159iprav\u00edte, pak v\u00e1s \u010dekaj\u00ed n\u00e1dhern\u00e9 vzpom\u00ednky na d\u011btstv\u00ed va\u0161ich ratolest\u00ed.\" \/>\n<meta property=\"og:url\" content=\"https:\/\/www.srovnator.cz\/clanky\/cestovani-s-detmi-aneb-na-co-nezapomenout-pri-ceste-za-poznanim\/\" \/>\n<meta property=\"og:site_name\" content=\"Srovn\u00e1tor.cz\" \/>\n<meta property=\"article:publisher\" content=\"https:\/\/www.facebook.com\/srovnator\/\" \/>\n<meta property=\"article:published_time\" content=\"2024-03-15T09:44:44+00:00\" \/>\n<meta property=\"article:modified_time\" content=\"2026-01-28T12:56:30+00:00\" \/>\n<meta property=\"og:image\" content=\"https:\/\/storage.googleapis.com\/wp-resources\/srovnator.cz\/ng\/2024\/03\/cestovani-s-detmi-aneb-na-co-nezapomenout-pri-ceste-za-poznanim3.webp\" \/>\n\t<meta property=\"og:image:width\" content=\"960\" \/>\n\t<meta property=\"og:image:height\" content=\"617\" \/>\n\t<meta property=\"og:image:type\" content=\"image\/webp\" \/>\n<meta name=\"author\" content=\"Martin Dane\u0161\" \/>\n<meta name=\"twitter:card\" content=\"summary_large_image\" \/>\n<meta name=\"twitter:creator\" content=\"@Srovnator_czech\" \/>\n<meta name=\"twitter:site\" content=\"@Srovnator_czech\" \/>\n<meta name=\"twitter:label1\" content=\"Written by\" \/>\n\t<meta name=\"twitter:data1\" content=\"Martin Dane\u0161\" \/>\n\t<meta name=\"twitter:label2\" content=\"Est. reading time\" \/>\n\t<meta name=\"twitter:data2\" content=\"6 minutes\" \/>\n<script type=\"application\/ld+json\" class=\"yoast-schema-graph\">{\"@context\":\"https:\/\/schema.org\",\"@graph\":[{\"@type\":\"WebPage\",\"@id\":\"https:\/\/www.srovnator.cz\/clanky\/cestovani-s-detmi-aneb-na-co-nezapomenout-pri-ceste-za-poznanim\/\",\"url\":\"https:\/\/www.srovnator.cz\/clanky\/cestovani-s-detmi-aneb-na-co-nezapomenout-pri-ceste-za-poznanim\/\",\"name\":\"D\u00edky na\u0161im tip\u016fm si cestov\u00e1n\u00ed s d\u011btmi u\u017eijete- Srovn\u00e1tor.cz\",\"isPartOf\":{\"@id\":\"https:\/\/www.srovnator.cz\/#website\"},\"primaryImageOfPage\":{\"@id\":\"https:\/\/www.srovnator.cz\/clanky\/cestovani-s-detmi-aneb-na-co-nezapomenout-pri-ceste-za-poznanim\/#primaryimage\"},\"image\":{\"@id\":\"https:\/\/www.srovnator.cz\/clanky\/cestovani-s-detmi-aneb-na-co-nezapomenout-pri-ceste-za-poznanim\/#primaryimage\"},\"thumbnailUrl\":\"https:\/\/storage.googleapis.com\/wp-resources\/srovnator.cz\/ng\/2024\/03\/cestovani-s-detmi-aneb-na-co-nezapomenout-pri-ceste-za-poznanim3.webp\",\"datePublished\":\"2024-03-15T09:44:44+00:00\",\"dateModified\":\"2026-01-28T12:56:30+00:00\",\"author\":{\"@id\":\"https:\/\/www.srovnator.cz\/#\/schema\/person\/46d10e971bff43faa91c35835126aa3b\"},\"description\":\"Cestov\u00e1n\u00ed s d\u011btmi m\u016f\u017ee b\u00fdt leckdy n\u00e1ro\u010dn\u00e9. Pokud se ale na cestu dob\u0159e p\u0159iprav\u00edte, pak v\u00e1s \u010dekaj\u00ed n\u00e1dhern\u00e9 vzpom\u00ednky na d\u011btstv\u00ed va\u0161ich ratolest\u00ed.\",\"inLanguage\":\"cs-CZ\",\"potentialAction\":[{\"@type\":\"ReadAction\",\"target\":[\"https:\/\/www.srovnator.cz\/clanky\/cestovani-s-detmi-aneb-na-co-nezapomenout-pri-ceste-za-poznanim\/\"]}]},{\"@type\":\"ImageObject\",\"inLanguage\":\"cs-CZ\",\"@id\":\"https:\/\/www.srovnator.cz\/clanky\/cestovani-s-detmi-aneb-na-co-nezapomenout-pri-ceste-za-poznanim\/#primaryimage\",\"url\":\"https:\/\/storage.googleapis.com\/wp-resources\/srovnator.cz\/ng\/2024\/03\/cestovani-s-detmi-aneb-na-co-nezapomenout-pri-ceste-za-poznanim3.webp\",\"contentUrl\":\"https:\/\/storage.googleapis.com\/wp-resources\/srovnator.cz\/ng\/2024\/03\/cestovani-s-detmi-aneb-na-co-nezapomenout-pri-ceste-za-poznanim3.webp\",\"width\":960,\"height\":617,\"caption\":\"P\u0159i cest\u00e1ch mimo Evropu mus\u00ed m\u00edt d\u00edt\u011b cestovn\u00ed pas.\"},{\"@type\":\"WebSite\",\"@id\":\"https:\/\/www.srovnator.cz\/#website\",\"url\":\"https:\/\/www.srovnator.cz\/\",\"name\":\"Srovn\u00e1tor.cz\",\"description\":\"\",\"potentialAction\":[{\"@type\":\"SearchAction\",\"target\":{\"@type\":\"EntryPoint\",\"urlTemplate\":\"https:\/\/www.srovnator.cz\/?s={search_term_string}\"},\"query-input\":{\"@type\":\"PropertyValueSpecification\",\"valueRequired\":true,\"valueName\":\"search_term_string\"}}],\"inLanguage\":\"cs-CZ\"},{\"@type\":\"Person\",\"@id\":\"https:\/\/www.srovnator.cz\/#\/schema\/person\/46d10e971bff43faa91c35835126aa3b\",\"name\":\"Martin Dane\u0161\",\"image\":{\"@type\":\"ImageObject\",\"inLanguage\":\"cs-CZ\",\"@id\":\"https:\/\/www.srovnator.cz\/#\/schema\/person\/image\/\",\"url\":\"https:\/\/secure.gravatar.com\/avatar\/5cac60568def8a68791e2b771a3394888cf55828e445636dfc99f7ccd1e1d1b8?s=96&d=mm&r=g\",\"contentUrl\":\"https:\/\/secure.gravatar.com\/avatar\/5cac60568def8a68791e2b771a3394888cf55828e445636dfc99f7ccd1e1d1b8?s=96&d=mm&r=g\",\"caption\":\"Martin Dane\u0161\"},\"description\":\"Jsem Martin Dane\u0161, obchodn\u00ed \u0159editel Srovn\u00e1tor.cz. Na\u0161\u00edm c\u00edlem je naj\u00edt pro v\u00e1s v\u017edy to nejvhodn\u011bj\u0161\u00ed poji\u0161t\u011bn\u00ed dle va\u0161ich pot\u0159eb. D\u00edky \u0161irok\u00e9mu portfoliu produkt\u016f od v\u0161ech v\u00fdznamn\u00fdch poji\u0161\u0165oven v\u00e1m dok\u00e1\u017eeme poskytnout \u0159e\u0161en\u00ed odpov\u00eddaj\u00edc\u00ed va\u0161im p\u0159edstav\u00e1m. Kdy\u017e budete m\u00edt jak\u00fdkoliv produktov\u00fd dotaz, nev\u00e1hejte se na n\u00e1s obr\u00e1tit na info@srovnator.cz\",\"url\":\"https:\/\/www.srovnator.cz\/autori\/martin-danes\/\"}]}<\/script>\n<!-- \/ Yoast SEO plugin. -->","yoast_head_json":{"title":"D\u00edky na\u0161im tip\u016fm si cestov\u00e1n\u00ed s d\u011btmi u\u017eijete- Srovn\u00e1tor.cz","description":"Cestov\u00e1n\u00ed s d\u011btmi m\u016f\u017ee b\u00fdt leckdy n\u00e1ro\u010dn\u00e9. Pokud se ale na cestu dob\u0159e p\u0159iprav\u00edte, pak v\u00e1s \u010dekaj\u00ed n\u00e1dhern\u00e9 vzpom\u00ednky na d\u011btstv\u00ed va\u0161ich ratolest\u00ed.","robots":{"index":"index","follow":"follow","max-snippet":"max-snippet:-1","max-image-preview":"max-image-preview:large","max-video-preview":"max-video-preview:-1"},"canonical":"https:\/\/www.srovnator.cz\/clanky\/cestovani-s-detmi-aneb-na-co-nezapomenout-pri-ceste-za-poznanim\/","og_locale":"cs_CZ","og_type":"article","og_title":"D\u00edky na\u0161im tip\u016fm si cestov\u00e1n\u00ed s d\u011btmi u\u017eijete- Srovn\u00e1tor.cz","og_description":"Cestov\u00e1n\u00ed s d\u011btmi m\u016f\u017ee b\u00fdt leckdy n\u00e1ro\u010dn\u00e9. Pokud se ale na cestu dob\u0159e p\u0159iprav\u00edte, pak v\u00e1s \u010dekaj\u00ed n\u00e1dhern\u00e9 vzpom\u00ednky na d\u011btstv\u00ed va\u0161ich ratolest\u00ed.","og_url":"https:\/\/www.srovnator.cz\/clanky\/cestovani-s-detmi-aneb-na-co-nezapomenout-pri-ceste-za-poznanim\/","og_site_name":"Srovn\u00e1tor.cz","article_publisher":"https:\/\/www.facebook.com\/srovnator\/","article_published_time":"2024-03-15T09:44:44+00:00","article_modified_time":"2026-01-28T12:56:30+00:00","og_image":[{"width":960,"height":617,"url":"https:\/\/storage.googleapis.com\/wp-resources\/srovnator.cz\/ng\/2024\/03\/cestovani-s-detmi-aneb-na-co-nezapomenout-pri-ceste-za-poznanim3.webp","type":"image\/webp"}],"author":"Martin Dane\u0161","twitter_card":"summary_large_image","twitter_creator":"@Srovnator_czech","twitter_site":"@Srovnator_czech","twitter_misc":{"Written by":"Martin Dane\u0161","Est. reading time":"6 minutes"},"schema":{"@context":"https:\/\/schema.org","@graph":[{"@type":"WebPage","@id":"https:\/\/www.srovnator.cz\/clanky\/cestovani-s-detmi-aneb-na-co-nezapomenout-pri-ceste-za-poznanim\/","url":"https:\/\/www.srovnator.cz\/clanky\/cestovani-s-detmi-aneb-na-co-nezapomenout-pri-ceste-za-poznanim\/","name":"D\u00edky na\u0161im tip\u016fm si cestov\u00e1n\u00ed s d\u011btmi u\u017eijete- Srovn\u00e1tor.cz","isPartOf":{"@id":"https:\/\/www.srovnator.cz\/#website"},"primaryImageOfPage":{"@id":"https:\/\/www.srovnator.cz\/clanky\/cestovani-s-detmi-aneb-na-co-nezapomenout-pri-ceste-za-poznanim\/#primaryimage"},"image":{"@id":"https:\/\/www.srovnator.cz\/clanky\/cestovani-s-detmi-aneb-na-co-nezapomenout-pri-ceste-za-poznanim\/#primaryimage"},"thumbnailUrl":"https:\/\/storage.googleapis.com\/wp-resources\/srovnator.cz\/ng\/2024\/03\/cestovani-s-detmi-aneb-na-co-nezapomenout-pri-ceste-za-poznanim3.webp","datePublished":"2024-03-15T09:44:44+00:00","dateModified":"2026-01-28T12:56:30+00:00","author":{"@id":"https:\/\/www.srovnator.cz\/#\/schema\/person\/46d10e971bff43faa91c35835126aa3b"},"description":"Cestov\u00e1n\u00ed s d\u011btmi m\u016f\u017ee b\u00fdt leckdy n\u00e1ro\u010dn\u00e9. Pokud se ale na cestu dob\u0159e p\u0159iprav\u00edte, pak v\u00e1s \u010dekaj\u00ed n\u00e1dhern\u00e9 vzpom\u00ednky na d\u011btstv\u00ed va\u0161ich ratolest\u00ed.","inLanguage":"cs-CZ","potentialAction":[{"@type":"ReadAction","target":["https:\/\/www.srovnator.cz\/clanky\/cestovani-s-detmi-aneb-na-co-nezapomenout-pri-ceste-za-poznanim\/"]}]},{"@type":"ImageObject","inLanguage":"cs-CZ","@id":"https:\/\/www.srovnator.cz\/clanky\/cestovani-s-detmi-aneb-na-co-nezapomenout-pri-ceste-za-poznanim\/#primaryimage","url":"https:\/\/storage.googleapis.com\/wp-resources\/srovnator.cz\/ng\/2024\/03\/cestovani-s-detmi-aneb-na-co-nezapomenout-pri-ceste-za-poznanim3.webp","contentUrl":"https:\/\/storage.googleapis.com\/wp-resources\/srovnator.cz\/ng\/2024\/03\/cestovani-s-detmi-aneb-na-co-nezapomenout-pri-ceste-za-poznanim3.webp","width":960,"height":617,"caption":"P\u0159i cest\u00e1ch mimo Evropu mus\u00ed m\u00edt d\u00edt\u011b cestovn\u00ed pas."},{"@type":"WebSite","@id":"https:\/\/www.srovnator.cz\/#website","url":"https:\/\/www.srovnator.cz\/","name":"Srovn\u00e1tor.cz","description":"","potentialAction":[{"@type":"SearchAction","target":{"@type":"EntryPoint","urlTemplate":"https:\/\/www.srovnator.cz\/?s={search_term_string}"},"query-input":{"@type":"PropertyValueSpecification","valueRequired":true,"valueName":"search_term_string"}}],"inLanguage":"cs-CZ"},{"@type":"Person","@id":"https:\/\/www.srovnator.cz\/#\/schema\/person\/46d10e971bff43faa91c35835126aa3b","name":"Martin Dane\u0161","image":{"@type":"ImageObject","inLanguage":"cs-CZ","@id":"https:\/\/www.srovnator.cz\/#\/schema\/person\/image\/","url":"https:\/\/secure.gravatar.com\/avatar\/5cac60568def8a68791e2b771a3394888cf55828e445636dfc99f7ccd1e1d1b8?s=96&d=mm&r=g","contentUrl":"https:\/\/secure.gravatar.com\/avatar\/5cac60568def8a68791e2b771a3394888cf55828e445636dfc99f7ccd1e1d1b8?s=96&d=mm&r=g","caption":"Martin Dane\u0161"},"description":"Jsem Martin Dane\u0161, obchodn\u00ed \u0159editel Srovn\u00e1tor.cz. Na\u0161\u00edm c\u00edlem je naj\u00edt pro v\u00e1s v\u017edy to nejvhodn\u011bj\u0161\u00ed poji\u0161t\u011bn\u00ed dle va\u0161ich pot\u0159eb. D\u00edky \u0161irok\u00e9mu portfoliu produkt\u016f od v\u0161ech v\u00fdznamn\u00fdch poji\u0161\u0165oven v\u00e1m dok\u00e1\u017eeme poskytnout \u0159e\u0161en\u00ed odpov\u00eddaj\u00edc\u00ed va\u0161im p\u0159edstav\u00e1m. Kdy\u017e budete m\u00edt jak\u00fdkoliv produktov\u00fd dotaz, nev\u00e1hejte se na n\u00e1s obr\u00e1tit na info@srovnator.cz","url":"https:\/\/www.srovnator.cz\/autori\/martin-danes\/"}]}},"amp_enabled":true,"_links":{"self":[{"href":"https:\/\/www.srovnator.cz\/rest_api\/wp\/v2\/posts\/9424","targetHints":{"allow":["GET"]}}],"collection":[{"href":"https:\/\/www.srovnator.cz\/rest_api\/wp\/v2\/posts"}],"about":[{"href":"https:\/\/www.srovnator.cz\/rest_api\/wp\/v2\/types\/post"}],"author":[{"embeddable":true,"href":"https:\/\/www.srovnator.cz\/rest_api\/wp\/v2\/users\/5"}],"replies":[{"embeddable":true,"href":"https:\/\/www.srovnator.cz\/rest_api\/wp\/v2\/comments?post=9424"}],"version-history":[{"count":3,"href":"https:\/\/www.srovnator.cz\/rest_api\/wp\/v2\/posts\/9424\/revisions"}],"predecessor-version":[{"id":10971,"href":"https:\/\/www.srovnator.cz\/rest_api\/wp\/v2\/posts\/9424\/revisions\/10971"}],"wp:featuredmedia":[{"embeddable":true,"href":"https:\/\/www.srovnator.cz\/rest_api\/wp\/v2\/media\/9428"}],"wp:attachment":[{"href":"https:\/\/www.srovnator.cz\/rest_api\/wp\/v2\/media?parent=9424"}],"wp:term":[{"taxonomy":"category","embeddable":true,"href":"https:\/\/www.srovnator.cz\/rest_api\/wp\/v2\/categories?post=9424"},{"taxonomy":"post_tag","embeddable":true,"href":"https:\/\/www.srovnator.cz\/rest_api\/wp\/v2\/tags?post=9424"}],"curies":[{"name":"wp","href":"https:\/\/api.w.org\/{rel}","templated":true}]}}