{"id":9491,"date":"2024-05-01T13:37:22","date_gmt":"2024-05-01T11:37:22","guid":{"rendered":"https:\/\/www.srovnator.cz\/?p=9491"},"modified":"2024-06-24T07:45:06","modified_gmt":"2024-06-24T05:45:06","slug":"dovolena-v-cerne-hore-je-skvelym-zazitkem","status":"publish","type":"post","link":"https:\/\/www.srovnator.cz\/clanky\/dovolena-v-cerne-hore-je-skvelym-zazitkem\/","title":{"rendered":"Dovolen\u00e1 v \u010cern\u00e9 Ho\u0159e je skv\u011bl\u00fdm z\u00e1\u017eitkem"},"content":{"rendered":"<p><strong>Malebn\u00e1 zem\u011b nach\u00e1zej\u00edc\u00ed se\u00a0v\u00a0jihov\u00fdchodn\u00ed Evrop\u011b na\u00a0pob\u0159e\u017e\u00ed Jadersk\u00e9ho mo\u0159e l\u00e1k\u00e1 sv\u00e9 n\u00e1v\u0161t\u011bvn\u00edky na\u00a0kr\u00e1sn\u00e9 pl\u00e1\u017ee, p\u0159\u00edv\u011btiv\u00e9 obyvatele a\u00a0n\u00e1dhernou p\u0159\u00edrodu. Je\u00a0perfektn\u00edm tipem i\u00a0tehdy, jste-li milovn\u00edky outdoorov\u00fdch aktivit. P\u0159e\u010dt\u011bte si, pro\u010d se\u00a0vydat na\u00a0dovolenou pr\u00e1v\u011b do\u00a0\u010cern\u00e9 Hory.<\/strong><\/p>\n<img decoding=\"async\" width=\"770\" height=\"513\" src=\"https:\/\/storage.googleapis.com\/wp-resources\/srovnator.cz\/ng\/2024\/05\/dovolena-v-cerne-hore4-770x513.webp\" class=\" wp-post-image wp-stateless-item\" alt=\"Dovolen\u00e1 v \u010cern\u00e9 Ho\u0159e je skv\u011bl\u00fdm z\u00e1\u017eitkem\" title=\"Dovolen\u00e1 v \u010cern\u00e9 Ho\u0159e je skv\u011bl\u00fdm z\u00e1\u017eitkem\" srcset=\"https:\/\/storage.googleapis.com\/wp-resources\/srovnator.cz\/ng\/2024\/05\/dovolena-v-cerne-hore4-770x513.webp 770w, https:\/\/storage.googleapis.com\/wp-resources\/srovnator.cz\/ng\/2024\/05\/dovolena-v-cerne-hore4-1700x1133.webp 1700w, https:\/\/storage.googleapis.com\/wp-resources\/srovnator.cz\/ng\/2024\/05\/dovolena-v-cerne-hore4.webp 1920w\" sizes=\"(max-width: 770px) 100vw, 770px\" data-image-size=\"medium\" data-stateless-media-bucket=\"wp-resources\" data-stateless-media-name=\"srovnator.cz\/ng\/2024\/05\/dovolena-v-cerne-hore4.webp\" \/><div class=\"small mb-4 mt-2 text-center\">Dovolen\u00e1 v \u010cern\u00e9 Ho\u0159e<\/div>\n<p class=\"h2 mt-3\">Obsah \u010dl\u00e1nku<\/p>\n<ul>\n<li><a href=\"#toc-cerna-hora:-skryta-perla-jadranu\">\u010cern\u00e1 Hora: Skryt\u00e1 perla Jadranu<\/a><\/li>\n<li><a href=\"#toc-pocasi-v-cerne-hore:-kdy-vyrazit?\">Po\u010das\u00ed v\u00a0\u010cern\u00e9 Ho\u0159e: Kdy\u00a0vyrazit?<\/a><\/li>\n<li><a href=\"#toc-dovolena-v-cerne-hore:-co-navstivit?\">Dovolen\u00e1 v\u00a0\u010cern\u00e9 Ho\u0159e: Co\u00a0nav\u0161t\u00edvit?<\/a><\/li>\n<li><a href=\"#toc-letenky-do-cerne-hory\">Letenky do\u00a0\u010cern\u00e9 Hory<\/a><\/li>\n<\/ul>\n<h2 data-context=\"\u010cern\u00e1 Hora: Skryt\u00e1 perla Jadranu\" id=\"toc-cerna-hora:-skryta-perla-jadranu\">\u010cern\u00e1 Hora: Skryt\u00e1 perla Jadranu<\/h2>\n<p>Mnoho lid\u00ed m\u00e1 \u010cernou Horu st\u00e1le spojenou s\u00a0v\u00e1lkami na\u00a0Balk\u00e1n\u011b, voln\u011b se\u00a0pasouc\u00edmi kravami na\u00a0silnici a\u00a0vesnicemi bez p\u0159\u00edvodu elekt\u0159iny. To\u00a0u\u017e ale d\u00e1vno neplat\u00ed a\u00a0z\u00a0t\u00e9to mal\u00e9, ale o\u00a0to\u00a0kr\u00e1sn\u011bj\u0161\u00ed zem\u011b, se\u00a0st\u00e1v\u00e1 destinace, kter\u00e1\u00a0m\u016f\u017ee sv\u00fdm p\u0159\u00edrodn\u00edm bohatstv\u00edm a\u00a0slu\u017ebami konkurovat tradi\u010dn\u00edm dovolenkov\u00fdm m\u00edst\u016fm.<\/p>\n<p>I\u00a0zde toti\u017e jako houby po\u00a0de\u0161ti vyrostly resorty nab\u00edzej\u00edc\u00ed stejn\u00fd servis, na\u00a0jak\u00fd jsou turist\u00e9 zvykl\u00ed t\u0159eba z\u00a0Egypta \u010di\u00a0Tuniska.<\/p>\n<p><b>Pro\u010d by\u00a0v\u00e1s dovolen\u00e1 v\u00a0\u010cern\u00e9 Ho\u0159e m\u011bla zaj\u00edmat?<\/b><\/p>\n<ul>\n<li><b>Pohostinnost m\u00edstn\u00edch obyvatel <\/b>&#8211; najdete zde mnohem klidn\u011bj\u0161\u00ed atmosf\u00e9ru ne\u017e v\u00a0sousedn\u00edm Chorvatsku.<\/li>\n<li><b>Historick\u00e9 pam\u00e1tky a\u00a0kultura<\/b> \u2013 \u010dernohorsk\u00e1 kultura je\u00a0ovlivn\u011bna Balk\u00e1nem a\u00a0st\u0159edomo\u0159sk\u00fdmi a\u00a0slovansk\u00fdmi zem\u011bmi. Nav\u0161tivte m\u011bsto <b>Kotor <\/b>se\u00a0st\u0159edov\u011bk\u00fdmi hradbami nebo <b>Cetinji<\/b> s\u00a0v\u00fdznamn\u00fdmi kl\u00e1\u0161tery a\u00a0muzei.<\/li>\n<li><b>P\u0159\u00edrodn\u00ed kr\u00e1sy <\/b>&#8211; kr\u00e1sn\u00e9 pl\u00e1\u017ee, hory, n\u00e1rodn\u00ed parky a\u00a0jeden z\u00a0nejhlub\u0161\u00edch ka\u0148on\u016f v\u00a0Evrop\u011b se\u00a0postaraj\u00ed o\u00a0aktivn\u00ed odpo\u010dinek b\u011bhem va\u0161\u00ed dovolen\u00e9.<\/li>\n<\/ul>\n<p>Tou\u017e\u00edte-li po\u00a0klidu, nebo naopak dobrodru\u017estv\u00ed bez dav\u016f turist\u016f, je\u00a0\u010cern\u00e1 Hora spr\u00e1vnou volbou.<\/p>\n<p><img decoding=\"async\" src=\"https:\/\/storage.googleapis.com\/wp-resources\/srovnator.cz\/ng\/2024\/05\/dovolena-v-cerne-hore-770x513.webp\" alt=\"\u010cern\u00e1 Hora l\u00e1k\u00e1 na kr\u00e1sn\u00e9 pl\u00e1\u017ee a dechberouc\u00ed v\u00fdhledy z vrcholk\u016f hor.\n\" width=\"770\" height=\"513\" class=\"alignnone size-medium wp-image-9492\" srcset=\"https:\/\/storage.googleapis.com\/wp-resources\/srovnator.cz\/ng\/2024\/05\/dovolena-v-cerne-hore-770x513.webp 770w, https:\/\/storage.googleapis.com\/wp-resources\/srovnator.cz\/ng\/2024\/05\/dovolena-v-cerne-hore-1700x1133.webp 1700w, https:\/\/storage.googleapis.com\/wp-resources\/srovnator.cz\/ng\/2024\/05\/dovolena-v-cerne-hore.webp 1920w\" sizes=\"(max-width: 770px) 100vw, 770px\" \/><br \/>\n<span class=\"small d-block mb-3 text-center\">\u010cern\u00e1 Hora l\u00e1k\u00e1 na\u00a0kr\u00e1sn\u00e9 pl\u00e1\u017ee a\u00a0dechberouc\u00ed v\u00fdhledy z\u00a0vrcholk\u016f hor.<\/span><\/p>\n<h2 data-context=\"Po\u010das\u00ed v\u00a0\u010cern\u00e9 Ho\u0159e: Kdy\u00a0vyrazit?\" id=\"toc-pocasi-v-cerne-hore:-kdy-vyrazit?\">Po\u010das\u00ed v\u00a0\u010cern\u00e9 Ho\u0159e: Kdy\u00a0vyrazit?<\/h2>\n<p>A\u0165 u\u017e se\u00a0do\u00a0\u010cern\u00e9 Hory vyd\u00e1te v\u00a0kteroukoliv ro\u010dn\u00ed dobu, v\u017edy v\u00e1m tam bude tepleji ne\u017e v\u00a0tuzemsku. St\u0159edomo\u0159sk\u00e9 klima zaru\u010duje dlouh\u00e1 a\u00a0such\u00e1 l\u00e9ta a\u00a0kr\u00e1tk\u00e9 a\u00a0m\u00edrn\u00e9 zimy. Tedy alespo\u0148\u00a0 <b>v\u00a0pob\u0159e\u017en\u00edch oblastech<\/b>.\u00a0<\/p>\n<p>Pr\u016fm\u011brn\u00e9 teploty za\u00a0jednotliv\u00e9 m\u011bs\u00edce ve\u00a0stupn\u00edch Celsia uv\u00e1d\u00ed n\u00e1sleduj\u00edc\u00ed tabulka.<\/p>\n<div class=\"table-responsive\">\n<table class=\"table table-striped table-borderless text-center\">\n<tbody>\n<tr>\n<td>Leden<\/td>\n<td>\u00danor<\/td>\n<td>B\u0159ezen<\/td>\n<td>Duben<\/td>\n<td>Kv\u011bten<\/td>\n<td>\u010cerven<\/td>\n<td>\u010cervenec<\/td>\n<td>Srpen<\/td>\n<td>Z\u00e1\u0159\u00ed<\/td>\n<td>\u0158\u00edjen<\/td>\n<td>Listopad<\/td>\n<td>Prosinec<\/td>\n<\/tr>\n<tr>\n<td><b>9<\/b><\/td>\n<td><b>10<\/b><\/td>\n<td><b>12<\/b><\/td>\n<td><b>14<\/b><\/td>\n<td><b>19<\/b><\/td>\n<td><b>23<\/b><\/td>\n<td><b>26<\/b><\/td>\n<td><b>26<\/b><\/td>\n<td><b>23<\/b><\/td>\n<td><b>19<\/b><\/td>\n<td><b>14<\/b><\/td>\n<td><b>11<\/b><\/td>\n<\/tr>\n<\/tbody>\n<\/table>\n<\/div>\n<p><b>Vyd\u00e1te-li se\u00a0do\u00a0hor<\/b>, kter\u00e9\u00a0se\u00a0rozprost\u00edraj\u00ed na\u00a0pom\u011brn\u011b velk\u00e9m \u00fazem\u00ed, pak v\u00a0l\u00e9t\u011b \u010dekejte teploty okolo 20 \u2103, v\u00a0zim\u011b klesaj\u00ed pod\u00a0bod mrazu a\u00a0p\u0159id\u00e1v\u00e1 se\u00a0vydatn\u00e9 sn\u011b\u017een\u00ed. Natolik je\u00a0po\u010das\u00ed v\u00a0\u010cern\u00e9 Ho\u0159e prom\u011bnliv\u00e9.<\/p>\n<h2 data-context=\"Dovolen\u00e1 v\u00a0\u010cern\u00e9 Ho\u0159e: Co\u00a0nav\u0161t\u00edvit?\" id=\"toc-dovolena-v-cerne-hore:-co-navstivit?\">Dovolen\u00e1 v\u00a0\u010cern\u00e9 Ho\u0159e: Co\u00a0nav\u0161t\u00edvit?<\/h2>\n<p>\u010cern\u00e1 Hora nab\u00edz\u00ed v\u0161e, co\u00a0od\u00a0dovolen\u00e9 o\u010dek\u00e1v\u00e1te. Najdete zde hotelov\u00e9 komplexy bl\u00edzko kr\u00e1sn\u00fdch pl\u00e1\u017e\u00ed, \u010dist\u00e9 mo\u0159e, vy\u017eit\u00ed pro\u00a0d\u011bti a\u00a0ve\u010dern\u00ed z\u00e1bavu.<\/p>\n<p>V\u00e1len\u00ed na\u00a0pl\u00e1\u017ei m\u016f\u017eete vym\u011bnit za\u00a0v\u00fdlety k\u00a0jezer\u016fm a\u00a0na\u00a0vrcholky hor \u010di\u00a0se\u00a0vydat pozn\u00e1vat historick\u00e9 pam\u00e1tky.<\/p>\n<h3>Skadarsk\u00e9 jezero<\/h3>\n<p>Na\u00a0hranic\u00edch s\u00a0Alb\u00e1ni\u00ed se\u00a0nach\u00e1z\u00ed nejv\u011bt\u0161\u00ed sladkovodn\u00ed jezero na\u00a0Balk\u00e1n\u011b \u2013 <b>Skadarsk\u00e9<\/b> <b>jezero<\/b>. To\u00a0bylo v\u00a080.\u00a0letech minul\u00e9ho stolet\u00ed prohl\u00e1\u0161eno n\u00e1rodn\u00edm parkem d\u00edky velk\u00e9mu po\u010dtu pta\u010d\u00edch rezervac\u00ed. Podle v\u011bdc\u016f zde \u017eije v\u00edce ne\u017e 250 pta\u010d\u00edch druh\u016f, v\u00a0samotn\u00e9m jeze\u0159e se\u00a0pak vyskytuje n\u011bkolik druh\u016f endemick\u00fdch ryb.<\/p>\n<p><img decoding=\"async\" src=\"https:\/\/storage.googleapis.com\/wp-resources\/srovnator.cz\/ng\/2024\/05\/dovolena-v-cerne-hore3-770x507.webp\" alt=\"Na trek se vydejte do poho\u0159\u00ed Durmitor.\n\" width=\"770\" height=\"507\" class=\"alignnone size-medium wp-image-9494\" srcset=\"https:\/\/storage.googleapis.com\/wp-resources\/srovnator.cz\/ng\/2024\/05\/dovolena-v-cerne-hore3-770x507.webp 770w, https:\/\/storage.googleapis.com\/wp-resources\/srovnator.cz\/ng\/2024\/05\/dovolena-v-cerne-hore3-1700x1119.webp 1700w, https:\/\/storage.googleapis.com\/wp-resources\/srovnator.cz\/ng\/2024\/05\/dovolena-v-cerne-hore3.webp 1920w\" sizes=\"(max-width: 770px) 100vw, 770px\" \/><br \/>\n<span class=\"small d-block mb-3 text-center\">Na\u00a0trek se\u00a0vydejte do\u00a0poho\u0159\u00ed Durmitor.<\/span><\/p>\n<h3>Poho\u0159\u00ed Durmitor<\/h3>\n<p>Dal\u0161\u00ed z\u00a0\u010dernohorsk\u00fdch n\u00e1rodn\u00edch park\u016f, <b>poho\u0159\u00ed<\/b> <b>Durmitor<\/b>, le\u017e\u00ed na\u00a0druh\u00e9 stran\u011b u\u00a0hranic s\u00a0Bosnou a\u00a0Hercegovinou. Pokud se\u00a0do\u00a0t\u00e9to lidupr\u00e1zdn\u00e9 oblasti vyd\u00e1te, odm\u011bnou v\u00e1m budou v\u00fdhledy na\u00a0ledovcov\u00e1 plesa, \u0159ekami vyhlouben\u00e1 \u00fadol\u00ed a\u00a0mal\u00e9 pasteveck\u00e9 osady. Nejvy\u0161\u0161\u00edm bodem je\u00a0hora Bobotov kuk se\u00a0zhruba 2\u00a0500\u00a0metry.<\/p>\n<h3>M\u011bsto Cetinje<\/h3>\n<p>Jak jsme ji\u017e zm\u00ednili, m\u011bste\u010dko <b>Cetinje<\/b> je\u00a0proslul\u00e9 sv\u00fdmi historick\u00fdmi pam\u00e1tkami. Aby\u00a0ne, Cetinje toti\u017e v\u00a0minulosti b\u00fdvalo hlavn\u00edm m\u011bstem. K\u00a0vid\u011bn\u00ed jsou proto nap\u0159. star\u00e9 budovy ambas\u00e1d, mauzoleum slavn\u00e9ho vl\u00e1dce Petra Petrovi\u0107e Njego\u0161a, Cetinjsk\u00fd kl\u00e1\u0161ter \u010di\u00a0Pal\u00e1c kr\u00e1le Nikoly I.<\/p>\n<h3>M\u011bsto Budva<\/h3>\n<p>Obl\u00edben\u00fdm m\u00edstem na\u00a0letn\u00ed rekreaci je\u00a0okol\u00ed m\u011bsta <b>Budva<\/b>. Budvansk\u00e1 rivi\u00e9ra pln\u00e1 p\u00edse\u010dn\u00fdch pl\u00e1\u017e\u00ed se\u00a0nach\u00e1z\u00ed na\u00a0pob\u0159e\u017e\u00ed Jadersk\u00e9ho mo\u0159e a\u00a0je\u00a0dlouh\u00e1 zhruba 25\u00a0km. Pr\u00e1v\u011b zde do\u0161lo v\u00a0posledn\u00edch letech k\u00a0v\u00fdstavb\u011b hotelov\u00e9 a\u00a0apartm\u00e1nov\u00e9 infrastruktury a\u00a0Budva se\u00a0tak\u00a0stala centrem turismu.<\/p>\n<p><img decoding=\"async\" src=\"https:\/\/storage.googleapis.com\/wp-resources\/srovnator.cz\/ng\/2024\/05\/dovolena-v-cerne-hore2-770x513.webp\" alt=\"Ve m\u011bst\u011b Budva se nach\u00e1zej\u00ed hotely a apartm\u00e1ny.\n\" width=\"770\" height=\"513\" class=\"alignnone size-medium wp-image-9493\" srcset=\"https:\/\/storage.googleapis.com\/wp-resources\/srovnator.cz\/ng\/2024\/05\/dovolena-v-cerne-hore2-770x513.webp 770w, https:\/\/storage.googleapis.com\/wp-resources\/srovnator.cz\/ng\/2024\/05\/dovolena-v-cerne-hore2-1700x1133.webp 1700w, https:\/\/storage.googleapis.com\/wp-resources\/srovnator.cz\/ng\/2024\/05\/dovolena-v-cerne-hore2.webp 1920w\" sizes=\"(max-width: 770px) 100vw, 770px\" \/><br \/>\n<span class=\"small d-block mb-3 text-center\">Ve\u00a0m\u011bst\u011b Budva se\u00a0nach\u00e1zej\u00ed hotely a\u00a0apartm\u00e1ny.<\/span><\/p>\n<h3>Hlavn\u00ed m\u011bsto Podgorica<\/h3>\n<p>Sou\u010dasn\u00e9 hlavn\u00ed m\u011bsto, <b>Podgorica, <\/b>bylo p\u016fvodn\u011b d\u016fle\u017eit\u00fdm obchodn\u00edm centrem. Osman\u00e9 z\u00a0n\u011bj ale pozd\u011bji vybudovali kamennou pevnost. Po\u00a0konci osmansk\u00e9 nadvl\u00e1dy m\u011bsto op\u011bt za\u010dalo vzkv\u00e9tat a\u00a0v\u00a0roce 1944 se\u00a0stalo hlavn\u00edm m\u011bstem. Mezi zaj\u00edmav\u00e9 pam\u011btihodnosti pat\u0159\u00ed Zimn\u00ed kr\u00e1lovsk\u00fd pal\u00e1c nebo skaln\u00ed m\u011bsto Skaline.<\/p>\n<p>Ne\u017e za\u010dnete pl\u00e1novat, co\u00a0v\u0161echno v\u00a0\u010cern\u00e9 Ho\u0159e prozkoum\u00e1te, sjednejte si <a href=\"https:\/\/www.srovnator.cz\/cestovni-pojisteni\/\">cestovn\u00ed poji\u0161t\u011bn\u00ed<\/a>. To\u00a0kryje nejen l\u00e9\u010debn\u00e9 v\u00fdlohy v\u00a0zahrani\u010d\u00ed, ale tak\u00e9 storno z\u00e1jezdu nebo ztr\u00e1tu zavazadel. Pro\u00a0jeho v\u00fdpo\u010det vyu\u017eijte na\u0161i <a href=\"https:\/\/www.srovnator.cz\/cestovni-pojisteni\/kalkulacka\/#kalkulacka\">kalkula\u010dku<\/a>.<\/p>\n<h2 data-context=\"Letenky do\u00a0\u010cern\u00e9 Hory\" id=\"toc-letenky-do-cerne-hory\">Letenky do\u00a0\u010cern\u00e9 Hory<\/h2>\n<p>Dobrou zpr\u00e1vou je, \u017ee\u00a0<b>cesta letadlem do\u00a0\u010cern\u00e9 Hory<\/b> trv\u00e1 jen\u00a0n\u011bco m\u00e1lo p\u0159es hodinu. Tou m\u00e9n\u011b dobrou je\u00a0potom fakt, \u017ee\u00a0p\u0159\u00edm\u00fdm letem se\u00a0z\u00a0\u010ceska do\u00a0\u010cern\u00e9 Hory nedostanete. Po\u010d\u00edtejte min. s\u00a0jedn\u00edm p\u0159estupem a\u00a06\u00a0hodinami letu v\u00a0z\u00e1vislosti na\u00a0dob\u011b mezip\u0159ist\u00e1n\u00ed.<\/p>\n<p>P\u0159\u00edmo se\u00a0do\u00a0Podgorici dostanete z\u00a0leti\u0161\u0165 ve\u00a0V\u00eddni \u010di\u00a0Berl\u00edn\u011b. Nejlevn\u011bj\u0161\u00ed letenky do\u00a0\u010cern\u00e9 Hory se\u017eenete zhruba za\u00a04\u00a0500\u00a0K\u010d.<\/p>\n<h2>Nej\u010dast\u011bji kladen\u00e9 ot\u00e1zky \u2013 FAQ<\/h2>\n<div class=\"accordion faq \" id=\"accon0\">\n    <div class=\"accordion-item\">\n        <h3 class=\"accordion-header \" id=\"head-20888\">\n            <button class=\"accordion-button align-items-start collapsed\" type=\"button\" data-bs-toggle=\"collapse\" data-bs-target=\"#item-5024\" aria-expanded=\"true\" aria-controls=\"item-5024\">\n            Kdy jet do \u010cern\u00e9 Hory?\n            <\/button>\n        <\/h3>\n        <div id=\"item-5024\" class=\"accordion-collapse collapse \" aria-labelledby=\"head-20888\" data-bs-parent=\"#accon0\">\n            <div class=\"accordion-body\">\n        Nejtepleji je\u00a0v\u00a0\u010cern\u00e9 Ho\u0159e od\u00a0\u010dervna do\u00a0p\u016flky z\u00e1\u0159\u00ed, kdy\u00a0se\u00a0pr\u016fm\u011brn\u00e9 teploty pohybuj\u00ed od\u00a023 do\u00a026 \u2103. Kr\u00e1snou dovolenou si u\u017eijete tak\u00e9 na\u00a0Azorsk\u00fdch ostrovech. O\u00a0nich jsme psali ji\u017e <a href='https:\/\/www.srovnator.cz\/clanky\/azorske-ostrovy-zaslouzi-si-prezdivku-havaj-evropy\/'>na\u00a0tomto m\u00edst\u011b<\/a>.<br \/>\n    <\/div>\n        <\/div>\n    <\/div>\n    <div class=\"accordion-item\">\n        <h3 class=\"accordion-header \" id=\"head-60352\">\n            <button class=\"accordion-button align-items-start collapsed\" type=\"button\" data-bs-toggle=\"collapse\" data-bs-target=\"#item-22378\" aria-expanded=\"true\" aria-controls=\"item-22378\">\n            Jak cestovat do \u010cern\u00e9 Hory?\n            <\/button>\n        <\/h3>\n        <div id=\"item-22378\" class=\"accordion-collapse collapse \" aria-labelledby=\"head-60352\" data-bs-parent=\"#accon0\">\n            <div class=\"accordion-body\">\n        Nejpohodln\u011bji se\u00a0do\u00a0\u010cern\u00e9 Hory dostanete letadlem, ide\u00e1ln\u011b p\u0159\u00edm\u00fdm letem z\u00a0V\u00eddn\u011b nebo Berl\u00edna. Ceny letenek do\u00a0\u010cern\u00e9 Hory za\u010d\u00ednaj\u00ed na\u00a0\u010d\u00e1stce 4\u00a0500\u00a0K\u010d. Nechce se\u00a0v\u00e1m cestovat nikam daleko? Inspirujte se\u00a0na\u0161imi tipy na\u00a0<a href='https:\/\/www.srovnator.cz\/clanky\/nejlepsi-wellness-pobyty-v-cr\/'>wellness pobyty v\u00a0\u010cesku<\/a>.<br \/>\n    <\/div>\n        <\/div>\n    <\/div>\n<\/div>\n","protected":false},"excerpt":{"rendered":"<p>Hled\u00e1te destinaci, kde budete moci obdivovat pam\u00e1tky a p\u0159\u00edrodn\u00ed kr\u00e1sy a kde za\u017eijete dobrodru\u017estv\u00ed? Pak se vydejte na dovolenou do \u010cern\u00e9 Hory.<\/p>\n","protected":false},"author":5,"featured_media":9495,"comment_status":"closed","ping_status":"open","sticky":false,"template":"","format":"standard","meta":{"_acf_changed":false,"footnotes":""},"categories":[8],"tags":[539,381,880],"class_list":["post-9491","post","type-post","status-publish","format-standard","has-post-thumbnail","hentry","category-cestovni-pojisteni","tag-cestovani","tag-dovolena","tag-zajimavosti"],"acf":{"znacka":"","model":"","objem":"","vyrobeno":"","vykon":"","velikost_1":"","velikost_2":"","velikost_3":"","velikost_4":"","roky":"","roky_velikost_1":"","roky_velikost_2":"","roky_velikost_3":"","roky_velikost_4":"","pocet_kalkulaci":0,"page_post_meta_bread":"","page_post_meta_bread_child":"","page_post_meta_script_head":"<script type=\"application\/ld+json\">\r\n    {\r\n        \"@context\": \"https:\/\/schema.org\",\r\n        \"@type\": \"FAQPage\",\r\n        \"mainEntity\": [{\r\n            \"@type\": \"Question\",\r\n            \"name\": \"Kdy jet do\u00a0\u010cern\u00e9 Hory?\",\r\n            \"acceptedAnswer\": {\r\n                \"@type\": \"Answer\",\r\n                \"text\": \"Nejtepleji je\u00a0v\u00a0\u010cern\u00e9 Ho\u0159e od\u00a0\u010dervna do\u00a0p\u016flky z\u00e1\u0159\u00ed, kdy\u00a0se\u00a0pr\u016fm\u011brn\u00e9 teploty pohybuj\u00ed od\u00a023 do\u00a026 \u2103. Kr\u00e1snou dovolenou si u\u017eijete tak\u00e9 na\u00a0Azorsk\u00fdch ostrovech. O\u00a0nich jsme psali ji\u017e <a href='https:\/\/www.srovnator.cz\/clanky\/azorske-ostrovy-zaslouzi-si-prezdivku-havaj-evropy\/'>na\u00a0tomto m\u00edst\u011b<\/a>.\"\r\n                }\r\n            }, {\r\n            \"@type\": \"Question\",\r\n            \"name\": \"Jak cestovat do\u00a0\u010cern\u00e9 Hory?\",\r\n            \"acceptedAnswer\": {\r\n                \"@type\": \"Answer\",\r\n                \"text\": \"Nejpohodln\u011bji se\u00a0do\u00a0\u010cern\u00e9 Hory dostanete letadlem, ide\u00e1ln\u011b p\u0159\u00edm\u00fdm letem z\u00a0V\u00eddn\u011b nebo Berl\u00edna. Ceny letenek do\u00a0\u010cern\u00e9 Hory za\u010d\u00ednaj\u00ed na\u00a0\u010d\u00e1stce 4\u00a0500\u00a0K\u010d. Nechce se\u00a0v\u00e1m cestovat nikam daleko? Inspirujte se\u00a0na\u0161imi tipy na\u00a0<a href='https:\/\/www.srovnator.cz\/clanky\/nejlepsi-wellness-pobyty-v-cr\/'>wellness pobyty v\u00a0\u010cesku<\/a>.\"\r\n                }\r\n            }\r\n        ]\r\n    }\r\n<\/script>","page_post_meta_leaving_screen":"cat"},"yoast_head":"<!-- This site is optimized with the Yoast SEO plugin v25.5 - https:\/\/yoast.com\/wordpress\/plugins\/seo\/ -->\n<title>Dovolen\u00e1 v \u010cern\u00e9 Ho\u0159e - Srovn\u00e1tor.cz<\/title>\n<meta name=\"description\" content=\"Hled\u00e1te destinaci, kde budete moci obdivovat pam\u00e1tky a p\u0159\u00edrodn\u00ed kr\u00e1sy a kde za\u017eijete dobrodru\u017estv\u00ed? Pak se vydejte na dovolenou do \u010cern\u00e9 Hory.\" \/>\n<meta name=\"robots\" content=\"index, follow, max-snippet:-1, max-image-preview:large, max-video-preview:-1\" \/>\n<link rel=\"canonical\" href=\"https:\/\/www.srovnator.cz\/clanky\/dovolena-v-cerne-hore-je-skvelym-zazitkem\/\" \/>\n<meta property=\"og:locale\" content=\"cs_CZ\" \/>\n<meta property=\"og:type\" content=\"article\" \/>\n<meta property=\"og:title\" content=\"Dovolen\u00e1 v \u010cern\u00e9 Ho\u0159e - Srovn\u00e1tor.cz\" \/>\n<meta property=\"og:description\" content=\"Hled\u00e1te destinaci, kde budete moci obdivovat pam\u00e1tky a p\u0159\u00edrodn\u00ed kr\u00e1sy a kde za\u017eijete dobrodru\u017estv\u00ed? Pak se vydejte na dovolenou do \u010cern\u00e9 Hory.\" \/>\n<meta property=\"og:url\" content=\"https:\/\/www.srovnator.cz\/clanky\/dovolena-v-cerne-hore-je-skvelym-zazitkem\/\" \/>\n<meta property=\"og:site_name\" content=\"Srovn\u00e1tor.cz\" \/>\n<meta property=\"article:publisher\" content=\"https:\/\/www.facebook.com\/srovnator\/\" \/>\n<meta property=\"article:published_time\" content=\"2024-05-01T11:37:22+00:00\" \/>\n<meta property=\"article:modified_time\" content=\"2024-06-24T05:45:06+00:00\" \/>\n<meta property=\"og:image\" content=\"https:\/\/storage.googleapis.com\/wp-resources\/srovnator.cz\/ng\/2024\/05\/dovolena-v-cerne-hore4.webp\" \/>\n\t<meta property=\"og:image:width\" content=\"1920\" \/>\n\t<meta property=\"og:image:height\" content=\"1280\" \/>\n\t<meta property=\"og:image:type\" content=\"image\/webp\" \/>\n<meta name=\"author\" content=\"Martin Dane\u0161\" \/>\n<meta name=\"twitter:card\" content=\"summary_large_image\" \/>\n<meta name=\"twitter:creator\" content=\"@Srovnator_czech\" \/>\n<meta name=\"twitter:site\" content=\"@Srovnator_czech\" \/>\n<meta name=\"twitter:label1\" content=\"Written by\" \/>\n\t<meta name=\"twitter:data1\" content=\"Martin Dane\u0161\" \/>\n\t<meta name=\"twitter:label2\" content=\"Est. reading time\" \/>\n\t<meta name=\"twitter:data2\" content=\"6 minutes\" \/>\n<script type=\"application\/ld+json\" class=\"yoast-schema-graph\">{\"@context\":\"https:\/\/schema.org\",\"@graph\":[{\"@type\":\"WebPage\",\"@id\":\"https:\/\/www.srovnator.cz\/clanky\/dovolena-v-cerne-hore-je-skvelym-zazitkem\/\",\"url\":\"https:\/\/www.srovnator.cz\/clanky\/dovolena-v-cerne-hore-je-skvelym-zazitkem\/\",\"name\":\"Dovolen\u00e1 v \u010cern\u00e9 Ho\u0159e - Srovn\u00e1tor.cz\",\"isPartOf\":{\"@id\":\"https:\/\/www.srovnator.cz\/#website\"},\"primaryImageOfPage\":{\"@id\":\"https:\/\/www.srovnator.cz\/clanky\/dovolena-v-cerne-hore-je-skvelym-zazitkem\/#primaryimage\"},\"image\":{\"@id\":\"https:\/\/www.srovnator.cz\/clanky\/dovolena-v-cerne-hore-je-skvelym-zazitkem\/#primaryimage\"},\"thumbnailUrl\":\"https:\/\/storage.googleapis.com\/wp-resources\/srovnator.cz\/ng\/2024\/05\/dovolena-v-cerne-hore4.webp\",\"datePublished\":\"2024-05-01T11:37:22+00:00\",\"dateModified\":\"2024-06-24T05:45:06+00:00\",\"author\":{\"@id\":\"https:\/\/www.srovnator.cz\/#\/schema\/person\/46d10e971bff43faa91c35835126aa3b\"},\"description\":\"Hled\u00e1te destinaci, kde budete moci obdivovat pam\u00e1tky a p\u0159\u00edrodn\u00ed kr\u00e1sy a kde za\u017eijete dobrodru\u017estv\u00ed? Pak se vydejte na dovolenou do \u010cern\u00e9 Hory.\",\"inLanguage\":\"cs-CZ\",\"potentialAction\":[{\"@type\":\"ReadAction\",\"target\":[\"https:\/\/www.srovnator.cz\/clanky\/dovolena-v-cerne-hore-je-skvelym-zazitkem\/\"]}]},{\"@type\":\"ImageObject\",\"inLanguage\":\"cs-CZ\",\"@id\":\"https:\/\/www.srovnator.cz\/clanky\/dovolena-v-cerne-hore-je-skvelym-zazitkem\/#primaryimage\",\"url\":\"https:\/\/storage.googleapis.com\/wp-resources\/srovnator.cz\/ng\/2024\/05\/dovolena-v-cerne-hore4.webp\",\"contentUrl\":\"https:\/\/storage.googleapis.com\/wp-resources\/srovnator.cz\/ng\/2024\/05\/dovolena-v-cerne-hore4.webp\",\"width\":1920,\"height\":1280,\"caption\":\"Dovolen\u00e1 v \u010cern\u00e9 Ho\u0159e\"},{\"@type\":\"WebSite\",\"@id\":\"https:\/\/www.srovnator.cz\/#website\",\"url\":\"https:\/\/www.srovnator.cz\/\",\"name\":\"Srovn\u00e1tor.cz\",\"description\":\"\",\"potentialAction\":[{\"@type\":\"SearchAction\",\"target\":{\"@type\":\"EntryPoint\",\"urlTemplate\":\"https:\/\/www.srovnator.cz\/?s={search_term_string}\"},\"query-input\":{\"@type\":\"PropertyValueSpecification\",\"valueRequired\":true,\"valueName\":\"search_term_string\"}}],\"inLanguage\":\"cs-CZ\"},{\"@type\":\"Person\",\"@id\":\"https:\/\/www.srovnator.cz\/#\/schema\/person\/46d10e971bff43faa91c35835126aa3b\",\"name\":\"Martin Dane\u0161\",\"image\":{\"@type\":\"ImageObject\",\"inLanguage\":\"cs-CZ\",\"@id\":\"https:\/\/www.srovnator.cz\/#\/schema\/person\/image\/\",\"url\":\"https:\/\/secure.gravatar.com\/avatar\/5cac60568def8a68791e2b771a3394888cf55828e445636dfc99f7ccd1e1d1b8?s=96&d=mm&r=g\",\"contentUrl\":\"https:\/\/secure.gravatar.com\/avatar\/5cac60568def8a68791e2b771a3394888cf55828e445636dfc99f7ccd1e1d1b8?s=96&d=mm&r=g\",\"caption\":\"Martin Dane\u0161\"},\"description\":\"Jsem Martin Dane\u0161, obchodn\u00ed \u0159editel Srovn\u00e1tor.cz. Na\u0161\u00edm c\u00edlem je naj\u00edt pro v\u00e1s v\u017edy to nejvhodn\u011bj\u0161\u00ed poji\u0161t\u011bn\u00ed dle va\u0161ich pot\u0159eb. D\u00edky \u0161irok\u00e9mu portfoliu produkt\u016f od v\u0161ech v\u00fdznamn\u00fdch poji\u0161\u0165oven v\u00e1m dok\u00e1\u017eeme poskytnout \u0159e\u0161en\u00ed odpov\u00eddaj\u00edc\u00ed va\u0161im p\u0159edstav\u00e1m. Kdy\u017e budete m\u00edt jak\u00fdkoliv produktov\u00fd dotaz, nev\u00e1hejte se na n\u00e1s obr\u00e1tit na info@srovnator.cz\",\"url\":\"https:\/\/www.srovnator.cz\/autori\/martin-danes\/\"}]}<\/script>\n<!-- \/ Yoast SEO plugin. -->","yoast_head_json":{"title":"Dovolen\u00e1 v \u010cern\u00e9 Ho\u0159e - Srovn\u00e1tor.cz","description":"Hled\u00e1te destinaci, kde budete moci obdivovat pam\u00e1tky a p\u0159\u00edrodn\u00ed kr\u00e1sy a kde za\u017eijete dobrodru\u017estv\u00ed? Pak se vydejte na dovolenou do \u010cern\u00e9 Hory.","robots":{"index":"index","follow":"follow","max-snippet":"max-snippet:-1","max-image-preview":"max-image-preview:large","max-video-preview":"max-video-preview:-1"},"canonical":"https:\/\/www.srovnator.cz\/clanky\/dovolena-v-cerne-hore-je-skvelym-zazitkem\/","og_locale":"cs_CZ","og_type":"article","og_title":"Dovolen\u00e1 v \u010cern\u00e9 Ho\u0159e - Srovn\u00e1tor.cz","og_description":"Hled\u00e1te destinaci, kde budete moci obdivovat pam\u00e1tky a p\u0159\u00edrodn\u00ed kr\u00e1sy a kde za\u017eijete dobrodru\u017estv\u00ed? Pak se vydejte na dovolenou do \u010cern\u00e9 Hory.","og_url":"https:\/\/www.srovnator.cz\/clanky\/dovolena-v-cerne-hore-je-skvelym-zazitkem\/","og_site_name":"Srovn\u00e1tor.cz","article_publisher":"https:\/\/www.facebook.com\/srovnator\/","article_published_time":"2024-05-01T11:37:22+00:00","article_modified_time":"2024-06-24T05:45:06+00:00","og_image":[{"width":1920,"height":1280,"url":"https:\/\/storage.googleapis.com\/wp-resources\/srovnator.cz\/ng\/2024\/05\/dovolena-v-cerne-hore4.webp","type":"image\/webp"}],"author":"Martin Dane\u0161","twitter_card":"summary_large_image","twitter_creator":"@Srovnator_czech","twitter_site":"@Srovnator_czech","twitter_misc":{"Written by":"Martin Dane\u0161","Est. reading time":"6 minutes"},"schema":{"@context":"https:\/\/schema.org","@graph":[{"@type":"WebPage","@id":"https:\/\/www.srovnator.cz\/clanky\/dovolena-v-cerne-hore-je-skvelym-zazitkem\/","url":"https:\/\/www.srovnator.cz\/clanky\/dovolena-v-cerne-hore-je-skvelym-zazitkem\/","name":"Dovolen\u00e1 v \u010cern\u00e9 Ho\u0159e - Srovn\u00e1tor.cz","isPartOf":{"@id":"https:\/\/www.srovnator.cz\/#website"},"primaryImageOfPage":{"@id":"https:\/\/www.srovnator.cz\/clanky\/dovolena-v-cerne-hore-je-skvelym-zazitkem\/#primaryimage"},"image":{"@id":"https:\/\/www.srovnator.cz\/clanky\/dovolena-v-cerne-hore-je-skvelym-zazitkem\/#primaryimage"},"thumbnailUrl":"https:\/\/storage.googleapis.com\/wp-resources\/srovnator.cz\/ng\/2024\/05\/dovolena-v-cerne-hore4.webp","datePublished":"2024-05-01T11:37:22+00:00","dateModified":"2024-06-24T05:45:06+00:00","author":{"@id":"https:\/\/www.srovnator.cz\/#\/schema\/person\/46d10e971bff43faa91c35835126aa3b"},"description":"Hled\u00e1te destinaci, kde budete moci obdivovat pam\u00e1tky a p\u0159\u00edrodn\u00ed kr\u00e1sy a kde za\u017eijete dobrodru\u017estv\u00ed? Pak se vydejte na dovolenou do \u010cern\u00e9 Hory.","inLanguage":"cs-CZ","potentialAction":[{"@type":"ReadAction","target":["https:\/\/www.srovnator.cz\/clanky\/dovolena-v-cerne-hore-je-skvelym-zazitkem\/"]}]},{"@type":"ImageObject","inLanguage":"cs-CZ","@id":"https:\/\/www.srovnator.cz\/clanky\/dovolena-v-cerne-hore-je-skvelym-zazitkem\/#primaryimage","url":"https:\/\/storage.googleapis.com\/wp-resources\/srovnator.cz\/ng\/2024\/05\/dovolena-v-cerne-hore4.webp","contentUrl":"https:\/\/storage.googleapis.com\/wp-resources\/srovnator.cz\/ng\/2024\/05\/dovolena-v-cerne-hore4.webp","width":1920,"height":1280,"caption":"Dovolen\u00e1 v \u010cern\u00e9 Ho\u0159e"},{"@type":"WebSite","@id":"https:\/\/www.srovnator.cz\/#website","url":"https:\/\/www.srovnator.cz\/","name":"Srovn\u00e1tor.cz","description":"","potentialAction":[{"@type":"SearchAction","target":{"@type":"EntryPoint","urlTemplate":"https:\/\/www.srovnator.cz\/?s={search_term_string}"},"query-input":{"@type":"PropertyValueSpecification","valueRequired":true,"valueName":"search_term_string"}}],"inLanguage":"cs-CZ"},{"@type":"Person","@id":"https:\/\/www.srovnator.cz\/#\/schema\/person\/46d10e971bff43faa91c35835126aa3b","name":"Martin Dane\u0161","image":{"@type":"ImageObject","inLanguage":"cs-CZ","@id":"https:\/\/www.srovnator.cz\/#\/schema\/person\/image\/","url":"https:\/\/secure.gravatar.com\/avatar\/5cac60568def8a68791e2b771a3394888cf55828e445636dfc99f7ccd1e1d1b8?s=96&d=mm&r=g","contentUrl":"https:\/\/secure.gravatar.com\/avatar\/5cac60568def8a68791e2b771a3394888cf55828e445636dfc99f7ccd1e1d1b8?s=96&d=mm&r=g","caption":"Martin Dane\u0161"},"description":"Jsem Martin Dane\u0161, obchodn\u00ed \u0159editel Srovn\u00e1tor.cz. Na\u0161\u00edm c\u00edlem je naj\u00edt pro v\u00e1s v\u017edy to nejvhodn\u011bj\u0161\u00ed poji\u0161t\u011bn\u00ed dle va\u0161ich pot\u0159eb. D\u00edky \u0161irok\u00e9mu portfoliu produkt\u016f od v\u0161ech v\u00fdznamn\u00fdch poji\u0161\u0165oven v\u00e1m dok\u00e1\u017eeme poskytnout \u0159e\u0161en\u00ed odpov\u00eddaj\u00edc\u00ed va\u0161im p\u0159edstav\u00e1m. Kdy\u017e budete m\u00edt jak\u00fdkoliv produktov\u00fd dotaz, nev\u00e1hejte se na n\u00e1s obr\u00e1tit na info@srovnator.cz","url":"https:\/\/www.srovnator.cz\/autori\/martin-danes\/"}]}},"amp_enabled":true,"_links":{"self":[{"href":"https:\/\/www.srovnator.cz\/rest_api\/wp\/v2\/posts\/9491","targetHints":{"allow":["GET"]}}],"collection":[{"href":"https:\/\/www.srovnator.cz\/rest_api\/wp\/v2\/posts"}],"about":[{"href":"https:\/\/www.srovnator.cz\/rest_api\/wp\/v2\/types\/post"}],"author":[{"embeddable":true,"href":"https:\/\/www.srovnator.cz\/rest_api\/wp\/v2\/users\/5"}],"replies":[{"embeddable":true,"href":"https:\/\/www.srovnator.cz\/rest_api\/wp\/v2\/comments?post=9491"}],"version-history":[{"count":3,"href":"https:\/\/www.srovnator.cz\/rest_api\/wp\/v2\/posts\/9491\/revisions"}],"predecessor-version":[{"id":9498,"href":"https:\/\/www.srovnator.cz\/rest_api\/wp\/v2\/posts\/9491\/revisions\/9498"}],"wp:featuredmedia":[{"embeddable":true,"href":"https:\/\/www.srovnator.cz\/rest_api\/wp\/v2\/media\/9495"}],"wp:attachment":[{"href":"https:\/\/www.srovnator.cz\/rest_api\/wp\/v2\/media?parent=9491"}],"wp:term":[{"taxonomy":"category","embeddable":true,"href":"https:\/\/www.srovnator.cz\/rest_api\/wp\/v2\/categories?post=9491"},{"taxonomy":"post_tag","embeddable":true,"href":"https:\/\/www.srovnator.cz\/rest_api\/wp\/v2\/tags?post=9491"}],"curies":[{"name":"wp","href":"https:\/\/api.w.org\/{rel}","templated":true}]}}